{"id":16341,"date":"2017-09-26T09:27:50","date_gmt":"2017-09-26T08:27:50","guid":{"rendered":"http:\/\/www.info-algerie.com\/actualites\/les-membres-du-cn-expriment-leur-soutien-a-la-poursuite-du-processus-de-reconciliation-nationale-et-appellent-a-la-prise-en-charge-laspect-social\/"},"modified":"2017-09-26T09:27:50","modified_gmt":"2017-09-26T08:27:50","slug":"les-membres-du-cn-expriment-leur-soutien-a-la-poursuite-du-processus-de-reconciliation-nationale-et-appellent-a-la-prise-en-charge-laspect-social","status":"publish","type":"post","link":"https:\/\/www.info-algerie.com\/actualites\/les-membres-du-cn-expriment-leur-soutien-a-la-poursuite-du-processus-de-reconciliation-nationale-et-appellent-a-la-prise-en-charge-laspect-social\/","title":{"rendered":"Les membres du CN expriment leur soutien \u00e0 la poursuite du processus de r\u00e9conciliation nationale et appellent \u00e0 la prise en charge l&#039;aspect social"},"content":{"rendered":"<div class=\"K2FeedImage\"><img decoding=\"async\" src=\"https:\/\/www.info-algerie.com\/actualites\/wp-content\/uploads\/2017\/09\/85f0e663b2e7dc404553a56a293d14c7_S.jpg\" alt=\"Les membres du CN expriment leur soutien &#xE0; la poursuite du processus de r&#xE9;conciliation nationale et appellent &#xE0; la prise en charge l'aspect social\" \/><\/div>\n<div class=\"K2FeedIntroText\">\n<p class=\"MsoNormal\">ALGER-Les membres du Conseil de la nation ont mis l\u2019accent, lundi \u00e0 Alger, au cours de leur <a href=\"http:\/\/www.aps.dz\/algerie\/63215-ouyahia-entame-la-presentation-du-plan-d-action-du-gouvernement-devant-le-conseil-de-la-nation\"><strong>d\u00e9bat du Plan d\u2019action<\/strong> <\/a>du gouvernement, sur leur soutien \u00e0 la poursuite du processus de\u00a0 <a href=\"http:\/\/www.aps.dz\/algerie\/63227-plan-d-action-le-gouvernement-attache-a-l-application-de-la-charte-pour-la-paix-et-la-reconciliation-nationale\"><strong>R\u00e9conciliation nationale<\/strong><\/a>, de la lutte contre le terrorisme et contre la criminalit\u00e9 sous toutes ses formes, ainsi que sur la n\u00e9cessit\u00e9 d&rsquo;accorder de l\u2019int\u00e9r\u00eat \u00e0 l\u2019aspect social, notamment dans les r\u00e9gions enclav\u00e9es.\u00a0<\/p>\n<p>&#013;\n<\/p><\/div>\n<div class=\"K2FeedFullText\">&#013;<\/p>\n<p>A ce propos, Abdel Tahar Kellil, du Rassemblement national d\u00e9mocratique (RND), a exprim\u00e9 lors de la pl\u00e9ni\u00e8re pr\u00e9sid\u00e9e par Abdelkader Bensalah, pr\u00e9sident du Conseil de la nation, et \u00e0 laquelle ont pris part le Premier ministre, Ahmed Ouyahia\u00a0 et un nombre de ministres, son soutien \u00e0 la poursuite du processus de r\u00e9conciliation nationale, de la lutte contre le terrorisme et la contrebande , saluant\u00a0 par l\u00e0 m\u00eame, le r\u00f4le de l\u2019Arm\u00e9e nationale populaire (ANP) et de divers corps de s\u00e9curit\u00e9 dans la lutte\u00a0 contre le terrorisme et les activit\u00e9s de contrebande qui frappent\u00a0 l\u2019\u00e9conomie nationale.\u00a0<\/p>\n<p>&#013;<\/p>\n<p>Pour sa part, le membre du Conseil de la nation, Ali Djerb\u00e2a (RND), a valoris\u00e9 le langage de franchise et d\u2019objectivit\u00e9 contenu dans le Plan d\u2019action du gouvernement, appelant \u00e0 la n\u00e9cessit\u00e9 de trouver des solutions efficaces pour sauver le pays de la crise \u00e9conomique et financi\u00e8re.\u00a0<\/p>\n<p>&#013;<\/p>\n<p>L\u2019intervenant a estim\u00e9 que les mesures contenues dans le Plan d\u2019action du gouvernement,en terme de l&rsquo;aspect social,<\/p>\n<p>&#013;<\/p>\n<blockquote><p>&#013;<\/p>\n<p><em><strong>\u00a0\u00bb sont extr\u00eamement importantes, notamment pour le secteur de la solidarit\u00e9 nationale qu\u2019il a qualifi\u00e9 de\u00a0 \u00ab\u00a0strat\u00e9gique , appelant \u00e0 la n\u00e9cessit\u00e9 de soutenir ce secteur avec des\u00a0 programmes sp\u00e9cialis\u00e9s.\u00a0L\u2019intervenant a \u00e9galement salu\u00e9 le r\u00f4le jou\u00e9 par le secteur de la justice, notamment le secteur p\u00e9nitencier \u00e0 travers le respect du droit et de la dignit\u00e9 du d\u00e9tenu, appelant \u00e0 la n\u00e9cessit\u00e9 d\u2019 \u00ab\u00a0int\u00e9grer les d\u00e9tenus socialement \u00e0 travers l\u2019emploi de d\u00e9tenus dans le domaine de l\u2019agriculture\u00a0dans la perspective de devenir propri\u00e9taires des terres \u00e0 l\u2019expiration de leur peine\u00a0\u00bb .\u00a0<\/strong><\/em><\/p>\n<p>&#013;\n<\/p><\/blockquote>\n<p>&#013;<\/p>\n<p>Le m\u00eame membre a \u00e9galement appel\u00e9 \u00e0 lever le gel sur certains projets \u00e0 caract\u00e8re social, notamment dans les secteurs de l\u2019\u00e9ducation et de la sant\u00e9.\u00a0<\/p>\n<p>&#013;<\/p>\n<p>Pour sa part, le membre du RND, Mohamed Khalifa, a fait part de sa satisfaction quant au contenu du Plan d\u2019action du gouvernement, appelant \u00e0 la n\u00e9cessit\u00e9 de pr\u00e9server la s\u00e9curit\u00e9 et la stabilit\u00e9 du pays, \u00e9radiquer la pens\u00e9e extr\u00e9miste qui nourrit le terrorisme , respecter les libert\u00e9s individuelles et collectives, poursuivre la lutte contre tous les fl\u00e9aux sociaux, soutenir la d\u00e9mocratie et concr\u00e9tiser le principe du contr\u00f4le populaire du gouvernement\u00a0\u00a0 .\u00a0<\/p>\n<p>&#013;<\/p>\n<p>L\u2019intervenant a accord\u00e9 un int\u00e9r\u00eat particulier au secteur de l&rsquo;information, en appelant \u00e0<\/p>\n<p>&#013;<\/p>\n<blockquote><p>&#013;<\/p>\n<p><em><strong> la n\u00e9cessit\u00e9 de r\u00e9activer l\u2019Autorit\u00e9 de r\u00e9gulation de l\u2019audiovisuel (ARAV) et de fournir \u00e0 cette derni\u00e8re les\u00a0 moyens n\u00e9cessaires.\u00a0 <\/strong><\/em><\/p>\n<p>&#013;\n<\/p><\/blockquote>\n<p>&#013;<\/p>\n<p>Le membre du Conseil de la nation, Abdelkader Mekhloua, a relev\u00e9 les difficult\u00e9s auxquelles sont confront\u00e9s les hadjis , appelant \u00e0 la n\u00e9cessit\u00e9 de rattacher l\u2019Office national du hadji et de la Omra (ONHO) \u00e0 un autre minist\u00e8re \u00ab\u00a0plus comp\u00e9tent que son pr\u00e9d\u00e9cesseur, a-t-il dit.\u00a0\u00a0\u00a0\u00a0\u00a0\u00a0<\/p>\n<p>&#013;<\/p>\n<p>Les membres du Conseil de la Nation appartenant au Front de lib\u00e9ration national (FLN) ont mis en avant, de leur c\u00f4t\u00e9, l&rsquo;importance de pr\u00e9server les acquis r\u00e9alis\u00e9s et d&rsquo;\u00eatre constamment \u00e0 l&rsquo;\u00e9coute des pr\u00e9occupations soulev\u00e9es par les citoyens, notamment dans le domaine de la sant\u00e9 et de la\u00a0lutte contre la corruption -selon le membre Mohamed Kaissaoui- qui a appel\u00e9 \u00e0 faire barrage aux corrompus souhaitant participer aux prochaines \u00e9lections locales, avant de relever que la lutte contre la corruption n\u00e9cessitait \u00ab\u00a0des actions et non des paroles\u00a0\u00bb.\u00a0<\/p>\n<p>&#013;<\/p>\n<p>Dans le m\u00eame contexte, le moudjahid et dirigeant au sein du FLN, Salah Goudjil a indiqu\u00e9 que la crise qui secouait l&rsquo;Alg\u00e9rie n&rsquo;\u00e9tait pas la premi\u00e8re du genre, rappelant la p\u00e9riode post coloniale o\u00f9 le gouvernement devait relever avec un Tr\u00e9sor \u00ab\u00a0vide\u00a0\u00bb plusieurs d\u00e9fis, notamment procurer l&rsquo;eau et l&rsquo;\u00e9lectricit\u00e9 aux citoyens, garantir la rentr\u00e9e scolaire, en sus d&rsquo;une crise politique marqu\u00e9e par des diff\u00e9rends plus dangereux que \u00ab\u00a0ceux existants aujourd&rsquo;hui\u00a0\u00bb.\u00a0<\/p>\n<p>&#013;<\/p>\n<p>Il fallait pour faire face \u00e0 cette crise, poursuit M. Koudjil, placer<\/p>\n<p>&#013;<\/p>\n<blockquote><p>&#013;<\/p>\n<p><em><strong> \u00ab\u00a0l&rsquo;Alg\u00e9rie au dessus de toute consid\u00e9ration\u00a0\u00bb et les politiciens de cette \u00e9poque avaient pour seul objectif la \u00ab\u00a0pr\u00e9servation de l&rsquo;ind\u00e9pendance de l&rsquo;Alg\u00e9rie et la souverainet\u00e9 de ses d\u00e9cisions\u00a0\u00bb.\u00a0 <\/strong><\/em><\/p>\n<p>&#013;\n<\/p><\/blockquote>\n<p>&#013;<\/p>\n<p>\u00a0Le m\u00eame s\u00e9nateur a salu\u00e9 la d\u00e9cision \u00e9clair\u00e9e du pr\u00e9sident de la R\u00e9publique tendant \u00e0 interdire le recours \u00e0 l&rsquo;endettement ext\u00e9rieur, avant de plaider pour l&rsquo;interdiction de porter atteinte aux institutions de l&rsquo;Etat qui sont -a-t-il dit- une \u00ab\u00a0ligne rouge\u00a0\u00bb \u00e0 ne pas franchir.\u00a0<\/p>\n<p>&#013;<\/p>\n<p>A leur tour, les s\u00e9nateurs relevant du tiers pr\u00e9sidentiel ont salu\u00e9 le processus de r\u00e9conciliation nationale, \u00e0 l&rsquo;image du s\u00e9nateur Mohamed El Oued qui a affirm\u00e9 que<\/p>\n<p>&#013;<\/p>\n<blockquote><p>&#013;<\/p>\n<p><em><strong>\u00ab\u00a0c&rsquo;est gr\u00e2ce \u00e0 la r\u00e9conciliation nationale et aux sacrifices consenties par l&rsquo;Arm\u00e9e nationale populaire (ANP) que l&rsquo;Alg\u00e9rie figure actuellement parmi les pays les plus s\u00fbre au monde\u00a0\u00bb, avant d&rsquo;appeler \u00e0 la n\u00e9cessit\u00e9 de faire preuve de vigilance face aux dangers qui guette l&rsquo;Alg\u00e9rie, tout en relevant l&rsquo;imp\u00e9ratif de d\u00e9senclaver les r\u00e9gions frontali\u00e8res et de lutter contre le ch\u00f4mage afin de prot\u00e9ger les jeunes de ces zones des fl\u00e9aux sociaux.\u00a0 <\/strong><\/em><\/p>\n<p>&#013;\n<\/p><\/blockquote>\n<p>&#013;<\/p>\n<p>Lila Brahimi du tiers pr\u00e9sidentiel a mis en avant, quant \u00e0 elle, l&rsquo;importance de renforcer l&rsquo;Etat de droit, se f\u00e9licitant de la constitutionnalisation du Conseil national des droits de l&rsquo;Homme, avant \u00a0d&rsquo;appeler \u00e0 la r\u00e9vision de certains volets du Code de la famille afin de garantir les droits des femmes.\u00a0\u00a0A noter que le conseil de la Nation a programm\u00e9 64 interventions orales et \u00e9crites pour la journ\u00e9e du lundi.\u00a0<\/p>\n<p>&#013;<\/p>\n<p>Le d\u00e9bat autour du Plan d&rsquo;action se poursuivra mardi avec les interventions des chefs des groupes parlementaires alors que les r\u00e9ponses du Premier ministre auront lieu mercredi.<\/p>\n<p>&#013;<\/p>\n<p>\u00a0<\/p>\n<p>&#013;<\/p>\n<p>\u00a0<\/p>\n<\/div>\n<p>&#013;<br \/>\nSource: <a href=\"http:\/\/www.aps.dz\/algerie\/63255-les-membres-du-cn-expriment-leur-soutien-a-la-poursuite-du-processus-de-reconciliation-nationale-et-appellent-a-la-prise-en-charge-l-aspect-social\" target=\"_blank\">Les membres du CN expriment leur soutien \u00e0 la poursuite du processus de r\u00e9conciliation nationale et appellent \u00e0 la prise en charge l&rsquo;aspect social<\/a><\/p>\n<!--CusAds0-->\n<div style=\"font-size: 0px; height: 0px; line-height: 0px; margin: 0; padding: 0; clear: both;\"><\/div>","protected":false},"excerpt":{"rendered":"<p>ALGER-Les membres du Conseil de la nation ont mis l\u2019accent, lundi \u00e0 Alger, au cours de leur d\u00e9bat du Plan d\u2019action du gouvernement, sur leur soutien \u00e0 la poursuite du processus de\u00a0 R\u00e9conciliation nationale, de la lutte contre le terrorisme et contre la criminalit\u00e9 sous toutes ses formes, ainsi que sur la n\u00e9cessit\u00e9 d&rsquo;accorder de<\/p>\n","protected":false},"author":6,"featured_media":16342,"comment_status":"open","ping_status":"open","sticky":false,"template":"","format":"standard","meta":{"footnotes":""},"categories":[22],"tags":[93],"class_list":["post-16341","post","type-post","status-publish","format-standard","has-post-thumbnail","hentry","category-infos","tag-onu"],"yoast_head":"<!-- This site is optimized with the Yoast SEO plugin v27.5 - https:\/\/yoast.com\/product\/yoast-seo-wordpress\/ -->\n<title>Les membres du CN expriment leur soutien \u00e0 la poursuite du processus de r\u00e9conciliation nationale et appellent \u00e0 la prise en charge l&#039;aspect social - info algerie<\/title>\n<meta name=\"robots\" content=\"index, follow, max-snippet:-1, max-image-preview:large, max-video-preview:-1\" \/>\n<link rel=\"canonical\" href=\"https:\/\/www.info-algerie.com\/actualites\/les-membres-du-cn-expriment-leur-soutien-a-la-poursuite-du-processus-de-reconciliation-nationale-et-appellent-a-la-prise-en-charge-laspect-social\/\" \/>\n<meta property=\"og:locale\" content=\"fr_FR\" \/>\n<meta property=\"og:type\" content=\"article\" \/>\n<meta property=\"og:title\" content=\"Les membres du CN expriment leur soutien \u00e0 la poursuite du processus de r\u00e9conciliation nationale et appellent \u00e0 la prise en charge l&#039;aspect social - info algerie\" \/>\n<meta property=\"og:description\" content=\"ALGER-Les membres du Conseil de la nation ont mis l\u2019accent, lundi \u00e0 Alger, au cours de leur d\u00e9bat du Plan d\u2019action du gouvernement, sur leur soutien \u00e0 la poursuite du processus de\u00a0 R\u00e9conciliation nationale, de la lutte contre le terrorisme et contre la criminalit\u00e9 sous toutes ses formes, ainsi que sur la n\u00e9cessit\u00e9 d&rsquo;accorder de\" \/>\n<meta property=\"og:url\" content=\"https:\/\/www.info-algerie.com\/actualites\/les-membres-du-cn-expriment-leur-soutien-a-la-poursuite-du-processus-de-reconciliation-nationale-et-appellent-a-la-prise-en-charge-laspect-social\/\" \/>\n<meta property=\"og:site_name\" content=\"info algerie\" \/>\n<meta property=\"article:publisher\" content=\"https:\/\/www.facebook.com\/infoalgerieactu\" \/>\n<meta property=\"article:published_time\" content=\"2017-09-26T08:27:50+00:00\" \/>\n<meta property=\"og:image\" content=\"https:\/\/www.info-algerie.com\/actualites\/wp-content\/uploads\/2017\/09\/85f0e663b2e7dc404553a56a293d14c7_S-1.jpg\" \/>\n\t<meta property=\"og:image:width\" content=\"280\" \/>\n\t<meta property=\"og:image:height\" content=\"186\" \/>\n\t<meta property=\"og:image:type\" content=\"image\/jpeg\" \/>\n<meta name=\"author\" content=\"La r\u00e9daction\" \/>\n<meta name=\"twitter:label1\" content=\"\u00c9crit par\" \/>\n\t<meta name=\"twitter:data1\" content=\"La r\u00e9daction\" \/>\n\t<meta name=\"twitter:label2\" content=\"Dur\u00e9e de lecture estim\u00e9e\" \/>\n\t<meta name=\"twitter:data2\" content=\"5 minutes\" \/>\n<script type=\"application\/ld+json\" class=\"yoast-schema-graph\">{\"@context\":\"https:\\\/\\\/schema.org\",\"@graph\":[{\"@type\":\"Article\",\"@id\":\"https:\\\/\\\/www.info-algerie.com\\\/actualites\\\/les-membres-du-cn-expriment-leur-soutien-a-la-poursuite-du-processus-de-reconciliation-nationale-et-appellent-a-la-prise-en-charge-laspect-social\\\/#article\",\"isPartOf\":{\"@id\":\"https:\\\/\\\/www.info-algerie.com\\\/actualites\\\/les-membres-du-cn-expriment-leur-soutien-a-la-poursuite-du-processus-de-reconciliation-nationale-et-appellent-a-la-prise-en-charge-laspect-social\\\/\"},\"author\":{\"name\":\"La r\u00e9daction\",\"@id\":\"https:\\\/\\\/www.info-algerie.com\\\/actualites\\\/#\\\/schema\\\/person\\\/847aaec44920825b843a08f30ec6aa1e\"},\"headline\":\"Les membres du CN expriment leur soutien \u00e0 la poursuite du processus de r\u00e9conciliation nationale et appellent \u00e0 la prise en charge l&#039;aspect social\",\"datePublished\":\"2017-09-26T08:27:50+00:00\",\"mainEntityOfPage\":{\"@id\":\"https:\\\/\\\/www.info-algerie.com\\\/actualites\\\/les-membres-du-cn-expriment-leur-soutien-a-la-poursuite-du-processus-de-reconciliation-nationale-et-appellent-a-la-prise-en-charge-laspect-social\\\/\"},\"wordCount\":1103,\"commentCount\":0,\"publisher\":{\"@id\":\"https:\\\/\\\/www.info-algerie.com\\\/actualites\\\/#organization\"},\"image\":{\"@id\":\"https:\\\/\\\/www.info-algerie.com\\\/actualites\\\/les-membres-du-cn-expriment-leur-soutien-a-la-poursuite-du-processus-de-reconciliation-nationale-et-appellent-a-la-prise-en-charge-laspect-social\\\/#primaryimage\"},\"thumbnailUrl\":\"https:\\\/\\\/www.info-algerie.com\\\/actualites\\\/wp-content\\\/uploads\\\/2017\\\/09\\\/85f0e663b2e7dc404553a56a293d14c7_S-1.jpg\",\"keywords\":[\"ONU\"],\"articleSection\":[\"infos\"],\"inLanguage\":\"fr-FR\",\"potentialAction\":[{\"@type\":\"CommentAction\",\"name\":\"Comment\",\"target\":[\"https:\\\/\\\/www.info-algerie.com\\\/actualites\\\/les-membres-du-cn-expriment-leur-soutien-a-la-poursuite-du-processus-de-reconciliation-nationale-et-appellent-a-la-prise-en-charge-laspect-social\\\/#respond\"]}]},{\"@type\":\"WebPage\",\"@id\":\"https:\\\/\\\/www.info-algerie.com\\\/actualites\\\/les-membres-du-cn-expriment-leur-soutien-a-la-poursuite-du-processus-de-reconciliation-nationale-et-appellent-a-la-prise-en-charge-laspect-social\\\/\",\"url\":\"https:\\\/\\\/www.info-algerie.com\\\/actualites\\\/les-membres-du-cn-expriment-leur-soutien-a-la-poursuite-du-processus-de-reconciliation-nationale-et-appellent-a-la-prise-en-charge-laspect-social\\\/\",\"name\":\"Les membres du CN expriment leur soutien \u00e0 la poursuite du processus de r\u00e9conciliation nationale et appellent \u00e0 la prise en charge l&#039;aspect social - info algerie\",\"isPartOf\":{\"@id\":\"https:\\\/\\\/www.info-algerie.com\\\/actualites\\\/#website\"},\"primaryImageOfPage\":{\"@id\":\"https:\\\/\\\/www.info-algerie.com\\\/actualites\\\/les-membres-du-cn-expriment-leur-soutien-a-la-poursuite-du-processus-de-reconciliation-nationale-et-appellent-a-la-prise-en-charge-laspect-social\\\/#primaryimage\"},\"image\":{\"@id\":\"https:\\\/\\\/www.info-algerie.com\\\/actualites\\\/les-membres-du-cn-expriment-leur-soutien-a-la-poursuite-du-processus-de-reconciliation-nationale-et-appellent-a-la-prise-en-charge-laspect-social\\\/#primaryimage\"},\"thumbnailUrl\":\"https:\\\/\\\/www.info-algerie.com\\\/actualites\\\/wp-content\\\/uploads\\\/2017\\\/09\\\/85f0e663b2e7dc404553a56a293d14c7_S-1.jpg\",\"datePublished\":\"2017-09-26T08:27:50+00:00\",\"breadcrumb\":{\"@id\":\"https:\\\/\\\/www.info-algerie.com\\\/actualites\\\/les-membres-du-cn-expriment-leur-soutien-a-la-poursuite-du-processus-de-reconciliation-nationale-et-appellent-a-la-prise-en-charge-laspect-social\\\/#breadcrumb\"},\"inLanguage\":\"fr-FR\",\"potentialAction\":[{\"@type\":\"ReadAction\",\"target\":[\"https:\\\/\\\/www.info-algerie.com\\\/actualites\\\/les-membres-du-cn-expriment-leur-soutien-a-la-poursuite-du-processus-de-reconciliation-nationale-et-appellent-a-la-prise-en-charge-laspect-social\\\/\"]}]},{\"@type\":\"ImageObject\",\"inLanguage\":\"fr-FR\",\"@id\":\"https:\\\/\\\/www.info-algerie.com\\\/actualites\\\/les-membres-du-cn-expriment-leur-soutien-a-la-poursuite-du-processus-de-reconciliation-nationale-et-appellent-a-la-prise-en-charge-laspect-social\\\/#primaryimage\",\"url\":\"https:\\\/\\\/www.info-algerie.com\\\/actualites\\\/wp-content\\\/uploads\\\/2017\\\/09\\\/85f0e663b2e7dc404553a56a293d14c7_S-1.jpg\",\"contentUrl\":\"https:\\\/\\\/www.info-algerie.com\\\/actualites\\\/wp-content\\\/uploads\\\/2017\\\/09\\\/85f0e663b2e7dc404553a56a293d14c7_S-1.jpg\",\"width\":280,\"height\":186},{\"@type\":\"BreadcrumbList\",\"@id\":\"https:\\\/\\\/www.info-algerie.com\\\/actualites\\\/les-membres-du-cn-expriment-leur-soutien-a-la-poursuite-du-processus-de-reconciliation-nationale-et-appellent-a-la-prise-en-charge-laspect-social\\\/#breadcrumb\",\"itemListElement\":[{\"@type\":\"ListItem\",\"position\":1,\"name\":\"Accueil\",\"item\":\"https:\\\/\\\/www.info-algerie.com\\\/actualites\\\/\"},{\"@type\":\"ListItem\",\"position\":2,\"name\":\"Les membres du CN expriment leur soutien \u00e0 la poursuite du processus de r\u00e9conciliation nationale et appellent \u00e0 la prise en charge l&#039;aspect social\"}]},{\"@type\":\"WebSite\",\"@id\":\"https:\\\/\\\/www.info-algerie.com\\\/actualites\\\/#website\",\"url\":\"https:\\\/\\\/www.info-algerie.com\\\/actualites\\\/\",\"name\":\"info algerie\",\"description\":\"Toutes les actualit\u00e9s\",\"publisher\":{\"@id\":\"https:\\\/\\\/www.info-algerie.com\\\/actualites\\\/#organization\"},\"potentialAction\":[{\"@type\":\"SearchAction\",\"target\":{\"@type\":\"EntryPoint\",\"urlTemplate\":\"https:\\\/\\\/www.info-algerie.com\\\/actualites\\\/?s={search_term_string}\"},\"query-input\":{\"@type\":\"PropertyValueSpecification\",\"valueRequired\":true,\"valueName\":\"search_term_string\"}}],\"inLanguage\":\"fr-FR\"},{\"@type\":\"Organization\",\"@id\":\"https:\\\/\\\/www.info-algerie.com\\\/actualites\\\/#organization\",\"name\":\"info algerie\",\"url\":\"https:\\\/\\\/www.info-algerie.com\\\/actualites\\\/\",\"logo\":{\"@type\":\"ImageObject\",\"inLanguage\":\"fr-FR\",\"@id\":\"https:\\\/\\\/www.info-algerie.com\\\/actualites\\\/#\\\/schema\\\/logo\\\/image\\\/\",\"url\":\"https:\\\/\\\/www.info-algerie.com\\\/actualites\\\/wp-content\\\/uploads\\\/2022\\\/07\\\/logo-ia-120.png\",\"contentUrl\":\"https:\\\/\\\/www.info-algerie.com\\\/actualites\\\/wp-content\\\/uploads\\\/2022\\\/07\\\/logo-ia-120.png\",\"width\":120,\"height\":43,\"caption\":\"info algerie\"},\"image\":{\"@id\":\"https:\\\/\\\/www.info-algerie.com\\\/actualites\\\/#\\\/schema\\\/logo\\\/image\\\/\"},\"sameAs\":[\"https:\\\/\\\/www.facebook.com\\\/infoalgerieactu\",\"https:\\\/\\\/x.com\\\/infoalgerie1\"]},{\"@type\":\"Person\",\"@id\":\"https:\\\/\\\/www.info-algerie.com\\\/actualites\\\/#\\\/schema\\\/person\\\/847aaec44920825b843a08f30ec6aa1e\",\"name\":\"La r\u00e9daction\",\"image\":{\"@type\":\"ImageObject\",\"inLanguage\":\"fr-FR\",\"@id\":\"https:\\\/\\\/secure.gravatar.com\\\/avatar\\\/769db425c6f465158149f1ffd6cf61ce7a8a879d11dfbef8288af36dfddd418c?s=96&d=mm&r=g\",\"url\":\"https:\\\/\\\/secure.gravatar.com\\\/avatar\\\/769db425c6f465158149f1ffd6cf61ce7a8a879d11dfbef8288af36dfddd418c?s=96&d=mm&r=g\",\"contentUrl\":\"https:\\\/\\\/secure.gravatar.com\\\/avatar\\\/769db425c6f465158149f1ffd6cf61ce7a8a879d11dfbef8288af36dfddd418c?s=96&d=mm&r=g\",\"caption\":\"La r\u00e9daction\"},\"sameAs\":[\"http:\\\/\\\/www.lkeria.com\\\/\"],\"url\":\"https:\\\/\\\/www.info-algerie.com\\\/actualites\\\/author\\\/chakib32\\\/\"}]}<\/script>\n<!-- \/ Yoast SEO plugin. -->","yoast_head_json":{"title":"Les membres du CN expriment leur soutien \u00e0 la poursuite du processus de r\u00e9conciliation nationale et appellent \u00e0 la prise en charge l&#039;aspect social - info algerie","robots":{"index":"index","follow":"follow","max-snippet":"max-snippet:-1","max-image-preview":"max-image-preview:large","max-video-preview":"max-video-preview:-1"},"canonical":"https:\/\/www.info-algerie.com\/actualites\/les-membres-du-cn-expriment-leur-soutien-a-la-poursuite-du-processus-de-reconciliation-nationale-et-appellent-a-la-prise-en-charge-laspect-social\/","og_locale":"fr_FR","og_type":"article","og_title":"Les membres du CN expriment leur soutien \u00e0 la poursuite du processus de r\u00e9conciliation nationale et appellent \u00e0 la prise en charge l&#039;aspect social - info algerie","og_description":"ALGER-Les membres du Conseil de la nation ont mis l\u2019accent, lundi \u00e0 Alger, au cours de leur d\u00e9bat du Plan d\u2019action du gouvernement, sur leur soutien \u00e0 la poursuite du processus de\u00a0 R\u00e9conciliation nationale, de la lutte contre le terrorisme et contre la criminalit\u00e9 sous toutes ses formes, ainsi que sur la n\u00e9cessit\u00e9 d&rsquo;accorder de","og_url":"https:\/\/www.info-algerie.com\/actualites\/les-membres-du-cn-expriment-leur-soutien-a-la-poursuite-du-processus-de-reconciliation-nationale-et-appellent-a-la-prise-en-charge-laspect-social\/","og_site_name":"info algerie","article_publisher":"https:\/\/www.facebook.com\/infoalgerieactu","article_published_time":"2017-09-26T08:27:50+00:00","og_image":[{"width":280,"height":186,"url":"https:\/\/www.info-algerie.com\/actualites\/wp-content\/uploads\/2017\/09\/85f0e663b2e7dc404553a56a293d14c7_S-1.jpg","type":"image\/jpeg"}],"author":"La r\u00e9daction","twitter_misc":{"\u00c9crit par":"La r\u00e9daction","Dur\u00e9e de lecture estim\u00e9e":"5 minutes"},"schema":{"@context":"https:\/\/schema.org","@graph":[{"@type":"Article","@id":"https:\/\/www.info-algerie.com\/actualites\/les-membres-du-cn-expriment-leur-soutien-a-la-poursuite-du-processus-de-reconciliation-nationale-et-appellent-a-la-prise-en-charge-laspect-social\/#article","isPartOf":{"@id":"https:\/\/www.info-algerie.com\/actualites\/les-membres-du-cn-expriment-leur-soutien-a-la-poursuite-du-processus-de-reconciliation-nationale-et-appellent-a-la-prise-en-charge-laspect-social\/"},"author":{"name":"La r\u00e9daction","@id":"https:\/\/www.info-algerie.com\/actualites\/#\/schema\/person\/847aaec44920825b843a08f30ec6aa1e"},"headline":"Les membres du CN expriment leur soutien \u00e0 la poursuite du processus de r\u00e9conciliation nationale et appellent \u00e0 la prise en charge l&#039;aspect social","datePublished":"2017-09-26T08:27:50+00:00","mainEntityOfPage":{"@id":"https:\/\/www.info-algerie.com\/actualites\/les-membres-du-cn-expriment-leur-soutien-a-la-poursuite-du-processus-de-reconciliation-nationale-et-appellent-a-la-prise-en-charge-laspect-social\/"},"wordCount":1103,"commentCount":0,"publisher":{"@id":"https:\/\/www.info-algerie.com\/actualites\/#organization"},"image":{"@id":"https:\/\/www.info-algerie.com\/actualites\/les-membres-du-cn-expriment-leur-soutien-a-la-poursuite-du-processus-de-reconciliation-nationale-et-appellent-a-la-prise-en-charge-laspect-social\/#primaryimage"},"thumbnailUrl":"https:\/\/www.info-algerie.com\/actualites\/wp-content\/uploads\/2017\/09\/85f0e663b2e7dc404553a56a293d14c7_S-1.jpg","keywords":["ONU"],"articleSection":["infos"],"inLanguage":"fr-FR","potentialAction":[{"@type":"CommentAction","name":"Comment","target":["https:\/\/www.info-algerie.com\/actualites\/les-membres-du-cn-expriment-leur-soutien-a-la-poursuite-du-processus-de-reconciliation-nationale-et-appellent-a-la-prise-en-charge-laspect-social\/#respond"]}]},{"@type":"WebPage","@id":"https:\/\/www.info-algerie.com\/actualites\/les-membres-du-cn-expriment-leur-soutien-a-la-poursuite-du-processus-de-reconciliation-nationale-et-appellent-a-la-prise-en-charge-laspect-social\/","url":"https:\/\/www.info-algerie.com\/actualites\/les-membres-du-cn-expriment-leur-soutien-a-la-poursuite-du-processus-de-reconciliation-nationale-et-appellent-a-la-prise-en-charge-laspect-social\/","name":"Les membres du CN expriment leur soutien \u00e0 la poursuite du processus de r\u00e9conciliation nationale et appellent \u00e0 la prise en charge l&#039;aspect social - info algerie","isPartOf":{"@id":"https:\/\/www.info-algerie.com\/actualites\/#website"},"primaryImageOfPage":{"@id":"https:\/\/www.info-algerie.com\/actualites\/les-membres-du-cn-expriment-leur-soutien-a-la-poursuite-du-processus-de-reconciliation-nationale-et-appellent-a-la-prise-en-charge-laspect-social\/#primaryimage"},"image":{"@id":"https:\/\/www.info-algerie.com\/actualites\/les-membres-du-cn-expriment-leur-soutien-a-la-poursuite-du-processus-de-reconciliation-nationale-et-appellent-a-la-prise-en-charge-laspect-social\/#primaryimage"},"thumbnailUrl":"https:\/\/www.info-algerie.com\/actualites\/wp-content\/uploads\/2017\/09\/85f0e663b2e7dc404553a56a293d14c7_S-1.jpg","datePublished":"2017-09-26T08:27:50+00:00","breadcrumb":{"@id":"https:\/\/www.info-algerie.com\/actualites\/les-membres-du-cn-expriment-leur-soutien-a-la-poursuite-du-processus-de-reconciliation-nationale-et-appellent-a-la-prise-en-charge-laspect-social\/#breadcrumb"},"inLanguage":"fr-FR","potentialAction":[{"@type":"ReadAction","target":["https:\/\/www.info-algerie.com\/actualites\/les-membres-du-cn-expriment-leur-soutien-a-la-poursuite-du-processus-de-reconciliation-nationale-et-appellent-a-la-prise-en-charge-laspect-social\/"]}]},{"@type":"ImageObject","inLanguage":"fr-FR","@id":"https:\/\/www.info-algerie.com\/actualites\/les-membres-du-cn-expriment-leur-soutien-a-la-poursuite-du-processus-de-reconciliation-nationale-et-appellent-a-la-prise-en-charge-laspect-social\/#primaryimage","url":"https:\/\/www.info-algerie.com\/actualites\/wp-content\/uploads\/2017\/09\/85f0e663b2e7dc404553a56a293d14c7_S-1.jpg","contentUrl":"https:\/\/www.info-algerie.com\/actualites\/wp-content\/uploads\/2017\/09\/85f0e663b2e7dc404553a56a293d14c7_S-1.jpg","width":280,"height":186},{"@type":"BreadcrumbList","@id":"https:\/\/www.info-algerie.com\/actualites\/les-membres-du-cn-expriment-leur-soutien-a-la-poursuite-du-processus-de-reconciliation-nationale-et-appellent-a-la-prise-en-charge-laspect-social\/#breadcrumb","itemListElement":[{"@type":"ListItem","position":1,"name":"Accueil","item":"https:\/\/www.info-algerie.com\/actualites\/"},{"@type":"ListItem","position":2,"name":"Les membres du CN expriment leur soutien \u00e0 la poursuite du processus de r\u00e9conciliation nationale et appellent \u00e0 la prise en charge l&#039;aspect social"}]},{"@type":"WebSite","@id":"https:\/\/www.info-algerie.com\/actualites\/#website","url":"https:\/\/www.info-algerie.com\/actualites\/","name":"info algerie","description":"Toutes les actualit\u00e9s","publisher":{"@id":"https:\/\/www.info-algerie.com\/actualites\/#organization"},"potentialAction":[{"@type":"SearchAction","target":{"@type":"EntryPoint","urlTemplate":"https:\/\/www.info-algerie.com\/actualites\/?s={search_term_string}"},"query-input":{"@type":"PropertyValueSpecification","valueRequired":true,"valueName":"search_term_string"}}],"inLanguage":"fr-FR"},{"@type":"Organization","@id":"https:\/\/www.info-algerie.com\/actualites\/#organization","name":"info algerie","url":"https:\/\/www.info-algerie.com\/actualites\/","logo":{"@type":"ImageObject","inLanguage":"fr-FR","@id":"https:\/\/www.info-algerie.com\/actualites\/#\/schema\/logo\/image\/","url":"https:\/\/www.info-algerie.com\/actualites\/wp-content\/uploads\/2022\/07\/logo-ia-120.png","contentUrl":"https:\/\/www.info-algerie.com\/actualites\/wp-content\/uploads\/2022\/07\/logo-ia-120.png","width":120,"height":43,"caption":"info algerie"},"image":{"@id":"https:\/\/www.info-algerie.com\/actualites\/#\/schema\/logo\/image\/"},"sameAs":["https:\/\/www.facebook.com\/infoalgerieactu","https:\/\/x.com\/infoalgerie1"]},{"@type":"Person","@id":"https:\/\/www.info-algerie.com\/actualites\/#\/schema\/person\/847aaec44920825b843a08f30ec6aa1e","name":"La r\u00e9daction","image":{"@type":"ImageObject","inLanguage":"fr-FR","@id":"https:\/\/secure.gravatar.com\/avatar\/769db425c6f465158149f1ffd6cf61ce7a8a879d11dfbef8288af36dfddd418c?s=96&d=mm&r=g","url":"https:\/\/secure.gravatar.com\/avatar\/769db425c6f465158149f1ffd6cf61ce7a8a879d11dfbef8288af36dfddd418c?s=96&d=mm&r=g","contentUrl":"https:\/\/secure.gravatar.com\/avatar\/769db425c6f465158149f1ffd6cf61ce7a8a879d11dfbef8288af36dfddd418c?s=96&d=mm&r=g","caption":"La r\u00e9daction"},"sameAs":["http:\/\/www.lkeria.com\/"],"url":"https:\/\/www.info-algerie.com\/actualites\/author\/chakib32\/"}]}},"_links":{"self":[{"href":"https:\/\/www.info-algerie.com\/actualites\/wp-json\/wp\/v2\/posts\/16341","targetHints":{"allow":["GET"]}}],"collection":[{"href":"https:\/\/www.info-algerie.com\/actualites\/wp-json\/wp\/v2\/posts"}],"about":[{"href":"https:\/\/www.info-algerie.com\/actualites\/wp-json\/wp\/v2\/types\/post"}],"author":[{"embeddable":true,"href":"https:\/\/www.info-algerie.com\/actualites\/wp-json\/wp\/v2\/users\/6"}],"replies":[{"embeddable":true,"href":"https:\/\/www.info-algerie.com\/actualites\/wp-json\/wp\/v2\/comments?post=16341"}],"version-history":[{"count":0,"href":"https:\/\/www.info-algerie.com\/actualites\/wp-json\/wp\/v2\/posts\/16341\/revisions"}],"wp:featuredmedia":[{"embeddable":true,"href":"https:\/\/www.info-algerie.com\/actualites\/wp-json\/wp\/v2\/media\/16342"}],"wp:attachment":[{"href":"https:\/\/www.info-algerie.com\/actualites\/wp-json\/wp\/v2\/media?parent=16341"}],"wp:term":[{"taxonomy":"category","embeddable":true,"href":"https:\/\/www.info-algerie.com\/actualites\/wp-json\/wp\/v2\/categories?post=16341"},{"taxonomy":"post_tag","embeddable":true,"href":"https:\/\/www.info-algerie.com\/actualites\/wp-json\/wp\/v2\/tags?post=16341"}],"curies":[{"name":"wp","href":"https:\/\/api.w.org\/{rel}","templated":true}]}}