{"id":16349,"date":"2017-09-26T15:05:35","date_gmt":"2017-09-26T14:05:35","guid":{"rendered":"http:\/\/www.info-algerie.com\/actualites\/45-candidats-a-lemigration-clandestine-interceptes-a-ain-temouchent-et-tlemcen\/"},"modified":"2017-09-26T15:05:35","modified_gmt":"2017-09-26T14:05:35","slug":"45-candidats-a-lemigration-clandestine-interceptes-a-ain-temouchent-et-tlemcen","status":"publish","type":"post","link":"https:\/\/www.info-algerie.com\/actualites\/45-candidats-a-lemigration-clandestine-interceptes-a-ain-temouchent-et-tlemcen\/","title":{"rendered":"45 candidats \u00e0 l\u2019\u00e9migration clandestine intercept\u00e9s \u00e0 Ain T\u00e9mouchent et Tlemcen\u00a0"},"content":{"rendered":"<div class=\"K2FeedIntroText\">\n<p>AIN TEMOUCHENT &#8211; Quelque 45 candidats \u00e0 l\u2019\u00e9migration clandestine ont \u00e9t\u00e9 intercept\u00e9s ces derni\u00e8res 24 heures dans les wilayas d\u2019Ain t\u00e9mouchent et de Tlemcen, a-t-on appris mardi du groupement territorial des garde-c\u00f4tes de B\u00e9ni Saf et des services de la Gendarmerie nationale.<\/p>\n<p>&#013;\n<\/p><\/div>\n<div class=\"K2FeedFullText\">&#013;<\/p>\n<p>Les garde-c\u00f4tes du groupement territorial de B\u00e9ni Saf (Ain T\u00e9mouchent) ont r\u00e9ussi aux premi\u00e8res heures de la journ\u00e9e du mardi \u00e0 intercepter 11 candidats au large de la mer, pr\u00e8s de Bouzadjar, a-t-on indiqu\u00e9 de m\u00eame source.<\/p>\n<p>&#013;<\/p>\n<p>Ces individus avaient pris d\u00e9part de la zone dite \u00ab\u00a0Cap Fegalo\u00a0\u00bb, \u00e0 bord d\u2019une embarcation pneumatique, a-t-on pr\u00e9cis\u00e9.<\/p>\n<p>&#013;<\/p>\n<p>Les m\u00eames services ont \u00e9galement intercept\u00e9, lundi, un autre groupe de 18 candidats \u00e0 l\u2019\u00e9migration clandestine se trouvant \u00e0 bord d\u2019un zodiac au large de la mer, pr\u00e8s de Bouzadjar.<\/p>\n<p>&#013;<\/p>\n<p>Par ailleurs, agissant sur information, les \u00e9l\u00e9ments de la brigade territoriale de la gendarmerie nationale ont interpell\u00e9 lundi soir seize autres candidats \u00e0 l\u2019\u00e9migration clandestine au niveau de la plage de B\u00e9ni Khellad, relevant de la commune de Honaine (wilaya de Tlemcen).\u00a0<\/p>\n<p>&#013;<\/p>\n<p>Ces personnes s\u2019appr\u00eataient \u00e0 prendre le large en direction des c\u00f4tes espagnoles \u00e0 bord d\u2019une embarcation, a-t-on conclu.<\/p>\n<\/div>\n<p>&#013;<br \/>\nSource: <a href=\"http:\/\/www.aps.dz\/algerie\/63274-45-candidats-a-l-emigration-clandestine-interceptes-a-ain-temouchent-et-tlemcen\" target=\"_blank\">45 candidats \u00e0 l\u2019\u00e9migration clandestine intercept\u00e9s \u00e0 Ain T\u00e9mouchent et Tlemcen\u00a0<\/a><\/p>\n<!--CusAds0-->\n<div style=\"font-size: 0px; height: 0px; line-height: 0px; margin: 0; padding: 0; clear: both;\"><\/div>","protected":false},"excerpt":{"rendered":"<p>AIN TEMOUCHENT &#8211; Quelque 45 candidats \u00e0 l\u2019\u00e9migration clandestine ont \u00e9t\u00e9 intercept\u00e9s ces derni\u00e8res 24 heures dans les wilayas d\u2019Ain t\u00e9mouchent et de Tlemcen, a-t-on appris mardi du groupement territorial des garde-c\u00f4tes de B\u00e9ni Saf et des services de la Gendarmerie nationale. &#013; &#013; Les garde-c\u00f4tes du groupement territorial de B\u00e9ni Saf (Ain T\u00e9mouchent) ont<\/p>\n","protected":false},"author":6,"featured_media":0,"comment_status":"open","ping_status":"open","sticky":false,"template":"","format":"standard","meta":{"footnotes":""},"categories":[22],"tags":[93],"class_list":["post-16349","post","type-post","status-publish","format-standard","hentry","category-infos","tag-onu"],"yoast_head":"<!-- This site is optimized with the Yoast SEO plugin v27.5 - https:\/\/yoast.com\/product\/yoast-seo-wordpress\/ -->\n<title>45 candidats \u00e0 l\u2019\u00e9migration clandestine intercept\u00e9s \u00e0 Ain T\u00e9mouchent et Tlemcen\u00a0 - info algerie<\/title>\n<meta name=\"robots\" content=\"index, follow, max-snippet:-1, max-image-preview:large, max-video-preview:-1\" \/>\n<link rel=\"canonical\" href=\"https:\/\/www.info-algerie.com\/actualites\/45-candidats-a-lemigration-clandestine-interceptes-a-ain-temouchent-et-tlemcen\/\" \/>\n<meta property=\"og:locale\" content=\"fr_FR\" \/>\n<meta property=\"og:type\" content=\"article\" \/>\n<meta property=\"og:title\" content=\"45 candidats \u00e0 l\u2019\u00e9migration clandestine intercept\u00e9s \u00e0 Ain T\u00e9mouchent et Tlemcen\u00a0 - info algerie\" \/>\n<meta property=\"og:description\" content=\"AIN TEMOUCHENT &#8211; Quelque 45 candidats \u00e0 l\u2019\u00e9migration clandestine ont \u00e9t\u00e9 intercept\u00e9s ces derni\u00e8res 24 heures dans les wilayas d\u2019Ain t\u00e9mouchent et de Tlemcen, a-t-on appris mardi du groupement territorial des garde-c\u00f4tes de B\u00e9ni Saf et des services de la Gendarmerie nationale. &#013; &#013; Les garde-c\u00f4tes du groupement territorial de B\u00e9ni Saf (Ain T\u00e9mouchent) ont\" \/>\n<meta property=\"og:url\" content=\"https:\/\/www.info-algerie.com\/actualites\/45-candidats-a-lemigration-clandestine-interceptes-a-ain-temouchent-et-tlemcen\/\" \/>\n<meta property=\"og:site_name\" content=\"info algerie\" \/>\n<meta property=\"article:publisher\" content=\"https:\/\/www.facebook.com\/infoalgerieactu\" \/>\n<meta property=\"article:published_time\" content=\"2017-09-26T14:05:35+00:00\" \/>\n<meta name=\"author\" content=\"La r\u00e9daction\" \/>\n<meta name=\"twitter:label1\" content=\"\u00c9crit par\" \/>\n\t<meta name=\"twitter:data1\" content=\"La r\u00e9daction\" \/>\n\t<meta name=\"twitter:label2\" content=\"Dur\u00e9e de lecture estim\u00e9e\" \/>\n\t<meta name=\"twitter:data2\" content=\"1 minute\" \/>\n<script type=\"application\/ld+json\" class=\"yoast-schema-graph\">{\"@context\":\"https:\\\/\\\/schema.org\",\"@graph\":[{\"@type\":\"Article\",\"@id\":\"https:\\\/\\\/www.info-algerie.com\\\/actualites\\\/45-candidats-a-lemigration-clandestine-interceptes-a-ain-temouchent-et-tlemcen\\\/#article\",\"isPartOf\":{\"@id\":\"https:\\\/\\\/www.info-algerie.com\\\/actualites\\\/45-candidats-a-lemigration-clandestine-interceptes-a-ain-temouchent-et-tlemcen\\\/\"},\"author\":{\"name\":\"La r\u00e9daction\",\"@id\":\"https:\\\/\\\/www.info-algerie.com\\\/actualites\\\/#\\\/schema\\\/person\\\/847aaec44920825b843a08f30ec6aa1e\"},\"headline\":\"45 candidats \u00e0 l\u2019\u00e9migration clandestine intercept\u00e9s \u00e0 Ain T\u00e9mouchent et Tlemcen\u00a0\",\"datePublished\":\"2017-09-26T14:05:35+00:00\",\"mainEntityOfPage\":{\"@id\":\"https:\\\/\\\/www.info-algerie.com\\\/actualites\\\/45-candidats-a-lemigration-clandestine-interceptes-a-ain-temouchent-et-tlemcen\\\/\"},\"wordCount\":227,\"commentCount\":0,\"publisher\":{\"@id\":\"https:\\\/\\\/www.info-algerie.com\\\/actualites\\\/#organization\"},\"keywords\":[\"ONU\"],\"articleSection\":[\"infos\"],\"inLanguage\":\"fr-FR\",\"potentialAction\":[{\"@type\":\"CommentAction\",\"name\":\"Comment\",\"target\":[\"https:\\\/\\\/www.info-algerie.com\\\/actualites\\\/45-candidats-a-lemigration-clandestine-interceptes-a-ain-temouchent-et-tlemcen\\\/#respond\"]}]},{\"@type\":\"WebPage\",\"@id\":\"https:\\\/\\\/www.info-algerie.com\\\/actualites\\\/45-candidats-a-lemigration-clandestine-interceptes-a-ain-temouchent-et-tlemcen\\\/\",\"url\":\"https:\\\/\\\/www.info-algerie.com\\\/actualites\\\/45-candidats-a-lemigration-clandestine-interceptes-a-ain-temouchent-et-tlemcen\\\/\",\"name\":\"45 candidats \u00e0 l\u2019\u00e9migration clandestine intercept\u00e9s \u00e0 Ain T\u00e9mouchent et Tlemcen\u00a0 - info algerie\",\"isPartOf\":{\"@id\":\"https:\\\/\\\/www.info-algerie.com\\\/actualites\\\/#website\"},\"datePublished\":\"2017-09-26T14:05:35+00:00\",\"breadcrumb\":{\"@id\":\"https:\\\/\\\/www.info-algerie.com\\\/actualites\\\/45-candidats-a-lemigration-clandestine-interceptes-a-ain-temouchent-et-tlemcen\\\/#breadcrumb\"},\"inLanguage\":\"fr-FR\",\"potentialAction\":[{\"@type\":\"ReadAction\",\"target\":[\"https:\\\/\\\/www.info-algerie.com\\\/actualites\\\/45-candidats-a-lemigration-clandestine-interceptes-a-ain-temouchent-et-tlemcen\\\/\"]}]},{\"@type\":\"BreadcrumbList\",\"@id\":\"https:\\\/\\\/www.info-algerie.com\\\/actualites\\\/45-candidats-a-lemigration-clandestine-interceptes-a-ain-temouchent-et-tlemcen\\\/#breadcrumb\",\"itemListElement\":[{\"@type\":\"ListItem\",\"position\":1,\"name\":\"Accueil\",\"item\":\"https:\\\/\\\/www.info-algerie.com\\\/actualites\\\/\"},{\"@type\":\"ListItem\",\"position\":2,\"name\":\"45 candidats \u00e0 l\u2019\u00e9migration clandestine intercept\u00e9s \u00e0 Ain T\u00e9mouchent et Tlemcen\u00a0\"}]},{\"@type\":\"WebSite\",\"@id\":\"https:\\\/\\\/www.info-algerie.com\\\/actualites\\\/#website\",\"url\":\"https:\\\/\\\/www.info-algerie.com\\\/actualites\\\/\",\"name\":\"info algerie\",\"description\":\"Toutes les actualit\u00e9s\",\"publisher\":{\"@id\":\"https:\\\/\\\/www.info-algerie.com\\\/actualites\\\/#organization\"},\"potentialAction\":[{\"@type\":\"SearchAction\",\"target\":{\"@type\":\"EntryPoint\",\"urlTemplate\":\"https:\\\/\\\/www.info-algerie.com\\\/actualites\\\/?s={search_term_string}\"},\"query-input\":{\"@type\":\"PropertyValueSpecification\",\"valueRequired\":true,\"valueName\":\"search_term_string\"}}],\"inLanguage\":\"fr-FR\"},{\"@type\":\"Organization\",\"@id\":\"https:\\\/\\\/www.info-algerie.com\\\/actualites\\\/#organization\",\"name\":\"info algerie\",\"url\":\"https:\\\/\\\/www.info-algerie.com\\\/actualites\\\/\",\"logo\":{\"@type\":\"ImageObject\",\"inLanguage\":\"fr-FR\",\"@id\":\"https:\\\/\\\/www.info-algerie.com\\\/actualites\\\/#\\\/schema\\\/logo\\\/image\\\/\",\"url\":\"https:\\\/\\\/www.info-algerie.com\\\/actualites\\\/wp-content\\\/uploads\\\/2022\\\/07\\\/logo-ia-120.png\",\"contentUrl\":\"https:\\\/\\\/www.info-algerie.com\\\/actualites\\\/wp-content\\\/uploads\\\/2022\\\/07\\\/logo-ia-120.png\",\"width\":120,\"height\":43,\"caption\":\"info algerie\"},\"image\":{\"@id\":\"https:\\\/\\\/www.info-algerie.com\\\/actualites\\\/#\\\/schema\\\/logo\\\/image\\\/\"},\"sameAs\":[\"https:\\\/\\\/www.facebook.com\\\/infoalgerieactu\",\"https:\\\/\\\/x.com\\\/infoalgerie1\"]},{\"@type\":\"Person\",\"@id\":\"https:\\\/\\\/www.info-algerie.com\\\/actualites\\\/#\\\/schema\\\/person\\\/847aaec44920825b843a08f30ec6aa1e\",\"name\":\"La r\u00e9daction\",\"image\":{\"@type\":\"ImageObject\",\"inLanguage\":\"fr-FR\",\"@id\":\"https:\\\/\\\/secure.gravatar.com\\\/avatar\\\/769db425c6f465158149f1ffd6cf61ce7a8a879d11dfbef8288af36dfddd418c?s=96&d=mm&r=g\",\"url\":\"https:\\\/\\\/secure.gravatar.com\\\/avatar\\\/769db425c6f465158149f1ffd6cf61ce7a8a879d11dfbef8288af36dfddd418c?s=96&d=mm&r=g\",\"contentUrl\":\"https:\\\/\\\/secure.gravatar.com\\\/avatar\\\/769db425c6f465158149f1ffd6cf61ce7a8a879d11dfbef8288af36dfddd418c?s=96&d=mm&r=g\",\"caption\":\"La r\u00e9daction\"},\"sameAs\":[\"http:\\\/\\\/www.lkeria.com\\\/\"],\"url\":\"https:\\\/\\\/www.info-algerie.com\\\/actualites\\\/author\\\/chakib32\\\/\"}]}<\/script>\n<!-- \/ Yoast SEO plugin. -->","yoast_head_json":{"title":"45 candidats \u00e0 l\u2019\u00e9migration clandestine intercept\u00e9s \u00e0 Ain T\u00e9mouchent et Tlemcen\u00a0 - info algerie","robots":{"index":"index","follow":"follow","max-snippet":"max-snippet:-1","max-image-preview":"max-image-preview:large","max-video-preview":"max-video-preview:-1"},"canonical":"https:\/\/www.info-algerie.com\/actualites\/45-candidats-a-lemigration-clandestine-interceptes-a-ain-temouchent-et-tlemcen\/","og_locale":"fr_FR","og_type":"article","og_title":"45 candidats \u00e0 l\u2019\u00e9migration clandestine intercept\u00e9s \u00e0 Ain T\u00e9mouchent et Tlemcen\u00a0 - info algerie","og_description":"AIN TEMOUCHENT &#8211; Quelque 45 candidats \u00e0 l\u2019\u00e9migration clandestine ont \u00e9t\u00e9 intercept\u00e9s ces derni\u00e8res 24 heures dans les wilayas d\u2019Ain t\u00e9mouchent et de Tlemcen, a-t-on appris mardi du groupement territorial des garde-c\u00f4tes de B\u00e9ni Saf et des services de la Gendarmerie nationale. &#013; &#013; Les garde-c\u00f4tes du groupement territorial de B\u00e9ni Saf (Ain T\u00e9mouchent) ont","og_url":"https:\/\/www.info-algerie.com\/actualites\/45-candidats-a-lemigration-clandestine-interceptes-a-ain-temouchent-et-tlemcen\/","og_site_name":"info algerie","article_publisher":"https:\/\/www.facebook.com\/infoalgerieactu","article_published_time":"2017-09-26T14:05:35+00:00","author":"La r\u00e9daction","twitter_misc":{"\u00c9crit par":"La r\u00e9daction","Dur\u00e9e de lecture estim\u00e9e":"1 minute"},"schema":{"@context":"https:\/\/schema.org","@graph":[{"@type":"Article","@id":"https:\/\/www.info-algerie.com\/actualites\/45-candidats-a-lemigration-clandestine-interceptes-a-ain-temouchent-et-tlemcen\/#article","isPartOf":{"@id":"https:\/\/www.info-algerie.com\/actualites\/45-candidats-a-lemigration-clandestine-interceptes-a-ain-temouchent-et-tlemcen\/"},"author":{"name":"La r\u00e9daction","@id":"https:\/\/www.info-algerie.com\/actualites\/#\/schema\/person\/847aaec44920825b843a08f30ec6aa1e"},"headline":"45 candidats \u00e0 l\u2019\u00e9migration clandestine intercept\u00e9s \u00e0 Ain T\u00e9mouchent et Tlemcen\u00a0","datePublished":"2017-09-26T14:05:35+00:00","mainEntityOfPage":{"@id":"https:\/\/www.info-algerie.com\/actualites\/45-candidats-a-lemigration-clandestine-interceptes-a-ain-temouchent-et-tlemcen\/"},"wordCount":227,"commentCount":0,"publisher":{"@id":"https:\/\/www.info-algerie.com\/actualites\/#organization"},"keywords":["ONU"],"articleSection":["infos"],"inLanguage":"fr-FR","potentialAction":[{"@type":"CommentAction","name":"Comment","target":["https:\/\/www.info-algerie.com\/actualites\/45-candidats-a-lemigration-clandestine-interceptes-a-ain-temouchent-et-tlemcen\/#respond"]}]},{"@type":"WebPage","@id":"https:\/\/www.info-algerie.com\/actualites\/45-candidats-a-lemigration-clandestine-interceptes-a-ain-temouchent-et-tlemcen\/","url":"https:\/\/www.info-algerie.com\/actualites\/45-candidats-a-lemigration-clandestine-interceptes-a-ain-temouchent-et-tlemcen\/","name":"45 candidats \u00e0 l\u2019\u00e9migration clandestine intercept\u00e9s \u00e0 Ain T\u00e9mouchent et Tlemcen\u00a0 - info algerie","isPartOf":{"@id":"https:\/\/www.info-algerie.com\/actualites\/#website"},"datePublished":"2017-09-26T14:05:35+00:00","breadcrumb":{"@id":"https:\/\/www.info-algerie.com\/actualites\/45-candidats-a-lemigration-clandestine-interceptes-a-ain-temouchent-et-tlemcen\/#breadcrumb"},"inLanguage":"fr-FR","potentialAction":[{"@type":"ReadAction","target":["https:\/\/www.info-algerie.com\/actualites\/45-candidats-a-lemigration-clandestine-interceptes-a-ain-temouchent-et-tlemcen\/"]}]},{"@type":"BreadcrumbList","@id":"https:\/\/www.info-algerie.com\/actualites\/45-candidats-a-lemigration-clandestine-interceptes-a-ain-temouchent-et-tlemcen\/#breadcrumb","itemListElement":[{"@type":"ListItem","position":1,"name":"Accueil","item":"https:\/\/www.info-algerie.com\/actualites\/"},{"@type":"ListItem","position":2,"name":"45 candidats \u00e0 l\u2019\u00e9migration clandestine intercept\u00e9s \u00e0 Ain T\u00e9mouchent et Tlemcen\u00a0"}]},{"@type":"WebSite","@id":"https:\/\/www.info-algerie.com\/actualites\/#website","url":"https:\/\/www.info-algerie.com\/actualites\/","name":"info algerie","description":"Toutes les actualit\u00e9s","publisher":{"@id":"https:\/\/www.info-algerie.com\/actualites\/#organization"},"potentialAction":[{"@type":"SearchAction","target":{"@type":"EntryPoint","urlTemplate":"https:\/\/www.info-algerie.com\/actualites\/?s={search_term_string}"},"query-input":{"@type":"PropertyValueSpecification","valueRequired":true,"valueName":"search_term_string"}}],"inLanguage":"fr-FR"},{"@type":"Organization","@id":"https:\/\/www.info-algerie.com\/actualites\/#organization","name":"info algerie","url":"https:\/\/www.info-algerie.com\/actualites\/","logo":{"@type":"ImageObject","inLanguage":"fr-FR","@id":"https:\/\/www.info-algerie.com\/actualites\/#\/schema\/logo\/image\/","url":"https:\/\/www.info-algerie.com\/actualites\/wp-content\/uploads\/2022\/07\/logo-ia-120.png","contentUrl":"https:\/\/www.info-algerie.com\/actualites\/wp-content\/uploads\/2022\/07\/logo-ia-120.png","width":120,"height":43,"caption":"info algerie"},"image":{"@id":"https:\/\/www.info-algerie.com\/actualites\/#\/schema\/logo\/image\/"},"sameAs":["https:\/\/www.facebook.com\/infoalgerieactu","https:\/\/x.com\/infoalgerie1"]},{"@type":"Person","@id":"https:\/\/www.info-algerie.com\/actualites\/#\/schema\/person\/847aaec44920825b843a08f30ec6aa1e","name":"La r\u00e9daction","image":{"@type":"ImageObject","inLanguage":"fr-FR","@id":"https:\/\/secure.gravatar.com\/avatar\/769db425c6f465158149f1ffd6cf61ce7a8a879d11dfbef8288af36dfddd418c?s=96&d=mm&r=g","url":"https:\/\/secure.gravatar.com\/avatar\/769db425c6f465158149f1ffd6cf61ce7a8a879d11dfbef8288af36dfddd418c?s=96&d=mm&r=g","contentUrl":"https:\/\/secure.gravatar.com\/avatar\/769db425c6f465158149f1ffd6cf61ce7a8a879d11dfbef8288af36dfddd418c?s=96&d=mm&r=g","caption":"La r\u00e9daction"},"sameAs":["http:\/\/www.lkeria.com\/"],"url":"https:\/\/www.info-algerie.com\/actualites\/author\/chakib32\/"}]}},"_links":{"self":[{"href":"https:\/\/www.info-algerie.com\/actualites\/wp-json\/wp\/v2\/posts\/16349","targetHints":{"allow":["GET"]}}],"collection":[{"href":"https:\/\/www.info-algerie.com\/actualites\/wp-json\/wp\/v2\/posts"}],"about":[{"href":"https:\/\/www.info-algerie.com\/actualites\/wp-json\/wp\/v2\/types\/post"}],"author":[{"embeddable":true,"href":"https:\/\/www.info-algerie.com\/actualites\/wp-json\/wp\/v2\/users\/6"}],"replies":[{"embeddable":true,"href":"https:\/\/www.info-algerie.com\/actualites\/wp-json\/wp\/v2\/comments?post=16349"}],"version-history":[{"count":0,"href":"https:\/\/www.info-algerie.com\/actualites\/wp-json\/wp\/v2\/posts\/16349\/revisions"}],"wp:attachment":[{"href":"https:\/\/www.info-algerie.com\/actualites\/wp-json\/wp\/v2\/media?parent=16349"}],"wp:term":[{"taxonomy":"category","embeddable":true,"href":"https:\/\/www.info-algerie.com\/actualites\/wp-json\/wp\/v2\/categories?post=16349"},{"taxonomy":"post_tag","embeddable":true,"href":"https:\/\/www.info-algerie.com\/actualites\/wp-json\/wp\/v2\/tags?post=16349"}],"curies":[{"name":"wp","href":"https:\/\/api.w.org\/{rel}","templated":true}]}}