{"id":16352,"date":"2017-09-26T16:33:51","date_gmt":"2017-09-26T15:33:51","guid":{"rendered":"http:\/\/www.info-algerie.com\/actualites\/m-gaid-salah-supervise-lexercice-tactique-de-tirs-reels-assifa-2017-a-oran\/"},"modified":"2017-09-26T16:33:51","modified_gmt":"2017-09-26T15:33:51","slug":"m-gaid-salah-supervise-lexercice-tactique-de-tirs-reels-assifa-2017-a-oran","status":"publish","type":"post","link":"https:\/\/www.info-algerie.com\/actualites\/m-gaid-salah-supervise-lexercice-tactique-de-tirs-reels-assifa-2017-a-oran\/","title":{"rendered":"M. Ga\u00efd Salah supervise l&#039;exercice tactique de tirs r\u00e9els ASSIFA 2017 \u00e0 Oran"},"content":{"rendered":"<div class=\"K2FeedImage\"><img decoding=\"async\" src=\"https:\/\/www.info-algerie.com\/actualites\/wp-content\/uploads\/2017\/09\/eeee8862369a7ab4dd7d7f590d62ff0a_S.jpg\" alt=\"M. Ga&#xEF;d Salah supervise l'exercice tactique de tirs r&#xE9;els ASSIFA 2017 &#xE0; Oran\" \/><\/div>\n<div class=\"K2FeedIntroText\">\n<p>ALGER &#8211; Le g\u00e9n\u00e9ral de Corps d&rsquo;Arm\u00e9e, Ahmed Ga\u00efd Salah, vice-ministre de la D\u00e9fense nationale, chef d&rsquo;Etat-major de l\u2019Arm\u00e9e nationale populaire (ANP) a supervis\u00e9, lors du 3\u00e8me jour de sa visite \u00e0 la 2\u00e8me R\u00e9gion militaire (Oran), l&rsquo;exercice tactique de tirs r\u00e9els ASSIFA 2017, indique mardi le minist\u00e8re de la D\u00e9fense nationale dans un communiqu\u00e9.<\/p>\n<p>&#013;\n<\/p><\/div>\n<div class=\"K2FeedFullText\">&#013;<\/p>\n<p>Apr\u00e8s avoir supervis\u00e9 l\u2019exercice tactique de tirs r\u00e9els, <a href=\"http:\/\/www.aps.dz\/algerie\/63224-les-hauts-niveaux-atteints-par-l-anp-sont-le-fruit-d-efforts-continus-gaid-salah\">le g\u00e9n\u00e9ral de Corps d&rsquo;Arm\u00e9e Ga\u00efd Salah<\/a>, a consacr\u00e9 la troisi\u00e8me journ\u00e9e de sa visite en 2\u00e8me R\u00e9gion militaire \u00e0 l\u2019inspection de quelques unit\u00e9s de la R\u00e9gion.<\/p>\n<p>&#013;<\/p>\n<p>A l\u2019entame et en compagnie du g\u00e9n\u00e9ral-major Sa\u00efd Bey, commandant de la R\u00e9gion, le g\u00e9n\u00e9ral de Corps d&rsquo;Arm\u00e9e a visit\u00e9 l\u2019Ecole des cadets de la nation d\u2019Oran, qui offre un enseignement et une formation de qualit\u00e9 aux cadets, avant de s\u2019entretenir avec eux lors d\u2019une rencontre d\u2019orientation et de sensibilisation, o\u00f9 il a valoris\u00e9 les r\u00e9sultats remarquables r\u00e9alis\u00e9s par cette Ecole depuis son inauguration lors de l\u2019ann\u00e9e scolaire 2009\/2010, pr\u00e9cise la m\u00eame source.<\/p>\n<p>&#013;<\/p>\n<p>\u00ab\u00a0Il m\u2019est si agr\u00e9able de me r\u00e9unir avec vous, cadets et cadettes de la Nation, appartenant \u00e0 cette Ecole lyc\u00e9e des cadets d\u2019Oran en 2\u00e8me R\u00e9gion militaire. Cette prestigieuse Ecole qui a ouvert ses portes depuis l\u2019ann\u00e9e scolaire 2009\/2010, constitue l\u2019une des pr\u00e9misses fondamentales de ce parcours scolaire et de formation\u00a0\u00bb, a indiqu\u00e9 le g\u00e9n\u00e9ral de Corps d&rsquo;Arm\u00e9e.<\/p>\n<p>&#013;<\/p>\n<p>Il a affirm\u00e9 que \u00ab\u00a0les r\u00e9sultats obtenus ont \u00e9t\u00e9 caract\u00e9ris\u00e9s par une perfection singuli\u00e8re que ce soit pour ceux du baccalaur\u00e9at o\u00f9 le nombre total des bacheliers a atteint 658 cadets ou pour ce qui est des r\u00e9sultats remarquables r\u00e9alis\u00e9s par ses cadets \u00e0 l\u2019issue de leur sortie de l\u2019Acad\u00e9mie militaire de Cherchell ou des autres \u00e9coles sup\u00e9rieures, et dont le nombre est \u00e9gal actuellement \u00e0 267 officiers venant renforcer efficacement et effectivement les rangs de l&rsquo;ANP, parmi lesquels ceux ayant rejoint le corps de la sant\u00e9 militaire en tant que m\u00e9decins et pharmaciens ou pilotes de diff\u00e9rentes sp\u00e9cialit\u00e9s, et aussi ceux qui ont choisi le secteur de l\u2019information.<\/p>\n<p>&#013;<\/p>\n<blockquote><p>&#013;<\/p>\n<p>A ce titre, M. Ga\u00efd Salah a salu\u00e9 \u00ab\u00a0ces r\u00e9sultats remarquables dont les fruits ont donn\u00e9 la sortie de plusieurs cadres officiers dans les diff\u00e9rents domaines, faisant aujourd\u2019hui la fiert\u00e9 de l\u2019Ecole d\u2019Oran\u00a0\u00bb, soulignant que \u00ab\u00a0l\u2019Arm\u00e9e nationale populaire digne h\u00e9riti\u00e8re de l\u2019Arm\u00e9e de Lib\u00e9ration Nationale doit \u00eatre, sous le commandement et avec le soutien de Son Excellence, Monsieur le Pr\u00e9sident de la R\u00e9publique, chef Supr\u00eame des Forces arm\u00e9es, ministre de la D\u00e9fense nationale, fi\u00e8re du succ\u00e8s retentissant de ce cursus scolaire devenu un exemple \u00e0 suivre dans le domaine d\u2019\u00e9tudes et de formations r\u00e9ussies\u00a0\u00bb.<\/p>\n<p>&#013;\n<\/p><\/blockquote>\n<p>&#013;<\/p>\n<p>Le g\u00e9n\u00e9ral de Corps d&rsquo;Arm\u00e9e a tenu \u00e0 rappeler que la d\u00e9cision du pr\u00e9sident de la R\u00e9publique relative au lancement des Ecoles des Cadets de la Nation \u00ab\u00a0a \u00e9t\u00e9 parfaitement concr\u00e9tis\u00e9e sur le terrain \u00e0 travers l\u2019ouverture des dix (10) \u00e9coles programm\u00e9es, et qui vont in\u00e9luctablement constituer une source importante pour r\u00e9pondre aux besoins de nos Forces arm\u00e9es en cadres hautement qualifi\u00e9s\u00a0\u00bb.<\/p>\n<p>&#013;<\/p>\n<p>Il a aussi rappel\u00e9 que \u00ab\u00a0ce cursus scolaire n\u2019aurait pu avoir lieu sans la d\u00e9cision de Son Excellence, Monsieur le Pr\u00e9sident de la R\u00e9publique, prise \u00e0 l\u2019issue de sa louable initiative relative \u00e0 la\u00a0 relance de cette structure d\u2019enseignement et de formation\u00a0\u00bb.\u00a0<\/p>\n<p>&#013;<\/p>\n<p>\u00ab\u00a0Ce processus dont les infrastructures sont compl\u00e8tement parachev\u00e9es, comporte dix (10) \u00e9coles r\u00e9parties sur toutes les r\u00e9gions du pays et qui constituent une source importante et fertile pour subvenir aux besoins de nos Forces arm\u00e9es\u00a0\u00bb, a-t-il relev\u00e9, ajoutant que ces \u00e9coles \u00ab\u00a0contribueront \u00e9galement \u00e0 pr\u00e9parer et \u00e0 forger la future \u00e9lite militaire consciente de son devoir national et de ses lourdes responsabilit\u00e9s\u00a0\u00bb et \u00ab\u00a0constituent d\u00e9sormais une v\u00e9ritable p\u00e9pini\u00e8re qui tend ses bras aux filles et fils de notre peuple que nous consid\u00e9rons toujours comme \u00e9tant la profondeur strat\u00e9gique de l\u2019Arm\u00e9e nationale populaire\u00a0\u00bb.<\/p>\n<p>&#013;<\/p>\n<p>Le g\u00e9n\u00e9ral de Corps d&rsquo;Arm\u00e9e a inspect\u00e9, par la suite, \u00ab\u00a0le projet de r\u00e9alisation du nouveau si\u00e8ge du tribunal militaire et l\u2019Etablissement militaire de pr\u00e9vention et de r\u00e9\u00e9ducation \u00e0 Oran, visitant leurs infrastructures, o\u00f9 d\u2019amples explications lui ont \u00e9t\u00e9 donn\u00e9es\u00a0\u00bb.<\/p>\n<p>&#013;<\/p>\n<p>Au niveau de la base navale de Mers El K\u00e9bir, \u00ab\u00a0le g\u00e9n\u00e9ral de Corps d&rsquo;Arm\u00e9e a \u00e9galement inspect\u00e9 le b\u00e2timent lance-missiles Salah Ra\u00efs, num\u00e9ro d\u2019enseigne 802, qui a \u00e9t\u00e9 r\u00e9nov\u00e9 et \u00e9quip\u00e9 de hautes technologies et d\u2019armements modernes, et qui vient renforcer les Forces navales\u00a0\u00bb, conclut le communiqu\u00e9.\u00a0<\/p>\n<\/div>\n<p>&#013;<br \/>\nSource: <a href=\"http:\/\/www.aps.dz\/algerie\/63282-m-gaid-salah-supervise-l-exercice-tactique-de-tirs-reels-assifa-2017-a-oran\" target=\"_blank\">M. Ga\u00efd Salah supervise l&rsquo;exercice tactique de tirs r\u00e9els ASSIFA 2017 \u00e0 Oran<\/a><\/p>\n<!--CusAds0-->\n<div style=\"font-size: 0px; height: 0px; line-height: 0px; margin: 0; padding: 0; clear: both;\"><\/div>","protected":false},"excerpt":{"rendered":"<p>ALGER &#8211; Le g\u00e9n\u00e9ral de Corps d&rsquo;Arm\u00e9e, Ahmed Ga\u00efd Salah, vice-ministre de la D\u00e9fense nationale, chef d&rsquo;Etat-major de l\u2019Arm\u00e9e nationale populaire (ANP) a supervis\u00e9, lors du 3\u00e8me jour de sa visite \u00e0 la 2\u00e8me R\u00e9gion militaire (Oran), l&rsquo;exercice tactique de tirs r\u00e9els ASSIFA 2017, indique mardi le minist\u00e8re de la D\u00e9fense nationale dans un communiqu\u00e9.<\/p>\n","protected":false},"author":6,"featured_media":16353,"comment_status":"open","ping_status":"open","sticky":false,"template":"","format":"standard","meta":{"footnotes":""},"categories":[22],"tags":[93],"class_list":["post-16352","post","type-post","status-publish","format-standard","has-post-thumbnail","hentry","category-infos","tag-onu"],"yoast_head":"<!-- This site is optimized with the Yoast SEO plugin v27.5 - https:\/\/yoast.com\/product\/yoast-seo-wordpress\/ -->\n<title>M. Ga\u00efd Salah supervise l&#039;exercice tactique de tirs r\u00e9els ASSIFA 2017 \u00e0 Oran - info algerie<\/title>\n<meta name=\"robots\" content=\"index, follow, max-snippet:-1, max-image-preview:large, max-video-preview:-1\" \/>\n<link rel=\"canonical\" href=\"https:\/\/www.info-algerie.com\/actualites\/m-gaid-salah-supervise-lexercice-tactique-de-tirs-reels-assifa-2017-a-oran\/\" \/>\n<meta property=\"og:locale\" content=\"fr_FR\" \/>\n<meta property=\"og:type\" content=\"article\" \/>\n<meta property=\"og:title\" content=\"M. Ga\u00efd Salah supervise l&#039;exercice tactique de tirs r\u00e9els ASSIFA 2017 \u00e0 Oran - info algerie\" \/>\n<meta property=\"og:description\" content=\"ALGER &#8211; Le g\u00e9n\u00e9ral de Corps d&rsquo;Arm\u00e9e, Ahmed Ga\u00efd Salah, vice-ministre de la D\u00e9fense nationale, chef d&rsquo;Etat-major de l\u2019Arm\u00e9e nationale populaire (ANP) a supervis\u00e9, lors du 3\u00e8me jour de sa visite \u00e0 la 2\u00e8me R\u00e9gion militaire (Oran), l&rsquo;exercice tactique de tirs r\u00e9els ASSIFA 2017, indique mardi le minist\u00e8re de la D\u00e9fense nationale dans un communiqu\u00e9.\" \/>\n<meta property=\"og:url\" content=\"https:\/\/www.info-algerie.com\/actualites\/m-gaid-salah-supervise-lexercice-tactique-de-tirs-reels-assifa-2017-a-oran\/\" \/>\n<meta property=\"og:site_name\" content=\"info algerie\" \/>\n<meta property=\"article:publisher\" content=\"https:\/\/www.facebook.com\/infoalgerieactu\" \/>\n<meta property=\"article:published_time\" content=\"2017-09-26T15:33:51+00:00\" \/>\n<meta property=\"og:image\" content=\"https:\/\/www.info-algerie.com\/actualites\/wp-content\/uploads\/2017\/09\/eeee8862369a7ab4dd7d7f590d62ff0a_S-1.jpg\" \/>\n\t<meta property=\"og:image:width\" content=\"280\" \/>\n\t<meta property=\"og:image:height\" content=\"169\" \/>\n\t<meta property=\"og:image:type\" content=\"image\/jpeg\" \/>\n<meta name=\"author\" content=\"La r\u00e9daction\" \/>\n<meta name=\"twitter:label1\" content=\"\u00c9crit par\" \/>\n\t<meta name=\"twitter:data1\" content=\"La r\u00e9daction\" \/>\n\t<meta name=\"twitter:label2\" content=\"Dur\u00e9e de lecture estim\u00e9e\" \/>\n\t<meta name=\"twitter:data2\" content=\"4 minutes\" \/>\n<script type=\"application\/ld+json\" class=\"yoast-schema-graph\">{\"@context\":\"https:\\\/\\\/schema.org\",\"@graph\":[{\"@type\":\"Article\",\"@id\":\"https:\\\/\\\/www.info-algerie.com\\\/actualites\\\/m-gaid-salah-supervise-lexercice-tactique-de-tirs-reels-assifa-2017-a-oran\\\/#article\",\"isPartOf\":{\"@id\":\"https:\\\/\\\/www.info-algerie.com\\\/actualites\\\/m-gaid-salah-supervise-lexercice-tactique-de-tirs-reels-assifa-2017-a-oran\\\/\"},\"author\":{\"name\":\"La r\u00e9daction\",\"@id\":\"https:\\\/\\\/www.info-algerie.com\\\/actualites\\\/#\\\/schema\\\/person\\\/847aaec44920825b843a08f30ec6aa1e\"},\"headline\":\"M. Ga\u00efd Salah supervise l&#039;exercice tactique de tirs r\u00e9els ASSIFA 2017 \u00e0 Oran\",\"datePublished\":\"2017-09-26T15:33:51+00:00\",\"mainEntityOfPage\":{\"@id\":\"https:\\\/\\\/www.info-algerie.com\\\/actualites\\\/m-gaid-salah-supervise-lexercice-tactique-de-tirs-reels-assifa-2017-a-oran\\\/\"},\"wordCount\":877,\"commentCount\":0,\"publisher\":{\"@id\":\"https:\\\/\\\/www.info-algerie.com\\\/actualites\\\/#organization\"},\"image\":{\"@id\":\"https:\\\/\\\/www.info-algerie.com\\\/actualites\\\/m-gaid-salah-supervise-lexercice-tactique-de-tirs-reels-assifa-2017-a-oran\\\/#primaryimage\"},\"thumbnailUrl\":\"https:\\\/\\\/www.info-algerie.com\\\/actualites\\\/wp-content\\\/uploads\\\/2017\\\/09\\\/eeee8862369a7ab4dd7d7f590d62ff0a_S-1.jpg\",\"keywords\":[\"ONU\"],\"articleSection\":[\"infos\"],\"inLanguage\":\"fr-FR\",\"potentialAction\":[{\"@type\":\"CommentAction\",\"name\":\"Comment\",\"target\":[\"https:\\\/\\\/www.info-algerie.com\\\/actualites\\\/m-gaid-salah-supervise-lexercice-tactique-de-tirs-reels-assifa-2017-a-oran\\\/#respond\"]}]},{\"@type\":\"WebPage\",\"@id\":\"https:\\\/\\\/www.info-algerie.com\\\/actualites\\\/m-gaid-salah-supervise-lexercice-tactique-de-tirs-reels-assifa-2017-a-oran\\\/\",\"url\":\"https:\\\/\\\/www.info-algerie.com\\\/actualites\\\/m-gaid-salah-supervise-lexercice-tactique-de-tirs-reels-assifa-2017-a-oran\\\/\",\"name\":\"M. Ga\u00efd Salah supervise l&#039;exercice tactique de tirs r\u00e9els ASSIFA 2017 \u00e0 Oran - info algerie\",\"isPartOf\":{\"@id\":\"https:\\\/\\\/www.info-algerie.com\\\/actualites\\\/#website\"},\"primaryImageOfPage\":{\"@id\":\"https:\\\/\\\/www.info-algerie.com\\\/actualites\\\/m-gaid-salah-supervise-lexercice-tactique-de-tirs-reels-assifa-2017-a-oran\\\/#primaryimage\"},\"image\":{\"@id\":\"https:\\\/\\\/www.info-algerie.com\\\/actualites\\\/m-gaid-salah-supervise-lexercice-tactique-de-tirs-reels-assifa-2017-a-oran\\\/#primaryimage\"},\"thumbnailUrl\":\"https:\\\/\\\/www.info-algerie.com\\\/actualites\\\/wp-content\\\/uploads\\\/2017\\\/09\\\/eeee8862369a7ab4dd7d7f590d62ff0a_S-1.jpg\",\"datePublished\":\"2017-09-26T15:33:51+00:00\",\"breadcrumb\":{\"@id\":\"https:\\\/\\\/www.info-algerie.com\\\/actualites\\\/m-gaid-salah-supervise-lexercice-tactique-de-tirs-reels-assifa-2017-a-oran\\\/#breadcrumb\"},\"inLanguage\":\"fr-FR\",\"potentialAction\":[{\"@type\":\"ReadAction\",\"target\":[\"https:\\\/\\\/www.info-algerie.com\\\/actualites\\\/m-gaid-salah-supervise-lexercice-tactique-de-tirs-reels-assifa-2017-a-oran\\\/\"]}]},{\"@type\":\"ImageObject\",\"inLanguage\":\"fr-FR\",\"@id\":\"https:\\\/\\\/www.info-algerie.com\\\/actualites\\\/m-gaid-salah-supervise-lexercice-tactique-de-tirs-reels-assifa-2017-a-oran\\\/#primaryimage\",\"url\":\"https:\\\/\\\/www.info-algerie.com\\\/actualites\\\/wp-content\\\/uploads\\\/2017\\\/09\\\/eeee8862369a7ab4dd7d7f590d62ff0a_S-1.jpg\",\"contentUrl\":\"https:\\\/\\\/www.info-algerie.com\\\/actualites\\\/wp-content\\\/uploads\\\/2017\\\/09\\\/eeee8862369a7ab4dd7d7f590d62ff0a_S-1.jpg\",\"width\":280,\"height\":169},{\"@type\":\"BreadcrumbList\",\"@id\":\"https:\\\/\\\/www.info-algerie.com\\\/actualites\\\/m-gaid-salah-supervise-lexercice-tactique-de-tirs-reels-assifa-2017-a-oran\\\/#breadcrumb\",\"itemListElement\":[{\"@type\":\"ListItem\",\"position\":1,\"name\":\"Accueil\",\"item\":\"https:\\\/\\\/www.info-algerie.com\\\/actualites\\\/\"},{\"@type\":\"ListItem\",\"position\":2,\"name\":\"M. Ga\u00efd Salah supervise l&#039;exercice tactique de tirs r\u00e9els ASSIFA 2017 \u00e0 Oran\"}]},{\"@type\":\"WebSite\",\"@id\":\"https:\\\/\\\/www.info-algerie.com\\\/actualites\\\/#website\",\"url\":\"https:\\\/\\\/www.info-algerie.com\\\/actualites\\\/\",\"name\":\"info algerie\",\"description\":\"Toutes les actualit\u00e9s\",\"publisher\":{\"@id\":\"https:\\\/\\\/www.info-algerie.com\\\/actualites\\\/#organization\"},\"potentialAction\":[{\"@type\":\"SearchAction\",\"target\":{\"@type\":\"EntryPoint\",\"urlTemplate\":\"https:\\\/\\\/www.info-algerie.com\\\/actualites\\\/?s={search_term_string}\"},\"query-input\":{\"@type\":\"PropertyValueSpecification\",\"valueRequired\":true,\"valueName\":\"search_term_string\"}}],\"inLanguage\":\"fr-FR\"},{\"@type\":\"Organization\",\"@id\":\"https:\\\/\\\/www.info-algerie.com\\\/actualites\\\/#organization\",\"name\":\"info algerie\",\"url\":\"https:\\\/\\\/www.info-algerie.com\\\/actualites\\\/\",\"logo\":{\"@type\":\"ImageObject\",\"inLanguage\":\"fr-FR\",\"@id\":\"https:\\\/\\\/www.info-algerie.com\\\/actualites\\\/#\\\/schema\\\/logo\\\/image\\\/\",\"url\":\"https:\\\/\\\/www.info-algerie.com\\\/actualites\\\/wp-content\\\/uploads\\\/2022\\\/07\\\/logo-ia-120.png\",\"contentUrl\":\"https:\\\/\\\/www.info-algerie.com\\\/actualites\\\/wp-content\\\/uploads\\\/2022\\\/07\\\/logo-ia-120.png\",\"width\":120,\"height\":43,\"caption\":\"info algerie\"},\"image\":{\"@id\":\"https:\\\/\\\/www.info-algerie.com\\\/actualites\\\/#\\\/schema\\\/logo\\\/image\\\/\"},\"sameAs\":[\"https:\\\/\\\/www.facebook.com\\\/infoalgerieactu\",\"https:\\\/\\\/x.com\\\/infoalgerie1\"]},{\"@type\":\"Person\",\"@id\":\"https:\\\/\\\/www.info-algerie.com\\\/actualites\\\/#\\\/schema\\\/person\\\/847aaec44920825b843a08f30ec6aa1e\",\"name\":\"La r\u00e9daction\",\"image\":{\"@type\":\"ImageObject\",\"inLanguage\":\"fr-FR\",\"@id\":\"https:\\\/\\\/secure.gravatar.com\\\/avatar\\\/769db425c6f465158149f1ffd6cf61ce7a8a879d11dfbef8288af36dfddd418c?s=96&d=mm&r=g\",\"url\":\"https:\\\/\\\/secure.gravatar.com\\\/avatar\\\/769db425c6f465158149f1ffd6cf61ce7a8a879d11dfbef8288af36dfddd418c?s=96&d=mm&r=g\",\"contentUrl\":\"https:\\\/\\\/secure.gravatar.com\\\/avatar\\\/769db425c6f465158149f1ffd6cf61ce7a8a879d11dfbef8288af36dfddd418c?s=96&d=mm&r=g\",\"caption\":\"La r\u00e9daction\"},\"sameAs\":[\"http:\\\/\\\/www.lkeria.com\\\/\"],\"url\":\"https:\\\/\\\/www.info-algerie.com\\\/actualites\\\/author\\\/chakib32\\\/\"}]}<\/script>\n<!-- \/ Yoast SEO plugin. -->","yoast_head_json":{"title":"M. Ga\u00efd Salah supervise l&#039;exercice tactique de tirs r\u00e9els ASSIFA 2017 \u00e0 Oran - info algerie","robots":{"index":"index","follow":"follow","max-snippet":"max-snippet:-1","max-image-preview":"max-image-preview:large","max-video-preview":"max-video-preview:-1"},"canonical":"https:\/\/www.info-algerie.com\/actualites\/m-gaid-salah-supervise-lexercice-tactique-de-tirs-reels-assifa-2017-a-oran\/","og_locale":"fr_FR","og_type":"article","og_title":"M. Ga\u00efd Salah supervise l&#039;exercice tactique de tirs r\u00e9els ASSIFA 2017 \u00e0 Oran - info algerie","og_description":"ALGER &#8211; Le g\u00e9n\u00e9ral de Corps d&rsquo;Arm\u00e9e, Ahmed Ga\u00efd Salah, vice-ministre de la D\u00e9fense nationale, chef d&rsquo;Etat-major de l\u2019Arm\u00e9e nationale populaire (ANP) a supervis\u00e9, lors du 3\u00e8me jour de sa visite \u00e0 la 2\u00e8me R\u00e9gion militaire (Oran), l&rsquo;exercice tactique de tirs r\u00e9els ASSIFA 2017, indique mardi le minist\u00e8re de la D\u00e9fense nationale dans un communiqu\u00e9.","og_url":"https:\/\/www.info-algerie.com\/actualites\/m-gaid-salah-supervise-lexercice-tactique-de-tirs-reels-assifa-2017-a-oran\/","og_site_name":"info algerie","article_publisher":"https:\/\/www.facebook.com\/infoalgerieactu","article_published_time":"2017-09-26T15:33:51+00:00","og_image":[{"width":280,"height":169,"url":"https:\/\/www.info-algerie.com\/actualites\/wp-content\/uploads\/2017\/09\/eeee8862369a7ab4dd7d7f590d62ff0a_S-1.jpg","type":"image\/jpeg"}],"author":"La r\u00e9daction","twitter_misc":{"\u00c9crit par":"La r\u00e9daction","Dur\u00e9e de lecture estim\u00e9e":"4 minutes"},"schema":{"@context":"https:\/\/schema.org","@graph":[{"@type":"Article","@id":"https:\/\/www.info-algerie.com\/actualites\/m-gaid-salah-supervise-lexercice-tactique-de-tirs-reels-assifa-2017-a-oran\/#article","isPartOf":{"@id":"https:\/\/www.info-algerie.com\/actualites\/m-gaid-salah-supervise-lexercice-tactique-de-tirs-reels-assifa-2017-a-oran\/"},"author":{"name":"La r\u00e9daction","@id":"https:\/\/www.info-algerie.com\/actualites\/#\/schema\/person\/847aaec44920825b843a08f30ec6aa1e"},"headline":"M. Ga\u00efd Salah supervise l&#039;exercice tactique de tirs r\u00e9els ASSIFA 2017 \u00e0 Oran","datePublished":"2017-09-26T15:33:51+00:00","mainEntityOfPage":{"@id":"https:\/\/www.info-algerie.com\/actualites\/m-gaid-salah-supervise-lexercice-tactique-de-tirs-reels-assifa-2017-a-oran\/"},"wordCount":877,"commentCount":0,"publisher":{"@id":"https:\/\/www.info-algerie.com\/actualites\/#organization"},"image":{"@id":"https:\/\/www.info-algerie.com\/actualites\/m-gaid-salah-supervise-lexercice-tactique-de-tirs-reels-assifa-2017-a-oran\/#primaryimage"},"thumbnailUrl":"https:\/\/www.info-algerie.com\/actualites\/wp-content\/uploads\/2017\/09\/eeee8862369a7ab4dd7d7f590d62ff0a_S-1.jpg","keywords":["ONU"],"articleSection":["infos"],"inLanguage":"fr-FR","potentialAction":[{"@type":"CommentAction","name":"Comment","target":["https:\/\/www.info-algerie.com\/actualites\/m-gaid-salah-supervise-lexercice-tactique-de-tirs-reels-assifa-2017-a-oran\/#respond"]}]},{"@type":"WebPage","@id":"https:\/\/www.info-algerie.com\/actualites\/m-gaid-salah-supervise-lexercice-tactique-de-tirs-reels-assifa-2017-a-oran\/","url":"https:\/\/www.info-algerie.com\/actualites\/m-gaid-salah-supervise-lexercice-tactique-de-tirs-reels-assifa-2017-a-oran\/","name":"M. Ga\u00efd Salah supervise l&#039;exercice tactique de tirs r\u00e9els ASSIFA 2017 \u00e0 Oran - info algerie","isPartOf":{"@id":"https:\/\/www.info-algerie.com\/actualites\/#website"},"primaryImageOfPage":{"@id":"https:\/\/www.info-algerie.com\/actualites\/m-gaid-salah-supervise-lexercice-tactique-de-tirs-reels-assifa-2017-a-oran\/#primaryimage"},"image":{"@id":"https:\/\/www.info-algerie.com\/actualites\/m-gaid-salah-supervise-lexercice-tactique-de-tirs-reels-assifa-2017-a-oran\/#primaryimage"},"thumbnailUrl":"https:\/\/www.info-algerie.com\/actualites\/wp-content\/uploads\/2017\/09\/eeee8862369a7ab4dd7d7f590d62ff0a_S-1.jpg","datePublished":"2017-09-26T15:33:51+00:00","breadcrumb":{"@id":"https:\/\/www.info-algerie.com\/actualites\/m-gaid-salah-supervise-lexercice-tactique-de-tirs-reels-assifa-2017-a-oran\/#breadcrumb"},"inLanguage":"fr-FR","potentialAction":[{"@type":"ReadAction","target":["https:\/\/www.info-algerie.com\/actualites\/m-gaid-salah-supervise-lexercice-tactique-de-tirs-reels-assifa-2017-a-oran\/"]}]},{"@type":"ImageObject","inLanguage":"fr-FR","@id":"https:\/\/www.info-algerie.com\/actualites\/m-gaid-salah-supervise-lexercice-tactique-de-tirs-reels-assifa-2017-a-oran\/#primaryimage","url":"https:\/\/www.info-algerie.com\/actualites\/wp-content\/uploads\/2017\/09\/eeee8862369a7ab4dd7d7f590d62ff0a_S-1.jpg","contentUrl":"https:\/\/www.info-algerie.com\/actualites\/wp-content\/uploads\/2017\/09\/eeee8862369a7ab4dd7d7f590d62ff0a_S-1.jpg","width":280,"height":169},{"@type":"BreadcrumbList","@id":"https:\/\/www.info-algerie.com\/actualites\/m-gaid-salah-supervise-lexercice-tactique-de-tirs-reels-assifa-2017-a-oran\/#breadcrumb","itemListElement":[{"@type":"ListItem","position":1,"name":"Accueil","item":"https:\/\/www.info-algerie.com\/actualites\/"},{"@type":"ListItem","position":2,"name":"M. Ga\u00efd Salah supervise l&#039;exercice tactique de tirs r\u00e9els ASSIFA 2017 \u00e0 Oran"}]},{"@type":"WebSite","@id":"https:\/\/www.info-algerie.com\/actualites\/#website","url":"https:\/\/www.info-algerie.com\/actualites\/","name":"info algerie","description":"Toutes les actualit\u00e9s","publisher":{"@id":"https:\/\/www.info-algerie.com\/actualites\/#organization"},"potentialAction":[{"@type":"SearchAction","target":{"@type":"EntryPoint","urlTemplate":"https:\/\/www.info-algerie.com\/actualites\/?s={search_term_string}"},"query-input":{"@type":"PropertyValueSpecification","valueRequired":true,"valueName":"search_term_string"}}],"inLanguage":"fr-FR"},{"@type":"Organization","@id":"https:\/\/www.info-algerie.com\/actualites\/#organization","name":"info algerie","url":"https:\/\/www.info-algerie.com\/actualites\/","logo":{"@type":"ImageObject","inLanguage":"fr-FR","@id":"https:\/\/www.info-algerie.com\/actualites\/#\/schema\/logo\/image\/","url":"https:\/\/www.info-algerie.com\/actualites\/wp-content\/uploads\/2022\/07\/logo-ia-120.png","contentUrl":"https:\/\/www.info-algerie.com\/actualites\/wp-content\/uploads\/2022\/07\/logo-ia-120.png","width":120,"height":43,"caption":"info algerie"},"image":{"@id":"https:\/\/www.info-algerie.com\/actualites\/#\/schema\/logo\/image\/"},"sameAs":["https:\/\/www.facebook.com\/infoalgerieactu","https:\/\/x.com\/infoalgerie1"]},{"@type":"Person","@id":"https:\/\/www.info-algerie.com\/actualites\/#\/schema\/person\/847aaec44920825b843a08f30ec6aa1e","name":"La r\u00e9daction","image":{"@type":"ImageObject","inLanguage":"fr-FR","@id":"https:\/\/secure.gravatar.com\/avatar\/769db425c6f465158149f1ffd6cf61ce7a8a879d11dfbef8288af36dfddd418c?s=96&d=mm&r=g","url":"https:\/\/secure.gravatar.com\/avatar\/769db425c6f465158149f1ffd6cf61ce7a8a879d11dfbef8288af36dfddd418c?s=96&d=mm&r=g","contentUrl":"https:\/\/secure.gravatar.com\/avatar\/769db425c6f465158149f1ffd6cf61ce7a8a879d11dfbef8288af36dfddd418c?s=96&d=mm&r=g","caption":"La r\u00e9daction"},"sameAs":["http:\/\/www.lkeria.com\/"],"url":"https:\/\/www.info-algerie.com\/actualites\/author\/chakib32\/"}]}},"_links":{"self":[{"href":"https:\/\/www.info-algerie.com\/actualites\/wp-json\/wp\/v2\/posts\/16352","targetHints":{"allow":["GET"]}}],"collection":[{"href":"https:\/\/www.info-algerie.com\/actualites\/wp-json\/wp\/v2\/posts"}],"about":[{"href":"https:\/\/www.info-algerie.com\/actualites\/wp-json\/wp\/v2\/types\/post"}],"author":[{"embeddable":true,"href":"https:\/\/www.info-algerie.com\/actualites\/wp-json\/wp\/v2\/users\/6"}],"replies":[{"embeddable":true,"href":"https:\/\/www.info-algerie.com\/actualites\/wp-json\/wp\/v2\/comments?post=16352"}],"version-history":[{"count":0,"href":"https:\/\/www.info-algerie.com\/actualites\/wp-json\/wp\/v2\/posts\/16352\/revisions"}],"wp:featuredmedia":[{"embeddable":true,"href":"https:\/\/www.info-algerie.com\/actualites\/wp-json\/wp\/v2\/media\/16353"}],"wp:attachment":[{"href":"https:\/\/www.info-algerie.com\/actualites\/wp-json\/wp\/v2\/media?parent=16352"}],"wp:term":[{"taxonomy":"category","embeddable":true,"href":"https:\/\/www.info-algerie.com\/actualites\/wp-json\/wp\/v2\/categories?post=16352"},{"taxonomy":"post_tag","embeddable":true,"href":"https:\/\/www.info-algerie.com\/actualites\/wp-json\/wp\/v2\/tags?post=16352"}],"curies":[{"name":"wp","href":"https:\/\/api.w.org\/{rel}","templated":true}]}}