{"id":16358,"date":"2017-09-26T15:06:54","date_gmt":"2017-09-26T14:06:54","guid":{"rendered":"http:\/\/www.info-algerie.com\/actualites\/conseil-de-la-nation-valorisation-du-discours-realiste-du-plan-daction-du-gouvernement\/"},"modified":"2017-09-26T15:06:54","modified_gmt":"2017-09-26T14:06:54","slug":"conseil-de-la-nation-valorisation-du-discours-realiste-du-plan-daction-du-gouvernement","status":"publish","type":"post","link":"https:\/\/www.info-algerie.com\/actualites\/conseil-de-la-nation-valorisation-du-discours-realiste-du-plan-daction-du-gouvernement\/","title":{"rendered":"Conseil de la Nation : valorisation du discours r\u00e9aliste du Plan d&#039;action du Gouvernement"},"content":{"rendered":"<div class=\"K2FeedImage\"><img decoding=\"async\" src=\"https:\/\/www.info-algerie.com\/actualites\/wp-content\/uploads\/2017\/09\/932b98e20807e57b43ab209cd2c2a494_S.jpg\" alt=\"Conseil de la Nation : valorisation du discours r&#xE9;aliste du Plan d'action du Gouvernement\" \/><\/div>\n<div class=\"K2FeedIntroText\">\n<p class=\"MsoNormal\">ALGER- Les pr\u00e9sidents des groupes parlementaires au Conseil de la Nation ont valoris\u00e9 mardi \u00e0 Alger le discours r\u00e9aliste du Plan d&rsquo;action du Gouvernement, mettant en exergue l&rsquo;importance de la\u00a0 \u00ab\u00a0mobilisation\u00a0\u00bb de toutes les forces vives dans le pays pour concr\u00e9tiser les objectifs de ce programme \u00ab\u00a0ambitieux\u00a0\u00bb.<\/p>\n<p>&#013;\n<\/p><\/div>\n<div class=\"K2FeedFullText\">&#013;<\/p>\n<p class=\"MsoNormal\">Lors d&rsquo;une s\u00e9ance pl\u00e9ni\u00e8re consacr\u00e9e \u00e0 l&rsquo;examen du Plan d&rsquo;action du Gouvernement, pr\u00e9sid\u00e9e par M. Abdelkader Bensalah, pr\u00e9sident du conseil, les pr\u00e9sidents des groupes parlementaires ont salu\u00e9 le \u00ab\u00a0discours r\u00e9aliste et franc du Plan d&rsquo;action du Premier ministre, Ahmed Ouyahia\u00a0\u00bb.<\/p>\n<p>&#013;<\/p>\n<p class=\"MsoNormal\">Le pr\u00e9sident du groupe parlementaire du Rassemblement national d\u00e9mocratique (RND), Abdelmadjid Bouzriba, a indiqu\u00e9 que le Plan d&rsquo;action du Gouvernement \u00ab\u00a0a adopt\u00e9 un discours sinc\u00e8re, en expliquant la situation actuelle en toute franchise\u00a0\u00bb, ajoutant que le document pr\u00e9voit \u00e9galement de nouvelles perspectives susceptibles de r\u00e9pondre aux aspirations des citoyens.<\/p>\n<p>&#013;<\/p>\n<p class=\"MsoNormal\">L&rsquo;intervenant a salu\u00e9 le Plan d&rsquo;action et les mesures pr\u00e9vues visant \u00e0 maintenir les acquis sociaux, \u00e0 renforcer la stabilit\u00e9 sociale et \u00e0 pr\u00e9server l&rsquo;unit\u00e9 nationale.<\/p>\n<p>&#013;<\/p>\n<p class=\"MsoNormal\">Pour sa part, le pr\u00e9sident du groupe parlementaire du Tiers pr\u00e9sidentiel, Hachemi Djiar, a mis l&rsquo;accent sur l&rsquo;importance d&rsquo;une large adh\u00e9sion des forces vives dans le pays \u00e0 la concr\u00e9tisation du Plan d&rsquo;action qu&rsquo;il a qualifi\u00e9 d'\u00a0\u00bbambitieux\u00a0\u00bb.<\/p>\n<p>&#013;<\/p>\n<p class=\"MsoNormal\">M. Djiar a estim\u00e9 n\u00e9cessaire de poursuivre la lutte contre la corruption et la bureaucratie qui constituent des obstacles \u00e0 la mise en \u00a3uvre des politiques g\u00e9n\u00e9rales, appelant \u00e0 l&rsquo;unification des rangs pour relever les d\u00e9fis sociaux.<\/p>\n<p>&#013;<\/p>\n<p class=\"MsoNormal\">Le pr\u00e9sident du groupe parlementaire du parti du Front de Lib\u00e9ration nationale (FLN), Mohamed Zoubeiri, s&rsquo;est dit favorable aux mesures contenues dans le Plan d&rsquo;action du Gouvernement, visant \u00e0 poursuivre la mise en \u0153uvre du programme du pr\u00e9sident de la R\u00e9publique, Abdelaziz Bouteflika.<\/p>\n<p>&#013;<\/p>\n<p class=\"MsoNormal\">L&rsquo;intervenant a plaid\u00e9 pour la poursuite du renforcement de la politique de d\u00e9centralisation dans la gestion des affaires publiques et l&rsquo;\u00e9largissement des pr\u00e9rogatives des assembl\u00e9es \u00e9lues.<\/p>\n<p>&#013;<\/p>\n<p class=\"MsoNormal\">Saluant le discours sinc\u00e8re du Plan d&rsquo;action, M. Zoubeiri a rappel\u00e9 les acquis r\u00e9alis\u00e9s dans diff\u00e9rents domaines, soulignant l&rsquo;importance de les pr\u00e9server, notamment ceux li\u00e9s au volet social.<\/p>\n<p>&#013;<\/p>\n<p>\u00a0<\/p>\n<p>&#013;<\/p>\n<p class=\"MsoNormal\">Le pr\u00e9sident du groupe parlementaire du FLN a exhort\u00e9 toutes les tranches de la soci\u00e9t\u00e9 \u00e0 une mobilisation collective pour la mise en \u0153uvre du Plan d&rsquo;action qu&rsquo;il a qualifi\u00e9 d'\u00a0\u00bbambitieux\u00a0\u00bb.\u00a0<\/p>\n<\/div>\n<p>&#013;<br \/>\nSource: <a href=\"http:\/\/www.aps.dz\/algerie\/63275-conseil-de-la-nation-valorisation-du-discours-realiste-du-plan-d-action-du-gouvernement\" target=\"_blank\">Conseil de la Nation : valorisation du discours r\u00e9aliste du Plan d&rsquo;action du Gouvernement<\/a><\/p>\n<!--CusAds0-->\n<div style=\"font-size: 0px; height: 0px; line-height: 0px; margin: 0; padding: 0; clear: both;\"><\/div>","protected":false},"excerpt":{"rendered":"<p>ALGER- Les pr\u00e9sidents des groupes parlementaires au Conseil de la Nation ont valoris\u00e9 mardi \u00e0 Alger le discours r\u00e9aliste du Plan d&rsquo;action du Gouvernement, mettant en exergue l&rsquo;importance de la\u00a0 \u00ab\u00a0mobilisation\u00a0\u00bb de toutes les forces vives dans le pays pour concr\u00e9tiser les objectifs de ce programme \u00ab\u00a0ambitieux\u00a0\u00bb. &#013; &#013; Lors d&rsquo;une s\u00e9ance pl\u00e9ni\u00e8re consacr\u00e9e \u00e0<\/p>\n","protected":false},"author":6,"featured_media":16359,"comment_status":"open","ping_status":"open","sticky":false,"template":"","format":"standard","meta":{"footnotes":""},"categories":[22],"tags":[93],"class_list":["post-16358","post","type-post","status-publish","format-standard","has-post-thumbnail","hentry","category-infos","tag-onu"],"yoast_head":"<!-- This site is optimized with the Yoast SEO plugin v27.5 - https:\/\/yoast.com\/product\/yoast-seo-wordpress\/ -->\n<title>Conseil de la Nation : valorisation du discours r\u00e9aliste du Plan d&#039;action du Gouvernement - info algerie<\/title>\n<meta name=\"robots\" content=\"index, follow, max-snippet:-1, max-image-preview:large, max-video-preview:-1\" \/>\n<link rel=\"canonical\" href=\"https:\/\/www.info-algerie.com\/actualites\/conseil-de-la-nation-valorisation-du-discours-realiste-du-plan-daction-du-gouvernement\/\" \/>\n<meta property=\"og:locale\" content=\"fr_FR\" \/>\n<meta property=\"og:type\" content=\"article\" \/>\n<meta property=\"og:title\" content=\"Conseil de la Nation : valorisation du discours r\u00e9aliste du Plan d&#039;action du Gouvernement - info algerie\" \/>\n<meta property=\"og:description\" content=\"ALGER- Les pr\u00e9sidents des groupes parlementaires au Conseil de la Nation ont valoris\u00e9 mardi \u00e0 Alger le discours r\u00e9aliste du Plan d&rsquo;action du Gouvernement, mettant en exergue l&rsquo;importance de la\u00a0 \u00ab\u00a0mobilisation\u00a0\u00bb de toutes les forces vives dans le pays pour concr\u00e9tiser les objectifs de ce programme \u00ab\u00a0ambitieux\u00a0\u00bb. &#013; &#013; Lors d&rsquo;une s\u00e9ance pl\u00e9ni\u00e8re consacr\u00e9e \u00e0\" \/>\n<meta property=\"og:url\" content=\"https:\/\/www.info-algerie.com\/actualites\/conseil-de-la-nation-valorisation-du-discours-realiste-du-plan-daction-du-gouvernement\/\" \/>\n<meta property=\"og:site_name\" content=\"info algerie\" \/>\n<meta property=\"article:publisher\" content=\"https:\/\/www.facebook.com\/infoalgerieactu\" \/>\n<meta property=\"article:published_time\" content=\"2017-09-26T14:06:54+00:00\" \/>\n<meta property=\"og:image\" content=\"https:\/\/www.info-algerie.com\/actualites\/wp-content\/uploads\/2017\/09\/932b98e20807e57b43ab209cd2c2a494_S-1.jpg\" \/>\n\t<meta property=\"og:image:width\" content=\"280\" \/>\n\t<meta property=\"og:image:height\" content=\"169\" \/>\n\t<meta property=\"og:image:type\" content=\"image\/jpeg\" \/>\n<meta name=\"author\" content=\"La r\u00e9daction\" \/>\n<meta name=\"twitter:label1\" content=\"\u00c9crit par\" \/>\n\t<meta name=\"twitter:data1\" content=\"La r\u00e9daction\" \/>\n\t<meta name=\"twitter:label2\" content=\"Dur\u00e9e de lecture estim\u00e9e\" \/>\n\t<meta name=\"twitter:data2\" content=\"2 minutes\" \/>\n<script type=\"application\/ld+json\" class=\"yoast-schema-graph\">{\"@context\":\"https:\\\/\\\/schema.org\",\"@graph\":[{\"@type\":\"Article\",\"@id\":\"https:\\\/\\\/www.info-algerie.com\\\/actualites\\\/conseil-de-la-nation-valorisation-du-discours-realiste-du-plan-daction-du-gouvernement\\\/#article\",\"isPartOf\":{\"@id\":\"https:\\\/\\\/www.info-algerie.com\\\/actualites\\\/conseil-de-la-nation-valorisation-du-discours-realiste-du-plan-daction-du-gouvernement\\\/\"},\"author\":{\"name\":\"La r\u00e9daction\",\"@id\":\"https:\\\/\\\/www.info-algerie.com\\\/actualites\\\/#\\\/schema\\\/person\\\/847aaec44920825b843a08f30ec6aa1e\"},\"headline\":\"Conseil de la Nation : valorisation du discours r\u00e9aliste du Plan d&#039;action du Gouvernement\",\"datePublished\":\"2017-09-26T14:06:54+00:00\",\"mainEntityOfPage\":{\"@id\":\"https:\\\/\\\/www.info-algerie.com\\\/actualites\\\/conseil-de-la-nation-valorisation-du-discours-realiste-du-plan-daction-du-gouvernement\\\/\"},\"wordCount\":453,\"commentCount\":0,\"publisher\":{\"@id\":\"https:\\\/\\\/www.info-algerie.com\\\/actualites\\\/#organization\"},\"image\":{\"@id\":\"https:\\\/\\\/www.info-algerie.com\\\/actualites\\\/conseil-de-la-nation-valorisation-du-discours-realiste-du-plan-daction-du-gouvernement\\\/#primaryimage\"},\"thumbnailUrl\":\"https:\\\/\\\/www.info-algerie.com\\\/actualites\\\/wp-content\\\/uploads\\\/2017\\\/09\\\/932b98e20807e57b43ab209cd2c2a494_S-1.jpg\",\"keywords\":[\"ONU\"],\"articleSection\":[\"infos\"],\"inLanguage\":\"fr-FR\",\"potentialAction\":[{\"@type\":\"CommentAction\",\"name\":\"Comment\",\"target\":[\"https:\\\/\\\/www.info-algerie.com\\\/actualites\\\/conseil-de-la-nation-valorisation-du-discours-realiste-du-plan-daction-du-gouvernement\\\/#respond\"]}]},{\"@type\":\"WebPage\",\"@id\":\"https:\\\/\\\/www.info-algerie.com\\\/actualites\\\/conseil-de-la-nation-valorisation-du-discours-realiste-du-plan-daction-du-gouvernement\\\/\",\"url\":\"https:\\\/\\\/www.info-algerie.com\\\/actualites\\\/conseil-de-la-nation-valorisation-du-discours-realiste-du-plan-daction-du-gouvernement\\\/\",\"name\":\"Conseil de la Nation : valorisation du discours r\u00e9aliste du Plan d&#039;action du Gouvernement - info algerie\",\"isPartOf\":{\"@id\":\"https:\\\/\\\/www.info-algerie.com\\\/actualites\\\/#website\"},\"primaryImageOfPage\":{\"@id\":\"https:\\\/\\\/www.info-algerie.com\\\/actualites\\\/conseil-de-la-nation-valorisation-du-discours-realiste-du-plan-daction-du-gouvernement\\\/#primaryimage\"},\"image\":{\"@id\":\"https:\\\/\\\/www.info-algerie.com\\\/actualites\\\/conseil-de-la-nation-valorisation-du-discours-realiste-du-plan-daction-du-gouvernement\\\/#primaryimage\"},\"thumbnailUrl\":\"https:\\\/\\\/www.info-algerie.com\\\/actualites\\\/wp-content\\\/uploads\\\/2017\\\/09\\\/932b98e20807e57b43ab209cd2c2a494_S-1.jpg\",\"datePublished\":\"2017-09-26T14:06:54+00:00\",\"breadcrumb\":{\"@id\":\"https:\\\/\\\/www.info-algerie.com\\\/actualites\\\/conseil-de-la-nation-valorisation-du-discours-realiste-du-plan-daction-du-gouvernement\\\/#breadcrumb\"},\"inLanguage\":\"fr-FR\",\"potentialAction\":[{\"@type\":\"ReadAction\",\"target\":[\"https:\\\/\\\/www.info-algerie.com\\\/actualites\\\/conseil-de-la-nation-valorisation-du-discours-realiste-du-plan-daction-du-gouvernement\\\/\"]}]},{\"@type\":\"ImageObject\",\"inLanguage\":\"fr-FR\",\"@id\":\"https:\\\/\\\/www.info-algerie.com\\\/actualites\\\/conseil-de-la-nation-valorisation-du-discours-realiste-du-plan-daction-du-gouvernement\\\/#primaryimage\",\"url\":\"https:\\\/\\\/www.info-algerie.com\\\/actualites\\\/wp-content\\\/uploads\\\/2017\\\/09\\\/932b98e20807e57b43ab209cd2c2a494_S-1.jpg\",\"contentUrl\":\"https:\\\/\\\/www.info-algerie.com\\\/actualites\\\/wp-content\\\/uploads\\\/2017\\\/09\\\/932b98e20807e57b43ab209cd2c2a494_S-1.jpg\",\"width\":280,\"height\":169},{\"@type\":\"BreadcrumbList\",\"@id\":\"https:\\\/\\\/www.info-algerie.com\\\/actualites\\\/conseil-de-la-nation-valorisation-du-discours-realiste-du-plan-daction-du-gouvernement\\\/#breadcrumb\",\"itemListElement\":[{\"@type\":\"ListItem\",\"position\":1,\"name\":\"Accueil\",\"item\":\"https:\\\/\\\/www.info-algerie.com\\\/actualites\\\/\"},{\"@type\":\"ListItem\",\"position\":2,\"name\":\"Conseil de la Nation : valorisation du discours r\u00e9aliste du Plan d&#039;action du Gouvernement\"}]},{\"@type\":\"WebSite\",\"@id\":\"https:\\\/\\\/www.info-algerie.com\\\/actualites\\\/#website\",\"url\":\"https:\\\/\\\/www.info-algerie.com\\\/actualites\\\/\",\"name\":\"info algerie\",\"description\":\"Toutes les actualit\u00e9s\",\"publisher\":{\"@id\":\"https:\\\/\\\/www.info-algerie.com\\\/actualites\\\/#organization\"},\"potentialAction\":[{\"@type\":\"SearchAction\",\"target\":{\"@type\":\"EntryPoint\",\"urlTemplate\":\"https:\\\/\\\/www.info-algerie.com\\\/actualites\\\/?s={search_term_string}\"},\"query-input\":{\"@type\":\"PropertyValueSpecification\",\"valueRequired\":true,\"valueName\":\"search_term_string\"}}],\"inLanguage\":\"fr-FR\"},{\"@type\":\"Organization\",\"@id\":\"https:\\\/\\\/www.info-algerie.com\\\/actualites\\\/#organization\",\"name\":\"info algerie\",\"url\":\"https:\\\/\\\/www.info-algerie.com\\\/actualites\\\/\",\"logo\":{\"@type\":\"ImageObject\",\"inLanguage\":\"fr-FR\",\"@id\":\"https:\\\/\\\/www.info-algerie.com\\\/actualites\\\/#\\\/schema\\\/logo\\\/image\\\/\",\"url\":\"https:\\\/\\\/www.info-algerie.com\\\/actualites\\\/wp-content\\\/uploads\\\/2022\\\/07\\\/logo-ia-120.png\",\"contentUrl\":\"https:\\\/\\\/www.info-algerie.com\\\/actualites\\\/wp-content\\\/uploads\\\/2022\\\/07\\\/logo-ia-120.png\",\"width\":120,\"height\":43,\"caption\":\"info algerie\"},\"image\":{\"@id\":\"https:\\\/\\\/www.info-algerie.com\\\/actualites\\\/#\\\/schema\\\/logo\\\/image\\\/\"},\"sameAs\":[\"https:\\\/\\\/www.facebook.com\\\/infoalgerieactu\",\"https:\\\/\\\/x.com\\\/infoalgerie1\"]},{\"@type\":\"Person\",\"@id\":\"https:\\\/\\\/www.info-algerie.com\\\/actualites\\\/#\\\/schema\\\/person\\\/847aaec44920825b843a08f30ec6aa1e\",\"name\":\"La r\u00e9daction\",\"image\":{\"@type\":\"ImageObject\",\"inLanguage\":\"fr-FR\",\"@id\":\"https:\\\/\\\/secure.gravatar.com\\\/avatar\\\/769db425c6f465158149f1ffd6cf61ce7a8a879d11dfbef8288af36dfddd418c?s=96&d=mm&r=g\",\"url\":\"https:\\\/\\\/secure.gravatar.com\\\/avatar\\\/769db425c6f465158149f1ffd6cf61ce7a8a879d11dfbef8288af36dfddd418c?s=96&d=mm&r=g\",\"contentUrl\":\"https:\\\/\\\/secure.gravatar.com\\\/avatar\\\/769db425c6f465158149f1ffd6cf61ce7a8a879d11dfbef8288af36dfddd418c?s=96&d=mm&r=g\",\"caption\":\"La r\u00e9daction\"},\"sameAs\":[\"http:\\\/\\\/www.lkeria.com\\\/\"],\"url\":\"https:\\\/\\\/www.info-algerie.com\\\/actualites\\\/author\\\/chakib32\\\/\"}]}<\/script>\n<!-- \/ Yoast SEO plugin. -->","yoast_head_json":{"title":"Conseil de la Nation : valorisation du discours r\u00e9aliste du Plan d&#039;action du Gouvernement - info algerie","robots":{"index":"index","follow":"follow","max-snippet":"max-snippet:-1","max-image-preview":"max-image-preview:large","max-video-preview":"max-video-preview:-1"},"canonical":"https:\/\/www.info-algerie.com\/actualites\/conseil-de-la-nation-valorisation-du-discours-realiste-du-plan-daction-du-gouvernement\/","og_locale":"fr_FR","og_type":"article","og_title":"Conseil de la Nation : valorisation du discours r\u00e9aliste du Plan d&#039;action du Gouvernement - info algerie","og_description":"ALGER- Les pr\u00e9sidents des groupes parlementaires au Conseil de la Nation ont valoris\u00e9 mardi \u00e0 Alger le discours r\u00e9aliste du Plan d&rsquo;action du Gouvernement, mettant en exergue l&rsquo;importance de la\u00a0 \u00ab\u00a0mobilisation\u00a0\u00bb de toutes les forces vives dans le pays pour concr\u00e9tiser les objectifs de ce programme \u00ab\u00a0ambitieux\u00a0\u00bb. &#013; &#013; Lors d&rsquo;une s\u00e9ance pl\u00e9ni\u00e8re consacr\u00e9e \u00e0","og_url":"https:\/\/www.info-algerie.com\/actualites\/conseil-de-la-nation-valorisation-du-discours-realiste-du-plan-daction-du-gouvernement\/","og_site_name":"info algerie","article_publisher":"https:\/\/www.facebook.com\/infoalgerieactu","article_published_time":"2017-09-26T14:06:54+00:00","og_image":[{"width":280,"height":169,"url":"https:\/\/www.info-algerie.com\/actualites\/wp-content\/uploads\/2017\/09\/932b98e20807e57b43ab209cd2c2a494_S-1.jpg","type":"image\/jpeg"}],"author":"La r\u00e9daction","twitter_misc":{"\u00c9crit par":"La r\u00e9daction","Dur\u00e9e de lecture estim\u00e9e":"2 minutes"},"schema":{"@context":"https:\/\/schema.org","@graph":[{"@type":"Article","@id":"https:\/\/www.info-algerie.com\/actualites\/conseil-de-la-nation-valorisation-du-discours-realiste-du-plan-daction-du-gouvernement\/#article","isPartOf":{"@id":"https:\/\/www.info-algerie.com\/actualites\/conseil-de-la-nation-valorisation-du-discours-realiste-du-plan-daction-du-gouvernement\/"},"author":{"name":"La r\u00e9daction","@id":"https:\/\/www.info-algerie.com\/actualites\/#\/schema\/person\/847aaec44920825b843a08f30ec6aa1e"},"headline":"Conseil de la Nation : valorisation du discours r\u00e9aliste du Plan d&#039;action du Gouvernement","datePublished":"2017-09-26T14:06:54+00:00","mainEntityOfPage":{"@id":"https:\/\/www.info-algerie.com\/actualites\/conseil-de-la-nation-valorisation-du-discours-realiste-du-plan-daction-du-gouvernement\/"},"wordCount":453,"commentCount":0,"publisher":{"@id":"https:\/\/www.info-algerie.com\/actualites\/#organization"},"image":{"@id":"https:\/\/www.info-algerie.com\/actualites\/conseil-de-la-nation-valorisation-du-discours-realiste-du-plan-daction-du-gouvernement\/#primaryimage"},"thumbnailUrl":"https:\/\/www.info-algerie.com\/actualites\/wp-content\/uploads\/2017\/09\/932b98e20807e57b43ab209cd2c2a494_S-1.jpg","keywords":["ONU"],"articleSection":["infos"],"inLanguage":"fr-FR","potentialAction":[{"@type":"CommentAction","name":"Comment","target":["https:\/\/www.info-algerie.com\/actualites\/conseil-de-la-nation-valorisation-du-discours-realiste-du-plan-daction-du-gouvernement\/#respond"]}]},{"@type":"WebPage","@id":"https:\/\/www.info-algerie.com\/actualites\/conseil-de-la-nation-valorisation-du-discours-realiste-du-plan-daction-du-gouvernement\/","url":"https:\/\/www.info-algerie.com\/actualites\/conseil-de-la-nation-valorisation-du-discours-realiste-du-plan-daction-du-gouvernement\/","name":"Conseil de la Nation : valorisation du discours r\u00e9aliste du Plan d&#039;action du Gouvernement - info algerie","isPartOf":{"@id":"https:\/\/www.info-algerie.com\/actualites\/#website"},"primaryImageOfPage":{"@id":"https:\/\/www.info-algerie.com\/actualites\/conseil-de-la-nation-valorisation-du-discours-realiste-du-plan-daction-du-gouvernement\/#primaryimage"},"image":{"@id":"https:\/\/www.info-algerie.com\/actualites\/conseil-de-la-nation-valorisation-du-discours-realiste-du-plan-daction-du-gouvernement\/#primaryimage"},"thumbnailUrl":"https:\/\/www.info-algerie.com\/actualites\/wp-content\/uploads\/2017\/09\/932b98e20807e57b43ab209cd2c2a494_S-1.jpg","datePublished":"2017-09-26T14:06:54+00:00","breadcrumb":{"@id":"https:\/\/www.info-algerie.com\/actualites\/conseil-de-la-nation-valorisation-du-discours-realiste-du-plan-daction-du-gouvernement\/#breadcrumb"},"inLanguage":"fr-FR","potentialAction":[{"@type":"ReadAction","target":["https:\/\/www.info-algerie.com\/actualites\/conseil-de-la-nation-valorisation-du-discours-realiste-du-plan-daction-du-gouvernement\/"]}]},{"@type":"ImageObject","inLanguage":"fr-FR","@id":"https:\/\/www.info-algerie.com\/actualites\/conseil-de-la-nation-valorisation-du-discours-realiste-du-plan-daction-du-gouvernement\/#primaryimage","url":"https:\/\/www.info-algerie.com\/actualites\/wp-content\/uploads\/2017\/09\/932b98e20807e57b43ab209cd2c2a494_S-1.jpg","contentUrl":"https:\/\/www.info-algerie.com\/actualites\/wp-content\/uploads\/2017\/09\/932b98e20807e57b43ab209cd2c2a494_S-1.jpg","width":280,"height":169},{"@type":"BreadcrumbList","@id":"https:\/\/www.info-algerie.com\/actualites\/conseil-de-la-nation-valorisation-du-discours-realiste-du-plan-daction-du-gouvernement\/#breadcrumb","itemListElement":[{"@type":"ListItem","position":1,"name":"Accueil","item":"https:\/\/www.info-algerie.com\/actualites\/"},{"@type":"ListItem","position":2,"name":"Conseil de la Nation : valorisation du discours r\u00e9aliste du Plan d&#039;action du Gouvernement"}]},{"@type":"WebSite","@id":"https:\/\/www.info-algerie.com\/actualites\/#website","url":"https:\/\/www.info-algerie.com\/actualites\/","name":"info algerie","description":"Toutes les actualit\u00e9s","publisher":{"@id":"https:\/\/www.info-algerie.com\/actualites\/#organization"},"potentialAction":[{"@type":"SearchAction","target":{"@type":"EntryPoint","urlTemplate":"https:\/\/www.info-algerie.com\/actualites\/?s={search_term_string}"},"query-input":{"@type":"PropertyValueSpecification","valueRequired":true,"valueName":"search_term_string"}}],"inLanguage":"fr-FR"},{"@type":"Organization","@id":"https:\/\/www.info-algerie.com\/actualites\/#organization","name":"info algerie","url":"https:\/\/www.info-algerie.com\/actualites\/","logo":{"@type":"ImageObject","inLanguage":"fr-FR","@id":"https:\/\/www.info-algerie.com\/actualites\/#\/schema\/logo\/image\/","url":"https:\/\/www.info-algerie.com\/actualites\/wp-content\/uploads\/2022\/07\/logo-ia-120.png","contentUrl":"https:\/\/www.info-algerie.com\/actualites\/wp-content\/uploads\/2022\/07\/logo-ia-120.png","width":120,"height":43,"caption":"info algerie"},"image":{"@id":"https:\/\/www.info-algerie.com\/actualites\/#\/schema\/logo\/image\/"},"sameAs":["https:\/\/www.facebook.com\/infoalgerieactu","https:\/\/x.com\/infoalgerie1"]},{"@type":"Person","@id":"https:\/\/www.info-algerie.com\/actualites\/#\/schema\/person\/847aaec44920825b843a08f30ec6aa1e","name":"La r\u00e9daction","image":{"@type":"ImageObject","inLanguage":"fr-FR","@id":"https:\/\/secure.gravatar.com\/avatar\/769db425c6f465158149f1ffd6cf61ce7a8a879d11dfbef8288af36dfddd418c?s=96&d=mm&r=g","url":"https:\/\/secure.gravatar.com\/avatar\/769db425c6f465158149f1ffd6cf61ce7a8a879d11dfbef8288af36dfddd418c?s=96&d=mm&r=g","contentUrl":"https:\/\/secure.gravatar.com\/avatar\/769db425c6f465158149f1ffd6cf61ce7a8a879d11dfbef8288af36dfddd418c?s=96&d=mm&r=g","caption":"La r\u00e9daction"},"sameAs":["http:\/\/www.lkeria.com\/"],"url":"https:\/\/www.info-algerie.com\/actualites\/author\/chakib32\/"}]}},"_links":{"self":[{"href":"https:\/\/www.info-algerie.com\/actualites\/wp-json\/wp\/v2\/posts\/16358","targetHints":{"allow":["GET"]}}],"collection":[{"href":"https:\/\/www.info-algerie.com\/actualites\/wp-json\/wp\/v2\/posts"}],"about":[{"href":"https:\/\/www.info-algerie.com\/actualites\/wp-json\/wp\/v2\/types\/post"}],"author":[{"embeddable":true,"href":"https:\/\/www.info-algerie.com\/actualites\/wp-json\/wp\/v2\/users\/6"}],"replies":[{"embeddable":true,"href":"https:\/\/www.info-algerie.com\/actualites\/wp-json\/wp\/v2\/comments?post=16358"}],"version-history":[{"count":0,"href":"https:\/\/www.info-algerie.com\/actualites\/wp-json\/wp\/v2\/posts\/16358\/revisions"}],"wp:featuredmedia":[{"embeddable":true,"href":"https:\/\/www.info-algerie.com\/actualites\/wp-json\/wp\/v2\/media\/16359"}],"wp:attachment":[{"href":"https:\/\/www.info-algerie.com\/actualites\/wp-json\/wp\/v2\/media?parent=16358"}],"wp:term":[{"taxonomy":"category","embeddable":true,"href":"https:\/\/www.info-algerie.com\/actualites\/wp-json\/wp\/v2\/categories?post=16358"},{"taxonomy":"post_tag","embeddable":true,"href":"https:\/\/www.info-algerie.com\/actualites\/wp-json\/wp\/v2\/tags?post=16358"}],"curies":[{"name":"wp","href":"https:\/\/api.w.org\/{rel}","templated":true}]}}