{"id":16361,"date":"2017-09-26T19:48:21","date_gmt":"2017-09-26T18:48:21","guid":{"rendered":"http:\/\/www.info-algerie.com\/actualites\/le-president-bouteflika-felicite-la-chanceliere-allemande-et-linvite-a-effectuer-une-visite-officielle-en-algerie\/"},"modified":"2017-09-26T19:48:21","modified_gmt":"2017-09-26T18:48:21","slug":"le-president-bouteflika-felicite-la-chanceliere-allemande-et-linvite-a-effectuer-une-visite-officielle-en-algerie","status":"publish","type":"post","link":"https:\/\/www.info-algerie.com\/actualites\/le-president-bouteflika-felicite-la-chanceliere-allemande-et-linvite-a-effectuer-une-visite-officielle-en-algerie\/","title":{"rendered":"Le Pr\u00e9sident Bouteflika f\u00e9licite la chanceli\u00e8re allemande et l&#039;invite \u00e0 effectuer une visite officielle en Alg\u00e9rie"},"content":{"rendered":"<div class=\"K2FeedImage\"><img decoding=\"async\" src=\"https:\/\/www.info-algerie.com\/actualites\/wp-content\/uploads\/2017\/09\/626102158797cc9b925d2704efcf2389_S.jpg\" alt=\"Le Pr&#xE9;sident Bouteflika f&#xE9;licite la chanceli&#xE8;re allemande et l'invite &#xE0; effectuer une visite officielle en Alg&#xE9;rie\" \/><\/div>\n<div class=\"K2FeedIntroText\">\n<p>ALGER &#8211; Le pr\u00e9sident de la R\u00e9publique, Abdelaziz Bouteflika, a adress\u00e9 mardi un message de f\u00e9licitations \u00e0 la Chanceli\u00e8re allemande, Angela Merkel, \u00e0 l&rsquo;occasion de la victoire de son parti politique aux derni\u00e8res l\u00e9gislatives, dans lequel il l&rsquo;a invit\u00e9e \u00e0\u00a0 effectuer une visite officielle en Alg\u00e9rie.<\/p>\n<p>&#013;\n<\/p><\/div>\n<div class=\"K2FeedFullText\">&#013;<\/p>\n<p><span lang=\"FR\">\u00ab\u00a0C&rsquo;est avec un plaisir r\u00e9el que j&rsquo;ai appris la victoire de votre parti\u00a0 politique aux derni\u00e8res l\u00e9gislatives allemandes, ce qui ouvre, si heureusement, la voie \u00e0 votre reconduction \u00e0 la Chancellerie de votre pays ami\u00a0\u00bb, \u00e9crit le Pr\u00e9sident Bouteflika dans son message. <\/span><\/p>\n<p>&#013;<\/p>\n<p><span lang=\"FR\">\u00ab\u00a0Au nom du peuple et du gouvernement alg\u00e9riens et en mon nom personnel, je vous exprime nos chaleureuses f\u00e9licitations pour ce brillant succ\u00e8s. Cette cons\u00e9cration qui est la v\u00f4tre est une juste reconnaissance par le peuple allemand des efforts louables que vous avez investis et des r\u00e9sultats dignes d&rsquo;\u00e9loge que vous avez r\u00e9alis\u00e9s pour le d\u00e9veloppement de votre pays et pour son rayonnement dans le monde\u00a0\u00bb, ajoute le chef de l&rsquo;Etat. <\/span><\/p>\n<p>&#013;<\/p>\n<p><span lang=\"FR\">\u00ab\u00a0Au cours des derni\u00e8res ann\u00e9es, l&rsquo;Alg\u00e9rie et l&rsquo;Allemagne, sous votre direction, ont su consolider et \u00e9largir leur coop\u00e9ration bilat\u00e9rale dans plusieurs domaines et ont ouvert \u00e9galement de nouvelles perspectives pour l&rsquo;approfondissement de ces liens, au b\u00e9n\u00e9fice de nos deux peuples\u00a0\u00bb, rel\u00e8ve le pr\u00e9sident de la R\u00e9publique. <\/span><\/p>\n<p>&#013;<\/p>\n<p><span lang=\"FR\">\u00ab\u00a0C&rsquo;est dans le but de concr\u00e9tiser ensemble ces perspectives prometteuses pour l&rsquo;amiti\u00e9 et la coop\u00e9ration alg\u00e9ro-allemande et de poursuivre avec vous le dialogue fructueux que nous avons d\u00e9j\u00e0 nou\u00e9, que j&rsquo;ai grand plaisir \u00e0 vous inviter \u00e0 effectuer une visite officielle en Alg\u00e9rie \u00e0 une date dont nous conviendrons par voie diplomatique\u00a0\u00bb, indique le chef de l&rsquo;Etat. <\/span><\/p>\n<p>&#013;<\/p>\n<p class=\"MsoNormal\"><span lang=\"FR\">\u00ab\u00a0Dans cette heureuse perspective, je forme mes v\u0153ux les meilleurs pour la\u00a0 <\/span><span lang=\"FR\">r\u00e9ussite de votre noble mission et pour davantage de progr\u00e8s pour le peuple allemand ami\u00a0\u00bb, conclut le pr\u00e9sident de la R\u00e9publique.<\/span><\/p>\n<p>&#013;<\/p>\n<p>\u00a0<\/p>\n<p>&#013;<\/p>\n<p class=\"MsoNormal\"><b><span lang=\"FR\" style=\"font-size: 12.0pt;line-height: 115%\">\u00a0<\/span><\/b><\/p>\n<\/div>\n<p>&#013;<br \/>\nSource: <a href=\"http:\/\/www.aps.dz\/algerie\/63289-le-president-bouteflika-felicite-la-chanceliere-allemande-et-l-invite-a-effectuer-une-visite-officielle-en-algerie\" target=\"_blank\">Le Pr\u00e9sident Bouteflika f\u00e9licite la chanceli\u00e8re allemande et l&rsquo;invite \u00e0 effectuer une visite officielle en Alg\u00e9rie<\/a><\/p>\n<!--CusAds0-->\n<div style=\"font-size: 0px; height: 0px; line-height: 0px; margin: 0; padding: 0; clear: both;\"><\/div>","protected":false},"excerpt":{"rendered":"<p>ALGER &#8211; Le pr\u00e9sident de la R\u00e9publique, Abdelaziz Bouteflika, a adress\u00e9 mardi un message de f\u00e9licitations \u00e0 la Chanceli\u00e8re allemande, Angela Merkel, \u00e0 l&rsquo;occasion de la victoire de son parti politique aux derni\u00e8res l\u00e9gislatives, dans lequel il l&rsquo;a invit\u00e9e \u00e0\u00a0 effectuer une visite officielle en Alg\u00e9rie. &#013; &#013; \u00ab\u00a0C&rsquo;est avec un plaisir r\u00e9el que j&rsquo;ai<\/p>\n","protected":false},"author":6,"featured_media":16362,"comment_status":"open","ping_status":"open","sticky":false,"template":"","format":"standard","meta":{"footnotes":""},"categories":[22],"tags":[93],"class_list":["post-16361","post","type-post","status-publish","format-standard","has-post-thumbnail","hentry","category-infos","tag-onu"],"yoast_head":"<!-- This site is optimized with the Yoast SEO plugin v27.5 - https:\/\/yoast.com\/product\/yoast-seo-wordpress\/ -->\n<title>Le Pr\u00e9sident Bouteflika f\u00e9licite la chanceli\u00e8re allemande et l&#039;invite \u00e0 effectuer une visite officielle en Alg\u00e9rie - info algerie<\/title>\n<meta name=\"robots\" content=\"index, follow, max-snippet:-1, max-image-preview:large, max-video-preview:-1\" \/>\n<link rel=\"canonical\" href=\"https:\/\/www.info-algerie.com\/actualites\/le-president-bouteflika-felicite-la-chanceliere-allemande-et-linvite-a-effectuer-une-visite-officielle-en-algerie\/\" \/>\n<meta property=\"og:locale\" content=\"fr_FR\" \/>\n<meta property=\"og:type\" content=\"article\" \/>\n<meta property=\"og:title\" content=\"Le Pr\u00e9sident Bouteflika f\u00e9licite la chanceli\u00e8re allemande et l&#039;invite \u00e0 effectuer une visite officielle en Alg\u00e9rie - info algerie\" \/>\n<meta property=\"og:description\" content=\"ALGER &#8211; Le pr\u00e9sident de la R\u00e9publique, Abdelaziz Bouteflika, a adress\u00e9 mardi un message de f\u00e9licitations \u00e0 la Chanceli\u00e8re allemande, Angela Merkel, \u00e0 l&rsquo;occasion de la victoire de son parti politique aux derni\u00e8res l\u00e9gislatives, dans lequel il l&rsquo;a invit\u00e9e \u00e0\u00a0 effectuer une visite officielle en Alg\u00e9rie. &#013; &#013; \u00ab\u00a0C&rsquo;est avec un plaisir r\u00e9el que j&rsquo;ai\" \/>\n<meta property=\"og:url\" content=\"https:\/\/www.info-algerie.com\/actualites\/le-president-bouteflika-felicite-la-chanceliere-allemande-et-linvite-a-effectuer-une-visite-officielle-en-algerie\/\" \/>\n<meta property=\"og:site_name\" content=\"info algerie\" \/>\n<meta property=\"article:publisher\" content=\"https:\/\/www.facebook.com\/infoalgerieactu\" \/>\n<meta property=\"article:published_time\" content=\"2017-09-26T18:48:21+00:00\" \/>\n<meta property=\"og:image\" content=\"https:\/\/www.info-algerie.com\/actualites\/wp-content\/uploads\/2017\/09\/626102158797cc9b925d2704efcf2389_S-1.jpg\" \/>\n\t<meta property=\"og:image:width\" content=\"280\" \/>\n\t<meta property=\"og:image:height\" content=\"169\" \/>\n\t<meta property=\"og:image:type\" content=\"image\/jpeg\" \/>\n<meta name=\"author\" content=\"La r\u00e9daction\" \/>\n<meta name=\"twitter:label1\" content=\"\u00c9crit par\" \/>\n\t<meta name=\"twitter:data1\" content=\"La r\u00e9daction\" \/>\n\t<meta name=\"twitter:label2\" content=\"Dur\u00e9e de lecture estim\u00e9e\" \/>\n\t<meta name=\"twitter:data2\" content=\"2 minutes\" \/>\n<script type=\"application\/ld+json\" class=\"yoast-schema-graph\">{\"@context\":\"https:\\\/\\\/schema.org\",\"@graph\":[{\"@type\":\"Article\",\"@id\":\"https:\\\/\\\/www.info-algerie.com\\\/actualites\\\/le-president-bouteflika-felicite-la-chanceliere-allemande-et-linvite-a-effectuer-une-visite-officielle-en-algerie\\\/#article\",\"isPartOf\":{\"@id\":\"https:\\\/\\\/www.info-algerie.com\\\/actualites\\\/le-president-bouteflika-felicite-la-chanceliere-allemande-et-linvite-a-effectuer-une-visite-officielle-en-algerie\\\/\"},\"author\":{\"name\":\"La r\u00e9daction\",\"@id\":\"https:\\\/\\\/www.info-algerie.com\\\/actualites\\\/#\\\/schema\\\/person\\\/847aaec44920825b843a08f30ec6aa1e\"},\"headline\":\"Le Pr\u00e9sident Bouteflika f\u00e9licite la chanceli\u00e8re allemande et l&#039;invite \u00e0 effectuer une visite officielle en Alg\u00e9rie\",\"datePublished\":\"2017-09-26T18:48:21+00:00\",\"mainEntityOfPage\":{\"@id\":\"https:\\\/\\\/www.info-algerie.com\\\/actualites\\\/le-president-bouteflika-felicite-la-chanceliere-allemande-et-linvite-a-effectuer-une-visite-officielle-en-algerie\\\/\"},\"wordCount\":382,\"commentCount\":0,\"publisher\":{\"@id\":\"https:\\\/\\\/www.info-algerie.com\\\/actualites\\\/#organization\"},\"image\":{\"@id\":\"https:\\\/\\\/www.info-algerie.com\\\/actualites\\\/le-president-bouteflika-felicite-la-chanceliere-allemande-et-linvite-a-effectuer-une-visite-officielle-en-algerie\\\/#primaryimage\"},\"thumbnailUrl\":\"https:\\\/\\\/www.info-algerie.com\\\/actualites\\\/wp-content\\\/uploads\\\/2017\\\/09\\\/626102158797cc9b925d2704efcf2389_S-1.jpg\",\"keywords\":[\"ONU\"],\"articleSection\":[\"infos\"],\"inLanguage\":\"fr-FR\",\"potentialAction\":[{\"@type\":\"CommentAction\",\"name\":\"Comment\",\"target\":[\"https:\\\/\\\/www.info-algerie.com\\\/actualites\\\/le-president-bouteflika-felicite-la-chanceliere-allemande-et-linvite-a-effectuer-une-visite-officielle-en-algerie\\\/#respond\"]}]},{\"@type\":\"WebPage\",\"@id\":\"https:\\\/\\\/www.info-algerie.com\\\/actualites\\\/le-president-bouteflika-felicite-la-chanceliere-allemande-et-linvite-a-effectuer-une-visite-officielle-en-algerie\\\/\",\"url\":\"https:\\\/\\\/www.info-algerie.com\\\/actualites\\\/le-president-bouteflika-felicite-la-chanceliere-allemande-et-linvite-a-effectuer-une-visite-officielle-en-algerie\\\/\",\"name\":\"Le Pr\u00e9sident Bouteflika f\u00e9licite la chanceli\u00e8re allemande et l&#039;invite \u00e0 effectuer une visite officielle en Alg\u00e9rie - info algerie\",\"isPartOf\":{\"@id\":\"https:\\\/\\\/www.info-algerie.com\\\/actualites\\\/#website\"},\"primaryImageOfPage\":{\"@id\":\"https:\\\/\\\/www.info-algerie.com\\\/actualites\\\/le-president-bouteflika-felicite-la-chanceliere-allemande-et-linvite-a-effectuer-une-visite-officielle-en-algerie\\\/#primaryimage\"},\"image\":{\"@id\":\"https:\\\/\\\/www.info-algerie.com\\\/actualites\\\/le-president-bouteflika-felicite-la-chanceliere-allemande-et-linvite-a-effectuer-une-visite-officielle-en-algerie\\\/#primaryimage\"},\"thumbnailUrl\":\"https:\\\/\\\/www.info-algerie.com\\\/actualites\\\/wp-content\\\/uploads\\\/2017\\\/09\\\/626102158797cc9b925d2704efcf2389_S-1.jpg\",\"datePublished\":\"2017-09-26T18:48:21+00:00\",\"breadcrumb\":{\"@id\":\"https:\\\/\\\/www.info-algerie.com\\\/actualites\\\/le-president-bouteflika-felicite-la-chanceliere-allemande-et-linvite-a-effectuer-une-visite-officielle-en-algerie\\\/#breadcrumb\"},\"inLanguage\":\"fr-FR\",\"potentialAction\":[{\"@type\":\"ReadAction\",\"target\":[\"https:\\\/\\\/www.info-algerie.com\\\/actualites\\\/le-president-bouteflika-felicite-la-chanceliere-allemande-et-linvite-a-effectuer-une-visite-officielle-en-algerie\\\/\"]}]},{\"@type\":\"ImageObject\",\"inLanguage\":\"fr-FR\",\"@id\":\"https:\\\/\\\/www.info-algerie.com\\\/actualites\\\/le-president-bouteflika-felicite-la-chanceliere-allemande-et-linvite-a-effectuer-une-visite-officielle-en-algerie\\\/#primaryimage\",\"url\":\"https:\\\/\\\/www.info-algerie.com\\\/actualites\\\/wp-content\\\/uploads\\\/2017\\\/09\\\/626102158797cc9b925d2704efcf2389_S-1.jpg\",\"contentUrl\":\"https:\\\/\\\/www.info-algerie.com\\\/actualites\\\/wp-content\\\/uploads\\\/2017\\\/09\\\/626102158797cc9b925d2704efcf2389_S-1.jpg\",\"width\":280,\"height\":169},{\"@type\":\"BreadcrumbList\",\"@id\":\"https:\\\/\\\/www.info-algerie.com\\\/actualites\\\/le-president-bouteflika-felicite-la-chanceliere-allemande-et-linvite-a-effectuer-une-visite-officielle-en-algerie\\\/#breadcrumb\",\"itemListElement\":[{\"@type\":\"ListItem\",\"position\":1,\"name\":\"Accueil\",\"item\":\"https:\\\/\\\/www.info-algerie.com\\\/actualites\\\/\"},{\"@type\":\"ListItem\",\"position\":2,\"name\":\"Le Pr\u00e9sident Bouteflika f\u00e9licite la chanceli\u00e8re allemande et l&#039;invite \u00e0 effectuer une visite officielle en Alg\u00e9rie\"}]},{\"@type\":\"WebSite\",\"@id\":\"https:\\\/\\\/www.info-algerie.com\\\/actualites\\\/#website\",\"url\":\"https:\\\/\\\/www.info-algerie.com\\\/actualites\\\/\",\"name\":\"info algerie\",\"description\":\"Toutes les actualit\u00e9s\",\"publisher\":{\"@id\":\"https:\\\/\\\/www.info-algerie.com\\\/actualites\\\/#organization\"},\"potentialAction\":[{\"@type\":\"SearchAction\",\"target\":{\"@type\":\"EntryPoint\",\"urlTemplate\":\"https:\\\/\\\/www.info-algerie.com\\\/actualites\\\/?s={search_term_string}\"},\"query-input\":{\"@type\":\"PropertyValueSpecification\",\"valueRequired\":true,\"valueName\":\"search_term_string\"}}],\"inLanguage\":\"fr-FR\"},{\"@type\":\"Organization\",\"@id\":\"https:\\\/\\\/www.info-algerie.com\\\/actualites\\\/#organization\",\"name\":\"info algerie\",\"url\":\"https:\\\/\\\/www.info-algerie.com\\\/actualites\\\/\",\"logo\":{\"@type\":\"ImageObject\",\"inLanguage\":\"fr-FR\",\"@id\":\"https:\\\/\\\/www.info-algerie.com\\\/actualites\\\/#\\\/schema\\\/logo\\\/image\\\/\",\"url\":\"https:\\\/\\\/www.info-algerie.com\\\/actualites\\\/wp-content\\\/uploads\\\/2022\\\/07\\\/logo-ia-120.png\",\"contentUrl\":\"https:\\\/\\\/www.info-algerie.com\\\/actualites\\\/wp-content\\\/uploads\\\/2022\\\/07\\\/logo-ia-120.png\",\"width\":120,\"height\":43,\"caption\":\"info algerie\"},\"image\":{\"@id\":\"https:\\\/\\\/www.info-algerie.com\\\/actualites\\\/#\\\/schema\\\/logo\\\/image\\\/\"},\"sameAs\":[\"https:\\\/\\\/www.facebook.com\\\/infoalgerieactu\",\"https:\\\/\\\/x.com\\\/infoalgerie1\"]},{\"@type\":\"Person\",\"@id\":\"https:\\\/\\\/www.info-algerie.com\\\/actualites\\\/#\\\/schema\\\/person\\\/847aaec44920825b843a08f30ec6aa1e\",\"name\":\"La r\u00e9daction\",\"image\":{\"@type\":\"ImageObject\",\"inLanguage\":\"fr-FR\",\"@id\":\"https:\\\/\\\/secure.gravatar.com\\\/avatar\\\/769db425c6f465158149f1ffd6cf61ce7a8a879d11dfbef8288af36dfddd418c?s=96&d=mm&r=g\",\"url\":\"https:\\\/\\\/secure.gravatar.com\\\/avatar\\\/769db425c6f465158149f1ffd6cf61ce7a8a879d11dfbef8288af36dfddd418c?s=96&d=mm&r=g\",\"contentUrl\":\"https:\\\/\\\/secure.gravatar.com\\\/avatar\\\/769db425c6f465158149f1ffd6cf61ce7a8a879d11dfbef8288af36dfddd418c?s=96&d=mm&r=g\",\"caption\":\"La r\u00e9daction\"},\"sameAs\":[\"http:\\\/\\\/www.lkeria.com\\\/\"],\"url\":\"https:\\\/\\\/www.info-algerie.com\\\/actualites\\\/author\\\/chakib32\\\/\"}]}<\/script>\n<!-- \/ Yoast SEO plugin. -->","yoast_head_json":{"title":"Le Pr\u00e9sident Bouteflika f\u00e9licite la chanceli\u00e8re allemande et l&#039;invite \u00e0 effectuer une visite officielle en Alg\u00e9rie - info algerie","robots":{"index":"index","follow":"follow","max-snippet":"max-snippet:-1","max-image-preview":"max-image-preview:large","max-video-preview":"max-video-preview:-1"},"canonical":"https:\/\/www.info-algerie.com\/actualites\/le-president-bouteflika-felicite-la-chanceliere-allemande-et-linvite-a-effectuer-une-visite-officielle-en-algerie\/","og_locale":"fr_FR","og_type":"article","og_title":"Le Pr\u00e9sident Bouteflika f\u00e9licite la chanceli\u00e8re allemande et l&#039;invite \u00e0 effectuer une visite officielle en Alg\u00e9rie - info algerie","og_description":"ALGER &#8211; Le pr\u00e9sident de la R\u00e9publique, Abdelaziz Bouteflika, a adress\u00e9 mardi un message de f\u00e9licitations \u00e0 la Chanceli\u00e8re allemande, Angela Merkel, \u00e0 l&rsquo;occasion de la victoire de son parti politique aux derni\u00e8res l\u00e9gislatives, dans lequel il l&rsquo;a invit\u00e9e \u00e0\u00a0 effectuer une visite officielle en Alg\u00e9rie. &#013; &#013; \u00ab\u00a0C&rsquo;est avec un plaisir r\u00e9el que j&rsquo;ai","og_url":"https:\/\/www.info-algerie.com\/actualites\/le-president-bouteflika-felicite-la-chanceliere-allemande-et-linvite-a-effectuer-une-visite-officielle-en-algerie\/","og_site_name":"info algerie","article_publisher":"https:\/\/www.facebook.com\/infoalgerieactu","article_published_time":"2017-09-26T18:48:21+00:00","og_image":[{"width":280,"height":169,"url":"https:\/\/www.info-algerie.com\/actualites\/wp-content\/uploads\/2017\/09\/626102158797cc9b925d2704efcf2389_S-1.jpg","type":"image\/jpeg"}],"author":"La r\u00e9daction","twitter_misc":{"\u00c9crit par":"La r\u00e9daction","Dur\u00e9e de lecture estim\u00e9e":"2 minutes"},"schema":{"@context":"https:\/\/schema.org","@graph":[{"@type":"Article","@id":"https:\/\/www.info-algerie.com\/actualites\/le-president-bouteflika-felicite-la-chanceliere-allemande-et-linvite-a-effectuer-une-visite-officielle-en-algerie\/#article","isPartOf":{"@id":"https:\/\/www.info-algerie.com\/actualites\/le-president-bouteflika-felicite-la-chanceliere-allemande-et-linvite-a-effectuer-une-visite-officielle-en-algerie\/"},"author":{"name":"La r\u00e9daction","@id":"https:\/\/www.info-algerie.com\/actualites\/#\/schema\/person\/847aaec44920825b843a08f30ec6aa1e"},"headline":"Le Pr\u00e9sident Bouteflika f\u00e9licite la chanceli\u00e8re allemande et l&#039;invite \u00e0 effectuer une visite officielle en Alg\u00e9rie","datePublished":"2017-09-26T18:48:21+00:00","mainEntityOfPage":{"@id":"https:\/\/www.info-algerie.com\/actualites\/le-president-bouteflika-felicite-la-chanceliere-allemande-et-linvite-a-effectuer-une-visite-officielle-en-algerie\/"},"wordCount":382,"commentCount":0,"publisher":{"@id":"https:\/\/www.info-algerie.com\/actualites\/#organization"},"image":{"@id":"https:\/\/www.info-algerie.com\/actualites\/le-president-bouteflika-felicite-la-chanceliere-allemande-et-linvite-a-effectuer-une-visite-officielle-en-algerie\/#primaryimage"},"thumbnailUrl":"https:\/\/www.info-algerie.com\/actualites\/wp-content\/uploads\/2017\/09\/626102158797cc9b925d2704efcf2389_S-1.jpg","keywords":["ONU"],"articleSection":["infos"],"inLanguage":"fr-FR","potentialAction":[{"@type":"CommentAction","name":"Comment","target":["https:\/\/www.info-algerie.com\/actualites\/le-president-bouteflika-felicite-la-chanceliere-allemande-et-linvite-a-effectuer-une-visite-officielle-en-algerie\/#respond"]}]},{"@type":"WebPage","@id":"https:\/\/www.info-algerie.com\/actualites\/le-president-bouteflika-felicite-la-chanceliere-allemande-et-linvite-a-effectuer-une-visite-officielle-en-algerie\/","url":"https:\/\/www.info-algerie.com\/actualites\/le-president-bouteflika-felicite-la-chanceliere-allemande-et-linvite-a-effectuer-une-visite-officielle-en-algerie\/","name":"Le Pr\u00e9sident Bouteflika f\u00e9licite la chanceli\u00e8re allemande et l&#039;invite \u00e0 effectuer une visite officielle en Alg\u00e9rie - info algerie","isPartOf":{"@id":"https:\/\/www.info-algerie.com\/actualites\/#website"},"primaryImageOfPage":{"@id":"https:\/\/www.info-algerie.com\/actualites\/le-president-bouteflika-felicite-la-chanceliere-allemande-et-linvite-a-effectuer-une-visite-officielle-en-algerie\/#primaryimage"},"image":{"@id":"https:\/\/www.info-algerie.com\/actualites\/le-president-bouteflika-felicite-la-chanceliere-allemande-et-linvite-a-effectuer-une-visite-officielle-en-algerie\/#primaryimage"},"thumbnailUrl":"https:\/\/www.info-algerie.com\/actualites\/wp-content\/uploads\/2017\/09\/626102158797cc9b925d2704efcf2389_S-1.jpg","datePublished":"2017-09-26T18:48:21+00:00","breadcrumb":{"@id":"https:\/\/www.info-algerie.com\/actualites\/le-president-bouteflika-felicite-la-chanceliere-allemande-et-linvite-a-effectuer-une-visite-officielle-en-algerie\/#breadcrumb"},"inLanguage":"fr-FR","potentialAction":[{"@type":"ReadAction","target":["https:\/\/www.info-algerie.com\/actualites\/le-president-bouteflika-felicite-la-chanceliere-allemande-et-linvite-a-effectuer-une-visite-officielle-en-algerie\/"]}]},{"@type":"ImageObject","inLanguage":"fr-FR","@id":"https:\/\/www.info-algerie.com\/actualites\/le-president-bouteflika-felicite-la-chanceliere-allemande-et-linvite-a-effectuer-une-visite-officielle-en-algerie\/#primaryimage","url":"https:\/\/www.info-algerie.com\/actualites\/wp-content\/uploads\/2017\/09\/626102158797cc9b925d2704efcf2389_S-1.jpg","contentUrl":"https:\/\/www.info-algerie.com\/actualites\/wp-content\/uploads\/2017\/09\/626102158797cc9b925d2704efcf2389_S-1.jpg","width":280,"height":169},{"@type":"BreadcrumbList","@id":"https:\/\/www.info-algerie.com\/actualites\/le-president-bouteflika-felicite-la-chanceliere-allemande-et-linvite-a-effectuer-une-visite-officielle-en-algerie\/#breadcrumb","itemListElement":[{"@type":"ListItem","position":1,"name":"Accueil","item":"https:\/\/www.info-algerie.com\/actualites\/"},{"@type":"ListItem","position":2,"name":"Le Pr\u00e9sident Bouteflika f\u00e9licite la chanceli\u00e8re allemande et l&#039;invite \u00e0 effectuer une visite officielle en Alg\u00e9rie"}]},{"@type":"WebSite","@id":"https:\/\/www.info-algerie.com\/actualites\/#website","url":"https:\/\/www.info-algerie.com\/actualites\/","name":"info algerie","description":"Toutes les actualit\u00e9s","publisher":{"@id":"https:\/\/www.info-algerie.com\/actualites\/#organization"},"potentialAction":[{"@type":"SearchAction","target":{"@type":"EntryPoint","urlTemplate":"https:\/\/www.info-algerie.com\/actualites\/?s={search_term_string}"},"query-input":{"@type":"PropertyValueSpecification","valueRequired":true,"valueName":"search_term_string"}}],"inLanguage":"fr-FR"},{"@type":"Organization","@id":"https:\/\/www.info-algerie.com\/actualites\/#organization","name":"info algerie","url":"https:\/\/www.info-algerie.com\/actualites\/","logo":{"@type":"ImageObject","inLanguage":"fr-FR","@id":"https:\/\/www.info-algerie.com\/actualites\/#\/schema\/logo\/image\/","url":"https:\/\/www.info-algerie.com\/actualites\/wp-content\/uploads\/2022\/07\/logo-ia-120.png","contentUrl":"https:\/\/www.info-algerie.com\/actualites\/wp-content\/uploads\/2022\/07\/logo-ia-120.png","width":120,"height":43,"caption":"info algerie"},"image":{"@id":"https:\/\/www.info-algerie.com\/actualites\/#\/schema\/logo\/image\/"},"sameAs":["https:\/\/www.facebook.com\/infoalgerieactu","https:\/\/x.com\/infoalgerie1"]},{"@type":"Person","@id":"https:\/\/www.info-algerie.com\/actualites\/#\/schema\/person\/847aaec44920825b843a08f30ec6aa1e","name":"La r\u00e9daction","image":{"@type":"ImageObject","inLanguage":"fr-FR","@id":"https:\/\/secure.gravatar.com\/avatar\/769db425c6f465158149f1ffd6cf61ce7a8a879d11dfbef8288af36dfddd418c?s=96&d=mm&r=g","url":"https:\/\/secure.gravatar.com\/avatar\/769db425c6f465158149f1ffd6cf61ce7a8a879d11dfbef8288af36dfddd418c?s=96&d=mm&r=g","contentUrl":"https:\/\/secure.gravatar.com\/avatar\/769db425c6f465158149f1ffd6cf61ce7a8a879d11dfbef8288af36dfddd418c?s=96&d=mm&r=g","caption":"La r\u00e9daction"},"sameAs":["http:\/\/www.lkeria.com\/"],"url":"https:\/\/www.info-algerie.com\/actualites\/author\/chakib32\/"}]}},"_links":{"self":[{"href":"https:\/\/www.info-algerie.com\/actualites\/wp-json\/wp\/v2\/posts\/16361","targetHints":{"allow":["GET"]}}],"collection":[{"href":"https:\/\/www.info-algerie.com\/actualites\/wp-json\/wp\/v2\/posts"}],"about":[{"href":"https:\/\/www.info-algerie.com\/actualites\/wp-json\/wp\/v2\/types\/post"}],"author":[{"embeddable":true,"href":"https:\/\/www.info-algerie.com\/actualites\/wp-json\/wp\/v2\/users\/6"}],"replies":[{"embeddable":true,"href":"https:\/\/www.info-algerie.com\/actualites\/wp-json\/wp\/v2\/comments?post=16361"}],"version-history":[{"count":0,"href":"https:\/\/www.info-algerie.com\/actualites\/wp-json\/wp\/v2\/posts\/16361\/revisions"}],"wp:featuredmedia":[{"embeddable":true,"href":"https:\/\/www.info-algerie.com\/actualites\/wp-json\/wp\/v2\/media\/16362"}],"wp:attachment":[{"href":"https:\/\/www.info-algerie.com\/actualites\/wp-json\/wp\/v2\/media?parent=16361"}],"wp:term":[{"taxonomy":"category","embeddable":true,"href":"https:\/\/www.info-algerie.com\/actualites\/wp-json\/wp\/v2\/categories?post=16361"},{"taxonomy":"post_tag","embeddable":true,"href":"https:\/\/www.info-algerie.com\/actualites\/wp-json\/wp\/v2\/tags?post=16361"}],"curies":[{"name":"wp","href":"https:\/\/api.w.org\/{rel}","templated":true}]}}