{"id":16365,"date":"2017-09-26T20:30:39","date_gmt":"2017-09-26T19:30:39","guid":{"rendered":"http:\/\/www.info-algerie.com\/actualites\/le-ministre-de-linterieur-de-la-republique-du-congo-effectue-une-visite-au-centre-de-commandement-et-de-controle-de-la-dgsn\/"},"modified":"2017-09-26T20:30:39","modified_gmt":"2017-09-26T19:30:39","slug":"le-ministre-de-linterieur-de-la-republique-du-congo-effectue-une-visite-au-centre-de-commandement-et-de-controle-de-la-dgsn","status":"publish","type":"post","link":"https:\/\/www.info-algerie.com\/actualites\/le-ministre-de-linterieur-de-la-republique-du-congo-effectue-une-visite-au-centre-de-commandement-et-de-controle-de-la-dgsn\/","title":{"rendered":"Le ministre de l&#039;Int\u00e9rieur de la R\u00e9publique du Congo effectue une visite au Centre de commandement et de contr\u00f4le de la DGSN\u00a0"},"content":{"rendered":"<div class=\"K2FeedImage\"><img decoding=\"async\" src=\"https:\/\/www.info-algerie.com\/actualites\/wp-content\/uploads\/2017\/09\/9d028d1c8351c1be25388f71fcd7224e_S.jpg\" alt=\"Le ministre de l'Int&#xE9;rieur de la R&#xE9;publique du Congo effectue une visite au Centre de commandement et de contr&#xF4;le de la DGSN&#xA0;\" \/><\/div>\n<div class=\"K2FeedIntroText\">\n<p class=\"MsoNormal\">ALGER &#8211;\u00a0 Le ministre de l&rsquo;Int\u00e9rieur de la R\u00e9publique du Congo, Raymond Z\u00e9phirin Mboulou, a effectu\u00e9 mardi \u00e0 Alger une visite au Centre de commandement et de contr\u00f4le (CCC) de la Direction g\u00e9n\u00e9rale de la S\u00fbret\u00e9 nationale (DGSN) o\u00f9 il a re\u00e7u des explications sur le fonctionnement\u00a0 et la coordination entre les diff\u00e9rents services qui g\u00e8rent et coordonnent le flux d&rsquo;images parvenant en temps r\u00e9el des diff\u00e9rentes r\u00e9gions du pays.\u00a0<\/p>\n<p>&#013;\n<\/p><\/div>\n<div class=\"K2FeedFullText\">&#013;<\/p>\n<p class=\"MsoNormal\"><span lang=\"FR\">Accompagn\u00e9 du directeur g\u00e9n\u00e9ral de la S\u00fbret\u00e9 nationale, le g\u00e9n\u00e9ral-major Abdelghani Hamel, le ministre congolais a visit\u00e9 les huit salles op\u00e9rationnelles qui g\u00e8rent notamment le trafic routier et visualisent le flux des images vid\u00e9o parvenant des diff\u00e9rentes institutions et \u00e9difices de la capitale, mais aussi des centres de surveillance des autres wilayas.\u00a0 <\/span><\/p>\n<p>&#013;<\/p>\n<p class=\"MsoNormal\"><span lang=\"FR\">Le ministre congolais a \u00e9galement re\u00e7u des explications sur les diff\u00e9rents supports utilis\u00e9s par la DGSN dans le cadre de la lutte contre les diff\u00e9rentes formes de crime, \u00e0 travers une surveillance a\u00e9rienne par des h\u00e9licopt\u00e8res \u00e9quip\u00e9s de cam\u00e9ras haute d\u00e9finition et de haute technicit\u00e9.\u00a0\u00a0 <\/span><\/p>\n<p>&#013;<\/p>\n<p class=\"MsoNormal\"><span lang=\"FR\">\u00ab\u00a0Nous sommes \u00e9merveill\u00e9s par cette organisation et nous f\u00e9licitions de ce\u00a0 fait les autorit\u00e9s de la R\u00e9publique alg\u00e9rienne pour les efforts consentis\u00a0 en la mati\u00e8re\u00a0\u00bb, a indiqu\u00e9 M. Mboulou \u00e0 la presse en marge de cette visite. <\/span><\/p>\n<p>&#013;<\/p>\n<p class=\"MsoNormal\"><span lang=\"FR\">Evoquant la coop\u00e9ration entre l&rsquo;Alg\u00e9rie et la R\u00e9publique du Congo, il a relev\u00e9 que \u00ab\u00a0l&rsquo;Alg\u00e9rie a toujours \u00e9t\u00e9 \u00e0 nos c\u00f4t\u00e9s et ce, depuis notre ind\u00e9pendance\u00a0\u00bb, pr\u00e9cisant que \u00ab\u00a0depuis le mois de mars dernier, les Pr\u00e9sidents des deux pays ont relanc\u00e9 cette coop\u00e9ration qui \u00e9tait en veille\u00a0\u00bb. <\/span><\/p>\n<p>&#013;<\/p>\n<p class=\"MsoNormal\"><span lang=\"FR\">\u00ab\u00a0Nous travaillons aussi dans le cadre de l&rsquo;Afripol, dont le si\u00e8ge se\u00a0 trouve \u00e0 Alger\u00a0\u00bb, a-t-il dit, rappelant que son pays, qui est \u00ab\u00a0membre \u00e0 part\u00a0 enti\u00e8re de ce m\u00e9canisme\u00a0\u00bb, avait abrit\u00e9 l&rsquo;assembl\u00e9e g\u00e9n\u00e9rale de l&rsquo;Afripol,\u00a0 l&rsquo;ann\u00e9e derni\u00e8re \u00e0 Brazzaville\u00a0\u00bb.<\/span><\/p>\n<p>&#013;<\/p>\n<p class=\"MsoNormal\"><span lang=\"FR\">De son c\u00f4t\u00e9 M. Hamel qui est \u00e9galement pr\u00e9sident de l&rsquo;Afripol, a indiqu\u00e9\u00a0 que la DGSN est \u00ab\u00a0dispos\u00e9e\u00a0\u00bb, dans le cadre de la coop\u00e9ration bilat\u00e9rale\u00a0 entre les deux pays, \u00e0 \u00ab\u00a0consolider cette coop\u00e9ration dans divers domaines\u00a0 et secteurs, notamment la formation et \u00e9change d&rsquo;exp\u00e9riences et\u00a0 d&rsquo;informations\u00a0\u00bb.\u00a0 <\/span><\/p>\n<p>&#013;<\/p>\n<p class=\"MsoNormal\"><span lang=\"FR\">\u00ab\u00a0La DGSN est dispos\u00e9e \u00e0 consolider cette coop\u00e9ration et aller vers un\u00a0 partenariat dans le cadre de l&rsquo;Afripol\u00a0\u00bb, a-t-il ajout\u00e9. <\/span><\/p>\n<p>&#013;<\/p>\n<p class=\"MsoNormal\"><span lang=\"FR\">M. Mboulou \u00e9tait arriv\u00e9 lundi soir \u00e0 Alger pour une visite de travail de\u00a0 trois jours en Alg\u00e9rie, rappelle-t-on. <\/span><\/p>\n<p>&#013;<\/p>\n<p>\u00a0<\/p>\n<p>&#013;<\/p>\n<p class=\"MsoNormal\"><span lang=\"FR\">\u00a0<\/span><\/p>\n<\/div>\n<p>&#013;<br \/>\nSource: <a href=\"http:\/\/www.aps.dz\/algerie\/63292-le-ministre-de-l-interieur-de-la-republique-du-congo-effectue-une-visite-au-centre-de-commandement-et-de-controle-de-la-dgsn\" target=\"_blank\">Le ministre de l&rsquo;Int\u00e9rieur de la R\u00e9publique du Congo effectue une visite au Centre de commandement et de contr\u00f4le de la DGSN\u00a0<\/a><\/p>\n<!--CusAds0-->\n<div style=\"font-size: 0px; height: 0px; line-height: 0px; margin: 0; padding: 0; clear: both;\"><\/div>","protected":false},"excerpt":{"rendered":"<p>ALGER &#8211;\u00a0 Le ministre de l&rsquo;Int\u00e9rieur de la R\u00e9publique du Congo, Raymond Z\u00e9phirin Mboulou, a effectu\u00e9 mardi \u00e0 Alger une visite au Centre de commandement et de contr\u00f4le (CCC) de la Direction g\u00e9n\u00e9rale de la S\u00fbret\u00e9 nationale (DGSN) o\u00f9 il a re\u00e7u des explications sur le fonctionnement\u00a0 et la coordination entre les diff\u00e9rents services qui<\/p>\n","protected":false},"author":6,"featured_media":16366,"comment_status":"open","ping_status":"open","sticky":false,"template":"","format":"standard","meta":{"footnotes":""},"categories":[22],"tags":[93],"class_list":["post-16365","post","type-post","status-publish","format-standard","has-post-thumbnail","hentry","category-infos","tag-onu"],"yoast_head":"<!-- This site is optimized with the Yoast SEO plugin v27.5 - https:\/\/yoast.com\/product\/yoast-seo-wordpress\/ -->\n<title>Le ministre de l&#039;Int\u00e9rieur de la R\u00e9publique du Congo effectue une visite au Centre de commandement et de contr\u00f4le de la DGSN\u00a0 - info algerie<\/title>\n<meta name=\"robots\" content=\"index, follow, max-snippet:-1, max-image-preview:large, max-video-preview:-1\" \/>\n<link rel=\"canonical\" href=\"https:\/\/www.info-algerie.com\/actualites\/le-ministre-de-linterieur-de-la-republique-du-congo-effectue-une-visite-au-centre-de-commandement-et-de-controle-de-la-dgsn\/\" \/>\n<meta property=\"og:locale\" content=\"fr_FR\" \/>\n<meta property=\"og:type\" content=\"article\" \/>\n<meta property=\"og:title\" content=\"Le ministre de l&#039;Int\u00e9rieur de la R\u00e9publique du Congo effectue une visite au Centre de commandement et de contr\u00f4le de la DGSN\u00a0 - info algerie\" \/>\n<meta property=\"og:description\" content=\"ALGER &#8211;\u00a0 Le ministre de l&rsquo;Int\u00e9rieur de la R\u00e9publique du Congo, Raymond Z\u00e9phirin Mboulou, a effectu\u00e9 mardi \u00e0 Alger une visite au Centre de commandement et de contr\u00f4le (CCC) de la Direction g\u00e9n\u00e9rale de la S\u00fbret\u00e9 nationale (DGSN) o\u00f9 il a re\u00e7u des explications sur le fonctionnement\u00a0 et la coordination entre les diff\u00e9rents services qui\" \/>\n<meta property=\"og:url\" content=\"https:\/\/www.info-algerie.com\/actualites\/le-ministre-de-linterieur-de-la-republique-du-congo-effectue-une-visite-au-centre-de-commandement-et-de-controle-de-la-dgsn\/\" \/>\n<meta property=\"og:site_name\" content=\"info algerie\" \/>\n<meta property=\"article:publisher\" content=\"https:\/\/www.facebook.com\/infoalgerieactu\" \/>\n<meta property=\"article:published_time\" content=\"2017-09-26T19:30:39+00:00\" \/>\n<meta property=\"og:image\" content=\"https:\/\/www.info-algerie.com\/actualites\/wp-content\/uploads\/2017\/09\/9d028d1c8351c1be25388f71fcd7224e_S-1.jpg\" \/>\n\t<meta property=\"og:image:width\" content=\"280\" \/>\n\t<meta property=\"og:image:height\" content=\"169\" \/>\n\t<meta property=\"og:image:type\" content=\"image\/jpeg\" \/>\n<meta name=\"author\" content=\"La r\u00e9daction\" \/>\n<meta name=\"twitter:label1\" content=\"\u00c9crit par\" \/>\n\t<meta name=\"twitter:data1\" content=\"La r\u00e9daction\" \/>\n\t<meta name=\"twitter:label2\" content=\"Dur\u00e9e de lecture estim\u00e9e\" \/>\n\t<meta name=\"twitter:data2\" content=\"2 minutes\" \/>\n<script type=\"application\/ld+json\" class=\"yoast-schema-graph\">{\"@context\":\"https:\\\/\\\/schema.org\",\"@graph\":[{\"@type\":\"Article\",\"@id\":\"https:\\\/\\\/www.info-algerie.com\\\/actualites\\\/le-ministre-de-linterieur-de-la-republique-du-congo-effectue-une-visite-au-centre-de-commandement-et-de-controle-de-la-dgsn\\\/#article\",\"isPartOf\":{\"@id\":\"https:\\\/\\\/www.info-algerie.com\\\/actualites\\\/le-ministre-de-linterieur-de-la-republique-du-congo-effectue-une-visite-au-centre-de-commandement-et-de-controle-de-la-dgsn\\\/\"},\"author\":{\"name\":\"La r\u00e9daction\",\"@id\":\"https:\\\/\\\/www.info-algerie.com\\\/actualites\\\/#\\\/schema\\\/person\\\/847aaec44920825b843a08f30ec6aa1e\"},\"headline\":\"Le ministre de l&#039;Int\u00e9rieur de la R\u00e9publique du Congo effectue une visite au Centre de commandement et de contr\u00f4le de la DGSN\u00a0\",\"datePublished\":\"2017-09-26T19:30:39+00:00\",\"mainEntityOfPage\":{\"@id\":\"https:\\\/\\\/www.info-algerie.com\\\/actualites\\\/le-ministre-de-linterieur-de-la-republique-du-congo-effectue-une-visite-au-centre-de-commandement-et-de-controle-de-la-dgsn\\\/\"},\"wordCount\":497,\"commentCount\":0,\"publisher\":{\"@id\":\"https:\\\/\\\/www.info-algerie.com\\\/actualites\\\/#organization\"},\"image\":{\"@id\":\"https:\\\/\\\/www.info-algerie.com\\\/actualites\\\/le-ministre-de-linterieur-de-la-republique-du-congo-effectue-une-visite-au-centre-de-commandement-et-de-controle-de-la-dgsn\\\/#primaryimage\"},\"thumbnailUrl\":\"https:\\\/\\\/www.info-algerie.com\\\/actualites\\\/wp-content\\\/uploads\\\/2017\\\/09\\\/9d028d1c8351c1be25388f71fcd7224e_S-1.jpg\",\"keywords\":[\"ONU\"],\"articleSection\":[\"infos\"],\"inLanguage\":\"fr-FR\",\"potentialAction\":[{\"@type\":\"CommentAction\",\"name\":\"Comment\",\"target\":[\"https:\\\/\\\/www.info-algerie.com\\\/actualites\\\/le-ministre-de-linterieur-de-la-republique-du-congo-effectue-une-visite-au-centre-de-commandement-et-de-controle-de-la-dgsn\\\/#respond\"]}]},{\"@type\":\"WebPage\",\"@id\":\"https:\\\/\\\/www.info-algerie.com\\\/actualites\\\/le-ministre-de-linterieur-de-la-republique-du-congo-effectue-une-visite-au-centre-de-commandement-et-de-controle-de-la-dgsn\\\/\",\"url\":\"https:\\\/\\\/www.info-algerie.com\\\/actualites\\\/le-ministre-de-linterieur-de-la-republique-du-congo-effectue-une-visite-au-centre-de-commandement-et-de-controle-de-la-dgsn\\\/\",\"name\":\"Le ministre de l&#039;Int\u00e9rieur de la R\u00e9publique du Congo effectue une visite au Centre de commandement et de contr\u00f4le de la DGSN\u00a0 - info algerie\",\"isPartOf\":{\"@id\":\"https:\\\/\\\/www.info-algerie.com\\\/actualites\\\/#website\"},\"primaryImageOfPage\":{\"@id\":\"https:\\\/\\\/www.info-algerie.com\\\/actualites\\\/le-ministre-de-linterieur-de-la-republique-du-congo-effectue-une-visite-au-centre-de-commandement-et-de-controle-de-la-dgsn\\\/#primaryimage\"},\"image\":{\"@id\":\"https:\\\/\\\/www.info-algerie.com\\\/actualites\\\/le-ministre-de-linterieur-de-la-republique-du-congo-effectue-une-visite-au-centre-de-commandement-et-de-controle-de-la-dgsn\\\/#primaryimage\"},\"thumbnailUrl\":\"https:\\\/\\\/www.info-algerie.com\\\/actualites\\\/wp-content\\\/uploads\\\/2017\\\/09\\\/9d028d1c8351c1be25388f71fcd7224e_S-1.jpg\",\"datePublished\":\"2017-09-26T19:30:39+00:00\",\"breadcrumb\":{\"@id\":\"https:\\\/\\\/www.info-algerie.com\\\/actualites\\\/le-ministre-de-linterieur-de-la-republique-du-congo-effectue-une-visite-au-centre-de-commandement-et-de-controle-de-la-dgsn\\\/#breadcrumb\"},\"inLanguage\":\"fr-FR\",\"potentialAction\":[{\"@type\":\"ReadAction\",\"target\":[\"https:\\\/\\\/www.info-algerie.com\\\/actualites\\\/le-ministre-de-linterieur-de-la-republique-du-congo-effectue-une-visite-au-centre-de-commandement-et-de-controle-de-la-dgsn\\\/\"]}]},{\"@type\":\"ImageObject\",\"inLanguage\":\"fr-FR\",\"@id\":\"https:\\\/\\\/www.info-algerie.com\\\/actualites\\\/le-ministre-de-linterieur-de-la-republique-du-congo-effectue-une-visite-au-centre-de-commandement-et-de-controle-de-la-dgsn\\\/#primaryimage\",\"url\":\"https:\\\/\\\/www.info-algerie.com\\\/actualites\\\/wp-content\\\/uploads\\\/2017\\\/09\\\/9d028d1c8351c1be25388f71fcd7224e_S-1.jpg\",\"contentUrl\":\"https:\\\/\\\/www.info-algerie.com\\\/actualites\\\/wp-content\\\/uploads\\\/2017\\\/09\\\/9d028d1c8351c1be25388f71fcd7224e_S-1.jpg\",\"width\":280,\"height\":169},{\"@type\":\"BreadcrumbList\",\"@id\":\"https:\\\/\\\/www.info-algerie.com\\\/actualites\\\/le-ministre-de-linterieur-de-la-republique-du-congo-effectue-une-visite-au-centre-de-commandement-et-de-controle-de-la-dgsn\\\/#breadcrumb\",\"itemListElement\":[{\"@type\":\"ListItem\",\"position\":1,\"name\":\"Accueil\",\"item\":\"https:\\\/\\\/www.info-algerie.com\\\/actualites\\\/\"},{\"@type\":\"ListItem\",\"position\":2,\"name\":\"Le ministre de l&#039;Int\u00e9rieur de la R\u00e9publique du Congo effectue une visite au Centre de commandement et de contr\u00f4le de la DGSN\u00a0\"}]},{\"@type\":\"WebSite\",\"@id\":\"https:\\\/\\\/www.info-algerie.com\\\/actualites\\\/#website\",\"url\":\"https:\\\/\\\/www.info-algerie.com\\\/actualites\\\/\",\"name\":\"info algerie\",\"description\":\"Toutes les actualit\u00e9s\",\"publisher\":{\"@id\":\"https:\\\/\\\/www.info-algerie.com\\\/actualites\\\/#organization\"},\"potentialAction\":[{\"@type\":\"SearchAction\",\"target\":{\"@type\":\"EntryPoint\",\"urlTemplate\":\"https:\\\/\\\/www.info-algerie.com\\\/actualites\\\/?s={search_term_string}\"},\"query-input\":{\"@type\":\"PropertyValueSpecification\",\"valueRequired\":true,\"valueName\":\"search_term_string\"}}],\"inLanguage\":\"fr-FR\"},{\"@type\":\"Organization\",\"@id\":\"https:\\\/\\\/www.info-algerie.com\\\/actualites\\\/#organization\",\"name\":\"info algerie\",\"url\":\"https:\\\/\\\/www.info-algerie.com\\\/actualites\\\/\",\"logo\":{\"@type\":\"ImageObject\",\"inLanguage\":\"fr-FR\",\"@id\":\"https:\\\/\\\/www.info-algerie.com\\\/actualites\\\/#\\\/schema\\\/logo\\\/image\\\/\",\"url\":\"https:\\\/\\\/www.info-algerie.com\\\/actualites\\\/wp-content\\\/uploads\\\/2022\\\/07\\\/logo-ia-120.png\",\"contentUrl\":\"https:\\\/\\\/www.info-algerie.com\\\/actualites\\\/wp-content\\\/uploads\\\/2022\\\/07\\\/logo-ia-120.png\",\"width\":120,\"height\":43,\"caption\":\"info algerie\"},\"image\":{\"@id\":\"https:\\\/\\\/www.info-algerie.com\\\/actualites\\\/#\\\/schema\\\/logo\\\/image\\\/\"},\"sameAs\":[\"https:\\\/\\\/www.facebook.com\\\/infoalgerieactu\",\"https:\\\/\\\/x.com\\\/infoalgerie1\"]},{\"@type\":\"Person\",\"@id\":\"https:\\\/\\\/www.info-algerie.com\\\/actualites\\\/#\\\/schema\\\/person\\\/847aaec44920825b843a08f30ec6aa1e\",\"name\":\"La r\u00e9daction\",\"image\":{\"@type\":\"ImageObject\",\"inLanguage\":\"fr-FR\",\"@id\":\"https:\\\/\\\/secure.gravatar.com\\\/avatar\\\/769db425c6f465158149f1ffd6cf61ce7a8a879d11dfbef8288af36dfddd418c?s=96&d=mm&r=g\",\"url\":\"https:\\\/\\\/secure.gravatar.com\\\/avatar\\\/769db425c6f465158149f1ffd6cf61ce7a8a879d11dfbef8288af36dfddd418c?s=96&d=mm&r=g\",\"contentUrl\":\"https:\\\/\\\/secure.gravatar.com\\\/avatar\\\/769db425c6f465158149f1ffd6cf61ce7a8a879d11dfbef8288af36dfddd418c?s=96&d=mm&r=g\",\"caption\":\"La r\u00e9daction\"},\"sameAs\":[\"http:\\\/\\\/www.lkeria.com\\\/\"],\"url\":\"https:\\\/\\\/www.info-algerie.com\\\/actualites\\\/author\\\/chakib32\\\/\"}]}<\/script>\n<!-- \/ Yoast SEO plugin. -->","yoast_head_json":{"title":"Le ministre de l&#039;Int\u00e9rieur de la R\u00e9publique du Congo effectue une visite au Centre de commandement et de contr\u00f4le de la DGSN\u00a0 - info algerie","robots":{"index":"index","follow":"follow","max-snippet":"max-snippet:-1","max-image-preview":"max-image-preview:large","max-video-preview":"max-video-preview:-1"},"canonical":"https:\/\/www.info-algerie.com\/actualites\/le-ministre-de-linterieur-de-la-republique-du-congo-effectue-une-visite-au-centre-de-commandement-et-de-controle-de-la-dgsn\/","og_locale":"fr_FR","og_type":"article","og_title":"Le ministre de l&#039;Int\u00e9rieur de la R\u00e9publique du Congo effectue une visite au Centre de commandement et de contr\u00f4le de la DGSN\u00a0 - info algerie","og_description":"ALGER &#8211;\u00a0 Le ministre de l&rsquo;Int\u00e9rieur de la R\u00e9publique du Congo, Raymond Z\u00e9phirin Mboulou, a effectu\u00e9 mardi \u00e0 Alger une visite au Centre de commandement et de contr\u00f4le (CCC) de la Direction g\u00e9n\u00e9rale de la S\u00fbret\u00e9 nationale (DGSN) o\u00f9 il a re\u00e7u des explications sur le fonctionnement\u00a0 et la coordination entre les diff\u00e9rents services qui","og_url":"https:\/\/www.info-algerie.com\/actualites\/le-ministre-de-linterieur-de-la-republique-du-congo-effectue-une-visite-au-centre-de-commandement-et-de-controle-de-la-dgsn\/","og_site_name":"info algerie","article_publisher":"https:\/\/www.facebook.com\/infoalgerieactu","article_published_time":"2017-09-26T19:30:39+00:00","og_image":[{"width":280,"height":169,"url":"https:\/\/www.info-algerie.com\/actualites\/wp-content\/uploads\/2017\/09\/9d028d1c8351c1be25388f71fcd7224e_S-1.jpg","type":"image\/jpeg"}],"author":"La r\u00e9daction","twitter_misc":{"\u00c9crit par":"La r\u00e9daction","Dur\u00e9e de lecture estim\u00e9e":"2 minutes"},"schema":{"@context":"https:\/\/schema.org","@graph":[{"@type":"Article","@id":"https:\/\/www.info-algerie.com\/actualites\/le-ministre-de-linterieur-de-la-republique-du-congo-effectue-une-visite-au-centre-de-commandement-et-de-controle-de-la-dgsn\/#article","isPartOf":{"@id":"https:\/\/www.info-algerie.com\/actualites\/le-ministre-de-linterieur-de-la-republique-du-congo-effectue-une-visite-au-centre-de-commandement-et-de-controle-de-la-dgsn\/"},"author":{"name":"La r\u00e9daction","@id":"https:\/\/www.info-algerie.com\/actualites\/#\/schema\/person\/847aaec44920825b843a08f30ec6aa1e"},"headline":"Le ministre de l&#039;Int\u00e9rieur de la R\u00e9publique du Congo effectue une visite au Centre de commandement et de contr\u00f4le de la DGSN\u00a0","datePublished":"2017-09-26T19:30:39+00:00","mainEntityOfPage":{"@id":"https:\/\/www.info-algerie.com\/actualites\/le-ministre-de-linterieur-de-la-republique-du-congo-effectue-une-visite-au-centre-de-commandement-et-de-controle-de-la-dgsn\/"},"wordCount":497,"commentCount":0,"publisher":{"@id":"https:\/\/www.info-algerie.com\/actualites\/#organization"},"image":{"@id":"https:\/\/www.info-algerie.com\/actualites\/le-ministre-de-linterieur-de-la-republique-du-congo-effectue-une-visite-au-centre-de-commandement-et-de-controle-de-la-dgsn\/#primaryimage"},"thumbnailUrl":"https:\/\/www.info-algerie.com\/actualites\/wp-content\/uploads\/2017\/09\/9d028d1c8351c1be25388f71fcd7224e_S-1.jpg","keywords":["ONU"],"articleSection":["infos"],"inLanguage":"fr-FR","potentialAction":[{"@type":"CommentAction","name":"Comment","target":["https:\/\/www.info-algerie.com\/actualites\/le-ministre-de-linterieur-de-la-republique-du-congo-effectue-une-visite-au-centre-de-commandement-et-de-controle-de-la-dgsn\/#respond"]}]},{"@type":"WebPage","@id":"https:\/\/www.info-algerie.com\/actualites\/le-ministre-de-linterieur-de-la-republique-du-congo-effectue-une-visite-au-centre-de-commandement-et-de-controle-de-la-dgsn\/","url":"https:\/\/www.info-algerie.com\/actualites\/le-ministre-de-linterieur-de-la-republique-du-congo-effectue-une-visite-au-centre-de-commandement-et-de-controle-de-la-dgsn\/","name":"Le ministre de l&#039;Int\u00e9rieur de la R\u00e9publique du Congo effectue une visite au Centre de commandement et de contr\u00f4le de la DGSN\u00a0 - info algerie","isPartOf":{"@id":"https:\/\/www.info-algerie.com\/actualites\/#website"},"primaryImageOfPage":{"@id":"https:\/\/www.info-algerie.com\/actualites\/le-ministre-de-linterieur-de-la-republique-du-congo-effectue-une-visite-au-centre-de-commandement-et-de-controle-de-la-dgsn\/#primaryimage"},"image":{"@id":"https:\/\/www.info-algerie.com\/actualites\/le-ministre-de-linterieur-de-la-republique-du-congo-effectue-une-visite-au-centre-de-commandement-et-de-controle-de-la-dgsn\/#primaryimage"},"thumbnailUrl":"https:\/\/www.info-algerie.com\/actualites\/wp-content\/uploads\/2017\/09\/9d028d1c8351c1be25388f71fcd7224e_S-1.jpg","datePublished":"2017-09-26T19:30:39+00:00","breadcrumb":{"@id":"https:\/\/www.info-algerie.com\/actualites\/le-ministre-de-linterieur-de-la-republique-du-congo-effectue-une-visite-au-centre-de-commandement-et-de-controle-de-la-dgsn\/#breadcrumb"},"inLanguage":"fr-FR","potentialAction":[{"@type":"ReadAction","target":["https:\/\/www.info-algerie.com\/actualites\/le-ministre-de-linterieur-de-la-republique-du-congo-effectue-une-visite-au-centre-de-commandement-et-de-controle-de-la-dgsn\/"]}]},{"@type":"ImageObject","inLanguage":"fr-FR","@id":"https:\/\/www.info-algerie.com\/actualites\/le-ministre-de-linterieur-de-la-republique-du-congo-effectue-une-visite-au-centre-de-commandement-et-de-controle-de-la-dgsn\/#primaryimage","url":"https:\/\/www.info-algerie.com\/actualites\/wp-content\/uploads\/2017\/09\/9d028d1c8351c1be25388f71fcd7224e_S-1.jpg","contentUrl":"https:\/\/www.info-algerie.com\/actualites\/wp-content\/uploads\/2017\/09\/9d028d1c8351c1be25388f71fcd7224e_S-1.jpg","width":280,"height":169},{"@type":"BreadcrumbList","@id":"https:\/\/www.info-algerie.com\/actualites\/le-ministre-de-linterieur-de-la-republique-du-congo-effectue-une-visite-au-centre-de-commandement-et-de-controle-de-la-dgsn\/#breadcrumb","itemListElement":[{"@type":"ListItem","position":1,"name":"Accueil","item":"https:\/\/www.info-algerie.com\/actualites\/"},{"@type":"ListItem","position":2,"name":"Le ministre de l&#039;Int\u00e9rieur de la R\u00e9publique du Congo effectue une visite au Centre de commandement et de contr\u00f4le de la DGSN\u00a0"}]},{"@type":"WebSite","@id":"https:\/\/www.info-algerie.com\/actualites\/#website","url":"https:\/\/www.info-algerie.com\/actualites\/","name":"info algerie","description":"Toutes les actualit\u00e9s","publisher":{"@id":"https:\/\/www.info-algerie.com\/actualites\/#organization"},"potentialAction":[{"@type":"SearchAction","target":{"@type":"EntryPoint","urlTemplate":"https:\/\/www.info-algerie.com\/actualites\/?s={search_term_string}"},"query-input":{"@type":"PropertyValueSpecification","valueRequired":true,"valueName":"search_term_string"}}],"inLanguage":"fr-FR"},{"@type":"Organization","@id":"https:\/\/www.info-algerie.com\/actualites\/#organization","name":"info algerie","url":"https:\/\/www.info-algerie.com\/actualites\/","logo":{"@type":"ImageObject","inLanguage":"fr-FR","@id":"https:\/\/www.info-algerie.com\/actualites\/#\/schema\/logo\/image\/","url":"https:\/\/www.info-algerie.com\/actualites\/wp-content\/uploads\/2022\/07\/logo-ia-120.png","contentUrl":"https:\/\/www.info-algerie.com\/actualites\/wp-content\/uploads\/2022\/07\/logo-ia-120.png","width":120,"height":43,"caption":"info algerie"},"image":{"@id":"https:\/\/www.info-algerie.com\/actualites\/#\/schema\/logo\/image\/"},"sameAs":["https:\/\/www.facebook.com\/infoalgerieactu","https:\/\/x.com\/infoalgerie1"]},{"@type":"Person","@id":"https:\/\/www.info-algerie.com\/actualites\/#\/schema\/person\/847aaec44920825b843a08f30ec6aa1e","name":"La r\u00e9daction","image":{"@type":"ImageObject","inLanguage":"fr-FR","@id":"https:\/\/secure.gravatar.com\/avatar\/769db425c6f465158149f1ffd6cf61ce7a8a879d11dfbef8288af36dfddd418c?s=96&d=mm&r=g","url":"https:\/\/secure.gravatar.com\/avatar\/769db425c6f465158149f1ffd6cf61ce7a8a879d11dfbef8288af36dfddd418c?s=96&d=mm&r=g","contentUrl":"https:\/\/secure.gravatar.com\/avatar\/769db425c6f465158149f1ffd6cf61ce7a8a879d11dfbef8288af36dfddd418c?s=96&d=mm&r=g","caption":"La r\u00e9daction"},"sameAs":["http:\/\/www.lkeria.com\/"],"url":"https:\/\/www.info-algerie.com\/actualites\/author\/chakib32\/"}]}},"_links":{"self":[{"href":"https:\/\/www.info-algerie.com\/actualites\/wp-json\/wp\/v2\/posts\/16365","targetHints":{"allow":["GET"]}}],"collection":[{"href":"https:\/\/www.info-algerie.com\/actualites\/wp-json\/wp\/v2\/posts"}],"about":[{"href":"https:\/\/www.info-algerie.com\/actualites\/wp-json\/wp\/v2\/types\/post"}],"author":[{"embeddable":true,"href":"https:\/\/www.info-algerie.com\/actualites\/wp-json\/wp\/v2\/users\/6"}],"replies":[{"embeddable":true,"href":"https:\/\/www.info-algerie.com\/actualites\/wp-json\/wp\/v2\/comments?post=16365"}],"version-history":[{"count":0,"href":"https:\/\/www.info-algerie.com\/actualites\/wp-json\/wp\/v2\/posts\/16365\/revisions"}],"wp:featuredmedia":[{"embeddable":true,"href":"https:\/\/www.info-algerie.com\/actualites\/wp-json\/wp\/v2\/media\/16366"}],"wp:attachment":[{"href":"https:\/\/www.info-algerie.com\/actualites\/wp-json\/wp\/v2\/media?parent=16365"}],"wp:term":[{"taxonomy":"category","embeddable":true,"href":"https:\/\/www.info-algerie.com\/actualites\/wp-json\/wp\/v2\/categories?post=16365"},{"taxonomy":"post_tag","embeddable":true,"href":"https:\/\/www.info-algerie.com\/actualites\/wp-json\/wp\/v2\/tags?post=16365"}],"curies":[{"name":"wp","href":"https:\/\/api.w.org\/{rel}","templated":true}]}}