{"id":16393,"date":"2017-09-27T17:50:08","date_gmt":"2017-09-27T16:50:08","guid":{"rendered":"http:\/\/www.info-algerie.com\/actualites\/algerie-congo-pour-le-developpement-des-developper-les-relations-dans-le-domaine-de-la-formation\/"},"modified":"2017-09-27T17:50:08","modified_gmt":"2017-09-27T16:50:08","slug":"algerie-congo-pour-le-developpement-des-developper-les-relations-dans-le-domaine-de-la-formation","status":"publish","type":"post","link":"https:\/\/www.info-algerie.com\/actualites\/algerie-congo-pour-le-developpement-des-developper-les-relations-dans-le-domaine-de-la-formation\/","title":{"rendered":"Alg\u00e9rie &#8211; Congo : Pour le d\u00e9veloppement des d\u00e9velopper les relations dans le domaine de la formation"},"content":{"rendered":"<div class=\"K2FeedImage\"><img decoding=\"async\" src=\"https:\/\/www.info-algerie.com\/actualites\/wp-content\/uploads\/2017\/09\/658cf60ce3ffdfb7d0b7d76acd48236c_S.jpg\" alt=\"Alg&#xE9;rie - Congo : Pour le d&#xE9;veloppement des d&#xE9;velopper les relations dans le domaine de la formation\" \/><\/div>\n<div class=\"K2FeedIntroText\">\n<p>BLIDA &#8211; <a href=\"http:\/\/www.aps.dz\/algerie\/63268-l-algerie-et-le-congo-signent-un-accord-sur-la-gestion-des-collectivites-locales\">Le ministre de l\u2019Int\u00e9rieur de la R\u00e9publique du Congo, Raymond Z\u00e9phirin Mboulou<\/a> a exprim\u00e9, mercredi \u00e0 Blida, sa volont\u00e9 de d\u00e9velopper les relations de son pays avec l\u2019Alg\u00e9rie dans le domaine de la formation.<\/p>\n<p>&#013;\n<\/p><\/div>\n<div class=\"K2FeedFullText\">&#013;<\/p>\n<p>Dans une d\u00e9claration \u00e0 la presse en marge d\u2019une visite effectu\u00e9e \u00e0 l&rsquo;Ecole d&rsquo;application de la S\u00fbret\u00e9 nationale Abdelmadjid Bouzbid de Soum\u00e2a, le ministre congolais a indiqu\u00e9 que ce qu\u2019il a vu comme infrastructures \u00ab\u00a0nous encourage \u00e0 vouloir pousser nos relations dans le domaine de la formation avec le minist\u00e8re de l\u2019Int\u00e9rieur, des Collectivit\u00e9s locales et de l\u2019Am\u00e9nagement du territoire en g\u00e9n\u00e9ral, et avec la Direction g\u00e9n\u00e9rale de la suret\u00e9 nationale (DGSN) de fa\u00e7on particuli\u00e8re\u00a0\u00bb.<\/p>\n<p>&#013;<\/p>\n<p>M. Raymond Z\u00e9phirin Mboulou, qui \u00e9tait accompagn\u00e9, \u00e0 l\u2019occasion, par le Directeur g\u00e9n\u00e9ral de la s\u00fbret\u00e9 nationale (DGSN), le g\u00e9n\u00e9ral Abdelghani El Hamel, s\u2019est dit impressionn\u00e9 par l\u2019Ecole d\u2019application de Souma\u00e0, qu\u2019il a estim\u00e9 parmi les plus grands centres de formation qu\u2019il a visit\u00e9 depuis qu\u2019il est \u00e0 son poste, depuis pr\u00e9s de huit (8) ann\u00e9es, se f\u00e9licitant du programme de sa visite et des exhibitions pr\u00e9sent\u00e9s par les \u00e9l\u00e8ves de cet \u00e9tablissement.<\/p>\n<p>&#013;<\/p>\n<p>A l\u2019entame de sa visite \u00e0 cette \u00e9cole, le ministre congolais a \u00e9cout\u00e9 un expos\u00e9 sur le secteur de la suret\u00e9 nationale en Alg\u00e9rie, en mati\u00e8re de formation notamment.<\/p>\n<p>&#013;<\/p>\n<p>Selon l\u2019expos\u00e9 en question, le secteur compte 15 \u00e9coles de police d\u2019une capacit\u00e9 d\u2019accueil de 7.680 places p\u00e9dagogiques, en plus de sept(7) centres de formation et d\u2019un nombre d\u2019infrastructures.<\/p>\n<p>&#013;<\/p>\n<p>La d\u00e9l\u00e9gation h\u00f4te a ensuite eu droit \u00e0 une parade de sortie de la 12\u00e8me promotion des lieutenants de police, constitu\u00e9e de 128 \u00e9l\u00e9ments, et baptis\u00e9e du nom du chahid du devoir l\u2019officier de police Mohamed Ayad.<\/p>\n<p>&#013;<\/p>\n<p>S\u2019ensuivit une tourn\u00e9e du ministre congolais \u00e0 travers diff\u00e9rentes structures de l\u2019\u00e9cole de Souma\u00e0, dont le parcours motos, le site des entrainements, le centre \u00e9questre, le mus\u00e9e de l\u2019\u00e9cole, le champ de tir , et le si\u00e8ge mod\u00e8le de la suret\u00e9 urbaine, au niveau duquel lui a \u00e9t\u00e9 pr\u00e9sent\u00e9 un expos\u00e9 sur le syst\u00e8me de vid\u00e9o surveillance intelligente des salles de garde \u00e0 vue.<\/p>\n<p>&#013;<\/p>\n<p>Il s\u2019est dit impressionn\u00e9 par le niveau de d\u00e9veloppement atteint par l\u2019Alg\u00e9rie en mati\u00e8re de s\u00e9curit\u00e9.<\/p>\n<p>&#013;<\/p>\n<p>Le ministre de l\u2019Int\u00e9rieur de la R\u00e9publique du Congo est arriv\u00e9 avant hier lundi \u00e0 Alger, pour une visite de trois (3) jours.<\/p>\n<\/div>\n<p>&#013;<br \/>\nSource: <a href=\"http:\/\/www.aps.dz\/algerie\/63332-algerie-congo-pour-le-developpement-des-developper-les-relations-dans-le-domaine-de-la-formation\" target=\"_blank\">Alg\u00e9rie &#8211; Congo : Pour le d\u00e9veloppement des d\u00e9velopper les relations dans le domaine de la formation<\/a><\/p>\n<!--CusAds0-->\n<div style=\"font-size: 0px; height: 0px; line-height: 0px; margin: 0; padding: 0; clear: both;\"><\/div>","protected":false},"excerpt":{"rendered":"<p>BLIDA &#8211; Le ministre de l\u2019Int\u00e9rieur de la R\u00e9publique du Congo, Raymond Z\u00e9phirin Mboulou a exprim\u00e9, mercredi \u00e0 Blida, sa volont\u00e9 de d\u00e9velopper les relations de son pays avec l\u2019Alg\u00e9rie dans le domaine de la formation. &#013; &#013; Dans une d\u00e9claration \u00e0 la presse en marge d\u2019une visite effectu\u00e9e \u00e0 l&rsquo;Ecole d&rsquo;application de la S\u00fbret\u00e9<\/p>\n","protected":false},"author":6,"featured_media":16394,"comment_status":"open","ping_status":"open","sticky":false,"template":"","format":"standard","meta":{"footnotes":""},"categories":[22],"tags":[93],"class_list":["post-16393","post","type-post","status-publish","format-standard","has-post-thumbnail","hentry","category-infos","tag-onu"],"yoast_head":"<!-- This site is optimized with the Yoast SEO plugin v27.5 - https:\/\/yoast.com\/product\/yoast-seo-wordpress\/ -->\n<title>Alg\u00e9rie - Congo : Pour le d\u00e9veloppement des d\u00e9velopper les relations dans le domaine de la formation - info algerie<\/title>\n<meta name=\"robots\" content=\"index, follow, max-snippet:-1, max-image-preview:large, max-video-preview:-1\" \/>\n<link rel=\"canonical\" href=\"https:\/\/www.info-algerie.com\/actualites\/algerie-congo-pour-le-developpement-des-developper-les-relations-dans-le-domaine-de-la-formation\/\" \/>\n<meta property=\"og:locale\" content=\"fr_FR\" \/>\n<meta property=\"og:type\" content=\"article\" \/>\n<meta property=\"og:title\" content=\"Alg\u00e9rie - Congo : Pour le d\u00e9veloppement des d\u00e9velopper les relations dans le domaine de la formation - info algerie\" \/>\n<meta property=\"og:description\" content=\"BLIDA &#8211; Le ministre de l\u2019Int\u00e9rieur de la R\u00e9publique du Congo, Raymond Z\u00e9phirin Mboulou a exprim\u00e9, mercredi \u00e0 Blida, sa volont\u00e9 de d\u00e9velopper les relations de son pays avec l\u2019Alg\u00e9rie dans le domaine de la formation. &#013; &#013; Dans une d\u00e9claration \u00e0 la presse en marge d\u2019une visite effectu\u00e9e \u00e0 l&rsquo;Ecole d&rsquo;application de la S\u00fbret\u00e9\" \/>\n<meta property=\"og:url\" content=\"https:\/\/www.info-algerie.com\/actualites\/algerie-congo-pour-le-developpement-des-developper-les-relations-dans-le-domaine-de-la-formation\/\" \/>\n<meta property=\"og:site_name\" content=\"info algerie\" \/>\n<meta property=\"article:publisher\" content=\"https:\/\/www.facebook.com\/infoalgerieactu\" \/>\n<meta property=\"article:published_time\" content=\"2017-09-27T16:50:08+00:00\" \/>\n<meta property=\"og:image\" content=\"https:\/\/www.info-algerie.com\/actualites\/wp-content\/uploads\/2017\/09\/658cf60ce3ffdfb7d0b7d76acd48236c_S-1.jpg\" \/>\n\t<meta property=\"og:image:width\" content=\"280\" \/>\n\t<meta property=\"og:image:height\" content=\"169\" \/>\n\t<meta property=\"og:image:type\" content=\"image\/jpeg\" \/>\n<meta name=\"author\" content=\"La r\u00e9daction\" \/>\n<meta name=\"twitter:label1\" content=\"\u00c9crit par\" \/>\n\t<meta name=\"twitter:data1\" content=\"La r\u00e9daction\" \/>\n\t<meta name=\"twitter:label2\" content=\"Dur\u00e9e de lecture estim\u00e9e\" \/>\n\t<meta name=\"twitter:data2\" content=\"2 minutes\" \/>\n<script type=\"application\/ld+json\" class=\"yoast-schema-graph\">{\"@context\":\"https:\\\/\\\/schema.org\",\"@graph\":[{\"@type\":\"Article\",\"@id\":\"https:\\\/\\\/www.info-algerie.com\\\/actualites\\\/algerie-congo-pour-le-developpement-des-developper-les-relations-dans-le-domaine-de-la-formation\\\/#article\",\"isPartOf\":{\"@id\":\"https:\\\/\\\/www.info-algerie.com\\\/actualites\\\/algerie-congo-pour-le-developpement-des-developper-les-relations-dans-le-domaine-de-la-formation\\\/\"},\"author\":{\"name\":\"La r\u00e9daction\",\"@id\":\"https:\\\/\\\/www.info-algerie.com\\\/actualites\\\/#\\\/schema\\\/person\\\/847aaec44920825b843a08f30ec6aa1e\"},\"headline\":\"Alg\u00e9rie &#8211; Congo : Pour le d\u00e9veloppement des d\u00e9velopper les relations dans le domaine de la formation\",\"datePublished\":\"2017-09-27T16:50:08+00:00\",\"mainEntityOfPage\":{\"@id\":\"https:\\\/\\\/www.info-algerie.com\\\/actualites\\\/algerie-congo-pour-le-developpement-des-developper-les-relations-dans-le-domaine-de-la-formation\\\/\"},\"wordCount\":486,\"commentCount\":0,\"publisher\":{\"@id\":\"https:\\\/\\\/www.info-algerie.com\\\/actualites\\\/#organization\"},\"image\":{\"@id\":\"https:\\\/\\\/www.info-algerie.com\\\/actualites\\\/algerie-congo-pour-le-developpement-des-developper-les-relations-dans-le-domaine-de-la-formation\\\/#primaryimage\"},\"thumbnailUrl\":\"https:\\\/\\\/www.info-algerie.com\\\/actualites\\\/wp-content\\\/uploads\\\/2017\\\/09\\\/658cf60ce3ffdfb7d0b7d76acd48236c_S-1.jpg\",\"keywords\":[\"ONU\"],\"articleSection\":[\"infos\"],\"inLanguage\":\"fr-FR\",\"potentialAction\":[{\"@type\":\"CommentAction\",\"name\":\"Comment\",\"target\":[\"https:\\\/\\\/www.info-algerie.com\\\/actualites\\\/algerie-congo-pour-le-developpement-des-developper-les-relations-dans-le-domaine-de-la-formation\\\/#respond\"]}]},{\"@type\":\"WebPage\",\"@id\":\"https:\\\/\\\/www.info-algerie.com\\\/actualites\\\/algerie-congo-pour-le-developpement-des-developper-les-relations-dans-le-domaine-de-la-formation\\\/\",\"url\":\"https:\\\/\\\/www.info-algerie.com\\\/actualites\\\/algerie-congo-pour-le-developpement-des-developper-les-relations-dans-le-domaine-de-la-formation\\\/\",\"name\":\"Alg\u00e9rie - Congo : Pour le d\u00e9veloppement des d\u00e9velopper les relations dans le domaine de la formation - info algerie\",\"isPartOf\":{\"@id\":\"https:\\\/\\\/www.info-algerie.com\\\/actualites\\\/#website\"},\"primaryImageOfPage\":{\"@id\":\"https:\\\/\\\/www.info-algerie.com\\\/actualites\\\/algerie-congo-pour-le-developpement-des-developper-les-relations-dans-le-domaine-de-la-formation\\\/#primaryimage\"},\"image\":{\"@id\":\"https:\\\/\\\/www.info-algerie.com\\\/actualites\\\/algerie-congo-pour-le-developpement-des-developper-les-relations-dans-le-domaine-de-la-formation\\\/#primaryimage\"},\"thumbnailUrl\":\"https:\\\/\\\/www.info-algerie.com\\\/actualites\\\/wp-content\\\/uploads\\\/2017\\\/09\\\/658cf60ce3ffdfb7d0b7d76acd48236c_S-1.jpg\",\"datePublished\":\"2017-09-27T16:50:08+00:00\",\"breadcrumb\":{\"@id\":\"https:\\\/\\\/www.info-algerie.com\\\/actualites\\\/algerie-congo-pour-le-developpement-des-developper-les-relations-dans-le-domaine-de-la-formation\\\/#breadcrumb\"},\"inLanguage\":\"fr-FR\",\"potentialAction\":[{\"@type\":\"ReadAction\",\"target\":[\"https:\\\/\\\/www.info-algerie.com\\\/actualites\\\/algerie-congo-pour-le-developpement-des-developper-les-relations-dans-le-domaine-de-la-formation\\\/\"]}]},{\"@type\":\"ImageObject\",\"inLanguage\":\"fr-FR\",\"@id\":\"https:\\\/\\\/www.info-algerie.com\\\/actualites\\\/algerie-congo-pour-le-developpement-des-developper-les-relations-dans-le-domaine-de-la-formation\\\/#primaryimage\",\"url\":\"https:\\\/\\\/www.info-algerie.com\\\/actualites\\\/wp-content\\\/uploads\\\/2017\\\/09\\\/658cf60ce3ffdfb7d0b7d76acd48236c_S-1.jpg\",\"contentUrl\":\"https:\\\/\\\/www.info-algerie.com\\\/actualites\\\/wp-content\\\/uploads\\\/2017\\\/09\\\/658cf60ce3ffdfb7d0b7d76acd48236c_S-1.jpg\",\"width\":280,\"height\":169},{\"@type\":\"BreadcrumbList\",\"@id\":\"https:\\\/\\\/www.info-algerie.com\\\/actualites\\\/algerie-congo-pour-le-developpement-des-developper-les-relations-dans-le-domaine-de-la-formation\\\/#breadcrumb\",\"itemListElement\":[{\"@type\":\"ListItem\",\"position\":1,\"name\":\"Accueil\",\"item\":\"https:\\\/\\\/www.info-algerie.com\\\/actualites\\\/\"},{\"@type\":\"ListItem\",\"position\":2,\"name\":\"Alg\u00e9rie &#8211; Congo : Pour le d\u00e9veloppement des d\u00e9velopper les relations dans le domaine de la formation\"}]},{\"@type\":\"WebSite\",\"@id\":\"https:\\\/\\\/www.info-algerie.com\\\/actualites\\\/#website\",\"url\":\"https:\\\/\\\/www.info-algerie.com\\\/actualites\\\/\",\"name\":\"info algerie\",\"description\":\"Toutes les actualit\u00e9s\",\"publisher\":{\"@id\":\"https:\\\/\\\/www.info-algerie.com\\\/actualites\\\/#organization\"},\"potentialAction\":[{\"@type\":\"SearchAction\",\"target\":{\"@type\":\"EntryPoint\",\"urlTemplate\":\"https:\\\/\\\/www.info-algerie.com\\\/actualites\\\/?s={search_term_string}\"},\"query-input\":{\"@type\":\"PropertyValueSpecification\",\"valueRequired\":true,\"valueName\":\"search_term_string\"}}],\"inLanguage\":\"fr-FR\"},{\"@type\":\"Organization\",\"@id\":\"https:\\\/\\\/www.info-algerie.com\\\/actualites\\\/#organization\",\"name\":\"info algerie\",\"url\":\"https:\\\/\\\/www.info-algerie.com\\\/actualites\\\/\",\"logo\":{\"@type\":\"ImageObject\",\"inLanguage\":\"fr-FR\",\"@id\":\"https:\\\/\\\/www.info-algerie.com\\\/actualites\\\/#\\\/schema\\\/logo\\\/image\\\/\",\"url\":\"https:\\\/\\\/www.info-algerie.com\\\/actualites\\\/wp-content\\\/uploads\\\/2022\\\/07\\\/logo-ia-120.png\",\"contentUrl\":\"https:\\\/\\\/www.info-algerie.com\\\/actualites\\\/wp-content\\\/uploads\\\/2022\\\/07\\\/logo-ia-120.png\",\"width\":120,\"height\":43,\"caption\":\"info algerie\"},\"image\":{\"@id\":\"https:\\\/\\\/www.info-algerie.com\\\/actualites\\\/#\\\/schema\\\/logo\\\/image\\\/\"},\"sameAs\":[\"https:\\\/\\\/www.facebook.com\\\/infoalgerieactu\",\"https:\\\/\\\/x.com\\\/infoalgerie1\"]},{\"@type\":\"Person\",\"@id\":\"https:\\\/\\\/www.info-algerie.com\\\/actualites\\\/#\\\/schema\\\/person\\\/847aaec44920825b843a08f30ec6aa1e\",\"name\":\"La r\u00e9daction\",\"image\":{\"@type\":\"ImageObject\",\"inLanguage\":\"fr-FR\",\"@id\":\"https:\\\/\\\/secure.gravatar.com\\\/avatar\\\/769db425c6f465158149f1ffd6cf61ce7a8a879d11dfbef8288af36dfddd418c?s=96&d=mm&r=g\",\"url\":\"https:\\\/\\\/secure.gravatar.com\\\/avatar\\\/769db425c6f465158149f1ffd6cf61ce7a8a879d11dfbef8288af36dfddd418c?s=96&d=mm&r=g\",\"contentUrl\":\"https:\\\/\\\/secure.gravatar.com\\\/avatar\\\/769db425c6f465158149f1ffd6cf61ce7a8a879d11dfbef8288af36dfddd418c?s=96&d=mm&r=g\",\"caption\":\"La r\u00e9daction\"},\"sameAs\":[\"http:\\\/\\\/www.lkeria.com\\\/\"],\"url\":\"https:\\\/\\\/www.info-algerie.com\\\/actualites\\\/author\\\/chakib32\\\/\"}]}<\/script>\n<!-- \/ Yoast SEO plugin. -->","yoast_head_json":{"title":"Alg\u00e9rie - Congo : Pour le d\u00e9veloppement des d\u00e9velopper les relations dans le domaine de la formation - info algerie","robots":{"index":"index","follow":"follow","max-snippet":"max-snippet:-1","max-image-preview":"max-image-preview:large","max-video-preview":"max-video-preview:-1"},"canonical":"https:\/\/www.info-algerie.com\/actualites\/algerie-congo-pour-le-developpement-des-developper-les-relations-dans-le-domaine-de-la-formation\/","og_locale":"fr_FR","og_type":"article","og_title":"Alg\u00e9rie - Congo : Pour le d\u00e9veloppement des d\u00e9velopper les relations dans le domaine de la formation - info algerie","og_description":"BLIDA &#8211; Le ministre de l\u2019Int\u00e9rieur de la R\u00e9publique du Congo, Raymond Z\u00e9phirin Mboulou a exprim\u00e9, mercredi \u00e0 Blida, sa volont\u00e9 de d\u00e9velopper les relations de son pays avec l\u2019Alg\u00e9rie dans le domaine de la formation. &#013; &#013; Dans une d\u00e9claration \u00e0 la presse en marge d\u2019une visite effectu\u00e9e \u00e0 l&rsquo;Ecole d&rsquo;application de la S\u00fbret\u00e9","og_url":"https:\/\/www.info-algerie.com\/actualites\/algerie-congo-pour-le-developpement-des-developper-les-relations-dans-le-domaine-de-la-formation\/","og_site_name":"info algerie","article_publisher":"https:\/\/www.facebook.com\/infoalgerieactu","article_published_time":"2017-09-27T16:50:08+00:00","og_image":[{"width":280,"height":169,"url":"https:\/\/www.info-algerie.com\/actualites\/wp-content\/uploads\/2017\/09\/658cf60ce3ffdfb7d0b7d76acd48236c_S-1.jpg","type":"image\/jpeg"}],"author":"La r\u00e9daction","twitter_misc":{"\u00c9crit par":"La r\u00e9daction","Dur\u00e9e de lecture estim\u00e9e":"2 minutes"},"schema":{"@context":"https:\/\/schema.org","@graph":[{"@type":"Article","@id":"https:\/\/www.info-algerie.com\/actualites\/algerie-congo-pour-le-developpement-des-developper-les-relations-dans-le-domaine-de-la-formation\/#article","isPartOf":{"@id":"https:\/\/www.info-algerie.com\/actualites\/algerie-congo-pour-le-developpement-des-developper-les-relations-dans-le-domaine-de-la-formation\/"},"author":{"name":"La r\u00e9daction","@id":"https:\/\/www.info-algerie.com\/actualites\/#\/schema\/person\/847aaec44920825b843a08f30ec6aa1e"},"headline":"Alg\u00e9rie &#8211; Congo : Pour le d\u00e9veloppement des d\u00e9velopper les relations dans le domaine de la formation","datePublished":"2017-09-27T16:50:08+00:00","mainEntityOfPage":{"@id":"https:\/\/www.info-algerie.com\/actualites\/algerie-congo-pour-le-developpement-des-developper-les-relations-dans-le-domaine-de-la-formation\/"},"wordCount":486,"commentCount":0,"publisher":{"@id":"https:\/\/www.info-algerie.com\/actualites\/#organization"},"image":{"@id":"https:\/\/www.info-algerie.com\/actualites\/algerie-congo-pour-le-developpement-des-developper-les-relations-dans-le-domaine-de-la-formation\/#primaryimage"},"thumbnailUrl":"https:\/\/www.info-algerie.com\/actualites\/wp-content\/uploads\/2017\/09\/658cf60ce3ffdfb7d0b7d76acd48236c_S-1.jpg","keywords":["ONU"],"articleSection":["infos"],"inLanguage":"fr-FR","potentialAction":[{"@type":"CommentAction","name":"Comment","target":["https:\/\/www.info-algerie.com\/actualites\/algerie-congo-pour-le-developpement-des-developper-les-relations-dans-le-domaine-de-la-formation\/#respond"]}]},{"@type":"WebPage","@id":"https:\/\/www.info-algerie.com\/actualites\/algerie-congo-pour-le-developpement-des-developper-les-relations-dans-le-domaine-de-la-formation\/","url":"https:\/\/www.info-algerie.com\/actualites\/algerie-congo-pour-le-developpement-des-developper-les-relations-dans-le-domaine-de-la-formation\/","name":"Alg\u00e9rie - Congo : Pour le d\u00e9veloppement des d\u00e9velopper les relations dans le domaine de la formation - info algerie","isPartOf":{"@id":"https:\/\/www.info-algerie.com\/actualites\/#website"},"primaryImageOfPage":{"@id":"https:\/\/www.info-algerie.com\/actualites\/algerie-congo-pour-le-developpement-des-developper-les-relations-dans-le-domaine-de-la-formation\/#primaryimage"},"image":{"@id":"https:\/\/www.info-algerie.com\/actualites\/algerie-congo-pour-le-developpement-des-developper-les-relations-dans-le-domaine-de-la-formation\/#primaryimage"},"thumbnailUrl":"https:\/\/www.info-algerie.com\/actualites\/wp-content\/uploads\/2017\/09\/658cf60ce3ffdfb7d0b7d76acd48236c_S-1.jpg","datePublished":"2017-09-27T16:50:08+00:00","breadcrumb":{"@id":"https:\/\/www.info-algerie.com\/actualites\/algerie-congo-pour-le-developpement-des-developper-les-relations-dans-le-domaine-de-la-formation\/#breadcrumb"},"inLanguage":"fr-FR","potentialAction":[{"@type":"ReadAction","target":["https:\/\/www.info-algerie.com\/actualites\/algerie-congo-pour-le-developpement-des-developper-les-relations-dans-le-domaine-de-la-formation\/"]}]},{"@type":"ImageObject","inLanguage":"fr-FR","@id":"https:\/\/www.info-algerie.com\/actualites\/algerie-congo-pour-le-developpement-des-developper-les-relations-dans-le-domaine-de-la-formation\/#primaryimage","url":"https:\/\/www.info-algerie.com\/actualites\/wp-content\/uploads\/2017\/09\/658cf60ce3ffdfb7d0b7d76acd48236c_S-1.jpg","contentUrl":"https:\/\/www.info-algerie.com\/actualites\/wp-content\/uploads\/2017\/09\/658cf60ce3ffdfb7d0b7d76acd48236c_S-1.jpg","width":280,"height":169},{"@type":"BreadcrumbList","@id":"https:\/\/www.info-algerie.com\/actualites\/algerie-congo-pour-le-developpement-des-developper-les-relations-dans-le-domaine-de-la-formation\/#breadcrumb","itemListElement":[{"@type":"ListItem","position":1,"name":"Accueil","item":"https:\/\/www.info-algerie.com\/actualites\/"},{"@type":"ListItem","position":2,"name":"Alg\u00e9rie &#8211; Congo : Pour le d\u00e9veloppement des d\u00e9velopper les relations dans le domaine de la formation"}]},{"@type":"WebSite","@id":"https:\/\/www.info-algerie.com\/actualites\/#website","url":"https:\/\/www.info-algerie.com\/actualites\/","name":"info algerie","description":"Toutes les actualit\u00e9s","publisher":{"@id":"https:\/\/www.info-algerie.com\/actualites\/#organization"},"potentialAction":[{"@type":"SearchAction","target":{"@type":"EntryPoint","urlTemplate":"https:\/\/www.info-algerie.com\/actualites\/?s={search_term_string}"},"query-input":{"@type":"PropertyValueSpecification","valueRequired":true,"valueName":"search_term_string"}}],"inLanguage":"fr-FR"},{"@type":"Organization","@id":"https:\/\/www.info-algerie.com\/actualites\/#organization","name":"info algerie","url":"https:\/\/www.info-algerie.com\/actualites\/","logo":{"@type":"ImageObject","inLanguage":"fr-FR","@id":"https:\/\/www.info-algerie.com\/actualites\/#\/schema\/logo\/image\/","url":"https:\/\/www.info-algerie.com\/actualites\/wp-content\/uploads\/2022\/07\/logo-ia-120.png","contentUrl":"https:\/\/www.info-algerie.com\/actualites\/wp-content\/uploads\/2022\/07\/logo-ia-120.png","width":120,"height":43,"caption":"info algerie"},"image":{"@id":"https:\/\/www.info-algerie.com\/actualites\/#\/schema\/logo\/image\/"},"sameAs":["https:\/\/www.facebook.com\/infoalgerieactu","https:\/\/x.com\/infoalgerie1"]},{"@type":"Person","@id":"https:\/\/www.info-algerie.com\/actualites\/#\/schema\/person\/847aaec44920825b843a08f30ec6aa1e","name":"La r\u00e9daction","image":{"@type":"ImageObject","inLanguage":"fr-FR","@id":"https:\/\/secure.gravatar.com\/avatar\/769db425c6f465158149f1ffd6cf61ce7a8a879d11dfbef8288af36dfddd418c?s=96&d=mm&r=g","url":"https:\/\/secure.gravatar.com\/avatar\/769db425c6f465158149f1ffd6cf61ce7a8a879d11dfbef8288af36dfddd418c?s=96&d=mm&r=g","contentUrl":"https:\/\/secure.gravatar.com\/avatar\/769db425c6f465158149f1ffd6cf61ce7a8a879d11dfbef8288af36dfddd418c?s=96&d=mm&r=g","caption":"La r\u00e9daction"},"sameAs":["http:\/\/www.lkeria.com\/"],"url":"https:\/\/www.info-algerie.com\/actualites\/author\/chakib32\/"}]}},"_links":{"self":[{"href":"https:\/\/www.info-algerie.com\/actualites\/wp-json\/wp\/v2\/posts\/16393","targetHints":{"allow":["GET"]}}],"collection":[{"href":"https:\/\/www.info-algerie.com\/actualites\/wp-json\/wp\/v2\/posts"}],"about":[{"href":"https:\/\/www.info-algerie.com\/actualites\/wp-json\/wp\/v2\/types\/post"}],"author":[{"embeddable":true,"href":"https:\/\/www.info-algerie.com\/actualites\/wp-json\/wp\/v2\/users\/6"}],"replies":[{"embeddable":true,"href":"https:\/\/www.info-algerie.com\/actualites\/wp-json\/wp\/v2\/comments?post=16393"}],"version-history":[{"count":0,"href":"https:\/\/www.info-algerie.com\/actualites\/wp-json\/wp\/v2\/posts\/16393\/revisions"}],"wp:featuredmedia":[{"embeddable":true,"href":"https:\/\/www.info-algerie.com\/actualites\/wp-json\/wp\/v2\/media\/16394"}],"wp:attachment":[{"href":"https:\/\/www.info-algerie.com\/actualites\/wp-json\/wp\/v2\/media?parent=16393"}],"wp:term":[{"taxonomy":"category","embeddable":true,"href":"https:\/\/www.info-algerie.com\/actualites\/wp-json\/wp\/v2\/categories?post=16393"},{"taxonomy":"post_tag","embeddable":true,"href":"https:\/\/www.info-algerie.com\/actualites\/wp-json\/wp\/v2\/tags?post=16393"}],"curies":[{"name":"wp","href":"https:\/\/api.w.org\/{rel}","templated":true}]}}