{"id":16396,"date":"2017-09-27T19:09:33","date_gmt":"2017-09-27T18:09:33","guid":{"rendered":"http:\/\/www.info-algerie.com\/actualites\/lillusion-de-ceux-qui-esperaient-la-faillite-de-lalgerie-cet-automne-sest-evaporee\/"},"modified":"2017-09-27T19:09:33","modified_gmt":"2017-09-27T18:09:33","slug":"lillusion-de-ceux-qui-esperaient-la-faillite-de-lalgerie-cet-automne-sest-evaporee","status":"publish","type":"post","link":"https:\/\/www.info-algerie.com\/actualites\/lillusion-de-ceux-qui-esperaient-la-faillite-de-lalgerie-cet-automne-sest-evaporee\/","title":{"rendered":"L&#039;illusion de ceux qui esp\u00e9raient la faillite de l&#039;Alg\u00e9rie cet automne\u00a0&quot;s&#039;est \u00e9vapor\u00e9e&quot;"},"content":{"rendered":"<div class=\"K2FeedIntroText\">\n<p>ALGER &#8211; Le Premier ministre, Ahmed Ouyahia a indiqu\u00e9 mercredi \u00e0 Alger que l&rsquo;illusion de ceux qui esp\u00e9raient que cet automne\u00a0 allait \u00eatre celui de la faillite de l\u2019Alg\u00e9rie \u00ab\u00a0s&rsquo;est \u00e9vapor\u00e9e\u00a0\u00bb, ajoutant que l&rsquo;Alg\u00e9rie \u00ab\u00a0a de nouveau puis\u00e9 dans sa volont\u00e9 souveraine pour prendre\u00a0 en charge la crise financi\u00e8re\u00a0\u00bb.<\/p>\n<p>&#013;\n<\/p><\/div>\n<div class=\"K2FeedFullText\">&#013;<\/p>\n<p>\u00ab\u00a0Certains esp\u00e9raient que cet automne allait \u00eatre celui de la faillite de\u00a0 l\u2019Alg\u00e9rie, de la col\u00e8re de son peuple et de l\u2019arr\u00eat de son avanc\u00e9e. Gr\u00e2ce \u00e0\u00a0 Dieu, l\u2019illusion de ceux-l\u00e0 s\u2019est \u00e9vapor\u00e9e\u00a0\u00bb, a relev\u00e9 M. Ouyahia dans ses\u00a0r\u00e9ponses aux interrogations soulev\u00e9es par les membres du Conseil de la nation lors du d\u00e9bat sur le Plan d&rsquo;action du gouvernement.<\/p>\n<p>&#013;<\/p>\n<p>Il a fait remarquer que l&rsquo;Alg\u00e9rie, \u00ab\u00a0sous la direction \u00e9clair\u00e9e du\u00a0 pr\u00e9sident de la R\u00e9publique, Abdelaziz Bouteflika, a de nouveau puis\u00e9 dans\u00a0 sa volont\u00e9 souveraine et dans les exp\u00e9riences d\u2019autres pays, pour prendre en charge la crise financi\u00e8re\u00a0\u00bb.<\/p>\n<p>&#013;<\/p>\n<p>Evoquant la situation s\u00e9curitaire qui pr\u00e9valait en Alg\u00e9rie il y a 20 ans,\u00a0 il a rappel\u00e9 qu&rsquo;en 1997, le pays \u00ab\u00a0pleurait ses martyrs, victimes du\u00a0 terrorisme le plus aveugle, notamment \u00e0 Bentalha et Rais (Alger) et Ramka\u00a0 (Relizane) o\u00f9 des milliers d\u2019enfants, de femmes, d\u2019hommes et de vieillards\u00a0 ont \u00e9t\u00e9 assassin\u00e9s par le terrorisme le plus aveugle que l\u2019humanit\u00e9 ait\u00a0 connu\u00a0\u00bb.<\/p>\n<p>&#013;<\/p>\n<p>\u00ab\u00a0Aujourd\u2019hui, ces localit\u00e9s, comme toute l&rsquo;Alg\u00e9rie, ont pans\u00e9 leurs\u00a0 blessures et l&rsquo;Alg\u00e9rie comm\u00e9morera dans deux jours le 12\u00e8me anniversaire de\u00a0 la r\u00e9conciliation nationale, qui a de nouveau r\u00e9uni notre peuple\u00a0\u00bb, a-t-il\u00a0 not\u00e9, soulignant que \u00ab\u00a0l\u2019Alg\u00e9rie demeurera \u00e0 jamais reconnaissante au\u00a0 pr\u00e9sident Bouteflika de l\u2019avoir ramen\u00e9e \u00e0 la paix, \u00e0 la s\u00e9curit\u00e9, \u00e0 l\u2019unit\u00e9 et \u00e0 la fraternit\u00e9\u00a0\u00bb.<\/p>\n<p>&#013;<\/p>\n<p>Il a rappel\u00e9 aussi qu&rsquo;en 1997, la communaut\u00e9 internationale affichait un\u00a0 \u00ab\u00a0aveuglement coupable face au drame du notre pays confront\u00e9 seul au\u00a0 terrorisme\u00a0\u00bb, d\u00e9plorant que \u00ab\u00a0des voix s\u2019\u00e9levaient alors \u00e0 l\u2019\u00e9tranger pour\u00a0 revendiquer une intervention ext\u00e9rieure en vue de prot\u00e9ger le peuple alg\u00e9rien\u00a0\u00bb.<\/p>\n<p>&#013;<\/p>\n<p>\u00ab\u00a0En 2017, l\u2019Assembl\u00e9e g\u00e9n\u00e9rale des Nations Unies rend hommage \u00e0\u00a0 l\u2019exp\u00e9rience alg\u00e9rienne dans la lutte contre le terrorisme et notamment \u00e0 \u00a0la r\u00e9conciliation nationale aujourd\u2019hui prise comme mod\u00e8le\u00a0\u00bb, a-t-il fait\u00a0 observer.<\/p>\n<p>&#013;<\/p>\n<p>Il a en outre rappel\u00e9 qu&rsquo;en 1997, l\u2019Alg\u00e9rie \u00ab\u00a0vivait le drame de\u00a0 l&rsquo;ajustement structurel contract\u00e9 avec le FMI, alors qu&rsquo;en 2017, l\u2019Alg\u00e9rie\u00a0 prend en charge la crise financi\u00e8re par ses propres moyens et par ses\u00a0 d\u00e9cisions souveraines\u00a0\u00bb.<\/p>\n<p>&#013;<\/p>\n<p>\u00ab\u00a0En 1997, l\u2019Alg\u00e9rie connaissait un taux de ch\u00f4mage de 30%. A pr\u00e9sent le\u00a0 taux de ch\u00f4mage n\u2019est que de 12%, m\u00eame s\u2019il est remont\u00e9 ces deux derni\u00e8res\u00a0 ann\u00e9es\u00a0\u00bb, a-t-il not\u00e9, pr\u00e9cisant que la multiplication des investissements\u00a0 et le recul du ch\u00f4mage \u00ab\u00a0sont les fruits de quatre programmes massifs de\u00a0 d\u00e9veloppement mis en place par le pr\u00e9sident de la R\u00e9publique\u00a0\u00bb.<\/p>\n<p>&#013;<\/p>\n<p>\u00ab\u00a0Les exemples sont encore nombreux sur cette Alg\u00e9rie qui avance depuis\u00a0 1999. Le peuple en vit les r\u00e9sultats partout \u00e0 travers le pays et connait\u00a0 la destination des 1000 milliards de dollars d\u00e9pens\u00e9s pour son bien-\u00eatre en\u00a0 \u00e9coles, h\u00f4pitaux, logements et autres r\u00e9alisations\u00a0\u00bb.<\/p>\n<p>&#013;<\/p>\n<p>Par ailleurs, le Premier ministre a indiqu\u00e9 que le d\u00e9bat parlementaire sur\u00a0 le Plan d&rsquo;action du gouvernement \u00ab\u00a0a d\u00e9montr\u00e9 toute la vitalit\u00e9 de la vie\u00a0 d\u00e9mocratique dans notre pays\u00a0\u00bb, ajoutant que \u00ab\u00a0notre d\u00e9mocratie est \u00e0\u00a0 parfaire encore pour atteindre le niveau de celles des Nations qui nous ont pr\u00e9c\u00e9d\u00e9 de pr\u00e8s de deux si\u00e8cles sur cette voie\u00a0\u00bb.<\/p>\n<p>&#013;<\/p>\n<p>Il a soulign\u00e9, dans le m\u00eame contexte, que la r\u00e9vision constitutionnelle\u00a0 de 2016 \u00ab\u00a0ouvre la voie pour de nouvelles avanc\u00e9es\u00a0\u00bb de la d\u00e9mocratie\u00a0 alg\u00e9rienne dans tous les domaines, notamment parlementaire.<\/p>\n<p>&#013;<\/p>\n<p>\u00ab\u00a0En tout \u00e9tat de cause, notre peuple peut l\u00e9gitimement s\u2019enorgueillir\u00a0 d\u00e9j\u00e0 de s\u2019\u00eatre attribu\u00e9 les libert\u00e9s politiques et de presse les plus\u00a0 avanc\u00e9es dans le monde arabe et en Afrique\u00a0\u00bb, s&rsquo;est-il f\u00e9licit\u00e9.<\/p>\n<p>&#013;<\/p>\n<p>\u00ab\u00a0Ce sont l\u00e0 des exemples d\u2019une d\u00e9marche r\u00e9solue qui autorise\u00a0 l\u2019optimisme de chaque Alg\u00e9rien et de chaque Alg\u00e9rienne que l&rsquo;Alg\u00e9rie\u00a0 traversera la crise financi\u00e8re sans dommage, que l\u2019Alg\u00e9rie continuera\u00a0 d\u2019avancer encore davantage, et que l\u2019Alg\u00e9rie appelle aussi ses enfants \u00e0 plus d\u2019efforts dans la construction nationale\u00a0\u00bb, a-t-il affirm\u00e9, appelant\u00a0 les Alg\u00e9riens \u00ab\u00a0\u00e0 garder confiance car notre pays est dirig\u00e9 avec sagesse\u00a0 par un grand dirigeant du Monde, le pr\u00e9sident de la R\u00e9publique\u00a0\u00bb.<\/p>\n<p>&#013;<\/p>\n<p>\u00a0<\/p>\n<p>&#013;<\/p>\n<p class=\"MsoNormal\">Par ailleurs, M. Ouyahia a annonc\u00e9, sur instruction du pr\u00e9sident de la\u00a0 R\u00e9publique, la lev\u00e9e en 2018 du gel sur la totalit\u00e9 des projets de\u00a0 l\u2019\u00e9ducation nationale (\u00e9coles, CEM, lyc\u00e9es, cantines et internats), sur de\u00a0 nombreux projets de la sant\u00e9 (polycliniques, h\u00f4pitaux sp\u00e9cialis\u00e9s, centres\u00a0 de soins&#8230;) et sur plusieurs projets de l\u2019hydraulique.<\/p>\n<\/div>\n<p>&#013;<br \/>\nSource: <a href=\"http:\/\/www.aps.dz\/algerie\/63340-l-illusion-de-ceux-qui-esperaient-la-faillite-de-l-algerie-cet-automne-s-est-evaporee\" target=\"_blank\">L&rsquo;illusion de ceux qui esp\u00e9raient la faillite de l&rsquo;Alg\u00e9rie cet automne\u00a0\u00ab\u00a0s&rsquo;est \u00e9vapor\u00e9e\u00a0\u00bb<\/a><\/p>\n<!--CusAds0-->\n<div style=\"font-size: 0px; height: 0px; line-height: 0px; margin: 0; padding: 0; clear: both;\"><\/div>","protected":false},"excerpt":{"rendered":"<p>ALGER &#8211; Le Premier ministre, Ahmed Ouyahia a indiqu\u00e9 mercredi \u00e0 Alger que l&rsquo;illusion de ceux qui esp\u00e9raient que cet automne\u00a0 allait \u00eatre celui de la faillite de l\u2019Alg\u00e9rie \u00ab\u00a0s&rsquo;est \u00e9vapor\u00e9e\u00a0\u00bb, ajoutant que l&rsquo;Alg\u00e9rie \u00ab\u00a0a de nouveau puis\u00e9 dans sa volont\u00e9 souveraine pour prendre\u00a0 en charge la crise financi\u00e8re\u00a0\u00bb. &#013; &#013; \u00ab\u00a0Certains esp\u00e9raient que cet<\/p>\n","protected":false},"author":6,"featured_media":0,"comment_status":"open","ping_status":"open","sticky":false,"template":"","format":"standard","meta":{"footnotes":""},"categories":[22],"tags":[93],"class_list":["post-16396","post","type-post","status-publish","format-standard","hentry","category-infos","tag-onu"],"yoast_head":"<!-- This site is optimized with the Yoast SEO plugin v27.5 - https:\/\/yoast.com\/product\/yoast-seo-wordpress\/ -->\n<title>L&#039;illusion de ceux qui esp\u00e9raient la faillite de l&#039;Alg\u00e9rie cet automne\u00a0&quot;s&#039;est \u00e9vapor\u00e9e&quot; - info algerie<\/title>\n<meta name=\"robots\" content=\"index, follow, max-snippet:-1, max-image-preview:large, max-video-preview:-1\" \/>\n<link rel=\"canonical\" href=\"https:\/\/www.info-algerie.com\/actualites\/lillusion-de-ceux-qui-esperaient-la-faillite-de-lalgerie-cet-automne-sest-evaporee\/\" \/>\n<meta property=\"og:locale\" content=\"fr_FR\" \/>\n<meta property=\"og:type\" content=\"article\" \/>\n<meta property=\"og:title\" content=\"L&#039;illusion de ceux qui esp\u00e9raient la faillite de l&#039;Alg\u00e9rie cet automne\u00a0&quot;s&#039;est \u00e9vapor\u00e9e&quot; - info algerie\" \/>\n<meta property=\"og:description\" content=\"ALGER &#8211; Le Premier ministre, Ahmed Ouyahia a indiqu\u00e9 mercredi \u00e0 Alger que l&rsquo;illusion de ceux qui esp\u00e9raient que cet automne\u00a0 allait \u00eatre celui de la faillite de l\u2019Alg\u00e9rie \u00ab\u00a0s&rsquo;est \u00e9vapor\u00e9e\u00a0\u00bb, ajoutant que l&rsquo;Alg\u00e9rie \u00ab\u00a0a de nouveau puis\u00e9 dans sa volont\u00e9 souveraine pour prendre\u00a0 en charge la crise financi\u00e8re\u00a0\u00bb. &#013; &#013; \u00ab\u00a0Certains esp\u00e9raient que cet\" \/>\n<meta property=\"og:url\" content=\"https:\/\/www.info-algerie.com\/actualites\/lillusion-de-ceux-qui-esperaient-la-faillite-de-lalgerie-cet-automne-sest-evaporee\/\" \/>\n<meta property=\"og:site_name\" content=\"info algerie\" \/>\n<meta property=\"article:publisher\" content=\"https:\/\/www.facebook.com\/infoalgerieactu\" \/>\n<meta property=\"article:published_time\" content=\"2017-09-27T18:09:33+00:00\" \/>\n<meta name=\"author\" content=\"La r\u00e9daction\" \/>\n<meta name=\"twitter:label1\" content=\"\u00c9crit par\" \/>\n\t<meta name=\"twitter:data1\" content=\"La r\u00e9daction\" \/>\n\t<meta name=\"twitter:label2\" content=\"Dur\u00e9e de lecture estim\u00e9e\" \/>\n\t<meta name=\"twitter:data2\" content=\"4 minutes\" \/>\n<script type=\"application\/ld+json\" class=\"yoast-schema-graph\">{\"@context\":\"https:\\\/\\\/schema.org\",\"@graph\":[{\"@type\":\"Article\",\"@id\":\"https:\\\/\\\/www.info-algerie.com\\\/actualites\\\/lillusion-de-ceux-qui-esperaient-la-faillite-de-lalgerie-cet-automne-sest-evaporee\\\/#article\",\"isPartOf\":{\"@id\":\"https:\\\/\\\/www.info-algerie.com\\\/actualites\\\/lillusion-de-ceux-qui-esperaient-la-faillite-de-lalgerie-cet-automne-sest-evaporee\\\/\"},\"author\":{\"name\":\"La r\u00e9daction\",\"@id\":\"https:\\\/\\\/www.info-algerie.com\\\/actualites\\\/#\\\/schema\\\/person\\\/847aaec44920825b843a08f30ec6aa1e\"},\"headline\":\"L&#039;illusion de ceux qui esp\u00e9raient la faillite de l&#039;Alg\u00e9rie cet automne\u00a0&quot;s&#039;est \u00e9vapor\u00e9e&quot;\",\"datePublished\":\"2017-09-27T18:09:33+00:00\",\"mainEntityOfPage\":{\"@id\":\"https:\\\/\\\/www.info-algerie.com\\\/actualites\\\/lillusion-de-ceux-qui-esperaient-la-faillite-de-lalgerie-cet-automne-sest-evaporee\\\/\"},\"wordCount\":887,\"commentCount\":0,\"publisher\":{\"@id\":\"https:\\\/\\\/www.info-algerie.com\\\/actualites\\\/#organization\"},\"keywords\":[\"ONU\"],\"articleSection\":[\"infos\"],\"inLanguage\":\"fr-FR\",\"potentialAction\":[{\"@type\":\"CommentAction\",\"name\":\"Comment\",\"target\":[\"https:\\\/\\\/www.info-algerie.com\\\/actualites\\\/lillusion-de-ceux-qui-esperaient-la-faillite-de-lalgerie-cet-automne-sest-evaporee\\\/#respond\"]}]},{\"@type\":\"WebPage\",\"@id\":\"https:\\\/\\\/www.info-algerie.com\\\/actualites\\\/lillusion-de-ceux-qui-esperaient-la-faillite-de-lalgerie-cet-automne-sest-evaporee\\\/\",\"url\":\"https:\\\/\\\/www.info-algerie.com\\\/actualites\\\/lillusion-de-ceux-qui-esperaient-la-faillite-de-lalgerie-cet-automne-sest-evaporee\\\/\",\"name\":\"L&#039;illusion de ceux qui esp\u00e9raient la faillite de l&#039;Alg\u00e9rie cet automne\u00a0&quot;s&#039;est \u00e9vapor\u00e9e&quot; - info algerie\",\"isPartOf\":{\"@id\":\"https:\\\/\\\/www.info-algerie.com\\\/actualites\\\/#website\"},\"datePublished\":\"2017-09-27T18:09:33+00:00\",\"breadcrumb\":{\"@id\":\"https:\\\/\\\/www.info-algerie.com\\\/actualites\\\/lillusion-de-ceux-qui-esperaient-la-faillite-de-lalgerie-cet-automne-sest-evaporee\\\/#breadcrumb\"},\"inLanguage\":\"fr-FR\",\"potentialAction\":[{\"@type\":\"ReadAction\",\"target\":[\"https:\\\/\\\/www.info-algerie.com\\\/actualites\\\/lillusion-de-ceux-qui-esperaient-la-faillite-de-lalgerie-cet-automne-sest-evaporee\\\/\"]}]},{\"@type\":\"BreadcrumbList\",\"@id\":\"https:\\\/\\\/www.info-algerie.com\\\/actualites\\\/lillusion-de-ceux-qui-esperaient-la-faillite-de-lalgerie-cet-automne-sest-evaporee\\\/#breadcrumb\",\"itemListElement\":[{\"@type\":\"ListItem\",\"position\":1,\"name\":\"Accueil\",\"item\":\"https:\\\/\\\/www.info-algerie.com\\\/actualites\\\/\"},{\"@type\":\"ListItem\",\"position\":2,\"name\":\"L&#039;illusion de ceux qui esp\u00e9raient la faillite de l&#039;Alg\u00e9rie cet automne\u00a0&quot;s&#039;est \u00e9vapor\u00e9e&quot;\"}]},{\"@type\":\"WebSite\",\"@id\":\"https:\\\/\\\/www.info-algerie.com\\\/actualites\\\/#website\",\"url\":\"https:\\\/\\\/www.info-algerie.com\\\/actualites\\\/\",\"name\":\"info algerie\",\"description\":\"Toutes les actualit\u00e9s\",\"publisher\":{\"@id\":\"https:\\\/\\\/www.info-algerie.com\\\/actualites\\\/#organization\"},\"potentialAction\":[{\"@type\":\"SearchAction\",\"target\":{\"@type\":\"EntryPoint\",\"urlTemplate\":\"https:\\\/\\\/www.info-algerie.com\\\/actualites\\\/?s={search_term_string}\"},\"query-input\":{\"@type\":\"PropertyValueSpecification\",\"valueRequired\":true,\"valueName\":\"search_term_string\"}}],\"inLanguage\":\"fr-FR\"},{\"@type\":\"Organization\",\"@id\":\"https:\\\/\\\/www.info-algerie.com\\\/actualites\\\/#organization\",\"name\":\"info algerie\",\"url\":\"https:\\\/\\\/www.info-algerie.com\\\/actualites\\\/\",\"logo\":{\"@type\":\"ImageObject\",\"inLanguage\":\"fr-FR\",\"@id\":\"https:\\\/\\\/www.info-algerie.com\\\/actualites\\\/#\\\/schema\\\/logo\\\/image\\\/\",\"url\":\"https:\\\/\\\/www.info-algerie.com\\\/actualites\\\/wp-content\\\/uploads\\\/2022\\\/07\\\/logo-ia-120.png\",\"contentUrl\":\"https:\\\/\\\/www.info-algerie.com\\\/actualites\\\/wp-content\\\/uploads\\\/2022\\\/07\\\/logo-ia-120.png\",\"width\":120,\"height\":43,\"caption\":\"info algerie\"},\"image\":{\"@id\":\"https:\\\/\\\/www.info-algerie.com\\\/actualites\\\/#\\\/schema\\\/logo\\\/image\\\/\"},\"sameAs\":[\"https:\\\/\\\/www.facebook.com\\\/infoalgerieactu\",\"https:\\\/\\\/x.com\\\/infoalgerie1\"]},{\"@type\":\"Person\",\"@id\":\"https:\\\/\\\/www.info-algerie.com\\\/actualites\\\/#\\\/schema\\\/person\\\/847aaec44920825b843a08f30ec6aa1e\",\"name\":\"La r\u00e9daction\",\"image\":{\"@type\":\"ImageObject\",\"inLanguage\":\"fr-FR\",\"@id\":\"https:\\\/\\\/secure.gravatar.com\\\/avatar\\\/769db425c6f465158149f1ffd6cf61ce7a8a879d11dfbef8288af36dfddd418c?s=96&d=mm&r=g\",\"url\":\"https:\\\/\\\/secure.gravatar.com\\\/avatar\\\/769db425c6f465158149f1ffd6cf61ce7a8a879d11dfbef8288af36dfddd418c?s=96&d=mm&r=g\",\"contentUrl\":\"https:\\\/\\\/secure.gravatar.com\\\/avatar\\\/769db425c6f465158149f1ffd6cf61ce7a8a879d11dfbef8288af36dfddd418c?s=96&d=mm&r=g\",\"caption\":\"La r\u00e9daction\"},\"sameAs\":[\"http:\\\/\\\/www.lkeria.com\\\/\"],\"url\":\"https:\\\/\\\/www.info-algerie.com\\\/actualites\\\/author\\\/chakib32\\\/\"}]}<\/script>\n<!-- \/ Yoast SEO plugin. -->","yoast_head_json":{"title":"L&#039;illusion de ceux qui esp\u00e9raient la faillite de l&#039;Alg\u00e9rie cet automne\u00a0&quot;s&#039;est \u00e9vapor\u00e9e&quot; - info algerie","robots":{"index":"index","follow":"follow","max-snippet":"max-snippet:-1","max-image-preview":"max-image-preview:large","max-video-preview":"max-video-preview:-1"},"canonical":"https:\/\/www.info-algerie.com\/actualites\/lillusion-de-ceux-qui-esperaient-la-faillite-de-lalgerie-cet-automne-sest-evaporee\/","og_locale":"fr_FR","og_type":"article","og_title":"L&#039;illusion de ceux qui esp\u00e9raient la faillite de l&#039;Alg\u00e9rie cet automne\u00a0&quot;s&#039;est \u00e9vapor\u00e9e&quot; - info algerie","og_description":"ALGER &#8211; Le Premier ministre, Ahmed Ouyahia a indiqu\u00e9 mercredi \u00e0 Alger que l&rsquo;illusion de ceux qui esp\u00e9raient que cet automne\u00a0 allait \u00eatre celui de la faillite de l\u2019Alg\u00e9rie \u00ab\u00a0s&rsquo;est \u00e9vapor\u00e9e\u00a0\u00bb, ajoutant que l&rsquo;Alg\u00e9rie \u00ab\u00a0a de nouveau puis\u00e9 dans sa volont\u00e9 souveraine pour prendre\u00a0 en charge la crise financi\u00e8re\u00a0\u00bb. &#013; &#013; \u00ab\u00a0Certains esp\u00e9raient que cet","og_url":"https:\/\/www.info-algerie.com\/actualites\/lillusion-de-ceux-qui-esperaient-la-faillite-de-lalgerie-cet-automne-sest-evaporee\/","og_site_name":"info algerie","article_publisher":"https:\/\/www.facebook.com\/infoalgerieactu","article_published_time":"2017-09-27T18:09:33+00:00","author":"La r\u00e9daction","twitter_misc":{"\u00c9crit par":"La r\u00e9daction","Dur\u00e9e de lecture estim\u00e9e":"4 minutes"},"schema":{"@context":"https:\/\/schema.org","@graph":[{"@type":"Article","@id":"https:\/\/www.info-algerie.com\/actualites\/lillusion-de-ceux-qui-esperaient-la-faillite-de-lalgerie-cet-automne-sest-evaporee\/#article","isPartOf":{"@id":"https:\/\/www.info-algerie.com\/actualites\/lillusion-de-ceux-qui-esperaient-la-faillite-de-lalgerie-cet-automne-sest-evaporee\/"},"author":{"name":"La r\u00e9daction","@id":"https:\/\/www.info-algerie.com\/actualites\/#\/schema\/person\/847aaec44920825b843a08f30ec6aa1e"},"headline":"L&#039;illusion de ceux qui esp\u00e9raient la faillite de l&#039;Alg\u00e9rie cet automne\u00a0&quot;s&#039;est \u00e9vapor\u00e9e&quot;","datePublished":"2017-09-27T18:09:33+00:00","mainEntityOfPage":{"@id":"https:\/\/www.info-algerie.com\/actualites\/lillusion-de-ceux-qui-esperaient-la-faillite-de-lalgerie-cet-automne-sest-evaporee\/"},"wordCount":887,"commentCount":0,"publisher":{"@id":"https:\/\/www.info-algerie.com\/actualites\/#organization"},"keywords":["ONU"],"articleSection":["infos"],"inLanguage":"fr-FR","potentialAction":[{"@type":"CommentAction","name":"Comment","target":["https:\/\/www.info-algerie.com\/actualites\/lillusion-de-ceux-qui-esperaient-la-faillite-de-lalgerie-cet-automne-sest-evaporee\/#respond"]}]},{"@type":"WebPage","@id":"https:\/\/www.info-algerie.com\/actualites\/lillusion-de-ceux-qui-esperaient-la-faillite-de-lalgerie-cet-automne-sest-evaporee\/","url":"https:\/\/www.info-algerie.com\/actualites\/lillusion-de-ceux-qui-esperaient-la-faillite-de-lalgerie-cet-automne-sest-evaporee\/","name":"L&#039;illusion de ceux qui esp\u00e9raient la faillite de l&#039;Alg\u00e9rie cet automne\u00a0&quot;s&#039;est \u00e9vapor\u00e9e&quot; - info algerie","isPartOf":{"@id":"https:\/\/www.info-algerie.com\/actualites\/#website"},"datePublished":"2017-09-27T18:09:33+00:00","breadcrumb":{"@id":"https:\/\/www.info-algerie.com\/actualites\/lillusion-de-ceux-qui-esperaient-la-faillite-de-lalgerie-cet-automne-sest-evaporee\/#breadcrumb"},"inLanguage":"fr-FR","potentialAction":[{"@type":"ReadAction","target":["https:\/\/www.info-algerie.com\/actualites\/lillusion-de-ceux-qui-esperaient-la-faillite-de-lalgerie-cet-automne-sest-evaporee\/"]}]},{"@type":"BreadcrumbList","@id":"https:\/\/www.info-algerie.com\/actualites\/lillusion-de-ceux-qui-esperaient-la-faillite-de-lalgerie-cet-automne-sest-evaporee\/#breadcrumb","itemListElement":[{"@type":"ListItem","position":1,"name":"Accueil","item":"https:\/\/www.info-algerie.com\/actualites\/"},{"@type":"ListItem","position":2,"name":"L&#039;illusion de ceux qui esp\u00e9raient la faillite de l&#039;Alg\u00e9rie cet automne\u00a0&quot;s&#039;est \u00e9vapor\u00e9e&quot;"}]},{"@type":"WebSite","@id":"https:\/\/www.info-algerie.com\/actualites\/#website","url":"https:\/\/www.info-algerie.com\/actualites\/","name":"info algerie","description":"Toutes les actualit\u00e9s","publisher":{"@id":"https:\/\/www.info-algerie.com\/actualites\/#organization"},"potentialAction":[{"@type":"SearchAction","target":{"@type":"EntryPoint","urlTemplate":"https:\/\/www.info-algerie.com\/actualites\/?s={search_term_string}"},"query-input":{"@type":"PropertyValueSpecification","valueRequired":true,"valueName":"search_term_string"}}],"inLanguage":"fr-FR"},{"@type":"Organization","@id":"https:\/\/www.info-algerie.com\/actualites\/#organization","name":"info algerie","url":"https:\/\/www.info-algerie.com\/actualites\/","logo":{"@type":"ImageObject","inLanguage":"fr-FR","@id":"https:\/\/www.info-algerie.com\/actualites\/#\/schema\/logo\/image\/","url":"https:\/\/www.info-algerie.com\/actualites\/wp-content\/uploads\/2022\/07\/logo-ia-120.png","contentUrl":"https:\/\/www.info-algerie.com\/actualites\/wp-content\/uploads\/2022\/07\/logo-ia-120.png","width":120,"height":43,"caption":"info algerie"},"image":{"@id":"https:\/\/www.info-algerie.com\/actualites\/#\/schema\/logo\/image\/"},"sameAs":["https:\/\/www.facebook.com\/infoalgerieactu","https:\/\/x.com\/infoalgerie1"]},{"@type":"Person","@id":"https:\/\/www.info-algerie.com\/actualites\/#\/schema\/person\/847aaec44920825b843a08f30ec6aa1e","name":"La r\u00e9daction","image":{"@type":"ImageObject","inLanguage":"fr-FR","@id":"https:\/\/secure.gravatar.com\/avatar\/769db425c6f465158149f1ffd6cf61ce7a8a879d11dfbef8288af36dfddd418c?s=96&d=mm&r=g","url":"https:\/\/secure.gravatar.com\/avatar\/769db425c6f465158149f1ffd6cf61ce7a8a879d11dfbef8288af36dfddd418c?s=96&d=mm&r=g","contentUrl":"https:\/\/secure.gravatar.com\/avatar\/769db425c6f465158149f1ffd6cf61ce7a8a879d11dfbef8288af36dfddd418c?s=96&d=mm&r=g","caption":"La r\u00e9daction"},"sameAs":["http:\/\/www.lkeria.com\/"],"url":"https:\/\/www.info-algerie.com\/actualites\/author\/chakib32\/"}]}},"_links":{"self":[{"href":"https:\/\/www.info-algerie.com\/actualites\/wp-json\/wp\/v2\/posts\/16396","targetHints":{"allow":["GET"]}}],"collection":[{"href":"https:\/\/www.info-algerie.com\/actualites\/wp-json\/wp\/v2\/posts"}],"about":[{"href":"https:\/\/www.info-algerie.com\/actualites\/wp-json\/wp\/v2\/types\/post"}],"author":[{"embeddable":true,"href":"https:\/\/www.info-algerie.com\/actualites\/wp-json\/wp\/v2\/users\/6"}],"replies":[{"embeddable":true,"href":"https:\/\/www.info-algerie.com\/actualites\/wp-json\/wp\/v2\/comments?post=16396"}],"version-history":[{"count":0,"href":"https:\/\/www.info-algerie.com\/actualites\/wp-json\/wp\/v2\/posts\/16396\/revisions"}],"wp:attachment":[{"href":"https:\/\/www.info-algerie.com\/actualites\/wp-json\/wp\/v2\/media?parent=16396"}],"wp:term":[{"taxonomy":"category","embeddable":true,"href":"https:\/\/www.info-algerie.com\/actualites\/wp-json\/wp\/v2\/categories?post=16396"},{"taxonomy":"post_tag","embeddable":true,"href":"https:\/\/www.info-algerie.com\/actualites\/wp-json\/wp\/v2\/tags?post=16396"}],"curies":[{"name":"wp","href":"https:\/\/api.w.org\/{rel}","templated":true}]}}