{"id":16398,"date":"2017-09-27T19:31:37","date_gmt":"2017-09-27T18:31:37","guid":{"rendered":"http:\/\/www.info-algerie.com\/actualites\/le-debat-parlementaire-sur-le-plan-daction-du-gouvernement-demontre-toute-la-vitalite-de-la-vie-democratique\/"},"modified":"2017-09-27T19:31:37","modified_gmt":"2017-09-27T18:31:37","slug":"le-debat-parlementaire-sur-le-plan-daction-du-gouvernement-demontre-toute-la-vitalite-de-la-vie-democratique","status":"publish","type":"post","link":"https:\/\/www.info-algerie.com\/actualites\/le-debat-parlementaire-sur-le-plan-daction-du-gouvernement-demontre-toute-la-vitalite-de-la-vie-democratique\/","title":{"rendered":"Le d\u00e9bat parlementaire sur le plan d&#039;action du gouvernement d\u00e9montre toute\u00a0la vitalit\u00e9 de la vie d\u00e9mocratique"},"content":{"rendered":"<div class=\"K2FeedImage\"><img decoding=\"async\" src=\"https:\/\/www.info-algerie.com\/actualites\/wp-content\/uploads\/2017\/09\/68270241579450ef21d85fe0610cd36d_S.jpg\" alt=\"Le d&#xE9;bat parlementaire sur le plan d'action du gouvernement d&#xE9;montre toute&#xA0;la vitalit&#xE9; de la vie d&#xE9;mocratique\" \/><\/div>\n<div class=\"K2FeedIntroText\">\n<p>ALGER &#8211; Le d\u00e9bat parlementaire sur le Plan d&rsquo;action du gouvernement a d\u00e9montr\u00e9 toute la vitalit\u00e9 de la vie d\u00e9mocratique en\u00a0Alg\u00e9rie, a affirm\u00e9 mercredi \u00e0 Alger le Premier ministre Ahmed Ouyahia,\u00a0 relevant toutefois que \u00ab\u00a0notre d\u00e9mocratie est \u00e0 parfaire encore pour\u00a0atteindre le niveau de celles des Nations qui nous ont pr\u00e9c\u00e9d\u00e9 de pr\u00e8s de\u00a0 deux si\u00e8cles sur cette voie\u00a0\u00bb.<\/p>\n<p>&#013;\n<\/p><\/div>\n<div class=\"K2FeedFullText\">&#013;<\/p>\n<p>R\u00e9pondant, en s\u00e9ance pl\u00e9ni\u00e8re du Conseil de la nation, aux interrogations\u00a0 des s\u00e9nateurs, M. Ouyahia a soulign\u00e9, dans le m\u00eame contexte, que la\u00a0 r\u00e9vision constitutionnelle de 2016 \u00ab\u00a0ouvre la voie pour de nouvelles\u00a0 avanc\u00e9es\u00a0\u00bb de la d\u00e9mocratie alg\u00e9rienne dans tous les domaines, notamment\u00a0 parlementaire.<\/p>\n<p>&#013;<\/p>\n<blockquote><p>&#013;<\/p>\n<p class=\"MsoNormal\" style=\"text-align: center\"><em><strong>\u00ab\u00a0En tout \u00e9tat de cause, notre peuple peut l\u00e9gitimement s\u2019enorgueillir d\u00e9j\u00e0 de s\u2019\u00eatre attribu\u00e9 les libert\u00e9s politiques et de presse les plus avanc\u00e9es\u00a0 dans le monde arabe et en Afrique\u00a0\u00bb, s&rsquo;est-il f\u00e9licit\u00e9.\u00a0 <\/strong><\/em><\/p>\n<p>&#013;\n<\/p><\/blockquote>\n<p>&#013;<\/p>\n<p>\u00ab\u00a0Ce sont l\u00e0 des exemples d\u2019une d\u00e9marche r\u00e9solue qui autorise l\u2019optimisme\u00a0 de chaque Alg\u00e9rien et de chaque Alg\u00e9rienne que l&rsquo;Alg\u00e9rie traversera la crise financi\u00e8re sans dommage, que l\u2019Alg\u00e9rie continuera d\u2019avancer encore\u00a0 davantage, et que l\u2019Alg\u00e9rie appelle aussi ses enfants \u00e0 plus d\u2019efforts dans\u00a0 la construction nationale\u00a0\u00bb, a-t-il affirm\u00e9, appelant les Alg\u00e9riens \u00ab\u00a0\u00e0\u00a0garder confiance car notre pays est dirig\u00e9 avec sagesse par un grand\u00a0 dirigeant du Monde, le pr\u00e9sident de la R\u00e9publique, Abdelaziz Bouteflika\u00a0\u00bb.<\/p>\n<p>&#013;<\/p>\n<p>Le Premier ministre a en outre indiqu\u00e9 que l&rsquo;illusion de ceux qui esp\u00e9raient que cet automne allait \u00eatre celui de la faillite de l\u2019Alg\u00e9rie\u00a0\u00ab\u00a0s&rsquo;est \u00e9vapor\u00e9e\u00a0\u00bb, ajoutant que l&rsquo;Alg\u00e9rie \u00ab\u00a0a de nouveau puis\u00e9 dans sa\u00a0volont\u00e9 souveraine pour prendre en charge la crise financi\u00e8re\u00a0\u00bb.<\/p>\n<p>&#013;<\/p>\n<p>\u00ab\u00a0Certains esp\u00e9raient que cet automne allait \u00eatre celui de la faillite de l\u2019Alg\u00e9rie, de la col\u00e8re de son peuple et de l\u2019arr\u00eat de son avanc\u00e9e. Gr\u00e2ce \u00e0\u00a0Dieu,<a href=\"http:\/\/www.aps.dz\/algerie\/63340-l-illusion-de-ceux-qui-esperaient-la-faillite-de-l-algerie-cet-automne-s-est-evaporee\" target=\"_blank\"> l\u2019illusion de ceux-l\u00e0 s\u2019est \u00e9vapor\u00e9e<\/a>\u00ab\u00a0, a relev\u00e9 M. Ouyahia dans ses\u00a0 r\u00e9ponses aux interrogations soulev\u00e9es par les membres du Conseil de la\u00a0 nation lors du d\u00e9bat sur le Plan d&rsquo;action du gouvernement.<\/p>\n<p>&#013;<\/p>\n<p class=\"MsoNormal\">\u00a0<\/p>\n<p>&#013;<\/p>\n<p style=\"text-align: center\"><em><strong>\u00a0 Il a fait remarquer que l&rsquo;Alg\u00e9rie, \u00ab\u00a0sous la direction \u00e9clair\u00e9e du\u00a0 pr\u00e9sident de la R\u00e9publique, Abdelaziz Bouteflika, a de nouveau puis\u00e9 dans\u00a0sa volont\u00e9 souveraine et dans les exp\u00e9riences d\u2019autres pays, pour prendre\u00a0 en charge la crise financi\u00e8re\u00a0\u00bb.<\/strong><\/em><\/p>\n<p>&#013;<\/p>\n<p class=\"MsoNormal\">\u00a0<\/p>\n<p>&#013;<\/p>\n<p>\u00c9voquant la situation s\u00e9curitaire qui pr\u00e9valait en Alg\u00e9rie il y a 20 ans,\u00a0 il a rappel\u00e9 qu&rsquo;en 1997, le pays \u00ab\u00a0pleurait ses martyrs, victimes du\u00a0terrorisme le plus aveugle, notamment \u00e0 Bentalha et Rais (Alger) et Ramka\u00a0 (Relizane) o\u00f9 des milliers d\u2019enfants, de femmes, d\u2019hommes et de vieillards\u00a0 ont \u00e9t\u00e9 assassin\u00e9s par le terrorisme le plus aveugle que l\u2019humanit\u00e9 ait\u00a0connu\u00a0\u00bb.<\/p>\n<p>&#013;<\/p>\n<p>\u00ab\u00a0Aujourd\u2019hui, ces localit\u00e9s, comme toute l&rsquo;Alg\u00e9rie, ont pans\u00e9 leurs blessures et l&rsquo;Alg\u00e9rie comm\u00e9morera dans deux jours le 12\u00e8me anniversaire de\u00a0 la r\u00e9conciliation nationale, qui a de nouveau r\u00e9uni notre peuple\u00a0\u00bb, a-t-il\u00a0 not\u00e9, soulignant que \u00ab\u00a0l\u2019Alg\u00e9rie demeurera \u00e0 jamais reconnaissante au\u00a0 pr\u00e9sident Bouteflika de l\u2019avoir ramen\u00e9e \u00e0 la paix, \u00e0 la s\u00e9curit\u00e9, \u00e0 l\u2019unit\u00e9\u00a0 et \u00e0 la fraternit\u00e9\u00a0\u00bb.<\/p>\n<p>&#013;<\/p>\n<p>Il a rappel\u00e9 aussi qu&rsquo;en 1997, la communaut\u00e9 internationale affichait un \u00ab\u00a0aveuglement coupable face au drame du notre pays confront\u00e9 seul au terrorisme\u00a0\u00bb, d\u00e9plorant que \u00ab\u00a0des voix s\u2019\u00e9levaient alors \u00e0 l\u2019\u00e9tranger pour\u00a0 revendiquer une intervention ext\u00e9rieure en vue de prot\u00e9ger le peuple\u00a0 alg\u00e9rien\u00a0\u00bb.<\/p>\n<p>&#013;<\/p>\n<p>\u00ab\u00a0Les exemples sont encore nombreux sur cette Alg\u00e9rie qui avance depuis\u00a0 1999. Le peuple en vit les r\u00e9sultats partout \u00e0 travers le pays et connait la destination des 1000 milliards de dollars d\u00e9pens\u00e9s pour son bien-\u00eatre en\u00a0 \u00e9coles, h\u00f4pitaux, logements et autres r\u00e9alisations\u00a0\u00bb.<\/p>\n<p>&#013;<\/p>\n<p style=\"text-align: center\"><em><strong>\u00a0 \u00a0 \u00a0\u00ab\u00a0Nous avons besoin de travailler ensemble, gouvernement,\u00a0\u00a0parlementaires et autres forces dispos\u00e9es \u00e0 le faire, \u00e0 sensibiliser et \u00e0\u00a0mobiliser notre peuple pour d\u00e9passer la crise financi\u00e8re actuelle\u00a0\u00bb<\/strong><\/em><\/p>\n<p>&#013;<\/p>\n<p>Au sujet de ce qui a \u00e9t\u00e9 rapport\u00e9 sur le <a href=\"http:\/\/www.aps.dz\/algerie\/63322-ahmed-ouyahia-les-pensions-de-retraites-seront-toujours-payees\" target=\"_blank\">paiement des pensions de retraites,<\/a> M. Ouyahia a tenu \u00e0 \u00ab\u00a0rassurer les retrait\u00e9s que leurs pensions\u00a0seront toujours pay\u00e9es\u00a0\u00bb, pr\u00e9cisant que \u00ab\u00a0face aux graves difficult\u00e9s\u00a0 financi\u00e8res du syst\u00e8me retraite, le gouvernement a arr\u00eat\u00e9 des mesures qu\u2019il\u00a0soumettra dans l\u2019avant-projet de Loi de finances 2018\u00a0\u00bb.<\/p>\n<p>&#013;<\/p>\n<p>Parmi ces mesures, il a expliqu\u00e9 que \u00ab\u00a0le gouvernement inscrira 500 milliards DA \u00e0 verser \u00e0 la Caisse nationale de s\u00e9curit\u00e9 sociale (CNAS) pour\u00a0lui rembourser une partie des montants qu\u2019elle a pr\u00eat\u00e9s \u00e0 la Caisse\u00a0nationale de retraite (CNR)\u00a0\u00bb.<\/p>\n<p>&#013;<\/p>\n<p>Par ailleurs, le Premier ministre a rassur\u00e9 les Alg\u00e9riens que le gouvernement n&rsquo;envisage pas d&rsquo;imposer une <a href=\"http:\/\/www.aps.dz\/economie\/63321-le-gouvernement-n-envisage-pas-de-taxe-pour-les-algeriens-qui-se-rendent-a-l-etranger\" target=\"_blank\">taxe aux Alg\u00e9riens qui se rendent\u00a0<\/a><a href=\"http:\/\/www.aps.dz\/economie\/63321-le-gouvernement-n-envisage-pas-de-taxe-pour-les-algeriens-qui-se-rendent-a-l-etranger\" target=\"_blank\">\u00e0 l\u2019\u00e9tranger<\/a>\u00ab\u00a0, et que l&rsquo;Etat avait accord\u00e9 d'\u00a0\u00bbimportants avantages\u00a0\u00bb au\u00a0 secteur du tourisme depuis 2009, citant, entre autres, l&rsquo;exon\u00e9ration sur\u00a0une dur\u00e9e de 10 ans de l&rsquo;IBS (imp\u00f4t sur le b\u00e9n\u00e9fice des soci\u00e9t\u00e9s) ou sur la TAP (taxe sur l&rsquo;activit\u00e9 professionnelle).<\/p>\n<p>&#013;<\/p>\n<p>Sur le plan politique, M. Ouyahia, a affirm\u00e9 que le gouvernement \u00ab\u00a0tendra toujours la main\u00a0\u00bb aux <a href=\"http:\/\/www.aps.dz\/algerie\/63336-le-gouvernement-tendra-toujours-la-main-aux-partis-de-l-opposition\" target=\"_blank\">partis de l&rsquo;opposition<\/a>, soulignant que les portes du\u00a0 Premier minist\u00e8re \u00ab\u00a0demeurent ouvertes\u00a0\u00bb devant ces partis qui souhaitent un\u00a0 dialogue et un \u00e9change.<\/p>\n<p>&#013;<\/p>\n<p>\u00ab\u00a0Je voudrai dire aux partis de l\u2019opposition que le gouvernement leur\u00a0 tendra toujours la main. Bien s\u00fbr, nous avons et nous aurons une relation\u00a0privil\u00e9gi\u00e9e avec la majorit\u00e9 pr\u00e9sidentielle qui est notre base politique,\u00a0 comme cela se passe dans tous les pays d\u00e9mocratiques\u00a0\u00bb, a d\u00e9clar\u00e9, ajoutant\u00a0 que \u00ab\u00a0ceci n\u2019emp\u00eache pas la porte du Premier minist\u00e8re de demeurer ouverte\u00a0 devant tous les partis de l\u2019opposition qui souhaitent un dialogue et un\u00a0 \u00e9change, pour peu que cela se fasse dans le cadre d\u2019un respect mutuel, et\u00a0 dans le respect des positions des uns et des autres\u00a0\u00bb.<\/p>\n<p>&#013;<\/p>\n<p>Par ailleurs, M. Ouyahia a assur\u00e9 que le gouvernement \u00ab\u00a0veillera \u00e0\u00a0 renforcer\u00a0\u00bb sa relation \u00ab\u00a0de compl\u00e9mentarit\u00e9\u00a0\u00bb avec les membres du Parlement.<\/p>\n<p>&#013;<\/p>\n<p>\u00ab\u00a0En effet, nous avons besoin de travailler ensemble, gouvernement,\u00a0 parlementaires et autres forces dispos\u00e9es \u00e0 le faire, \u00e0 sensibiliser et \u00e0\u00a0mobiliser notre peuple pour d\u00e9passer la crise financi\u00e8re actuelle et pour\u00a0 transformer cette situation passag\u00e8re en sursaut pour plus d&rsquo;efforts dans\u00a0 la construction \u00e9conomique, et pour plus d&rsquo;esprit civique dans la gestion de la cit\u00e9\u00a0\u00bb, a conclu M. Ouyahia.<\/p>\n<p>&#013;<\/p>\n<p>\u00a0<\/p>\n<\/div>\n<p>&#013;<br \/>\nSource: <a href=\"http:\/\/www.aps.dz\/algerie\/63342-le-debat-parlementaire-sur-le-plan-d-action-du-gouvernement-demontre-toute-la-vitalite-de-la-vie-democratique\" target=\"_blank\">Le d\u00e9bat parlementaire sur le plan d&rsquo;action du gouvernement d\u00e9montre toute\u00a0la vitalit\u00e9 de la vie d\u00e9mocratique<\/a><\/p>\n<!--CusAds0-->\n<div style=\"font-size: 0px; height: 0px; line-height: 0px; margin: 0; padding: 0; clear: both;\"><\/div>","protected":false},"excerpt":{"rendered":"<p>ALGER &#8211; Le d\u00e9bat parlementaire sur le Plan d&rsquo;action du gouvernement a d\u00e9montr\u00e9 toute la vitalit\u00e9 de la vie d\u00e9mocratique en\u00a0Alg\u00e9rie, a affirm\u00e9 mercredi \u00e0 Alger le Premier ministre Ahmed Ouyahia,\u00a0 relevant toutefois que \u00ab\u00a0notre d\u00e9mocratie est \u00e0 parfaire encore pour\u00a0atteindre le niveau de celles des Nations qui nous ont pr\u00e9c\u00e9d\u00e9 de pr\u00e8s de\u00a0 deux<\/p>\n","protected":false},"author":6,"featured_media":16399,"comment_status":"open","ping_status":"open","sticky":false,"template":"","format":"standard","meta":{"footnotes":""},"categories":[22],"tags":[93],"class_list":["post-16398","post","type-post","status-publish","format-standard","has-post-thumbnail","hentry","category-infos","tag-onu"],"yoast_head":"<!-- This site is optimized with the Yoast SEO plugin v27.5 - https:\/\/yoast.com\/product\/yoast-seo-wordpress\/ -->\n<title>Le d\u00e9bat parlementaire sur le plan d&#039;action du gouvernement d\u00e9montre toute\u00a0la vitalit\u00e9 de la vie d\u00e9mocratique - info algerie<\/title>\n<meta name=\"robots\" content=\"index, follow, max-snippet:-1, max-image-preview:large, max-video-preview:-1\" \/>\n<link rel=\"canonical\" href=\"https:\/\/www.info-algerie.com\/actualites\/le-debat-parlementaire-sur-le-plan-daction-du-gouvernement-demontre-toute-la-vitalite-de-la-vie-democratique\/\" \/>\n<meta property=\"og:locale\" content=\"fr_FR\" \/>\n<meta property=\"og:type\" content=\"article\" \/>\n<meta property=\"og:title\" content=\"Le d\u00e9bat parlementaire sur le plan d&#039;action du gouvernement d\u00e9montre toute\u00a0la vitalit\u00e9 de la vie d\u00e9mocratique - info algerie\" \/>\n<meta property=\"og:description\" content=\"ALGER &#8211; Le d\u00e9bat parlementaire sur le Plan d&rsquo;action du gouvernement a d\u00e9montr\u00e9 toute la vitalit\u00e9 de la vie d\u00e9mocratique en\u00a0Alg\u00e9rie, a affirm\u00e9 mercredi \u00e0 Alger le Premier ministre Ahmed Ouyahia,\u00a0 relevant toutefois que \u00ab\u00a0notre d\u00e9mocratie est \u00e0 parfaire encore pour\u00a0atteindre le niveau de celles des Nations qui nous ont pr\u00e9c\u00e9d\u00e9 de pr\u00e8s de\u00a0 deux\" \/>\n<meta property=\"og:url\" content=\"https:\/\/www.info-algerie.com\/actualites\/le-debat-parlementaire-sur-le-plan-daction-du-gouvernement-demontre-toute-la-vitalite-de-la-vie-democratique\/\" \/>\n<meta property=\"og:site_name\" content=\"info algerie\" \/>\n<meta property=\"article:publisher\" content=\"https:\/\/www.facebook.com\/infoalgerieactu\" \/>\n<meta property=\"article:published_time\" content=\"2017-09-27T18:31:37+00:00\" \/>\n<meta property=\"og:image\" content=\"https:\/\/www.info-algerie.com\/actualites\/wp-content\/uploads\/2017\/09\/68270241579450ef21d85fe0610cd36d_S-1.jpg\" \/>\n\t<meta property=\"og:image:width\" content=\"280\" \/>\n\t<meta property=\"og:image:height\" content=\"169\" \/>\n\t<meta property=\"og:image:type\" content=\"image\/jpeg\" \/>\n<meta name=\"author\" content=\"La r\u00e9daction\" \/>\n<meta name=\"twitter:label1\" content=\"\u00c9crit par\" \/>\n\t<meta name=\"twitter:data1\" content=\"La r\u00e9daction\" \/>\n\t<meta name=\"twitter:label2\" content=\"Dur\u00e9e de lecture estim\u00e9e\" \/>\n\t<meta name=\"twitter:data2\" content=\"5 minutes\" \/>\n<script type=\"application\/ld+json\" class=\"yoast-schema-graph\">{\"@context\":\"https:\\\/\\\/schema.org\",\"@graph\":[{\"@type\":\"Article\",\"@id\":\"https:\\\/\\\/www.info-algerie.com\\\/actualites\\\/le-debat-parlementaire-sur-le-plan-daction-du-gouvernement-demontre-toute-la-vitalite-de-la-vie-democratique\\\/#article\",\"isPartOf\":{\"@id\":\"https:\\\/\\\/www.info-algerie.com\\\/actualites\\\/le-debat-parlementaire-sur-le-plan-daction-du-gouvernement-demontre-toute-la-vitalite-de-la-vie-democratique\\\/\"},\"author\":{\"name\":\"La r\u00e9daction\",\"@id\":\"https:\\\/\\\/www.info-algerie.com\\\/actualites\\\/#\\\/schema\\\/person\\\/847aaec44920825b843a08f30ec6aa1e\"},\"headline\":\"Le d\u00e9bat parlementaire sur le plan d&#039;action du gouvernement d\u00e9montre toute\u00a0la vitalit\u00e9 de la vie d\u00e9mocratique\",\"datePublished\":\"2017-09-27T18:31:37+00:00\",\"mainEntityOfPage\":{\"@id\":\"https:\\\/\\\/www.info-algerie.com\\\/actualites\\\/le-debat-parlementaire-sur-le-plan-daction-du-gouvernement-demontre-toute-la-vitalite-de-la-vie-democratique\\\/\"},\"wordCount\":1133,\"commentCount\":0,\"publisher\":{\"@id\":\"https:\\\/\\\/www.info-algerie.com\\\/actualites\\\/#organization\"},\"image\":{\"@id\":\"https:\\\/\\\/www.info-algerie.com\\\/actualites\\\/le-debat-parlementaire-sur-le-plan-daction-du-gouvernement-demontre-toute-la-vitalite-de-la-vie-democratique\\\/#primaryimage\"},\"thumbnailUrl\":\"https:\\\/\\\/www.info-algerie.com\\\/actualites\\\/wp-content\\\/uploads\\\/2017\\\/09\\\/68270241579450ef21d85fe0610cd36d_S-1.jpg\",\"keywords\":[\"ONU\"],\"articleSection\":[\"infos\"],\"inLanguage\":\"fr-FR\",\"potentialAction\":[{\"@type\":\"CommentAction\",\"name\":\"Comment\",\"target\":[\"https:\\\/\\\/www.info-algerie.com\\\/actualites\\\/le-debat-parlementaire-sur-le-plan-daction-du-gouvernement-demontre-toute-la-vitalite-de-la-vie-democratique\\\/#respond\"]}]},{\"@type\":\"WebPage\",\"@id\":\"https:\\\/\\\/www.info-algerie.com\\\/actualites\\\/le-debat-parlementaire-sur-le-plan-daction-du-gouvernement-demontre-toute-la-vitalite-de-la-vie-democratique\\\/\",\"url\":\"https:\\\/\\\/www.info-algerie.com\\\/actualites\\\/le-debat-parlementaire-sur-le-plan-daction-du-gouvernement-demontre-toute-la-vitalite-de-la-vie-democratique\\\/\",\"name\":\"Le d\u00e9bat parlementaire sur le plan d&#039;action du gouvernement d\u00e9montre toute\u00a0la vitalit\u00e9 de la vie d\u00e9mocratique - info algerie\",\"isPartOf\":{\"@id\":\"https:\\\/\\\/www.info-algerie.com\\\/actualites\\\/#website\"},\"primaryImageOfPage\":{\"@id\":\"https:\\\/\\\/www.info-algerie.com\\\/actualites\\\/le-debat-parlementaire-sur-le-plan-daction-du-gouvernement-demontre-toute-la-vitalite-de-la-vie-democratique\\\/#primaryimage\"},\"image\":{\"@id\":\"https:\\\/\\\/www.info-algerie.com\\\/actualites\\\/le-debat-parlementaire-sur-le-plan-daction-du-gouvernement-demontre-toute-la-vitalite-de-la-vie-democratique\\\/#primaryimage\"},\"thumbnailUrl\":\"https:\\\/\\\/www.info-algerie.com\\\/actualites\\\/wp-content\\\/uploads\\\/2017\\\/09\\\/68270241579450ef21d85fe0610cd36d_S-1.jpg\",\"datePublished\":\"2017-09-27T18:31:37+00:00\",\"breadcrumb\":{\"@id\":\"https:\\\/\\\/www.info-algerie.com\\\/actualites\\\/le-debat-parlementaire-sur-le-plan-daction-du-gouvernement-demontre-toute-la-vitalite-de-la-vie-democratique\\\/#breadcrumb\"},\"inLanguage\":\"fr-FR\",\"potentialAction\":[{\"@type\":\"ReadAction\",\"target\":[\"https:\\\/\\\/www.info-algerie.com\\\/actualites\\\/le-debat-parlementaire-sur-le-plan-daction-du-gouvernement-demontre-toute-la-vitalite-de-la-vie-democratique\\\/\"]}]},{\"@type\":\"ImageObject\",\"inLanguage\":\"fr-FR\",\"@id\":\"https:\\\/\\\/www.info-algerie.com\\\/actualites\\\/le-debat-parlementaire-sur-le-plan-daction-du-gouvernement-demontre-toute-la-vitalite-de-la-vie-democratique\\\/#primaryimage\",\"url\":\"https:\\\/\\\/www.info-algerie.com\\\/actualites\\\/wp-content\\\/uploads\\\/2017\\\/09\\\/68270241579450ef21d85fe0610cd36d_S-1.jpg\",\"contentUrl\":\"https:\\\/\\\/www.info-algerie.com\\\/actualites\\\/wp-content\\\/uploads\\\/2017\\\/09\\\/68270241579450ef21d85fe0610cd36d_S-1.jpg\",\"width\":280,\"height\":169},{\"@type\":\"BreadcrumbList\",\"@id\":\"https:\\\/\\\/www.info-algerie.com\\\/actualites\\\/le-debat-parlementaire-sur-le-plan-daction-du-gouvernement-demontre-toute-la-vitalite-de-la-vie-democratique\\\/#breadcrumb\",\"itemListElement\":[{\"@type\":\"ListItem\",\"position\":1,\"name\":\"Accueil\",\"item\":\"https:\\\/\\\/www.info-algerie.com\\\/actualites\\\/\"},{\"@type\":\"ListItem\",\"position\":2,\"name\":\"Le d\u00e9bat parlementaire sur le plan d&#039;action du gouvernement d\u00e9montre toute\u00a0la vitalit\u00e9 de la vie d\u00e9mocratique\"}]},{\"@type\":\"WebSite\",\"@id\":\"https:\\\/\\\/www.info-algerie.com\\\/actualites\\\/#website\",\"url\":\"https:\\\/\\\/www.info-algerie.com\\\/actualites\\\/\",\"name\":\"info algerie\",\"description\":\"Toutes les actualit\u00e9s\",\"publisher\":{\"@id\":\"https:\\\/\\\/www.info-algerie.com\\\/actualites\\\/#organization\"},\"potentialAction\":[{\"@type\":\"SearchAction\",\"target\":{\"@type\":\"EntryPoint\",\"urlTemplate\":\"https:\\\/\\\/www.info-algerie.com\\\/actualites\\\/?s={search_term_string}\"},\"query-input\":{\"@type\":\"PropertyValueSpecification\",\"valueRequired\":true,\"valueName\":\"search_term_string\"}}],\"inLanguage\":\"fr-FR\"},{\"@type\":\"Organization\",\"@id\":\"https:\\\/\\\/www.info-algerie.com\\\/actualites\\\/#organization\",\"name\":\"info algerie\",\"url\":\"https:\\\/\\\/www.info-algerie.com\\\/actualites\\\/\",\"logo\":{\"@type\":\"ImageObject\",\"inLanguage\":\"fr-FR\",\"@id\":\"https:\\\/\\\/www.info-algerie.com\\\/actualites\\\/#\\\/schema\\\/logo\\\/image\\\/\",\"url\":\"https:\\\/\\\/www.info-algerie.com\\\/actualites\\\/wp-content\\\/uploads\\\/2022\\\/07\\\/logo-ia-120.png\",\"contentUrl\":\"https:\\\/\\\/www.info-algerie.com\\\/actualites\\\/wp-content\\\/uploads\\\/2022\\\/07\\\/logo-ia-120.png\",\"width\":120,\"height\":43,\"caption\":\"info algerie\"},\"image\":{\"@id\":\"https:\\\/\\\/www.info-algerie.com\\\/actualites\\\/#\\\/schema\\\/logo\\\/image\\\/\"},\"sameAs\":[\"https:\\\/\\\/www.facebook.com\\\/infoalgerieactu\",\"https:\\\/\\\/x.com\\\/infoalgerie1\"]},{\"@type\":\"Person\",\"@id\":\"https:\\\/\\\/www.info-algerie.com\\\/actualites\\\/#\\\/schema\\\/person\\\/847aaec44920825b843a08f30ec6aa1e\",\"name\":\"La r\u00e9daction\",\"image\":{\"@type\":\"ImageObject\",\"inLanguage\":\"fr-FR\",\"@id\":\"https:\\\/\\\/secure.gravatar.com\\\/avatar\\\/769db425c6f465158149f1ffd6cf61ce7a8a879d11dfbef8288af36dfddd418c?s=96&d=mm&r=g\",\"url\":\"https:\\\/\\\/secure.gravatar.com\\\/avatar\\\/769db425c6f465158149f1ffd6cf61ce7a8a879d11dfbef8288af36dfddd418c?s=96&d=mm&r=g\",\"contentUrl\":\"https:\\\/\\\/secure.gravatar.com\\\/avatar\\\/769db425c6f465158149f1ffd6cf61ce7a8a879d11dfbef8288af36dfddd418c?s=96&d=mm&r=g\",\"caption\":\"La r\u00e9daction\"},\"sameAs\":[\"http:\\\/\\\/www.lkeria.com\\\/\"],\"url\":\"https:\\\/\\\/www.info-algerie.com\\\/actualites\\\/author\\\/chakib32\\\/\"}]}<\/script>\n<!-- \/ Yoast SEO plugin. -->","yoast_head_json":{"title":"Le d\u00e9bat parlementaire sur le plan d&#039;action du gouvernement d\u00e9montre toute\u00a0la vitalit\u00e9 de la vie d\u00e9mocratique - info algerie","robots":{"index":"index","follow":"follow","max-snippet":"max-snippet:-1","max-image-preview":"max-image-preview:large","max-video-preview":"max-video-preview:-1"},"canonical":"https:\/\/www.info-algerie.com\/actualites\/le-debat-parlementaire-sur-le-plan-daction-du-gouvernement-demontre-toute-la-vitalite-de-la-vie-democratique\/","og_locale":"fr_FR","og_type":"article","og_title":"Le d\u00e9bat parlementaire sur le plan d&#039;action du gouvernement d\u00e9montre toute\u00a0la vitalit\u00e9 de la vie d\u00e9mocratique - info algerie","og_description":"ALGER &#8211; Le d\u00e9bat parlementaire sur le Plan d&rsquo;action du gouvernement a d\u00e9montr\u00e9 toute la vitalit\u00e9 de la vie d\u00e9mocratique en\u00a0Alg\u00e9rie, a affirm\u00e9 mercredi \u00e0 Alger le Premier ministre Ahmed Ouyahia,\u00a0 relevant toutefois que \u00ab\u00a0notre d\u00e9mocratie est \u00e0 parfaire encore pour\u00a0atteindre le niveau de celles des Nations qui nous ont pr\u00e9c\u00e9d\u00e9 de pr\u00e8s de\u00a0 deux","og_url":"https:\/\/www.info-algerie.com\/actualites\/le-debat-parlementaire-sur-le-plan-daction-du-gouvernement-demontre-toute-la-vitalite-de-la-vie-democratique\/","og_site_name":"info algerie","article_publisher":"https:\/\/www.facebook.com\/infoalgerieactu","article_published_time":"2017-09-27T18:31:37+00:00","og_image":[{"width":280,"height":169,"url":"https:\/\/www.info-algerie.com\/actualites\/wp-content\/uploads\/2017\/09\/68270241579450ef21d85fe0610cd36d_S-1.jpg","type":"image\/jpeg"}],"author":"La r\u00e9daction","twitter_misc":{"\u00c9crit par":"La r\u00e9daction","Dur\u00e9e de lecture estim\u00e9e":"5 minutes"},"schema":{"@context":"https:\/\/schema.org","@graph":[{"@type":"Article","@id":"https:\/\/www.info-algerie.com\/actualites\/le-debat-parlementaire-sur-le-plan-daction-du-gouvernement-demontre-toute-la-vitalite-de-la-vie-democratique\/#article","isPartOf":{"@id":"https:\/\/www.info-algerie.com\/actualites\/le-debat-parlementaire-sur-le-plan-daction-du-gouvernement-demontre-toute-la-vitalite-de-la-vie-democratique\/"},"author":{"name":"La r\u00e9daction","@id":"https:\/\/www.info-algerie.com\/actualites\/#\/schema\/person\/847aaec44920825b843a08f30ec6aa1e"},"headline":"Le d\u00e9bat parlementaire sur le plan d&#039;action du gouvernement d\u00e9montre toute\u00a0la vitalit\u00e9 de la vie d\u00e9mocratique","datePublished":"2017-09-27T18:31:37+00:00","mainEntityOfPage":{"@id":"https:\/\/www.info-algerie.com\/actualites\/le-debat-parlementaire-sur-le-plan-daction-du-gouvernement-demontre-toute-la-vitalite-de-la-vie-democratique\/"},"wordCount":1133,"commentCount":0,"publisher":{"@id":"https:\/\/www.info-algerie.com\/actualites\/#organization"},"image":{"@id":"https:\/\/www.info-algerie.com\/actualites\/le-debat-parlementaire-sur-le-plan-daction-du-gouvernement-demontre-toute-la-vitalite-de-la-vie-democratique\/#primaryimage"},"thumbnailUrl":"https:\/\/www.info-algerie.com\/actualites\/wp-content\/uploads\/2017\/09\/68270241579450ef21d85fe0610cd36d_S-1.jpg","keywords":["ONU"],"articleSection":["infos"],"inLanguage":"fr-FR","potentialAction":[{"@type":"CommentAction","name":"Comment","target":["https:\/\/www.info-algerie.com\/actualites\/le-debat-parlementaire-sur-le-plan-daction-du-gouvernement-demontre-toute-la-vitalite-de-la-vie-democratique\/#respond"]}]},{"@type":"WebPage","@id":"https:\/\/www.info-algerie.com\/actualites\/le-debat-parlementaire-sur-le-plan-daction-du-gouvernement-demontre-toute-la-vitalite-de-la-vie-democratique\/","url":"https:\/\/www.info-algerie.com\/actualites\/le-debat-parlementaire-sur-le-plan-daction-du-gouvernement-demontre-toute-la-vitalite-de-la-vie-democratique\/","name":"Le d\u00e9bat parlementaire sur le plan d&#039;action du gouvernement d\u00e9montre toute\u00a0la vitalit\u00e9 de la vie d\u00e9mocratique - info algerie","isPartOf":{"@id":"https:\/\/www.info-algerie.com\/actualites\/#website"},"primaryImageOfPage":{"@id":"https:\/\/www.info-algerie.com\/actualites\/le-debat-parlementaire-sur-le-plan-daction-du-gouvernement-demontre-toute-la-vitalite-de-la-vie-democratique\/#primaryimage"},"image":{"@id":"https:\/\/www.info-algerie.com\/actualites\/le-debat-parlementaire-sur-le-plan-daction-du-gouvernement-demontre-toute-la-vitalite-de-la-vie-democratique\/#primaryimage"},"thumbnailUrl":"https:\/\/www.info-algerie.com\/actualites\/wp-content\/uploads\/2017\/09\/68270241579450ef21d85fe0610cd36d_S-1.jpg","datePublished":"2017-09-27T18:31:37+00:00","breadcrumb":{"@id":"https:\/\/www.info-algerie.com\/actualites\/le-debat-parlementaire-sur-le-plan-daction-du-gouvernement-demontre-toute-la-vitalite-de-la-vie-democratique\/#breadcrumb"},"inLanguage":"fr-FR","potentialAction":[{"@type":"ReadAction","target":["https:\/\/www.info-algerie.com\/actualites\/le-debat-parlementaire-sur-le-plan-daction-du-gouvernement-demontre-toute-la-vitalite-de-la-vie-democratique\/"]}]},{"@type":"ImageObject","inLanguage":"fr-FR","@id":"https:\/\/www.info-algerie.com\/actualites\/le-debat-parlementaire-sur-le-plan-daction-du-gouvernement-demontre-toute-la-vitalite-de-la-vie-democratique\/#primaryimage","url":"https:\/\/www.info-algerie.com\/actualites\/wp-content\/uploads\/2017\/09\/68270241579450ef21d85fe0610cd36d_S-1.jpg","contentUrl":"https:\/\/www.info-algerie.com\/actualites\/wp-content\/uploads\/2017\/09\/68270241579450ef21d85fe0610cd36d_S-1.jpg","width":280,"height":169},{"@type":"BreadcrumbList","@id":"https:\/\/www.info-algerie.com\/actualites\/le-debat-parlementaire-sur-le-plan-daction-du-gouvernement-demontre-toute-la-vitalite-de-la-vie-democratique\/#breadcrumb","itemListElement":[{"@type":"ListItem","position":1,"name":"Accueil","item":"https:\/\/www.info-algerie.com\/actualites\/"},{"@type":"ListItem","position":2,"name":"Le d\u00e9bat parlementaire sur le plan d&#039;action du gouvernement d\u00e9montre toute\u00a0la vitalit\u00e9 de la vie d\u00e9mocratique"}]},{"@type":"WebSite","@id":"https:\/\/www.info-algerie.com\/actualites\/#website","url":"https:\/\/www.info-algerie.com\/actualites\/","name":"info algerie","description":"Toutes les actualit\u00e9s","publisher":{"@id":"https:\/\/www.info-algerie.com\/actualites\/#organization"},"potentialAction":[{"@type":"SearchAction","target":{"@type":"EntryPoint","urlTemplate":"https:\/\/www.info-algerie.com\/actualites\/?s={search_term_string}"},"query-input":{"@type":"PropertyValueSpecification","valueRequired":true,"valueName":"search_term_string"}}],"inLanguage":"fr-FR"},{"@type":"Organization","@id":"https:\/\/www.info-algerie.com\/actualites\/#organization","name":"info algerie","url":"https:\/\/www.info-algerie.com\/actualites\/","logo":{"@type":"ImageObject","inLanguage":"fr-FR","@id":"https:\/\/www.info-algerie.com\/actualites\/#\/schema\/logo\/image\/","url":"https:\/\/www.info-algerie.com\/actualites\/wp-content\/uploads\/2022\/07\/logo-ia-120.png","contentUrl":"https:\/\/www.info-algerie.com\/actualites\/wp-content\/uploads\/2022\/07\/logo-ia-120.png","width":120,"height":43,"caption":"info algerie"},"image":{"@id":"https:\/\/www.info-algerie.com\/actualites\/#\/schema\/logo\/image\/"},"sameAs":["https:\/\/www.facebook.com\/infoalgerieactu","https:\/\/x.com\/infoalgerie1"]},{"@type":"Person","@id":"https:\/\/www.info-algerie.com\/actualites\/#\/schema\/person\/847aaec44920825b843a08f30ec6aa1e","name":"La r\u00e9daction","image":{"@type":"ImageObject","inLanguage":"fr-FR","@id":"https:\/\/secure.gravatar.com\/avatar\/769db425c6f465158149f1ffd6cf61ce7a8a879d11dfbef8288af36dfddd418c?s=96&d=mm&r=g","url":"https:\/\/secure.gravatar.com\/avatar\/769db425c6f465158149f1ffd6cf61ce7a8a879d11dfbef8288af36dfddd418c?s=96&d=mm&r=g","contentUrl":"https:\/\/secure.gravatar.com\/avatar\/769db425c6f465158149f1ffd6cf61ce7a8a879d11dfbef8288af36dfddd418c?s=96&d=mm&r=g","caption":"La r\u00e9daction"},"sameAs":["http:\/\/www.lkeria.com\/"],"url":"https:\/\/www.info-algerie.com\/actualites\/author\/chakib32\/"}]}},"_links":{"self":[{"href":"https:\/\/www.info-algerie.com\/actualites\/wp-json\/wp\/v2\/posts\/16398","targetHints":{"allow":["GET"]}}],"collection":[{"href":"https:\/\/www.info-algerie.com\/actualites\/wp-json\/wp\/v2\/posts"}],"about":[{"href":"https:\/\/www.info-algerie.com\/actualites\/wp-json\/wp\/v2\/types\/post"}],"author":[{"embeddable":true,"href":"https:\/\/www.info-algerie.com\/actualites\/wp-json\/wp\/v2\/users\/6"}],"replies":[{"embeddable":true,"href":"https:\/\/www.info-algerie.com\/actualites\/wp-json\/wp\/v2\/comments?post=16398"}],"version-history":[{"count":0,"href":"https:\/\/www.info-algerie.com\/actualites\/wp-json\/wp\/v2\/posts\/16398\/revisions"}],"wp:featuredmedia":[{"embeddable":true,"href":"https:\/\/www.info-algerie.com\/actualites\/wp-json\/wp\/v2\/media\/16399"}],"wp:attachment":[{"href":"https:\/\/www.info-algerie.com\/actualites\/wp-json\/wp\/v2\/media?parent=16398"}],"wp:term":[{"taxonomy":"category","embeddable":true,"href":"https:\/\/www.info-algerie.com\/actualites\/wp-json\/wp\/v2\/categories?post=16398"},{"taxonomy":"post_tag","embeddable":true,"href":"https:\/\/www.info-algerie.com\/actualites\/wp-json\/wp\/v2\/tags?post=16398"}],"curies":[{"name":"wp","href":"https:\/\/api.w.org\/{rel}","templated":true}]}}