{"id":16405,"date":"2017-09-28T08:44:14","date_gmt":"2017-09-28T07:44:14","guid":{"rendered":"http:\/\/www.info-algerie.com\/actualites\/le-president-de-la-republique-salue-les-qualites-du-moudjahid-mohamed-lemkami-et-son-grand-amour-pour-la-patrie\/"},"modified":"2017-09-28T08:44:14","modified_gmt":"2017-09-28T07:44:14","slug":"le-president-de-la-republique-salue-les-qualites-du-moudjahid-mohamed-lemkami-et-son-grand-amour-pour-la-patrie","status":"publish","type":"post","link":"https:\/\/www.info-algerie.com\/actualites\/le-president-de-la-republique-salue-les-qualites-du-moudjahid-mohamed-lemkami-et-son-grand-amour-pour-la-patrie\/","title":{"rendered":"Le pr\u00e9sident de la R\u00e9publique salue les qualit\u00e9s du moudjahid Mohamed Lemkami et son grand amour pour la patrie"},"content":{"rendered":"<div class=\"K2FeedImage\"><img decoding=\"async\" src=\"https:\/\/www.info-algerie.com\/actualites\/wp-content\/uploads\/2017\/09\/34df7205e227bc383933fed71723ceb0_S.jpg\" alt=\"Le pr&#xE9;sident de la R&#xE9;publique salue les qualit&#xE9;s du moudjahid Mohamed Lemkami et son grand amour pour la patrie\" \/><\/div>\n<div class=\"K2FeedIntroText\">\n<p class=\"MsoNoSpacing\">ALGER- Le pr\u00e9sident de la R\u00e9publique, Abdelaziz Bouteflika a adress\u00e9 un message de condol\u00e9ances \u00e0 la famille du moudjahid, Mohamed Lemkami, d\u00e9c\u00e9d\u00e9 mercredi, dans lequel il a salu\u00e9 les qualit\u00e9s du\u00a0 d\u00e9funt.<\/p>\n<p>&#013;\n<\/p><\/div>\n<div class=\"K2FeedFullText\">&#013;<\/p>\n<p>\u00ab\u00a0J\u2019ai appris avec une grande affliction le d\u00e9c\u00e8s de notre cher ami et grand moudjahid Mohamed Lemkami, des suites d\u2019une longue maladie qui a priv\u00e9 ses compagnons et amis de ses r\u00e9cits passionnants sur les hauts faits de l&rsquo;histoire\u00a0\u00bb, a \u00e9crit le pr\u00e9sident de la R\u00e9publique dans son message.<\/p>\n<p>&#013;<\/p>\n<p>\u00ab\u00a0Dou\u00e9 d&rsquo;un esprit de militantisme sans pareil, le d\u00e9funt rejoindra tr\u00e8s jeune, les rangs de l\u2019Arm\u00e9e de lib\u00e9ration nationale\u00a0\u00bb, la Guerre de lib\u00e9ration f\u00fbt pour lui un devoir qu&rsquo;il aura accompli avec d\u00e9vouement et loyaut\u00e9\u00a0\u00bb, poursuit le chef de l&rsquo;Etat affirmant que \u00ab\u00a0le d\u00e9funt avait la patrie chevill\u00e9e \u00e0 l&rsquo;\u00e2me et ses vertus nombreuses lui ont valu respect et consid\u00e9ration\u00a0\u00bb.<\/p>\n<p>&#013;<\/p>\n<p>Le pr\u00e9sident de la R\u00e9publique a rappel\u00e9 qu&rsquo;apr\u00e8s la guerre, le d\u00e9funt poursuivra son combat en faveur de l&rsquo;\u00e9dification du pays, occupant des postes de responsabilit\u00e9 dans les secteurs de la sant\u00e9 et du commerce.<\/p>\n<p>&#013;<\/p>\n<p>Il a \u00e9galement occup\u00e9 le poste d&rsquo;ambassadeur et a \u00e9t\u00e9 d\u00e9put\u00e9 au sein de l\u2019Assembl\u00e9e populaire nationale sans renoncer \u00e0 l&rsquo;\u00e9criture. Il a son actif de nombreux livres et ouvrages de recherches.<\/p>\n<p>&#013;<\/p>\n<p>\u00ab\u00a0En cette douloureuse circonstance, je pr\u00e9sente mes sinc\u00e8res condol\u00e9ances \u00e0 sa famille \u00e0 ses compagnons de lutte, priant Dieu de les assister en cette p\u00e9nible \u00e9preuve et d&rsquo;accueillir le d\u00e9funt dans son vaste paradis\u00a0\u00bb, a conclu le chef de l&rsquo;Etat.<\/p>\n<\/div>\n<p>&#013;<br \/>\nSource: <a href=\"http:\/\/www.aps.dz\/algerie\/63343-le-president-de-la-republique-salue-les-qualites-du-moudjahid-mohamed-lemkami-et-son-grand-amour-pour-la-patrie\" target=\"_blank\">Le pr\u00e9sident de la R\u00e9publique salue les qualit\u00e9s du moudjahid Mohamed Lemkami et son grand amour pour la patrie<\/a><\/p>\n<!--CusAds0-->\n<div style=\"font-size: 0px; height: 0px; line-height: 0px; margin: 0; padding: 0; clear: both;\"><\/div>","protected":false},"excerpt":{"rendered":"<p>ALGER- Le pr\u00e9sident de la R\u00e9publique, Abdelaziz Bouteflika a adress\u00e9 un message de condol\u00e9ances \u00e0 la famille du moudjahid, Mohamed Lemkami, d\u00e9c\u00e9d\u00e9 mercredi, dans lequel il a salu\u00e9 les qualit\u00e9s du\u00a0 d\u00e9funt. &#013; &#013; \u00ab\u00a0J\u2019ai appris avec une grande affliction le d\u00e9c\u00e8s de notre cher ami et grand moudjahid Mohamed Lemkami, des suites d\u2019une longue<\/p>\n","protected":false},"author":6,"featured_media":16406,"comment_status":"open","ping_status":"open","sticky":false,"template":"","format":"standard","meta":{"footnotes":""},"categories":[22],"tags":[93],"class_list":["post-16405","post","type-post","status-publish","format-standard","has-post-thumbnail","hentry","category-infos","tag-onu"],"yoast_head":"<!-- This site is optimized with the Yoast SEO plugin v27.5 - https:\/\/yoast.com\/product\/yoast-seo-wordpress\/ -->\n<title>Le pr\u00e9sident de la R\u00e9publique salue les qualit\u00e9s du moudjahid Mohamed Lemkami et son grand amour pour la patrie - info algerie<\/title>\n<meta name=\"robots\" content=\"index, follow, max-snippet:-1, max-image-preview:large, max-video-preview:-1\" \/>\n<link rel=\"canonical\" href=\"https:\/\/www.info-algerie.com\/actualites\/le-president-de-la-republique-salue-les-qualites-du-moudjahid-mohamed-lemkami-et-son-grand-amour-pour-la-patrie\/\" \/>\n<meta property=\"og:locale\" content=\"fr_FR\" \/>\n<meta property=\"og:type\" content=\"article\" \/>\n<meta property=\"og:title\" content=\"Le pr\u00e9sident de la R\u00e9publique salue les qualit\u00e9s du moudjahid Mohamed Lemkami et son grand amour pour la patrie - info algerie\" \/>\n<meta property=\"og:description\" content=\"ALGER- Le pr\u00e9sident de la R\u00e9publique, Abdelaziz Bouteflika a adress\u00e9 un message de condol\u00e9ances \u00e0 la famille du moudjahid, Mohamed Lemkami, d\u00e9c\u00e9d\u00e9 mercredi, dans lequel il a salu\u00e9 les qualit\u00e9s du\u00a0 d\u00e9funt. &#013; &#013; \u00ab\u00a0J\u2019ai appris avec une grande affliction le d\u00e9c\u00e8s de notre cher ami et grand moudjahid Mohamed Lemkami, des suites d\u2019une longue\" \/>\n<meta property=\"og:url\" content=\"https:\/\/www.info-algerie.com\/actualites\/le-president-de-la-republique-salue-les-qualites-du-moudjahid-mohamed-lemkami-et-son-grand-amour-pour-la-patrie\/\" \/>\n<meta property=\"og:site_name\" content=\"info algerie\" \/>\n<meta property=\"article:publisher\" content=\"https:\/\/www.facebook.com\/infoalgerieactu\" \/>\n<meta property=\"article:published_time\" content=\"2017-09-28T07:44:14+00:00\" \/>\n<meta property=\"og:image\" content=\"https:\/\/www.info-algerie.com\/actualites\/wp-content\/uploads\/2017\/09\/34df7205e227bc383933fed71723ceb0_S-1.jpg\" \/>\n\t<meta property=\"og:image:width\" content=\"280\" \/>\n\t<meta property=\"og:image:height\" content=\"172\" \/>\n\t<meta property=\"og:image:type\" content=\"image\/jpeg\" \/>\n<meta name=\"author\" content=\"La r\u00e9daction\" \/>\n<meta name=\"twitter:label1\" content=\"\u00c9crit par\" \/>\n\t<meta name=\"twitter:data1\" content=\"La r\u00e9daction\" \/>\n\t<meta name=\"twitter:label2\" content=\"Dur\u00e9e de lecture estim\u00e9e\" \/>\n\t<meta name=\"twitter:data2\" content=\"2 minutes\" \/>\n<script type=\"application\/ld+json\" class=\"yoast-schema-graph\">{\"@context\":\"https:\\\/\\\/schema.org\",\"@graph\":[{\"@type\":\"Article\",\"@id\":\"https:\\\/\\\/www.info-algerie.com\\\/actualites\\\/le-president-de-la-republique-salue-les-qualites-du-moudjahid-mohamed-lemkami-et-son-grand-amour-pour-la-patrie\\\/#article\",\"isPartOf\":{\"@id\":\"https:\\\/\\\/www.info-algerie.com\\\/actualites\\\/le-president-de-la-republique-salue-les-qualites-du-moudjahid-mohamed-lemkami-et-son-grand-amour-pour-la-patrie\\\/\"},\"author\":{\"name\":\"La r\u00e9daction\",\"@id\":\"https:\\\/\\\/www.info-algerie.com\\\/actualites\\\/#\\\/schema\\\/person\\\/847aaec44920825b843a08f30ec6aa1e\"},\"headline\":\"Le pr\u00e9sident de la R\u00e9publique salue les qualit\u00e9s du moudjahid Mohamed Lemkami et son grand amour pour la patrie\",\"datePublished\":\"2017-09-28T07:44:14+00:00\",\"mainEntityOfPage\":{\"@id\":\"https:\\\/\\\/www.info-algerie.com\\\/actualites\\\/le-president-de-la-republique-salue-les-qualites-du-moudjahid-mohamed-lemkami-et-son-grand-amour-pour-la-patrie\\\/\"},\"wordCount\":336,\"commentCount\":0,\"publisher\":{\"@id\":\"https:\\\/\\\/www.info-algerie.com\\\/actualites\\\/#organization\"},\"image\":{\"@id\":\"https:\\\/\\\/www.info-algerie.com\\\/actualites\\\/le-president-de-la-republique-salue-les-qualites-du-moudjahid-mohamed-lemkami-et-son-grand-amour-pour-la-patrie\\\/#primaryimage\"},\"thumbnailUrl\":\"https:\\\/\\\/www.info-algerie.com\\\/actualites\\\/wp-content\\\/uploads\\\/2017\\\/09\\\/34df7205e227bc383933fed71723ceb0_S-1.jpg\",\"keywords\":[\"ONU\"],\"articleSection\":[\"infos\"],\"inLanguage\":\"fr-FR\",\"potentialAction\":[{\"@type\":\"CommentAction\",\"name\":\"Comment\",\"target\":[\"https:\\\/\\\/www.info-algerie.com\\\/actualites\\\/le-president-de-la-republique-salue-les-qualites-du-moudjahid-mohamed-lemkami-et-son-grand-amour-pour-la-patrie\\\/#respond\"]}]},{\"@type\":\"WebPage\",\"@id\":\"https:\\\/\\\/www.info-algerie.com\\\/actualites\\\/le-president-de-la-republique-salue-les-qualites-du-moudjahid-mohamed-lemkami-et-son-grand-amour-pour-la-patrie\\\/\",\"url\":\"https:\\\/\\\/www.info-algerie.com\\\/actualites\\\/le-president-de-la-republique-salue-les-qualites-du-moudjahid-mohamed-lemkami-et-son-grand-amour-pour-la-patrie\\\/\",\"name\":\"Le pr\u00e9sident de la R\u00e9publique salue les qualit\u00e9s du moudjahid Mohamed Lemkami et son grand amour pour la patrie - info algerie\",\"isPartOf\":{\"@id\":\"https:\\\/\\\/www.info-algerie.com\\\/actualites\\\/#website\"},\"primaryImageOfPage\":{\"@id\":\"https:\\\/\\\/www.info-algerie.com\\\/actualites\\\/le-president-de-la-republique-salue-les-qualites-du-moudjahid-mohamed-lemkami-et-son-grand-amour-pour-la-patrie\\\/#primaryimage\"},\"image\":{\"@id\":\"https:\\\/\\\/www.info-algerie.com\\\/actualites\\\/le-president-de-la-republique-salue-les-qualites-du-moudjahid-mohamed-lemkami-et-son-grand-amour-pour-la-patrie\\\/#primaryimage\"},\"thumbnailUrl\":\"https:\\\/\\\/www.info-algerie.com\\\/actualites\\\/wp-content\\\/uploads\\\/2017\\\/09\\\/34df7205e227bc383933fed71723ceb0_S-1.jpg\",\"datePublished\":\"2017-09-28T07:44:14+00:00\",\"breadcrumb\":{\"@id\":\"https:\\\/\\\/www.info-algerie.com\\\/actualites\\\/le-president-de-la-republique-salue-les-qualites-du-moudjahid-mohamed-lemkami-et-son-grand-amour-pour-la-patrie\\\/#breadcrumb\"},\"inLanguage\":\"fr-FR\",\"potentialAction\":[{\"@type\":\"ReadAction\",\"target\":[\"https:\\\/\\\/www.info-algerie.com\\\/actualites\\\/le-president-de-la-republique-salue-les-qualites-du-moudjahid-mohamed-lemkami-et-son-grand-amour-pour-la-patrie\\\/\"]}]},{\"@type\":\"ImageObject\",\"inLanguage\":\"fr-FR\",\"@id\":\"https:\\\/\\\/www.info-algerie.com\\\/actualites\\\/le-president-de-la-republique-salue-les-qualites-du-moudjahid-mohamed-lemkami-et-son-grand-amour-pour-la-patrie\\\/#primaryimage\",\"url\":\"https:\\\/\\\/www.info-algerie.com\\\/actualites\\\/wp-content\\\/uploads\\\/2017\\\/09\\\/34df7205e227bc383933fed71723ceb0_S-1.jpg\",\"contentUrl\":\"https:\\\/\\\/www.info-algerie.com\\\/actualites\\\/wp-content\\\/uploads\\\/2017\\\/09\\\/34df7205e227bc383933fed71723ceb0_S-1.jpg\",\"width\":280,\"height\":172},{\"@type\":\"BreadcrumbList\",\"@id\":\"https:\\\/\\\/www.info-algerie.com\\\/actualites\\\/le-president-de-la-republique-salue-les-qualites-du-moudjahid-mohamed-lemkami-et-son-grand-amour-pour-la-patrie\\\/#breadcrumb\",\"itemListElement\":[{\"@type\":\"ListItem\",\"position\":1,\"name\":\"Accueil\",\"item\":\"https:\\\/\\\/www.info-algerie.com\\\/actualites\\\/\"},{\"@type\":\"ListItem\",\"position\":2,\"name\":\"Le pr\u00e9sident de la R\u00e9publique salue les qualit\u00e9s du moudjahid Mohamed Lemkami et son grand amour pour la patrie\"}]},{\"@type\":\"WebSite\",\"@id\":\"https:\\\/\\\/www.info-algerie.com\\\/actualites\\\/#website\",\"url\":\"https:\\\/\\\/www.info-algerie.com\\\/actualites\\\/\",\"name\":\"info algerie\",\"description\":\"Toutes les actualit\u00e9s\",\"publisher\":{\"@id\":\"https:\\\/\\\/www.info-algerie.com\\\/actualites\\\/#organization\"},\"potentialAction\":[{\"@type\":\"SearchAction\",\"target\":{\"@type\":\"EntryPoint\",\"urlTemplate\":\"https:\\\/\\\/www.info-algerie.com\\\/actualites\\\/?s={search_term_string}\"},\"query-input\":{\"@type\":\"PropertyValueSpecification\",\"valueRequired\":true,\"valueName\":\"search_term_string\"}}],\"inLanguage\":\"fr-FR\"},{\"@type\":\"Organization\",\"@id\":\"https:\\\/\\\/www.info-algerie.com\\\/actualites\\\/#organization\",\"name\":\"info algerie\",\"url\":\"https:\\\/\\\/www.info-algerie.com\\\/actualites\\\/\",\"logo\":{\"@type\":\"ImageObject\",\"inLanguage\":\"fr-FR\",\"@id\":\"https:\\\/\\\/www.info-algerie.com\\\/actualites\\\/#\\\/schema\\\/logo\\\/image\\\/\",\"url\":\"https:\\\/\\\/www.info-algerie.com\\\/actualites\\\/wp-content\\\/uploads\\\/2022\\\/07\\\/logo-ia-120.png\",\"contentUrl\":\"https:\\\/\\\/www.info-algerie.com\\\/actualites\\\/wp-content\\\/uploads\\\/2022\\\/07\\\/logo-ia-120.png\",\"width\":120,\"height\":43,\"caption\":\"info algerie\"},\"image\":{\"@id\":\"https:\\\/\\\/www.info-algerie.com\\\/actualites\\\/#\\\/schema\\\/logo\\\/image\\\/\"},\"sameAs\":[\"https:\\\/\\\/www.facebook.com\\\/infoalgerieactu\",\"https:\\\/\\\/x.com\\\/infoalgerie1\"]},{\"@type\":\"Person\",\"@id\":\"https:\\\/\\\/www.info-algerie.com\\\/actualites\\\/#\\\/schema\\\/person\\\/847aaec44920825b843a08f30ec6aa1e\",\"name\":\"La r\u00e9daction\",\"image\":{\"@type\":\"ImageObject\",\"inLanguage\":\"fr-FR\",\"@id\":\"https:\\\/\\\/secure.gravatar.com\\\/avatar\\\/769db425c6f465158149f1ffd6cf61ce7a8a879d11dfbef8288af36dfddd418c?s=96&d=mm&r=g\",\"url\":\"https:\\\/\\\/secure.gravatar.com\\\/avatar\\\/769db425c6f465158149f1ffd6cf61ce7a8a879d11dfbef8288af36dfddd418c?s=96&d=mm&r=g\",\"contentUrl\":\"https:\\\/\\\/secure.gravatar.com\\\/avatar\\\/769db425c6f465158149f1ffd6cf61ce7a8a879d11dfbef8288af36dfddd418c?s=96&d=mm&r=g\",\"caption\":\"La r\u00e9daction\"},\"sameAs\":[\"http:\\\/\\\/www.lkeria.com\\\/\"],\"url\":\"https:\\\/\\\/www.info-algerie.com\\\/actualites\\\/author\\\/chakib32\\\/\"}]}<\/script>\n<!-- \/ Yoast SEO plugin. -->","yoast_head_json":{"title":"Le pr\u00e9sident de la R\u00e9publique salue les qualit\u00e9s du moudjahid Mohamed Lemkami et son grand amour pour la patrie - info algerie","robots":{"index":"index","follow":"follow","max-snippet":"max-snippet:-1","max-image-preview":"max-image-preview:large","max-video-preview":"max-video-preview:-1"},"canonical":"https:\/\/www.info-algerie.com\/actualites\/le-president-de-la-republique-salue-les-qualites-du-moudjahid-mohamed-lemkami-et-son-grand-amour-pour-la-patrie\/","og_locale":"fr_FR","og_type":"article","og_title":"Le pr\u00e9sident de la R\u00e9publique salue les qualit\u00e9s du moudjahid Mohamed Lemkami et son grand amour pour la patrie - info algerie","og_description":"ALGER- Le pr\u00e9sident de la R\u00e9publique, Abdelaziz Bouteflika a adress\u00e9 un message de condol\u00e9ances \u00e0 la famille du moudjahid, Mohamed Lemkami, d\u00e9c\u00e9d\u00e9 mercredi, dans lequel il a salu\u00e9 les qualit\u00e9s du\u00a0 d\u00e9funt. &#013; &#013; \u00ab\u00a0J\u2019ai appris avec une grande affliction le d\u00e9c\u00e8s de notre cher ami et grand moudjahid Mohamed Lemkami, des suites d\u2019une longue","og_url":"https:\/\/www.info-algerie.com\/actualites\/le-president-de-la-republique-salue-les-qualites-du-moudjahid-mohamed-lemkami-et-son-grand-amour-pour-la-patrie\/","og_site_name":"info algerie","article_publisher":"https:\/\/www.facebook.com\/infoalgerieactu","article_published_time":"2017-09-28T07:44:14+00:00","og_image":[{"width":280,"height":172,"url":"https:\/\/www.info-algerie.com\/actualites\/wp-content\/uploads\/2017\/09\/34df7205e227bc383933fed71723ceb0_S-1.jpg","type":"image\/jpeg"}],"author":"La r\u00e9daction","twitter_misc":{"\u00c9crit par":"La r\u00e9daction","Dur\u00e9e de lecture estim\u00e9e":"2 minutes"},"schema":{"@context":"https:\/\/schema.org","@graph":[{"@type":"Article","@id":"https:\/\/www.info-algerie.com\/actualites\/le-president-de-la-republique-salue-les-qualites-du-moudjahid-mohamed-lemkami-et-son-grand-amour-pour-la-patrie\/#article","isPartOf":{"@id":"https:\/\/www.info-algerie.com\/actualites\/le-president-de-la-republique-salue-les-qualites-du-moudjahid-mohamed-lemkami-et-son-grand-amour-pour-la-patrie\/"},"author":{"name":"La r\u00e9daction","@id":"https:\/\/www.info-algerie.com\/actualites\/#\/schema\/person\/847aaec44920825b843a08f30ec6aa1e"},"headline":"Le pr\u00e9sident de la R\u00e9publique salue les qualit\u00e9s du moudjahid Mohamed Lemkami et son grand amour pour la patrie","datePublished":"2017-09-28T07:44:14+00:00","mainEntityOfPage":{"@id":"https:\/\/www.info-algerie.com\/actualites\/le-president-de-la-republique-salue-les-qualites-du-moudjahid-mohamed-lemkami-et-son-grand-amour-pour-la-patrie\/"},"wordCount":336,"commentCount":0,"publisher":{"@id":"https:\/\/www.info-algerie.com\/actualites\/#organization"},"image":{"@id":"https:\/\/www.info-algerie.com\/actualites\/le-president-de-la-republique-salue-les-qualites-du-moudjahid-mohamed-lemkami-et-son-grand-amour-pour-la-patrie\/#primaryimage"},"thumbnailUrl":"https:\/\/www.info-algerie.com\/actualites\/wp-content\/uploads\/2017\/09\/34df7205e227bc383933fed71723ceb0_S-1.jpg","keywords":["ONU"],"articleSection":["infos"],"inLanguage":"fr-FR","potentialAction":[{"@type":"CommentAction","name":"Comment","target":["https:\/\/www.info-algerie.com\/actualites\/le-president-de-la-republique-salue-les-qualites-du-moudjahid-mohamed-lemkami-et-son-grand-amour-pour-la-patrie\/#respond"]}]},{"@type":"WebPage","@id":"https:\/\/www.info-algerie.com\/actualites\/le-president-de-la-republique-salue-les-qualites-du-moudjahid-mohamed-lemkami-et-son-grand-amour-pour-la-patrie\/","url":"https:\/\/www.info-algerie.com\/actualites\/le-president-de-la-republique-salue-les-qualites-du-moudjahid-mohamed-lemkami-et-son-grand-amour-pour-la-patrie\/","name":"Le pr\u00e9sident de la R\u00e9publique salue les qualit\u00e9s du moudjahid Mohamed Lemkami et son grand amour pour la patrie - info algerie","isPartOf":{"@id":"https:\/\/www.info-algerie.com\/actualites\/#website"},"primaryImageOfPage":{"@id":"https:\/\/www.info-algerie.com\/actualites\/le-president-de-la-republique-salue-les-qualites-du-moudjahid-mohamed-lemkami-et-son-grand-amour-pour-la-patrie\/#primaryimage"},"image":{"@id":"https:\/\/www.info-algerie.com\/actualites\/le-president-de-la-republique-salue-les-qualites-du-moudjahid-mohamed-lemkami-et-son-grand-amour-pour-la-patrie\/#primaryimage"},"thumbnailUrl":"https:\/\/www.info-algerie.com\/actualites\/wp-content\/uploads\/2017\/09\/34df7205e227bc383933fed71723ceb0_S-1.jpg","datePublished":"2017-09-28T07:44:14+00:00","breadcrumb":{"@id":"https:\/\/www.info-algerie.com\/actualites\/le-president-de-la-republique-salue-les-qualites-du-moudjahid-mohamed-lemkami-et-son-grand-amour-pour-la-patrie\/#breadcrumb"},"inLanguage":"fr-FR","potentialAction":[{"@type":"ReadAction","target":["https:\/\/www.info-algerie.com\/actualites\/le-president-de-la-republique-salue-les-qualites-du-moudjahid-mohamed-lemkami-et-son-grand-amour-pour-la-patrie\/"]}]},{"@type":"ImageObject","inLanguage":"fr-FR","@id":"https:\/\/www.info-algerie.com\/actualites\/le-president-de-la-republique-salue-les-qualites-du-moudjahid-mohamed-lemkami-et-son-grand-amour-pour-la-patrie\/#primaryimage","url":"https:\/\/www.info-algerie.com\/actualites\/wp-content\/uploads\/2017\/09\/34df7205e227bc383933fed71723ceb0_S-1.jpg","contentUrl":"https:\/\/www.info-algerie.com\/actualites\/wp-content\/uploads\/2017\/09\/34df7205e227bc383933fed71723ceb0_S-1.jpg","width":280,"height":172},{"@type":"BreadcrumbList","@id":"https:\/\/www.info-algerie.com\/actualites\/le-president-de-la-republique-salue-les-qualites-du-moudjahid-mohamed-lemkami-et-son-grand-amour-pour-la-patrie\/#breadcrumb","itemListElement":[{"@type":"ListItem","position":1,"name":"Accueil","item":"https:\/\/www.info-algerie.com\/actualites\/"},{"@type":"ListItem","position":2,"name":"Le pr\u00e9sident de la R\u00e9publique salue les qualit\u00e9s du moudjahid Mohamed Lemkami et son grand amour pour la patrie"}]},{"@type":"WebSite","@id":"https:\/\/www.info-algerie.com\/actualites\/#website","url":"https:\/\/www.info-algerie.com\/actualites\/","name":"info algerie","description":"Toutes les actualit\u00e9s","publisher":{"@id":"https:\/\/www.info-algerie.com\/actualites\/#organization"},"potentialAction":[{"@type":"SearchAction","target":{"@type":"EntryPoint","urlTemplate":"https:\/\/www.info-algerie.com\/actualites\/?s={search_term_string}"},"query-input":{"@type":"PropertyValueSpecification","valueRequired":true,"valueName":"search_term_string"}}],"inLanguage":"fr-FR"},{"@type":"Organization","@id":"https:\/\/www.info-algerie.com\/actualites\/#organization","name":"info algerie","url":"https:\/\/www.info-algerie.com\/actualites\/","logo":{"@type":"ImageObject","inLanguage":"fr-FR","@id":"https:\/\/www.info-algerie.com\/actualites\/#\/schema\/logo\/image\/","url":"https:\/\/www.info-algerie.com\/actualites\/wp-content\/uploads\/2022\/07\/logo-ia-120.png","contentUrl":"https:\/\/www.info-algerie.com\/actualites\/wp-content\/uploads\/2022\/07\/logo-ia-120.png","width":120,"height":43,"caption":"info algerie"},"image":{"@id":"https:\/\/www.info-algerie.com\/actualites\/#\/schema\/logo\/image\/"},"sameAs":["https:\/\/www.facebook.com\/infoalgerieactu","https:\/\/x.com\/infoalgerie1"]},{"@type":"Person","@id":"https:\/\/www.info-algerie.com\/actualites\/#\/schema\/person\/847aaec44920825b843a08f30ec6aa1e","name":"La r\u00e9daction","image":{"@type":"ImageObject","inLanguage":"fr-FR","@id":"https:\/\/secure.gravatar.com\/avatar\/769db425c6f465158149f1ffd6cf61ce7a8a879d11dfbef8288af36dfddd418c?s=96&d=mm&r=g","url":"https:\/\/secure.gravatar.com\/avatar\/769db425c6f465158149f1ffd6cf61ce7a8a879d11dfbef8288af36dfddd418c?s=96&d=mm&r=g","contentUrl":"https:\/\/secure.gravatar.com\/avatar\/769db425c6f465158149f1ffd6cf61ce7a8a879d11dfbef8288af36dfddd418c?s=96&d=mm&r=g","caption":"La r\u00e9daction"},"sameAs":["http:\/\/www.lkeria.com\/"],"url":"https:\/\/www.info-algerie.com\/actualites\/author\/chakib32\/"}]}},"_links":{"self":[{"href":"https:\/\/www.info-algerie.com\/actualites\/wp-json\/wp\/v2\/posts\/16405","targetHints":{"allow":["GET"]}}],"collection":[{"href":"https:\/\/www.info-algerie.com\/actualites\/wp-json\/wp\/v2\/posts"}],"about":[{"href":"https:\/\/www.info-algerie.com\/actualites\/wp-json\/wp\/v2\/types\/post"}],"author":[{"embeddable":true,"href":"https:\/\/www.info-algerie.com\/actualites\/wp-json\/wp\/v2\/users\/6"}],"replies":[{"embeddable":true,"href":"https:\/\/www.info-algerie.com\/actualites\/wp-json\/wp\/v2\/comments?post=16405"}],"version-history":[{"count":0,"href":"https:\/\/www.info-algerie.com\/actualites\/wp-json\/wp\/v2\/posts\/16405\/revisions"}],"wp:featuredmedia":[{"embeddable":true,"href":"https:\/\/www.info-algerie.com\/actualites\/wp-json\/wp\/v2\/media\/16406"}],"wp:attachment":[{"href":"https:\/\/www.info-algerie.com\/actualites\/wp-json\/wp\/v2\/media?parent=16405"}],"wp:term":[{"taxonomy":"category","embeddable":true,"href":"https:\/\/www.info-algerie.com\/actualites\/wp-json\/wp\/v2\/categories?post=16405"},{"taxonomy":"post_tag","embeddable":true,"href":"https:\/\/www.info-algerie.com\/actualites\/wp-json\/wp\/v2\/tags?post=16405"}],"curies":[{"name":"wp","href":"https:\/\/api.w.org\/{rel}","templated":true}]}}