{"id":16415,"date":"2017-09-28T11:52:18","date_gmt":"2017-09-28T10:52:18","guid":{"rendered":"http:\/\/www.info-algerie.com\/actualites\/la-france-doit-accepter-sa-defaite-dans-la-guerre-dalgerie\/"},"modified":"2017-09-28T11:52:18","modified_gmt":"2017-09-28T10:52:18","slug":"la-france-doit-accepter-sa-defaite-dans-la-guerre-dalgerie","status":"publish","type":"post","link":"https:\/\/www.info-algerie.com\/actualites\/la-france-doit-accepter-sa-defaite-dans-la-guerre-dalgerie\/","title":{"rendered":"La France doit accepter sa d\u00e9faite dans la guerre d\u2019Alg\u00e9rie\u00a0"},"content":{"rendered":"<div class=\"K2FeedImage\"><img decoding=\"async\" src=\"https:\/\/www.info-algerie.com\/actualites\/wp-content\/uploads\/2017\/09\/cd3d73381cb0711f6dbf61ed198222f7_S.jpg\" alt=\"La France doit accepter sa d&#xE9;faite dans la guerre d&#x2019;Alg&#xE9;rie&#xA0;\" \/><\/div>\n<div class=\"K2FeedIntroText\">\n<p class=\"MsoNormal\">ORAN- L\u2019apaisement des relations alg\u00e9ro-fran\u00e7aise \u00ab\u00a0implique un travail de deuil que doit faire la France en acceptant sa d\u00e9faite et gu\u00e9rir de cette grande blessure qu\u2019a occasionn\u00e9e l\u2019ind\u00e9pendance de l\u2019Alg\u00e9rie\u00a0\u00bb, a estim\u00e9 mercredi \u00e0 Oran l\u2019historien fran\u00e7ais, Benjamin Stora.<\/p>\n<p>&#013;\n<\/p><\/div>\n<div class=\"K2FeedFullText\">&#013;<\/p>\n<p class=\"MsoNoSpacing\">\u00ab\u00a0En France, le probl\u00e8me est qu\u2019on n\u2019accepte pas cette d\u00e9faite\u00a0\u00bb, a d\u00e9clar\u00e9 M. Stora, lors d\u2019un point de presse organis\u00e9 \u00e0 son arriv\u00e9e en provenance de France \u00e0 l\u2019a\u00e9roport \u00ab\u00a0Ahmed Benbella\u00a0\u00bb (Oran).<\/p>\n<p>&#013;<\/p>\n<p class=\"MsoNoSpacing\">\u00ab\u00a0Plusieurs explications complexes et sophistiqu\u00e9es sont avanc\u00e9es pour maquiller cette d\u00e9faite. Les uns estimant que le g\u00e9n\u00e9ral de Gaulle aurait trahi les Fran\u00e7ais, alors que pour les autres la France a gagn\u00e9 militairement et perdu politiquement\u00a0\u00bb, a-t-il fait savoir.<\/p>\n<p>&#013;<\/p>\n<p class=\"MsoNoSpacing\">Selon lui, \u00ab\u00a0autant d\u2019explications qui montrent que la d\u00e9faite n\u2019a pas encore \u00e9t\u00e9 accept\u00e9e, alors que les faits sont l\u00e0\u00a0\u00bb.\u00a0\u00ab\u00a0L\u2019Alg\u00e9rie a gagn\u00e9 son ind\u00e9pendance et la France est partie\u00a0\u00bb, a-t-il encore soulign\u00e9, ajoutant que \u00ab\u00a0les vainqueurs sont vainqueurs et les vaincus sont vaincus et qu\u2019il suffit de l\u2019accepter\u00a0\u00bb.<\/p>\n<p>&#013;<\/p>\n<p class=\"MsoNoSpacing\">Commentant les d\u00e9clarations du pr\u00e9sident fran\u00e7ais, Emmanuel Macron, lors de sa campagne \u00e9lectorale pour la pr\u00e9sidentielle, qualifiant le colonialisme de crime contre l\u2019humanit\u00e9, Benjamin Stora a d\u00e9clar\u00e9 qu\u2019il s\u2019agit d\u2019\u00a0\u00bbun tournant sur le plan politique, car c\u2019est la premi\u00e8re fois qu\u2019une personnalit\u00e9 politique tienne des propos aussi directes\u00a0\u00bb.<\/p>\n<p>&#013;<\/p>\n<p class=\"MsoNoSpacing\">Et d&rsquo;estimer toutefois: \u00ab\u00a0Ce n\u2019est pas une nouveaut\u00e9 sur le plan historique, puisque beaucoup d\u2019\u00e9crits condamnant les crimes de la colonisation existent\u00a0\u00bb.<\/p>\n<p>&#013;<\/p>\n<p class=\"MsoNoSpacing\">Au sujet des r\u00e9actions \u00e0 ces d\u00e9clarations, l&rsquo;historien fran\u00e7ais a \u00e9voqu\u00e9 \u00ab\u00a0un inconfort dans le milieu politique qui pr\u00e9disait que les propos de candidat Macron lui feraient perdre les \u00e9lections\u00a0\u00bb.<\/p>\n<p>&#013;<\/p>\n<p class=\"MsoNoSpacing\">Il a sur ce point encore relev\u00e9 qu\u00a0\u00bbIl est parfois n\u00e9cessaire de prendre des risques et nager \u00e0 contre courant\u00a0\u00bb, comme d\u2019ailleurs il l\u2019a fait en choisissant de pr\u00e9senter \u00ab\u00a0la politique coloniale en Alg\u00e9rie sous son vrai jour et avec tous les torts qu\u2019elle a fait subir aux peuples colonis\u00e9s\u00a0\u00bb.<\/p>\n<p>&#013;<\/p>\n<p class=\"MsoNoSpacing\">Appr\u00e9ci\u00e9 en Alg\u00e9rie pour ses positions pro-alg\u00e9riennes, l&rsquo;historien fran\u00e7ais a affirm\u00e9 qu\u2019il a \u00ab\u00a0sa place en France depuis 40 ans comme historien, universitaire et \u00e9crivain, ce qui prouve qu\u2019une partie des\u00a0<span style=\"font-size: 12.16px\">fran\u00e7ais sont r\u00e9ceptifs et sensibles \u00e0 son discours, qu\u2019il veut juste, sans haine ni rancunes\u00a0\u00bb, r\u00e9pondant ainsi \u00e0 la question : \u00ab\u00a0Quel regard peuvent avoir ses concitoyens fran\u00e7ais \u00e0 son \u00e9gard ?\u00a0\u00bb.<\/span><span style=\"font-size: 12.16px\">\u00a0<\/span>M. Stora est attendu jeudi \u00e0 Saida o\u00f9 il animera une conf\u00e9rence intitul\u00e9e:\u00a0 \u00ab\u00a0Les origines du nationalisme alg\u00e9rien\u00a0\u00bb dans le cadre de la semaine culturelle de la wilaya.<\/p>\n<p>&#013;<\/p>\n<p class=\"MsoNormal\">\u00a0<\/p>\n<p>&#013;<\/p>\n<p>\u00a0<\/p>\n<p>&#013;<\/p>\n<p class=\"MsoNormal\">\u00a0<\/p>\n<\/div>\n<p>&#013;<br \/>\nSource: <a href=\"http:\/\/www.aps.dz\/algerie\/63357-la-france-doit-accepter-sa-defaite-dans-la-guerre-d-algerie\" target=\"_blank\">La France doit accepter sa d\u00e9faite dans la guerre d\u2019Alg\u00e9rie\u00a0<\/a><\/p>\n<!--CusAds0-->\n<div style=\"font-size: 0px; height: 0px; line-height: 0px; margin: 0; padding: 0; clear: both;\"><\/div>","protected":false},"excerpt":{"rendered":"<p>ORAN- L\u2019apaisement des relations alg\u00e9ro-fran\u00e7aise \u00ab\u00a0implique un travail de deuil que doit faire la France en acceptant sa d\u00e9faite et gu\u00e9rir de cette grande blessure qu\u2019a occasionn\u00e9e l\u2019ind\u00e9pendance de l\u2019Alg\u00e9rie\u00a0\u00bb, a estim\u00e9 mercredi \u00e0 Oran l\u2019historien fran\u00e7ais, Benjamin Stora. &#013; &#013; \u00ab\u00a0En France, le probl\u00e8me est qu\u2019on n\u2019accepte pas cette d\u00e9faite\u00a0\u00bb, a d\u00e9clar\u00e9 M. Stora,<\/p>\n","protected":false},"author":6,"featured_media":16416,"comment_status":"open","ping_status":"open","sticky":false,"template":"","format":"standard","meta":{"footnotes":""},"categories":[22],"tags":[93],"class_list":["post-16415","post","type-post","status-publish","format-standard","has-post-thumbnail","hentry","category-infos","tag-onu"],"yoast_head":"<!-- This site is optimized with the Yoast SEO plugin v27.5 - https:\/\/yoast.com\/product\/yoast-seo-wordpress\/ -->\n<title>La France doit accepter sa d\u00e9faite dans la guerre d\u2019Alg\u00e9rie\u00a0 - info algerie<\/title>\n<meta name=\"robots\" content=\"index, follow, max-snippet:-1, max-image-preview:large, max-video-preview:-1\" \/>\n<link rel=\"canonical\" href=\"https:\/\/www.info-algerie.com\/actualites\/la-france-doit-accepter-sa-defaite-dans-la-guerre-dalgerie\/\" \/>\n<meta property=\"og:locale\" content=\"fr_FR\" \/>\n<meta property=\"og:type\" content=\"article\" \/>\n<meta property=\"og:title\" content=\"La France doit accepter sa d\u00e9faite dans la guerre d\u2019Alg\u00e9rie\u00a0 - info algerie\" \/>\n<meta property=\"og:description\" content=\"ORAN- L\u2019apaisement des relations alg\u00e9ro-fran\u00e7aise \u00ab\u00a0implique un travail de deuil que doit faire la France en acceptant sa d\u00e9faite et gu\u00e9rir de cette grande blessure qu\u2019a occasionn\u00e9e l\u2019ind\u00e9pendance de l\u2019Alg\u00e9rie\u00a0\u00bb, a estim\u00e9 mercredi \u00e0 Oran l\u2019historien fran\u00e7ais, Benjamin Stora. &#013; &#013; \u00ab\u00a0En France, le probl\u00e8me est qu\u2019on n\u2019accepte pas cette d\u00e9faite\u00a0\u00bb, a d\u00e9clar\u00e9 M. Stora,\" \/>\n<meta property=\"og:url\" content=\"https:\/\/www.info-algerie.com\/actualites\/la-france-doit-accepter-sa-defaite-dans-la-guerre-dalgerie\/\" \/>\n<meta property=\"og:site_name\" content=\"info algerie\" \/>\n<meta property=\"article:publisher\" content=\"https:\/\/www.facebook.com\/infoalgerieactu\" \/>\n<meta property=\"article:published_time\" content=\"2017-09-28T10:52:18+00:00\" \/>\n<meta property=\"og:image\" content=\"https:\/\/www.info-algerie.com\/actualites\/wp-content\/uploads\/2017\/09\/cd3d73381cb0711f6dbf61ed198222f7_S-1.jpg\" \/>\n\t<meta property=\"og:image:width\" content=\"280\" \/>\n\t<meta property=\"og:image:height\" content=\"231\" \/>\n\t<meta property=\"og:image:type\" content=\"image\/jpeg\" \/>\n<meta name=\"author\" content=\"La r\u00e9daction\" \/>\n<meta name=\"twitter:label1\" content=\"\u00c9crit par\" \/>\n\t<meta name=\"twitter:data1\" content=\"La r\u00e9daction\" \/>\n\t<meta name=\"twitter:label2\" content=\"Dur\u00e9e de lecture estim\u00e9e\" \/>\n\t<meta name=\"twitter:data2\" content=\"2 minutes\" \/>\n<script type=\"application\/ld+json\" class=\"yoast-schema-graph\">{\"@context\":\"https:\\\/\\\/schema.org\",\"@graph\":[{\"@type\":\"Article\",\"@id\":\"https:\\\/\\\/www.info-algerie.com\\\/actualites\\\/la-france-doit-accepter-sa-defaite-dans-la-guerre-dalgerie\\\/#article\",\"isPartOf\":{\"@id\":\"https:\\\/\\\/www.info-algerie.com\\\/actualites\\\/la-france-doit-accepter-sa-defaite-dans-la-guerre-dalgerie\\\/\"},\"author\":{\"name\":\"La r\u00e9daction\",\"@id\":\"https:\\\/\\\/www.info-algerie.com\\\/actualites\\\/#\\\/schema\\\/person\\\/847aaec44920825b843a08f30ec6aa1e\"},\"headline\":\"La France doit accepter sa d\u00e9faite dans la guerre d\u2019Alg\u00e9rie\u00a0\",\"datePublished\":\"2017-09-28T10:52:18+00:00\",\"mainEntityOfPage\":{\"@id\":\"https:\\\/\\\/www.info-algerie.com\\\/actualites\\\/la-france-doit-accepter-sa-defaite-dans-la-guerre-dalgerie\\\/\"},\"wordCount\":495,\"commentCount\":0,\"publisher\":{\"@id\":\"https:\\\/\\\/www.info-algerie.com\\\/actualites\\\/#organization\"},\"image\":{\"@id\":\"https:\\\/\\\/www.info-algerie.com\\\/actualites\\\/la-france-doit-accepter-sa-defaite-dans-la-guerre-dalgerie\\\/#primaryimage\"},\"thumbnailUrl\":\"https:\\\/\\\/www.info-algerie.com\\\/actualites\\\/wp-content\\\/uploads\\\/2017\\\/09\\\/cd3d73381cb0711f6dbf61ed198222f7_S-1.jpg\",\"keywords\":[\"ONU\"],\"articleSection\":[\"infos\"],\"inLanguage\":\"fr-FR\",\"potentialAction\":[{\"@type\":\"CommentAction\",\"name\":\"Comment\",\"target\":[\"https:\\\/\\\/www.info-algerie.com\\\/actualites\\\/la-france-doit-accepter-sa-defaite-dans-la-guerre-dalgerie\\\/#respond\"]}]},{\"@type\":\"WebPage\",\"@id\":\"https:\\\/\\\/www.info-algerie.com\\\/actualites\\\/la-france-doit-accepter-sa-defaite-dans-la-guerre-dalgerie\\\/\",\"url\":\"https:\\\/\\\/www.info-algerie.com\\\/actualites\\\/la-france-doit-accepter-sa-defaite-dans-la-guerre-dalgerie\\\/\",\"name\":\"La France doit accepter sa d\u00e9faite dans la guerre d\u2019Alg\u00e9rie\u00a0 - info algerie\",\"isPartOf\":{\"@id\":\"https:\\\/\\\/www.info-algerie.com\\\/actualites\\\/#website\"},\"primaryImageOfPage\":{\"@id\":\"https:\\\/\\\/www.info-algerie.com\\\/actualites\\\/la-france-doit-accepter-sa-defaite-dans-la-guerre-dalgerie\\\/#primaryimage\"},\"image\":{\"@id\":\"https:\\\/\\\/www.info-algerie.com\\\/actualites\\\/la-france-doit-accepter-sa-defaite-dans-la-guerre-dalgerie\\\/#primaryimage\"},\"thumbnailUrl\":\"https:\\\/\\\/www.info-algerie.com\\\/actualites\\\/wp-content\\\/uploads\\\/2017\\\/09\\\/cd3d73381cb0711f6dbf61ed198222f7_S-1.jpg\",\"datePublished\":\"2017-09-28T10:52:18+00:00\",\"breadcrumb\":{\"@id\":\"https:\\\/\\\/www.info-algerie.com\\\/actualites\\\/la-france-doit-accepter-sa-defaite-dans-la-guerre-dalgerie\\\/#breadcrumb\"},\"inLanguage\":\"fr-FR\",\"potentialAction\":[{\"@type\":\"ReadAction\",\"target\":[\"https:\\\/\\\/www.info-algerie.com\\\/actualites\\\/la-france-doit-accepter-sa-defaite-dans-la-guerre-dalgerie\\\/\"]}]},{\"@type\":\"ImageObject\",\"inLanguage\":\"fr-FR\",\"@id\":\"https:\\\/\\\/www.info-algerie.com\\\/actualites\\\/la-france-doit-accepter-sa-defaite-dans-la-guerre-dalgerie\\\/#primaryimage\",\"url\":\"https:\\\/\\\/www.info-algerie.com\\\/actualites\\\/wp-content\\\/uploads\\\/2017\\\/09\\\/cd3d73381cb0711f6dbf61ed198222f7_S-1.jpg\",\"contentUrl\":\"https:\\\/\\\/www.info-algerie.com\\\/actualites\\\/wp-content\\\/uploads\\\/2017\\\/09\\\/cd3d73381cb0711f6dbf61ed198222f7_S-1.jpg\",\"width\":280,\"height\":231},{\"@type\":\"BreadcrumbList\",\"@id\":\"https:\\\/\\\/www.info-algerie.com\\\/actualites\\\/la-france-doit-accepter-sa-defaite-dans-la-guerre-dalgerie\\\/#breadcrumb\",\"itemListElement\":[{\"@type\":\"ListItem\",\"position\":1,\"name\":\"Accueil\",\"item\":\"https:\\\/\\\/www.info-algerie.com\\\/actualites\\\/\"},{\"@type\":\"ListItem\",\"position\":2,\"name\":\"La France doit accepter sa d\u00e9faite dans la guerre d\u2019Alg\u00e9rie\u00a0\"}]},{\"@type\":\"WebSite\",\"@id\":\"https:\\\/\\\/www.info-algerie.com\\\/actualites\\\/#website\",\"url\":\"https:\\\/\\\/www.info-algerie.com\\\/actualites\\\/\",\"name\":\"info algerie\",\"description\":\"Toutes les actualit\u00e9s\",\"publisher\":{\"@id\":\"https:\\\/\\\/www.info-algerie.com\\\/actualites\\\/#organization\"},\"potentialAction\":[{\"@type\":\"SearchAction\",\"target\":{\"@type\":\"EntryPoint\",\"urlTemplate\":\"https:\\\/\\\/www.info-algerie.com\\\/actualites\\\/?s={search_term_string}\"},\"query-input\":{\"@type\":\"PropertyValueSpecification\",\"valueRequired\":true,\"valueName\":\"search_term_string\"}}],\"inLanguage\":\"fr-FR\"},{\"@type\":\"Organization\",\"@id\":\"https:\\\/\\\/www.info-algerie.com\\\/actualites\\\/#organization\",\"name\":\"info algerie\",\"url\":\"https:\\\/\\\/www.info-algerie.com\\\/actualites\\\/\",\"logo\":{\"@type\":\"ImageObject\",\"inLanguage\":\"fr-FR\",\"@id\":\"https:\\\/\\\/www.info-algerie.com\\\/actualites\\\/#\\\/schema\\\/logo\\\/image\\\/\",\"url\":\"https:\\\/\\\/www.info-algerie.com\\\/actualites\\\/wp-content\\\/uploads\\\/2022\\\/07\\\/logo-ia-120.png\",\"contentUrl\":\"https:\\\/\\\/www.info-algerie.com\\\/actualites\\\/wp-content\\\/uploads\\\/2022\\\/07\\\/logo-ia-120.png\",\"width\":120,\"height\":43,\"caption\":\"info algerie\"},\"image\":{\"@id\":\"https:\\\/\\\/www.info-algerie.com\\\/actualites\\\/#\\\/schema\\\/logo\\\/image\\\/\"},\"sameAs\":[\"https:\\\/\\\/www.facebook.com\\\/infoalgerieactu\",\"https:\\\/\\\/x.com\\\/infoalgerie1\"]},{\"@type\":\"Person\",\"@id\":\"https:\\\/\\\/www.info-algerie.com\\\/actualites\\\/#\\\/schema\\\/person\\\/847aaec44920825b843a08f30ec6aa1e\",\"name\":\"La r\u00e9daction\",\"image\":{\"@type\":\"ImageObject\",\"inLanguage\":\"fr-FR\",\"@id\":\"https:\\\/\\\/secure.gravatar.com\\\/avatar\\\/769db425c6f465158149f1ffd6cf61ce7a8a879d11dfbef8288af36dfddd418c?s=96&d=mm&r=g\",\"url\":\"https:\\\/\\\/secure.gravatar.com\\\/avatar\\\/769db425c6f465158149f1ffd6cf61ce7a8a879d11dfbef8288af36dfddd418c?s=96&d=mm&r=g\",\"contentUrl\":\"https:\\\/\\\/secure.gravatar.com\\\/avatar\\\/769db425c6f465158149f1ffd6cf61ce7a8a879d11dfbef8288af36dfddd418c?s=96&d=mm&r=g\",\"caption\":\"La r\u00e9daction\"},\"sameAs\":[\"http:\\\/\\\/www.lkeria.com\\\/\"],\"url\":\"https:\\\/\\\/www.info-algerie.com\\\/actualites\\\/author\\\/chakib32\\\/\"}]}<\/script>\n<!-- \/ Yoast SEO plugin. -->","yoast_head_json":{"title":"La France doit accepter sa d\u00e9faite dans la guerre d\u2019Alg\u00e9rie\u00a0 - info algerie","robots":{"index":"index","follow":"follow","max-snippet":"max-snippet:-1","max-image-preview":"max-image-preview:large","max-video-preview":"max-video-preview:-1"},"canonical":"https:\/\/www.info-algerie.com\/actualites\/la-france-doit-accepter-sa-defaite-dans-la-guerre-dalgerie\/","og_locale":"fr_FR","og_type":"article","og_title":"La France doit accepter sa d\u00e9faite dans la guerre d\u2019Alg\u00e9rie\u00a0 - info algerie","og_description":"ORAN- L\u2019apaisement des relations alg\u00e9ro-fran\u00e7aise \u00ab\u00a0implique un travail de deuil que doit faire la France en acceptant sa d\u00e9faite et gu\u00e9rir de cette grande blessure qu\u2019a occasionn\u00e9e l\u2019ind\u00e9pendance de l\u2019Alg\u00e9rie\u00a0\u00bb, a estim\u00e9 mercredi \u00e0 Oran l\u2019historien fran\u00e7ais, Benjamin Stora. &#013; &#013; \u00ab\u00a0En France, le probl\u00e8me est qu\u2019on n\u2019accepte pas cette d\u00e9faite\u00a0\u00bb, a d\u00e9clar\u00e9 M. Stora,","og_url":"https:\/\/www.info-algerie.com\/actualites\/la-france-doit-accepter-sa-defaite-dans-la-guerre-dalgerie\/","og_site_name":"info algerie","article_publisher":"https:\/\/www.facebook.com\/infoalgerieactu","article_published_time":"2017-09-28T10:52:18+00:00","og_image":[{"width":280,"height":231,"url":"https:\/\/www.info-algerie.com\/actualites\/wp-content\/uploads\/2017\/09\/cd3d73381cb0711f6dbf61ed198222f7_S-1.jpg","type":"image\/jpeg"}],"author":"La r\u00e9daction","twitter_misc":{"\u00c9crit par":"La r\u00e9daction","Dur\u00e9e de lecture estim\u00e9e":"2 minutes"},"schema":{"@context":"https:\/\/schema.org","@graph":[{"@type":"Article","@id":"https:\/\/www.info-algerie.com\/actualites\/la-france-doit-accepter-sa-defaite-dans-la-guerre-dalgerie\/#article","isPartOf":{"@id":"https:\/\/www.info-algerie.com\/actualites\/la-france-doit-accepter-sa-defaite-dans-la-guerre-dalgerie\/"},"author":{"name":"La r\u00e9daction","@id":"https:\/\/www.info-algerie.com\/actualites\/#\/schema\/person\/847aaec44920825b843a08f30ec6aa1e"},"headline":"La France doit accepter sa d\u00e9faite dans la guerre d\u2019Alg\u00e9rie\u00a0","datePublished":"2017-09-28T10:52:18+00:00","mainEntityOfPage":{"@id":"https:\/\/www.info-algerie.com\/actualites\/la-france-doit-accepter-sa-defaite-dans-la-guerre-dalgerie\/"},"wordCount":495,"commentCount":0,"publisher":{"@id":"https:\/\/www.info-algerie.com\/actualites\/#organization"},"image":{"@id":"https:\/\/www.info-algerie.com\/actualites\/la-france-doit-accepter-sa-defaite-dans-la-guerre-dalgerie\/#primaryimage"},"thumbnailUrl":"https:\/\/www.info-algerie.com\/actualites\/wp-content\/uploads\/2017\/09\/cd3d73381cb0711f6dbf61ed198222f7_S-1.jpg","keywords":["ONU"],"articleSection":["infos"],"inLanguage":"fr-FR","potentialAction":[{"@type":"CommentAction","name":"Comment","target":["https:\/\/www.info-algerie.com\/actualites\/la-france-doit-accepter-sa-defaite-dans-la-guerre-dalgerie\/#respond"]}]},{"@type":"WebPage","@id":"https:\/\/www.info-algerie.com\/actualites\/la-france-doit-accepter-sa-defaite-dans-la-guerre-dalgerie\/","url":"https:\/\/www.info-algerie.com\/actualites\/la-france-doit-accepter-sa-defaite-dans-la-guerre-dalgerie\/","name":"La France doit accepter sa d\u00e9faite dans la guerre d\u2019Alg\u00e9rie\u00a0 - info algerie","isPartOf":{"@id":"https:\/\/www.info-algerie.com\/actualites\/#website"},"primaryImageOfPage":{"@id":"https:\/\/www.info-algerie.com\/actualites\/la-france-doit-accepter-sa-defaite-dans-la-guerre-dalgerie\/#primaryimage"},"image":{"@id":"https:\/\/www.info-algerie.com\/actualites\/la-france-doit-accepter-sa-defaite-dans-la-guerre-dalgerie\/#primaryimage"},"thumbnailUrl":"https:\/\/www.info-algerie.com\/actualites\/wp-content\/uploads\/2017\/09\/cd3d73381cb0711f6dbf61ed198222f7_S-1.jpg","datePublished":"2017-09-28T10:52:18+00:00","breadcrumb":{"@id":"https:\/\/www.info-algerie.com\/actualites\/la-france-doit-accepter-sa-defaite-dans-la-guerre-dalgerie\/#breadcrumb"},"inLanguage":"fr-FR","potentialAction":[{"@type":"ReadAction","target":["https:\/\/www.info-algerie.com\/actualites\/la-france-doit-accepter-sa-defaite-dans-la-guerre-dalgerie\/"]}]},{"@type":"ImageObject","inLanguage":"fr-FR","@id":"https:\/\/www.info-algerie.com\/actualites\/la-france-doit-accepter-sa-defaite-dans-la-guerre-dalgerie\/#primaryimage","url":"https:\/\/www.info-algerie.com\/actualites\/wp-content\/uploads\/2017\/09\/cd3d73381cb0711f6dbf61ed198222f7_S-1.jpg","contentUrl":"https:\/\/www.info-algerie.com\/actualites\/wp-content\/uploads\/2017\/09\/cd3d73381cb0711f6dbf61ed198222f7_S-1.jpg","width":280,"height":231},{"@type":"BreadcrumbList","@id":"https:\/\/www.info-algerie.com\/actualites\/la-france-doit-accepter-sa-defaite-dans-la-guerre-dalgerie\/#breadcrumb","itemListElement":[{"@type":"ListItem","position":1,"name":"Accueil","item":"https:\/\/www.info-algerie.com\/actualites\/"},{"@type":"ListItem","position":2,"name":"La France doit accepter sa d\u00e9faite dans la guerre d\u2019Alg\u00e9rie\u00a0"}]},{"@type":"WebSite","@id":"https:\/\/www.info-algerie.com\/actualites\/#website","url":"https:\/\/www.info-algerie.com\/actualites\/","name":"info algerie","description":"Toutes les actualit\u00e9s","publisher":{"@id":"https:\/\/www.info-algerie.com\/actualites\/#organization"},"potentialAction":[{"@type":"SearchAction","target":{"@type":"EntryPoint","urlTemplate":"https:\/\/www.info-algerie.com\/actualites\/?s={search_term_string}"},"query-input":{"@type":"PropertyValueSpecification","valueRequired":true,"valueName":"search_term_string"}}],"inLanguage":"fr-FR"},{"@type":"Organization","@id":"https:\/\/www.info-algerie.com\/actualites\/#organization","name":"info algerie","url":"https:\/\/www.info-algerie.com\/actualites\/","logo":{"@type":"ImageObject","inLanguage":"fr-FR","@id":"https:\/\/www.info-algerie.com\/actualites\/#\/schema\/logo\/image\/","url":"https:\/\/www.info-algerie.com\/actualites\/wp-content\/uploads\/2022\/07\/logo-ia-120.png","contentUrl":"https:\/\/www.info-algerie.com\/actualites\/wp-content\/uploads\/2022\/07\/logo-ia-120.png","width":120,"height":43,"caption":"info algerie"},"image":{"@id":"https:\/\/www.info-algerie.com\/actualites\/#\/schema\/logo\/image\/"},"sameAs":["https:\/\/www.facebook.com\/infoalgerieactu","https:\/\/x.com\/infoalgerie1"]},{"@type":"Person","@id":"https:\/\/www.info-algerie.com\/actualites\/#\/schema\/person\/847aaec44920825b843a08f30ec6aa1e","name":"La r\u00e9daction","image":{"@type":"ImageObject","inLanguage":"fr-FR","@id":"https:\/\/secure.gravatar.com\/avatar\/769db425c6f465158149f1ffd6cf61ce7a8a879d11dfbef8288af36dfddd418c?s=96&d=mm&r=g","url":"https:\/\/secure.gravatar.com\/avatar\/769db425c6f465158149f1ffd6cf61ce7a8a879d11dfbef8288af36dfddd418c?s=96&d=mm&r=g","contentUrl":"https:\/\/secure.gravatar.com\/avatar\/769db425c6f465158149f1ffd6cf61ce7a8a879d11dfbef8288af36dfddd418c?s=96&d=mm&r=g","caption":"La r\u00e9daction"},"sameAs":["http:\/\/www.lkeria.com\/"],"url":"https:\/\/www.info-algerie.com\/actualites\/author\/chakib32\/"}]}},"_links":{"self":[{"href":"https:\/\/www.info-algerie.com\/actualites\/wp-json\/wp\/v2\/posts\/16415","targetHints":{"allow":["GET"]}}],"collection":[{"href":"https:\/\/www.info-algerie.com\/actualites\/wp-json\/wp\/v2\/posts"}],"about":[{"href":"https:\/\/www.info-algerie.com\/actualites\/wp-json\/wp\/v2\/types\/post"}],"author":[{"embeddable":true,"href":"https:\/\/www.info-algerie.com\/actualites\/wp-json\/wp\/v2\/users\/6"}],"replies":[{"embeddable":true,"href":"https:\/\/www.info-algerie.com\/actualites\/wp-json\/wp\/v2\/comments?post=16415"}],"version-history":[{"count":0,"href":"https:\/\/www.info-algerie.com\/actualites\/wp-json\/wp\/v2\/posts\/16415\/revisions"}],"wp:featuredmedia":[{"embeddable":true,"href":"https:\/\/www.info-algerie.com\/actualites\/wp-json\/wp\/v2\/media\/16416"}],"wp:attachment":[{"href":"https:\/\/www.info-algerie.com\/actualites\/wp-json\/wp\/v2\/media?parent=16415"}],"wp:term":[{"taxonomy":"category","embeddable":true,"href":"https:\/\/www.info-algerie.com\/actualites\/wp-json\/wp\/v2\/categories?post=16415"},{"taxonomy":"post_tag","embeddable":true,"href":"https:\/\/www.info-algerie.com\/actualites\/wp-json\/wp\/v2\/tags?post=16415"}],"curies":[{"name":"wp","href":"https:\/\/api.w.org\/{rel}","templated":true}]}}