{"id":16425,"date":"2017-09-28T15:55:03","date_gmt":"2017-09-28T14:55:03","guid":{"rendered":"http:\/\/www.info-algerie.com\/actualites\/rentree-universitaire-serie-de-mesures-pour-traiter-le-probleme-de-surcharge\/"},"modified":"2017-09-28T15:55:03","modified_gmt":"2017-09-28T14:55:03","slug":"rentree-universitaire-serie-de-mesures-pour-traiter-le-probleme-de-surcharge","status":"publish","type":"post","link":"https:\/\/www.info-algerie.com\/actualites\/rentree-universitaire-serie-de-mesures-pour-traiter-le-probleme-de-surcharge\/","title":{"rendered":"Rentr\u00e9e universitaire: S\u00e9rie de mesures pour traiter le probl\u00e8me de surcharge"},"content":{"rendered":"<div class=\"K2FeedImage\"><img decoding=\"async\" src=\"https:\/\/www.info-algerie.com\/actualites\/wp-content\/uploads\/2017\/09\/97da4b32c6f904d3394e7cf92f0c2d3c_S.jpg\" alt=\"Rentr&#xE9;e universitaire: S&#xE9;rie de mesures pour traiter le probl&#xE8;me de surcharge\" \/><\/div>\n<div class=\"K2FeedIntroText\">\n<p>ALGER-Le ministre de l&rsquo;Enseignement sup\u00e9rieur et de la Recherche scientifique, Tahar Hadjar, a affirm\u00e9 jeudi \u00e0 Alger qu&rsquo;une s\u00e9rie de mesures avaient \u00e9t\u00e9 prises pour traiter le probl\u00e8me de surcharge enregistr\u00e9 au niveau de certains \u00e9tablissements universitaires, annon\u00e7ant l&rsquo;organisation d\u00e9but 2018 d&rsquo;une Conf\u00e9rence nationale sur les \u0153uvres universitaires.<\/p>\n<p>&#013;\n<\/p><\/div>\n<div class=\"K2FeedFullText\">&#013;<\/p>\n<p>Dans une d\u00e9claration \u00e0 la presse en marge d&rsquo;une rencontre avec les repr\u00e9sentants des syndicats des \u00e9tudiants, M. Hadjar a indiqu\u00e9 que la rentr\u00e9e universitaire a \u00e9t\u00e9 \u00e9maill\u00e9e de \u00ab\u00a0quelques probl\u00e8mes\u00a0\u00bb, dont celui de la surcharge constat\u00e9e au niveau de certains \u00e9tablissements, en raison d&rsquo;une forte demande sur des sp\u00e9cialit\u00e9s pr\u00e9cises et du fait que la plupart des \u00e9tudiants pr\u00e9f\u00e8rent poursuivre leurs \u00e9tudes dans l&rsquo;universit\u00e9 la plus proche de leur lieux de r\u00e9sidence, m\u00eame en cas de manque de places p\u00e9dagogiques.\u00a0\u00a0<\/p>\n<p>&#013;<\/p>\n<p>\u00ab\u00a0Une s\u00e9rie de mesures a \u00e9t\u00e9 arr\u00eat\u00e9e\u00a0\u00bb pour prendre en charge cette question en fonction des moyens offerts, \u00e0 l&rsquo;instar de l&rsquo;orientation des \u00e9tudiants vers les \u00e9tablissements proches de leurs r\u00e9sidences, a indiqu\u00e9 le ministre, soulignant la n\u00e9cessit\u00e9 de renoncer \u00e0 l&rsquo;id\u00e9e de poursuivre syst\u00e9matiquement des \u00e9tudes dans les \u00e9tablissements universitaires situ\u00e9s dans les wilayas de r\u00e9sidence ou dans les grandes wilayas pour r\u00e9gler le probl\u00e8me de surcharge.<\/p>\n<p>&#013;<\/p>\n<p>La rentr\u00e9e universitaire actuelle \u00ab\u00a0a connu moins de probl\u00e8mes que l&rsquo;ann\u00e9e pr\u00e9c\u00e9dente\u00a0\u00bb, a poursuivi le ministre qui a d\u00e9menti les d\u00e9clarations relay\u00e9es par certains m\u00e9dias sur les chiffres relatifs \u00e0 la rentr\u00e9e universitaire, notamment concernant les transferts et les dol\u00e9ances des \u00e9tudiants.<\/p>\n<p>&#013;<\/p>\n<p>Par ailleurs, le ministre a d\u00e9menti la r\u00e9duction des postes de doctorat, soutenant que son secteur pr\u00e9voyait annuellement des postes selon la demande exprim\u00e9e et les moyens offerts. Il a ajout\u00e9 dans ce sens que 5300 postes avaient \u00e9t\u00e9 ouverts pour le doctorat de troisi\u00e8me cycle auxquels s&rsquo;ajoutent 3.800 postes en m\u00e9decine dans le cadre de la rentr\u00e9e universitaire.<\/p>\n<p>&#013;<\/p>\n<p>S&rsquo;agissant du d\u00e9veloppement de la recherche scientifique, M. Hadjar a indiqu\u00e9 que la question relative aux laboratoires fera l&rsquo;objet d&rsquo;examen, annon\u00e7ant la possibilit\u00e9 de cr\u00e9ation de 250 nouveaux laboratoires au cours des cinq ann\u00e9es \u00e0 venir.<\/p>\n<p>&#013;<\/p>\n<p>Concernant la formation universitaire, le ministre a fait \u00e9tat de l&rsquo;ouverture de 125 nouvelles sp\u00e9cialit\u00e9s durant l&rsquo;ann\u00e9e en cours, ajoutant que la carte de formation professionnelle pourrait \u00eatre revue.<\/p>\n<p>&#013;<\/p>\n<p>Le premier responsable du secteur, a annonc\u00e9 la tenue prochaine, probablement d\u00e9but 2018, d&rsquo;une conf\u00e9rence nationale sur les \u0153uvres universitaires, consacr\u00e9e \u00e0 l&rsquo;examen de certaines questions li\u00e9es aux \u0153uvres sociales, notamment l&rsquo;h\u00e9bergement, le transport et la restauration, appelant les partenaires \u00e0 y participer par des propositions et observations.<\/p>\n<p>&#013;<\/p>\n<p>Le ministre a r\u00e9it\u00e9r\u00e9 son appel en direction de tous les membres de la corporation universitaire, notamment les repr\u00e9sentants des organisations estudiantines agr\u00e9\u00e9es, pour activer les canaux de \u00ab\u00a0dialogue constructif\u00a0\u00bb dans le traitement des diff\u00e9rentes questions soulev\u00e9es.<\/p>\n<\/div>\n<p>&#013;<br \/>\nSource: <a href=\"http:\/\/www.aps.dz\/algerie\/63376-rentree-universitaire-serie-de-mesures-pour-traiter-le-probleme-de-surcharge\" target=\"_blank\">Rentr\u00e9e universitaire: S\u00e9rie de mesures pour traiter le probl\u00e8me de surcharge<\/a><\/p>\n<!--CusAds0-->\n<div style=\"font-size: 0px; height: 0px; line-height: 0px; margin: 0; padding: 0; clear: both;\"><\/div>","protected":false},"excerpt":{"rendered":"<p>ALGER-Le ministre de l&rsquo;Enseignement sup\u00e9rieur et de la Recherche scientifique, Tahar Hadjar, a affirm\u00e9 jeudi \u00e0 Alger qu&rsquo;une s\u00e9rie de mesures avaient \u00e9t\u00e9 prises pour traiter le probl\u00e8me de surcharge enregistr\u00e9 au niveau de certains \u00e9tablissements universitaires, annon\u00e7ant l&rsquo;organisation d\u00e9but 2018 d&rsquo;une Conf\u00e9rence nationale sur les \u0153uvres universitaires. &#013; &#013; Dans une d\u00e9claration \u00e0 la<\/p>\n","protected":false},"author":6,"featured_media":16426,"comment_status":"open","ping_status":"open","sticky":false,"template":"","format":"standard","meta":{"footnotes":""},"categories":[22],"tags":[93],"class_list":["post-16425","post","type-post","status-publish","format-standard","has-post-thumbnail","hentry","category-infos","tag-onu"],"yoast_head":"<!-- This site is optimized with the Yoast SEO plugin v27.5 - https:\/\/yoast.com\/product\/yoast-seo-wordpress\/ -->\n<title>Rentr\u00e9e universitaire: S\u00e9rie de mesures pour traiter le probl\u00e8me de surcharge - info algerie<\/title>\n<meta name=\"robots\" content=\"index, follow, max-snippet:-1, max-image-preview:large, max-video-preview:-1\" \/>\n<link rel=\"canonical\" href=\"https:\/\/www.info-algerie.com\/actualites\/rentree-universitaire-serie-de-mesures-pour-traiter-le-probleme-de-surcharge\/\" \/>\n<meta property=\"og:locale\" content=\"fr_FR\" \/>\n<meta property=\"og:type\" content=\"article\" \/>\n<meta property=\"og:title\" content=\"Rentr\u00e9e universitaire: S\u00e9rie de mesures pour traiter le probl\u00e8me de surcharge - info algerie\" \/>\n<meta property=\"og:description\" content=\"ALGER-Le ministre de l&rsquo;Enseignement sup\u00e9rieur et de la Recherche scientifique, Tahar Hadjar, a affirm\u00e9 jeudi \u00e0 Alger qu&rsquo;une s\u00e9rie de mesures avaient \u00e9t\u00e9 prises pour traiter le probl\u00e8me de surcharge enregistr\u00e9 au niveau de certains \u00e9tablissements universitaires, annon\u00e7ant l&rsquo;organisation d\u00e9but 2018 d&rsquo;une Conf\u00e9rence nationale sur les \u0153uvres universitaires. &#013; &#013; Dans une d\u00e9claration \u00e0 la\" \/>\n<meta property=\"og:url\" content=\"https:\/\/www.info-algerie.com\/actualites\/rentree-universitaire-serie-de-mesures-pour-traiter-le-probleme-de-surcharge\/\" \/>\n<meta property=\"og:site_name\" content=\"info algerie\" \/>\n<meta property=\"article:publisher\" content=\"https:\/\/www.facebook.com\/infoalgerieactu\" \/>\n<meta property=\"article:published_time\" content=\"2017-09-28T14:55:03+00:00\" \/>\n<meta property=\"og:image\" content=\"https:\/\/www.info-algerie.com\/actualites\/wp-content\/uploads\/2017\/09\/97da4b32c6f904d3394e7cf92f0c2d3c_S-1.jpg\" \/>\n\t<meta property=\"og:image:width\" content=\"280\" \/>\n\t<meta property=\"og:image:height\" content=\"169\" \/>\n\t<meta property=\"og:image:type\" content=\"image\/jpeg\" \/>\n<meta name=\"author\" content=\"La r\u00e9daction\" \/>\n<meta name=\"twitter:label1\" content=\"\u00c9crit par\" \/>\n\t<meta name=\"twitter:data1\" content=\"La r\u00e9daction\" \/>\n\t<meta name=\"twitter:label2\" content=\"Dur\u00e9e de lecture estim\u00e9e\" \/>\n\t<meta name=\"twitter:data2\" content=\"3 minutes\" \/>\n<script type=\"application\/ld+json\" class=\"yoast-schema-graph\">{\"@context\":\"https:\\\/\\\/schema.org\",\"@graph\":[{\"@type\":\"Article\",\"@id\":\"https:\\\/\\\/www.info-algerie.com\\\/actualites\\\/rentree-universitaire-serie-de-mesures-pour-traiter-le-probleme-de-surcharge\\\/#article\",\"isPartOf\":{\"@id\":\"https:\\\/\\\/www.info-algerie.com\\\/actualites\\\/rentree-universitaire-serie-de-mesures-pour-traiter-le-probleme-de-surcharge\\\/\"},\"author\":{\"name\":\"La r\u00e9daction\",\"@id\":\"https:\\\/\\\/www.info-algerie.com\\\/actualites\\\/#\\\/schema\\\/person\\\/847aaec44920825b843a08f30ec6aa1e\"},\"headline\":\"Rentr\u00e9e universitaire: S\u00e9rie de mesures pour traiter le probl\u00e8me de surcharge\",\"datePublished\":\"2017-09-28T14:55:03+00:00\",\"mainEntityOfPage\":{\"@id\":\"https:\\\/\\\/www.info-algerie.com\\\/actualites\\\/rentree-universitaire-serie-de-mesures-pour-traiter-le-probleme-de-surcharge\\\/\"},\"wordCount\":550,\"commentCount\":0,\"publisher\":{\"@id\":\"https:\\\/\\\/www.info-algerie.com\\\/actualites\\\/#organization\"},\"image\":{\"@id\":\"https:\\\/\\\/www.info-algerie.com\\\/actualites\\\/rentree-universitaire-serie-de-mesures-pour-traiter-le-probleme-de-surcharge\\\/#primaryimage\"},\"thumbnailUrl\":\"https:\\\/\\\/www.info-algerie.com\\\/actualites\\\/wp-content\\\/uploads\\\/2017\\\/09\\\/97da4b32c6f904d3394e7cf92f0c2d3c_S-1.jpg\",\"keywords\":[\"ONU\"],\"articleSection\":[\"infos\"],\"inLanguage\":\"fr-FR\",\"potentialAction\":[{\"@type\":\"CommentAction\",\"name\":\"Comment\",\"target\":[\"https:\\\/\\\/www.info-algerie.com\\\/actualites\\\/rentree-universitaire-serie-de-mesures-pour-traiter-le-probleme-de-surcharge\\\/#respond\"]}]},{\"@type\":\"WebPage\",\"@id\":\"https:\\\/\\\/www.info-algerie.com\\\/actualites\\\/rentree-universitaire-serie-de-mesures-pour-traiter-le-probleme-de-surcharge\\\/\",\"url\":\"https:\\\/\\\/www.info-algerie.com\\\/actualites\\\/rentree-universitaire-serie-de-mesures-pour-traiter-le-probleme-de-surcharge\\\/\",\"name\":\"Rentr\u00e9e universitaire: S\u00e9rie de mesures pour traiter le probl\u00e8me de surcharge - info algerie\",\"isPartOf\":{\"@id\":\"https:\\\/\\\/www.info-algerie.com\\\/actualites\\\/#website\"},\"primaryImageOfPage\":{\"@id\":\"https:\\\/\\\/www.info-algerie.com\\\/actualites\\\/rentree-universitaire-serie-de-mesures-pour-traiter-le-probleme-de-surcharge\\\/#primaryimage\"},\"image\":{\"@id\":\"https:\\\/\\\/www.info-algerie.com\\\/actualites\\\/rentree-universitaire-serie-de-mesures-pour-traiter-le-probleme-de-surcharge\\\/#primaryimage\"},\"thumbnailUrl\":\"https:\\\/\\\/www.info-algerie.com\\\/actualites\\\/wp-content\\\/uploads\\\/2017\\\/09\\\/97da4b32c6f904d3394e7cf92f0c2d3c_S-1.jpg\",\"datePublished\":\"2017-09-28T14:55:03+00:00\",\"breadcrumb\":{\"@id\":\"https:\\\/\\\/www.info-algerie.com\\\/actualites\\\/rentree-universitaire-serie-de-mesures-pour-traiter-le-probleme-de-surcharge\\\/#breadcrumb\"},\"inLanguage\":\"fr-FR\",\"potentialAction\":[{\"@type\":\"ReadAction\",\"target\":[\"https:\\\/\\\/www.info-algerie.com\\\/actualites\\\/rentree-universitaire-serie-de-mesures-pour-traiter-le-probleme-de-surcharge\\\/\"]}]},{\"@type\":\"ImageObject\",\"inLanguage\":\"fr-FR\",\"@id\":\"https:\\\/\\\/www.info-algerie.com\\\/actualites\\\/rentree-universitaire-serie-de-mesures-pour-traiter-le-probleme-de-surcharge\\\/#primaryimage\",\"url\":\"https:\\\/\\\/www.info-algerie.com\\\/actualites\\\/wp-content\\\/uploads\\\/2017\\\/09\\\/97da4b32c6f904d3394e7cf92f0c2d3c_S-1.jpg\",\"contentUrl\":\"https:\\\/\\\/www.info-algerie.com\\\/actualites\\\/wp-content\\\/uploads\\\/2017\\\/09\\\/97da4b32c6f904d3394e7cf92f0c2d3c_S-1.jpg\",\"width\":280,\"height\":169},{\"@type\":\"BreadcrumbList\",\"@id\":\"https:\\\/\\\/www.info-algerie.com\\\/actualites\\\/rentree-universitaire-serie-de-mesures-pour-traiter-le-probleme-de-surcharge\\\/#breadcrumb\",\"itemListElement\":[{\"@type\":\"ListItem\",\"position\":1,\"name\":\"Accueil\",\"item\":\"https:\\\/\\\/www.info-algerie.com\\\/actualites\\\/\"},{\"@type\":\"ListItem\",\"position\":2,\"name\":\"Rentr\u00e9e universitaire: S\u00e9rie de mesures pour traiter le probl\u00e8me de surcharge\"}]},{\"@type\":\"WebSite\",\"@id\":\"https:\\\/\\\/www.info-algerie.com\\\/actualites\\\/#website\",\"url\":\"https:\\\/\\\/www.info-algerie.com\\\/actualites\\\/\",\"name\":\"info algerie\",\"description\":\"Toutes les actualit\u00e9s\",\"publisher\":{\"@id\":\"https:\\\/\\\/www.info-algerie.com\\\/actualites\\\/#organization\"},\"potentialAction\":[{\"@type\":\"SearchAction\",\"target\":{\"@type\":\"EntryPoint\",\"urlTemplate\":\"https:\\\/\\\/www.info-algerie.com\\\/actualites\\\/?s={search_term_string}\"},\"query-input\":{\"@type\":\"PropertyValueSpecification\",\"valueRequired\":true,\"valueName\":\"search_term_string\"}}],\"inLanguage\":\"fr-FR\"},{\"@type\":\"Organization\",\"@id\":\"https:\\\/\\\/www.info-algerie.com\\\/actualites\\\/#organization\",\"name\":\"info algerie\",\"url\":\"https:\\\/\\\/www.info-algerie.com\\\/actualites\\\/\",\"logo\":{\"@type\":\"ImageObject\",\"inLanguage\":\"fr-FR\",\"@id\":\"https:\\\/\\\/www.info-algerie.com\\\/actualites\\\/#\\\/schema\\\/logo\\\/image\\\/\",\"url\":\"https:\\\/\\\/www.info-algerie.com\\\/actualites\\\/wp-content\\\/uploads\\\/2022\\\/07\\\/logo-ia-120.png\",\"contentUrl\":\"https:\\\/\\\/www.info-algerie.com\\\/actualites\\\/wp-content\\\/uploads\\\/2022\\\/07\\\/logo-ia-120.png\",\"width\":120,\"height\":43,\"caption\":\"info algerie\"},\"image\":{\"@id\":\"https:\\\/\\\/www.info-algerie.com\\\/actualites\\\/#\\\/schema\\\/logo\\\/image\\\/\"},\"sameAs\":[\"https:\\\/\\\/www.facebook.com\\\/infoalgerieactu\",\"https:\\\/\\\/x.com\\\/infoalgerie1\"]},{\"@type\":\"Person\",\"@id\":\"https:\\\/\\\/www.info-algerie.com\\\/actualites\\\/#\\\/schema\\\/person\\\/847aaec44920825b843a08f30ec6aa1e\",\"name\":\"La r\u00e9daction\",\"image\":{\"@type\":\"ImageObject\",\"inLanguage\":\"fr-FR\",\"@id\":\"https:\\\/\\\/secure.gravatar.com\\\/avatar\\\/769db425c6f465158149f1ffd6cf61ce7a8a879d11dfbef8288af36dfddd418c?s=96&d=mm&r=g\",\"url\":\"https:\\\/\\\/secure.gravatar.com\\\/avatar\\\/769db425c6f465158149f1ffd6cf61ce7a8a879d11dfbef8288af36dfddd418c?s=96&d=mm&r=g\",\"contentUrl\":\"https:\\\/\\\/secure.gravatar.com\\\/avatar\\\/769db425c6f465158149f1ffd6cf61ce7a8a879d11dfbef8288af36dfddd418c?s=96&d=mm&r=g\",\"caption\":\"La r\u00e9daction\"},\"sameAs\":[\"http:\\\/\\\/www.lkeria.com\\\/\"],\"url\":\"https:\\\/\\\/www.info-algerie.com\\\/actualites\\\/author\\\/chakib32\\\/\"}]}<\/script>\n<!-- \/ Yoast SEO plugin. -->","yoast_head_json":{"title":"Rentr\u00e9e universitaire: S\u00e9rie de mesures pour traiter le probl\u00e8me de surcharge - info algerie","robots":{"index":"index","follow":"follow","max-snippet":"max-snippet:-1","max-image-preview":"max-image-preview:large","max-video-preview":"max-video-preview:-1"},"canonical":"https:\/\/www.info-algerie.com\/actualites\/rentree-universitaire-serie-de-mesures-pour-traiter-le-probleme-de-surcharge\/","og_locale":"fr_FR","og_type":"article","og_title":"Rentr\u00e9e universitaire: S\u00e9rie de mesures pour traiter le probl\u00e8me de surcharge - info algerie","og_description":"ALGER-Le ministre de l&rsquo;Enseignement sup\u00e9rieur et de la Recherche scientifique, Tahar Hadjar, a affirm\u00e9 jeudi \u00e0 Alger qu&rsquo;une s\u00e9rie de mesures avaient \u00e9t\u00e9 prises pour traiter le probl\u00e8me de surcharge enregistr\u00e9 au niveau de certains \u00e9tablissements universitaires, annon\u00e7ant l&rsquo;organisation d\u00e9but 2018 d&rsquo;une Conf\u00e9rence nationale sur les \u0153uvres universitaires. &#013; &#013; Dans une d\u00e9claration \u00e0 la","og_url":"https:\/\/www.info-algerie.com\/actualites\/rentree-universitaire-serie-de-mesures-pour-traiter-le-probleme-de-surcharge\/","og_site_name":"info algerie","article_publisher":"https:\/\/www.facebook.com\/infoalgerieactu","article_published_time":"2017-09-28T14:55:03+00:00","og_image":[{"width":280,"height":169,"url":"https:\/\/www.info-algerie.com\/actualites\/wp-content\/uploads\/2017\/09\/97da4b32c6f904d3394e7cf92f0c2d3c_S-1.jpg","type":"image\/jpeg"}],"author":"La r\u00e9daction","twitter_misc":{"\u00c9crit par":"La r\u00e9daction","Dur\u00e9e de lecture estim\u00e9e":"3 minutes"},"schema":{"@context":"https:\/\/schema.org","@graph":[{"@type":"Article","@id":"https:\/\/www.info-algerie.com\/actualites\/rentree-universitaire-serie-de-mesures-pour-traiter-le-probleme-de-surcharge\/#article","isPartOf":{"@id":"https:\/\/www.info-algerie.com\/actualites\/rentree-universitaire-serie-de-mesures-pour-traiter-le-probleme-de-surcharge\/"},"author":{"name":"La r\u00e9daction","@id":"https:\/\/www.info-algerie.com\/actualites\/#\/schema\/person\/847aaec44920825b843a08f30ec6aa1e"},"headline":"Rentr\u00e9e universitaire: S\u00e9rie de mesures pour traiter le probl\u00e8me de surcharge","datePublished":"2017-09-28T14:55:03+00:00","mainEntityOfPage":{"@id":"https:\/\/www.info-algerie.com\/actualites\/rentree-universitaire-serie-de-mesures-pour-traiter-le-probleme-de-surcharge\/"},"wordCount":550,"commentCount":0,"publisher":{"@id":"https:\/\/www.info-algerie.com\/actualites\/#organization"},"image":{"@id":"https:\/\/www.info-algerie.com\/actualites\/rentree-universitaire-serie-de-mesures-pour-traiter-le-probleme-de-surcharge\/#primaryimage"},"thumbnailUrl":"https:\/\/www.info-algerie.com\/actualites\/wp-content\/uploads\/2017\/09\/97da4b32c6f904d3394e7cf92f0c2d3c_S-1.jpg","keywords":["ONU"],"articleSection":["infos"],"inLanguage":"fr-FR","potentialAction":[{"@type":"CommentAction","name":"Comment","target":["https:\/\/www.info-algerie.com\/actualites\/rentree-universitaire-serie-de-mesures-pour-traiter-le-probleme-de-surcharge\/#respond"]}]},{"@type":"WebPage","@id":"https:\/\/www.info-algerie.com\/actualites\/rentree-universitaire-serie-de-mesures-pour-traiter-le-probleme-de-surcharge\/","url":"https:\/\/www.info-algerie.com\/actualites\/rentree-universitaire-serie-de-mesures-pour-traiter-le-probleme-de-surcharge\/","name":"Rentr\u00e9e universitaire: S\u00e9rie de mesures pour traiter le probl\u00e8me de surcharge - info algerie","isPartOf":{"@id":"https:\/\/www.info-algerie.com\/actualites\/#website"},"primaryImageOfPage":{"@id":"https:\/\/www.info-algerie.com\/actualites\/rentree-universitaire-serie-de-mesures-pour-traiter-le-probleme-de-surcharge\/#primaryimage"},"image":{"@id":"https:\/\/www.info-algerie.com\/actualites\/rentree-universitaire-serie-de-mesures-pour-traiter-le-probleme-de-surcharge\/#primaryimage"},"thumbnailUrl":"https:\/\/www.info-algerie.com\/actualites\/wp-content\/uploads\/2017\/09\/97da4b32c6f904d3394e7cf92f0c2d3c_S-1.jpg","datePublished":"2017-09-28T14:55:03+00:00","breadcrumb":{"@id":"https:\/\/www.info-algerie.com\/actualites\/rentree-universitaire-serie-de-mesures-pour-traiter-le-probleme-de-surcharge\/#breadcrumb"},"inLanguage":"fr-FR","potentialAction":[{"@type":"ReadAction","target":["https:\/\/www.info-algerie.com\/actualites\/rentree-universitaire-serie-de-mesures-pour-traiter-le-probleme-de-surcharge\/"]}]},{"@type":"ImageObject","inLanguage":"fr-FR","@id":"https:\/\/www.info-algerie.com\/actualites\/rentree-universitaire-serie-de-mesures-pour-traiter-le-probleme-de-surcharge\/#primaryimage","url":"https:\/\/www.info-algerie.com\/actualites\/wp-content\/uploads\/2017\/09\/97da4b32c6f904d3394e7cf92f0c2d3c_S-1.jpg","contentUrl":"https:\/\/www.info-algerie.com\/actualites\/wp-content\/uploads\/2017\/09\/97da4b32c6f904d3394e7cf92f0c2d3c_S-1.jpg","width":280,"height":169},{"@type":"BreadcrumbList","@id":"https:\/\/www.info-algerie.com\/actualites\/rentree-universitaire-serie-de-mesures-pour-traiter-le-probleme-de-surcharge\/#breadcrumb","itemListElement":[{"@type":"ListItem","position":1,"name":"Accueil","item":"https:\/\/www.info-algerie.com\/actualites\/"},{"@type":"ListItem","position":2,"name":"Rentr\u00e9e universitaire: S\u00e9rie de mesures pour traiter le probl\u00e8me de surcharge"}]},{"@type":"WebSite","@id":"https:\/\/www.info-algerie.com\/actualites\/#website","url":"https:\/\/www.info-algerie.com\/actualites\/","name":"info algerie","description":"Toutes les actualit\u00e9s","publisher":{"@id":"https:\/\/www.info-algerie.com\/actualites\/#organization"},"potentialAction":[{"@type":"SearchAction","target":{"@type":"EntryPoint","urlTemplate":"https:\/\/www.info-algerie.com\/actualites\/?s={search_term_string}"},"query-input":{"@type":"PropertyValueSpecification","valueRequired":true,"valueName":"search_term_string"}}],"inLanguage":"fr-FR"},{"@type":"Organization","@id":"https:\/\/www.info-algerie.com\/actualites\/#organization","name":"info algerie","url":"https:\/\/www.info-algerie.com\/actualites\/","logo":{"@type":"ImageObject","inLanguage":"fr-FR","@id":"https:\/\/www.info-algerie.com\/actualites\/#\/schema\/logo\/image\/","url":"https:\/\/www.info-algerie.com\/actualites\/wp-content\/uploads\/2022\/07\/logo-ia-120.png","contentUrl":"https:\/\/www.info-algerie.com\/actualites\/wp-content\/uploads\/2022\/07\/logo-ia-120.png","width":120,"height":43,"caption":"info algerie"},"image":{"@id":"https:\/\/www.info-algerie.com\/actualites\/#\/schema\/logo\/image\/"},"sameAs":["https:\/\/www.facebook.com\/infoalgerieactu","https:\/\/x.com\/infoalgerie1"]},{"@type":"Person","@id":"https:\/\/www.info-algerie.com\/actualites\/#\/schema\/person\/847aaec44920825b843a08f30ec6aa1e","name":"La r\u00e9daction","image":{"@type":"ImageObject","inLanguage":"fr-FR","@id":"https:\/\/secure.gravatar.com\/avatar\/769db425c6f465158149f1ffd6cf61ce7a8a879d11dfbef8288af36dfddd418c?s=96&d=mm&r=g","url":"https:\/\/secure.gravatar.com\/avatar\/769db425c6f465158149f1ffd6cf61ce7a8a879d11dfbef8288af36dfddd418c?s=96&d=mm&r=g","contentUrl":"https:\/\/secure.gravatar.com\/avatar\/769db425c6f465158149f1ffd6cf61ce7a8a879d11dfbef8288af36dfddd418c?s=96&d=mm&r=g","caption":"La r\u00e9daction"},"sameAs":["http:\/\/www.lkeria.com\/"],"url":"https:\/\/www.info-algerie.com\/actualites\/author\/chakib32\/"}]}},"_links":{"self":[{"href":"https:\/\/www.info-algerie.com\/actualites\/wp-json\/wp\/v2\/posts\/16425","targetHints":{"allow":["GET"]}}],"collection":[{"href":"https:\/\/www.info-algerie.com\/actualites\/wp-json\/wp\/v2\/posts"}],"about":[{"href":"https:\/\/www.info-algerie.com\/actualites\/wp-json\/wp\/v2\/types\/post"}],"author":[{"embeddable":true,"href":"https:\/\/www.info-algerie.com\/actualites\/wp-json\/wp\/v2\/users\/6"}],"replies":[{"embeddable":true,"href":"https:\/\/www.info-algerie.com\/actualites\/wp-json\/wp\/v2\/comments?post=16425"}],"version-history":[{"count":0,"href":"https:\/\/www.info-algerie.com\/actualites\/wp-json\/wp\/v2\/posts\/16425\/revisions"}],"wp:featuredmedia":[{"embeddable":true,"href":"https:\/\/www.info-algerie.com\/actualites\/wp-json\/wp\/v2\/media\/16426"}],"wp:attachment":[{"href":"https:\/\/www.info-algerie.com\/actualites\/wp-json\/wp\/v2\/media?parent=16425"}],"wp:term":[{"taxonomy":"category","embeddable":true,"href":"https:\/\/www.info-algerie.com\/actualites\/wp-json\/wp\/v2\/categories?post=16425"},{"taxonomy":"post_tag","embeddable":true,"href":"https:\/\/www.info-algerie.com\/actualites\/wp-json\/wp\/v2\/tags?post=16425"}],"curies":[{"name":"wp","href":"https:\/\/api.w.org\/{rel}","templated":true}]}}