{"id":16427,"date":"2017-09-28T14:17:12","date_gmt":"2017-09-28T13:17:12","guid":{"rendered":"http:\/\/www.info-algerie.com\/actualites\/algerie-congo-le-role-de-la-protection-civile-algerienne-dans-le-renforcement-de-la-cooperation-salue\/"},"modified":"2017-09-28T14:17:12","modified_gmt":"2017-09-28T13:17:12","slug":"algerie-congo-le-role-de-la-protection-civile-algerienne-dans-le-renforcement-de-la-cooperation-salue","status":"publish","type":"post","link":"https:\/\/www.info-algerie.com\/actualites\/algerie-congo-le-role-de-la-protection-civile-algerienne-dans-le-renforcement-de-la-cooperation-salue\/","title":{"rendered":"Alg\u00e9rie \u2013 Congo: le r\u00f4le de la Protection civile alg\u00e9rienne dans le renforcement de la coop\u00e9ration salu\u00e9"},"content":{"rendered":"<div class=\"K2FeedIntroText\">\n<p>ALGER- Le ministre congolais de l&rsquo;Int\u00e9rieur, Raymond Z\u00e9phirin Mboulou, en visite en Alg\u00e9rie, a salu\u00e9 jeudi \u00e0 Alger le r\u00f4le de la Protection civile alg\u00e9rienne dans le renforcement de la coop\u00e9ration entre les institutions des deux pays en mati\u00e8re de formation.\u00a0<\/p>\n<p>&#013;\n<\/p><\/div>\n<div class=\"K2FeedFullText\">&#013;<\/p>\n<p>Lors de sa rencontre avec le directeur g\u00e9n\u00e9ral de la Protection civile, Mustapha El Habiri, et des repr\u00e9sentants du minist\u00e8re de l&rsquo;Int\u00e9rieur, des collectivit\u00e9s locales et de l&rsquo;Am\u00e9nagement du territoire, le responsable congolais a \u00e9voqu\u00e9 \u00ab\u00a0le r\u00f4le de la protection civile alg\u00e9rienne dans le renforcement de la coop\u00e9ration entre les institutions des deux pays en mati\u00e8re de formation dans le domaine de la gestion des risques courants et majeurs\u00a0\u00bb, selon n communiqu\u00e9 de la direction g\u00e9n\u00e9rale de la Protection civile.\u00a0<\/p>\n<p>&#013;<\/p>\n<p>M. Mboulou qui s&rsquo;est dit \u00ab\u00a0\u00e9merveill\u00e9\u00a0\u00bb par le haut niveau de technicit\u00e9 atteint par la Protection civile alg\u00e9rienne en termes de maitrise des technologies de derni\u00e8res g\u00e9n\u00e9ration\u00a0\u00bb, a salu\u00e9 \u00e9galement \u00ab\u00a0l&rsquo;exp\u00e9rience de la Protection civile alg\u00e9rienne dans les interventions \u00e0 l&rsquo;\u00e9tranger \u00e0 la suite de catastrophes majeurs qui lui a valu de devenir un mod\u00e8le au niveau r\u00e9gional et international\u00a0\u00bb.<\/p>\n<p>&#013;<\/p>\n<p>Se rendant \u00e0\u00a0 l&rsquo;\u00e9cole nationale de la Protection civile de Bordj el Bahri \u00e0 Alger, le ministre congolais a assist\u00e9 \u00e0 un expos\u00e9 sur les missions et l&rsquo;organisation et les diff\u00e9rentes \u00e9tapes qui ont jalonn\u00e9 le parcours de la\u00a0<\/p>\n<p>&#013;<\/p>\n<p>Protection civile alg\u00e9rienne en mati\u00e8re de formation de ressources humaines, de modernisation, d&rsquo;action de proximit\u00e9, de sensibilisation et d&rsquo;utilisation des moyens technologiques dans la maitrise des risques \u00e0 l&rsquo;exemple de l&rsquo;imagerie satellitaire.<\/p>\n<p>&#013;<\/p>\n<p>L&rsquo;h\u00f4te de l&rsquo;Alg\u00e9rie a \u00e9galement pris connaissance des diff\u00e9rentes \u00e9tapes de la coop\u00e9ration et du partenariat entre la protection civile alg\u00e9rienne et ses homologues de par le monde notamment apr\u00e8s la signature de l&rsquo;accord de coop\u00e9ration avec l&rsquo;organe de la protection civile europ\u00e9enne en mati\u00e8re d&rsquo;assistance mutuelle.<\/p>\n<p>&#013;<\/p>\n<p>Le responsable congolais a pr\u00e9cis\u00e9, en outre, que sa visite en Alg\u00e9rie visait \u00ab\u00a0\u00e0 renforcer les domaines de coop\u00e9ration entre les protection civile des deux pays et b\u00e9n\u00e9ficier de l&rsquo;expertise alg\u00e9rienne en la mati\u00e8re\u00a0\u00bb.<\/p>\n<p>&#013;<\/p>\n<p>Pour sa part, M. El Habiri a soulign\u00e9 \u00ab\u00a0la disponibilit\u00e9 de la Protection civile alg\u00e9rienne pour la formation des officiers de la protection civile congolaise dans les diff\u00e9rentes sp\u00e9cialit\u00e9s\u00a0\u00bb, conclut le communiqu\u00e9.<\/p>\n<p>&#013;<\/p>\n<p>\u00a0<\/p>\n<p>&#013;<\/p>\n<p>\u00a0<\/p>\n<\/div>\n<p>&#013;<br \/>\nSource: <a href=\"http:\/\/www.aps.dz\/algerie\/63365-algerie-congo-le-role-de-la-protection-civile-algerienne-dans-le-renforcement-de-la-cooperation-salue\" target=\"_blank\">Alg\u00e9rie \u2013 Congo: le r\u00f4le de la Protection civile alg\u00e9rienne dans le renforcement de la coop\u00e9ration salu\u00e9<\/a><\/p>\n<!--CusAds0-->\n<div style=\"font-size: 0px; height: 0px; line-height: 0px; margin: 0; padding: 0; clear: both;\"><\/div>","protected":false},"excerpt":{"rendered":"<p>ALGER- Le ministre congolais de l&rsquo;Int\u00e9rieur, Raymond Z\u00e9phirin Mboulou, en visite en Alg\u00e9rie, a salu\u00e9 jeudi \u00e0 Alger le r\u00f4le de la Protection civile alg\u00e9rienne dans le renforcement de la coop\u00e9ration entre les institutions des deux pays en mati\u00e8re de formation.\u00a0 &#013; &#013; Lors de sa rencontre avec le directeur g\u00e9n\u00e9ral de la Protection civile,<\/p>\n","protected":false},"author":6,"featured_media":0,"comment_status":"open","ping_status":"open","sticky":false,"template":"","format":"standard","meta":{"footnotes":""},"categories":[22],"tags":[93],"class_list":["post-16427","post","type-post","status-publish","format-standard","hentry","category-infos","tag-onu"],"yoast_head":"<!-- This site is optimized with the Yoast SEO plugin v27.5 - https:\/\/yoast.com\/product\/yoast-seo-wordpress\/ -->\n<title>Alg\u00e9rie \u2013 Congo: le r\u00f4le de la Protection civile alg\u00e9rienne dans le renforcement de la coop\u00e9ration salu\u00e9 - info algerie<\/title>\n<meta name=\"robots\" content=\"index, follow, max-snippet:-1, max-image-preview:large, max-video-preview:-1\" \/>\n<link rel=\"canonical\" href=\"https:\/\/www.info-algerie.com\/actualites\/algerie-congo-le-role-de-la-protection-civile-algerienne-dans-le-renforcement-de-la-cooperation-salue\/\" \/>\n<meta property=\"og:locale\" content=\"fr_FR\" \/>\n<meta property=\"og:type\" content=\"article\" \/>\n<meta property=\"og:title\" content=\"Alg\u00e9rie \u2013 Congo: le r\u00f4le de la Protection civile alg\u00e9rienne dans le renforcement de la coop\u00e9ration salu\u00e9 - info algerie\" \/>\n<meta property=\"og:description\" content=\"ALGER- Le ministre congolais de l&rsquo;Int\u00e9rieur, Raymond Z\u00e9phirin Mboulou, en visite en Alg\u00e9rie, a salu\u00e9 jeudi \u00e0 Alger le r\u00f4le de la Protection civile alg\u00e9rienne dans le renforcement de la coop\u00e9ration entre les institutions des deux pays en mati\u00e8re de formation.\u00a0 &#013; &#013; Lors de sa rencontre avec le directeur g\u00e9n\u00e9ral de la Protection civile,\" \/>\n<meta property=\"og:url\" content=\"https:\/\/www.info-algerie.com\/actualites\/algerie-congo-le-role-de-la-protection-civile-algerienne-dans-le-renforcement-de-la-cooperation-salue\/\" \/>\n<meta property=\"og:site_name\" content=\"info algerie\" \/>\n<meta property=\"article:publisher\" content=\"https:\/\/www.facebook.com\/infoalgerieactu\" \/>\n<meta property=\"article:published_time\" content=\"2017-09-28T13:17:12+00:00\" \/>\n<meta name=\"author\" content=\"La r\u00e9daction\" \/>\n<meta name=\"twitter:label1\" content=\"\u00c9crit par\" \/>\n\t<meta name=\"twitter:data1\" content=\"La r\u00e9daction\" \/>\n\t<meta name=\"twitter:label2\" content=\"Dur\u00e9e de lecture estim\u00e9e\" \/>\n\t<meta name=\"twitter:data2\" content=\"2 minutes\" \/>\n<script type=\"application\/ld+json\" class=\"yoast-schema-graph\">{\"@context\":\"https:\\\/\\\/schema.org\",\"@graph\":[{\"@type\":\"Article\",\"@id\":\"https:\\\/\\\/www.info-algerie.com\\\/actualites\\\/algerie-congo-le-role-de-la-protection-civile-algerienne-dans-le-renforcement-de-la-cooperation-salue\\\/#article\",\"isPartOf\":{\"@id\":\"https:\\\/\\\/www.info-algerie.com\\\/actualites\\\/algerie-congo-le-role-de-la-protection-civile-algerienne-dans-le-renforcement-de-la-cooperation-salue\\\/\"},\"author\":{\"name\":\"La r\u00e9daction\",\"@id\":\"https:\\\/\\\/www.info-algerie.com\\\/actualites\\\/#\\\/schema\\\/person\\\/847aaec44920825b843a08f30ec6aa1e\"},\"headline\":\"Alg\u00e9rie \u2013 Congo: le r\u00f4le de la Protection civile alg\u00e9rienne dans le renforcement de la coop\u00e9ration salu\u00e9\",\"datePublished\":\"2017-09-28T13:17:12+00:00\",\"mainEntityOfPage\":{\"@id\":\"https:\\\/\\\/www.info-algerie.com\\\/actualites\\\/algerie-congo-le-role-de-la-protection-civile-algerienne-dans-le-renforcement-de-la-cooperation-salue\\\/\"},\"wordCount\":467,\"commentCount\":0,\"publisher\":{\"@id\":\"https:\\\/\\\/www.info-algerie.com\\\/actualites\\\/#organization\"},\"keywords\":[\"ONU\"],\"articleSection\":[\"infos\"],\"inLanguage\":\"fr-FR\",\"potentialAction\":[{\"@type\":\"CommentAction\",\"name\":\"Comment\",\"target\":[\"https:\\\/\\\/www.info-algerie.com\\\/actualites\\\/algerie-congo-le-role-de-la-protection-civile-algerienne-dans-le-renforcement-de-la-cooperation-salue\\\/#respond\"]}]},{\"@type\":\"WebPage\",\"@id\":\"https:\\\/\\\/www.info-algerie.com\\\/actualites\\\/algerie-congo-le-role-de-la-protection-civile-algerienne-dans-le-renforcement-de-la-cooperation-salue\\\/\",\"url\":\"https:\\\/\\\/www.info-algerie.com\\\/actualites\\\/algerie-congo-le-role-de-la-protection-civile-algerienne-dans-le-renforcement-de-la-cooperation-salue\\\/\",\"name\":\"Alg\u00e9rie \u2013 Congo: le r\u00f4le de la Protection civile alg\u00e9rienne dans le renforcement de la coop\u00e9ration salu\u00e9 - info algerie\",\"isPartOf\":{\"@id\":\"https:\\\/\\\/www.info-algerie.com\\\/actualites\\\/#website\"},\"datePublished\":\"2017-09-28T13:17:12+00:00\",\"breadcrumb\":{\"@id\":\"https:\\\/\\\/www.info-algerie.com\\\/actualites\\\/algerie-congo-le-role-de-la-protection-civile-algerienne-dans-le-renforcement-de-la-cooperation-salue\\\/#breadcrumb\"},\"inLanguage\":\"fr-FR\",\"potentialAction\":[{\"@type\":\"ReadAction\",\"target\":[\"https:\\\/\\\/www.info-algerie.com\\\/actualites\\\/algerie-congo-le-role-de-la-protection-civile-algerienne-dans-le-renforcement-de-la-cooperation-salue\\\/\"]}]},{\"@type\":\"BreadcrumbList\",\"@id\":\"https:\\\/\\\/www.info-algerie.com\\\/actualites\\\/algerie-congo-le-role-de-la-protection-civile-algerienne-dans-le-renforcement-de-la-cooperation-salue\\\/#breadcrumb\",\"itemListElement\":[{\"@type\":\"ListItem\",\"position\":1,\"name\":\"Accueil\",\"item\":\"https:\\\/\\\/www.info-algerie.com\\\/actualites\\\/\"},{\"@type\":\"ListItem\",\"position\":2,\"name\":\"Alg\u00e9rie \u2013 Congo: le r\u00f4le de la Protection civile alg\u00e9rienne dans le renforcement de la coop\u00e9ration salu\u00e9\"}]},{\"@type\":\"WebSite\",\"@id\":\"https:\\\/\\\/www.info-algerie.com\\\/actualites\\\/#website\",\"url\":\"https:\\\/\\\/www.info-algerie.com\\\/actualites\\\/\",\"name\":\"info algerie\",\"description\":\"Toutes les actualit\u00e9s\",\"publisher\":{\"@id\":\"https:\\\/\\\/www.info-algerie.com\\\/actualites\\\/#organization\"},\"potentialAction\":[{\"@type\":\"SearchAction\",\"target\":{\"@type\":\"EntryPoint\",\"urlTemplate\":\"https:\\\/\\\/www.info-algerie.com\\\/actualites\\\/?s={search_term_string}\"},\"query-input\":{\"@type\":\"PropertyValueSpecification\",\"valueRequired\":true,\"valueName\":\"search_term_string\"}}],\"inLanguage\":\"fr-FR\"},{\"@type\":\"Organization\",\"@id\":\"https:\\\/\\\/www.info-algerie.com\\\/actualites\\\/#organization\",\"name\":\"info algerie\",\"url\":\"https:\\\/\\\/www.info-algerie.com\\\/actualites\\\/\",\"logo\":{\"@type\":\"ImageObject\",\"inLanguage\":\"fr-FR\",\"@id\":\"https:\\\/\\\/www.info-algerie.com\\\/actualites\\\/#\\\/schema\\\/logo\\\/image\\\/\",\"url\":\"https:\\\/\\\/www.info-algerie.com\\\/actualites\\\/wp-content\\\/uploads\\\/2022\\\/07\\\/logo-ia-120.png\",\"contentUrl\":\"https:\\\/\\\/www.info-algerie.com\\\/actualites\\\/wp-content\\\/uploads\\\/2022\\\/07\\\/logo-ia-120.png\",\"width\":120,\"height\":43,\"caption\":\"info algerie\"},\"image\":{\"@id\":\"https:\\\/\\\/www.info-algerie.com\\\/actualites\\\/#\\\/schema\\\/logo\\\/image\\\/\"},\"sameAs\":[\"https:\\\/\\\/www.facebook.com\\\/infoalgerieactu\",\"https:\\\/\\\/x.com\\\/infoalgerie1\"]},{\"@type\":\"Person\",\"@id\":\"https:\\\/\\\/www.info-algerie.com\\\/actualites\\\/#\\\/schema\\\/person\\\/847aaec44920825b843a08f30ec6aa1e\",\"name\":\"La r\u00e9daction\",\"image\":{\"@type\":\"ImageObject\",\"inLanguage\":\"fr-FR\",\"@id\":\"https:\\\/\\\/secure.gravatar.com\\\/avatar\\\/769db425c6f465158149f1ffd6cf61ce7a8a879d11dfbef8288af36dfddd418c?s=96&d=mm&r=g\",\"url\":\"https:\\\/\\\/secure.gravatar.com\\\/avatar\\\/769db425c6f465158149f1ffd6cf61ce7a8a879d11dfbef8288af36dfddd418c?s=96&d=mm&r=g\",\"contentUrl\":\"https:\\\/\\\/secure.gravatar.com\\\/avatar\\\/769db425c6f465158149f1ffd6cf61ce7a8a879d11dfbef8288af36dfddd418c?s=96&d=mm&r=g\",\"caption\":\"La r\u00e9daction\"},\"sameAs\":[\"http:\\\/\\\/www.lkeria.com\\\/\"],\"url\":\"https:\\\/\\\/www.info-algerie.com\\\/actualites\\\/author\\\/chakib32\\\/\"}]}<\/script>\n<!-- \/ Yoast SEO plugin. -->","yoast_head_json":{"title":"Alg\u00e9rie \u2013 Congo: le r\u00f4le de la Protection civile alg\u00e9rienne dans le renforcement de la coop\u00e9ration salu\u00e9 - info algerie","robots":{"index":"index","follow":"follow","max-snippet":"max-snippet:-1","max-image-preview":"max-image-preview:large","max-video-preview":"max-video-preview:-1"},"canonical":"https:\/\/www.info-algerie.com\/actualites\/algerie-congo-le-role-de-la-protection-civile-algerienne-dans-le-renforcement-de-la-cooperation-salue\/","og_locale":"fr_FR","og_type":"article","og_title":"Alg\u00e9rie \u2013 Congo: le r\u00f4le de la Protection civile alg\u00e9rienne dans le renforcement de la coop\u00e9ration salu\u00e9 - info algerie","og_description":"ALGER- Le ministre congolais de l&rsquo;Int\u00e9rieur, Raymond Z\u00e9phirin Mboulou, en visite en Alg\u00e9rie, a salu\u00e9 jeudi \u00e0 Alger le r\u00f4le de la Protection civile alg\u00e9rienne dans le renforcement de la coop\u00e9ration entre les institutions des deux pays en mati\u00e8re de formation.\u00a0 &#013; &#013; Lors de sa rencontre avec le directeur g\u00e9n\u00e9ral de la Protection civile,","og_url":"https:\/\/www.info-algerie.com\/actualites\/algerie-congo-le-role-de-la-protection-civile-algerienne-dans-le-renforcement-de-la-cooperation-salue\/","og_site_name":"info algerie","article_publisher":"https:\/\/www.facebook.com\/infoalgerieactu","article_published_time":"2017-09-28T13:17:12+00:00","author":"La r\u00e9daction","twitter_misc":{"\u00c9crit par":"La r\u00e9daction","Dur\u00e9e de lecture estim\u00e9e":"2 minutes"},"schema":{"@context":"https:\/\/schema.org","@graph":[{"@type":"Article","@id":"https:\/\/www.info-algerie.com\/actualites\/algerie-congo-le-role-de-la-protection-civile-algerienne-dans-le-renforcement-de-la-cooperation-salue\/#article","isPartOf":{"@id":"https:\/\/www.info-algerie.com\/actualites\/algerie-congo-le-role-de-la-protection-civile-algerienne-dans-le-renforcement-de-la-cooperation-salue\/"},"author":{"name":"La r\u00e9daction","@id":"https:\/\/www.info-algerie.com\/actualites\/#\/schema\/person\/847aaec44920825b843a08f30ec6aa1e"},"headline":"Alg\u00e9rie \u2013 Congo: le r\u00f4le de la Protection civile alg\u00e9rienne dans le renforcement de la coop\u00e9ration salu\u00e9","datePublished":"2017-09-28T13:17:12+00:00","mainEntityOfPage":{"@id":"https:\/\/www.info-algerie.com\/actualites\/algerie-congo-le-role-de-la-protection-civile-algerienne-dans-le-renforcement-de-la-cooperation-salue\/"},"wordCount":467,"commentCount":0,"publisher":{"@id":"https:\/\/www.info-algerie.com\/actualites\/#organization"},"keywords":["ONU"],"articleSection":["infos"],"inLanguage":"fr-FR","potentialAction":[{"@type":"CommentAction","name":"Comment","target":["https:\/\/www.info-algerie.com\/actualites\/algerie-congo-le-role-de-la-protection-civile-algerienne-dans-le-renforcement-de-la-cooperation-salue\/#respond"]}]},{"@type":"WebPage","@id":"https:\/\/www.info-algerie.com\/actualites\/algerie-congo-le-role-de-la-protection-civile-algerienne-dans-le-renforcement-de-la-cooperation-salue\/","url":"https:\/\/www.info-algerie.com\/actualites\/algerie-congo-le-role-de-la-protection-civile-algerienne-dans-le-renforcement-de-la-cooperation-salue\/","name":"Alg\u00e9rie \u2013 Congo: le r\u00f4le de la Protection civile alg\u00e9rienne dans le renforcement de la coop\u00e9ration salu\u00e9 - info algerie","isPartOf":{"@id":"https:\/\/www.info-algerie.com\/actualites\/#website"},"datePublished":"2017-09-28T13:17:12+00:00","breadcrumb":{"@id":"https:\/\/www.info-algerie.com\/actualites\/algerie-congo-le-role-de-la-protection-civile-algerienne-dans-le-renforcement-de-la-cooperation-salue\/#breadcrumb"},"inLanguage":"fr-FR","potentialAction":[{"@type":"ReadAction","target":["https:\/\/www.info-algerie.com\/actualites\/algerie-congo-le-role-de-la-protection-civile-algerienne-dans-le-renforcement-de-la-cooperation-salue\/"]}]},{"@type":"BreadcrumbList","@id":"https:\/\/www.info-algerie.com\/actualites\/algerie-congo-le-role-de-la-protection-civile-algerienne-dans-le-renforcement-de-la-cooperation-salue\/#breadcrumb","itemListElement":[{"@type":"ListItem","position":1,"name":"Accueil","item":"https:\/\/www.info-algerie.com\/actualites\/"},{"@type":"ListItem","position":2,"name":"Alg\u00e9rie \u2013 Congo: le r\u00f4le de la Protection civile alg\u00e9rienne dans le renforcement de la coop\u00e9ration salu\u00e9"}]},{"@type":"WebSite","@id":"https:\/\/www.info-algerie.com\/actualites\/#website","url":"https:\/\/www.info-algerie.com\/actualites\/","name":"info algerie","description":"Toutes les actualit\u00e9s","publisher":{"@id":"https:\/\/www.info-algerie.com\/actualites\/#organization"},"potentialAction":[{"@type":"SearchAction","target":{"@type":"EntryPoint","urlTemplate":"https:\/\/www.info-algerie.com\/actualites\/?s={search_term_string}"},"query-input":{"@type":"PropertyValueSpecification","valueRequired":true,"valueName":"search_term_string"}}],"inLanguage":"fr-FR"},{"@type":"Organization","@id":"https:\/\/www.info-algerie.com\/actualites\/#organization","name":"info algerie","url":"https:\/\/www.info-algerie.com\/actualites\/","logo":{"@type":"ImageObject","inLanguage":"fr-FR","@id":"https:\/\/www.info-algerie.com\/actualites\/#\/schema\/logo\/image\/","url":"https:\/\/www.info-algerie.com\/actualites\/wp-content\/uploads\/2022\/07\/logo-ia-120.png","contentUrl":"https:\/\/www.info-algerie.com\/actualites\/wp-content\/uploads\/2022\/07\/logo-ia-120.png","width":120,"height":43,"caption":"info algerie"},"image":{"@id":"https:\/\/www.info-algerie.com\/actualites\/#\/schema\/logo\/image\/"},"sameAs":["https:\/\/www.facebook.com\/infoalgerieactu","https:\/\/x.com\/infoalgerie1"]},{"@type":"Person","@id":"https:\/\/www.info-algerie.com\/actualites\/#\/schema\/person\/847aaec44920825b843a08f30ec6aa1e","name":"La r\u00e9daction","image":{"@type":"ImageObject","inLanguage":"fr-FR","@id":"https:\/\/secure.gravatar.com\/avatar\/769db425c6f465158149f1ffd6cf61ce7a8a879d11dfbef8288af36dfddd418c?s=96&d=mm&r=g","url":"https:\/\/secure.gravatar.com\/avatar\/769db425c6f465158149f1ffd6cf61ce7a8a879d11dfbef8288af36dfddd418c?s=96&d=mm&r=g","contentUrl":"https:\/\/secure.gravatar.com\/avatar\/769db425c6f465158149f1ffd6cf61ce7a8a879d11dfbef8288af36dfddd418c?s=96&d=mm&r=g","caption":"La r\u00e9daction"},"sameAs":["http:\/\/www.lkeria.com\/"],"url":"https:\/\/www.info-algerie.com\/actualites\/author\/chakib32\/"}]}},"_links":{"self":[{"href":"https:\/\/www.info-algerie.com\/actualites\/wp-json\/wp\/v2\/posts\/16427","targetHints":{"allow":["GET"]}}],"collection":[{"href":"https:\/\/www.info-algerie.com\/actualites\/wp-json\/wp\/v2\/posts"}],"about":[{"href":"https:\/\/www.info-algerie.com\/actualites\/wp-json\/wp\/v2\/types\/post"}],"author":[{"embeddable":true,"href":"https:\/\/www.info-algerie.com\/actualites\/wp-json\/wp\/v2\/users\/6"}],"replies":[{"embeddable":true,"href":"https:\/\/www.info-algerie.com\/actualites\/wp-json\/wp\/v2\/comments?post=16427"}],"version-history":[{"count":0,"href":"https:\/\/www.info-algerie.com\/actualites\/wp-json\/wp\/v2\/posts\/16427\/revisions"}],"wp:attachment":[{"href":"https:\/\/www.info-algerie.com\/actualites\/wp-json\/wp\/v2\/media?parent=16427"}],"wp:term":[{"taxonomy":"category","embeddable":true,"href":"https:\/\/www.info-algerie.com\/actualites\/wp-json\/wp\/v2\/categories?post=16427"},{"taxonomy":"post_tag","embeddable":true,"href":"https:\/\/www.info-algerie.com\/actualites\/wp-json\/wp\/v2\/tags?post=16427"}],"curies":[{"name":"wp","href":"https:\/\/api.w.org\/{rel}","templated":true}]}}