{"id":16429,"date":"2017-09-28T20:01:40","date_gmt":"2017-09-28T19:01:40","guid":{"rendered":"http:\/\/www.info-algerie.com\/actualites\/lepoque-du-general-de-gaulle-etait-la-plus-violente-et-la-plus-sanglante-en-algerie\/"},"modified":"2017-09-28T20:01:40","modified_gmt":"2017-09-28T19:01:40","slug":"lepoque-du-general-de-gaulle-etait-la-plus-violente-et-la-plus-sanglante-en-algerie","status":"publish","type":"post","link":"https:\/\/www.info-algerie.com\/actualites\/lepoque-du-general-de-gaulle-etait-la-plus-violente-et-la-plus-sanglante-en-algerie\/","title":{"rendered":"L&#039;\u00e9poque du g\u00e9n\u00e9ral De Gaulle \u00e9tait la plus violente et la plus sanglante en Alg\u00e9rie"},"content":{"rendered":"<div class=\"K2FeedImage\"><img decoding=\"async\" src=\"https:\/\/www.info-algerie.com\/actualites\/wp-content\/uploads\/2017\/09\/444130c1bfce18e09a06260932fde6a2_S.jpg\" alt=\"L'&#xE9;poque du g&#xE9;n&#xE9;ral De Gaulle &#xE9;tait la plus violente et la plus sanglante en Alg&#xE9;rie\" \/><\/div>\n<div class=\"K2FeedIntroText\">\n<p>SAIDA- L&rsquo;historien fran\u00e7ais Benjamin Stora a affirm\u00e9 jeudi \u00e0 Saida que l&rsquo;\u00e9poque du g\u00e9n\u00e9ral De Gaulle a \u00e9t\u00e9 \u00ab\u00a0la plus violente et la plus sanglante\u00a0\u00bb en Alg\u00e9rie.<\/p>\n<p>&#013;\n<\/p><\/div>\n<div class=\"K2FeedFullText\">&#013;<\/p>\n<p>Dans une communication intitul\u00e9e \u00ab\u00a0Les racines du nationalisme alg\u00e9rien\u00a0\u00bb, pr\u00e9sent\u00e9e lors d&rsquo;une conf\u00e9rence organis\u00e9e par l&rsquo;association locale \u00ab\u00a0culture et cin\u00e9ma\u00a0\u00bb en collaboration avec l&rsquo;universit\u00e9 de Saida, il a soulign\u00e9 que \u00ab\u00a0le plan de Charles de Gaulle pour r\u00e9primer la R\u00e9volution alg\u00e9rienne a fait 140.000 morts parmi les Alg\u00e9riens durant la guerre de lib\u00e9ration\u00a0\u00bb.<\/p>\n<p>&#013;<\/p>\n<p>Benjamin Stora a soutenu que l&rsquo;ind\u00e9pendance de l&rsquo;Alg\u00e9rie a \u00e9t\u00e9 \u00ab\u00a0le fruit de la r\u00e9sistance des Alg\u00e9riens dans les batailles arm\u00e9es qu&rsquo;ils ont livr\u00e9es \u00e0 l&rsquo;arm\u00e9e fran\u00e7aise\u00a0\u00bb.<\/p>\n<p>&#013;<\/p>\n<p>Il a, \u00e0 cette occasion, \u00e9voqu\u00e9 son int\u00e9r\u00eat pour la recherche sur les origines du mouvement national, s&rsquo;attardant surtout sur la personnalit\u00e9 militante de Messali Hadj, qui revendiquait l&rsquo;ind\u00e9pendance de l&rsquo;Alg\u00e9rie depuis les ann\u00e9es vingt du si\u00e8cle dernier.<\/p>\n<p>&#013;<\/p>\n<p>Messali Hadj a fond\u00e9 le parti \u00ab\u00a0Etoile nord-africaine en 1925\/1926, qui d\u00e9fendait les int\u00e9r\u00eats mat\u00e9riels, moraux et sociaux des Musulmans de l&rsquo;Afrique du Nord. En 1929, la France a dissous ce parti \u00e0 cause de la revendication de Messali Hadj exigeant l&rsquo;ind\u00e9pendance totale de l&rsquo;Alg\u00e9rie et il fonda le Parti populaire alg\u00e9rien (PPA) en 1937 jusqu&rsquo;\u00e0 1939, ensuite le Mouvement pour le triomphe des libert\u00e9s d\u00e9mocratiques (MTLD), qui a encadr\u00e9 la lutte du peuple alg\u00e9rien depuis 1946 et qui fut dissout par le gouvernement fran\u00e7ais.<\/p>\n<p>&#013;<\/p>\n<p>Messali Hadj mourut en 1974 en France et fut enterr\u00e9 en Alg\u00e9rie plus exactement dans la wilaya de Tlemcen.<\/p>\n<p>&#013;<\/p>\n<p>A son arriv\u00e9e mercredi \u00e0 Oran, l&rsquo;historien fran\u00e7ais avait soutenu que l&rsquo;apaisement des relations alg\u00e9ro-fran\u00e7aises impliquait un \u00ab\u00a0travail de deuil que doit faire la France en acceptant sa d\u00e9faite et gu\u00e9rir de cette grande blessure qu&rsquo;a occasionn\u00e9e l&rsquo;ind\u00e9pendance de l&rsquo;Alg\u00e9rie\u00a0\u00bb.<\/p>\n<p>&#013;<\/p>\n<p>\u00ab\u00a0En France, le probl\u00e8me est qu&rsquo;on n&rsquo;accepte pas cette d\u00e9faite\u00a0\u00bb, a-t-il d\u00e9clar\u00e9, estimant que plusieurs explications \u00ab\u00a0complexes et sophistiqu\u00e9es\u00a0\u00bb sont avanc\u00e9es pour maquiller cette d\u00e9faite, les uns estimant, selon lui, que le g\u00e9n\u00e9ral de Gaulle aurait trahi les Fran\u00e7ais, alors que pour les autres la France a gagn\u00e9 militairement et perdu politiquement.<\/p>\n<p>&#013;<\/p>\n<p>\u00a0<\/p>\n<\/div>\n<p>&#013;<br \/>\nSource: <a href=\"http:\/\/www.aps.dz\/algerie\/63399-l-epoque-du-general-de-gaulle-etait-la-plus-violente-et-la-plus-sanglante-en-algerie\" target=\"_blank\">L&rsquo;\u00e9poque du g\u00e9n\u00e9ral De Gaulle \u00e9tait la plus violente et la plus sanglante en Alg\u00e9rie<\/a><\/p>\n<!--CusAds0-->\n<div style=\"font-size: 0px; height: 0px; line-height: 0px; margin: 0; padding: 0; clear: both;\"><\/div>","protected":false},"excerpt":{"rendered":"<p>SAIDA- L&rsquo;historien fran\u00e7ais Benjamin Stora a affirm\u00e9 jeudi \u00e0 Saida que l&rsquo;\u00e9poque du g\u00e9n\u00e9ral De Gaulle a \u00e9t\u00e9 \u00ab\u00a0la plus violente et la plus sanglante\u00a0\u00bb en Alg\u00e9rie. &#013; &#013; Dans une communication intitul\u00e9e \u00ab\u00a0Les racines du nationalisme alg\u00e9rien\u00a0\u00bb, pr\u00e9sent\u00e9e lors d&rsquo;une conf\u00e9rence organis\u00e9e par l&rsquo;association locale \u00ab\u00a0culture et cin\u00e9ma\u00a0\u00bb en collaboration avec l&rsquo;universit\u00e9 de Saida,<\/p>\n","protected":false},"author":6,"featured_media":16430,"comment_status":"open","ping_status":"open","sticky":false,"template":"","format":"standard","meta":{"footnotes":""},"categories":[22],"tags":[93],"class_list":["post-16429","post","type-post","status-publish","format-standard","has-post-thumbnail","hentry","category-infos","tag-onu"],"yoast_head":"<!-- This site is optimized with the Yoast SEO plugin v27.5 - https:\/\/yoast.com\/product\/yoast-seo-wordpress\/ -->\n<title>L&#039;\u00e9poque du g\u00e9n\u00e9ral De Gaulle \u00e9tait la plus violente et la plus sanglante en Alg\u00e9rie - info algerie<\/title>\n<meta name=\"robots\" content=\"index, follow, max-snippet:-1, max-image-preview:large, max-video-preview:-1\" \/>\n<link rel=\"canonical\" href=\"https:\/\/www.info-algerie.com\/actualites\/lepoque-du-general-de-gaulle-etait-la-plus-violente-et-la-plus-sanglante-en-algerie\/\" \/>\n<meta property=\"og:locale\" content=\"fr_FR\" \/>\n<meta property=\"og:type\" content=\"article\" \/>\n<meta property=\"og:title\" content=\"L&#039;\u00e9poque du g\u00e9n\u00e9ral De Gaulle \u00e9tait la plus violente et la plus sanglante en Alg\u00e9rie - info algerie\" \/>\n<meta property=\"og:description\" content=\"SAIDA- L&rsquo;historien fran\u00e7ais Benjamin Stora a affirm\u00e9 jeudi \u00e0 Saida que l&rsquo;\u00e9poque du g\u00e9n\u00e9ral De Gaulle a \u00e9t\u00e9 \u00ab\u00a0la plus violente et la plus sanglante\u00a0\u00bb en Alg\u00e9rie. &#013; &#013; Dans une communication intitul\u00e9e \u00ab\u00a0Les racines du nationalisme alg\u00e9rien\u00a0\u00bb, pr\u00e9sent\u00e9e lors d&rsquo;une conf\u00e9rence organis\u00e9e par l&rsquo;association locale \u00ab\u00a0culture et cin\u00e9ma\u00a0\u00bb en collaboration avec l&rsquo;universit\u00e9 de Saida,\" \/>\n<meta property=\"og:url\" content=\"https:\/\/www.info-algerie.com\/actualites\/lepoque-du-general-de-gaulle-etait-la-plus-violente-et-la-plus-sanglante-en-algerie\/\" \/>\n<meta property=\"og:site_name\" content=\"info algerie\" \/>\n<meta property=\"article:publisher\" content=\"https:\/\/www.facebook.com\/infoalgerieactu\" \/>\n<meta property=\"article:published_time\" content=\"2017-09-28T19:01:40+00:00\" \/>\n<meta property=\"og:image\" content=\"https:\/\/www.info-algerie.com\/actualites\/wp-content\/uploads\/2017\/09\/444130c1bfce18e09a06260932fde6a2_S-1.jpg\" \/>\n\t<meta property=\"og:image:width\" content=\"280\" \/>\n\t<meta property=\"og:image:height\" content=\"158\" \/>\n\t<meta property=\"og:image:type\" content=\"image\/jpeg\" \/>\n<meta name=\"author\" content=\"La r\u00e9daction\" \/>\n<meta name=\"twitter:label1\" content=\"\u00c9crit par\" \/>\n\t<meta name=\"twitter:data1\" content=\"La r\u00e9daction\" \/>\n\t<meta name=\"twitter:label2\" content=\"Dur\u00e9e de lecture estim\u00e9e\" \/>\n\t<meta name=\"twitter:data2\" content=\"2 minutes\" \/>\n<script type=\"application\/ld+json\" class=\"yoast-schema-graph\">{\"@context\":\"https:\\\/\\\/schema.org\",\"@graph\":[{\"@type\":\"Article\",\"@id\":\"https:\\\/\\\/www.info-algerie.com\\\/actualites\\\/lepoque-du-general-de-gaulle-etait-la-plus-violente-et-la-plus-sanglante-en-algerie\\\/#article\",\"isPartOf\":{\"@id\":\"https:\\\/\\\/www.info-algerie.com\\\/actualites\\\/lepoque-du-general-de-gaulle-etait-la-plus-violente-et-la-plus-sanglante-en-algerie\\\/\"},\"author\":{\"name\":\"La r\u00e9daction\",\"@id\":\"https:\\\/\\\/www.info-algerie.com\\\/actualites\\\/#\\\/schema\\\/person\\\/847aaec44920825b843a08f30ec6aa1e\"},\"headline\":\"L&#039;\u00e9poque du g\u00e9n\u00e9ral De Gaulle \u00e9tait la plus violente et la plus sanglante en Alg\u00e9rie\",\"datePublished\":\"2017-09-28T19:01:40+00:00\",\"mainEntityOfPage\":{\"@id\":\"https:\\\/\\\/www.info-algerie.com\\\/actualites\\\/lepoque-du-general-de-gaulle-etait-la-plus-violente-et-la-plus-sanglante-en-algerie\\\/\"},\"wordCount\":450,\"commentCount\":0,\"publisher\":{\"@id\":\"https:\\\/\\\/www.info-algerie.com\\\/actualites\\\/#organization\"},\"image\":{\"@id\":\"https:\\\/\\\/www.info-algerie.com\\\/actualites\\\/lepoque-du-general-de-gaulle-etait-la-plus-violente-et-la-plus-sanglante-en-algerie\\\/#primaryimage\"},\"thumbnailUrl\":\"https:\\\/\\\/www.info-algerie.com\\\/actualites\\\/wp-content\\\/uploads\\\/2017\\\/09\\\/444130c1bfce18e09a06260932fde6a2_S-1.jpg\",\"keywords\":[\"ONU\"],\"articleSection\":[\"infos\"],\"inLanguage\":\"fr-FR\",\"potentialAction\":[{\"@type\":\"CommentAction\",\"name\":\"Comment\",\"target\":[\"https:\\\/\\\/www.info-algerie.com\\\/actualites\\\/lepoque-du-general-de-gaulle-etait-la-plus-violente-et-la-plus-sanglante-en-algerie\\\/#respond\"]}]},{\"@type\":\"WebPage\",\"@id\":\"https:\\\/\\\/www.info-algerie.com\\\/actualites\\\/lepoque-du-general-de-gaulle-etait-la-plus-violente-et-la-plus-sanglante-en-algerie\\\/\",\"url\":\"https:\\\/\\\/www.info-algerie.com\\\/actualites\\\/lepoque-du-general-de-gaulle-etait-la-plus-violente-et-la-plus-sanglante-en-algerie\\\/\",\"name\":\"L&#039;\u00e9poque du g\u00e9n\u00e9ral De Gaulle \u00e9tait la plus violente et la plus sanglante en Alg\u00e9rie - info algerie\",\"isPartOf\":{\"@id\":\"https:\\\/\\\/www.info-algerie.com\\\/actualites\\\/#website\"},\"primaryImageOfPage\":{\"@id\":\"https:\\\/\\\/www.info-algerie.com\\\/actualites\\\/lepoque-du-general-de-gaulle-etait-la-plus-violente-et-la-plus-sanglante-en-algerie\\\/#primaryimage\"},\"image\":{\"@id\":\"https:\\\/\\\/www.info-algerie.com\\\/actualites\\\/lepoque-du-general-de-gaulle-etait-la-plus-violente-et-la-plus-sanglante-en-algerie\\\/#primaryimage\"},\"thumbnailUrl\":\"https:\\\/\\\/www.info-algerie.com\\\/actualites\\\/wp-content\\\/uploads\\\/2017\\\/09\\\/444130c1bfce18e09a06260932fde6a2_S-1.jpg\",\"datePublished\":\"2017-09-28T19:01:40+00:00\",\"breadcrumb\":{\"@id\":\"https:\\\/\\\/www.info-algerie.com\\\/actualites\\\/lepoque-du-general-de-gaulle-etait-la-plus-violente-et-la-plus-sanglante-en-algerie\\\/#breadcrumb\"},\"inLanguage\":\"fr-FR\",\"potentialAction\":[{\"@type\":\"ReadAction\",\"target\":[\"https:\\\/\\\/www.info-algerie.com\\\/actualites\\\/lepoque-du-general-de-gaulle-etait-la-plus-violente-et-la-plus-sanglante-en-algerie\\\/\"]}]},{\"@type\":\"ImageObject\",\"inLanguage\":\"fr-FR\",\"@id\":\"https:\\\/\\\/www.info-algerie.com\\\/actualites\\\/lepoque-du-general-de-gaulle-etait-la-plus-violente-et-la-plus-sanglante-en-algerie\\\/#primaryimage\",\"url\":\"https:\\\/\\\/www.info-algerie.com\\\/actualites\\\/wp-content\\\/uploads\\\/2017\\\/09\\\/444130c1bfce18e09a06260932fde6a2_S-1.jpg\",\"contentUrl\":\"https:\\\/\\\/www.info-algerie.com\\\/actualites\\\/wp-content\\\/uploads\\\/2017\\\/09\\\/444130c1bfce18e09a06260932fde6a2_S-1.jpg\",\"width\":280,\"height\":158},{\"@type\":\"BreadcrumbList\",\"@id\":\"https:\\\/\\\/www.info-algerie.com\\\/actualites\\\/lepoque-du-general-de-gaulle-etait-la-plus-violente-et-la-plus-sanglante-en-algerie\\\/#breadcrumb\",\"itemListElement\":[{\"@type\":\"ListItem\",\"position\":1,\"name\":\"Accueil\",\"item\":\"https:\\\/\\\/www.info-algerie.com\\\/actualites\\\/\"},{\"@type\":\"ListItem\",\"position\":2,\"name\":\"L&#039;\u00e9poque du g\u00e9n\u00e9ral De Gaulle \u00e9tait la plus violente et la plus sanglante en Alg\u00e9rie\"}]},{\"@type\":\"WebSite\",\"@id\":\"https:\\\/\\\/www.info-algerie.com\\\/actualites\\\/#website\",\"url\":\"https:\\\/\\\/www.info-algerie.com\\\/actualites\\\/\",\"name\":\"info algerie\",\"description\":\"Toutes les actualit\u00e9s\",\"publisher\":{\"@id\":\"https:\\\/\\\/www.info-algerie.com\\\/actualites\\\/#organization\"},\"potentialAction\":[{\"@type\":\"SearchAction\",\"target\":{\"@type\":\"EntryPoint\",\"urlTemplate\":\"https:\\\/\\\/www.info-algerie.com\\\/actualites\\\/?s={search_term_string}\"},\"query-input\":{\"@type\":\"PropertyValueSpecification\",\"valueRequired\":true,\"valueName\":\"search_term_string\"}}],\"inLanguage\":\"fr-FR\"},{\"@type\":\"Organization\",\"@id\":\"https:\\\/\\\/www.info-algerie.com\\\/actualites\\\/#organization\",\"name\":\"info algerie\",\"url\":\"https:\\\/\\\/www.info-algerie.com\\\/actualites\\\/\",\"logo\":{\"@type\":\"ImageObject\",\"inLanguage\":\"fr-FR\",\"@id\":\"https:\\\/\\\/www.info-algerie.com\\\/actualites\\\/#\\\/schema\\\/logo\\\/image\\\/\",\"url\":\"https:\\\/\\\/www.info-algerie.com\\\/actualites\\\/wp-content\\\/uploads\\\/2022\\\/07\\\/logo-ia-120.png\",\"contentUrl\":\"https:\\\/\\\/www.info-algerie.com\\\/actualites\\\/wp-content\\\/uploads\\\/2022\\\/07\\\/logo-ia-120.png\",\"width\":120,\"height\":43,\"caption\":\"info algerie\"},\"image\":{\"@id\":\"https:\\\/\\\/www.info-algerie.com\\\/actualites\\\/#\\\/schema\\\/logo\\\/image\\\/\"},\"sameAs\":[\"https:\\\/\\\/www.facebook.com\\\/infoalgerieactu\",\"https:\\\/\\\/x.com\\\/infoalgerie1\"]},{\"@type\":\"Person\",\"@id\":\"https:\\\/\\\/www.info-algerie.com\\\/actualites\\\/#\\\/schema\\\/person\\\/847aaec44920825b843a08f30ec6aa1e\",\"name\":\"La r\u00e9daction\",\"image\":{\"@type\":\"ImageObject\",\"inLanguage\":\"fr-FR\",\"@id\":\"https:\\\/\\\/secure.gravatar.com\\\/avatar\\\/769db425c6f465158149f1ffd6cf61ce7a8a879d11dfbef8288af36dfddd418c?s=96&d=mm&r=g\",\"url\":\"https:\\\/\\\/secure.gravatar.com\\\/avatar\\\/769db425c6f465158149f1ffd6cf61ce7a8a879d11dfbef8288af36dfddd418c?s=96&d=mm&r=g\",\"contentUrl\":\"https:\\\/\\\/secure.gravatar.com\\\/avatar\\\/769db425c6f465158149f1ffd6cf61ce7a8a879d11dfbef8288af36dfddd418c?s=96&d=mm&r=g\",\"caption\":\"La r\u00e9daction\"},\"sameAs\":[\"http:\\\/\\\/www.lkeria.com\\\/\"],\"url\":\"https:\\\/\\\/www.info-algerie.com\\\/actualites\\\/author\\\/chakib32\\\/\"}]}<\/script>\n<!-- \/ Yoast SEO plugin. -->","yoast_head_json":{"title":"L&#039;\u00e9poque du g\u00e9n\u00e9ral De Gaulle \u00e9tait la plus violente et la plus sanglante en Alg\u00e9rie - info algerie","robots":{"index":"index","follow":"follow","max-snippet":"max-snippet:-1","max-image-preview":"max-image-preview:large","max-video-preview":"max-video-preview:-1"},"canonical":"https:\/\/www.info-algerie.com\/actualites\/lepoque-du-general-de-gaulle-etait-la-plus-violente-et-la-plus-sanglante-en-algerie\/","og_locale":"fr_FR","og_type":"article","og_title":"L&#039;\u00e9poque du g\u00e9n\u00e9ral De Gaulle \u00e9tait la plus violente et la plus sanglante en Alg\u00e9rie - info algerie","og_description":"SAIDA- L&rsquo;historien fran\u00e7ais Benjamin Stora a affirm\u00e9 jeudi \u00e0 Saida que l&rsquo;\u00e9poque du g\u00e9n\u00e9ral De Gaulle a \u00e9t\u00e9 \u00ab\u00a0la plus violente et la plus sanglante\u00a0\u00bb en Alg\u00e9rie. &#013; &#013; Dans une communication intitul\u00e9e \u00ab\u00a0Les racines du nationalisme alg\u00e9rien\u00a0\u00bb, pr\u00e9sent\u00e9e lors d&rsquo;une conf\u00e9rence organis\u00e9e par l&rsquo;association locale \u00ab\u00a0culture et cin\u00e9ma\u00a0\u00bb en collaboration avec l&rsquo;universit\u00e9 de Saida,","og_url":"https:\/\/www.info-algerie.com\/actualites\/lepoque-du-general-de-gaulle-etait-la-plus-violente-et-la-plus-sanglante-en-algerie\/","og_site_name":"info algerie","article_publisher":"https:\/\/www.facebook.com\/infoalgerieactu","article_published_time":"2017-09-28T19:01:40+00:00","og_image":[{"width":280,"height":158,"url":"https:\/\/www.info-algerie.com\/actualites\/wp-content\/uploads\/2017\/09\/444130c1bfce18e09a06260932fde6a2_S-1.jpg","type":"image\/jpeg"}],"author":"La r\u00e9daction","twitter_misc":{"\u00c9crit par":"La r\u00e9daction","Dur\u00e9e de lecture estim\u00e9e":"2 minutes"},"schema":{"@context":"https:\/\/schema.org","@graph":[{"@type":"Article","@id":"https:\/\/www.info-algerie.com\/actualites\/lepoque-du-general-de-gaulle-etait-la-plus-violente-et-la-plus-sanglante-en-algerie\/#article","isPartOf":{"@id":"https:\/\/www.info-algerie.com\/actualites\/lepoque-du-general-de-gaulle-etait-la-plus-violente-et-la-plus-sanglante-en-algerie\/"},"author":{"name":"La r\u00e9daction","@id":"https:\/\/www.info-algerie.com\/actualites\/#\/schema\/person\/847aaec44920825b843a08f30ec6aa1e"},"headline":"L&#039;\u00e9poque du g\u00e9n\u00e9ral De Gaulle \u00e9tait la plus violente et la plus sanglante en Alg\u00e9rie","datePublished":"2017-09-28T19:01:40+00:00","mainEntityOfPage":{"@id":"https:\/\/www.info-algerie.com\/actualites\/lepoque-du-general-de-gaulle-etait-la-plus-violente-et-la-plus-sanglante-en-algerie\/"},"wordCount":450,"commentCount":0,"publisher":{"@id":"https:\/\/www.info-algerie.com\/actualites\/#organization"},"image":{"@id":"https:\/\/www.info-algerie.com\/actualites\/lepoque-du-general-de-gaulle-etait-la-plus-violente-et-la-plus-sanglante-en-algerie\/#primaryimage"},"thumbnailUrl":"https:\/\/www.info-algerie.com\/actualites\/wp-content\/uploads\/2017\/09\/444130c1bfce18e09a06260932fde6a2_S-1.jpg","keywords":["ONU"],"articleSection":["infos"],"inLanguage":"fr-FR","potentialAction":[{"@type":"CommentAction","name":"Comment","target":["https:\/\/www.info-algerie.com\/actualites\/lepoque-du-general-de-gaulle-etait-la-plus-violente-et-la-plus-sanglante-en-algerie\/#respond"]}]},{"@type":"WebPage","@id":"https:\/\/www.info-algerie.com\/actualites\/lepoque-du-general-de-gaulle-etait-la-plus-violente-et-la-plus-sanglante-en-algerie\/","url":"https:\/\/www.info-algerie.com\/actualites\/lepoque-du-general-de-gaulle-etait-la-plus-violente-et-la-plus-sanglante-en-algerie\/","name":"L&#039;\u00e9poque du g\u00e9n\u00e9ral De Gaulle \u00e9tait la plus violente et la plus sanglante en Alg\u00e9rie - info algerie","isPartOf":{"@id":"https:\/\/www.info-algerie.com\/actualites\/#website"},"primaryImageOfPage":{"@id":"https:\/\/www.info-algerie.com\/actualites\/lepoque-du-general-de-gaulle-etait-la-plus-violente-et-la-plus-sanglante-en-algerie\/#primaryimage"},"image":{"@id":"https:\/\/www.info-algerie.com\/actualites\/lepoque-du-general-de-gaulle-etait-la-plus-violente-et-la-plus-sanglante-en-algerie\/#primaryimage"},"thumbnailUrl":"https:\/\/www.info-algerie.com\/actualites\/wp-content\/uploads\/2017\/09\/444130c1bfce18e09a06260932fde6a2_S-1.jpg","datePublished":"2017-09-28T19:01:40+00:00","breadcrumb":{"@id":"https:\/\/www.info-algerie.com\/actualites\/lepoque-du-general-de-gaulle-etait-la-plus-violente-et-la-plus-sanglante-en-algerie\/#breadcrumb"},"inLanguage":"fr-FR","potentialAction":[{"@type":"ReadAction","target":["https:\/\/www.info-algerie.com\/actualites\/lepoque-du-general-de-gaulle-etait-la-plus-violente-et-la-plus-sanglante-en-algerie\/"]}]},{"@type":"ImageObject","inLanguage":"fr-FR","@id":"https:\/\/www.info-algerie.com\/actualites\/lepoque-du-general-de-gaulle-etait-la-plus-violente-et-la-plus-sanglante-en-algerie\/#primaryimage","url":"https:\/\/www.info-algerie.com\/actualites\/wp-content\/uploads\/2017\/09\/444130c1bfce18e09a06260932fde6a2_S-1.jpg","contentUrl":"https:\/\/www.info-algerie.com\/actualites\/wp-content\/uploads\/2017\/09\/444130c1bfce18e09a06260932fde6a2_S-1.jpg","width":280,"height":158},{"@type":"BreadcrumbList","@id":"https:\/\/www.info-algerie.com\/actualites\/lepoque-du-general-de-gaulle-etait-la-plus-violente-et-la-plus-sanglante-en-algerie\/#breadcrumb","itemListElement":[{"@type":"ListItem","position":1,"name":"Accueil","item":"https:\/\/www.info-algerie.com\/actualites\/"},{"@type":"ListItem","position":2,"name":"L&#039;\u00e9poque du g\u00e9n\u00e9ral De Gaulle \u00e9tait la plus violente et la plus sanglante en Alg\u00e9rie"}]},{"@type":"WebSite","@id":"https:\/\/www.info-algerie.com\/actualites\/#website","url":"https:\/\/www.info-algerie.com\/actualites\/","name":"info algerie","description":"Toutes les actualit\u00e9s","publisher":{"@id":"https:\/\/www.info-algerie.com\/actualites\/#organization"},"potentialAction":[{"@type":"SearchAction","target":{"@type":"EntryPoint","urlTemplate":"https:\/\/www.info-algerie.com\/actualites\/?s={search_term_string}"},"query-input":{"@type":"PropertyValueSpecification","valueRequired":true,"valueName":"search_term_string"}}],"inLanguage":"fr-FR"},{"@type":"Organization","@id":"https:\/\/www.info-algerie.com\/actualites\/#organization","name":"info algerie","url":"https:\/\/www.info-algerie.com\/actualites\/","logo":{"@type":"ImageObject","inLanguage":"fr-FR","@id":"https:\/\/www.info-algerie.com\/actualites\/#\/schema\/logo\/image\/","url":"https:\/\/www.info-algerie.com\/actualites\/wp-content\/uploads\/2022\/07\/logo-ia-120.png","contentUrl":"https:\/\/www.info-algerie.com\/actualites\/wp-content\/uploads\/2022\/07\/logo-ia-120.png","width":120,"height":43,"caption":"info algerie"},"image":{"@id":"https:\/\/www.info-algerie.com\/actualites\/#\/schema\/logo\/image\/"},"sameAs":["https:\/\/www.facebook.com\/infoalgerieactu","https:\/\/x.com\/infoalgerie1"]},{"@type":"Person","@id":"https:\/\/www.info-algerie.com\/actualites\/#\/schema\/person\/847aaec44920825b843a08f30ec6aa1e","name":"La r\u00e9daction","image":{"@type":"ImageObject","inLanguage":"fr-FR","@id":"https:\/\/secure.gravatar.com\/avatar\/769db425c6f465158149f1ffd6cf61ce7a8a879d11dfbef8288af36dfddd418c?s=96&d=mm&r=g","url":"https:\/\/secure.gravatar.com\/avatar\/769db425c6f465158149f1ffd6cf61ce7a8a879d11dfbef8288af36dfddd418c?s=96&d=mm&r=g","contentUrl":"https:\/\/secure.gravatar.com\/avatar\/769db425c6f465158149f1ffd6cf61ce7a8a879d11dfbef8288af36dfddd418c?s=96&d=mm&r=g","caption":"La r\u00e9daction"},"sameAs":["http:\/\/www.lkeria.com\/"],"url":"https:\/\/www.info-algerie.com\/actualites\/author\/chakib32\/"}]}},"_links":{"self":[{"href":"https:\/\/www.info-algerie.com\/actualites\/wp-json\/wp\/v2\/posts\/16429","targetHints":{"allow":["GET"]}}],"collection":[{"href":"https:\/\/www.info-algerie.com\/actualites\/wp-json\/wp\/v2\/posts"}],"about":[{"href":"https:\/\/www.info-algerie.com\/actualites\/wp-json\/wp\/v2\/types\/post"}],"author":[{"embeddable":true,"href":"https:\/\/www.info-algerie.com\/actualites\/wp-json\/wp\/v2\/users\/6"}],"replies":[{"embeddable":true,"href":"https:\/\/www.info-algerie.com\/actualites\/wp-json\/wp\/v2\/comments?post=16429"}],"version-history":[{"count":0,"href":"https:\/\/www.info-algerie.com\/actualites\/wp-json\/wp\/v2\/posts\/16429\/revisions"}],"wp:featuredmedia":[{"embeddable":true,"href":"https:\/\/www.info-algerie.com\/actualites\/wp-json\/wp\/v2\/media\/16430"}],"wp:attachment":[{"href":"https:\/\/www.info-algerie.com\/actualites\/wp-json\/wp\/v2\/media?parent=16429"}],"wp:term":[{"taxonomy":"category","embeddable":true,"href":"https:\/\/www.info-algerie.com\/actualites\/wp-json\/wp\/v2\/categories?post=16429"},{"taxonomy":"post_tag","embeddable":true,"href":"https:\/\/www.info-algerie.com\/actualites\/wp-json\/wp\/v2\/tags?post=16429"}],"curies":[{"name":"wp","href":"https:\/\/api.w.org\/{rel}","templated":true}]}}