{"id":16431,"date":"2017-09-28T20:01:39","date_gmt":"2017-09-28T19:01:39","guid":{"rendered":"http:\/\/www.info-algerie.com\/actualites\/lalgerie-et-la-france-se-felicitent-de-la-qualite-de-la-cooperation-bilaterale-en-matiere-juridique-et-judiciaire\/"},"modified":"2017-09-28T20:01:39","modified_gmt":"2017-09-28T19:01:39","slug":"lalgerie-et-la-france-se-felicitent-de-la-qualite-de-la-cooperation-bilaterale-en-matiere-juridique-et-judiciaire","status":"publish","type":"post","link":"https:\/\/www.info-algerie.com\/actualites\/lalgerie-et-la-france-se-felicitent-de-la-qualite-de-la-cooperation-bilaterale-en-matiere-juridique-et-judiciaire\/","title":{"rendered":"L&#039;Alg\u00e9rie et la France se &quot;f\u00e9licitent&quot; de la qualit\u00e9 de la coop\u00e9ration bilat\u00e9rale en mati\u00e8re juridique et judiciaire"},"content":{"rendered":"<div class=\"K2FeedIntroText\">\n<p>ALGER- L&rsquo;Alg\u00e9rie et la France se sont \u00ab\u00a0f\u00e9licit\u00e9es\u00a0\u00bb de la qualit\u00e9 de la coop\u00e9ration bilat\u00e9rale, notamment en mati\u00e8re juridique et judiciaire, lors de l&rsquo;audience accord\u00e9e jeudi \u00e0 Alger par le ministre de la Justice, Garde des Sceaux, Tayeb Louh, \u00e0 l&rsquo;ambassadeur de France en Alg\u00e9rie, Xavier Driencourt, indique un communiqu\u00e9 du minist\u00e8re.<\/p>\n<p>&#013;\n<\/p><\/div>\n<div class=\"K2FeedFullText\">&#013;<\/p>\n<p>\u00ab\u00a0Les deux parties se sont f\u00e9licit\u00e9es de la qualit\u00e9 de la coop\u00e9ration bilat\u00e9rale notamment en mati\u00e8re juridique et judiciaire, et ont salu\u00e9 les efforts de coop\u00e9ration consentis en mati\u00e8re institutionnelle entre les deux minist\u00e8res de la Justice alg\u00e9rien et fran\u00e7ais\u00a0\u00bb, pr\u00e9cise la m\u00eame source, ajoutant que les deux parties ont pass\u00e9 en revue les diverses actions accomplies dans ce cadre, notamment \u00ab\u00a0le projet de convention d&rsquo;entraide judiciaire en mati\u00e8re p\u00e9nale sign\u00e9 par les deux ministres \u00e0 Paris le 5 octobre 2016 et qui vise \u00e0 renforcer l&rsquo;efficacit\u00e9 de l&rsquo;entraide judiciaire p\u00e9nale entre les deux pays\u00a0\u00bb.<\/p>\n<p>&#013;<\/p>\n<p>L&rsquo;entretien a \u00e9galement port\u00e9 sur le projet de convention sur l&rsquo;extradition lequel est en voie de finalisation et ont convenu de proc\u00e9der \u00e0 sa signature dans les meilleurs d\u00e9lais, ajoute le communiqu\u00e9 du minist\u00e8re.<\/p>\n<p>&#013;<\/p>\n<p>Les deux parties ont convenu de poursuivre la concertation et les n\u00e9gociations sur le projet de convention d&rsquo;entraide judiciaire en mati\u00e8re civile et commerciale en vue de parachever le dispositif conventionnel entre les deux parties, et ont aussi d\u00e9cid\u00e9 \u00ab\u00a0d&rsquo;intensifier\u00a0\u00bb les \u00e9changes d&rsquo;expertises notamment dans le domaine de la formation.<\/p>\n<p>&#013;<\/p>\n<p>\u00a0<\/p>\n<p>&#013;<\/p>\n<p>\u00a0<\/p>\n<\/div>\n<p>&#013;<br \/>\nSource: <a href=\"http:\/\/www.aps.dz\/algerie\/63400-l-algerie-et-la-france-se-felicitent-de-la-qualite-de-la-cooperation-bilaterale-en-matiere-juridique-et-judiciaire\" target=\"_blank\">L&rsquo;Alg\u00e9rie et la France se \u00ab\u00a0f\u00e9licitent\u00a0\u00bb de la qualit\u00e9 de la coop\u00e9ration bilat\u00e9rale en mati\u00e8re juridique et judiciaire<\/a><\/p>\n<!--CusAds0-->\n<div style=\"font-size: 0px; height: 0px; line-height: 0px; margin: 0; padding: 0; clear: both;\"><\/div>","protected":false},"excerpt":{"rendered":"<p>ALGER- L&rsquo;Alg\u00e9rie et la France se sont \u00ab\u00a0f\u00e9licit\u00e9es\u00a0\u00bb de la qualit\u00e9 de la coop\u00e9ration bilat\u00e9rale, notamment en mati\u00e8re juridique et judiciaire, lors de l&rsquo;audience accord\u00e9e jeudi \u00e0 Alger par le ministre de la Justice, Garde des Sceaux, Tayeb Louh, \u00e0 l&rsquo;ambassadeur de France en Alg\u00e9rie, Xavier Driencourt, indique un communiqu\u00e9 du minist\u00e8re. &#013; &#013; \u00ab\u00a0Les<\/p>\n","protected":false},"author":6,"featured_media":0,"comment_status":"open","ping_status":"open","sticky":false,"template":"","format":"standard","meta":{"footnotes":""},"categories":[22],"tags":[93],"class_list":["post-16431","post","type-post","status-publish","format-standard","hentry","category-infos","tag-onu"],"yoast_head":"<!-- This site is optimized with the Yoast SEO plugin v27.5 - https:\/\/yoast.com\/product\/yoast-seo-wordpress\/ -->\n<title>L&#039;Alg\u00e9rie et la France se &quot;f\u00e9licitent&quot; de la qualit\u00e9 de la coop\u00e9ration bilat\u00e9rale en mati\u00e8re juridique et judiciaire - info algerie<\/title>\n<meta name=\"robots\" content=\"index, follow, max-snippet:-1, max-image-preview:large, max-video-preview:-1\" \/>\n<link rel=\"canonical\" href=\"https:\/\/www.info-algerie.com\/actualites\/lalgerie-et-la-france-se-felicitent-de-la-qualite-de-la-cooperation-bilaterale-en-matiere-juridique-et-judiciaire\/\" \/>\n<meta property=\"og:locale\" content=\"fr_FR\" \/>\n<meta property=\"og:type\" content=\"article\" \/>\n<meta property=\"og:title\" content=\"L&#039;Alg\u00e9rie et la France se &quot;f\u00e9licitent&quot; de la qualit\u00e9 de la coop\u00e9ration bilat\u00e9rale en mati\u00e8re juridique et judiciaire - info algerie\" \/>\n<meta property=\"og:description\" content=\"ALGER- L&rsquo;Alg\u00e9rie et la France se sont \u00ab\u00a0f\u00e9licit\u00e9es\u00a0\u00bb de la qualit\u00e9 de la coop\u00e9ration bilat\u00e9rale, notamment en mati\u00e8re juridique et judiciaire, lors de l&rsquo;audience accord\u00e9e jeudi \u00e0 Alger par le ministre de la Justice, Garde des Sceaux, Tayeb Louh, \u00e0 l&rsquo;ambassadeur de France en Alg\u00e9rie, Xavier Driencourt, indique un communiqu\u00e9 du minist\u00e8re. &#013; &#013; \u00ab\u00a0Les\" \/>\n<meta property=\"og:url\" content=\"https:\/\/www.info-algerie.com\/actualites\/lalgerie-et-la-france-se-felicitent-de-la-qualite-de-la-cooperation-bilaterale-en-matiere-juridique-et-judiciaire\/\" \/>\n<meta property=\"og:site_name\" content=\"info algerie\" \/>\n<meta property=\"article:publisher\" content=\"https:\/\/www.facebook.com\/infoalgerieactu\" \/>\n<meta property=\"article:published_time\" content=\"2017-09-28T19:01:39+00:00\" \/>\n<meta name=\"author\" content=\"La r\u00e9daction\" \/>\n<meta name=\"twitter:label1\" content=\"\u00c9crit par\" \/>\n\t<meta name=\"twitter:data1\" content=\"La r\u00e9daction\" \/>\n\t<meta name=\"twitter:label2\" content=\"Dur\u00e9e de lecture estim\u00e9e\" \/>\n\t<meta name=\"twitter:data2\" content=\"1 minute\" \/>\n<script type=\"application\/ld+json\" class=\"yoast-schema-graph\">{\"@context\":\"https:\\\/\\\/schema.org\",\"@graph\":[{\"@type\":\"Article\",\"@id\":\"https:\\\/\\\/www.info-algerie.com\\\/actualites\\\/lalgerie-et-la-france-se-felicitent-de-la-qualite-de-la-cooperation-bilaterale-en-matiere-juridique-et-judiciaire\\\/#article\",\"isPartOf\":{\"@id\":\"https:\\\/\\\/www.info-algerie.com\\\/actualites\\\/lalgerie-et-la-france-se-felicitent-de-la-qualite-de-la-cooperation-bilaterale-en-matiere-juridique-et-judiciaire\\\/\"},\"author\":{\"name\":\"La r\u00e9daction\",\"@id\":\"https:\\\/\\\/www.info-algerie.com\\\/actualites\\\/#\\\/schema\\\/person\\\/847aaec44920825b843a08f30ec6aa1e\"},\"headline\":\"L&#039;Alg\u00e9rie et la France se &quot;f\u00e9licitent&quot; de la qualit\u00e9 de la coop\u00e9ration bilat\u00e9rale en mati\u00e8re juridique et judiciaire\",\"datePublished\":\"2017-09-28T19:01:39+00:00\",\"mainEntityOfPage\":{\"@id\":\"https:\\\/\\\/www.info-algerie.com\\\/actualites\\\/lalgerie-et-la-france-se-felicitent-de-la-qualite-de-la-cooperation-bilaterale-en-matiere-juridique-et-judiciaire\\\/\"},\"wordCount\":316,\"commentCount\":0,\"publisher\":{\"@id\":\"https:\\\/\\\/www.info-algerie.com\\\/actualites\\\/#organization\"},\"keywords\":[\"ONU\"],\"articleSection\":[\"infos\"],\"inLanguage\":\"fr-FR\",\"potentialAction\":[{\"@type\":\"CommentAction\",\"name\":\"Comment\",\"target\":[\"https:\\\/\\\/www.info-algerie.com\\\/actualites\\\/lalgerie-et-la-france-se-felicitent-de-la-qualite-de-la-cooperation-bilaterale-en-matiere-juridique-et-judiciaire\\\/#respond\"]}]},{\"@type\":\"WebPage\",\"@id\":\"https:\\\/\\\/www.info-algerie.com\\\/actualites\\\/lalgerie-et-la-france-se-felicitent-de-la-qualite-de-la-cooperation-bilaterale-en-matiere-juridique-et-judiciaire\\\/\",\"url\":\"https:\\\/\\\/www.info-algerie.com\\\/actualites\\\/lalgerie-et-la-france-se-felicitent-de-la-qualite-de-la-cooperation-bilaterale-en-matiere-juridique-et-judiciaire\\\/\",\"name\":\"L&#039;Alg\u00e9rie et la France se &quot;f\u00e9licitent&quot; de la qualit\u00e9 de la coop\u00e9ration bilat\u00e9rale en mati\u00e8re juridique et judiciaire - info algerie\",\"isPartOf\":{\"@id\":\"https:\\\/\\\/www.info-algerie.com\\\/actualites\\\/#website\"},\"datePublished\":\"2017-09-28T19:01:39+00:00\",\"breadcrumb\":{\"@id\":\"https:\\\/\\\/www.info-algerie.com\\\/actualites\\\/lalgerie-et-la-france-se-felicitent-de-la-qualite-de-la-cooperation-bilaterale-en-matiere-juridique-et-judiciaire\\\/#breadcrumb\"},\"inLanguage\":\"fr-FR\",\"potentialAction\":[{\"@type\":\"ReadAction\",\"target\":[\"https:\\\/\\\/www.info-algerie.com\\\/actualites\\\/lalgerie-et-la-france-se-felicitent-de-la-qualite-de-la-cooperation-bilaterale-en-matiere-juridique-et-judiciaire\\\/\"]}]},{\"@type\":\"BreadcrumbList\",\"@id\":\"https:\\\/\\\/www.info-algerie.com\\\/actualites\\\/lalgerie-et-la-france-se-felicitent-de-la-qualite-de-la-cooperation-bilaterale-en-matiere-juridique-et-judiciaire\\\/#breadcrumb\",\"itemListElement\":[{\"@type\":\"ListItem\",\"position\":1,\"name\":\"Accueil\",\"item\":\"https:\\\/\\\/www.info-algerie.com\\\/actualites\\\/\"},{\"@type\":\"ListItem\",\"position\":2,\"name\":\"L&#039;Alg\u00e9rie et la France se &quot;f\u00e9licitent&quot; de la qualit\u00e9 de la coop\u00e9ration bilat\u00e9rale en mati\u00e8re juridique et judiciaire\"}]},{\"@type\":\"WebSite\",\"@id\":\"https:\\\/\\\/www.info-algerie.com\\\/actualites\\\/#website\",\"url\":\"https:\\\/\\\/www.info-algerie.com\\\/actualites\\\/\",\"name\":\"info algerie\",\"description\":\"Toutes les actualit\u00e9s\",\"publisher\":{\"@id\":\"https:\\\/\\\/www.info-algerie.com\\\/actualites\\\/#organization\"},\"potentialAction\":[{\"@type\":\"SearchAction\",\"target\":{\"@type\":\"EntryPoint\",\"urlTemplate\":\"https:\\\/\\\/www.info-algerie.com\\\/actualites\\\/?s={search_term_string}\"},\"query-input\":{\"@type\":\"PropertyValueSpecification\",\"valueRequired\":true,\"valueName\":\"search_term_string\"}}],\"inLanguage\":\"fr-FR\"},{\"@type\":\"Organization\",\"@id\":\"https:\\\/\\\/www.info-algerie.com\\\/actualites\\\/#organization\",\"name\":\"info algerie\",\"url\":\"https:\\\/\\\/www.info-algerie.com\\\/actualites\\\/\",\"logo\":{\"@type\":\"ImageObject\",\"inLanguage\":\"fr-FR\",\"@id\":\"https:\\\/\\\/www.info-algerie.com\\\/actualites\\\/#\\\/schema\\\/logo\\\/image\\\/\",\"url\":\"https:\\\/\\\/www.info-algerie.com\\\/actualites\\\/wp-content\\\/uploads\\\/2022\\\/07\\\/logo-ia-120.png\",\"contentUrl\":\"https:\\\/\\\/www.info-algerie.com\\\/actualites\\\/wp-content\\\/uploads\\\/2022\\\/07\\\/logo-ia-120.png\",\"width\":120,\"height\":43,\"caption\":\"info algerie\"},\"image\":{\"@id\":\"https:\\\/\\\/www.info-algerie.com\\\/actualites\\\/#\\\/schema\\\/logo\\\/image\\\/\"},\"sameAs\":[\"https:\\\/\\\/www.facebook.com\\\/infoalgerieactu\",\"https:\\\/\\\/x.com\\\/infoalgerie1\"]},{\"@type\":\"Person\",\"@id\":\"https:\\\/\\\/www.info-algerie.com\\\/actualites\\\/#\\\/schema\\\/person\\\/847aaec44920825b843a08f30ec6aa1e\",\"name\":\"La r\u00e9daction\",\"image\":{\"@type\":\"ImageObject\",\"inLanguage\":\"fr-FR\",\"@id\":\"https:\\\/\\\/secure.gravatar.com\\\/avatar\\\/769db425c6f465158149f1ffd6cf61ce7a8a879d11dfbef8288af36dfddd418c?s=96&d=mm&r=g\",\"url\":\"https:\\\/\\\/secure.gravatar.com\\\/avatar\\\/769db425c6f465158149f1ffd6cf61ce7a8a879d11dfbef8288af36dfddd418c?s=96&d=mm&r=g\",\"contentUrl\":\"https:\\\/\\\/secure.gravatar.com\\\/avatar\\\/769db425c6f465158149f1ffd6cf61ce7a8a879d11dfbef8288af36dfddd418c?s=96&d=mm&r=g\",\"caption\":\"La r\u00e9daction\"},\"sameAs\":[\"http:\\\/\\\/www.lkeria.com\\\/\"],\"url\":\"https:\\\/\\\/www.info-algerie.com\\\/actualites\\\/author\\\/chakib32\\\/\"}]}<\/script>\n<!-- \/ Yoast SEO plugin. -->","yoast_head_json":{"title":"L&#039;Alg\u00e9rie et la France se &quot;f\u00e9licitent&quot; de la qualit\u00e9 de la coop\u00e9ration bilat\u00e9rale en mati\u00e8re juridique et judiciaire - info algerie","robots":{"index":"index","follow":"follow","max-snippet":"max-snippet:-1","max-image-preview":"max-image-preview:large","max-video-preview":"max-video-preview:-1"},"canonical":"https:\/\/www.info-algerie.com\/actualites\/lalgerie-et-la-france-se-felicitent-de-la-qualite-de-la-cooperation-bilaterale-en-matiere-juridique-et-judiciaire\/","og_locale":"fr_FR","og_type":"article","og_title":"L&#039;Alg\u00e9rie et la France se &quot;f\u00e9licitent&quot; de la qualit\u00e9 de la coop\u00e9ration bilat\u00e9rale en mati\u00e8re juridique et judiciaire - info algerie","og_description":"ALGER- L&rsquo;Alg\u00e9rie et la France se sont \u00ab\u00a0f\u00e9licit\u00e9es\u00a0\u00bb de la qualit\u00e9 de la coop\u00e9ration bilat\u00e9rale, notamment en mati\u00e8re juridique et judiciaire, lors de l&rsquo;audience accord\u00e9e jeudi \u00e0 Alger par le ministre de la Justice, Garde des Sceaux, Tayeb Louh, \u00e0 l&rsquo;ambassadeur de France en Alg\u00e9rie, Xavier Driencourt, indique un communiqu\u00e9 du minist\u00e8re. &#013; &#013; \u00ab\u00a0Les","og_url":"https:\/\/www.info-algerie.com\/actualites\/lalgerie-et-la-france-se-felicitent-de-la-qualite-de-la-cooperation-bilaterale-en-matiere-juridique-et-judiciaire\/","og_site_name":"info algerie","article_publisher":"https:\/\/www.facebook.com\/infoalgerieactu","article_published_time":"2017-09-28T19:01:39+00:00","author":"La r\u00e9daction","twitter_misc":{"\u00c9crit par":"La r\u00e9daction","Dur\u00e9e de lecture estim\u00e9e":"1 minute"},"schema":{"@context":"https:\/\/schema.org","@graph":[{"@type":"Article","@id":"https:\/\/www.info-algerie.com\/actualites\/lalgerie-et-la-france-se-felicitent-de-la-qualite-de-la-cooperation-bilaterale-en-matiere-juridique-et-judiciaire\/#article","isPartOf":{"@id":"https:\/\/www.info-algerie.com\/actualites\/lalgerie-et-la-france-se-felicitent-de-la-qualite-de-la-cooperation-bilaterale-en-matiere-juridique-et-judiciaire\/"},"author":{"name":"La r\u00e9daction","@id":"https:\/\/www.info-algerie.com\/actualites\/#\/schema\/person\/847aaec44920825b843a08f30ec6aa1e"},"headline":"L&#039;Alg\u00e9rie et la France se &quot;f\u00e9licitent&quot; de la qualit\u00e9 de la coop\u00e9ration bilat\u00e9rale en mati\u00e8re juridique et judiciaire","datePublished":"2017-09-28T19:01:39+00:00","mainEntityOfPage":{"@id":"https:\/\/www.info-algerie.com\/actualites\/lalgerie-et-la-france-se-felicitent-de-la-qualite-de-la-cooperation-bilaterale-en-matiere-juridique-et-judiciaire\/"},"wordCount":316,"commentCount":0,"publisher":{"@id":"https:\/\/www.info-algerie.com\/actualites\/#organization"},"keywords":["ONU"],"articleSection":["infos"],"inLanguage":"fr-FR","potentialAction":[{"@type":"CommentAction","name":"Comment","target":["https:\/\/www.info-algerie.com\/actualites\/lalgerie-et-la-france-se-felicitent-de-la-qualite-de-la-cooperation-bilaterale-en-matiere-juridique-et-judiciaire\/#respond"]}]},{"@type":"WebPage","@id":"https:\/\/www.info-algerie.com\/actualites\/lalgerie-et-la-france-se-felicitent-de-la-qualite-de-la-cooperation-bilaterale-en-matiere-juridique-et-judiciaire\/","url":"https:\/\/www.info-algerie.com\/actualites\/lalgerie-et-la-france-se-felicitent-de-la-qualite-de-la-cooperation-bilaterale-en-matiere-juridique-et-judiciaire\/","name":"L&#039;Alg\u00e9rie et la France se &quot;f\u00e9licitent&quot; de la qualit\u00e9 de la coop\u00e9ration bilat\u00e9rale en mati\u00e8re juridique et judiciaire - info algerie","isPartOf":{"@id":"https:\/\/www.info-algerie.com\/actualites\/#website"},"datePublished":"2017-09-28T19:01:39+00:00","breadcrumb":{"@id":"https:\/\/www.info-algerie.com\/actualites\/lalgerie-et-la-france-se-felicitent-de-la-qualite-de-la-cooperation-bilaterale-en-matiere-juridique-et-judiciaire\/#breadcrumb"},"inLanguage":"fr-FR","potentialAction":[{"@type":"ReadAction","target":["https:\/\/www.info-algerie.com\/actualites\/lalgerie-et-la-france-se-felicitent-de-la-qualite-de-la-cooperation-bilaterale-en-matiere-juridique-et-judiciaire\/"]}]},{"@type":"BreadcrumbList","@id":"https:\/\/www.info-algerie.com\/actualites\/lalgerie-et-la-france-se-felicitent-de-la-qualite-de-la-cooperation-bilaterale-en-matiere-juridique-et-judiciaire\/#breadcrumb","itemListElement":[{"@type":"ListItem","position":1,"name":"Accueil","item":"https:\/\/www.info-algerie.com\/actualites\/"},{"@type":"ListItem","position":2,"name":"L&#039;Alg\u00e9rie et la France se &quot;f\u00e9licitent&quot; de la qualit\u00e9 de la coop\u00e9ration bilat\u00e9rale en mati\u00e8re juridique et judiciaire"}]},{"@type":"WebSite","@id":"https:\/\/www.info-algerie.com\/actualites\/#website","url":"https:\/\/www.info-algerie.com\/actualites\/","name":"info algerie","description":"Toutes les actualit\u00e9s","publisher":{"@id":"https:\/\/www.info-algerie.com\/actualites\/#organization"},"potentialAction":[{"@type":"SearchAction","target":{"@type":"EntryPoint","urlTemplate":"https:\/\/www.info-algerie.com\/actualites\/?s={search_term_string}"},"query-input":{"@type":"PropertyValueSpecification","valueRequired":true,"valueName":"search_term_string"}}],"inLanguage":"fr-FR"},{"@type":"Organization","@id":"https:\/\/www.info-algerie.com\/actualites\/#organization","name":"info algerie","url":"https:\/\/www.info-algerie.com\/actualites\/","logo":{"@type":"ImageObject","inLanguage":"fr-FR","@id":"https:\/\/www.info-algerie.com\/actualites\/#\/schema\/logo\/image\/","url":"https:\/\/www.info-algerie.com\/actualites\/wp-content\/uploads\/2022\/07\/logo-ia-120.png","contentUrl":"https:\/\/www.info-algerie.com\/actualites\/wp-content\/uploads\/2022\/07\/logo-ia-120.png","width":120,"height":43,"caption":"info algerie"},"image":{"@id":"https:\/\/www.info-algerie.com\/actualites\/#\/schema\/logo\/image\/"},"sameAs":["https:\/\/www.facebook.com\/infoalgerieactu","https:\/\/x.com\/infoalgerie1"]},{"@type":"Person","@id":"https:\/\/www.info-algerie.com\/actualites\/#\/schema\/person\/847aaec44920825b843a08f30ec6aa1e","name":"La r\u00e9daction","image":{"@type":"ImageObject","inLanguage":"fr-FR","@id":"https:\/\/secure.gravatar.com\/avatar\/769db425c6f465158149f1ffd6cf61ce7a8a879d11dfbef8288af36dfddd418c?s=96&d=mm&r=g","url":"https:\/\/secure.gravatar.com\/avatar\/769db425c6f465158149f1ffd6cf61ce7a8a879d11dfbef8288af36dfddd418c?s=96&d=mm&r=g","contentUrl":"https:\/\/secure.gravatar.com\/avatar\/769db425c6f465158149f1ffd6cf61ce7a8a879d11dfbef8288af36dfddd418c?s=96&d=mm&r=g","caption":"La r\u00e9daction"},"sameAs":["http:\/\/www.lkeria.com\/"],"url":"https:\/\/www.info-algerie.com\/actualites\/author\/chakib32\/"}]}},"_links":{"self":[{"href":"https:\/\/www.info-algerie.com\/actualites\/wp-json\/wp\/v2\/posts\/16431","targetHints":{"allow":["GET"]}}],"collection":[{"href":"https:\/\/www.info-algerie.com\/actualites\/wp-json\/wp\/v2\/posts"}],"about":[{"href":"https:\/\/www.info-algerie.com\/actualites\/wp-json\/wp\/v2\/types\/post"}],"author":[{"embeddable":true,"href":"https:\/\/www.info-algerie.com\/actualites\/wp-json\/wp\/v2\/users\/6"}],"replies":[{"embeddable":true,"href":"https:\/\/www.info-algerie.com\/actualites\/wp-json\/wp\/v2\/comments?post=16431"}],"version-history":[{"count":0,"href":"https:\/\/www.info-algerie.com\/actualites\/wp-json\/wp\/v2\/posts\/16431\/revisions"}],"wp:attachment":[{"href":"https:\/\/www.info-algerie.com\/actualites\/wp-json\/wp\/v2\/media?parent=16431"}],"wp:term":[{"taxonomy":"category","embeddable":true,"href":"https:\/\/www.info-algerie.com\/actualites\/wp-json\/wp\/v2\/categories?post=16431"},{"taxonomy":"post_tag","embeddable":true,"href":"https:\/\/www.info-algerie.com\/actualites\/wp-json\/wp\/v2\/tags?post=16431"}],"curies":[{"name":"wp","href":"https:\/\/api.w.org\/{rel}","templated":true}]}}