{"id":16445,"date":"2017-09-29T17:47:01","date_gmt":"2017-09-29T16:47:01","guid":{"rendered":"http:\/\/www.info-algerie.com\/actualites\/linclusion-du-sahara-occidental-dans-les-accords-ue-maroc-constitue-une-violation-du-droit-international-et-europeen\/"},"modified":"2017-09-29T17:47:01","modified_gmt":"2017-09-29T16:47:01","slug":"linclusion-du-sahara-occidental-dans-les-accords-ue-maroc-constitue-une-violation-du-droit-international-et-europeen","status":"publish","type":"post","link":"https:\/\/www.info-algerie.com\/actualites\/linclusion-du-sahara-occidental-dans-les-accords-ue-maroc-constitue-une-violation-du-droit-international-et-europeen\/","title":{"rendered":"L&#039;inclusion du Sahara occidental dans les accords UE-Maroc constitue une violation du droit international et europ\u00e9en"},"content":{"rendered":"<div class=\"K2FeedImage\"><img decoding=\"async\" src=\"https:\/\/www.info-algerie.com\/actualites\/wp-content\/uploads\/2017\/09\/84be3ccd65c3f92446b5e877047ba065_S.jpg\" alt=\"L'inclusion du Sahara occidental dans les accords UE-Maroc constitue une violation du droit international et europ&#xE9;en\" \/><\/div>\n<div class=\"K2FeedIntroText\">\n<p>BRUXELLES-La conclusion d&rsquo;un accord additionnel aux\u00a0 accords d&rsquo;association et de lib\u00e9ralisation UE-Maroc pour inclure les produits provenant du Sahara occidental occup\u00e9 constitue une \u00ab\u00a0violation\u00a0\u00bb de la d\u00e9cision de la Cour europ\u00e9enne de justice (CJUE) et des principes fondamentaux du droit international, ont averti les activistes sahraouis Hasna Aba Moulay et Dahi Al Bachir.<\/p>\n<p>&#013;\n<\/p><\/div>\n<div class=\"K2FeedFullText\">&#013;<\/p>\n<p>\u00ab\u00a0Tout futur accord entre l&rsquo;UE et le Maroc doit respecter le droit international, y compris les dispositions contenues dans la d\u00e9cision de la Cour de justice de l\u2019UE concernant le Sahara occidental\u00a0\u00bb, ont-ils affirm\u00e9 lors d&rsquo;une tourn\u00e9e de sensibilisation sur la situation du peuple sahraoui \u00e0 Bruxelles o\u00f9 ils se sont entretenus avec plusieurs responsables europ\u00e9ens et repr\u00e9sentants d&rsquo;Etats membres aupr\u00e8s de l&rsquo;UE.<\/p>\n<p>&#013;<\/p>\n<p>Ces activistes rejettent toutes les all\u00e9gations selon lesquelles l&rsquo;exploitation des richesses naturelles du Sahara occidental par le Maroc sert les int\u00e9r\u00eats du peuple sahraoui qui continue \u00e0 vivre sous occupation marocaine.<\/p>\n<p>&#013;<\/p>\n<p>\u00ab\u00a0Seul le Front Polisario, repr\u00e9sentant l\u00e9gitime du peuple sahraoui, est habilit\u00e9 \u00e0 s&rsquo;exprimer en son nom\u00a0\u00bb, a soulign\u00e9 l&rsquo;activiste sahraoui Hasna Aba Moulay.<\/p>\n<p>&#013;<\/p>\n<p>Pour l&rsquo;activiste Dahi Al Bachir, la conclusion d&rsquo;un tel accord UE-Maroc constitue \u00ab\u00a0un soutien \u00e0 l&rsquo;occupant marocain et \u00e0 son plan d&rsquo;expansionnisme men\u00e9 au d\u00e9triment du peuple sahraoui\u00a0\u00bb, tenant l&rsquo;UE pour responsable des \u00ab\u00a0graves violations des droits de l&rsquo;homme\u00a0\u00bb au Sahara occidental occup\u00e9.<\/p>\n<p>&#013;<\/p>\n<p>Dahi Al Bachir consid\u00e8re que le r\u00e9examen de l&rsquo;accord commercial controvers\u00e9 UE-Maroc afin d&rsquo;inclure les produits provenant du territoire occup\u00e9 du Sahara Occidental \u00ab\u00a0contredit la politique de longue date de l&rsquo;Union sur le Sahara occidental et l&rsquo;arr\u00eat de la CJUE\u00a0\u00bb et \u00ab\u00a0viole les dispositions pertinentes du droit international\u00a0\u00bb.<\/p>\n<p>&#013;<\/p>\n<p>La Cour de justice de l\u2019UE avait jug\u00e9 le 21 d\u00e9cembre 2016 que l\u2019accord\u00a0 d\u2019association UE-Maroc, et par cons\u00e9quent l\u2019accord en mati\u00e8re de produits agricoles et de p\u00eache, n\u2019\u00e9taient pas applicable au territoire du Sahara occidental.<\/p>\n<p>&#013;<\/p>\n<p>La Cour avait notamment constat\u00e9 que l\u2019approbation du peuple sahraoui est requise pour la conclusion d\u2019un accord qui comprenne le Sahara occidental, et qu\u2019il n\u2019y avait pas de telle approbation.<\/p>\n<p>&#013;<\/p>\n<p>En effet, dans son arr\u00eat, la CJUE reconna\u00eet au peuple sahraoui le droit d\u2019\u00eatre reconnu comme un tiers susceptible d\u2019\u00eatre affect\u00e9 par la mise en oeuvre des accords UE-Maroc, qui doit ainsi donner son consentement quant \u00e0 l\u2019exploitation et \u00e0 l\u2019exportation de biens en provenance de son territoire.<\/p>\n<p>&#013;<\/p>\n<p>Les activistes sahraouis ont profit\u00e9 de leur visite \u00e0 Bruxelles pour d\u00e9noncer les violations des droits de l&rsquo;homme et les manoeuvres visant \u00e0 permettre la poursuite de l&rsquo;occupation du Sahara occidental, ainsi que les op\u00e9rations du \u00ab\u00a0pillage continue\u00a0\u00bb de ses richesses naturelles.<\/p>\n<\/div>\n<p>&#013;<br \/>\nSource: <a href=\"http:\/\/www.aps.dz\/algerie\/63414-l-inclusion-du-sahara-occidental-dans-les-accords-ue-maroc-constitue-une-violation-du-droit-international-et-europeen\" target=\"_blank\">L&rsquo;inclusion du Sahara occidental dans les accords UE-Maroc constitue une violation du droit international et europ\u00e9en<\/a><\/p>\n<!--CusAds0-->\n<div style=\"font-size: 0px; height: 0px; line-height: 0px; margin: 0; padding: 0; clear: both;\"><\/div>","protected":false},"excerpt":{"rendered":"<p>BRUXELLES-La conclusion d&rsquo;un accord additionnel aux\u00a0 accords d&rsquo;association et de lib\u00e9ralisation UE-Maroc pour inclure les produits provenant du Sahara occidental occup\u00e9 constitue une \u00ab\u00a0violation\u00a0\u00bb de la d\u00e9cision de la Cour europ\u00e9enne de justice (CJUE) et des principes fondamentaux du droit international, ont averti les activistes sahraouis Hasna Aba Moulay et Dahi Al Bachir. &#013; &#013;<\/p>\n","protected":false},"author":6,"featured_media":16446,"comment_status":"open","ping_status":"open","sticky":false,"template":"","format":"standard","meta":{"footnotes":""},"categories":[22],"tags":[93],"class_list":["post-16445","post","type-post","status-publish","format-standard","has-post-thumbnail","hentry","category-infos","tag-onu"],"yoast_head":"<!-- This site is optimized with the Yoast SEO plugin v27.5 - https:\/\/yoast.com\/product\/yoast-seo-wordpress\/ -->\n<title>L&#039;inclusion du Sahara occidental dans les accords UE-Maroc constitue une violation du droit international et europ\u00e9en - info algerie<\/title>\n<meta name=\"robots\" content=\"index, follow, max-snippet:-1, max-image-preview:large, max-video-preview:-1\" \/>\n<link rel=\"canonical\" href=\"https:\/\/www.info-algerie.com\/actualites\/linclusion-du-sahara-occidental-dans-les-accords-ue-maroc-constitue-une-violation-du-droit-international-et-europeen\/\" \/>\n<meta property=\"og:locale\" content=\"fr_FR\" \/>\n<meta property=\"og:type\" content=\"article\" \/>\n<meta property=\"og:title\" content=\"L&#039;inclusion du Sahara occidental dans les accords UE-Maroc constitue une violation du droit international et europ\u00e9en - info algerie\" \/>\n<meta property=\"og:description\" content=\"BRUXELLES-La conclusion d&rsquo;un accord additionnel aux\u00a0 accords d&rsquo;association et de lib\u00e9ralisation UE-Maroc pour inclure les produits provenant du Sahara occidental occup\u00e9 constitue une \u00ab\u00a0violation\u00a0\u00bb de la d\u00e9cision de la Cour europ\u00e9enne de justice (CJUE) et des principes fondamentaux du droit international, ont averti les activistes sahraouis Hasna Aba Moulay et Dahi Al Bachir. &#013; &#013;\" \/>\n<meta property=\"og:url\" content=\"https:\/\/www.info-algerie.com\/actualites\/linclusion-du-sahara-occidental-dans-les-accords-ue-maroc-constitue-une-violation-du-droit-international-et-europeen\/\" \/>\n<meta property=\"og:site_name\" content=\"info algerie\" \/>\n<meta property=\"article:publisher\" content=\"https:\/\/www.facebook.com\/infoalgerieactu\" \/>\n<meta property=\"article:published_time\" content=\"2017-09-29T16:47:01+00:00\" \/>\n<meta property=\"og:image\" content=\"https:\/\/www.info-algerie.com\/actualites\/wp-content\/uploads\/2017\/09\/84be3ccd65c3f92446b5e877047ba065_S-1.jpg\" \/>\n\t<meta property=\"og:image:width\" content=\"280\" \/>\n\t<meta property=\"og:image:height\" content=\"158\" \/>\n\t<meta property=\"og:image:type\" content=\"image\/jpeg\" \/>\n<meta name=\"author\" content=\"La r\u00e9daction\" \/>\n<meta name=\"twitter:label1\" content=\"\u00c9crit par\" \/>\n\t<meta name=\"twitter:data1\" content=\"La r\u00e9daction\" \/>\n\t<meta name=\"twitter:label2\" content=\"Dur\u00e9e de lecture estim\u00e9e\" \/>\n\t<meta name=\"twitter:data2\" content=\"2 minutes\" \/>\n<script type=\"application\/ld+json\" class=\"yoast-schema-graph\">{\"@context\":\"https:\\\/\\\/schema.org\",\"@graph\":[{\"@type\":\"Article\",\"@id\":\"https:\\\/\\\/www.info-algerie.com\\\/actualites\\\/linclusion-du-sahara-occidental-dans-les-accords-ue-maroc-constitue-une-violation-du-droit-international-et-europeen\\\/#article\",\"isPartOf\":{\"@id\":\"https:\\\/\\\/www.info-algerie.com\\\/actualites\\\/linclusion-du-sahara-occidental-dans-les-accords-ue-maroc-constitue-une-violation-du-droit-international-et-europeen\\\/\"},\"author\":{\"name\":\"La r\u00e9daction\",\"@id\":\"https:\\\/\\\/www.info-algerie.com\\\/actualites\\\/#\\\/schema\\\/person\\\/847aaec44920825b843a08f30ec6aa1e\"},\"headline\":\"L&#039;inclusion du Sahara occidental dans les accords UE-Maroc constitue une violation du droit international et europ\u00e9en\",\"datePublished\":\"2017-09-29T16:47:01+00:00\",\"mainEntityOfPage\":{\"@id\":\"https:\\\/\\\/www.info-algerie.com\\\/actualites\\\/linclusion-du-sahara-occidental-dans-les-accords-ue-maroc-constitue-une-violation-du-droit-international-et-europeen\\\/\"},\"wordCount\":503,\"commentCount\":0,\"publisher\":{\"@id\":\"https:\\\/\\\/www.info-algerie.com\\\/actualites\\\/#organization\"},\"image\":{\"@id\":\"https:\\\/\\\/www.info-algerie.com\\\/actualites\\\/linclusion-du-sahara-occidental-dans-les-accords-ue-maroc-constitue-une-violation-du-droit-international-et-europeen\\\/#primaryimage\"},\"thumbnailUrl\":\"https:\\\/\\\/www.info-algerie.com\\\/actualites\\\/wp-content\\\/uploads\\\/2017\\\/09\\\/84be3ccd65c3f92446b5e877047ba065_S-1.jpg\",\"keywords\":[\"ONU\"],\"articleSection\":[\"infos\"],\"inLanguage\":\"fr-FR\",\"potentialAction\":[{\"@type\":\"CommentAction\",\"name\":\"Comment\",\"target\":[\"https:\\\/\\\/www.info-algerie.com\\\/actualites\\\/linclusion-du-sahara-occidental-dans-les-accords-ue-maroc-constitue-une-violation-du-droit-international-et-europeen\\\/#respond\"]}]},{\"@type\":\"WebPage\",\"@id\":\"https:\\\/\\\/www.info-algerie.com\\\/actualites\\\/linclusion-du-sahara-occidental-dans-les-accords-ue-maroc-constitue-une-violation-du-droit-international-et-europeen\\\/\",\"url\":\"https:\\\/\\\/www.info-algerie.com\\\/actualites\\\/linclusion-du-sahara-occidental-dans-les-accords-ue-maroc-constitue-une-violation-du-droit-international-et-europeen\\\/\",\"name\":\"L&#039;inclusion du Sahara occidental dans les accords UE-Maroc constitue une violation du droit international et europ\u00e9en - info algerie\",\"isPartOf\":{\"@id\":\"https:\\\/\\\/www.info-algerie.com\\\/actualites\\\/#website\"},\"primaryImageOfPage\":{\"@id\":\"https:\\\/\\\/www.info-algerie.com\\\/actualites\\\/linclusion-du-sahara-occidental-dans-les-accords-ue-maroc-constitue-une-violation-du-droit-international-et-europeen\\\/#primaryimage\"},\"image\":{\"@id\":\"https:\\\/\\\/www.info-algerie.com\\\/actualites\\\/linclusion-du-sahara-occidental-dans-les-accords-ue-maroc-constitue-une-violation-du-droit-international-et-europeen\\\/#primaryimage\"},\"thumbnailUrl\":\"https:\\\/\\\/www.info-algerie.com\\\/actualites\\\/wp-content\\\/uploads\\\/2017\\\/09\\\/84be3ccd65c3f92446b5e877047ba065_S-1.jpg\",\"datePublished\":\"2017-09-29T16:47:01+00:00\",\"breadcrumb\":{\"@id\":\"https:\\\/\\\/www.info-algerie.com\\\/actualites\\\/linclusion-du-sahara-occidental-dans-les-accords-ue-maroc-constitue-une-violation-du-droit-international-et-europeen\\\/#breadcrumb\"},\"inLanguage\":\"fr-FR\",\"potentialAction\":[{\"@type\":\"ReadAction\",\"target\":[\"https:\\\/\\\/www.info-algerie.com\\\/actualites\\\/linclusion-du-sahara-occidental-dans-les-accords-ue-maroc-constitue-une-violation-du-droit-international-et-europeen\\\/\"]}]},{\"@type\":\"ImageObject\",\"inLanguage\":\"fr-FR\",\"@id\":\"https:\\\/\\\/www.info-algerie.com\\\/actualites\\\/linclusion-du-sahara-occidental-dans-les-accords-ue-maroc-constitue-une-violation-du-droit-international-et-europeen\\\/#primaryimage\",\"url\":\"https:\\\/\\\/www.info-algerie.com\\\/actualites\\\/wp-content\\\/uploads\\\/2017\\\/09\\\/84be3ccd65c3f92446b5e877047ba065_S-1.jpg\",\"contentUrl\":\"https:\\\/\\\/www.info-algerie.com\\\/actualites\\\/wp-content\\\/uploads\\\/2017\\\/09\\\/84be3ccd65c3f92446b5e877047ba065_S-1.jpg\",\"width\":280,\"height\":158},{\"@type\":\"BreadcrumbList\",\"@id\":\"https:\\\/\\\/www.info-algerie.com\\\/actualites\\\/linclusion-du-sahara-occidental-dans-les-accords-ue-maroc-constitue-une-violation-du-droit-international-et-europeen\\\/#breadcrumb\",\"itemListElement\":[{\"@type\":\"ListItem\",\"position\":1,\"name\":\"Accueil\",\"item\":\"https:\\\/\\\/www.info-algerie.com\\\/actualites\\\/\"},{\"@type\":\"ListItem\",\"position\":2,\"name\":\"L&#039;inclusion du Sahara occidental dans les accords UE-Maroc constitue une violation du droit international et europ\u00e9en\"}]},{\"@type\":\"WebSite\",\"@id\":\"https:\\\/\\\/www.info-algerie.com\\\/actualites\\\/#website\",\"url\":\"https:\\\/\\\/www.info-algerie.com\\\/actualites\\\/\",\"name\":\"info algerie\",\"description\":\"Toutes les actualit\u00e9s\",\"publisher\":{\"@id\":\"https:\\\/\\\/www.info-algerie.com\\\/actualites\\\/#organization\"},\"potentialAction\":[{\"@type\":\"SearchAction\",\"target\":{\"@type\":\"EntryPoint\",\"urlTemplate\":\"https:\\\/\\\/www.info-algerie.com\\\/actualites\\\/?s={search_term_string}\"},\"query-input\":{\"@type\":\"PropertyValueSpecification\",\"valueRequired\":true,\"valueName\":\"search_term_string\"}}],\"inLanguage\":\"fr-FR\"},{\"@type\":\"Organization\",\"@id\":\"https:\\\/\\\/www.info-algerie.com\\\/actualites\\\/#organization\",\"name\":\"info algerie\",\"url\":\"https:\\\/\\\/www.info-algerie.com\\\/actualites\\\/\",\"logo\":{\"@type\":\"ImageObject\",\"inLanguage\":\"fr-FR\",\"@id\":\"https:\\\/\\\/www.info-algerie.com\\\/actualites\\\/#\\\/schema\\\/logo\\\/image\\\/\",\"url\":\"https:\\\/\\\/www.info-algerie.com\\\/actualites\\\/wp-content\\\/uploads\\\/2022\\\/07\\\/logo-ia-120.png\",\"contentUrl\":\"https:\\\/\\\/www.info-algerie.com\\\/actualites\\\/wp-content\\\/uploads\\\/2022\\\/07\\\/logo-ia-120.png\",\"width\":120,\"height\":43,\"caption\":\"info algerie\"},\"image\":{\"@id\":\"https:\\\/\\\/www.info-algerie.com\\\/actualites\\\/#\\\/schema\\\/logo\\\/image\\\/\"},\"sameAs\":[\"https:\\\/\\\/www.facebook.com\\\/infoalgerieactu\",\"https:\\\/\\\/x.com\\\/infoalgerie1\"]},{\"@type\":\"Person\",\"@id\":\"https:\\\/\\\/www.info-algerie.com\\\/actualites\\\/#\\\/schema\\\/person\\\/847aaec44920825b843a08f30ec6aa1e\",\"name\":\"La r\u00e9daction\",\"image\":{\"@type\":\"ImageObject\",\"inLanguage\":\"fr-FR\",\"@id\":\"https:\\\/\\\/secure.gravatar.com\\\/avatar\\\/769db425c6f465158149f1ffd6cf61ce7a8a879d11dfbef8288af36dfddd418c?s=96&d=mm&r=g\",\"url\":\"https:\\\/\\\/secure.gravatar.com\\\/avatar\\\/769db425c6f465158149f1ffd6cf61ce7a8a879d11dfbef8288af36dfddd418c?s=96&d=mm&r=g\",\"contentUrl\":\"https:\\\/\\\/secure.gravatar.com\\\/avatar\\\/769db425c6f465158149f1ffd6cf61ce7a8a879d11dfbef8288af36dfddd418c?s=96&d=mm&r=g\",\"caption\":\"La r\u00e9daction\"},\"sameAs\":[\"http:\\\/\\\/www.lkeria.com\\\/\"],\"url\":\"https:\\\/\\\/www.info-algerie.com\\\/actualites\\\/author\\\/chakib32\\\/\"}]}<\/script>\n<!-- \/ Yoast SEO plugin. -->","yoast_head_json":{"title":"L&#039;inclusion du Sahara occidental dans les accords UE-Maroc constitue une violation du droit international et europ\u00e9en - info algerie","robots":{"index":"index","follow":"follow","max-snippet":"max-snippet:-1","max-image-preview":"max-image-preview:large","max-video-preview":"max-video-preview:-1"},"canonical":"https:\/\/www.info-algerie.com\/actualites\/linclusion-du-sahara-occidental-dans-les-accords-ue-maroc-constitue-une-violation-du-droit-international-et-europeen\/","og_locale":"fr_FR","og_type":"article","og_title":"L&#039;inclusion du Sahara occidental dans les accords UE-Maroc constitue une violation du droit international et europ\u00e9en - info algerie","og_description":"BRUXELLES-La conclusion d&rsquo;un accord additionnel aux\u00a0 accords d&rsquo;association et de lib\u00e9ralisation UE-Maroc pour inclure les produits provenant du Sahara occidental occup\u00e9 constitue une \u00ab\u00a0violation\u00a0\u00bb de la d\u00e9cision de la Cour europ\u00e9enne de justice (CJUE) et des principes fondamentaux du droit international, ont averti les activistes sahraouis Hasna Aba Moulay et Dahi Al Bachir. &#013; &#013;","og_url":"https:\/\/www.info-algerie.com\/actualites\/linclusion-du-sahara-occidental-dans-les-accords-ue-maroc-constitue-une-violation-du-droit-international-et-europeen\/","og_site_name":"info algerie","article_publisher":"https:\/\/www.facebook.com\/infoalgerieactu","article_published_time":"2017-09-29T16:47:01+00:00","og_image":[{"width":280,"height":158,"url":"https:\/\/www.info-algerie.com\/actualites\/wp-content\/uploads\/2017\/09\/84be3ccd65c3f92446b5e877047ba065_S-1.jpg","type":"image\/jpeg"}],"author":"La r\u00e9daction","twitter_misc":{"\u00c9crit par":"La r\u00e9daction","Dur\u00e9e de lecture estim\u00e9e":"2 minutes"},"schema":{"@context":"https:\/\/schema.org","@graph":[{"@type":"Article","@id":"https:\/\/www.info-algerie.com\/actualites\/linclusion-du-sahara-occidental-dans-les-accords-ue-maroc-constitue-une-violation-du-droit-international-et-europeen\/#article","isPartOf":{"@id":"https:\/\/www.info-algerie.com\/actualites\/linclusion-du-sahara-occidental-dans-les-accords-ue-maroc-constitue-une-violation-du-droit-international-et-europeen\/"},"author":{"name":"La r\u00e9daction","@id":"https:\/\/www.info-algerie.com\/actualites\/#\/schema\/person\/847aaec44920825b843a08f30ec6aa1e"},"headline":"L&#039;inclusion du Sahara occidental dans les accords UE-Maroc constitue une violation du droit international et europ\u00e9en","datePublished":"2017-09-29T16:47:01+00:00","mainEntityOfPage":{"@id":"https:\/\/www.info-algerie.com\/actualites\/linclusion-du-sahara-occidental-dans-les-accords-ue-maroc-constitue-une-violation-du-droit-international-et-europeen\/"},"wordCount":503,"commentCount":0,"publisher":{"@id":"https:\/\/www.info-algerie.com\/actualites\/#organization"},"image":{"@id":"https:\/\/www.info-algerie.com\/actualites\/linclusion-du-sahara-occidental-dans-les-accords-ue-maroc-constitue-une-violation-du-droit-international-et-europeen\/#primaryimage"},"thumbnailUrl":"https:\/\/www.info-algerie.com\/actualites\/wp-content\/uploads\/2017\/09\/84be3ccd65c3f92446b5e877047ba065_S-1.jpg","keywords":["ONU"],"articleSection":["infos"],"inLanguage":"fr-FR","potentialAction":[{"@type":"CommentAction","name":"Comment","target":["https:\/\/www.info-algerie.com\/actualites\/linclusion-du-sahara-occidental-dans-les-accords-ue-maroc-constitue-une-violation-du-droit-international-et-europeen\/#respond"]}]},{"@type":"WebPage","@id":"https:\/\/www.info-algerie.com\/actualites\/linclusion-du-sahara-occidental-dans-les-accords-ue-maroc-constitue-une-violation-du-droit-international-et-europeen\/","url":"https:\/\/www.info-algerie.com\/actualites\/linclusion-du-sahara-occidental-dans-les-accords-ue-maroc-constitue-une-violation-du-droit-international-et-europeen\/","name":"L&#039;inclusion du Sahara occidental dans les accords UE-Maroc constitue une violation du droit international et europ\u00e9en - info algerie","isPartOf":{"@id":"https:\/\/www.info-algerie.com\/actualites\/#website"},"primaryImageOfPage":{"@id":"https:\/\/www.info-algerie.com\/actualites\/linclusion-du-sahara-occidental-dans-les-accords-ue-maroc-constitue-une-violation-du-droit-international-et-europeen\/#primaryimage"},"image":{"@id":"https:\/\/www.info-algerie.com\/actualites\/linclusion-du-sahara-occidental-dans-les-accords-ue-maroc-constitue-une-violation-du-droit-international-et-europeen\/#primaryimage"},"thumbnailUrl":"https:\/\/www.info-algerie.com\/actualites\/wp-content\/uploads\/2017\/09\/84be3ccd65c3f92446b5e877047ba065_S-1.jpg","datePublished":"2017-09-29T16:47:01+00:00","breadcrumb":{"@id":"https:\/\/www.info-algerie.com\/actualites\/linclusion-du-sahara-occidental-dans-les-accords-ue-maroc-constitue-une-violation-du-droit-international-et-europeen\/#breadcrumb"},"inLanguage":"fr-FR","potentialAction":[{"@type":"ReadAction","target":["https:\/\/www.info-algerie.com\/actualites\/linclusion-du-sahara-occidental-dans-les-accords-ue-maroc-constitue-une-violation-du-droit-international-et-europeen\/"]}]},{"@type":"ImageObject","inLanguage":"fr-FR","@id":"https:\/\/www.info-algerie.com\/actualites\/linclusion-du-sahara-occidental-dans-les-accords-ue-maroc-constitue-une-violation-du-droit-international-et-europeen\/#primaryimage","url":"https:\/\/www.info-algerie.com\/actualites\/wp-content\/uploads\/2017\/09\/84be3ccd65c3f92446b5e877047ba065_S-1.jpg","contentUrl":"https:\/\/www.info-algerie.com\/actualites\/wp-content\/uploads\/2017\/09\/84be3ccd65c3f92446b5e877047ba065_S-1.jpg","width":280,"height":158},{"@type":"BreadcrumbList","@id":"https:\/\/www.info-algerie.com\/actualites\/linclusion-du-sahara-occidental-dans-les-accords-ue-maroc-constitue-une-violation-du-droit-international-et-europeen\/#breadcrumb","itemListElement":[{"@type":"ListItem","position":1,"name":"Accueil","item":"https:\/\/www.info-algerie.com\/actualites\/"},{"@type":"ListItem","position":2,"name":"L&#039;inclusion du Sahara occidental dans les accords UE-Maroc constitue une violation du droit international et europ\u00e9en"}]},{"@type":"WebSite","@id":"https:\/\/www.info-algerie.com\/actualites\/#website","url":"https:\/\/www.info-algerie.com\/actualites\/","name":"info algerie","description":"Toutes les actualit\u00e9s","publisher":{"@id":"https:\/\/www.info-algerie.com\/actualites\/#organization"},"potentialAction":[{"@type":"SearchAction","target":{"@type":"EntryPoint","urlTemplate":"https:\/\/www.info-algerie.com\/actualites\/?s={search_term_string}"},"query-input":{"@type":"PropertyValueSpecification","valueRequired":true,"valueName":"search_term_string"}}],"inLanguage":"fr-FR"},{"@type":"Organization","@id":"https:\/\/www.info-algerie.com\/actualites\/#organization","name":"info algerie","url":"https:\/\/www.info-algerie.com\/actualites\/","logo":{"@type":"ImageObject","inLanguage":"fr-FR","@id":"https:\/\/www.info-algerie.com\/actualites\/#\/schema\/logo\/image\/","url":"https:\/\/www.info-algerie.com\/actualites\/wp-content\/uploads\/2022\/07\/logo-ia-120.png","contentUrl":"https:\/\/www.info-algerie.com\/actualites\/wp-content\/uploads\/2022\/07\/logo-ia-120.png","width":120,"height":43,"caption":"info algerie"},"image":{"@id":"https:\/\/www.info-algerie.com\/actualites\/#\/schema\/logo\/image\/"},"sameAs":["https:\/\/www.facebook.com\/infoalgerieactu","https:\/\/x.com\/infoalgerie1"]},{"@type":"Person","@id":"https:\/\/www.info-algerie.com\/actualites\/#\/schema\/person\/847aaec44920825b843a08f30ec6aa1e","name":"La r\u00e9daction","image":{"@type":"ImageObject","inLanguage":"fr-FR","@id":"https:\/\/secure.gravatar.com\/avatar\/769db425c6f465158149f1ffd6cf61ce7a8a879d11dfbef8288af36dfddd418c?s=96&d=mm&r=g","url":"https:\/\/secure.gravatar.com\/avatar\/769db425c6f465158149f1ffd6cf61ce7a8a879d11dfbef8288af36dfddd418c?s=96&d=mm&r=g","contentUrl":"https:\/\/secure.gravatar.com\/avatar\/769db425c6f465158149f1ffd6cf61ce7a8a879d11dfbef8288af36dfddd418c?s=96&d=mm&r=g","caption":"La r\u00e9daction"},"sameAs":["http:\/\/www.lkeria.com\/"],"url":"https:\/\/www.info-algerie.com\/actualites\/author\/chakib32\/"}]}},"_links":{"self":[{"href":"https:\/\/www.info-algerie.com\/actualites\/wp-json\/wp\/v2\/posts\/16445","targetHints":{"allow":["GET"]}}],"collection":[{"href":"https:\/\/www.info-algerie.com\/actualites\/wp-json\/wp\/v2\/posts"}],"about":[{"href":"https:\/\/www.info-algerie.com\/actualites\/wp-json\/wp\/v2\/types\/post"}],"author":[{"embeddable":true,"href":"https:\/\/www.info-algerie.com\/actualites\/wp-json\/wp\/v2\/users\/6"}],"replies":[{"embeddable":true,"href":"https:\/\/www.info-algerie.com\/actualites\/wp-json\/wp\/v2\/comments?post=16445"}],"version-history":[{"count":0,"href":"https:\/\/www.info-algerie.com\/actualites\/wp-json\/wp\/v2\/posts\/16445\/revisions"}],"wp:featuredmedia":[{"embeddable":true,"href":"https:\/\/www.info-algerie.com\/actualites\/wp-json\/wp\/v2\/media\/16446"}],"wp:attachment":[{"href":"https:\/\/www.info-algerie.com\/actualites\/wp-json\/wp\/v2\/media?parent=16445"}],"wp:term":[{"taxonomy":"category","embeddable":true,"href":"https:\/\/www.info-algerie.com\/actualites\/wp-json\/wp\/v2\/categories?post=16445"},{"taxonomy":"post_tag","embeddable":true,"href":"https:\/\/www.info-algerie.com\/actualites\/wp-json\/wp\/v2\/tags?post=16445"}],"curies":[{"name":"wp","href":"https:\/\/api.w.org\/{rel}","templated":true}]}}