{"id":16471,"date":"2017-09-30T13:32:49","date_gmt":"2017-09-30T12:32:49","guid":{"rendered":"http:\/\/www.info-algerie.com\/actualites\/protection-civile-session-de-formation-sur-la-communication-de-crise\/"},"modified":"2017-09-30T13:32:49","modified_gmt":"2017-09-30T12:32:49","slug":"protection-civile-session-de-formation-sur-la-communication-de-crise","status":"publish","type":"post","link":"https:\/\/www.info-algerie.com\/actualites\/protection-civile-session-de-formation-sur-la-communication-de-crise\/","title":{"rendered":"Protection civile: session de formation sur la communication de crise"},"content":{"rendered":"<div class=\"K2FeedIntroText\">\n<p>ALGER- Une session de formation sur la communication de crise au profit des officiers charg\u00e9s de l&rsquo;information des wilayas sera organis\u00e9e du 1er au 5 octobre par la Protection civile, \u00e0 Alger, indique samedi un communiqu\u00e9 de la direction g\u00e9n\u00e9rale de ce corps.<\/p>\n<p>&#013;\n<\/p><\/div>\n<div class=\"K2FeedFullText\">&#013;<\/p>\n<p>Initi\u00e9e dans le cadre de l&rsquo;application du programme de jumelage alg\u00e9ro-europ\u00e9en (P3A), cette formation de cinq jours est notamment destin\u00e9e, \u00e0 pr\u00e9parer les officiers \u00e0 la gestion de l&rsquo;information en cas de risques et, au management des crises, notamment dans le domaine de l&rsquo;utilisation des m\u00e9dias sociaux.<\/p>\n<p>&#013;<\/p>\n<p>Elle leur permettra en outre d&rsquo;acqu\u00e9rir le savoir et le savoir-faire, mais \u00e9galement des capacit\u00e9s et des comp\u00e9tences, dans ce domaine, pr\u00e9cise-t-on.<\/p>\n<p>&#013;<\/p>\n<p>Au terme de cette session, les participants vont acqu\u00e9rir les qualifications n\u00e9cessaires pour choisir et mettre en \u0153uvre les outils d&rsquo;identification et de dimensionnement des crises et pr\u00e9parer et\/ou conduire une d\u00e9marche de communication de crise, tant sur les plans technique, que scientifique et social.<\/p>\n<p>&#013;<\/p>\n<p>Elle leur ouvrira \u00e9galement la capacit\u00e9 d&rsquo;appr\u00e9hender la nature et les principales caract\u00e9ristiques des situations de crise, afin d&rsquo;apprendre \u00e0 y faire face, de mettre en place, les outils de retour d&rsquo;exp\u00e9rience et de pr\u00e9paration \u00e0 la gestion de la communication dans des situations de crises.<\/p>\n<p>&#013;<\/p>\n<p>Cette formation intervient dans le cadre du d\u00e9veloppement et de la modernisation du secteur de la Protection civile, particuli\u00e8rement dans le domaine des ressources humaines et eu \u00e9gard aux missions multiples et de plus en plus complexes d\u00e9volues \u00e0 ce corps, concernant notamment la prise en charge des diff\u00e9rents risques, pr\u00e9cise le\u00a0 communiqu\u00e9.<\/p>\n<p>&#013;<\/p>\n<p>\u00a0<\/p>\n<\/div>\n<p>&#013;<br \/>\nSource: <a href=\"http:\/\/www.aps.dz\/algerie\/63434-protection-civile-session-de-formation-sur-la-communication-de-crise\" target=\"_blank\">Protection civile: session de formation sur la communication de crise<\/a><\/p>\n<!--CusAds0-->\n<div style=\"font-size: 0px; height: 0px; line-height: 0px; margin: 0; padding: 0; clear: both;\"><\/div>","protected":false},"excerpt":{"rendered":"<p>ALGER- Une session de formation sur la communication de crise au profit des officiers charg\u00e9s de l&rsquo;information des wilayas sera organis\u00e9e du 1er au 5 octobre par la Protection civile, \u00e0 Alger, indique samedi un communiqu\u00e9 de la direction g\u00e9n\u00e9rale de ce corps. &#013; &#013; Initi\u00e9e dans le cadre de l&rsquo;application du programme de jumelage<\/p>\n","protected":false},"author":6,"featured_media":0,"comment_status":"open","ping_status":"open","sticky":false,"template":"","format":"standard","meta":{"footnotes":""},"categories":[22],"tags":[93],"class_list":["post-16471","post","type-post","status-publish","format-standard","hentry","category-infos","tag-onu"],"yoast_head":"<!-- This site is optimized with the Yoast SEO plugin v27.5 - https:\/\/yoast.com\/product\/yoast-seo-wordpress\/ -->\n<title>Protection civile: session de formation sur la communication de crise - info algerie<\/title>\n<meta name=\"robots\" content=\"index, follow, max-snippet:-1, max-image-preview:large, max-video-preview:-1\" \/>\n<link rel=\"canonical\" href=\"https:\/\/www.info-algerie.com\/actualites\/protection-civile-session-de-formation-sur-la-communication-de-crise\/\" \/>\n<meta property=\"og:locale\" content=\"fr_FR\" \/>\n<meta property=\"og:type\" content=\"article\" \/>\n<meta property=\"og:title\" content=\"Protection civile: session de formation sur la communication de crise - info algerie\" \/>\n<meta property=\"og:description\" content=\"ALGER- Une session de formation sur la communication de crise au profit des officiers charg\u00e9s de l&rsquo;information des wilayas sera organis\u00e9e du 1er au 5 octobre par la Protection civile, \u00e0 Alger, indique samedi un communiqu\u00e9 de la direction g\u00e9n\u00e9rale de ce corps. &#013; &#013; Initi\u00e9e dans le cadre de l&rsquo;application du programme de jumelage\" \/>\n<meta property=\"og:url\" content=\"https:\/\/www.info-algerie.com\/actualites\/protection-civile-session-de-formation-sur-la-communication-de-crise\/\" \/>\n<meta property=\"og:site_name\" content=\"info algerie\" \/>\n<meta property=\"article:publisher\" content=\"https:\/\/www.facebook.com\/infoalgerieactu\" \/>\n<meta property=\"article:published_time\" content=\"2017-09-30T12:32:49+00:00\" \/>\n<meta name=\"author\" content=\"La r\u00e9daction\" \/>\n<meta name=\"twitter:label1\" content=\"\u00c9crit par\" \/>\n\t<meta name=\"twitter:data1\" content=\"La r\u00e9daction\" \/>\n\t<meta name=\"twitter:label2\" content=\"Dur\u00e9e de lecture estim\u00e9e\" \/>\n\t<meta name=\"twitter:data2\" content=\"1 minute\" \/>\n<script type=\"application\/ld+json\" class=\"yoast-schema-graph\">{\"@context\":\"https:\\\/\\\/schema.org\",\"@graph\":[{\"@type\":\"Article\",\"@id\":\"https:\\\/\\\/www.info-algerie.com\\\/actualites\\\/protection-civile-session-de-formation-sur-la-communication-de-crise\\\/#article\",\"isPartOf\":{\"@id\":\"https:\\\/\\\/www.info-algerie.com\\\/actualites\\\/protection-civile-session-de-formation-sur-la-communication-de-crise\\\/\"},\"author\":{\"name\":\"La r\u00e9daction\",\"@id\":\"https:\\\/\\\/www.info-algerie.com\\\/actualites\\\/#\\\/schema\\\/person\\\/847aaec44920825b843a08f30ec6aa1e\"},\"headline\":\"Protection civile: session de formation sur la communication de crise\",\"datePublished\":\"2017-09-30T12:32:49+00:00\",\"mainEntityOfPage\":{\"@id\":\"https:\\\/\\\/www.info-algerie.com\\\/actualites\\\/protection-civile-session-de-formation-sur-la-communication-de-crise\\\/\"},\"wordCount\":308,\"commentCount\":0,\"publisher\":{\"@id\":\"https:\\\/\\\/www.info-algerie.com\\\/actualites\\\/#organization\"},\"keywords\":[\"ONU\"],\"articleSection\":[\"infos\"],\"inLanguage\":\"fr-FR\",\"potentialAction\":[{\"@type\":\"CommentAction\",\"name\":\"Comment\",\"target\":[\"https:\\\/\\\/www.info-algerie.com\\\/actualites\\\/protection-civile-session-de-formation-sur-la-communication-de-crise\\\/#respond\"]}]},{\"@type\":\"WebPage\",\"@id\":\"https:\\\/\\\/www.info-algerie.com\\\/actualites\\\/protection-civile-session-de-formation-sur-la-communication-de-crise\\\/\",\"url\":\"https:\\\/\\\/www.info-algerie.com\\\/actualites\\\/protection-civile-session-de-formation-sur-la-communication-de-crise\\\/\",\"name\":\"Protection civile: session de formation sur la communication de crise - info algerie\",\"isPartOf\":{\"@id\":\"https:\\\/\\\/www.info-algerie.com\\\/actualites\\\/#website\"},\"datePublished\":\"2017-09-30T12:32:49+00:00\",\"breadcrumb\":{\"@id\":\"https:\\\/\\\/www.info-algerie.com\\\/actualites\\\/protection-civile-session-de-formation-sur-la-communication-de-crise\\\/#breadcrumb\"},\"inLanguage\":\"fr-FR\",\"potentialAction\":[{\"@type\":\"ReadAction\",\"target\":[\"https:\\\/\\\/www.info-algerie.com\\\/actualites\\\/protection-civile-session-de-formation-sur-la-communication-de-crise\\\/\"]}]},{\"@type\":\"BreadcrumbList\",\"@id\":\"https:\\\/\\\/www.info-algerie.com\\\/actualites\\\/protection-civile-session-de-formation-sur-la-communication-de-crise\\\/#breadcrumb\",\"itemListElement\":[{\"@type\":\"ListItem\",\"position\":1,\"name\":\"Accueil\",\"item\":\"https:\\\/\\\/www.info-algerie.com\\\/actualites\\\/\"},{\"@type\":\"ListItem\",\"position\":2,\"name\":\"Protection civile: session de formation sur la communication de crise\"}]},{\"@type\":\"WebSite\",\"@id\":\"https:\\\/\\\/www.info-algerie.com\\\/actualites\\\/#website\",\"url\":\"https:\\\/\\\/www.info-algerie.com\\\/actualites\\\/\",\"name\":\"info algerie\",\"description\":\"Toutes les actualit\u00e9s\",\"publisher\":{\"@id\":\"https:\\\/\\\/www.info-algerie.com\\\/actualites\\\/#organization\"},\"potentialAction\":[{\"@type\":\"SearchAction\",\"target\":{\"@type\":\"EntryPoint\",\"urlTemplate\":\"https:\\\/\\\/www.info-algerie.com\\\/actualites\\\/?s={search_term_string}\"},\"query-input\":{\"@type\":\"PropertyValueSpecification\",\"valueRequired\":true,\"valueName\":\"search_term_string\"}}],\"inLanguage\":\"fr-FR\"},{\"@type\":\"Organization\",\"@id\":\"https:\\\/\\\/www.info-algerie.com\\\/actualites\\\/#organization\",\"name\":\"info algerie\",\"url\":\"https:\\\/\\\/www.info-algerie.com\\\/actualites\\\/\",\"logo\":{\"@type\":\"ImageObject\",\"inLanguage\":\"fr-FR\",\"@id\":\"https:\\\/\\\/www.info-algerie.com\\\/actualites\\\/#\\\/schema\\\/logo\\\/image\\\/\",\"url\":\"https:\\\/\\\/www.info-algerie.com\\\/actualites\\\/wp-content\\\/uploads\\\/2022\\\/07\\\/logo-ia-120.png\",\"contentUrl\":\"https:\\\/\\\/www.info-algerie.com\\\/actualites\\\/wp-content\\\/uploads\\\/2022\\\/07\\\/logo-ia-120.png\",\"width\":120,\"height\":43,\"caption\":\"info algerie\"},\"image\":{\"@id\":\"https:\\\/\\\/www.info-algerie.com\\\/actualites\\\/#\\\/schema\\\/logo\\\/image\\\/\"},\"sameAs\":[\"https:\\\/\\\/www.facebook.com\\\/infoalgerieactu\",\"https:\\\/\\\/x.com\\\/infoalgerie1\"]},{\"@type\":\"Person\",\"@id\":\"https:\\\/\\\/www.info-algerie.com\\\/actualites\\\/#\\\/schema\\\/person\\\/847aaec44920825b843a08f30ec6aa1e\",\"name\":\"La r\u00e9daction\",\"image\":{\"@type\":\"ImageObject\",\"inLanguage\":\"fr-FR\",\"@id\":\"https:\\\/\\\/secure.gravatar.com\\\/avatar\\\/769db425c6f465158149f1ffd6cf61ce7a8a879d11dfbef8288af36dfddd418c?s=96&d=mm&r=g\",\"url\":\"https:\\\/\\\/secure.gravatar.com\\\/avatar\\\/769db425c6f465158149f1ffd6cf61ce7a8a879d11dfbef8288af36dfddd418c?s=96&d=mm&r=g\",\"contentUrl\":\"https:\\\/\\\/secure.gravatar.com\\\/avatar\\\/769db425c6f465158149f1ffd6cf61ce7a8a879d11dfbef8288af36dfddd418c?s=96&d=mm&r=g\",\"caption\":\"La r\u00e9daction\"},\"sameAs\":[\"http:\\\/\\\/www.lkeria.com\\\/\"],\"url\":\"https:\\\/\\\/www.info-algerie.com\\\/actualites\\\/author\\\/chakib32\\\/\"}]}<\/script>\n<!-- \/ Yoast SEO plugin. -->","yoast_head_json":{"title":"Protection civile: session de formation sur la communication de crise - info algerie","robots":{"index":"index","follow":"follow","max-snippet":"max-snippet:-1","max-image-preview":"max-image-preview:large","max-video-preview":"max-video-preview:-1"},"canonical":"https:\/\/www.info-algerie.com\/actualites\/protection-civile-session-de-formation-sur-la-communication-de-crise\/","og_locale":"fr_FR","og_type":"article","og_title":"Protection civile: session de formation sur la communication de crise - info algerie","og_description":"ALGER- Une session de formation sur la communication de crise au profit des officiers charg\u00e9s de l&rsquo;information des wilayas sera organis\u00e9e du 1er au 5 octobre par la Protection civile, \u00e0 Alger, indique samedi un communiqu\u00e9 de la direction g\u00e9n\u00e9rale de ce corps. &#013; &#013; Initi\u00e9e dans le cadre de l&rsquo;application du programme de jumelage","og_url":"https:\/\/www.info-algerie.com\/actualites\/protection-civile-session-de-formation-sur-la-communication-de-crise\/","og_site_name":"info algerie","article_publisher":"https:\/\/www.facebook.com\/infoalgerieactu","article_published_time":"2017-09-30T12:32:49+00:00","author":"La r\u00e9daction","twitter_misc":{"\u00c9crit par":"La r\u00e9daction","Dur\u00e9e de lecture estim\u00e9e":"1 minute"},"schema":{"@context":"https:\/\/schema.org","@graph":[{"@type":"Article","@id":"https:\/\/www.info-algerie.com\/actualites\/protection-civile-session-de-formation-sur-la-communication-de-crise\/#article","isPartOf":{"@id":"https:\/\/www.info-algerie.com\/actualites\/protection-civile-session-de-formation-sur-la-communication-de-crise\/"},"author":{"name":"La r\u00e9daction","@id":"https:\/\/www.info-algerie.com\/actualites\/#\/schema\/person\/847aaec44920825b843a08f30ec6aa1e"},"headline":"Protection civile: session de formation sur la communication de crise","datePublished":"2017-09-30T12:32:49+00:00","mainEntityOfPage":{"@id":"https:\/\/www.info-algerie.com\/actualites\/protection-civile-session-de-formation-sur-la-communication-de-crise\/"},"wordCount":308,"commentCount":0,"publisher":{"@id":"https:\/\/www.info-algerie.com\/actualites\/#organization"},"keywords":["ONU"],"articleSection":["infos"],"inLanguage":"fr-FR","potentialAction":[{"@type":"CommentAction","name":"Comment","target":["https:\/\/www.info-algerie.com\/actualites\/protection-civile-session-de-formation-sur-la-communication-de-crise\/#respond"]}]},{"@type":"WebPage","@id":"https:\/\/www.info-algerie.com\/actualites\/protection-civile-session-de-formation-sur-la-communication-de-crise\/","url":"https:\/\/www.info-algerie.com\/actualites\/protection-civile-session-de-formation-sur-la-communication-de-crise\/","name":"Protection civile: session de formation sur la communication de crise - info algerie","isPartOf":{"@id":"https:\/\/www.info-algerie.com\/actualites\/#website"},"datePublished":"2017-09-30T12:32:49+00:00","breadcrumb":{"@id":"https:\/\/www.info-algerie.com\/actualites\/protection-civile-session-de-formation-sur-la-communication-de-crise\/#breadcrumb"},"inLanguage":"fr-FR","potentialAction":[{"@type":"ReadAction","target":["https:\/\/www.info-algerie.com\/actualites\/protection-civile-session-de-formation-sur-la-communication-de-crise\/"]}]},{"@type":"BreadcrumbList","@id":"https:\/\/www.info-algerie.com\/actualites\/protection-civile-session-de-formation-sur-la-communication-de-crise\/#breadcrumb","itemListElement":[{"@type":"ListItem","position":1,"name":"Accueil","item":"https:\/\/www.info-algerie.com\/actualites\/"},{"@type":"ListItem","position":2,"name":"Protection civile: session de formation sur la communication de crise"}]},{"@type":"WebSite","@id":"https:\/\/www.info-algerie.com\/actualites\/#website","url":"https:\/\/www.info-algerie.com\/actualites\/","name":"info algerie","description":"Toutes les actualit\u00e9s","publisher":{"@id":"https:\/\/www.info-algerie.com\/actualites\/#organization"},"potentialAction":[{"@type":"SearchAction","target":{"@type":"EntryPoint","urlTemplate":"https:\/\/www.info-algerie.com\/actualites\/?s={search_term_string}"},"query-input":{"@type":"PropertyValueSpecification","valueRequired":true,"valueName":"search_term_string"}}],"inLanguage":"fr-FR"},{"@type":"Organization","@id":"https:\/\/www.info-algerie.com\/actualites\/#organization","name":"info algerie","url":"https:\/\/www.info-algerie.com\/actualites\/","logo":{"@type":"ImageObject","inLanguage":"fr-FR","@id":"https:\/\/www.info-algerie.com\/actualites\/#\/schema\/logo\/image\/","url":"https:\/\/www.info-algerie.com\/actualites\/wp-content\/uploads\/2022\/07\/logo-ia-120.png","contentUrl":"https:\/\/www.info-algerie.com\/actualites\/wp-content\/uploads\/2022\/07\/logo-ia-120.png","width":120,"height":43,"caption":"info algerie"},"image":{"@id":"https:\/\/www.info-algerie.com\/actualites\/#\/schema\/logo\/image\/"},"sameAs":["https:\/\/www.facebook.com\/infoalgerieactu","https:\/\/x.com\/infoalgerie1"]},{"@type":"Person","@id":"https:\/\/www.info-algerie.com\/actualites\/#\/schema\/person\/847aaec44920825b843a08f30ec6aa1e","name":"La r\u00e9daction","image":{"@type":"ImageObject","inLanguage":"fr-FR","@id":"https:\/\/secure.gravatar.com\/avatar\/769db425c6f465158149f1ffd6cf61ce7a8a879d11dfbef8288af36dfddd418c?s=96&d=mm&r=g","url":"https:\/\/secure.gravatar.com\/avatar\/769db425c6f465158149f1ffd6cf61ce7a8a879d11dfbef8288af36dfddd418c?s=96&d=mm&r=g","contentUrl":"https:\/\/secure.gravatar.com\/avatar\/769db425c6f465158149f1ffd6cf61ce7a8a879d11dfbef8288af36dfddd418c?s=96&d=mm&r=g","caption":"La r\u00e9daction"},"sameAs":["http:\/\/www.lkeria.com\/"],"url":"https:\/\/www.info-algerie.com\/actualites\/author\/chakib32\/"}]}},"_links":{"self":[{"href":"https:\/\/www.info-algerie.com\/actualites\/wp-json\/wp\/v2\/posts\/16471","targetHints":{"allow":["GET"]}}],"collection":[{"href":"https:\/\/www.info-algerie.com\/actualites\/wp-json\/wp\/v2\/posts"}],"about":[{"href":"https:\/\/www.info-algerie.com\/actualites\/wp-json\/wp\/v2\/types\/post"}],"author":[{"embeddable":true,"href":"https:\/\/www.info-algerie.com\/actualites\/wp-json\/wp\/v2\/users\/6"}],"replies":[{"embeddable":true,"href":"https:\/\/www.info-algerie.com\/actualites\/wp-json\/wp\/v2\/comments?post=16471"}],"version-history":[{"count":0,"href":"https:\/\/www.info-algerie.com\/actualites\/wp-json\/wp\/v2\/posts\/16471\/revisions"}],"wp:attachment":[{"href":"https:\/\/www.info-algerie.com\/actualites\/wp-json\/wp\/v2\/media?parent=16471"}],"wp:term":[{"taxonomy":"category","embeddable":true,"href":"https:\/\/www.info-algerie.com\/actualites\/wp-json\/wp\/v2\/categories?post=16471"},{"taxonomy":"post_tag","embeddable":true,"href":"https:\/\/www.info-algerie.com\/actualites\/wp-json\/wp\/v2\/tags?post=16471"}],"curies":[{"name":"wp","href":"https:\/\/api.w.org\/{rel}","templated":true}]}}