{"id":16473,"date":"2017-09-30T13:21:06","date_gmt":"2017-09-30T12:21:06","guid":{"rendered":"http:\/\/www.info-algerie.com\/actualites\/reconnaissance-par-la-france-des-crimes-coloniaux-que-macron-passe-aux-actes\/"},"modified":"2017-09-30T13:21:06","modified_gmt":"2017-09-30T12:21:06","slug":"reconnaissance-par-la-france-des-crimes-coloniaux-que-macron-passe-aux-actes","status":"publish","type":"post","link":"https:\/\/www.info-algerie.com\/actualites\/reconnaissance-par-la-france-des-crimes-coloniaux-que-macron-passe-aux-actes\/","title":{"rendered":"Reconnaissance par la France des crimes coloniaux: &quot;Que Macron passe aux actes&quot;"},"content":{"rendered":"<div class=\"K2FeedImage\"><img decoding=\"async\" src=\"https:\/\/www.info-algerie.com\/actualites\/wp-content\/uploads\/2017\/09\/7d6debb4a9a0947e02168e3411012761_S.jpg\" \/><\/div>\n<div class=\"K2FeedIntroText\">\n<p>PARIS- L&rsquo;universitaire Olivier Le Cour Grandmaison a souhait\u00e9 samedi que le pr\u00e9sident Emmanuel Macron\u00a0 passe aux actes \u00ab\u00a0apr\u00e8s sa d\u00e9claration \u00e0 Alger qualifiant la colonisation France de crime contre l&rsquo;humanit\u00e9\u00a0\u00bb.<\/p>\n<p>&#013;\n<\/p><\/div>\n<div class=\"K2FeedFullText\">&#013;<\/p>\n<p>Lors d&rsquo;un d\u00e9placement \u00e0 Alger, le pr\u00e9sident de la R\u00e9publique, Emmanuel Macron, a qualifi\u00e9, alors qu&rsquo;il \u00e9tait candidat, la colonisation de crime contre l&rsquo;humanit\u00e9. \u00ab\u00a0Qu&rsquo;il passe enfin de la parole aux actes en r\u00e9it\u00e9rant ses propos en France cette fois et pour l&rsquo;ensemble de la p\u00e9riode coloniale, Alg\u00e9rie comprise \u00e9videmment\u00a0\u00bb, a-t-il dit dans un entretien \u00e0 l&rsquo;APS.<\/p>\n<p>&#013;<\/p>\n<p>Mais il n&rsquo;a pas cach\u00e9 son scepticisme quant \u00e0 la volont\u00e9 du chef d&rsquo;Etat fran\u00e7ais d&rsquo;aller au-del\u00e0 de ses propos qui ont soulev\u00e9, rappelle-t-on, un toll\u00e9 notamment aupr\u00e8s de la droite et de l&rsquo;extr\u00eame droite et des associations anti-alg\u00e9riennes.<\/p>\n<p>&#013;<\/p>\n<blockquote><p>&#013;<\/p>\n<p><em><strong>\u00ab\u00a0Dans un tel contexte, il est peu probable que le chef de l&rsquo;Etat s&rsquo;engage plus avant et il est \u00e0 craindre que les d\u00e9clarations du candidat Macron seront, h\u00e9las une fois encore, contredites par les actions du pr\u00e9sident Macron\u00a0\u00bb,<\/strong><\/em><\/p>\n<p>&#013;\n<\/p><\/blockquote>\n<p>&#013;<\/p>\n<p>a-t-il consid\u00e9r\u00e9, mettant par ailleurs l&rsquo;incapacit\u00e9 des dirigeants de gauche, \u00e0 l&rsquo;image des ex-candidats \u00e0 la pr\u00e9sidentielle, Benoit Hamon et Jean-Luc M\u00e9lenchon, \u00ab\u00a0\u00e0 prendre la juste mesure du pass\u00e9 colonial de la France et \u00e0 en tirer les cons\u00e9quences qui devraient s&rsquo;imposer, \u00e0 savoir la reconnaissance des crimes commis \u00e0 l&rsquo;\u00e9poque\u00a0\u00bb.<\/p>\n<p>&#013;<\/p>\n<p>Toutefois, il a reconnu que c&rsquo;est pour la premi\u00e8re fois, qu&rsquo;un candidat \u00e0 l&rsquo;\u00e9lection pr\u00e9sidentielle qualifie la colonisation de crime contre l&rsquo;humanit\u00e9. \u00ab\u00a0Que la droite et l&rsquo;extr\u00eame-droite aient \u00e9t\u00e9 scandalis\u00e9es, quoi de plus normal. Une telle r\u00e9action pavlovienne \u00e9tait attendue\u00a0\u00bb, dira-t-il.<\/p>\n<p>&#013;<\/p>\n<p>Au sujet de la campagne qu&rsquo;il m\u00e8ne dans laquelle il a appel\u00e9 \u00e0 d\u00e9boulonner les statues et d\u00e9baptiser les rues portant le nom du g\u00e9n\u00e9ral Bugeaud, l&rsquo;auteur de \u00ab\u00a0L&rsquo;Empire des hygi\u00e9nistes. Vivre aux colonies\u00a0\u00bb (Fayard, 2014) a rappel\u00e9 que<\/p>\n<p>&#013;<\/p>\n<blockquote><p>&#013;<\/p>\n<p><em><strong>ce \u00ab\u00a0b\u00e2tisseur sanglant de la France coloniale\u00a0\u00bb a commis et fait commettre des crimes de guerre et des crimes contre l&rsquo;humanit\u00e9 en 1840 en Alg\u00e9rie.<\/strong><\/em><\/p>\n<p>&#013;\n<\/p><\/blockquote>\n<p>&#013;<\/p>\n<p>Il a cit\u00e9 dans ce cadre les \u00ab\u00a0pr\u00e9tendus grands hommes\u00a0\u00bb comme Jean-Baptiste Colbert (1619-1683, un des principaux ministres de Louis XIV), \u00e0 l&rsquo;origine de la traite des noirs, consid\u00e9r\u00e9e aujourd&rsquo;hui comme un crime contre l&rsquo;humanit\u00e9, et le g\u00e9n\u00e9ral Thomas Robert Bugeaud (1784-1849).<\/p>\n<p>&#013;<\/p>\n<p>\u00ab\u00a0Au vrai, il s&rsquo;agit plut\u00f4t d&rsquo;une contribution aux d\u00e9bats actuels en France sur la place de certaines figures historiques consid\u00e9r\u00e9es comme des +hommes illustres+, lesquels sont int\u00e9gr\u00e9s au grand roman national fran\u00e7ais. A cela s&rsquo;ajoute, ceci est une des cons\u00e9quences, le fait que certains de ces pr\u00e9tendus grands hommes comme Bugeaud et Colbert, d&rsquo;autres pourraient \u00eatre cit\u00e9s, ont des statues, des rues et des avenues \u00e0 leur nom\u00a0\u00bb, a-t-il expliqu\u00e9.<\/p>\n<p>&#013;<\/p>\n<p>Il a rappel\u00e9 au sujet de ces deux personnages que le premier \u00ab\u00a0a commis et fait commettre\u00a0\u00bb des crimes de guerre et des crimes contre l&rsquo;humanit\u00e9 au cours de la \u00ab\u00a0pacification\u00a0\u00bb de l&rsquo;Alg\u00e9rie dans les ann\u00e9es 1840, et le second est le p\u00e8re du Code noir de 1685, premi\u00e8re codification de l&rsquo;esclavage \u00e0 l&rsquo;\u00e9poque du \u00ab\u00a0prestigieux\u00a0\u00bb Louis XIV. L&rsquo;esclavage est d\u00e9sormais consid\u00e9r\u00e9 en France, depuis la loi Taubira, comme un crime contre l&rsquo;humanit\u00e9.<\/p>\n<p>&#013;<\/p>\n<blockquote><p>&#013;<\/p>\n<p><em><strong>\u00ab\u00a0Dans les deux cas, a-t-il dit, ces deux hommes sont une insulte permanente aux principes fondateurs de la R\u00e9publique, au peuple alg\u00e9rien et aux luttes contre l&rsquo;exploitation et l&rsquo;oppression esclavagistes\u00a0\u00bb.<\/strong><\/em><\/p>\n<p>&#013;\n<\/p><\/blockquote>\n<p>&#013;<\/p>\n<p>A une question s&rsquo;il y a lieu de r\u00e9viser les manuels scolaires de l&rsquo;\u00e9cole fran\u00e7aise au sujet de l&rsquo;histoire coloniale, Olivier Le Cour Grandmaison a indiqu\u00e9 que, malgr\u00e9 l&rsquo;\u00e9volution \u00ab\u00a0sensible\u00a0\u00bb du contenu de nombreux manuels scolaires, cette histoire reste ignor\u00e9e par beaucoup de coll\u00e9giens et lyc\u00e9ens \u00ab\u00a0faute d&rsquo;enseignements ad\u00e9quats\u00a0\u00bb, mettant la responsabilit\u00e9 sur le gouvernement et la pr\u00e9sidence.<\/p>\n<p>&#013;<\/p>\n<blockquote><p>&#013;<\/p>\n<p><em><strong>\u00ab\u00a0Une reconnaissance officielle, par les plus hautes autorit\u00e9s de l&rsquo;Etat, serait \u00e9videmment un signe fort, comme on dit aujourd&rsquo;hui, et un encouragement \u00e0 traiter de fa\u00e7on plus exhaustive l&rsquo;histoire coloniale de la France\u00a0\u00bb<\/strong><\/em>, a-t-il estim\u00e9.<\/p>\n<p>&#013;\n<\/p><\/blockquote>\n<p>&#013;<\/p>\n<p>\u00a0<\/p>\n<\/div>\n<p>&#013;<br \/>\nSource: <a href=\"http:\/\/www.aps.dz\/algerie\/63433-reconnaissance-par-la-france-des-crimes-coloniaux-que-macron-passe-aux-actes\" target=\"_blank\">Reconnaissance par la France des crimes coloniaux: \u00ab\u00a0Que Macron passe aux actes\u00a0\u00bb<\/a><\/p>\n<!--CusAds0-->\n<div style=\"font-size: 0px; height: 0px; line-height: 0px; margin: 0; padding: 0; clear: both;\"><\/div>","protected":false},"excerpt":{"rendered":"<p>PARIS- L&rsquo;universitaire Olivier Le Cour Grandmaison a souhait\u00e9 samedi que le pr\u00e9sident Emmanuel Macron\u00a0 passe aux actes \u00ab\u00a0apr\u00e8s sa d\u00e9claration \u00e0 Alger qualifiant la colonisation France de crime contre l&rsquo;humanit\u00e9\u00a0\u00bb. &#013; &#013; Lors d&rsquo;un d\u00e9placement \u00e0 Alger, le pr\u00e9sident de la R\u00e9publique, Emmanuel Macron, a qualifi\u00e9, alors qu&rsquo;il \u00e9tait candidat, la colonisation de crime contre<\/p>\n","protected":false},"author":6,"featured_media":16474,"comment_status":"open","ping_status":"open","sticky":false,"template":"","format":"standard","meta":{"footnotes":""},"categories":[22],"tags":[93],"class_list":["post-16473","post","type-post","status-publish","format-standard","has-post-thumbnail","hentry","category-infos","tag-onu"],"yoast_head":"<!-- This site is optimized with the Yoast SEO plugin v27.5 - https:\/\/yoast.com\/product\/yoast-seo-wordpress\/ -->\n<title>Reconnaissance par la France des crimes coloniaux: &quot;Que Macron passe aux actes&quot; - info algerie<\/title>\n<meta name=\"robots\" content=\"index, follow, max-snippet:-1, max-image-preview:large, max-video-preview:-1\" \/>\n<link rel=\"canonical\" href=\"https:\/\/www.info-algerie.com\/actualites\/reconnaissance-par-la-france-des-crimes-coloniaux-que-macron-passe-aux-actes\/\" \/>\n<meta property=\"og:locale\" content=\"fr_FR\" \/>\n<meta property=\"og:type\" content=\"article\" \/>\n<meta property=\"og:title\" content=\"Reconnaissance par la France des crimes coloniaux: &quot;Que Macron passe aux actes&quot; - info algerie\" \/>\n<meta property=\"og:description\" content=\"PARIS- L&rsquo;universitaire Olivier Le Cour Grandmaison a souhait\u00e9 samedi que le pr\u00e9sident Emmanuel Macron\u00a0 passe aux actes \u00ab\u00a0apr\u00e8s sa d\u00e9claration \u00e0 Alger qualifiant la colonisation France de crime contre l&rsquo;humanit\u00e9\u00a0\u00bb. &#013; &#013; Lors d&rsquo;un d\u00e9placement \u00e0 Alger, le pr\u00e9sident de la R\u00e9publique, Emmanuel Macron, a qualifi\u00e9, alors qu&rsquo;il \u00e9tait candidat, la colonisation de crime contre\" \/>\n<meta property=\"og:url\" content=\"https:\/\/www.info-algerie.com\/actualites\/reconnaissance-par-la-france-des-crimes-coloniaux-que-macron-passe-aux-actes\/\" \/>\n<meta property=\"og:site_name\" content=\"info algerie\" \/>\n<meta property=\"article:publisher\" content=\"https:\/\/www.facebook.com\/infoalgerieactu\" \/>\n<meta property=\"article:published_time\" content=\"2017-09-30T12:21:06+00:00\" \/>\n<meta property=\"og:image\" content=\"https:\/\/www.info-algerie.com\/actualites\/wp-content\/uploads\/2017\/09\/7d6debb4a9a0947e02168e3411012761_S-1.jpg\" \/>\n\t<meta property=\"og:image:width\" content=\"280\" \/>\n\t<meta property=\"og:image:height\" content=\"169\" \/>\n\t<meta property=\"og:image:type\" content=\"image\/jpeg\" \/>\n<meta name=\"author\" content=\"La r\u00e9daction\" \/>\n<meta name=\"twitter:label1\" content=\"\u00c9crit par\" \/>\n\t<meta name=\"twitter:data1\" content=\"La r\u00e9daction\" \/>\n\t<meta name=\"twitter:label2\" content=\"Dur\u00e9e de lecture estim\u00e9e\" \/>\n\t<meta name=\"twitter:data2\" content=\"3 minutes\" \/>\n<script type=\"application\/ld+json\" class=\"yoast-schema-graph\">{\"@context\":\"https:\\\/\\\/schema.org\",\"@graph\":[{\"@type\":\"Article\",\"@id\":\"https:\\\/\\\/www.info-algerie.com\\\/actualites\\\/reconnaissance-par-la-france-des-crimes-coloniaux-que-macron-passe-aux-actes\\\/#article\",\"isPartOf\":{\"@id\":\"https:\\\/\\\/www.info-algerie.com\\\/actualites\\\/reconnaissance-par-la-france-des-crimes-coloniaux-que-macron-passe-aux-actes\\\/\"},\"author\":{\"name\":\"La r\u00e9daction\",\"@id\":\"https:\\\/\\\/www.info-algerie.com\\\/actualites\\\/#\\\/schema\\\/person\\\/847aaec44920825b843a08f30ec6aa1e\"},\"headline\":\"Reconnaissance par la France des crimes coloniaux: &quot;Que Macron passe aux actes&quot;\",\"datePublished\":\"2017-09-30T12:21:06+00:00\",\"mainEntityOfPage\":{\"@id\":\"https:\\\/\\\/www.info-algerie.com\\\/actualites\\\/reconnaissance-par-la-france-des-crimes-coloniaux-que-macron-passe-aux-actes\\\/\"},\"wordCount\":751,\"commentCount\":0,\"publisher\":{\"@id\":\"https:\\\/\\\/www.info-algerie.com\\\/actualites\\\/#organization\"},\"image\":{\"@id\":\"https:\\\/\\\/www.info-algerie.com\\\/actualites\\\/reconnaissance-par-la-france-des-crimes-coloniaux-que-macron-passe-aux-actes\\\/#primaryimage\"},\"thumbnailUrl\":\"https:\\\/\\\/www.info-algerie.com\\\/actualites\\\/wp-content\\\/uploads\\\/2017\\\/09\\\/7d6debb4a9a0947e02168e3411012761_S-1.jpg\",\"keywords\":[\"ONU\"],\"articleSection\":[\"infos\"],\"inLanguage\":\"fr-FR\",\"potentialAction\":[{\"@type\":\"CommentAction\",\"name\":\"Comment\",\"target\":[\"https:\\\/\\\/www.info-algerie.com\\\/actualites\\\/reconnaissance-par-la-france-des-crimes-coloniaux-que-macron-passe-aux-actes\\\/#respond\"]}]},{\"@type\":\"WebPage\",\"@id\":\"https:\\\/\\\/www.info-algerie.com\\\/actualites\\\/reconnaissance-par-la-france-des-crimes-coloniaux-que-macron-passe-aux-actes\\\/\",\"url\":\"https:\\\/\\\/www.info-algerie.com\\\/actualites\\\/reconnaissance-par-la-france-des-crimes-coloniaux-que-macron-passe-aux-actes\\\/\",\"name\":\"Reconnaissance par la France des crimes coloniaux: &quot;Que Macron passe aux actes&quot; - info algerie\",\"isPartOf\":{\"@id\":\"https:\\\/\\\/www.info-algerie.com\\\/actualites\\\/#website\"},\"primaryImageOfPage\":{\"@id\":\"https:\\\/\\\/www.info-algerie.com\\\/actualites\\\/reconnaissance-par-la-france-des-crimes-coloniaux-que-macron-passe-aux-actes\\\/#primaryimage\"},\"image\":{\"@id\":\"https:\\\/\\\/www.info-algerie.com\\\/actualites\\\/reconnaissance-par-la-france-des-crimes-coloniaux-que-macron-passe-aux-actes\\\/#primaryimage\"},\"thumbnailUrl\":\"https:\\\/\\\/www.info-algerie.com\\\/actualites\\\/wp-content\\\/uploads\\\/2017\\\/09\\\/7d6debb4a9a0947e02168e3411012761_S-1.jpg\",\"datePublished\":\"2017-09-30T12:21:06+00:00\",\"breadcrumb\":{\"@id\":\"https:\\\/\\\/www.info-algerie.com\\\/actualites\\\/reconnaissance-par-la-france-des-crimes-coloniaux-que-macron-passe-aux-actes\\\/#breadcrumb\"},\"inLanguage\":\"fr-FR\",\"potentialAction\":[{\"@type\":\"ReadAction\",\"target\":[\"https:\\\/\\\/www.info-algerie.com\\\/actualites\\\/reconnaissance-par-la-france-des-crimes-coloniaux-que-macron-passe-aux-actes\\\/\"]}]},{\"@type\":\"ImageObject\",\"inLanguage\":\"fr-FR\",\"@id\":\"https:\\\/\\\/www.info-algerie.com\\\/actualites\\\/reconnaissance-par-la-france-des-crimes-coloniaux-que-macron-passe-aux-actes\\\/#primaryimage\",\"url\":\"https:\\\/\\\/www.info-algerie.com\\\/actualites\\\/wp-content\\\/uploads\\\/2017\\\/09\\\/7d6debb4a9a0947e02168e3411012761_S-1.jpg\",\"contentUrl\":\"https:\\\/\\\/www.info-algerie.com\\\/actualites\\\/wp-content\\\/uploads\\\/2017\\\/09\\\/7d6debb4a9a0947e02168e3411012761_S-1.jpg\",\"width\":280,\"height\":169},{\"@type\":\"BreadcrumbList\",\"@id\":\"https:\\\/\\\/www.info-algerie.com\\\/actualites\\\/reconnaissance-par-la-france-des-crimes-coloniaux-que-macron-passe-aux-actes\\\/#breadcrumb\",\"itemListElement\":[{\"@type\":\"ListItem\",\"position\":1,\"name\":\"Accueil\",\"item\":\"https:\\\/\\\/www.info-algerie.com\\\/actualites\\\/\"},{\"@type\":\"ListItem\",\"position\":2,\"name\":\"Reconnaissance par la France des crimes coloniaux: &quot;Que Macron passe aux actes&quot;\"}]},{\"@type\":\"WebSite\",\"@id\":\"https:\\\/\\\/www.info-algerie.com\\\/actualites\\\/#website\",\"url\":\"https:\\\/\\\/www.info-algerie.com\\\/actualites\\\/\",\"name\":\"info algerie\",\"description\":\"Toutes les actualit\u00e9s\",\"publisher\":{\"@id\":\"https:\\\/\\\/www.info-algerie.com\\\/actualites\\\/#organization\"},\"potentialAction\":[{\"@type\":\"SearchAction\",\"target\":{\"@type\":\"EntryPoint\",\"urlTemplate\":\"https:\\\/\\\/www.info-algerie.com\\\/actualites\\\/?s={search_term_string}\"},\"query-input\":{\"@type\":\"PropertyValueSpecification\",\"valueRequired\":true,\"valueName\":\"search_term_string\"}}],\"inLanguage\":\"fr-FR\"},{\"@type\":\"Organization\",\"@id\":\"https:\\\/\\\/www.info-algerie.com\\\/actualites\\\/#organization\",\"name\":\"info algerie\",\"url\":\"https:\\\/\\\/www.info-algerie.com\\\/actualites\\\/\",\"logo\":{\"@type\":\"ImageObject\",\"inLanguage\":\"fr-FR\",\"@id\":\"https:\\\/\\\/www.info-algerie.com\\\/actualites\\\/#\\\/schema\\\/logo\\\/image\\\/\",\"url\":\"https:\\\/\\\/www.info-algerie.com\\\/actualites\\\/wp-content\\\/uploads\\\/2022\\\/07\\\/logo-ia-120.png\",\"contentUrl\":\"https:\\\/\\\/www.info-algerie.com\\\/actualites\\\/wp-content\\\/uploads\\\/2022\\\/07\\\/logo-ia-120.png\",\"width\":120,\"height\":43,\"caption\":\"info algerie\"},\"image\":{\"@id\":\"https:\\\/\\\/www.info-algerie.com\\\/actualites\\\/#\\\/schema\\\/logo\\\/image\\\/\"},\"sameAs\":[\"https:\\\/\\\/www.facebook.com\\\/infoalgerieactu\",\"https:\\\/\\\/x.com\\\/infoalgerie1\"]},{\"@type\":\"Person\",\"@id\":\"https:\\\/\\\/www.info-algerie.com\\\/actualites\\\/#\\\/schema\\\/person\\\/847aaec44920825b843a08f30ec6aa1e\",\"name\":\"La r\u00e9daction\",\"image\":{\"@type\":\"ImageObject\",\"inLanguage\":\"fr-FR\",\"@id\":\"https:\\\/\\\/secure.gravatar.com\\\/avatar\\\/769db425c6f465158149f1ffd6cf61ce7a8a879d11dfbef8288af36dfddd418c?s=96&d=mm&r=g\",\"url\":\"https:\\\/\\\/secure.gravatar.com\\\/avatar\\\/769db425c6f465158149f1ffd6cf61ce7a8a879d11dfbef8288af36dfddd418c?s=96&d=mm&r=g\",\"contentUrl\":\"https:\\\/\\\/secure.gravatar.com\\\/avatar\\\/769db425c6f465158149f1ffd6cf61ce7a8a879d11dfbef8288af36dfddd418c?s=96&d=mm&r=g\",\"caption\":\"La r\u00e9daction\"},\"sameAs\":[\"http:\\\/\\\/www.lkeria.com\\\/\"],\"url\":\"https:\\\/\\\/www.info-algerie.com\\\/actualites\\\/author\\\/chakib32\\\/\"}]}<\/script>\n<!-- \/ Yoast SEO plugin. -->","yoast_head_json":{"title":"Reconnaissance par la France des crimes coloniaux: &quot;Que Macron passe aux actes&quot; - info algerie","robots":{"index":"index","follow":"follow","max-snippet":"max-snippet:-1","max-image-preview":"max-image-preview:large","max-video-preview":"max-video-preview:-1"},"canonical":"https:\/\/www.info-algerie.com\/actualites\/reconnaissance-par-la-france-des-crimes-coloniaux-que-macron-passe-aux-actes\/","og_locale":"fr_FR","og_type":"article","og_title":"Reconnaissance par la France des crimes coloniaux: &quot;Que Macron passe aux actes&quot; - info algerie","og_description":"PARIS- L&rsquo;universitaire Olivier Le Cour Grandmaison a souhait\u00e9 samedi que le pr\u00e9sident Emmanuel Macron\u00a0 passe aux actes \u00ab\u00a0apr\u00e8s sa d\u00e9claration \u00e0 Alger qualifiant la colonisation France de crime contre l&rsquo;humanit\u00e9\u00a0\u00bb. &#013; &#013; Lors d&rsquo;un d\u00e9placement \u00e0 Alger, le pr\u00e9sident de la R\u00e9publique, Emmanuel Macron, a qualifi\u00e9, alors qu&rsquo;il \u00e9tait candidat, la colonisation de crime contre","og_url":"https:\/\/www.info-algerie.com\/actualites\/reconnaissance-par-la-france-des-crimes-coloniaux-que-macron-passe-aux-actes\/","og_site_name":"info algerie","article_publisher":"https:\/\/www.facebook.com\/infoalgerieactu","article_published_time":"2017-09-30T12:21:06+00:00","og_image":[{"width":280,"height":169,"url":"https:\/\/www.info-algerie.com\/actualites\/wp-content\/uploads\/2017\/09\/7d6debb4a9a0947e02168e3411012761_S-1.jpg","type":"image\/jpeg"}],"author":"La r\u00e9daction","twitter_misc":{"\u00c9crit par":"La r\u00e9daction","Dur\u00e9e de lecture estim\u00e9e":"3 minutes"},"schema":{"@context":"https:\/\/schema.org","@graph":[{"@type":"Article","@id":"https:\/\/www.info-algerie.com\/actualites\/reconnaissance-par-la-france-des-crimes-coloniaux-que-macron-passe-aux-actes\/#article","isPartOf":{"@id":"https:\/\/www.info-algerie.com\/actualites\/reconnaissance-par-la-france-des-crimes-coloniaux-que-macron-passe-aux-actes\/"},"author":{"name":"La r\u00e9daction","@id":"https:\/\/www.info-algerie.com\/actualites\/#\/schema\/person\/847aaec44920825b843a08f30ec6aa1e"},"headline":"Reconnaissance par la France des crimes coloniaux: &quot;Que Macron passe aux actes&quot;","datePublished":"2017-09-30T12:21:06+00:00","mainEntityOfPage":{"@id":"https:\/\/www.info-algerie.com\/actualites\/reconnaissance-par-la-france-des-crimes-coloniaux-que-macron-passe-aux-actes\/"},"wordCount":751,"commentCount":0,"publisher":{"@id":"https:\/\/www.info-algerie.com\/actualites\/#organization"},"image":{"@id":"https:\/\/www.info-algerie.com\/actualites\/reconnaissance-par-la-france-des-crimes-coloniaux-que-macron-passe-aux-actes\/#primaryimage"},"thumbnailUrl":"https:\/\/www.info-algerie.com\/actualites\/wp-content\/uploads\/2017\/09\/7d6debb4a9a0947e02168e3411012761_S-1.jpg","keywords":["ONU"],"articleSection":["infos"],"inLanguage":"fr-FR","potentialAction":[{"@type":"CommentAction","name":"Comment","target":["https:\/\/www.info-algerie.com\/actualites\/reconnaissance-par-la-france-des-crimes-coloniaux-que-macron-passe-aux-actes\/#respond"]}]},{"@type":"WebPage","@id":"https:\/\/www.info-algerie.com\/actualites\/reconnaissance-par-la-france-des-crimes-coloniaux-que-macron-passe-aux-actes\/","url":"https:\/\/www.info-algerie.com\/actualites\/reconnaissance-par-la-france-des-crimes-coloniaux-que-macron-passe-aux-actes\/","name":"Reconnaissance par la France des crimes coloniaux: &quot;Que Macron passe aux actes&quot; - info algerie","isPartOf":{"@id":"https:\/\/www.info-algerie.com\/actualites\/#website"},"primaryImageOfPage":{"@id":"https:\/\/www.info-algerie.com\/actualites\/reconnaissance-par-la-france-des-crimes-coloniaux-que-macron-passe-aux-actes\/#primaryimage"},"image":{"@id":"https:\/\/www.info-algerie.com\/actualites\/reconnaissance-par-la-france-des-crimes-coloniaux-que-macron-passe-aux-actes\/#primaryimage"},"thumbnailUrl":"https:\/\/www.info-algerie.com\/actualites\/wp-content\/uploads\/2017\/09\/7d6debb4a9a0947e02168e3411012761_S-1.jpg","datePublished":"2017-09-30T12:21:06+00:00","breadcrumb":{"@id":"https:\/\/www.info-algerie.com\/actualites\/reconnaissance-par-la-france-des-crimes-coloniaux-que-macron-passe-aux-actes\/#breadcrumb"},"inLanguage":"fr-FR","potentialAction":[{"@type":"ReadAction","target":["https:\/\/www.info-algerie.com\/actualites\/reconnaissance-par-la-france-des-crimes-coloniaux-que-macron-passe-aux-actes\/"]}]},{"@type":"ImageObject","inLanguage":"fr-FR","@id":"https:\/\/www.info-algerie.com\/actualites\/reconnaissance-par-la-france-des-crimes-coloniaux-que-macron-passe-aux-actes\/#primaryimage","url":"https:\/\/www.info-algerie.com\/actualites\/wp-content\/uploads\/2017\/09\/7d6debb4a9a0947e02168e3411012761_S-1.jpg","contentUrl":"https:\/\/www.info-algerie.com\/actualites\/wp-content\/uploads\/2017\/09\/7d6debb4a9a0947e02168e3411012761_S-1.jpg","width":280,"height":169},{"@type":"BreadcrumbList","@id":"https:\/\/www.info-algerie.com\/actualites\/reconnaissance-par-la-france-des-crimes-coloniaux-que-macron-passe-aux-actes\/#breadcrumb","itemListElement":[{"@type":"ListItem","position":1,"name":"Accueil","item":"https:\/\/www.info-algerie.com\/actualites\/"},{"@type":"ListItem","position":2,"name":"Reconnaissance par la France des crimes coloniaux: &quot;Que Macron passe aux actes&quot;"}]},{"@type":"WebSite","@id":"https:\/\/www.info-algerie.com\/actualites\/#website","url":"https:\/\/www.info-algerie.com\/actualites\/","name":"info algerie","description":"Toutes les actualit\u00e9s","publisher":{"@id":"https:\/\/www.info-algerie.com\/actualites\/#organization"},"potentialAction":[{"@type":"SearchAction","target":{"@type":"EntryPoint","urlTemplate":"https:\/\/www.info-algerie.com\/actualites\/?s={search_term_string}"},"query-input":{"@type":"PropertyValueSpecification","valueRequired":true,"valueName":"search_term_string"}}],"inLanguage":"fr-FR"},{"@type":"Organization","@id":"https:\/\/www.info-algerie.com\/actualites\/#organization","name":"info algerie","url":"https:\/\/www.info-algerie.com\/actualites\/","logo":{"@type":"ImageObject","inLanguage":"fr-FR","@id":"https:\/\/www.info-algerie.com\/actualites\/#\/schema\/logo\/image\/","url":"https:\/\/www.info-algerie.com\/actualites\/wp-content\/uploads\/2022\/07\/logo-ia-120.png","contentUrl":"https:\/\/www.info-algerie.com\/actualites\/wp-content\/uploads\/2022\/07\/logo-ia-120.png","width":120,"height":43,"caption":"info algerie"},"image":{"@id":"https:\/\/www.info-algerie.com\/actualites\/#\/schema\/logo\/image\/"},"sameAs":["https:\/\/www.facebook.com\/infoalgerieactu","https:\/\/x.com\/infoalgerie1"]},{"@type":"Person","@id":"https:\/\/www.info-algerie.com\/actualites\/#\/schema\/person\/847aaec44920825b843a08f30ec6aa1e","name":"La r\u00e9daction","image":{"@type":"ImageObject","inLanguage":"fr-FR","@id":"https:\/\/secure.gravatar.com\/avatar\/769db425c6f465158149f1ffd6cf61ce7a8a879d11dfbef8288af36dfddd418c?s=96&d=mm&r=g","url":"https:\/\/secure.gravatar.com\/avatar\/769db425c6f465158149f1ffd6cf61ce7a8a879d11dfbef8288af36dfddd418c?s=96&d=mm&r=g","contentUrl":"https:\/\/secure.gravatar.com\/avatar\/769db425c6f465158149f1ffd6cf61ce7a8a879d11dfbef8288af36dfddd418c?s=96&d=mm&r=g","caption":"La r\u00e9daction"},"sameAs":["http:\/\/www.lkeria.com\/"],"url":"https:\/\/www.info-algerie.com\/actualites\/author\/chakib32\/"}]}},"_links":{"self":[{"href":"https:\/\/www.info-algerie.com\/actualites\/wp-json\/wp\/v2\/posts\/16473","targetHints":{"allow":["GET"]}}],"collection":[{"href":"https:\/\/www.info-algerie.com\/actualites\/wp-json\/wp\/v2\/posts"}],"about":[{"href":"https:\/\/www.info-algerie.com\/actualites\/wp-json\/wp\/v2\/types\/post"}],"author":[{"embeddable":true,"href":"https:\/\/www.info-algerie.com\/actualites\/wp-json\/wp\/v2\/users\/6"}],"replies":[{"embeddable":true,"href":"https:\/\/www.info-algerie.com\/actualites\/wp-json\/wp\/v2\/comments?post=16473"}],"version-history":[{"count":0,"href":"https:\/\/www.info-algerie.com\/actualites\/wp-json\/wp\/v2\/posts\/16473\/revisions"}],"wp:featuredmedia":[{"embeddable":true,"href":"https:\/\/www.info-algerie.com\/actualites\/wp-json\/wp\/v2\/media\/16474"}],"wp:attachment":[{"href":"https:\/\/www.info-algerie.com\/actualites\/wp-json\/wp\/v2\/media?parent=16473"}],"wp:term":[{"taxonomy":"category","embeddable":true,"href":"https:\/\/www.info-algerie.com\/actualites\/wp-json\/wp\/v2\/categories?post=16473"},{"taxonomy":"post_tag","embeddable":true,"href":"https:\/\/www.info-algerie.com\/actualites\/wp-json\/wp\/v2\/tags?post=16473"}],"curies":[{"name":"wp","href":"https:\/\/api.w.org\/{rel}","templated":true}]}}