{"id":16477,"date":"2017-09-30T18:17:03","date_gmt":"2017-09-30T17:17:03","guid":{"rendered":"http:\/\/www.info-algerie.com\/actualites\/un-terroriste-arrete-a-batna\/"},"modified":"2017-09-30T18:17:03","modified_gmt":"2017-09-30T17:17:03","slug":"un-terroriste-arrete-a-batna","status":"publish","type":"post","link":"https:\/\/www.info-algerie.com\/actualites\/un-terroriste-arrete-a-batna\/","title":{"rendered":"Un terroriste arr\u00eat\u00e9 \u00e0 Batna \u00a0"},"content":{"rendered":"<div class=\"K2FeedImage\"><img decoding=\"async\" src=\"https:\/\/www.info-algerie.com\/actualites\/wp-content\/uploads\/2017\/09\/872d8af85fc279724a247c208f158583_S.jpg\" alt=\"Un terroriste arr&#xEA;t&#xE9; &#xE0; Batna &#xA0;\" \/><\/div>\n<div class=\"K2FeedIntroText\">\n<p>ALGER- Un terroriste a \u00e9t\u00e9 arr\u00eat\u00e9 vendredi \u00e0 Batna par\u00a0 un d\u00e9tachement de l&rsquo;Arm\u00e9e nationale populaire (ANP)\u00a0gr\u00e2ce \u00e0 l&rsquo;exploitation efficiente de renseignements, indique samedi un\u00a0 communiqu\u00e9 du minist\u00e8re de la D\u00e9fense nationale (MDN).<\/p>\n<p>&#013;\n<\/p><\/div>\n<div class=\"K2FeedFullText\">&#013;<\/p>\n<p>\u00ab\u00a0Dans le cadre de la lutte antiterroriste, et gr\u00e2ce \u00e0 l\u2019exploitation\u00a0 efficiente de renseignements, un d\u00e9tachement de l\u2019Arm\u00e9e Nationale Populaire\u00a0 a arr\u00eat\u00e9, le 29 septembre 2017, un (01) terroriste \u00e0 Batna (5\u00e8me RM)\u00a0\u00bb,\u00a0 pr\u00e9cise la m\u00eame source.\u00a0<\/p>\n<p>&#013;<\/p>\n<p>Par ailleurs et suite \u00e0 l\u2019op\u00e9ration de qualit\u00e9 qui a permis la\u00a0 neutralisation d\u2019un terroriste dans la commune de l\u2019Emir Abdelkader, wilaya\u00a0 de Jijel (5\u00e8me RM), \u00ab\u00a0il a \u00e9t\u00e9 proc\u00e9d\u00e9 \u00e0 l\u2019identification dudit criminel: il s\u2019agit du dangereux terroriste B. Abderrezak, alias Anes, qui avait\u00a0 ralli\u00e9 les groupes terroristes en 1993\u00a0\u00bb, ajoute le MDN.\u00a0<\/p>\n<p>&#013;<\/p>\n<p>En outre et dans le cadre de la lutte contre la contrebande et la\u00a0 criminalit\u00e9 organis\u00e9e, un d\u00e9tachement de l\u2019ANP \u00a0\u00bb a arr\u00eat\u00e9 un (01)\u00a0narcotrafiquant \u00e0 bord d\u2019un v\u00e9hicule utilitaire en sa possession (50)\u00a0 kilogrammes de kif trait\u00e9\u00a0\u00bb.\u00a0<\/p>\n<p>&#013;<\/p>\n<p>D\u2019autres d\u00e9tachements \u00ab\u00a0ont arr\u00eat\u00e9 neuf (09) individus \u00e0 Biskra (4\u00e8me RM)\u00a0 et Tamanrasset (6\u00e8me RM) et ont saisi un camion, cinq (05) v\u00e9hicules\u00a0tout-terrain, (100) quintaux de fourrage de b\u00e9tail, (6,75) tonnes de\u00a0 denr\u00e9es alimentaire, (3,15) tonnes de farine, (400) litres d\u2019essence, (150)\u00a0litres d\u2019huile de moteurs et divers objets, tandis qu\u2019un autre d\u00e9tachement\u00a0 de l\u2019ANP et les \u00e9l\u00e9ments de la Gendarmerie Nationale ont saisi, \u00e0 Adrar\u00a0(3\u00e8me RM) et El-Oued (4\u00e8me RM) (3481) unit\u00e9s de diff\u00e9rentes boissons\u00a0\u00bb,\u00a0 conclut le communiqu\u00e9.<\/p>\n<\/div>\n<p>&#013;<br \/>\nSource: <a href=\"http:\/\/www.aps.dz\/algerie\/63447-un-terroriste-arrete-a-batna\" target=\"_blank\">Un terroriste arr\u00eat\u00e9 \u00e0 Batna \u00a0<\/a><\/p>\n<!--CusAds0-->\n<div style=\"font-size: 0px; height: 0px; line-height: 0px; margin: 0; padding: 0; clear: both;\"><\/div>","protected":false},"excerpt":{"rendered":"<p>ALGER- Un terroriste a \u00e9t\u00e9 arr\u00eat\u00e9 vendredi \u00e0 Batna par\u00a0 un d\u00e9tachement de l&rsquo;Arm\u00e9e nationale populaire (ANP)\u00a0gr\u00e2ce \u00e0 l&rsquo;exploitation efficiente de renseignements, indique samedi un\u00a0 communiqu\u00e9 du minist\u00e8re de la D\u00e9fense nationale (MDN). &#013; &#013; \u00ab\u00a0Dans le cadre de la lutte antiterroriste, et gr\u00e2ce \u00e0 l\u2019exploitation\u00a0 efficiente de renseignements, un d\u00e9tachement de l\u2019Arm\u00e9e Nationale Populaire\u00a0<\/p>\n","protected":false},"author":6,"featured_media":16478,"comment_status":"open","ping_status":"open","sticky":false,"template":"","format":"standard","meta":{"footnotes":""},"categories":[22],"tags":[93],"class_list":["post-16477","post","type-post","status-publish","format-standard","has-post-thumbnail","hentry","category-infos","tag-onu"],"yoast_head":"<!-- This site is optimized with the Yoast SEO plugin v27.5 - https:\/\/yoast.com\/product\/yoast-seo-wordpress\/ -->\n<title>Un terroriste arr\u00eat\u00e9 \u00e0 Batna \u00a0 - info algerie<\/title>\n<meta name=\"robots\" content=\"index, follow, max-snippet:-1, max-image-preview:large, max-video-preview:-1\" \/>\n<link rel=\"canonical\" href=\"https:\/\/www.info-algerie.com\/actualites\/un-terroriste-arrete-a-batna\/\" \/>\n<meta property=\"og:locale\" content=\"fr_FR\" \/>\n<meta property=\"og:type\" content=\"article\" \/>\n<meta property=\"og:title\" content=\"Un terroriste arr\u00eat\u00e9 \u00e0 Batna \u00a0 - info algerie\" \/>\n<meta property=\"og:description\" content=\"ALGER- Un terroriste a \u00e9t\u00e9 arr\u00eat\u00e9 vendredi \u00e0 Batna par\u00a0 un d\u00e9tachement de l&rsquo;Arm\u00e9e nationale populaire (ANP)\u00a0gr\u00e2ce \u00e0 l&rsquo;exploitation efficiente de renseignements, indique samedi un\u00a0 communiqu\u00e9 du minist\u00e8re de la D\u00e9fense nationale (MDN). &#013; &#013; \u00ab\u00a0Dans le cadre de la lutte antiterroriste, et gr\u00e2ce \u00e0 l\u2019exploitation\u00a0 efficiente de renseignements, un d\u00e9tachement de l\u2019Arm\u00e9e Nationale Populaire\u00a0\" \/>\n<meta property=\"og:url\" content=\"https:\/\/www.info-algerie.com\/actualites\/un-terroriste-arrete-a-batna\/\" \/>\n<meta property=\"og:site_name\" content=\"info algerie\" \/>\n<meta property=\"article:publisher\" content=\"https:\/\/www.facebook.com\/infoalgerieactu\" \/>\n<meta property=\"article:published_time\" content=\"2017-09-30T17:17:03+00:00\" \/>\n<meta property=\"og:image\" content=\"https:\/\/www.info-algerie.com\/actualites\/wp-content\/uploads\/2017\/09\/872d8af85fc279724a247c208f158583_S-1.jpg\" \/>\n\t<meta property=\"og:image:width\" content=\"280\" \/>\n\t<meta property=\"og:image:height\" content=\"169\" \/>\n\t<meta property=\"og:image:type\" content=\"image\/jpeg\" \/>\n<meta name=\"author\" content=\"La r\u00e9daction\" \/>\n<meta name=\"twitter:label1\" content=\"\u00c9crit par\" \/>\n\t<meta name=\"twitter:data1\" content=\"La r\u00e9daction\" \/>\n\t<meta name=\"twitter:label2\" content=\"Dur\u00e9e de lecture estim\u00e9e\" \/>\n\t<meta name=\"twitter:data2\" content=\"1 minute\" \/>\n<script type=\"application\/ld+json\" class=\"yoast-schema-graph\">{\"@context\":\"https:\\\/\\\/schema.org\",\"@graph\":[{\"@type\":\"Article\",\"@id\":\"https:\\\/\\\/www.info-algerie.com\\\/actualites\\\/un-terroriste-arrete-a-batna\\\/#article\",\"isPartOf\":{\"@id\":\"https:\\\/\\\/www.info-algerie.com\\\/actualites\\\/un-terroriste-arrete-a-batna\\\/\"},\"author\":{\"name\":\"La r\u00e9daction\",\"@id\":\"https:\\\/\\\/www.info-algerie.com\\\/actualites\\\/#\\\/schema\\\/person\\\/847aaec44920825b843a08f30ec6aa1e\"},\"headline\":\"Un terroriste arr\u00eat\u00e9 \u00e0 Batna \u00a0\",\"datePublished\":\"2017-09-30T17:17:03+00:00\",\"mainEntityOfPage\":{\"@id\":\"https:\\\/\\\/www.info-algerie.com\\\/actualites\\\/un-terroriste-arrete-a-batna\\\/\"},\"wordCount\":275,\"commentCount\":0,\"publisher\":{\"@id\":\"https:\\\/\\\/www.info-algerie.com\\\/actualites\\\/#organization\"},\"image\":{\"@id\":\"https:\\\/\\\/www.info-algerie.com\\\/actualites\\\/un-terroriste-arrete-a-batna\\\/#primaryimage\"},\"thumbnailUrl\":\"https:\\\/\\\/www.info-algerie.com\\\/actualites\\\/wp-content\\\/uploads\\\/2017\\\/09\\\/872d8af85fc279724a247c208f158583_S-1.jpg\",\"keywords\":[\"ONU\"],\"articleSection\":[\"infos\"],\"inLanguage\":\"fr-FR\",\"potentialAction\":[{\"@type\":\"CommentAction\",\"name\":\"Comment\",\"target\":[\"https:\\\/\\\/www.info-algerie.com\\\/actualites\\\/un-terroriste-arrete-a-batna\\\/#respond\"]}]},{\"@type\":\"WebPage\",\"@id\":\"https:\\\/\\\/www.info-algerie.com\\\/actualites\\\/un-terroriste-arrete-a-batna\\\/\",\"url\":\"https:\\\/\\\/www.info-algerie.com\\\/actualites\\\/un-terroriste-arrete-a-batna\\\/\",\"name\":\"Un terroriste arr\u00eat\u00e9 \u00e0 Batna \u00a0 - info algerie\",\"isPartOf\":{\"@id\":\"https:\\\/\\\/www.info-algerie.com\\\/actualites\\\/#website\"},\"primaryImageOfPage\":{\"@id\":\"https:\\\/\\\/www.info-algerie.com\\\/actualites\\\/un-terroriste-arrete-a-batna\\\/#primaryimage\"},\"image\":{\"@id\":\"https:\\\/\\\/www.info-algerie.com\\\/actualites\\\/un-terroriste-arrete-a-batna\\\/#primaryimage\"},\"thumbnailUrl\":\"https:\\\/\\\/www.info-algerie.com\\\/actualites\\\/wp-content\\\/uploads\\\/2017\\\/09\\\/872d8af85fc279724a247c208f158583_S-1.jpg\",\"datePublished\":\"2017-09-30T17:17:03+00:00\",\"breadcrumb\":{\"@id\":\"https:\\\/\\\/www.info-algerie.com\\\/actualites\\\/un-terroriste-arrete-a-batna\\\/#breadcrumb\"},\"inLanguage\":\"fr-FR\",\"potentialAction\":[{\"@type\":\"ReadAction\",\"target\":[\"https:\\\/\\\/www.info-algerie.com\\\/actualites\\\/un-terroriste-arrete-a-batna\\\/\"]}]},{\"@type\":\"ImageObject\",\"inLanguage\":\"fr-FR\",\"@id\":\"https:\\\/\\\/www.info-algerie.com\\\/actualites\\\/un-terroriste-arrete-a-batna\\\/#primaryimage\",\"url\":\"https:\\\/\\\/www.info-algerie.com\\\/actualites\\\/wp-content\\\/uploads\\\/2017\\\/09\\\/872d8af85fc279724a247c208f158583_S-1.jpg\",\"contentUrl\":\"https:\\\/\\\/www.info-algerie.com\\\/actualites\\\/wp-content\\\/uploads\\\/2017\\\/09\\\/872d8af85fc279724a247c208f158583_S-1.jpg\",\"width\":280,\"height\":169},{\"@type\":\"BreadcrumbList\",\"@id\":\"https:\\\/\\\/www.info-algerie.com\\\/actualites\\\/un-terroriste-arrete-a-batna\\\/#breadcrumb\",\"itemListElement\":[{\"@type\":\"ListItem\",\"position\":1,\"name\":\"Accueil\",\"item\":\"https:\\\/\\\/www.info-algerie.com\\\/actualites\\\/\"},{\"@type\":\"ListItem\",\"position\":2,\"name\":\"Un terroriste arr\u00eat\u00e9 \u00e0 Batna \u00a0\"}]},{\"@type\":\"WebSite\",\"@id\":\"https:\\\/\\\/www.info-algerie.com\\\/actualites\\\/#website\",\"url\":\"https:\\\/\\\/www.info-algerie.com\\\/actualites\\\/\",\"name\":\"info algerie\",\"description\":\"Toutes les actualit\u00e9s\",\"publisher\":{\"@id\":\"https:\\\/\\\/www.info-algerie.com\\\/actualites\\\/#organization\"},\"potentialAction\":[{\"@type\":\"SearchAction\",\"target\":{\"@type\":\"EntryPoint\",\"urlTemplate\":\"https:\\\/\\\/www.info-algerie.com\\\/actualites\\\/?s={search_term_string}\"},\"query-input\":{\"@type\":\"PropertyValueSpecification\",\"valueRequired\":true,\"valueName\":\"search_term_string\"}}],\"inLanguage\":\"fr-FR\"},{\"@type\":\"Organization\",\"@id\":\"https:\\\/\\\/www.info-algerie.com\\\/actualites\\\/#organization\",\"name\":\"info algerie\",\"url\":\"https:\\\/\\\/www.info-algerie.com\\\/actualites\\\/\",\"logo\":{\"@type\":\"ImageObject\",\"inLanguage\":\"fr-FR\",\"@id\":\"https:\\\/\\\/www.info-algerie.com\\\/actualites\\\/#\\\/schema\\\/logo\\\/image\\\/\",\"url\":\"https:\\\/\\\/www.info-algerie.com\\\/actualites\\\/wp-content\\\/uploads\\\/2022\\\/07\\\/logo-ia-120.png\",\"contentUrl\":\"https:\\\/\\\/www.info-algerie.com\\\/actualites\\\/wp-content\\\/uploads\\\/2022\\\/07\\\/logo-ia-120.png\",\"width\":120,\"height\":43,\"caption\":\"info algerie\"},\"image\":{\"@id\":\"https:\\\/\\\/www.info-algerie.com\\\/actualites\\\/#\\\/schema\\\/logo\\\/image\\\/\"},\"sameAs\":[\"https:\\\/\\\/www.facebook.com\\\/infoalgerieactu\",\"https:\\\/\\\/x.com\\\/infoalgerie1\"]},{\"@type\":\"Person\",\"@id\":\"https:\\\/\\\/www.info-algerie.com\\\/actualites\\\/#\\\/schema\\\/person\\\/847aaec44920825b843a08f30ec6aa1e\",\"name\":\"La r\u00e9daction\",\"image\":{\"@type\":\"ImageObject\",\"inLanguage\":\"fr-FR\",\"@id\":\"https:\\\/\\\/secure.gravatar.com\\\/avatar\\\/769db425c6f465158149f1ffd6cf61ce7a8a879d11dfbef8288af36dfddd418c?s=96&d=mm&r=g\",\"url\":\"https:\\\/\\\/secure.gravatar.com\\\/avatar\\\/769db425c6f465158149f1ffd6cf61ce7a8a879d11dfbef8288af36dfddd418c?s=96&d=mm&r=g\",\"contentUrl\":\"https:\\\/\\\/secure.gravatar.com\\\/avatar\\\/769db425c6f465158149f1ffd6cf61ce7a8a879d11dfbef8288af36dfddd418c?s=96&d=mm&r=g\",\"caption\":\"La r\u00e9daction\"},\"sameAs\":[\"http:\\\/\\\/www.lkeria.com\\\/\"],\"url\":\"https:\\\/\\\/www.info-algerie.com\\\/actualites\\\/author\\\/chakib32\\\/\"}]}<\/script>\n<!-- \/ Yoast SEO plugin. -->","yoast_head_json":{"title":"Un terroriste arr\u00eat\u00e9 \u00e0 Batna \u00a0 - info algerie","robots":{"index":"index","follow":"follow","max-snippet":"max-snippet:-1","max-image-preview":"max-image-preview:large","max-video-preview":"max-video-preview:-1"},"canonical":"https:\/\/www.info-algerie.com\/actualites\/un-terroriste-arrete-a-batna\/","og_locale":"fr_FR","og_type":"article","og_title":"Un terroriste arr\u00eat\u00e9 \u00e0 Batna \u00a0 - info algerie","og_description":"ALGER- Un terroriste a \u00e9t\u00e9 arr\u00eat\u00e9 vendredi \u00e0 Batna par\u00a0 un d\u00e9tachement de l&rsquo;Arm\u00e9e nationale populaire (ANP)\u00a0gr\u00e2ce \u00e0 l&rsquo;exploitation efficiente de renseignements, indique samedi un\u00a0 communiqu\u00e9 du minist\u00e8re de la D\u00e9fense nationale (MDN). &#013; &#013; \u00ab\u00a0Dans le cadre de la lutte antiterroriste, et gr\u00e2ce \u00e0 l\u2019exploitation\u00a0 efficiente de renseignements, un d\u00e9tachement de l\u2019Arm\u00e9e Nationale Populaire\u00a0","og_url":"https:\/\/www.info-algerie.com\/actualites\/un-terroriste-arrete-a-batna\/","og_site_name":"info algerie","article_publisher":"https:\/\/www.facebook.com\/infoalgerieactu","article_published_time":"2017-09-30T17:17:03+00:00","og_image":[{"width":280,"height":169,"url":"https:\/\/www.info-algerie.com\/actualites\/wp-content\/uploads\/2017\/09\/872d8af85fc279724a247c208f158583_S-1.jpg","type":"image\/jpeg"}],"author":"La r\u00e9daction","twitter_misc":{"\u00c9crit par":"La r\u00e9daction","Dur\u00e9e de lecture estim\u00e9e":"1 minute"},"schema":{"@context":"https:\/\/schema.org","@graph":[{"@type":"Article","@id":"https:\/\/www.info-algerie.com\/actualites\/un-terroriste-arrete-a-batna\/#article","isPartOf":{"@id":"https:\/\/www.info-algerie.com\/actualites\/un-terroriste-arrete-a-batna\/"},"author":{"name":"La r\u00e9daction","@id":"https:\/\/www.info-algerie.com\/actualites\/#\/schema\/person\/847aaec44920825b843a08f30ec6aa1e"},"headline":"Un terroriste arr\u00eat\u00e9 \u00e0 Batna \u00a0","datePublished":"2017-09-30T17:17:03+00:00","mainEntityOfPage":{"@id":"https:\/\/www.info-algerie.com\/actualites\/un-terroriste-arrete-a-batna\/"},"wordCount":275,"commentCount":0,"publisher":{"@id":"https:\/\/www.info-algerie.com\/actualites\/#organization"},"image":{"@id":"https:\/\/www.info-algerie.com\/actualites\/un-terroriste-arrete-a-batna\/#primaryimage"},"thumbnailUrl":"https:\/\/www.info-algerie.com\/actualites\/wp-content\/uploads\/2017\/09\/872d8af85fc279724a247c208f158583_S-1.jpg","keywords":["ONU"],"articleSection":["infos"],"inLanguage":"fr-FR","potentialAction":[{"@type":"CommentAction","name":"Comment","target":["https:\/\/www.info-algerie.com\/actualites\/un-terroriste-arrete-a-batna\/#respond"]}]},{"@type":"WebPage","@id":"https:\/\/www.info-algerie.com\/actualites\/un-terroriste-arrete-a-batna\/","url":"https:\/\/www.info-algerie.com\/actualites\/un-terroriste-arrete-a-batna\/","name":"Un terroriste arr\u00eat\u00e9 \u00e0 Batna \u00a0 - info algerie","isPartOf":{"@id":"https:\/\/www.info-algerie.com\/actualites\/#website"},"primaryImageOfPage":{"@id":"https:\/\/www.info-algerie.com\/actualites\/un-terroriste-arrete-a-batna\/#primaryimage"},"image":{"@id":"https:\/\/www.info-algerie.com\/actualites\/un-terroriste-arrete-a-batna\/#primaryimage"},"thumbnailUrl":"https:\/\/www.info-algerie.com\/actualites\/wp-content\/uploads\/2017\/09\/872d8af85fc279724a247c208f158583_S-1.jpg","datePublished":"2017-09-30T17:17:03+00:00","breadcrumb":{"@id":"https:\/\/www.info-algerie.com\/actualites\/un-terroriste-arrete-a-batna\/#breadcrumb"},"inLanguage":"fr-FR","potentialAction":[{"@type":"ReadAction","target":["https:\/\/www.info-algerie.com\/actualites\/un-terroriste-arrete-a-batna\/"]}]},{"@type":"ImageObject","inLanguage":"fr-FR","@id":"https:\/\/www.info-algerie.com\/actualites\/un-terroriste-arrete-a-batna\/#primaryimage","url":"https:\/\/www.info-algerie.com\/actualites\/wp-content\/uploads\/2017\/09\/872d8af85fc279724a247c208f158583_S-1.jpg","contentUrl":"https:\/\/www.info-algerie.com\/actualites\/wp-content\/uploads\/2017\/09\/872d8af85fc279724a247c208f158583_S-1.jpg","width":280,"height":169},{"@type":"BreadcrumbList","@id":"https:\/\/www.info-algerie.com\/actualites\/un-terroriste-arrete-a-batna\/#breadcrumb","itemListElement":[{"@type":"ListItem","position":1,"name":"Accueil","item":"https:\/\/www.info-algerie.com\/actualites\/"},{"@type":"ListItem","position":2,"name":"Un terroriste arr\u00eat\u00e9 \u00e0 Batna \u00a0"}]},{"@type":"WebSite","@id":"https:\/\/www.info-algerie.com\/actualites\/#website","url":"https:\/\/www.info-algerie.com\/actualites\/","name":"info algerie","description":"Toutes les actualit\u00e9s","publisher":{"@id":"https:\/\/www.info-algerie.com\/actualites\/#organization"},"potentialAction":[{"@type":"SearchAction","target":{"@type":"EntryPoint","urlTemplate":"https:\/\/www.info-algerie.com\/actualites\/?s={search_term_string}"},"query-input":{"@type":"PropertyValueSpecification","valueRequired":true,"valueName":"search_term_string"}}],"inLanguage":"fr-FR"},{"@type":"Organization","@id":"https:\/\/www.info-algerie.com\/actualites\/#organization","name":"info algerie","url":"https:\/\/www.info-algerie.com\/actualites\/","logo":{"@type":"ImageObject","inLanguage":"fr-FR","@id":"https:\/\/www.info-algerie.com\/actualites\/#\/schema\/logo\/image\/","url":"https:\/\/www.info-algerie.com\/actualites\/wp-content\/uploads\/2022\/07\/logo-ia-120.png","contentUrl":"https:\/\/www.info-algerie.com\/actualites\/wp-content\/uploads\/2022\/07\/logo-ia-120.png","width":120,"height":43,"caption":"info algerie"},"image":{"@id":"https:\/\/www.info-algerie.com\/actualites\/#\/schema\/logo\/image\/"},"sameAs":["https:\/\/www.facebook.com\/infoalgerieactu","https:\/\/x.com\/infoalgerie1"]},{"@type":"Person","@id":"https:\/\/www.info-algerie.com\/actualites\/#\/schema\/person\/847aaec44920825b843a08f30ec6aa1e","name":"La r\u00e9daction","image":{"@type":"ImageObject","inLanguage":"fr-FR","@id":"https:\/\/secure.gravatar.com\/avatar\/769db425c6f465158149f1ffd6cf61ce7a8a879d11dfbef8288af36dfddd418c?s=96&d=mm&r=g","url":"https:\/\/secure.gravatar.com\/avatar\/769db425c6f465158149f1ffd6cf61ce7a8a879d11dfbef8288af36dfddd418c?s=96&d=mm&r=g","contentUrl":"https:\/\/secure.gravatar.com\/avatar\/769db425c6f465158149f1ffd6cf61ce7a8a879d11dfbef8288af36dfddd418c?s=96&d=mm&r=g","caption":"La r\u00e9daction"},"sameAs":["http:\/\/www.lkeria.com\/"],"url":"https:\/\/www.info-algerie.com\/actualites\/author\/chakib32\/"}]}},"_links":{"self":[{"href":"https:\/\/www.info-algerie.com\/actualites\/wp-json\/wp\/v2\/posts\/16477","targetHints":{"allow":["GET"]}}],"collection":[{"href":"https:\/\/www.info-algerie.com\/actualites\/wp-json\/wp\/v2\/posts"}],"about":[{"href":"https:\/\/www.info-algerie.com\/actualites\/wp-json\/wp\/v2\/types\/post"}],"author":[{"embeddable":true,"href":"https:\/\/www.info-algerie.com\/actualites\/wp-json\/wp\/v2\/users\/6"}],"replies":[{"embeddable":true,"href":"https:\/\/www.info-algerie.com\/actualites\/wp-json\/wp\/v2\/comments?post=16477"}],"version-history":[{"count":0,"href":"https:\/\/www.info-algerie.com\/actualites\/wp-json\/wp\/v2\/posts\/16477\/revisions"}],"wp:featuredmedia":[{"embeddable":true,"href":"https:\/\/www.info-algerie.com\/actualites\/wp-json\/wp\/v2\/media\/16478"}],"wp:attachment":[{"href":"https:\/\/www.info-algerie.com\/actualites\/wp-json\/wp\/v2\/media?parent=16477"}],"wp:term":[{"taxonomy":"category","embeddable":true,"href":"https:\/\/www.info-algerie.com\/actualites\/wp-json\/wp\/v2\/categories?post=16477"},{"taxonomy":"post_tag","embeddable":true,"href":"https:\/\/www.info-algerie.com\/actualites\/wp-json\/wp\/v2\/tags?post=16477"}],"curies":[{"name":"wp","href":"https:\/\/api.w.org\/{rel}","templated":true}]}}