{"id":16481,"date":"2017-09-30T14:37:13","date_gmt":"2017-09-30T13:37:13","guid":{"rendered":"http:\/\/www.info-algerie.com\/actualites\/hisser-la-flotte-navale-aux-rangs-de-la-modernite-et-de-lefficacite-operationnelle\/"},"modified":"2017-09-30T14:37:13","modified_gmt":"2017-09-30T13:37:13","slug":"hisser-la-flotte-navale-aux-rangs-de-la-modernite-et-de-lefficacite-operationnelle","status":"publish","type":"post","link":"https:\/\/www.info-algerie.com\/actualites\/hisser-la-flotte-navale-aux-rangs-de-la-modernite-et-de-lefficacite-operationnelle\/","title":{"rendered":"Hisser la flotte navale aux rangs de &quot;la modernit\u00e9 et de l\u2019efficacit\u00e9 op\u00e9rationnelle&quot;"},"content":{"rendered":"<div class=\"K2FeedImage\"><img decoding=\"async\" src=\"https:\/\/www.info-algerie.com\/actualites\/wp-content\/uploads\/2017\/09\/13066d7a82f0df086d9bc5b6781bc4ea_S.jpg\" \/><\/div>\n<div class=\"K2FeedIntroText\">\n<p>ALGER &#8211; Le g\u00e9n\u00e9ral de Corps d&rsquo;Arm\u00e9e, Ahmed Ga\u00efd Salah, vice-ministre de la D\u00e9fense nationale, chef d&rsquo;Etat-major de l\u2019Arm\u00e9e nationale populaire (ANP), a soulign\u00e9 samedi \u00e0 Alger la volont\u00e9 du Haut Commandement de l\u2019Arm\u00e9e \u00e0 hisser la flotte navale nationale aux rangs de la \u00ab\u00a0modernit\u00e9, du progr\u00e8s et de l\u2019efficacit\u00e9 op\u00e9rationnelle\u00a0\u00bb, indique un communiqu\u00e9 du minist\u00e8re de la D\u00e9fense nationale (MDN) rendu public \u00e0 l&rsquo;issue de sa visite au Commandement des Forces navales.<\/p>\n<p>&#013;\n<\/p><\/div>\n<div class=\"K2FeedFullText\">&#013;<\/p>\n<p>\u00ab\u00a0C\u2019est dans cette optique que ces efforts ont \u00e9t\u00e9 consentis, et pour cette fin que nos Forces Navales se renforcent, aujourd\u2019hui, par ce b\u00e2timent chasseur de mines + El Kasseh-1+, une r\u00e9alisation qui rejoint parfaitement notre objectif ultime, hisser notre flotte navale aux rangs de la modernit\u00e9, du progr\u00e8s et de l\u2019efficacit\u00e9 op\u00e9rationnelle, sur la base d\u2019une composante humaine qualifi\u00e9e, scientifiquement, techniquement et technologiquement, en accord avec les missions qui lui sont assign\u00e9es, capable d\u2019exploiter les \u00e9quipements modernes mis \u00e0 sa disposition, d\u00e9termin\u00e9e \u00e0 accompagner notre flotte navale \u00e0 gagner l\u2019enjeu de la disponibilit\u00e9 permanente et de la puissance dissuasive, afin de s\u2019acquitter de ses missions avec l\u2019efficacit\u00e9 requise, en coordination totale avec les autres Forces, consolidant sa pr\u00e9sence permanente et efficiente au sein du bassin m\u00e9diterran\u00e9en, r\u00e9affirmant ainsi sa place m\u00e9rit\u00e9e, dont notre Pays jouit dans cette zone strat\u00e9gique\u00a0\u00bb.<\/p>\n<p>&#013;<\/p>\n<hr \/>\n<p>Lire aussi : <a href=\"http:\/\/www.aps.dz\/algerie\/63282-m-gaid-salah-supervise-l-exercice-tactique-de-tirs-reels-assifa-2017-a-oran\">M. Ga\u00efd Salah supervise l&rsquo;exercice tactique de tirs r\u00e9els ASSIFA 2017 \u00e0 Oran<\/a><\/p>\n<p>&#013;<\/p>\n<hr \/>\n<p>M. Ga\u00efd Salah a tenu une rencontre d\u2019orientation avec l\u2019\u00e9quipage, les cadres et les \u00e9l\u00e9ments des Forces navales, o\u00f9 il a prononc\u00e9 une allocution, suivie via visioconf\u00e9rence par l\u2019ensemble des unit\u00e9s des Forces navales, les f\u00e9licitant de cette \u00ab\u00a0importante et moderne\u00a0\u00bb r\u00e9alisation, en rappelant les efforts consentis pour le d\u00e9veloppement et la modernisation de nos Forces navales, sous les orientations du Pr\u00e9sident de la R\u00e9publique, chef supr\u00eame des Forces arm\u00e9es, ministre de la D\u00e9fense nationale.<\/p>\n<p>&#013;<\/p>\n<p>\u00ab\u00a0Il est d\u00e9sormais \u00e9vident, dans le conscient de tous, que la vision de l\u2019ANP, digne h\u00e9riti\u00e8re de l\u2019Arm\u00e9e de lib\u00e9ration nationale, et son approche dans le domaine de d\u00e9veloppement, dans toutes ses ramifications, est une vision d\u2019une approche compl\u00e8te, o\u00f9 les diff\u00e9rentes Forces sont compl\u00e9mentaires, en concordance avec l\u2019essence du syst\u00e8me unique qui forme le corps de bataille de nos Forces arm\u00e9es dans toutes leurs composantes.\u00a0<\/p>\n<p>&#013;<\/p>\n<p>Ainsi et \u00e0 la lumi\u00e8re de cette vision clairvoyante nous veillons, toujours, \u00e0 consolider ce principe effectif, professionnel, objectif, r\u00e9el et rationnel\u00a0\u00bb, a-t-il dit.<\/p>\n<p>&#013;<\/p>\n<blockquote><p>&#013;<\/p>\n<p>\u00ab\u00a0Sur la voie de ce parcours, notre Arm\u00e9e continue, sous l\u2019\u00e9gide et l\u2019appui de son excellence, monsieur le Pr\u00e9sident de la R\u00e9publique, chef supr\u00eame des Forces arm\u00e9es, ministre de la D\u00e9fense nationale, \u00e0 fournir ces efforts fructueux, dont les r\u00e9sultats sont prouv\u00e9s sur le terrain, et qui ont contribu\u00e9 \u00e0 mener nos Forces arm\u00e9es, dans toutes leurs composantes, \u00e0 un rang sup\u00e9rieur en termes de puissance et d\u2019\u00e9volution, sur plus d\u2019un niveau\u00a0\u00bb, a-t-il ajout\u00e9.<\/p>\n<p>&#013;\n<\/p><\/blockquote>\n<p>&#013;<\/p>\n<p>\u00ab\u00a0Il nous a \u00e9t\u00e9 imp\u00e9ratif, afin d\u2019assurer l\u2019aboutissement des actions et de garantir tous les facteurs de r\u00e9ussite et de succ\u00e8s dans les missions assign\u00e9es (&#8230;) d\u2019accorder une importance capitale, et de conf\u00e9rer une consid\u00e9ration continue quant \u00e0 l\u2019enracinement du sens du devoir national au\u00a0<\/p>\n<p>&#013;<\/p>\n<p>sein des personnels militaires, dans toutes leurs cat\u00e9gories, leurs rangs et leurs niveaux de responsabilit\u00e9s, afin d\u2019ancrer dans les esprits et les \u00e2mes, voire dans les c\u0153urs, cette conscience immuable et d\u00e9termin\u00e9e, que l\u2019Alg\u00e9rie, terre des martyrs est le but ultime de ses fils d\u00e9vou\u00e9s et la finalit\u00e9 de leurs pens\u00e9es et espoirs, et qu\u2019elle n\u00e9cessite en permanence, plus d\u2019efforts et davantage de travail laborieux et pers\u00e9v\u00e9rant, car une Alg\u00e9rie forte est une Alg\u00e9rie pr\u00e9serv\u00e9e et omnipotente \u00ab\u00a0, a-t-il soutenu.<\/p>\n<p>&#013;<\/p>\n<p>A l\u2019issue de cette rencontre, le g\u00e9n\u00e9ral de Corps d&rsquo;arm\u00e9e a donn\u00e9 des instructions et des orientations au commandement du b\u00e2timent chasseur de mines et \u00e0 son \u00e9quipage, les exhortant \u00e0 veiller \u00e0 sa pr\u00e9servation et sa maintenance p\u00e9riodique, conform\u00e9ment aux normes en vigueur, afin de maintenir sa \u00ab\u00a0disponibilit\u00e9 op\u00e9rationnelle aux plus hauts niveaux\u00a0\u00bb.<\/p>\n<p>&#013;<\/p>\n<hr \/>\n<p>Lire aussi : <a href=\"http:\/\/www.aps.dz\/algerie\/63224-les-hauts-niveaux-atteints-par-l-anp-sont-le-fruit-d-efforts-continus-gaid-salah\">Les hauts niveaux atteints par l\u2019ANP sont le fruit d&rsquo;efforts \u00ab\u00a0continus\u00a0\u00bb<\/a><\/p>\n<p>&#013;<\/p>\n<hr \/>\n<p>A leur tour, les membres de l\u2019\u00e9quipage ont exprim\u00e9 leur \u00ab\u00a0satisfaction\u00a0\u00bb d\u2019appartenir \u00e0 cette unit\u00e9 ainsi que leur \u00ab\u00a0fiert\u00e9 quant \u00e0 cet important acquis des Forces Navales\u00a0\u00bb, r\u00e9affirmant leur \u00ab\u00a0d\u00e9termination \u00e0 demeurer les garants ind\u00e9fectibles dans la sauvegarde de la souverainet\u00e9 nationale et la d\u00e9fense de nos eaux territoriales\u00a0\u00bb.<\/p>\n<p>&#013;<\/p>\n<p>Apr\u00e8s une c\u00e9r\u00e9monie d\u2019accueil marquant l\u2019entame de la visite, et en rendant hommage aux grands sacrifices des chouhada de la Glorieuse R\u00e9volution de Lib\u00e9ration, le g\u00e9n\u00e9ral de Corps d&rsquo;arm\u00e9e a observ\u00e9 un moment de recueillement sur l\u2019\u00e2me du chahid Souidani Boudjem\u00e2a, dont le nom est port\u00e9 par le si\u00e8ge du Commandement des Forces navales.<\/p>\n<p>&#013;<\/p>\n<p>Par la suite, M. Ga\u00efd Salah a proc\u00e9d\u00e9 \u00e0 l\u2019inspection du b\u00e2timent chasseur de mines El Kasseh-1, num\u00e9ro de bord 501, \u00e9quip\u00e9 des derni\u00e8res technologies de pointe dans les domaines militaire et naval, capable d\u2019op\u00e9rer et d\u2019intervenir dans un rayon tr\u00e8s large pour accomplir diverses missions.\u00a0<\/p>\n<p>&#013;<\/p>\n<p>Ce b\u00e2timent vient renforcer nos Forces navales dans le cadre du plan de d\u00e9veloppement, visant \u00e0 moderniser notre flotte navale, et qui contribuera \u00e0 rehausser les capacit\u00e9s de d\u00e9fense de l\u2019Arm\u00e9e nationale populaire.<\/p>\n<p>&#013;<\/p>\n<p>\u00a0<\/p>\n<p>&#013;<\/p>\n<p class=\"MsoNormal\">Le g\u00e9n\u00e9ral de Corps d&rsquo;arm\u00e9e a inspect\u00e9 les diff\u00e9rents compartiments et parties du b\u00e2timent, o\u00f9 d\u2019amples explications lui ont \u00e9t\u00e9 donn\u00e9es \u00e0 propos de ses composantes, ses caract\u00e9ristiques et son armement.\u00a0<\/p>\n<\/div>\n<p>&#013;<br \/>\nSource: <a href=\"http:\/\/www.aps.dz\/algerie\/63435-hisser-la-flotte-navale-aux-rangs-de-la-modernite-et-de-l-efficacite-operationnelle-gaid-salah\" target=\"_blank\">Hisser la flotte navale aux rangs de \u00ab\u00a0la modernit\u00e9 et de l\u2019efficacit\u00e9 op\u00e9rationnelle\u00a0\u00bb<\/a><\/p>\n<!--CusAds0-->\n<div style=\"font-size: 0px; height: 0px; line-height: 0px; margin: 0; padding: 0; clear: both;\"><\/div>","protected":false},"excerpt":{"rendered":"<p>ALGER &#8211; Le g\u00e9n\u00e9ral de Corps d&rsquo;Arm\u00e9e, Ahmed Ga\u00efd Salah, vice-ministre de la D\u00e9fense nationale, chef d&rsquo;Etat-major de l\u2019Arm\u00e9e nationale populaire (ANP), a soulign\u00e9 samedi \u00e0 Alger la volont\u00e9 du Haut Commandement de l\u2019Arm\u00e9e \u00e0 hisser la flotte navale nationale aux rangs de la \u00ab\u00a0modernit\u00e9, du progr\u00e8s et de l\u2019efficacit\u00e9 op\u00e9rationnelle\u00a0\u00bb, indique un communiqu\u00e9 du<\/p>\n","protected":false},"author":6,"featured_media":16482,"comment_status":"open","ping_status":"open","sticky":false,"template":"","format":"standard","meta":{"footnotes":""},"categories":[22],"tags":[93],"class_list":["post-16481","post","type-post","status-publish","format-standard","has-post-thumbnail","hentry","category-infos","tag-onu"],"yoast_head":"<!-- This site is optimized with the Yoast SEO plugin v27.5 - https:\/\/yoast.com\/product\/yoast-seo-wordpress\/ -->\n<title>Hisser la flotte navale aux rangs de &quot;la modernit\u00e9 et de l\u2019efficacit\u00e9 op\u00e9rationnelle&quot; - info algerie<\/title>\n<meta name=\"robots\" content=\"index, follow, max-snippet:-1, max-image-preview:large, max-video-preview:-1\" \/>\n<link rel=\"canonical\" href=\"https:\/\/www.info-algerie.com\/actualites\/hisser-la-flotte-navale-aux-rangs-de-la-modernite-et-de-lefficacite-operationnelle\/\" \/>\n<meta property=\"og:locale\" content=\"fr_FR\" \/>\n<meta property=\"og:type\" content=\"article\" \/>\n<meta property=\"og:title\" content=\"Hisser la flotte navale aux rangs de &quot;la modernit\u00e9 et de l\u2019efficacit\u00e9 op\u00e9rationnelle&quot; - info algerie\" \/>\n<meta property=\"og:description\" content=\"ALGER &#8211; Le g\u00e9n\u00e9ral de Corps d&rsquo;Arm\u00e9e, Ahmed Ga\u00efd Salah, vice-ministre de la D\u00e9fense nationale, chef d&rsquo;Etat-major de l\u2019Arm\u00e9e nationale populaire (ANP), a soulign\u00e9 samedi \u00e0 Alger la volont\u00e9 du Haut Commandement de l\u2019Arm\u00e9e \u00e0 hisser la flotte navale nationale aux rangs de la \u00ab\u00a0modernit\u00e9, du progr\u00e8s et de l\u2019efficacit\u00e9 op\u00e9rationnelle\u00a0\u00bb, indique un communiqu\u00e9 du\" \/>\n<meta property=\"og:url\" content=\"https:\/\/www.info-algerie.com\/actualites\/hisser-la-flotte-navale-aux-rangs-de-la-modernite-et-de-lefficacite-operationnelle\/\" \/>\n<meta property=\"og:site_name\" content=\"info algerie\" \/>\n<meta property=\"article:publisher\" content=\"https:\/\/www.facebook.com\/infoalgerieactu\" \/>\n<meta property=\"article:published_time\" content=\"2017-09-30T13:37:13+00:00\" \/>\n<meta property=\"og:image\" content=\"https:\/\/www.info-algerie.com\/actualites\/wp-content\/uploads\/2017\/09\/13066d7a82f0df086d9bc5b6781bc4ea_S-1.jpg\" \/>\n\t<meta property=\"og:image:width\" content=\"280\" \/>\n\t<meta property=\"og:image:height\" content=\"169\" \/>\n\t<meta property=\"og:image:type\" content=\"image\/jpeg\" \/>\n<meta name=\"author\" content=\"La r\u00e9daction\" \/>\n<meta name=\"twitter:label1\" content=\"\u00c9crit par\" \/>\n\t<meta name=\"twitter:data1\" content=\"La r\u00e9daction\" \/>\n\t<meta name=\"twitter:label2\" content=\"Dur\u00e9e de lecture estim\u00e9e\" \/>\n\t<meta name=\"twitter:data2\" content=\"5 minutes\" \/>\n<script type=\"application\/ld+json\" class=\"yoast-schema-graph\">{\"@context\":\"https:\\\/\\\/schema.org\",\"@graph\":[{\"@type\":\"Article\",\"@id\":\"https:\\\/\\\/www.info-algerie.com\\\/actualites\\\/hisser-la-flotte-navale-aux-rangs-de-la-modernite-et-de-lefficacite-operationnelle\\\/#article\",\"isPartOf\":{\"@id\":\"https:\\\/\\\/www.info-algerie.com\\\/actualites\\\/hisser-la-flotte-navale-aux-rangs-de-la-modernite-et-de-lefficacite-operationnelle\\\/\"},\"author\":{\"name\":\"La r\u00e9daction\",\"@id\":\"https:\\\/\\\/www.info-algerie.com\\\/actualites\\\/#\\\/schema\\\/person\\\/847aaec44920825b843a08f30ec6aa1e\"},\"headline\":\"Hisser la flotte navale aux rangs de &quot;la modernit\u00e9 et de l\u2019efficacit\u00e9 op\u00e9rationnelle&quot;\",\"datePublished\":\"2017-09-30T13:37:13+00:00\",\"mainEntityOfPage\":{\"@id\":\"https:\\\/\\\/www.info-algerie.com\\\/actualites\\\/hisser-la-flotte-navale-aux-rangs-de-la-modernite-et-de-lefficacite-operationnelle\\\/\"},\"wordCount\":1053,\"commentCount\":0,\"publisher\":{\"@id\":\"https:\\\/\\\/www.info-algerie.com\\\/actualites\\\/#organization\"},\"image\":{\"@id\":\"https:\\\/\\\/www.info-algerie.com\\\/actualites\\\/hisser-la-flotte-navale-aux-rangs-de-la-modernite-et-de-lefficacite-operationnelle\\\/#primaryimage\"},\"thumbnailUrl\":\"https:\\\/\\\/www.info-algerie.com\\\/actualites\\\/wp-content\\\/uploads\\\/2017\\\/09\\\/13066d7a82f0df086d9bc5b6781bc4ea_S-1.jpg\",\"keywords\":[\"ONU\"],\"articleSection\":[\"infos\"],\"inLanguage\":\"fr-FR\",\"potentialAction\":[{\"@type\":\"CommentAction\",\"name\":\"Comment\",\"target\":[\"https:\\\/\\\/www.info-algerie.com\\\/actualites\\\/hisser-la-flotte-navale-aux-rangs-de-la-modernite-et-de-lefficacite-operationnelle\\\/#respond\"]}]},{\"@type\":\"WebPage\",\"@id\":\"https:\\\/\\\/www.info-algerie.com\\\/actualites\\\/hisser-la-flotte-navale-aux-rangs-de-la-modernite-et-de-lefficacite-operationnelle\\\/\",\"url\":\"https:\\\/\\\/www.info-algerie.com\\\/actualites\\\/hisser-la-flotte-navale-aux-rangs-de-la-modernite-et-de-lefficacite-operationnelle\\\/\",\"name\":\"Hisser la flotte navale aux rangs de &quot;la modernit\u00e9 et de l\u2019efficacit\u00e9 op\u00e9rationnelle&quot; - info algerie\",\"isPartOf\":{\"@id\":\"https:\\\/\\\/www.info-algerie.com\\\/actualites\\\/#website\"},\"primaryImageOfPage\":{\"@id\":\"https:\\\/\\\/www.info-algerie.com\\\/actualites\\\/hisser-la-flotte-navale-aux-rangs-de-la-modernite-et-de-lefficacite-operationnelle\\\/#primaryimage\"},\"image\":{\"@id\":\"https:\\\/\\\/www.info-algerie.com\\\/actualites\\\/hisser-la-flotte-navale-aux-rangs-de-la-modernite-et-de-lefficacite-operationnelle\\\/#primaryimage\"},\"thumbnailUrl\":\"https:\\\/\\\/www.info-algerie.com\\\/actualites\\\/wp-content\\\/uploads\\\/2017\\\/09\\\/13066d7a82f0df086d9bc5b6781bc4ea_S-1.jpg\",\"datePublished\":\"2017-09-30T13:37:13+00:00\",\"breadcrumb\":{\"@id\":\"https:\\\/\\\/www.info-algerie.com\\\/actualites\\\/hisser-la-flotte-navale-aux-rangs-de-la-modernite-et-de-lefficacite-operationnelle\\\/#breadcrumb\"},\"inLanguage\":\"fr-FR\",\"potentialAction\":[{\"@type\":\"ReadAction\",\"target\":[\"https:\\\/\\\/www.info-algerie.com\\\/actualites\\\/hisser-la-flotte-navale-aux-rangs-de-la-modernite-et-de-lefficacite-operationnelle\\\/\"]}]},{\"@type\":\"ImageObject\",\"inLanguage\":\"fr-FR\",\"@id\":\"https:\\\/\\\/www.info-algerie.com\\\/actualites\\\/hisser-la-flotte-navale-aux-rangs-de-la-modernite-et-de-lefficacite-operationnelle\\\/#primaryimage\",\"url\":\"https:\\\/\\\/www.info-algerie.com\\\/actualites\\\/wp-content\\\/uploads\\\/2017\\\/09\\\/13066d7a82f0df086d9bc5b6781bc4ea_S-1.jpg\",\"contentUrl\":\"https:\\\/\\\/www.info-algerie.com\\\/actualites\\\/wp-content\\\/uploads\\\/2017\\\/09\\\/13066d7a82f0df086d9bc5b6781bc4ea_S-1.jpg\",\"width\":280,\"height\":169},{\"@type\":\"BreadcrumbList\",\"@id\":\"https:\\\/\\\/www.info-algerie.com\\\/actualites\\\/hisser-la-flotte-navale-aux-rangs-de-la-modernite-et-de-lefficacite-operationnelle\\\/#breadcrumb\",\"itemListElement\":[{\"@type\":\"ListItem\",\"position\":1,\"name\":\"Accueil\",\"item\":\"https:\\\/\\\/www.info-algerie.com\\\/actualites\\\/\"},{\"@type\":\"ListItem\",\"position\":2,\"name\":\"Hisser la flotte navale aux rangs de &quot;la modernit\u00e9 et de l\u2019efficacit\u00e9 op\u00e9rationnelle&quot;\"}]},{\"@type\":\"WebSite\",\"@id\":\"https:\\\/\\\/www.info-algerie.com\\\/actualites\\\/#website\",\"url\":\"https:\\\/\\\/www.info-algerie.com\\\/actualites\\\/\",\"name\":\"info algerie\",\"description\":\"Toutes les actualit\u00e9s\",\"publisher\":{\"@id\":\"https:\\\/\\\/www.info-algerie.com\\\/actualites\\\/#organization\"},\"potentialAction\":[{\"@type\":\"SearchAction\",\"target\":{\"@type\":\"EntryPoint\",\"urlTemplate\":\"https:\\\/\\\/www.info-algerie.com\\\/actualites\\\/?s={search_term_string}\"},\"query-input\":{\"@type\":\"PropertyValueSpecification\",\"valueRequired\":true,\"valueName\":\"search_term_string\"}}],\"inLanguage\":\"fr-FR\"},{\"@type\":\"Organization\",\"@id\":\"https:\\\/\\\/www.info-algerie.com\\\/actualites\\\/#organization\",\"name\":\"info algerie\",\"url\":\"https:\\\/\\\/www.info-algerie.com\\\/actualites\\\/\",\"logo\":{\"@type\":\"ImageObject\",\"inLanguage\":\"fr-FR\",\"@id\":\"https:\\\/\\\/www.info-algerie.com\\\/actualites\\\/#\\\/schema\\\/logo\\\/image\\\/\",\"url\":\"https:\\\/\\\/www.info-algerie.com\\\/actualites\\\/wp-content\\\/uploads\\\/2022\\\/07\\\/logo-ia-120.png\",\"contentUrl\":\"https:\\\/\\\/www.info-algerie.com\\\/actualites\\\/wp-content\\\/uploads\\\/2022\\\/07\\\/logo-ia-120.png\",\"width\":120,\"height\":43,\"caption\":\"info algerie\"},\"image\":{\"@id\":\"https:\\\/\\\/www.info-algerie.com\\\/actualites\\\/#\\\/schema\\\/logo\\\/image\\\/\"},\"sameAs\":[\"https:\\\/\\\/www.facebook.com\\\/infoalgerieactu\",\"https:\\\/\\\/x.com\\\/infoalgerie1\"]},{\"@type\":\"Person\",\"@id\":\"https:\\\/\\\/www.info-algerie.com\\\/actualites\\\/#\\\/schema\\\/person\\\/847aaec44920825b843a08f30ec6aa1e\",\"name\":\"La r\u00e9daction\",\"image\":{\"@type\":\"ImageObject\",\"inLanguage\":\"fr-FR\",\"@id\":\"https:\\\/\\\/secure.gravatar.com\\\/avatar\\\/769db425c6f465158149f1ffd6cf61ce7a8a879d11dfbef8288af36dfddd418c?s=96&d=mm&r=g\",\"url\":\"https:\\\/\\\/secure.gravatar.com\\\/avatar\\\/769db425c6f465158149f1ffd6cf61ce7a8a879d11dfbef8288af36dfddd418c?s=96&d=mm&r=g\",\"contentUrl\":\"https:\\\/\\\/secure.gravatar.com\\\/avatar\\\/769db425c6f465158149f1ffd6cf61ce7a8a879d11dfbef8288af36dfddd418c?s=96&d=mm&r=g\",\"caption\":\"La r\u00e9daction\"},\"sameAs\":[\"http:\\\/\\\/www.lkeria.com\\\/\"],\"url\":\"https:\\\/\\\/www.info-algerie.com\\\/actualites\\\/author\\\/chakib32\\\/\"}]}<\/script>\n<!-- \/ Yoast SEO plugin. -->","yoast_head_json":{"title":"Hisser la flotte navale aux rangs de &quot;la modernit\u00e9 et de l\u2019efficacit\u00e9 op\u00e9rationnelle&quot; - info algerie","robots":{"index":"index","follow":"follow","max-snippet":"max-snippet:-1","max-image-preview":"max-image-preview:large","max-video-preview":"max-video-preview:-1"},"canonical":"https:\/\/www.info-algerie.com\/actualites\/hisser-la-flotte-navale-aux-rangs-de-la-modernite-et-de-lefficacite-operationnelle\/","og_locale":"fr_FR","og_type":"article","og_title":"Hisser la flotte navale aux rangs de &quot;la modernit\u00e9 et de l\u2019efficacit\u00e9 op\u00e9rationnelle&quot; - info algerie","og_description":"ALGER &#8211; Le g\u00e9n\u00e9ral de Corps d&rsquo;Arm\u00e9e, Ahmed Ga\u00efd Salah, vice-ministre de la D\u00e9fense nationale, chef d&rsquo;Etat-major de l\u2019Arm\u00e9e nationale populaire (ANP), a soulign\u00e9 samedi \u00e0 Alger la volont\u00e9 du Haut Commandement de l\u2019Arm\u00e9e \u00e0 hisser la flotte navale nationale aux rangs de la \u00ab\u00a0modernit\u00e9, du progr\u00e8s et de l\u2019efficacit\u00e9 op\u00e9rationnelle\u00a0\u00bb, indique un communiqu\u00e9 du","og_url":"https:\/\/www.info-algerie.com\/actualites\/hisser-la-flotte-navale-aux-rangs-de-la-modernite-et-de-lefficacite-operationnelle\/","og_site_name":"info algerie","article_publisher":"https:\/\/www.facebook.com\/infoalgerieactu","article_published_time":"2017-09-30T13:37:13+00:00","og_image":[{"width":280,"height":169,"url":"https:\/\/www.info-algerie.com\/actualites\/wp-content\/uploads\/2017\/09\/13066d7a82f0df086d9bc5b6781bc4ea_S-1.jpg","type":"image\/jpeg"}],"author":"La r\u00e9daction","twitter_misc":{"\u00c9crit par":"La r\u00e9daction","Dur\u00e9e de lecture estim\u00e9e":"5 minutes"},"schema":{"@context":"https:\/\/schema.org","@graph":[{"@type":"Article","@id":"https:\/\/www.info-algerie.com\/actualites\/hisser-la-flotte-navale-aux-rangs-de-la-modernite-et-de-lefficacite-operationnelle\/#article","isPartOf":{"@id":"https:\/\/www.info-algerie.com\/actualites\/hisser-la-flotte-navale-aux-rangs-de-la-modernite-et-de-lefficacite-operationnelle\/"},"author":{"name":"La r\u00e9daction","@id":"https:\/\/www.info-algerie.com\/actualites\/#\/schema\/person\/847aaec44920825b843a08f30ec6aa1e"},"headline":"Hisser la flotte navale aux rangs de &quot;la modernit\u00e9 et de l\u2019efficacit\u00e9 op\u00e9rationnelle&quot;","datePublished":"2017-09-30T13:37:13+00:00","mainEntityOfPage":{"@id":"https:\/\/www.info-algerie.com\/actualites\/hisser-la-flotte-navale-aux-rangs-de-la-modernite-et-de-lefficacite-operationnelle\/"},"wordCount":1053,"commentCount":0,"publisher":{"@id":"https:\/\/www.info-algerie.com\/actualites\/#organization"},"image":{"@id":"https:\/\/www.info-algerie.com\/actualites\/hisser-la-flotte-navale-aux-rangs-de-la-modernite-et-de-lefficacite-operationnelle\/#primaryimage"},"thumbnailUrl":"https:\/\/www.info-algerie.com\/actualites\/wp-content\/uploads\/2017\/09\/13066d7a82f0df086d9bc5b6781bc4ea_S-1.jpg","keywords":["ONU"],"articleSection":["infos"],"inLanguage":"fr-FR","potentialAction":[{"@type":"CommentAction","name":"Comment","target":["https:\/\/www.info-algerie.com\/actualites\/hisser-la-flotte-navale-aux-rangs-de-la-modernite-et-de-lefficacite-operationnelle\/#respond"]}]},{"@type":"WebPage","@id":"https:\/\/www.info-algerie.com\/actualites\/hisser-la-flotte-navale-aux-rangs-de-la-modernite-et-de-lefficacite-operationnelle\/","url":"https:\/\/www.info-algerie.com\/actualites\/hisser-la-flotte-navale-aux-rangs-de-la-modernite-et-de-lefficacite-operationnelle\/","name":"Hisser la flotte navale aux rangs de &quot;la modernit\u00e9 et de l\u2019efficacit\u00e9 op\u00e9rationnelle&quot; - info algerie","isPartOf":{"@id":"https:\/\/www.info-algerie.com\/actualites\/#website"},"primaryImageOfPage":{"@id":"https:\/\/www.info-algerie.com\/actualites\/hisser-la-flotte-navale-aux-rangs-de-la-modernite-et-de-lefficacite-operationnelle\/#primaryimage"},"image":{"@id":"https:\/\/www.info-algerie.com\/actualites\/hisser-la-flotte-navale-aux-rangs-de-la-modernite-et-de-lefficacite-operationnelle\/#primaryimage"},"thumbnailUrl":"https:\/\/www.info-algerie.com\/actualites\/wp-content\/uploads\/2017\/09\/13066d7a82f0df086d9bc5b6781bc4ea_S-1.jpg","datePublished":"2017-09-30T13:37:13+00:00","breadcrumb":{"@id":"https:\/\/www.info-algerie.com\/actualites\/hisser-la-flotte-navale-aux-rangs-de-la-modernite-et-de-lefficacite-operationnelle\/#breadcrumb"},"inLanguage":"fr-FR","potentialAction":[{"@type":"ReadAction","target":["https:\/\/www.info-algerie.com\/actualites\/hisser-la-flotte-navale-aux-rangs-de-la-modernite-et-de-lefficacite-operationnelle\/"]}]},{"@type":"ImageObject","inLanguage":"fr-FR","@id":"https:\/\/www.info-algerie.com\/actualites\/hisser-la-flotte-navale-aux-rangs-de-la-modernite-et-de-lefficacite-operationnelle\/#primaryimage","url":"https:\/\/www.info-algerie.com\/actualites\/wp-content\/uploads\/2017\/09\/13066d7a82f0df086d9bc5b6781bc4ea_S-1.jpg","contentUrl":"https:\/\/www.info-algerie.com\/actualites\/wp-content\/uploads\/2017\/09\/13066d7a82f0df086d9bc5b6781bc4ea_S-1.jpg","width":280,"height":169},{"@type":"BreadcrumbList","@id":"https:\/\/www.info-algerie.com\/actualites\/hisser-la-flotte-navale-aux-rangs-de-la-modernite-et-de-lefficacite-operationnelle\/#breadcrumb","itemListElement":[{"@type":"ListItem","position":1,"name":"Accueil","item":"https:\/\/www.info-algerie.com\/actualites\/"},{"@type":"ListItem","position":2,"name":"Hisser la flotte navale aux rangs de &quot;la modernit\u00e9 et de l\u2019efficacit\u00e9 op\u00e9rationnelle&quot;"}]},{"@type":"WebSite","@id":"https:\/\/www.info-algerie.com\/actualites\/#website","url":"https:\/\/www.info-algerie.com\/actualites\/","name":"info algerie","description":"Toutes les actualit\u00e9s","publisher":{"@id":"https:\/\/www.info-algerie.com\/actualites\/#organization"},"potentialAction":[{"@type":"SearchAction","target":{"@type":"EntryPoint","urlTemplate":"https:\/\/www.info-algerie.com\/actualites\/?s={search_term_string}"},"query-input":{"@type":"PropertyValueSpecification","valueRequired":true,"valueName":"search_term_string"}}],"inLanguage":"fr-FR"},{"@type":"Organization","@id":"https:\/\/www.info-algerie.com\/actualites\/#organization","name":"info algerie","url":"https:\/\/www.info-algerie.com\/actualites\/","logo":{"@type":"ImageObject","inLanguage":"fr-FR","@id":"https:\/\/www.info-algerie.com\/actualites\/#\/schema\/logo\/image\/","url":"https:\/\/www.info-algerie.com\/actualites\/wp-content\/uploads\/2022\/07\/logo-ia-120.png","contentUrl":"https:\/\/www.info-algerie.com\/actualites\/wp-content\/uploads\/2022\/07\/logo-ia-120.png","width":120,"height":43,"caption":"info algerie"},"image":{"@id":"https:\/\/www.info-algerie.com\/actualites\/#\/schema\/logo\/image\/"},"sameAs":["https:\/\/www.facebook.com\/infoalgerieactu","https:\/\/x.com\/infoalgerie1"]},{"@type":"Person","@id":"https:\/\/www.info-algerie.com\/actualites\/#\/schema\/person\/847aaec44920825b843a08f30ec6aa1e","name":"La r\u00e9daction","image":{"@type":"ImageObject","inLanguage":"fr-FR","@id":"https:\/\/secure.gravatar.com\/avatar\/769db425c6f465158149f1ffd6cf61ce7a8a879d11dfbef8288af36dfddd418c?s=96&d=mm&r=g","url":"https:\/\/secure.gravatar.com\/avatar\/769db425c6f465158149f1ffd6cf61ce7a8a879d11dfbef8288af36dfddd418c?s=96&d=mm&r=g","contentUrl":"https:\/\/secure.gravatar.com\/avatar\/769db425c6f465158149f1ffd6cf61ce7a8a879d11dfbef8288af36dfddd418c?s=96&d=mm&r=g","caption":"La r\u00e9daction"},"sameAs":["http:\/\/www.lkeria.com\/"],"url":"https:\/\/www.info-algerie.com\/actualites\/author\/chakib32\/"}]}},"_links":{"self":[{"href":"https:\/\/www.info-algerie.com\/actualites\/wp-json\/wp\/v2\/posts\/16481","targetHints":{"allow":["GET"]}}],"collection":[{"href":"https:\/\/www.info-algerie.com\/actualites\/wp-json\/wp\/v2\/posts"}],"about":[{"href":"https:\/\/www.info-algerie.com\/actualites\/wp-json\/wp\/v2\/types\/post"}],"author":[{"embeddable":true,"href":"https:\/\/www.info-algerie.com\/actualites\/wp-json\/wp\/v2\/users\/6"}],"replies":[{"embeddable":true,"href":"https:\/\/www.info-algerie.com\/actualites\/wp-json\/wp\/v2\/comments?post=16481"}],"version-history":[{"count":0,"href":"https:\/\/www.info-algerie.com\/actualites\/wp-json\/wp\/v2\/posts\/16481\/revisions"}],"wp:featuredmedia":[{"embeddable":true,"href":"https:\/\/www.info-algerie.com\/actualites\/wp-json\/wp\/v2\/media\/16482"}],"wp:attachment":[{"href":"https:\/\/www.info-algerie.com\/actualites\/wp-json\/wp\/v2\/media?parent=16481"}],"wp:term":[{"taxonomy":"category","embeddable":true,"href":"https:\/\/www.info-algerie.com\/actualites\/wp-json\/wp\/v2\/categories?post=16481"},{"taxonomy":"post_tag","embeddable":true,"href":"https:\/\/www.info-algerie.com\/actualites\/wp-json\/wp\/v2\/tags?post=16481"}],"curies":[{"name":"wp","href":"https:\/\/api.w.org\/{rel}","templated":true}]}}