{"id":16487,"date":"2017-10-01T10:58:50","date_gmt":"2017-10-01T09:58:50","guid":{"rendered":"http:\/\/www.info-algerie.com\/actualites\/le-president-bouteflika-se-felicite-de-la-convergence-de-vues-avec-son-homologue-nigerian-sur-les-principales-questions-regionales-et-internationales\/"},"modified":"2017-10-01T10:58:50","modified_gmt":"2017-10-01T09:58:50","slug":"le-president-bouteflika-se-felicite-de-la-convergence-de-vues-avec-son-homologue-nigerian-sur-les-principales-questions-regionales-et-internationales","status":"publish","type":"post","link":"https:\/\/www.info-algerie.com\/actualites\/le-president-bouteflika-se-felicite-de-la-convergence-de-vues-avec-son-homologue-nigerian-sur-les-principales-questions-regionales-et-internationales\/","title":{"rendered":"Le Pr\u00e9sident Bouteflika se f\u00e9licite de la convergence de vues avec son homologue nig\u00e9rian sur les principales questions r\u00e9gionales et internationales\u00a0"},"content":{"rendered":"<div class=\"K2FeedIntroText\">\n<p>ALGER &#8211; Le pr\u00e9sident de la R\u00e9publique, Abdelaziz Bouteflika, a adress\u00e9 un message de f\u00e9licitations \u00e0 son homologue du Nigeria, Muhammadu Buhari, \u00e0 l&rsquo;occasion de la c\u00e9l\u00e9bration de la f\u00eate nationale de son pays, dans lequel il s&rsquo;est f\u00e9licit\u00e9 de la convergence de vues de l&rsquo;Alg\u00e9rie et du Nigeria sur les principales questions r\u00e9gionales et internationales.<\/p>\n<p>&#013;\n<\/p><\/div>\n<div class=\"K2FeedFullText\">&#013;<\/p>\n<p>\u00ab\u00a0La c\u00e9l\u00e9bration de la f\u00eate nationale du Nigeria m&rsquo;offre l&rsquo;agr\u00e9able occasion de vous adresser, au nom du peuple et du gouvernement alg\u00e9riens et en mon nom personnel, nos vives f\u00e9licitations auxquelles je joins mes meilleurs v\u0153ux de sant\u00e9 et de bonheur pour vous-m\u00eame, de progr\u00e8s et de prosp\u00e9rit\u00e9 au peuple nig\u00e9rian fr\u00e8re\u00a0\u00bb, \u00e9crit le pr\u00e9sident Bouteflika dans son message.<\/p>\n<p>&#013;<\/p>\n<p>\u00ab\u00a0Je voudrais saisir cette heureuse opportunit\u00e9 pour me f\u00e9liciter de la qualit\u00e9 des relations d&rsquo;amiti\u00e9, de solidarit\u00e9 et de coop\u00e9ration qui existent entre l&rsquo;Alg\u00e9rie et le Nigeria et vous r\u00e9it\u00e9rer mon enti\u00e8re volont\u00e9 de poursuivre leur approfondissement et leur raffermissement au b\u00e9n\u00e9fice de nos deux peuples fr\u00e8res\u00a0\u00bb, ajoute le chef de l&rsquo;Etat.<\/p>\n<p>&#013;<\/p>\n<p><span style=\"font-size: 12.16px\">\u00ab\u00a0Je me r\u00e9jouis, \u00e9galement, de la convergence de vues de nos deux pays sur les principales questions r\u00e9gionales et internationales et vous assure de mon attachement \u00e0 la poursuite de nos efforts communs en faveur de la paix, de la stabilit\u00e9 et du d\u00e9veloppement \u00e9conomique et social de notre continent\u00a0\u00bb, conclut le pr\u00e9sident de la R\u00e9publique.<\/span><\/p>\n<\/div>\n<p>&#013;<br \/>\nSource: <a href=\"http:\/\/www.aps.dz\/algerie\/63459-le-president-bouteflika-se-felicite-de-la-convergence-de-vues-avec-son-homologue-nigerian-sur-les-principales-questions-regionales-et-internationales\" target=\"_blank\">Le Pr\u00e9sident Bouteflika se f\u00e9licite de la convergence de vues avec son homologue nig\u00e9rian sur les principales questions r\u00e9gionales et internationales\u00a0<\/a><\/p>\n<!--CusAds0-->\n<div style=\"font-size: 0px; height: 0px; line-height: 0px; margin: 0; padding: 0; clear: both;\"><\/div>","protected":false},"excerpt":{"rendered":"<p>ALGER &#8211; Le pr\u00e9sident de la R\u00e9publique, Abdelaziz Bouteflika, a adress\u00e9 un message de f\u00e9licitations \u00e0 son homologue du Nigeria, Muhammadu Buhari, \u00e0 l&rsquo;occasion de la c\u00e9l\u00e9bration de la f\u00eate nationale de son pays, dans lequel il s&rsquo;est f\u00e9licit\u00e9 de la convergence de vues de l&rsquo;Alg\u00e9rie et du Nigeria sur les principales questions r\u00e9gionales et<\/p>\n","protected":false},"author":6,"featured_media":0,"comment_status":"open","ping_status":"open","sticky":false,"template":"","format":"standard","meta":{"footnotes":""},"categories":[22],"tags":[93],"class_list":["post-16487","post","type-post","status-publish","format-standard","hentry","category-infos","tag-onu"],"yoast_head":"<!-- This site is optimized with the Yoast SEO plugin v27.5 - https:\/\/yoast.com\/product\/yoast-seo-wordpress\/ -->\n<title>Le Pr\u00e9sident Bouteflika se f\u00e9licite de la convergence de vues avec son homologue nig\u00e9rian sur les principales questions r\u00e9gionales et internationales\u00a0 - info algerie<\/title>\n<meta name=\"robots\" content=\"index, follow, max-snippet:-1, max-image-preview:large, max-video-preview:-1\" \/>\n<link rel=\"canonical\" href=\"https:\/\/www.info-algerie.com\/actualites\/le-president-bouteflika-se-felicite-de-la-convergence-de-vues-avec-son-homologue-nigerian-sur-les-principales-questions-regionales-et-internationales\/\" \/>\n<meta property=\"og:locale\" content=\"fr_FR\" \/>\n<meta property=\"og:type\" content=\"article\" \/>\n<meta property=\"og:title\" content=\"Le Pr\u00e9sident Bouteflika se f\u00e9licite de la convergence de vues avec son homologue nig\u00e9rian sur les principales questions r\u00e9gionales et internationales\u00a0 - info algerie\" \/>\n<meta property=\"og:description\" content=\"ALGER &#8211; Le pr\u00e9sident de la R\u00e9publique, Abdelaziz Bouteflika, a adress\u00e9 un message de f\u00e9licitations \u00e0 son homologue du Nigeria, Muhammadu Buhari, \u00e0 l&rsquo;occasion de la c\u00e9l\u00e9bration de la f\u00eate nationale de son pays, dans lequel il s&rsquo;est f\u00e9licit\u00e9 de la convergence de vues de l&rsquo;Alg\u00e9rie et du Nigeria sur les principales questions r\u00e9gionales et\" \/>\n<meta property=\"og:url\" content=\"https:\/\/www.info-algerie.com\/actualites\/le-president-bouteflika-se-felicite-de-la-convergence-de-vues-avec-son-homologue-nigerian-sur-les-principales-questions-regionales-et-internationales\/\" \/>\n<meta property=\"og:site_name\" content=\"info algerie\" \/>\n<meta property=\"article:publisher\" content=\"https:\/\/www.facebook.com\/infoalgerieactu\" \/>\n<meta property=\"article:published_time\" content=\"2017-10-01T09:58:50+00:00\" \/>\n<meta name=\"author\" content=\"La r\u00e9daction\" \/>\n<meta name=\"twitter:label1\" content=\"\u00c9crit par\" \/>\n\t<meta name=\"twitter:data1\" content=\"La r\u00e9daction\" \/>\n\t<meta name=\"twitter:label2\" content=\"Dur\u00e9e de lecture estim\u00e9e\" \/>\n\t<meta name=\"twitter:data2\" content=\"1 minute\" \/>\n<script type=\"application\/ld+json\" class=\"yoast-schema-graph\">{\"@context\":\"https:\\\/\\\/schema.org\",\"@graph\":[{\"@type\":\"Article\",\"@id\":\"https:\\\/\\\/www.info-algerie.com\\\/actualites\\\/le-president-bouteflika-se-felicite-de-la-convergence-de-vues-avec-son-homologue-nigerian-sur-les-principales-questions-regionales-et-internationales\\\/#article\",\"isPartOf\":{\"@id\":\"https:\\\/\\\/www.info-algerie.com\\\/actualites\\\/le-president-bouteflika-se-felicite-de-la-convergence-de-vues-avec-son-homologue-nigerian-sur-les-principales-questions-regionales-et-internationales\\\/\"},\"author\":{\"name\":\"La r\u00e9daction\",\"@id\":\"https:\\\/\\\/www.info-algerie.com\\\/actualites\\\/#\\\/schema\\\/person\\\/847aaec44920825b843a08f30ec6aa1e\"},\"headline\":\"Le Pr\u00e9sident Bouteflika se f\u00e9licite de la convergence de vues avec son homologue nig\u00e9rian sur les principales questions r\u00e9gionales et internationales\u00a0\",\"datePublished\":\"2017-10-01T09:58:50+00:00\",\"mainEntityOfPage\":{\"@id\":\"https:\\\/\\\/www.info-algerie.com\\\/actualites\\\/le-president-bouteflika-se-felicite-de-la-convergence-de-vues-avec-son-homologue-nigerian-sur-les-principales-questions-regionales-et-internationales\\\/\"},\"wordCount\":315,\"commentCount\":0,\"publisher\":{\"@id\":\"https:\\\/\\\/www.info-algerie.com\\\/actualites\\\/#organization\"},\"keywords\":[\"ONU\"],\"articleSection\":[\"infos\"],\"inLanguage\":\"fr-FR\",\"potentialAction\":[{\"@type\":\"CommentAction\",\"name\":\"Comment\",\"target\":[\"https:\\\/\\\/www.info-algerie.com\\\/actualites\\\/le-president-bouteflika-se-felicite-de-la-convergence-de-vues-avec-son-homologue-nigerian-sur-les-principales-questions-regionales-et-internationales\\\/#respond\"]}]},{\"@type\":\"WebPage\",\"@id\":\"https:\\\/\\\/www.info-algerie.com\\\/actualites\\\/le-president-bouteflika-se-felicite-de-la-convergence-de-vues-avec-son-homologue-nigerian-sur-les-principales-questions-regionales-et-internationales\\\/\",\"url\":\"https:\\\/\\\/www.info-algerie.com\\\/actualites\\\/le-president-bouteflika-se-felicite-de-la-convergence-de-vues-avec-son-homologue-nigerian-sur-les-principales-questions-regionales-et-internationales\\\/\",\"name\":\"Le Pr\u00e9sident Bouteflika se f\u00e9licite de la convergence de vues avec son homologue nig\u00e9rian sur les principales questions r\u00e9gionales et internationales\u00a0 - info algerie\",\"isPartOf\":{\"@id\":\"https:\\\/\\\/www.info-algerie.com\\\/actualites\\\/#website\"},\"datePublished\":\"2017-10-01T09:58:50+00:00\",\"breadcrumb\":{\"@id\":\"https:\\\/\\\/www.info-algerie.com\\\/actualites\\\/le-president-bouteflika-se-felicite-de-la-convergence-de-vues-avec-son-homologue-nigerian-sur-les-principales-questions-regionales-et-internationales\\\/#breadcrumb\"},\"inLanguage\":\"fr-FR\",\"potentialAction\":[{\"@type\":\"ReadAction\",\"target\":[\"https:\\\/\\\/www.info-algerie.com\\\/actualites\\\/le-president-bouteflika-se-felicite-de-la-convergence-de-vues-avec-son-homologue-nigerian-sur-les-principales-questions-regionales-et-internationales\\\/\"]}]},{\"@type\":\"BreadcrumbList\",\"@id\":\"https:\\\/\\\/www.info-algerie.com\\\/actualites\\\/le-president-bouteflika-se-felicite-de-la-convergence-de-vues-avec-son-homologue-nigerian-sur-les-principales-questions-regionales-et-internationales\\\/#breadcrumb\",\"itemListElement\":[{\"@type\":\"ListItem\",\"position\":1,\"name\":\"Accueil\",\"item\":\"https:\\\/\\\/www.info-algerie.com\\\/actualites\\\/\"},{\"@type\":\"ListItem\",\"position\":2,\"name\":\"Le Pr\u00e9sident Bouteflika se f\u00e9licite de la convergence de vues avec son homologue nig\u00e9rian sur les principales questions r\u00e9gionales et internationales\u00a0\"}]},{\"@type\":\"WebSite\",\"@id\":\"https:\\\/\\\/www.info-algerie.com\\\/actualites\\\/#website\",\"url\":\"https:\\\/\\\/www.info-algerie.com\\\/actualites\\\/\",\"name\":\"info algerie\",\"description\":\"Toutes les actualit\u00e9s\",\"publisher\":{\"@id\":\"https:\\\/\\\/www.info-algerie.com\\\/actualites\\\/#organization\"},\"potentialAction\":[{\"@type\":\"SearchAction\",\"target\":{\"@type\":\"EntryPoint\",\"urlTemplate\":\"https:\\\/\\\/www.info-algerie.com\\\/actualites\\\/?s={search_term_string}\"},\"query-input\":{\"@type\":\"PropertyValueSpecification\",\"valueRequired\":true,\"valueName\":\"search_term_string\"}}],\"inLanguage\":\"fr-FR\"},{\"@type\":\"Organization\",\"@id\":\"https:\\\/\\\/www.info-algerie.com\\\/actualites\\\/#organization\",\"name\":\"info algerie\",\"url\":\"https:\\\/\\\/www.info-algerie.com\\\/actualites\\\/\",\"logo\":{\"@type\":\"ImageObject\",\"inLanguage\":\"fr-FR\",\"@id\":\"https:\\\/\\\/www.info-algerie.com\\\/actualites\\\/#\\\/schema\\\/logo\\\/image\\\/\",\"url\":\"https:\\\/\\\/www.info-algerie.com\\\/actualites\\\/wp-content\\\/uploads\\\/2022\\\/07\\\/logo-ia-120.png\",\"contentUrl\":\"https:\\\/\\\/www.info-algerie.com\\\/actualites\\\/wp-content\\\/uploads\\\/2022\\\/07\\\/logo-ia-120.png\",\"width\":120,\"height\":43,\"caption\":\"info algerie\"},\"image\":{\"@id\":\"https:\\\/\\\/www.info-algerie.com\\\/actualites\\\/#\\\/schema\\\/logo\\\/image\\\/\"},\"sameAs\":[\"https:\\\/\\\/www.facebook.com\\\/infoalgerieactu\",\"https:\\\/\\\/x.com\\\/infoalgerie1\"]},{\"@type\":\"Person\",\"@id\":\"https:\\\/\\\/www.info-algerie.com\\\/actualites\\\/#\\\/schema\\\/person\\\/847aaec44920825b843a08f30ec6aa1e\",\"name\":\"La r\u00e9daction\",\"image\":{\"@type\":\"ImageObject\",\"inLanguage\":\"fr-FR\",\"@id\":\"https:\\\/\\\/secure.gravatar.com\\\/avatar\\\/769db425c6f465158149f1ffd6cf61ce7a8a879d11dfbef8288af36dfddd418c?s=96&d=mm&r=g\",\"url\":\"https:\\\/\\\/secure.gravatar.com\\\/avatar\\\/769db425c6f465158149f1ffd6cf61ce7a8a879d11dfbef8288af36dfddd418c?s=96&d=mm&r=g\",\"contentUrl\":\"https:\\\/\\\/secure.gravatar.com\\\/avatar\\\/769db425c6f465158149f1ffd6cf61ce7a8a879d11dfbef8288af36dfddd418c?s=96&d=mm&r=g\",\"caption\":\"La r\u00e9daction\"},\"sameAs\":[\"http:\\\/\\\/www.lkeria.com\\\/\"],\"url\":\"https:\\\/\\\/www.info-algerie.com\\\/actualites\\\/author\\\/chakib32\\\/\"}]}<\/script>\n<!-- \/ Yoast SEO plugin. -->","yoast_head_json":{"title":"Le Pr\u00e9sident Bouteflika se f\u00e9licite de la convergence de vues avec son homologue nig\u00e9rian sur les principales questions r\u00e9gionales et internationales\u00a0 - info algerie","robots":{"index":"index","follow":"follow","max-snippet":"max-snippet:-1","max-image-preview":"max-image-preview:large","max-video-preview":"max-video-preview:-1"},"canonical":"https:\/\/www.info-algerie.com\/actualites\/le-president-bouteflika-se-felicite-de-la-convergence-de-vues-avec-son-homologue-nigerian-sur-les-principales-questions-regionales-et-internationales\/","og_locale":"fr_FR","og_type":"article","og_title":"Le Pr\u00e9sident Bouteflika se f\u00e9licite de la convergence de vues avec son homologue nig\u00e9rian sur les principales questions r\u00e9gionales et internationales\u00a0 - info algerie","og_description":"ALGER &#8211; Le pr\u00e9sident de la R\u00e9publique, Abdelaziz Bouteflika, a adress\u00e9 un message de f\u00e9licitations \u00e0 son homologue du Nigeria, Muhammadu Buhari, \u00e0 l&rsquo;occasion de la c\u00e9l\u00e9bration de la f\u00eate nationale de son pays, dans lequel il s&rsquo;est f\u00e9licit\u00e9 de la convergence de vues de l&rsquo;Alg\u00e9rie et du Nigeria sur les principales questions r\u00e9gionales et","og_url":"https:\/\/www.info-algerie.com\/actualites\/le-president-bouteflika-se-felicite-de-la-convergence-de-vues-avec-son-homologue-nigerian-sur-les-principales-questions-regionales-et-internationales\/","og_site_name":"info algerie","article_publisher":"https:\/\/www.facebook.com\/infoalgerieactu","article_published_time":"2017-10-01T09:58:50+00:00","author":"La r\u00e9daction","twitter_misc":{"\u00c9crit par":"La r\u00e9daction","Dur\u00e9e de lecture estim\u00e9e":"1 minute"},"schema":{"@context":"https:\/\/schema.org","@graph":[{"@type":"Article","@id":"https:\/\/www.info-algerie.com\/actualites\/le-president-bouteflika-se-felicite-de-la-convergence-de-vues-avec-son-homologue-nigerian-sur-les-principales-questions-regionales-et-internationales\/#article","isPartOf":{"@id":"https:\/\/www.info-algerie.com\/actualites\/le-president-bouteflika-se-felicite-de-la-convergence-de-vues-avec-son-homologue-nigerian-sur-les-principales-questions-regionales-et-internationales\/"},"author":{"name":"La r\u00e9daction","@id":"https:\/\/www.info-algerie.com\/actualites\/#\/schema\/person\/847aaec44920825b843a08f30ec6aa1e"},"headline":"Le Pr\u00e9sident Bouteflika se f\u00e9licite de la convergence de vues avec son homologue nig\u00e9rian sur les principales questions r\u00e9gionales et internationales\u00a0","datePublished":"2017-10-01T09:58:50+00:00","mainEntityOfPage":{"@id":"https:\/\/www.info-algerie.com\/actualites\/le-president-bouteflika-se-felicite-de-la-convergence-de-vues-avec-son-homologue-nigerian-sur-les-principales-questions-regionales-et-internationales\/"},"wordCount":315,"commentCount":0,"publisher":{"@id":"https:\/\/www.info-algerie.com\/actualites\/#organization"},"keywords":["ONU"],"articleSection":["infos"],"inLanguage":"fr-FR","potentialAction":[{"@type":"CommentAction","name":"Comment","target":["https:\/\/www.info-algerie.com\/actualites\/le-president-bouteflika-se-felicite-de-la-convergence-de-vues-avec-son-homologue-nigerian-sur-les-principales-questions-regionales-et-internationales\/#respond"]}]},{"@type":"WebPage","@id":"https:\/\/www.info-algerie.com\/actualites\/le-president-bouteflika-se-felicite-de-la-convergence-de-vues-avec-son-homologue-nigerian-sur-les-principales-questions-regionales-et-internationales\/","url":"https:\/\/www.info-algerie.com\/actualites\/le-president-bouteflika-se-felicite-de-la-convergence-de-vues-avec-son-homologue-nigerian-sur-les-principales-questions-regionales-et-internationales\/","name":"Le Pr\u00e9sident Bouteflika se f\u00e9licite de la convergence de vues avec son homologue nig\u00e9rian sur les principales questions r\u00e9gionales et internationales\u00a0 - info algerie","isPartOf":{"@id":"https:\/\/www.info-algerie.com\/actualites\/#website"},"datePublished":"2017-10-01T09:58:50+00:00","breadcrumb":{"@id":"https:\/\/www.info-algerie.com\/actualites\/le-president-bouteflika-se-felicite-de-la-convergence-de-vues-avec-son-homologue-nigerian-sur-les-principales-questions-regionales-et-internationales\/#breadcrumb"},"inLanguage":"fr-FR","potentialAction":[{"@type":"ReadAction","target":["https:\/\/www.info-algerie.com\/actualites\/le-president-bouteflika-se-felicite-de-la-convergence-de-vues-avec-son-homologue-nigerian-sur-les-principales-questions-regionales-et-internationales\/"]}]},{"@type":"BreadcrumbList","@id":"https:\/\/www.info-algerie.com\/actualites\/le-president-bouteflika-se-felicite-de-la-convergence-de-vues-avec-son-homologue-nigerian-sur-les-principales-questions-regionales-et-internationales\/#breadcrumb","itemListElement":[{"@type":"ListItem","position":1,"name":"Accueil","item":"https:\/\/www.info-algerie.com\/actualites\/"},{"@type":"ListItem","position":2,"name":"Le Pr\u00e9sident Bouteflika se f\u00e9licite de la convergence de vues avec son homologue nig\u00e9rian sur les principales questions r\u00e9gionales et internationales\u00a0"}]},{"@type":"WebSite","@id":"https:\/\/www.info-algerie.com\/actualites\/#website","url":"https:\/\/www.info-algerie.com\/actualites\/","name":"info algerie","description":"Toutes les actualit\u00e9s","publisher":{"@id":"https:\/\/www.info-algerie.com\/actualites\/#organization"},"potentialAction":[{"@type":"SearchAction","target":{"@type":"EntryPoint","urlTemplate":"https:\/\/www.info-algerie.com\/actualites\/?s={search_term_string}"},"query-input":{"@type":"PropertyValueSpecification","valueRequired":true,"valueName":"search_term_string"}}],"inLanguage":"fr-FR"},{"@type":"Organization","@id":"https:\/\/www.info-algerie.com\/actualites\/#organization","name":"info algerie","url":"https:\/\/www.info-algerie.com\/actualites\/","logo":{"@type":"ImageObject","inLanguage":"fr-FR","@id":"https:\/\/www.info-algerie.com\/actualites\/#\/schema\/logo\/image\/","url":"https:\/\/www.info-algerie.com\/actualites\/wp-content\/uploads\/2022\/07\/logo-ia-120.png","contentUrl":"https:\/\/www.info-algerie.com\/actualites\/wp-content\/uploads\/2022\/07\/logo-ia-120.png","width":120,"height":43,"caption":"info algerie"},"image":{"@id":"https:\/\/www.info-algerie.com\/actualites\/#\/schema\/logo\/image\/"},"sameAs":["https:\/\/www.facebook.com\/infoalgerieactu","https:\/\/x.com\/infoalgerie1"]},{"@type":"Person","@id":"https:\/\/www.info-algerie.com\/actualites\/#\/schema\/person\/847aaec44920825b843a08f30ec6aa1e","name":"La r\u00e9daction","image":{"@type":"ImageObject","inLanguage":"fr-FR","@id":"https:\/\/secure.gravatar.com\/avatar\/769db425c6f465158149f1ffd6cf61ce7a8a879d11dfbef8288af36dfddd418c?s=96&d=mm&r=g","url":"https:\/\/secure.gravatar.com\/avatar\/769db425c6f465158149f1ffd6cf61ce7a8a879d11dfbef8288af36dfddd418c?s=96&d=mm&r=g","contentUrl":"https:\/\/secure.gravatar.com\/avatar\/769db425c6f465158149f1ffd6cf61ce7a8a879d11dfbef8288af36dfddd418c?s=96&d=mm&r=g","caption":"La r\u00e9daction"},"sameAs":["http:\/\/www.lkeria.com\/"],"url":"https:\/\/www.info-algerie.com\/actualites\/author\/chakib32\/"}]}},"_links":{"self":[{"href":"https:\/\/www.info-algerie.com\/actualites\/wp-json\/wp\/v2\/posts\/16487","targetHints":{"allow":["GET"]}}],"collection":[{"href":"https:\/\/www.info-algerie.com\/actualites\/wp-json\/wp\/v2\/posts"}],"about":[{"href":"https:\/\/www.info-algerie.com\/actualites\/wp-json\/wp\/v2\/types\/post"}],"author":[{"embeddable":true,"href":"https:\/\/www.info-algerie.com\/actualites\/wp-json\/wp\/v2\/users\/6"}],"replies":[{"embeddable":true,"href":"https:\/\/www.info-algerie.com\/actualites\/wp-json\/wp\/v2\/comments?post=16487"}],"version-history":[{"count":0,"href":"https:\/\/www.info-algerie.com\/actualites\/wp-json\/wp\/v2\/posts\/16487\/revisions"}],"wp:attachment":[{"href":"https:\/\/www.info-algerie.com\/actualites\/wp-json\/wp\/v2\/media?parent=16487"}],"wp:term":[{"taxonomy":"category","embeddable":true,"href":"https:\/\/www.info-algerie.com\/actualites\/wp-json\/wp\/v2\/categories?post=16487"},{"taxonomy":"post_tag","embeddable":true,"href":"https:\/\/www.info-algerie.com\/actualites\/wp-json\/wp\/v2\/tags?post=16487"}],"curies":[{"name":"wp","href":"https:\/\/api.w.org\/{rel}","templated":true}]}}