{"id":165,"date":"2015-08-21T15:30:00","date_gmt":"2015-08-21T14:30:00","guid":{"rendered":"http:\/\/www.info-algerie.com\/actualites\/la-macedoine-boucle-ses-frontieres-avec-la-grece\/"},"modified":"2015-08-21T15:49:44","modified_gmt":"2015-08-21T14:49:44","slug":"la-macedoine-boucle-ses-frontieres-avec-la-grece","status":"publish","type":"post","link":"https:\/\/www.info-algerie.com\/actualites\/la-macedoine-boucle-ses-frontieres-avec-la-grece\/","title":{"rendered":"la Mac\u00e9doine boucle ses fronti\u00e8res avec la Gr\u00e8ce"},"content":{"rendered":"<p style=\"text-align: justify;\">\nDans l\u2019espoir d\u2019arr\u00eater <img loading=\"lazy\" decoding=\"async\" class=\" wp-image-171 alignleft\" src=\"https:\/\/www.info-algerie.com\/actualites\/wp-content\/uploads\/2015\/08\/la-Mac\u00e9doine-boucle-ses-fronti\u00e8res-300x198.jpg\" alt=\"la Mac\u00e9doine boucle ses fronti\u00e8res\" width=\"200\" height=\"132\" srcset=\"https:\/\/www.info-algerie.com\/actualites\/wp-content\/uploads\/2015\/08\/la-Mac\u00e9doine-boucle-ses-fronti\u00e8res-300x198.jpg 300w, https:\/\/www.info-algerie.com\/actualites\/wp-content\/uploads\/2015\/08\/la-Mac\u00e9doine-boucle-ses-fronti\u00e8res-331x219.jpg 331w, https:\/\/www.info-algerie.com\/actualites\/wp-content\/uploads\/2015\/08\/la-Mac\u00e9doine-boucle-ses-fronti\u00e8res.jpg 620w\" sizes=\"auto, (max-width: 200px) 100vw, 200px\" \/>l\u2019arriv\u00e9e des migrants, la Mac\u00e9doine a renforc\u00e9 dans la nuit\u00a0de jeudi \u00e0 vendredi la pr\u00e9sence polici\u00e8re \u00e0 sa fronti\u00e8re avec la Gr\u00e8ce.<\/p>\n<h2 style=\"text-align: justify;\">la Mac\u00e9doine boucle ses fronti\u00e8res<\/h2>\n<p style=\"text-align: justify;\">Selon plusieurs m\u00e9dias, la zone \u00e0 proximit\u00e9 de la ville de Gevgelija, situ\u00e9e au \u00a0sud-est de la Mac\u00e9doine, \u00e9tait boucl\u00e9 par un impressionnant dispositif s\u00e9curitaire.<\/p>\n<p style=\"text-align: justify;\">C\u2019est \u00e0 travers cette r\u00e9gion frontali\u00e8re que les migrants utilisaient pour passer ill\u00e9galement de la Gr\u00e8ce vers le pays voisin. Jeudi dernier, le gouvernement mac\u00e9donien \u00a0avait d\u00e9cr\u00e9t\u00e9 \u00a0l&rsquo;\u00e9tat d&rsquo;urgence, et a d\u00e9cid\u00e9\u00a0 d\u2019engager des forces arm\u00e9es\u00a0 dans le sud du pays pour renforcer la s\u00e9curit\u00e9 et aider les autorit\u00e9s locales\u00a0et la police \u00e0 g\u00e9rer la \u00ab\u00a0crise\u00a0\u00bb.<\/p>\n<p style=\"text-align: justify;\">Environ 250 refugies syriens, dont des enfants et des femmes,\u00a0ont \u00a0n\u00e9anmoins, selon l\u2019AFP, \u00a0r\u00e9ussi \u00e0 franchir la fronti\u00e8re et se sont \u00a0r\u00e9uni \u00e0 la gare ferroviaire\u00a0de Gevgelija, apr\u00e8s avoir march\u00e9 en for\u00eat durant la nuit.<\/p>\n<p style=\"text-align: justify;\">Suite \u00e0 cette crise Skopje (capitale de la Mac\u00e9doine),\u00a0a accus\u00e9 mercredi les autorit\u00e9s grecques de diriger de fa\u00e7on\u00a0organis\u00e9e les migrants vers son territoire.<\/p>\n<p>Source: <a href=\"http:\/\/www.liberte-algerie.com\/international\/la-macedoine-boucle-ses-frontieres-avec-la-grece-231395\" target=\"_blank\">La Mac\u00e9doine boucle ses fronti\u00e8res avec la Gr\u00e8ce<\/a><\/p>\n<!--CusAds0-->\n<div style=\"font-size: 0px; height: 0px; line-height: 0px; margin: 0; padding: 0; clear: both;\"><\/div>","protected":false},"excerpt":{"rendered":"<p>Dans l\u2019espoir d\u2019arr\u00eater l\u2019arriv\u00e9e des migrants, la Mac\u00e9doine a renforc\u00e9 dans la nuit\u00a0de jeudi \u00e0 vendredi la pr\u00e9sence polici\u00e8re \u00e0 sa fronti\u00e8re avec la Gr\u00e8ce. la Mac\u00e9doine boucle ses fronti\u00e8res Selon plusieurs m\u00e9dias, la zone \u00e0 proximit\u00e9 de la ville de Gevgelija, situ\u00e9e au \u00a0sud-est de la Mac\u00e9doine, \u00e9tait boucl\u00e9 par un impressionnant dispositif s\u00e9curitaire.<\/p>\n","protected":false},"author":6,"featured_media":171,"comment_status":"open","ping_status":"open","sticky":false,"template":"","format":"standard","meta":{"footnotes":""},"categories":[11],"tags":[2,29,28],"class_list":["post-165","post","type-post","status-publish","format-standard","has-post-thumbnail","hentry","category-monde","tag-grece","tag-immigres","tag-macedonie"],"yoast_head":"<!-- This site is optimized with the Yoast SEO plugin v27.5 - https:\/\/yoast.com\/product\/yoast-seo-wordpress\/ -->\n<title>la Mac\u00e9doine boucle ses fronti\u00e8res avec la Gr\u00e8ce<\/title>\n<meta name=\"description\" content=\"la Mac\u00e9doine boucle ses fronti\u00e8res avec la Gr\u00e8ce \u00e0 travers lesquelles les migrants passaient ill\u00e9galement de la Gr\u00e8ce vers le pays voisin\" \/>\n<meta name=\"robots\" content=\"index, follow, max-snippet:-1, max-image-preview:large, max-video-preview:-1\" \/>\n<link rel=\"canonical\" href=\"https:\/\/www.info-algerie.com\/actualites\/la-macedoine-boucle-ses-frontieres-avec-la-grece\/\" \/>\n<meta property=\"og:locale\" content=\"fr_FR\" \/>\n<meta property=\"og:type\" content=\"article\" \/>\n<meta property=\"og:title\" content=\"la Mac\u00e9doine boucle ses fronti\u00e8res avec la Gr\u00e8ce\" \/>\n<meta property=\"og:description\" content=\"la Mac\u00e9doine boucle ses fronti\u00e8res avec la Gr\u00e8ce \u00e0 travers lesquelles les migrants passaient ill\u00e9galement de la Gr\u00e8ce vers le pays voisin\" \/>\n<meta property=\"og:url\" content=\"https:\/\/www.info-algerie.com\/actualites\/la-macedoine-boucle-ses-frontieres-avec-la-grece\/\" \/>\n<meta property=\"og:site_name\" content=\"info algerie\" \/>\n<meta property=\"article:publisher\" content=\"https:\/\/www.facebook.com\/infoalgerieactu\" \/>\n<meta property=\"article:published_time\" content=\"2015-08-21T14:30:00+00:00\" \/>\n<meta property=\"article:modified_time\" content=\"2015-08-21T14:49:44+00:00\" \/>\n<meta property=\"og:image\" content=\"https:\/\/www.info-algerie.com\/actualites\/wp-content\/uploads\/2015\/08\/la-Mac\u00e9doine-boucle-ses-fronti\u00e8res.jpg\" \/>\n\t<meta property=\"og:image:width\" content=\"620\" \/>\n\t<meta property=\"og:image:height\" content=\"410\" \/>\n\t<meta property=\"og:image:type\" content=\"image\/jpeg\" \/>\n<meta name=\"author\" content=\"La r\u00e9daction\" \/>\n<meta name=\"twitter:label1\" content=\"\u00c9crit par\" \/>\n\t<meta name=\"twitter:data1\" content=\"La r\u00e9daction\" \/>\n\t<meta name=\"twitter:label2\" content=\"Dur\u00e9e de lecture estim\u00e9e\" \/>\n\t<meta name=\"twitter:data2\" content=\"1 minute\" \/>\n<script type=\"application\/ld+json\" class=\"yoast-schema-graph\">{\"@context\":\"https:\\\/\\\/schema.org\",\"@graph\":[{\"@type\":\"Article\",\"@id\":\"https:\\\/\\\/www.info-algerie.com\\\/actualites\\\/la-macedoine-boucle-ses-frontieres-avec-la-grece\\\/#article\",\"isPartOf\":{\"@id\":\"https:\\\/\\\/www.info-algerie.com\\\/actualites\\\/la-macedoine-boucle-ses-frontieres-avec-la-grece\\\/\"},\"author\":{\"name\":\"La r\u00e9daction\",\"@id\":\"https:\\\/\\\/www.info-algerie.com\\\/actualites\\\/#\\\/schema\\\/person\\\/847aaec44920825b843a08f30ec6aa1e\"},\"headline\":\"la Mac\u00e9doine boucle ses fronti\u00e8res avec la Gr\u00e8ce\",\"datePublished\":\"2015-08-21T14:30:00+00:00\",\"dateModified\":\"2015-08-21T14:49:44+00:00\",\"mainEntityOfPage\":{\"@id\":\"https:\\\/\\\/www.info-algerie.com\\\/actualites\\\/la-macedoine-boucle-ses-frontieres-avec-la-grece\\\/\"},\"wordCount\":232,\"commentCount\":1,\"publisher\":{\"@id\":\"https:\\\/\\\/www.info-algerie.com\\\/actualites\\\/#organization\"},\"image\":{\"@id\":\"https:\\\/\\\/www.info-algerie.com\\\/actualites\\\/la-macedoine-boucle-ses-frontieres-avec-la-grece\\\/#primaryimage\"},\"thumbnailUrl\":\"https:\\\/\\\/www.info-algerie.com\\\/actualites\\\/wp-content\\\/uploads\\\/2015\\\/08\\\/la-Mac\u00e9doine-boucle-ses-fronti\u00e8res.jpg\",\"keywords\":[\"Gr\u00e9ce\",\"immigr\u00e9s\",\"mac\u00e9donie\"],\"articleSection\":[\"Monde\"],\"inLanguage\":\"fr-FR\",\"potentialAction\":[{\"@type\":\"CommentAction\",\"name\":\"Comment\",\"target\":[\"https:\\\/\\\/www.info-algerie.com\\\/actualites\\\/la-macedoine-boucle-ses-frontieres-avec-la-grece\\\/#respond\"]}]},{\"@type\":\"WebPage\",\"@id\":\"https:\\\/\\\/www.info-algerie.com\\\/actualites\\\/la-macedoine-boucle-ses-frontieres-avec-la-grece\\\/\",\"url\":\"https:\\\/\\\/www.info-algerie.com\\\/actualites\\\/la-macedoine-boucle-ses-frontieres-avec-la-grece\\\/\",\"name\":\"la Mac\u00e9doine boucle ses fronti\u00e8res avec la Gr\u00e8ce\",\"isPartOf\":{\"@id\":\"https:\\\/\\\/www.info-algerie.com\\\/actualites\\\/#website\"},\"primaryImageOfPage\":{\"@id\":\"https:\\\/\\\/www.info-algerie.com\\\/actualites\\\/la-macedoine-boucle-ses-frontieres-avec-la-grece\\\/#primaryimage\"},\"image\":{\"@id\":\"https:\\\/\\\/www.info-algerie.com\\\/actualites\\\/la-macedoine-boucle-ses-frontieres-avec-la-grece\\\/#primaryimage\"},\"thumbnailUrl\":\"https:\\\/\\\/www.info-algerie.com\\\/actualites\\\/wp-content\\\/uploads\\\/2015\\\/08\\\/la-Mac\u00e9doine-boucle-ses-fronti\u00e8res.jpg\",\"datePublished\":\"2015-08-21T14:30:00+00:00\",\"dateModified\":\"2015-08-21T14:49:44+00:00\",\"description\":\"la Mac\u00e9doine boucle ses fronti\u00e8res avec la Gr\u00e8ce \u00e0 travers lesquelles les migrants passaient ill\u00e9galement de la Gr\u00e8ce vers le pays voisin\",\"breadcrumb\":{\"@id\":\"https:\\\/\\\/www.info-algerie.com\\\/actualites\\\/la-macedoine-boucle-ses-frontieres-avec-la-grece\\\/#breadcrumb\"},\"inLanguage\":\"fr-FR\",\"potentialAction\":[{\"@type\":\"ReadAction\",\"target\":[\"https:\\\/\\\/www.info-algerie.com\\\/actualites\\\/la-macedoine-boucle-ses-frontieres-avec-la-grece\\\/\"]}]},{\"@type\":\"ImageObject\",\"inLanguage\":\"fr-FR\",\"@id\":\"https:\\\/\\\/www.info-algerie.com\\\/actualites\\\/la-macedoine-boucle-ses-frontieres-avec-la-grece\\\/#primaryimage\",\"url\":\"https:\\\/\\\/www.info-algerie.com\\\/actualites\\\/wp-content\\\/uploads\\\/2015\\\/08\\\/la-Mac\u00e9doine-boucle-ses-fronti\u00e8res.jpg\",\"contentUrl\":\"https:\\\/\\\/www.info-algerie.com\\\/actualites\\\/wp-content\\\/uploads\\\/2015\\\/08\\\/la-Mac\u00e9doine-boucle-ses-fronti\u00e8res.jpg\",\"width\":620,\"height\":410,\"caption\":\"la Mac\u00e9doine boucle ses fronti\u00e8res\"},{\"@type\":\"BreadcrumbList\",\"@id\":\"https:\\\/\\\/www.info-algerie.com\\\/actualites\\\/la-macedoine-boucle-ses-frontieres-avec-la-grece\\\/#breadcrumb\",\"itemListElement\":[{\"@type\":\"ListItem\",\"position\":1,\"name\":\"Accueil\",\"item\":\"https:\\\/\\\/www.info-algerie.com\\\/actualites\\\/\"},{\"@type\":\"ListItem\",\"position\":2,\"name\":\"la Mac\u00e9doine boucle ses fronti\u00e8res avec la Gr\u00e8ce\"}]},{\"@type\":\"WebSite\",\"@id\":\"https:\\\/\\\/www.info-algerie.com\\\/actualites\\\/#website\",\"url\":\"https:\\\/\\\/www.info-algerie.com\\\/actualites\\\/\",\"name\":\"info algerie\",\"description\":\"Toutes les actualit\u00e9s\",\"publisher\":{\"@id\":\"https:\\\/\\\/www.info-algerie.com\\\/actualites\\\/#organization\"},\"potentialAction\":[{\"@type\":\"SearchAction\",\"target\":{\"@type\":\"EntryPoint\",\"urlTemplate\":\"https:\\\/\\\/www.info-algerie.com\\\/actualites\\\/?s={search_term_string}\"},\"query-input\":{\"@type\":\"PropertyValueSpecification\",\"valueRequired\":true,\"valueName\":\"search_term_string\"}}],\"inLanguage\":\"fr-FR\"},{\"@type\":\"Organization\",\"@id\":\"https:\\\/\\\/www.info-algerie.com\\\/actualites\\\/#organization\",\"name\":\"info algerie\",\"url\":\"https:\\\/\\\/www.info-algerie.com\\\/actualites\\\/\",\"logo\":{\"@type\":\"ImageObject\",\"inLanguage\":\"fr-FR\",\"@id\":\"https:\\\/\\\/www.info-algerie.com\\\/actualites\\\/#\\\/schema\\\/logo\\\/image\\\/\",\"url\":\"https:\\\/\\\/www.info-algerie.com\\\/actualites\\\/wp-content\\\/uploads\\\/2022\\\/07\\\/logo-ia-120.png\",\"contentUrl\":\"https:\\\/\\\/www.info-algerie.com\\\/actualites\\\/wp-content\\\/uploads\\\/2022\\\/07\\\/logo-ia-120.png\",\"width\":120,\"height\":43,\"caption\":\"info algerie\"},\"image\":{\"@id\":\"https:\\\/\\\/www.info-algerie.com\\\/actualites\\\/#\\\/schema\\\/logo\\\/image\\\/\"},\"sameAs\":[\"https:\\\/\\\/www.facebook.com\\\/infoalgerieactu\",\"https:\\\/\\\/x.com\\\/infoalgerie1\"]},{\"@type\":\"Person\",\"@id\":\"https:\\\/\\\/www.info-algerie.com\\\/actualites\\\/#\\\/schema\\\/person\\\/847aaec44920825b843a08f30ec6aa1e\",\"name\":\"La r\u00e9daction\",\"image\":{\"@type\":\"ImageObject\",\"inLanguage\":\"fr-FR\",\"@id\":\"https:\\\/\\\/secure.gravatar.com\\\/avatar\\\/769db425c6f465158149f1ffd6cf61ce7a8a879d11dfbef8288af36dfddd418c?s=96&d=mm&r=g\",\"url\":\"https:\\\/\\\/secure.gravatar.com\\\/avatar\\\/769db425c6f465158149f1ffd6cf61ce7a8a879d11dfbef8288af36dfddd418c?s=96&d=mm&r=g\",\"contentUrl\":\"https:\\\/\\\/secure.gravatar.com\\\/avatar\\\/769db425c6f465158149f1ffd6cf61ce7a8a879d11dfbef8288af36dfddd418c?s=96&d=mm&r=g\",\"caption\":\"La r\u00e9daction\"},\"sameAs\":[\"http:\\\/\\\/www.lkeria.com\\\/\"],\"url\":\"https:\\\/\\\/www.info-algerie.com\\\/actualites\\\/author\\\/chakib32\\\/\"}]}<\/script>\n<!-- \/ Yoast SEO plugin. -->","yoast_head_json":{"title":"la Mac\u00e9doine boucle ses fronti\u00e8res avec la Gr\u00e8ce","description":"la Mac\u00e9doine boucle ses fronti\u00e8res avec la Gr\u00e8ce \u00e0 travers lesquelles les migrants passaient ill\u00e9galement de la Gr\u00e8ce vers le pays voisin","robots":{"index":"index","follow":"follow","max-snippet":"max-snippet:-1","max-image-preview":"max-image-preview:large","max-video-preview":"max-video-preview:-1"},"canonical":"https:\/\/www.info-algerie.com\/actualites\/la-macedoine-boucle-ses-frontieres-avec-la-grece\/","og_locale":"fr_FR","og_type":"article","og_title":"la Mac\u00e9doine boucle ses fronti\u00e8res avec la Gr\u00e8ce","og_description":"la Mac\u00e9doine boucle ses fronti\u00e8res avec la Gr\u00e8ce \u00e0 travers lesquelles les migrants passaient ill\u00e9galement de la Gr\u00e8ce vers le pays voisin","og_url":"https:\/\/www.info-algerie.com\/actualites\/la-macedoine-boucle-ses-frontieres-avec-la-grece\/","og_site_name":"info algerie","article_publisher":"https:\/\/www.facebook.com\/infoalgerieactu","article_published_time":"2015-08-21T14:30:00+00:00","article_modified_time":"2015-08-21T14:49:44+00:00","og_image":[{"width":620,"height":410,"url":"https:\/\/www.info-algerie.com\/actualites\/wp-content\/uploads\/2015\/08\/la-Mac\u00e9doine-boucle-ses-fronti\u00e8res.jpg","type":"image\/jpeg"}],"author":"La r\u00e9daction","twitter_misc":{"\u00c9crit par":"La r\u00e9daction","Dur\u00e9e de lecture estim\u00e9e":"1 minute"},"schema":{"@context":"https:\/\/schema.org","@graph":[{"@type":"Article","@id":"https:\/\/www.info-algerie.com\/actualites\/la-macedoine-boucle-ses-frontieres-avec-la-grece\/#article","isPartOf":{"@id":"https:\/\/www.info-algerie.com\/actualites\/la-macedoine-boucle-ses-frontieres-avec-la-grece\/"},"author":{"name":"La r\u00e9daction","@id":"https:\/\/www.info-algerie.com\/actualites\/#\/schema\/person\/847aaec44920825b843a08f30ec6aa1e"},"headline":"la Mac\u00e9doine boucle ses fronti\u00e8res avec la Gr\u00e8ce","datePublished":"2015-08-21T14:30:00+00:00","dateModified":"2015-08-21T14:49:44+00:00","mainEntityOfPage":{"@id":"https:\/\/www.info-algerie.com\/actualites\/la-macedoine-boucle-ses-frontieres-avec-la-grece\/"},"wordCount":232,"commentCount":1,"publisher":{"@id":"https:\/\/www.info-algerie.com\/actualites\/#organization"},"image":{"@id":"https:\/\/www.info-algerie.com\/actualites\/la-macedoine-boucle-ses-frontieres-avec-la-grece\/#primaryimage"},"thumbnailUrl":"https:\/\/www.info-algerie.com\/actualites\/wp-content\/uploads\/2015\/08\/la-Mac\u00e9doine-boucle-ses-fronti\u00e8res.jpg","keywords":["Gr\u00e9ce","immigr\u00e9s","mac\u00e9donie"],"articleSection":["Monde"],"inLanguage":"fr-FR","potentialAction":[{"@type":"CommentAction","name":"Comment","target":["https:\/\/www.info-algerie.com\/actualites\/la-macedoine-boucle-ses-frontieres-avec-la-grece\/#respond"]}]},{"@type":"WebPage","@id":"https:\/\/www.info-algerie.com\/actualites\/la-macedoine-boucle-ses-frontieres-avec-la-grece\/","url":"https:\/\/www.info-algerie.com\/actualites\/la-macedoine-boucle-ses-frontieres-avec-la-grece\/","name":"la Mac\u00e9doine boucle ses fronti\u00e8res avec la Gr\u00e8ce","isPartOf":{"@id":"https:\/\/www.info-algerie.com\/actualites\/#website"},"primaryImageOfPage":{"@id":"https:\/\/www.info-algerie.com\/actualites\/la-macedoine-boucle-ses-frontieres-avec-la-grece\/#primaryimage"},"image":{"@id":"https:\/\/www.info-algerie.com\/actualites\/la-macedoine-boucle-ses-frontieres-avec-la-grece\/#primaryimage"},"thumbnailUrl":"https:\/\/www.info-algerie.com\/actualites\/wp-content\/uploads\/2015\/08\/la-Mac\u00e9doine-boucle-ses-fronti\u00e8res.jpg","datePublished":"2015-08-21T14:30:00+00:00","dateModified":"2015-08-21T14:49:44+00:00","description":"la Mac\u00e9doine boucle ses fronti\u00e8res avec la Gr\u00e8ce \u00e0 travers lesquelles les migrants passaient ill\u00e9galement de la Gr\u00e8ce vers le pays voisin","breadcrumb":{"@id":"https:\/\/www.info-algerie.com\/actualites\/la-macedoine-boucle-ses-frontieres-avec-la-grece\/#breadcrumb"},"inLanguage":"fr-FR","potentialAction":[{"@type":"ReadAction","target":["https:\/\/www.info-algerie.com\/actualites\/la-macedoine-boucle-ses-frontieres-avec-la-grece\/"]}]},{"@type":"ImageObject","inLanguage":"fr-FR","@id":"https:\/\/www.info-algerie.com\/actualites\/la-macedoine-boucle-ses-frontieres-avec-la-grece\/#primaryimage","url":"https:\/\/www.info-algerie.com\/actualites\/wp-content\/uploads\/2015\/08\/la-Mac\u00e9doine-boucle-ses-fronti\u00e8res.jpg","contentUrl":"https:\/\/www.info-algerie.com\/actualites\/wp-content\/uploads\/2015\/08\/la-Mac\u00e9doine-boucle-ses-fronti\u00e8res.jpg","width":620,"height":410,"caption":"la Mac\u00e9doine boucle ses fronti\u00e8res"},{"@type":"BreadcrumbList","@id":"https:\/\/www.info-algerie.com\/actualites\/la-macedoine-boucle-ses-frontieres-avec-la-grece\/#breadcrumb","itemListElement":[{"@type":"ListItem","position":1,"name":"Accueil","item":"https:\/\/www.info-algerie.com\/actualites\/"},{"@type":"ListItem","position":2,"name":"la Mac\u00e9doine boucle ses fronti\u00e8res avec la Gr\u00e8ce"}]},{"@type":"WebSite","@id":"https:\/\/www.info-algerie.com\/actualites\/#website","url":"https:\/\/www.info-algerie.com\/actualites\/","name":"info algerie","description":"Toutes les actualit\u00e9s","publisher":{"@id":"https:\/\/www.info-algerie.com\/actualites\/#organization"},"potentialAction":[{"@type":"SearchAction","target":{"@type":"EntryPoint","urlTemplate":"https:\/\/www.info-algerie.com\/actualites\/?s={search_term_string}"},"query-input":{"@type":"PropertyValueSpecification","valueRequired":true,"valueName":"search_term_string"}}],"inLanguage":"fr-FR"},{"@type":"Organization","@id":"https:\/\/www.info-algerie.com\/actualites\/#organization","name":"info algerie","url":"https:\/\/www.info-algerie.com\/actualites\/","logo":{"@type":"ImageObject","inLanguage":"fr-FR","@id":"https:\/\/www.info-algerie.com\/actualites\/#\/schema\/logo\/image\/","url":"https:\/\/www.info-algerie.com\/actualites\/wp-content\/uploads\/2022\/07\/logo-ia-120.png","contentUrl":"https:\/\/www.info-algerie.com\/actualites\/wp-content\/uploads\/2022\/07\/logo-ia-120.png","width":120,"height":43,"caption":"info algerie"},"image":{"@id":"https:\/\/www.info-algerie.com\/actualites\/#\/schema\/logo\/image\/"},"sameAs":["https:\/\/www.facebook.com\/infoalgerieactu","https:\/\/x.com\/infoalgerie1"]},{"@type":"Person","@id":"https:\/\/www.info-algerie.com\/actualites\/#\/schema\/person\/847aaec44920825b843a08f30ec6aa1e","name":"La r\u00e9daction","image":{"@type":"ImageObject","inLanguage":"fr-FR","@id":"https:\/\/secure.gravatar.com\/avatar\/769db425c6f465158149f1ffd6cf61ce7a8a879d11dfbef8288af36dfddd418c?s=96&d=mm&r=g","url":"https:\/\/secure.gravatar.com\/avatar\/769db425c6f465158149f1ffd6cf61ce7a8a879d11dfbef8288af36dfddd418c?s=96&d=mm&r=g","contentUrl":"https:\/\/secure.gravatar.com\/avatar\/769db425c6f465158149f1ffd6cf61ce7a8a879d11dfbef8288af36dfddd418c?s=96&d=mm&r=g","caption":"La r\u00e9daction"},"sameAs":["http:\/\/www.lkeria.com\/"],"url":"https:\/\/www.info-algerie.com\/actualites\/author\/chakib32\/"}]}},"_links":{"self":[{"href":"https:\/\/www.info-algerie.com\/actualites\/wp-json\/wp\/v2\/posts\/165","targetHints":{"allow":["GET"]}}],"collection":[{"href":"https:\/\/www.info-algerie.com\/actualites\/wp-json\/wp\/v2\/posts"}],"about":[{"href":"https:\/\/www.info-algerie.com\/actualites\/wp-json\/wp\/v2\/types\/post"}],"author":[{"embeddable":true,"href":"https:\/\/www.info-algerie.com\/actualites\/wp-json\/wp\/v2\/users\/6"}],"replies":[{"embeddable":true,"href":"https:\/\/www.info-algerie.com\/actualites\/wp-json\/wp\/v2\/comments?post=165"}],"version-history":[{"count":2,"href":"https:\/\/www.info-algerie.com\/actualites\/wp-json\/wp\/v2\/posts\/165\/revisions"}],"predecessor-version":[{"id":172,"href":"https:\/\/www.info-algerie.com\/actualites\/wp-json\/wp\/v2\/posts\/165\/revisions\/172"}],"wp:featuredmedia":[{"embeddable":true,"href":"https:\/\/www.info-algerie.com\/actualites\/wp-json\/wp\/v2\/media\/171"}],"wp:attachment":[{"href":"https:\/\/www.info-algerie.com\/actualites\/wp-json\/wp\/v2\/media?parent=165"}],"wp:term":[{"taxonomy":"category","embeddable":true,"href":"https:\/\/www.info-algerie.com\/actualites\/wp-json\/wp\/v2\/categories?post=165"},{"taxonomy":"post_tag","embeddable":true,"href":"https:\/\/www.info-algerie.com\/actualites\/wp-json\/wp\/v2\/tags?post=165"}],"curies":[{"name":"wp","href":"https:\/\/api.w.org\/{rel}","templated":true}]}}