{"id":16522,"date":"2017-10-02T15:10:09","date_gmt":"2017-10-02T14:10:09","guid":{"rendered":"http:\/\/www.info-algerie.com\/actualites\/une-delegation-des-deux-chambres-du-parlement-prend-part-aux-reunions-de-lap-osce-a-andorre-la-vieille\/"},"modified":"2017-10-02T15:10:09","modified_gmt":"2017-10-02T14:10:09","slug":"une-delegation-des-deux-chambres-du-parlement-prend-part-aux-reunions-de-lap-osce-a-andorre-la-vieille","status":"publish","type":"post","link":"https:\/\/www.info-algerie.com\/actualites\/une-delegation-des-deux-chambres-du-parlement-prend-part-aux-reunions-de-lap-osce-a-andorre-la-vieille\/","title":{"rendered":"Une d\u00e9l\u00e9gation des deux chambres du Parlement prend part aux r\u00e9unions de l&#039;AP-OSCE \u00e0 Andorre-la-Vieille"},"content":{"rendered":"<div class=\"K2FeedIntroText\">\n<p>ALGER &#8211; Une d\u00e9l\u00e9gation des deux chambres du Parlement prendra part aux r\u00e9unions de la session d&rsquo;automne 2017 de l&rsquo;Assembl\u00e9e parlementaire de l&rsquo;Organisation pour la s\u00e9curit\u00e9 et la coop\u00e9ration en Europe (AP-OSCE), pr\u00e9vue \u00e0 Andorre-la-Vieille (Andorre) du 3 au 5 octobre, a indiqu\u00e9 lundi un communiqu\u00e9 du Conseil de la nation.<\/p>\n<p>&#013;\n<\/p><\/div>\n<div class=\"K2FeedFullText\">&#013;<\/p>\n<p>Les participants examineront plusieurs questions li\u00e9es \u00e0 la th\u00e9matique de la session, \u00e0 savoir \u00ab\u00a0la s\u00e9curit\u00e9 dans la r\u00e9gion de l&rsquo;OSCE:<\/p>\n<p>&#013;<\/p>\n<p>nouveaux d\u00e9fis, nouvelles missions\u00a0\u00bb, notamment \u00ab\u00a0la cybercriminalit\u00e9\u00a0\u00bb, \u00ab\u00a0la s\u00e9curit\u00e9 environnementale: faire face au changement climatique\u00a0\u00bb et \u00ab\u00a0la dimension humaine: promouvoir l&rsquo;\u00e9ducation comme garantie de la stabilit\u00e9 et du d\u00e9veloppement\u00a0\u00bb, a pr\u00e9cis\u00e9 la m\u00eame source. La session sera \u00e9galement marqu\u00e9e par l&rsquo;organisation de la r\u00e9union du Forum m\u00e9diterran\u00e9en de l&rsquo;AP-OSCE sous le th\u00e8me \u00ab\u00a0promouvoir la s\u00e9curit\u00e9 et la coop\u00e9ration en M\u00e9diterran\u00e9e\u00a0\u00bb.<\/p>\n<p>&#013;<\/p>\n<p>La d\u00e9l\u00e9gation alg\u00e9rienne est compos\u00e9e du vice-pr\u00e9sident du Conseil de la nation, Zoubir Touafchia, du pr\u00e9sident du groupe parlementaire du tiers pr\u00e9sidentiel, Hachemi Djiar, et de deux membres de l&rsquo;Assembl\u00e9e populaire nationale (APN).<\/p>\n<p>&#013;<\/p>\n<p>Le Parlement alg\u00e9rien participe r\u00e9guli\u00e8rement aux r\u00e9unions de l&rsquo;AP-OSCE en qualit\u00e9 de partenaire pour la coop\u00e9ration.<\/p>\n<\/div>\n<p>&#013;<br \/>\nSource: <a href=\"http:\/\/www.aps.dz\/algerie\/63501-une-delegation-des-deux-chambres-du-parlement-prend-part-aux-reunions-de-l-ap-osce-a-andorre-la-vieille\" target=\"_blank\">Une d\u00e9l\u00e9gation des deux chambres du Parlement prend part aux r\u00e9unions de l&rsquo;AP-OSCE \u00e0 Andorre-la-Vieille<\/a><\/p>\n<!--CusAds0-->\n<div style=\"font-size: 0px; height: 0px; line-height: 0px; margin: 0; padding: 0; clear: both;\"><\/div>","protected":false},"excerpt":{"rendered":"<p>ALGER &#8211; Une d\u00e9l\u00e9gation des deux chambres du Parlement prendra part aux r\u00e9unions de la session d&rsquo;automne 2017 de l&rsquo;Assembl\u00e9e parlementaire de l&rsquo;Organisation pour la s\u00e9curit\u00e9 et la coop\u00e9ration en Europe (AP-OSCE), pr\u00e9vue \u00e0 Andorre-la-Vieille (Andorre) du 3 au 5 octobre, a indiqu\u00e9 lundi un communiqu\u00e9 du Conseil de la nation. &#013; &#013; Les participants<\/p>\n","protected":false},"author":6,"featured_media":0,"comment_status":"open","ping_status":"open","sticky":false,"template":"","format":"standard","meta":{"footnotes":""},"categories":[22],"tags":[93],"class_list":["post-16522","post","type-post","status-publish","format-standard","hentry","category-infos","tag-onu"],"yoast_head":"<!-- This site is optimized with the Yoast SEO plugin v27.5 - https:\/\/yoast.com\/product\/yoast-seo-wordpress\/ -->\n<title>Une d\u00e9l\u00e9gation des deux chambres du Parlement prend part aux r\u00e9unions de l&#039;AP-OSCE \u00e0 Andorre-la-Vieille - info algerie<\/title>\n<meta name=\"robots\" content=\"index, follow, max-snippet:-1, max-image-preview:large, max-video-preview:-1\" \/>\n<link rel=\"canonical\" href=\"https:\/\/www.info-algerie.com\/actualites\/une-delegation-des-deux-chambres-du-parlement-prend-part-aux-reunions-de-lap-osce-a-andorre-la-vieille\/\" \/>\n<meta property=\"og:locale\" content=\"fr_FR\" \/>\n<meta property=\"og:type\" content=\"article\" \/>\n<meta property=\"og:title\" content=\"Une d\u00e9l\u00e9gation des deux chambres du Parlement prend part aux r\u00e9unions de l&#039;AP-OSCE \u00e0 Andorre-la-Vieille - info algerie\" \/>\n<meta property=\"og:description\" content=\"ALGER &#8211; Une d\u00e9l\u00e9gation des deux chambres du Parlement prendra part aux r\u00e9unions de la session d&rsquo;automne 2017 de l&rsquo;Assembl\u00e9e parlementaire de l&rsquo;Organisation pour la s\u00e9curit\u00e9 et la coop\u00e9ration en Europe (AP-OSCE), pr\u00e9vue \u00e0 Andorre-la-Vieille (Andorre) du 3 au 5 octobre, a indiqu\u00e9 lundi un communiqu\u00e9 du Conseil de la nation. &#013; &#013; Les participants\" \/>\n<meta property=\"og:url\" content=\"https:\/\/www.info-algerie.com\/actualites\/une-delegation-des-deux-chambres-du-parlement-prend-part-aux-reunions-de-lap-osce-a-andorre-la-vieille\/\" \/>\n<meta property=\"og:site_name\" content=\"info algerie\" \/>\n<meta property=\"article:publisher\" content=\"https:\/\/www.facebook.com\/infoalgerieactu\" \/>\n<meta property=\"article:published_time\" content=\"2017-10-02T14:10:09+00:00\" \/>\n<meta name=\"author\" content=\"La r\u00e9daction\" \/>\n<meta name=\"twitter:label1\" content=\"\u00c9crit par\" \/>\n\t<meta name=\"twitter:data1\" content=\"La r\u00e9daction\" \/>\n\t<meta name=\"twitter:label2\" content=\"Dur\u00e9e de lecture estim\u00e9e\" \/>\n\t<meta name=\"twitter:data2\" content=\"1 minute\" \/>\n<script type=\"application\/ld+json\" class=\"yoast-schema-graph\">{\"@context\":\"https:\\\/\\\/schema.org\",\"@graph\":[{\"@type\":\"Article\",\"@id\":\"https:\\\/\\\/www.info-algerie.com\\\/actualites\\\/une-delegation-des-deux-chambres-du-parlement-prend-part-aux-reunions-de-lap-osce-a-andorre-la-vieille\\\/#article\",\"isPartOf\":{\"@id\":\"https:\\\/\\\/www.info-algerie.com\\\/actualites\\\/une-delegation-des-deux-chambres-du-parlement-prend-part-aux-reunions-de-lap-osce-a-andorre-la-vieille\\\/\"},\"author\":{\"name\":\"La r\u00e9daction\",\"@id\":\"https:\\\/\\\/www.info-algerie.com\\\/actualites\\\/#\\\/schema\\\/person\\\/847aaec44920825b843a08f30ec6aa1e\"},\"headline\":\"Une d\u00e9l\u00e9gation des deux chambres du Parlement prend part aux r\u00e9unions de l&#039;AP-OSCE \u00e0 Andorre-la-Vieille\",\"datePublished\":\"2017-10-02T14:10:09+00:00\",\"mainEntityOfPage\":{\"@id\":\"https:\\\/\\\/www.info-algerie.com\\\/actualites\\\/une-delegation-des-deux-chambres-du-parlement-prend-part-aux-reunions-de-lap-osce-a-andorre-la-vieille\\\/\"},\"wordCount\":259,\"commentCount\":0,\"publisher\":{\"@id\":\"https:\\\/\\\/www.info-algerie.com\\\/actualites\\\/#organization\"},\"keywords\":[\"ONU\"],\"articleSection\":[\"infos\"],\"inLanguage\":\"fr-FR\",\"potentialAction\":[{\"@type\":\"CommentAction\",\"name\":\"Comment\",\"target\":[\"https:\\\/\\\/www.info-algerie.com\\\/actualites\\\/une-delegation-des-deux-chambres-du-parlement-prend-part-aux-reunions-de-lap-osce-a-andorre-la-vieille\\\/#respond\"]}]},{\"@type\":\"WebPage\",\"@id\":\"https:\\\/\\\/www.info-algerie.com\\\/actualites\\\/une-delegation-des-deux-chambres-du-parlement-prend-part-aux-reunions-de-lap-osce-a-andorre-la-vieille\\\/\",\"url\":\"https:\\\/\\\/www.info-algerie.com\\\/actualites\\\/une-delegation-des-deux-chambres-du-parlement-prend-part-aux-reunions-de-lap-osce-a-andorre-la-vieille\\\/\",\"name\":\"Une d\u00e9l\u00e9gation des deux chambres du Parlement prend part aux r\u00e9unions de l&#039;AP-OSCE \u00e0 Andorre-la-Vieille - info algerie\",\"isPartOf\":{\"@id\":\"https:\\\/\\\/www.info-algerie.com\\\/actualites\\\/#website\"},\"datePublished\":\"2017-10-02T14:10:09+00:00\",\"breadcrumb\":{\"@id\":\"https:\\\/\\\/www.info-algerie.com\\\/actualites\\\/une-delegation-des-deux-chambres-du-parlement-prend-part-aux-reunions-de-lap-osce-a-andorre-la-vieille\\\/#breadcrumb\"},\"inLanguage\":\"fr-FR\",\"potentialAction\":[{\"@type\":\"ReadAction\",\"target\":[\"https:\\\/\\\/www.info-algerie.com\\\/actualites\\\/une-delegation-des-deux-chambres-du-parlement-prend-part-aux-reunions-de-lap-osce-a-andorre-la-vieille\\\/\"]}]},{\"@type\":\"BreadcrumbList\",\"@id\":\"https:\\\/\\\/www.info-algerie.com\\\/actualites\\\/une-delegation-des-deux-chambres-du-parlement-prend-part-aux-reunions-de-lap-osce-a-andorre-la-vieille\\\/#breadcrumb\",\"itemListElement\":[{\"@type\":\"ListItem\",\"position\":1,\"name\":\"Accueil\",\"item\":\"https:\\\/\\\/www.info-algerie.com\\\/actualites\\\/\"},{\"@type\":\"ListItem\",\"position\":2,\"name\":\"Une d\u00e9l\u00e9gation des deux chambres du Parlement prend part aux r\u00e9unions de l&#039;AP-OSCE \u00e0 Andorre-la-Vieille\"}]},{\"@type\":\"WebSite\",\"@id\":\"https:\\\/\\\/www.info-algerie.com\\\/actualites\\\/#website\",\"url\":\"https:\\\/\\\/www.info-algerie.com\\\/actualites\\\/\",\"name\":\"info algerie\",\"description\":\"Toutes les actualit\u00e9s\",\"publisher\":{\"@id\":\"https:\\\/\\\/www.info-algerie.com\\\/actualites\\\/#organization\"},\"potentialAction\":[{\"@type\":\"SearchAction\",\"target\":{\"@type\":\"EntryPoint\",\"urlTemplate\":\"https:\\\/\\\/www.info-algerie.com\\\/actualites\\\/?s={search_term_string}\"},\"query-input\":{\"@type\":\"PropertyValueSpecification\",\"valueRequired\":true,\"valueName\":\"search_term_string\"}}],\"inLanguage\":\"fr-FR\"},{\"@type\":\"Organization\",\"@id\":\"https:\\\/\\\/www.info-algerie.com\\\/actualites\\\/#organization\",\"name\":\"info algerie\",\"url\":\"https:\\\/\\\/www.info-algerie.com\\\/actualites\\\/\",\"logo\":{\"@type\":\"ImageObject\",\"inLanguage\":\"fr-FR\",\"@id\":\"https:\\\/\\\/www.info-algerie.com\\\/actualites\\\/#\\\/schema\\\/logo\\\/image\\\/\",\"url\":\"https:\\\/\\\/www.info-algerie.com\\\/actualites\\\/wp-content\\\/uploads\\\/2022\\\/07\\\/logo-ia-120.png\",\"contentUrl\":\"https:\\\/\\\/www.info-algerie.com\\\/actualites\\\/wp-content\\\/uploads\\\/2022\\\/07\\\/logo-ia-120.png\",\"width\":120,\"height\":43,\"caption\":\"info algerie\"},\"image\":{\"@id\":\"https:\\\/\\\/www.info-algerie.com\\\/actualites\\\/#\\\/schema\\\/logo\\\/image\\\/\"},\"sameAs\":[\"https:\\\/\\\/www.facebook.com\\\/infoalgerieactu\",\"https:\\\/\\\/x.com\\\/infoalgerie1\"]},{\"@type\":\"Person\",\"@id\":\"https:\\\/\\\/www.info-algerie.com\\\/actualites\\\/#\\\/schema\\\/person\\\/847aaec44920825b843a08f30ec6aa1e\",\"name\":\"La r\u00e9daction\",\"image\":{\"@type\":\"ImageObject\",\"inLanguage\":\"fr-FR\",\"@id\":\"https:\\\/\\\/secure.gravatar.com\\\/avatar\\\/769db425c6f465158149f1ffd6cf61ce7a8a879d11dfbef8288af36dfddd418c?s=96&d=mm&r=g\",\"url\":\"https:\\\/\\\/secure.gravatar.com\\\/avatar\\\/769db425c6f465158149f1ffd6cf61ce7a8a879d11dfbef8288af36dfddd418c?s=96&d=mm&r=g\",\"contentUrl\":\"https:\\\/\\\/secure.gravatar.com\\\/avatar\\\/769db425c6f465158149f1ffd6cf61ce7a8a879d11dfbef8288af36dfddd418c?s=96&d=mm&r=g\",\"caption\":\"La r\u00e9daction\"},\"sameAs\":[\"http:\\\/\\\/www.lkeria.com\\\/\"],\"url\":\"https:\\\/\\\/www.info-algerie.com\\\/actualites\\\/author\\\/chakib32\\\/\"}]}<\/script>\n<!-- \/ Yoast SEO plugin. -->","yoast_head_json":{"title":"Une d\u00e9l\u00e9gation des deux chambres du Parlement prend part aux r\u00e9unions de l&#039;AP-OSCE \u00e0 Andorre-la-Vieille - info algerie","robots":{"index":"index","follow":"follow","max-snippet":"max-snippet:-1","max-image-preview":"max-image-preview:large","max-video-preview":"max-video-preview:-1"},"canonical":"https:\/\/www.info-algerie.com\/actualites\/une-delegation-des-deux-chambres-du-parlement-prend-part-aux-reunions-de-lap-osce-a-andorre-la-vieille\/","og_locale":"fr_FR","og_type":"article","og_title":"Une d\u00e9l\u00e9gation des deux chambres du Parlement prend part aux r\u00e9unions de l&#039;AP-OSCE \u00e0 Andorre-la-Vieille - info algerie","og_description":"ALGER &#8211; Une d\u00e9l\u00e9gation des deux chambres du Parlement prendra part aux r\u00e9unions de la session d&rsquo;automne 2017 de l&rsquo;Assembl\u00e9e parlementaire de l&rsquo;Organisation pour la s\u00e9curit\u00e9 et la coop\u00e9ration en Europe (AP-OSCE), pr\u00e9vue \u00e0 Andorre-la-Vieille (Andorre) du 3 au 5 octobre, a indiqu\u00e9 lundi un communiqu\u00e9 du Conseil de la nation. &#013; &#013; Les participants","og_url":"https:\/\/www.info-algerie.com\/actualites\/une-delegation-des-deux-chambres-du-parlement-prend-part-aux-reunions-de-lap-osce-a-andorre-la-vieille\/","og_site_name":"info algerie","article_publisher":"https:\/\/www.facebook.com\/infoalgerieactu","article_published_time":"2017-10-02T14:10:09+00:00","author":"La r\u00e9daction","twitter_misc":{"\u00c9crit par":"La r\u00e9daction","Dur\u00e9e de lecture estim\u00e9e":"1 minute"},"schema":{"@context":"https:\/\/schema.org","@graph":[{"@type":"Article","@id":"https:\/\/www.info-algerie.com\/actualites\/une-delegation-des-deux-chambres-du-parlement-prend-part-aux-reunions-de-lap-osce-a-andorre-la-vieille\/#article","isPartOf":{"@id":"https:\/\/www.info-algerie.com\/actualites\/une-delegation-des-deux-chambres-du-parlement-prend-part-aux-reunions-de-lap-osce-a-andorre-la-vieille\/"},"author":{"name":"La r\u00e9daction","@id":"https:\/\/www.info-algerie.com\/actualites\/#\/schema\/person\/847aaec44920825b843a08f30ec6aa1e"},"headline":"Une d\u00e9l\u00e9gation des deux chambres du Parlement prend part aux r\u00e9unions de l&#039;AP-OSCE \u00e0 Andorre-la-Vieille","datePublished":"2017-10-02T14:10:09+00:00","mainEntityOfPage":{"@id":"https:\/\/www.info-algerie.com\/actualites\/une-delegation-des-deux-chambres-du-parlement-prend-part-aux-reunions-de-lap-osce-a-andorre-la-vieille\/"},"wordCount":259,"commentCount":0,"publisher":{"@id":"https:\/\/www.info-algerie.com\/actualites\/#organization"},"keywords":["ONU"],"articleSection":["infos"],"inLanguage":"fr-FR","potentialAction":[{"@type":"CommentAction","name":"Comment","target":["https:\/\/www.info-algerie.com\/actualites\/une-delegation-des-deux-chambres-du-parlement-prend-part-aux-reunions-de-lap-osce-a-andorre-la-vieille\/#respond"]}]},{"@type":"WebPage","@id":"https:\/\/www.info-algerie.com\/actualites\/une-delegation-des-deux-chambres-du-parlement-prend-part-aux-reunions-de-lap-osce-a-andorre-la-vieille\/","url":"https:\/\/www.info-algerie.com\/actualites\/une-delegation-des-deux-chambres-du-parlement-prend-part-aux-reunions-de-lap-osce-a-andorre-la-vieille\/","name":"Une d\u00e9l\u00e9gation des deux chambres du Parlement prend part aux r\u00e9unions de l&#039;AP-OSCE \u00e0 Andorre-la-Vieille - info algerie","isPartOf":{"@id":"https:\/\/www.info-algerie.com\/actualites\/#website"},"datePublished":"2017-10-02T14:10:09+00:00","breadcrumb":{"@id":"https:\/\/www.info-algerie.com\/actualites\/une-delegation-des-deux-chambres-du-parlement-prend-part-aux-reunions-de-lap-osce-a-andorre-la-vieille\/#breadcrumb"},"inLanguage":"fr-FR","potentialAction":[{"@type":"ReadAction","target":["https:\/\/www.info-algerie.com\/actualites\/une-delegation-des-deux-chambres-du-parlement-prend-part-aux-reunions-de-lap-osce-a-andorre-la-vieille\/"]}]},{"@type":"BreadcrumbList","@id":"https:\/\/www.info-algerie.com\/actualites\/une-delegation-des-deux-chambres-du-parlement-prend-part-aux-reunions-de-lap-osce-a-andorre-la-vieille\/#breadcrumb","itemListElement":[{"@type":"ListItem","position":1,"name":"Accueil","item":"https:\/\/www.info-algerie.com\/actualites\/"},{"@type":"ListItem","position":2,"name":"Une d\u00e9l\u00e9gation des deux chambres du Parlement prend part aux r\u00e9unions de l&#039;AP-OSCE \u00e0 Andorre-la-Vieille"}]},{"@type":"WebSite","@id":"https:\/\/www.info-algerie.com\/actualites\/#website","url":"https:\/\/www.info-algerie.com\/actualites\/","name":"info algerie","description":"Toutes les actualit\u00e9s","publisher":{"@id":"https:\/\/www.info-algerie.com\/actualites\/#organization"},"potentialAction":[{"@type":"SearchAction","target":{"@type":"EntryPoint","urlTemplate":"https:\/\/www.info-algerie.com\/actualites\/?s={search_term_string}"},"query-input":{"@type":"PropertyValueSpecification","valueRequired":true,"valueName":"search_term_string"}}],"inLanguage":"fr-FR"},{"@type":"Organization","@id":"https:\/\/www.info-algerie.com\/actualites\/#organization","name":"info algerie","url":"https:\/\/www.info-algerie.com\/actualites\/","logo":{"@type":"ImageObject","inLanguage":"fr-FR","@id":"https:\/\/www.info-algerie.com\/actualites\/#\/schema\/logo\/image\/","url":"https:\/\/www.info-algerie.com\/actualites\/wp-content\/uploads\/2022\/07\/logo-ia-120.png","contentUrl":"https:\/\/www.info-algerie.com\/actualites\/wp-content\/uploads\/2022\/07\/logo-ia-120.png","width":120,"height":43,"caption":"info algerie"},"image":{"@id":"https:\/\/www.info-algerie.com\/actualites\/#\/schema\/logo\/image\/"},"sameAs":["https:\/\/www.facebook.com\/infoalgerieactu","https:\/\/x.com\/infoalgerie1"]},{"@type":"Person","@id":"https:\/\/www.info-algerie.com\/actualites\/#\/schema\/person\/847aaec44920825b843a08f30ec6aa1e","name":"La r\u00e9daction","image":{"@type":"ImageObject","inLanguage":"fr-FR","@id":"https:\/\/secure.gravatar.com\/avatar\/769db425c6f465158149f1ffd6cf61ce7a8a879d11dfbef8288af36dfddd418c?s=96&d=mm&r=g","url":"https:\/\/secure.gravatar.com\/avatar\/769db425c6f465158149f1ffd6cf61ce7a8a879d11dfbef8288af36dfddd418c?s=96&d=mm&r=g","contentUrl":"https:\/\/secure.gravatar.com\/avatar\/769db425c6f465158149f1ffd6cf61ce7a8a879d11dfbef8288af36dfddd418c?s=96&d=mm&r=g","caption":"La r\u00e9daction"},"sameAs":["http:\/\/www.lkeria.com\/"],"url":"https:\/\/www.info-algerie.com\/actualites\/author\/chakib32\/"}]}},"_links":{"self":[{"href":"https:\/\/www.info-algerie.com\/actualites\/wp-json\/wp\/v2\/posts\/16522","targetHints":{"allow":["GET"]}}],"collection":[{"href":"https:\/\/www.info-algerie.com\/actualites\/wp-json\/wp\/v2\/posts"}],"about":[{"href":"https:\/\/www.info-algerie.com\/actualites\/wp-json\/wp\/v2\/types\/post"}],"author":[{"embeddable":true,"href":"https:\/\/www.info-algerie.com\/actualites\/wp-json\/wp\/v2\/users\/6"}],"replies":[{"embeddable":true,"href":"https:\/\/www.info-algerie.com\/actualites\/wp-json\/wp\/v2\/comments?post=16522"}],"version-history":[{"count":0,"href":"https:\/\/www.info-algerie.com\/actualites\/wp-json\/wp\/v2\/posts\/16522\/revisions"}],"wp:attachment":[{"href":"https:\/\/www.info-algerie.com\/actualites\/wp-json\/wp\/v2\/media?parent=16522"}],"wp:term":[{"taxonomy":"category","embeddable":true,"href":"https:\/\/www.info-algerie.com\/actualites\/wp-json\/wp\/v2\/categories?post=16522"},{"taxonomy":"post_tag","embeddable":true,"href":"https:\/\/www.info-algerie.com\/actualites\/wp-json\/wp\/v2\/tags?post=16522"}],"curies":[{"name":"wp","href":"https:\/\/api.w.org\/{rel}","templated":true}]}}