{"id":16527,"date":"2017-10-02T18:21:44","date_gmt":"2017-10-02T17:21:44","guid":{"rendered":"http:\/\/www.info-algerie.com\/actualites\/algerie-irak-un-memorandum-dentente-en-matiere-de-lutte-contre-le-terrorisme-en-preparation\/"},"modified":"2017-10-02T18:21:44","modified_gmt":"2017-10-02T17:21:44","slug":"algerie-irak-un-memorandum-dentente-en-matiere-de-lutte-contre-le-terrorisme-en-preparation","status":"publish","type":"post","link":"https:\/\/www.info-algerie.com\/actualites\/algerie-irak-un-memorandum-dentente-en-matiere-de-lutte-contre-le-terrorisme-en-preparation\/","title":{"rendered":"Alg\u00e9rie-Irak: un m\u00e9morandum d&#039;entente en mati\u00e8re de lutte contre le terrorisme en pr\u00e9paration"},"content":{"rendered":"<div class=\"K2FeedImage\"><img decoding=\"async\" src=\"https:\/\/www.info-algerie.com\/actualites\/wp-content\/uploads\/2017\/10\/22fc237c1a9d2888854cb5914e7b2542_S.jpg\" alt=\"Alg&#xE9;rie-Irak: un m&#xE9;morandum d'entente en mati&#xE8;re de lutte contre le terrorisme en pr&#xE9;paration\" \/><\/div>\n<div class=\"K2FeedIntroText\">\n<p class=\"MsoNoSpacing\">ALGER &#8211; Un m\u00e9morandum d&rsquo;entente dans le domaine de la lutte contre le terrorisme et le crime organis\u00e9 entre l&rsquo;Alg\u00e9rie et l&rsquo;Irak est en pr\u00e9paration, a annonc\u00e9 lundi \u00e0 Alger le charg\u00e9 des affaires de renseignement et d&rsquo;investigation au minist\u00e8re irakien de l&rsquo;Int\u00e9rieur, le g\u00e9n\u00e9ral-major Maher Nadjm Abd al-Hossein al-Tai.<\/p>\n<p>&#013;\n<\/p><\/div>\n<div class=\"K2FeedFullText\">&#013;<\/p>\n<p class=\"MsoNoSpacing\">Dans une d\u00e9claration \u00e0 l&rsquo;issu d&rsquo;un entretien avec le ministre de l&rsquo;Int\u00e9rieur, des collectivit\u00e9s locales et de l&rsquo;am\u00e9nagement du territoire, Nouredine Bedoui, le responsable irakien a pr\u00e9cis\u00e9 que sa visite en Alg\u00e9rie \u00ab\u00a0intervient dans le cadre des n\u00e9gociations relatives \u00e0 l&rsquo;\u00e9laboration d&rsquo;un m\u00e9morandum d&rsquo;entente entre l&rsquo;Alg\u00e9rie et l&rsquo;Irak dans le domaine de la lutte contre le terrorisme et le crime organis\u00e9\u00a0\u00bb, saluant la disponibilit\u00e9 des autorit\u00e9s alg\u00e9riennes \u00e0 concr\u00e9tiser cette coop\u00e9ration.<\/p>\n<p>&#013;<\/p>\n<p class=\"MsoNoSpacing\">Le responsable irakien a mis en avant, dans ce sens, l&rsquo;attachement du Gouvernement de son pays \u00e0 \u00ab\u00a0renforcer cette coop\u00e9ration \u00e0 travers la concr\u00e9tisation de ce projet de m\u00e9morandum\u00a0\u00bb, pr\u00e9cisant que M. Bedoui avait \u00e9t\u00e9 invit\u00e9 \u00e0 effectuer une visite en Irak. La signature du m\u00e9morandum pourrait intervenir lors de cette visite, a-t-il dit.<\/p>\n<p>&#013;<\/p>\n<p class=\"MsoNoSpacing\">Il a, par ailleurs, qualifi\u00e9 la r\u00e9conciliation nationale alg\u00e9rienne initi\u00e9e par le pr\u00e9sident de la R\u00e9publique, Abdelaziz Bouteflika, de \u00ab\u00a0mod\u00e8le remarquable dans la r\u00e9gion arabe\u00a0\u00bb, affirmant que le Gouvernement irakien \u00ab\u00a0s&rsquo;est inspir\u00e9 de cette r\u00e9conciliation nationale\u00a0\u00bb pour r\u00e9tablir la s\u00e9curit\u00e9 et instaurer la loi dans tout le pays.<\/p>\n<p>&#013;<\/p>\n<p>La d\u00e9l\u00e9gation irakienne a assist\u00e9 avec les cadres du minist\u00e8re de l&rsquo;Int\u00e9rieur \u00e0 un expos\u00e9 sur la Charte pour la paix et la r\u00e9conciliation nationale.<\/p>\n<\/div>\n<p>&#013;<br \/>\nSource: <a href=\"http:\/\/www.aps.dz\/algerie\/63514-algerie-irak-un-memorandum-d-entente-en-matiere-de-lutte-contre-le-terrorisme-en-preparation\" target=\"_blank\">Alg\u00e9rie-Irak: un m\u00e9morandum d&rsquo;entente en mati\u00e8re de lutte contre le terrorisme en pr\u00e9paration<\/a><\/p>\n<!--CusAds0-->\n<div style=\"font-size: 0px; height: 0px; line-height: 0px; margin: 0; padding: 0; clear: both;\"><\/div>","protected":false},"excerpt":{"rendered":"<p>ALGER &#8211; Un m\u00e9morandum d&rsquo;entente dans le domaine de la lutte contre le terrorisme et le crime organis\u00e9 entre l&rsquo;Alg\u00e9rie et l&rsquo;Irak est en pr\u00e9paration, a annonc\u00e9 lundi \u00e0 Alger le charg\u00e9 des affaires de renseignement et d&rsquo;investigation au minist\u00e8re irakien de l&rsquo;Int\u00e9rieur, le g\u00e9n\u00e9ral-major Maher Nadjm Abd al-Hossein al-Tai. &#013; &#013; Dans une d\u00e9claration<\/p>\n","protected":false},"author":6,"featured_media":16528,"comment_status":"open","ping_status":"open","sticky":false,"template":"","format":"standard","meta":{"footnotes":""},"categories":[22],"tags":[93],"class_list":["post-16527","post","type-post","status-publish","format-standard","has-post-thumbnail","hentry","category-infos","tag-onu"],"yoast_head":"<!-- This site is optimized with the Yoast SEO plugin v27.5 - https:\/\/yoast.com\/product\/yoast-seo-wordpress\/ -->\n<title>Alg\u00e9rie-Irak: un m\u00e9morandum d&#039;entente en mati\u00e8re de lutte contre le terrorisme en pr\u00e9paration - info algerie<\/title>\n<meta name=\"robots\" content=\"index, follow, max-snippet:-1, max-image-preview:large, max-video-preview:-1\" \/>\n<link rel=\"canonical\" href=\"https:\/\/www.info-algerie.com\/actualites\/algerie-irak-un-memorandum-dentente-en-matiere-de-lutte-contre-le-terrorisme-en-preparation\/\" \/>\n<meta property=\"og:locale\" content=\"fr_FR\" \/>\n<meta property=\"og:type\" content=\"article\" \/>\n<meta property=\"og:title\" content=\"Alg\u00e9rie-Irak: un m\u00e9morandum d&#039;entente en mati\u00e8re de lutte contre le terrorisme en pr\u00e9paration - info algerie\" \/>\n<meta property=\"og:description\" content=\"ALGER &#8211; Un m\u00e9morandum d&rsquo;entente dans le domaine de la lutte contre le terrorisme et le crime organis\u00e9 entre l&rsquo;Alg\u00e9rie et l&rsquo;Irak est en pr\u00e9paration, a annonc\u00e9 lundi \u00e0 Alger le charg\u00e9 des affaires de renseignement et d&rsquo;investigation au minist\u00e8re irakien de l&rsquo;Int\u00e9rieur, le g\u00e9n\u00e9ral-major Maher Nadjm Abd al-Hossein al-Tai. &#013; &#013; Dans une d\u00e9claration\" \/>\n<meta property=\"og:url\" content=\"https:\/\/www.info-algerie.com\/actualites\/algerie-irak-un-memorandum-dentente-en-matiere-de-lutte-contre-le-terrorisme-en-preparation\/\" \/>\n<meta property=\"og:site_name\" content=\"info algerie\" \/>\n<meta property=\"article:publisher\" content=\"https:\/\/www.facebook.com\/infoalgerieactu\" \/>\n<meta property=\"article:published_time\" content=\"2017-10-02T17:21:44+00:00\" \/>\n<meta property=\"og:image\" content=\"https:\/\/www.info-algerie.com\/actualites\/wp-content\/uploads\/2017\/10\/22fc237c1a9d2888854cb5914e7b2542_S-1.jpg\" \/>\n\t<meta property=\"og:image:width\" content=\"280\" \/>\n\t<meta property=\"og:image:height\" content=\"244\" \/>\n\t<meta property=\"og:image:type\" content=\"image\/jpeg\" \/>\n<meta name=\"author\" content=\"La r\u00e9daction\" \/>\n<meta name=\"twitter:label1\" content=\"\u00c9crit par\" \/>\n\t<meta name=\"twitter:data1\" content=\"La r\u00e9daction\" \/>\n\t<meta name=\"twitter:label2\" content=\"Dur\u00e9e de lecture estim\u00e9e\" \/>\n\t<meta name=\"twitter:data2\" content=\"1 minute\" \/>\n<script type=\"application\/ld+json\" class=\"yoast-schema-graph\">{\"@context\":\"https:\\\/\\\/schema.org\",\"@graph\":[{\"@type\":\"Article\",\"@id\":\"https:\\\/\\\/www.info-algerie.com\\\/actualites\\\/algerie-irak-un-memorandum-dentente-en-matiere-de-lutte-contre-le-terrorisme-en-preparation\\\/#article\",\"isPartOf\":{\"@id\":\"https:\\\/\\\/www.info-algerie.com\\\/actualites\\\/algerie-irak-un-memorandum-dentente-en-matiere-de-lutte-contre-le-terrorisme-en-preparation\\\/\"},\"author\":{\"name\":\"La r\u00e9daction\",\"@id\":\"https:\\\/\\\/www.info-algerie.com\\\/actualites\\\/#\\\/schema\\\/person\\\/847aaec44920825b843a08f30ec6aa1e\"},\"headline\":\"Alg\u00e9rie-Irak: un m\u00e9morandum d&#039;entente en mati\u00e8re de lutte contre le terrorisme en pr\u00e9paration\",\"datePublished\":\"2017-10-02T17:21:44+00:00\",\"mainEntityOfPage\":{\"@id\":\"https:\\\/\\\/www.info-algerie.com\\\/actualites\\\/algerie-irak-un-memorandum-dentente-en-matiere-de-lutte-contre-le-terrorisme-en-preparation\\\/\"},\"wordCount\":334,\"commentCount\":0,\"publisher\":{\"@id\":\"https:\\\/\\\/www.info-algerie.com\\\/actualites\\\/#organization\"},\"image\":{\"@id\":\"https:\\\/\\\/www.info-algerie.com\\\/actualites\\\/algerie-irak-un-memorandum-dentente-en-matiere-de-lutte-contre-le-terrorisme-en-preparation\\\/#primaryimage\"},\"thumbnailUrl\":\"https:\\\/\\\/www.info-algerie.com\\\/actualites\\\/wp-content\\\/uploads\\\/2017\\\/10\\\/22fc237c1a9d2888854cb5914e7b2542_S-1.jpg\",\"keywords\":[\"ONU\"],\"articleSection\":[\"infos\"],\"inLanguage\":\"fr-FR\",\"potentialAction\":[{\"@type\":\"CommentAction\",\"name\":\"Comment\",\"target\":[\"https:\\\/\\\/www.info-algerie.com\\\/actualites\\\/algerie-irak-un-memorandum-dentente-en-matiere-de-lutte-contre-le-terrorisme-en-preparation\\\/#respond\"]}]},{\"@type\":\"WebPage\",\"@id\":\"https:\\\/\\\/www.info-algerie.com\\\/actualites\\\/algerie-irak-un-memorandum-dentente-en-matiere-de-lutte-contre-le-terrorisme-en-preparation\\\/\",\"url\":\"https:\\\/\\\/www.info-algerie.com\\\/actualites\\\/algerie-irak-un-memorandum-dentente-en-matiere-de-lutte-contre-le-terrorisme-en-preparation\\\/\",\"name\":\"Alg\u00e9rie-Irak: un m\u00e9morandum d&#039;entente en mati\u00e8re de lutte contre le terrorisme en pr\u00e9paration - info algerie\",\"isPartOf\":{\"@id\":\"https:\\\/\\\/www.info-algerie.com\\\/actualites\\\/#website\"},\"primaryImageOfPage\":{\"@id\":\"https:\\\/\\\/www.info-algerie.com\\\/actualites\\\/algerie-irak-un-memorandum-dentente-en-matiere-de-lutte-contre-le-terrorisme-en-preparation\\\/#primaryimage\"},\"image\":{\"@id\":\"https:\\\/\\\/www.info-algerie.com\\\/actualites\\\/algerie-irak-un-memorandum-dentente-en-matiere-de-lutte-contre-le-terrorisme-en-preparation\\\/#primaryimage\"},\"thumbnailUrl\":\"https:\\\/\\\/www.info-algerie.com\\\/actualites\\\/wp-content\\\/uploads\\\/2017\\\/10\\\/22fc237c1a9d2888854cb5914e7b2542_S-1.jpg\",\"datePublished\":\"2017-10-02T17:21:44+00:00\",\"breadcrumb\":{\"@id\":\"https:\\\/\\\/www.info-algerie.com\\\/actualites\\\/algerie-irak-un-memorandum-dentente-en-matiere-de-lutte-contre-le-terrorisme-en-preparation\\\/#breadcrumb\"},\"inLanguage\":\"fr-FR\",\"potentialAction\":[{\"@type\":\"ReadAction\",\"target\":[\"https:\\\/\\\/www.info-algerie.com\\\/actualites\\\/algerie-irak-un-memorandum-dentente-en-matiere-de-lutte-contre-le-terrorisme-en-preparation\\\/\"]}]},{\"@type\":\"ImageObject\",\"inLanguage\":\"fr-FR\",\"@id\":\"https:\\\/\\\/www.info-algerie.com\\\/actualites\\\/algerie-irak-un-memorandum-dentente-en-matiere-de-lutte-contre-le-terrorisme-en-preparation\\\/#primaryimage\",\"url\":\"https:\\\/\\\/www.info-algerie.com\\\/actualites\\\/wp-content\\\/uploads\\\/2017\\\/10\\\/22fc237c1a9d2888854cb5914e7b2542_S-1.jpg\",\"contentUrl\":\"https:\\\/\\\/www.info-algerie.com\\\/actualites\\\/wp-content\\\/uploads\\\/2017\\\/10\\\/22fc237c1a9d2888854cb5914e7b2542_S-1.jpg\",\"width\":280,\"height\":244},{\"@type\":\"BreadcrumbList\",\"@id\":\"https:\\\/\\\/www.info-algerie.com\\\/actualites\\\/algerie-irak-un-memorandum-dentente-en-matiere-de-lutte-contre-le-terrorisme-en-preparation\\\/#breadcrumb\",\"itemListElement\":[{\"@type\":\"ListItem\",\"position\":1,\"name\":\"Accueil\",\"item\":\"https:\\\/\\\/www.info-algerie.com\\\/actualites\\\/\"},{\"@type\":\"ListItem\",\"position\":2,\"name\":\"Alg\u00e9rie-Irak: un m\u00e9morandum d&#039;entente en mati\u00e8re de lutte contre le terrorisme en pr\u00e9paration\"}]},{\"@type\":\"WebSite\",\"@id\":\"https:\\\/\\\/www.info-algerie.com\\\/actualites\\\/#website\",\"url\":\"https:\\\/\\\/www.info-algerie.com\\\/actualites\\\/\",\"name\":\"info algerie\",\"description\":\"Toutes les actualit\u00e9s\",\"publisher\":{\"@id\":\"https:\\\/\\\/www.info-algerie.com\\\/actualites\\\/#organization\"},\"potentialAction\":[{\"@type\":\"SearchAction\",\"target\":{\"@type\":\"EntryPoint\",\"urlTemplate\":\"https:\\\/\\\/www.info-algerie.com\\\/actualites\\\/?s={search_term_string}\"},\"query-input\":{\"@type\":\"PropertyValueSpecification\",\"valueRequired\":true,\"valueName\":\"search_term_string\"}}],\"inLanguage\":\"fr-FR\"},{\"@type\":\"Organization\",\"@id\":\"https:\\\/\\\/www.info-algerie.com\\\/actualites\\\/#organization\",\"name\":\"info algerie\",\"url\":\"https:\\\/\\\/www.info-algerie.com\\\/actualites\\\/\",\"logo\":{\"@type\":\"ImageObject\",\"inLanguage\":\"fr-FR\",\"@id\":\"https:\\\/\\\/www.info-algerie.com\\\/actualites\\\/#\\\/schema\\\/logo\\\/image\\\/\",\"url\":\"https:\\\/\\\/www.info-algerie.com\\\/actualites\\\/wp-content\\\/uploads\\\/2022\\\/07\\\/logo-ia-120.png\",\"contentUrl\":\"https:\\\/\\\/www.info-algerie.com\\\/actualites\\\/wp-content\\\/uploads\\\/2022\\\/07\\\/logo-ia-120.png\",\"width\":120,\"height\":43,\"caption\":\"info algerie\"},\"image\":{\"@id\":\"https:\\\/\\\/www.info-algerie.com\\\/actualites\\\/#\\\/schema\\\/logo\\\/image\\\/\"},\"sameAs\":[\"https:\\\/\\\/www.facebook.com\\\/infoalgerieactu\",\"https:\\\/\\\/x.com\\\/infoalgerie1\"]},{\"@type\":\"Person\",\"@id\":\"https:\\\/\\\/www.info-algerie.com\\\/actualites\\\/#\\\/schema\\\/person\\\/847aaec44920825b843a08f30ec6aa1e\",\"name\":\"La r\u00e9daction\",\"image\":{\"@type\":\"ImageObject\",\"inLanguage\":\"fr-FR\",\"@id\":\"https:\\\/\\\/secure.gravatar.com\\\/avatar\\\/769db425c6f465158149f1ffd6cf61ce7a8a879d11dfbef8288af36dfddd418c?s=96&d=mm&r=g\",\"url\":\"https:\\\/\\\/secure.gravatar.com\\\/avatar\\\/769db425c6f465158149f1ffd6cf61ce7a8a879d11dfbef8288af36dfddd418c?s=96&d=mm&r=g\",\"contentUrl\":\"https:\\\/\\\/secure.gravatar.com\\\/avatar\\\/769db425c6f465158149f1ffd6cf61ce7a8a879d11dfbef8288af36dfddd418c?s=96&d=mm&r=g\",\"caption\":\"La r\u00e9daction\"},\"sameAs\":[\"http:\\\/\\\/www.lkeria.com\\\/\"],\"url\":\"https:\\\/\\\/www.info-algerie.com\\\/actualites\\\/author\\\/chakib32\\\/\"}]}<\/script>\n<!-- \/ Yoast SEO plugin. -->","yoast_head_json":{"title":"Alg\u00e9rie-Irak: un m\u00e9morandum d&#039;entente en mati\u00e8re de lutte contre le terrorisme en pr\u00e9paration - info algerie","robots":{"index":"index","follow":"follow","max-snippet":"max-snippet:-1","max-image-preview":"max-image-preview:large","max-video-preview":"max-video-preview:-1"},"canonical":"https:\/\/www.info-algerie.com\/actualites\/algerie-irak-un-memorandum-dentente-en-matiere-de-lutte-contre-le-terrorisme-en-preparation\/","og_locale":"fr_FR","og_type":"article","og_title":"Alg\u00e9rie-Irak: un m\u00e9morandum d&#039;entente en mati\u00e8re de lutte contre le terrorisme en pr\u00e9paration - info algerie","og_description":"ALGER &#8211; Un m\u00e9morandum d&rsquo;entente dans le domaine de la lutte contre le terrorisme et le crime organis\u00e9 entre l&rsquo;Alg\u00e9rie et l&rsquo;Irak est en pr\u00e9paration, a annonc\u00e9 lundi \u00e0 Alger le charg\u00e9 des affaires de renseignement et d&rsquo;investigation au minist\u00e8re irakien de l&rsquo;Int\u00e9rieur, le g\u00e9n\u00e9ral-major Maher Nadjm Abd al-Hossein al-Tai. &#013; &#013; Dans une d\u00e9claration","og_url":"https:\/\/www.info-algerie.com\/actualites\/algerie-irak-un-memorandum-dentente-en-matiere-de-lutte-contre-le-terrorisme-en-preparation\/","og_site_name":"info algerie","article_publisher":"https:\/\/www.facebook.com\/infoalgerieactu","article_published_time":"2017-10-02T17:21:44+00:00","og_image":[{"width":280,"height":244,"url":"https:\/\/www.info-algerie.com\/actualites\/wp-content\/uploads\/2017\/10\/22fc237c1a9d2888854cb5914e7b2542_S-1.jpg","type":"image\/jpeg"}],"author":"La r\u00e9daction","twitter_misc":{"\u00c9crit par":"La r\u00e9daction","Dur\u00e9e de lecture estim\u00e9e":"1 minute"},"schema":{"@context":"https:\/\/schema.org","@graph":[{"@type":"Article","@id":"https:\/\/www.info-algerie.com\/actualites\/algerie-irak-un-memorandum-dentente-en-matiere-de-lutte-contre-le-terrorisme-en-preparation\/#article","isPartOf":{"@id":"https:\/\/www.info-algerie.com\/actualites\/algerie-irak-un-memorandum-dentente-en-matiere-de-lutte-contre-le-terrorisme-en-preparation\/"},"author":{"name":"La r\u00e9daction","@id":"https:\/\/www.info-algerie.com\/actualites\/#\/schema\/person\/847aaec44920825b843a08f30ec6aa1e"},"headline":"Alg\u00e9rie-Irak: un m\u00e9morandum d&#039;entente en mati\u00e8re de lutte contre le terrorisme en pr\u00e9paration","datePublished":"2017-10-02T17:21:44+00:00","mainEntityOfPage":{"@id":"https:\/\/www.info-algerie.com\/actualites\/algerie-irak-un-memorandum-dentente-en-matiere-de-lutte-contre-le-terrorisme-en-preparation\/"},"wordCount":334,"commentCount":0,"publisher":{"@id":"https:\/\/www.info-algerie.com\/actualites\/#organization"},"image":{"@id":"https:\/\/www.info-algerie.com\/actualites\/algerie-irak-un-memorandum-dentente-en-matiere-de-lutte-contre-le-terrorisme-en-preparation\/#primaryimage"},"thumbnailUrl":"https:\/\/www.info-algerie.com\/actualites\/wp-content\/uploads\/2017\/10\/22fc237c1a9d2888854cb5914e7b2542_S-1.jpg","keywords":["ONU"],"articleSection":["infos"],"inLanguage":"fr-FR","potentialAction":[{"@type":"CommentAction","name":"Comment","target":["https:\/\/www.info-algerie.com\/actualites\/algerie-irak-un-memorandum-dentente-en-matiere-de-lutte-contre-le-terrorisme-en-preparation\/#respond"]}]},{"@type":"WebPage","@id":"https:\/\/www.info-algerie.com\/actualites\/algerie-irak-un-memorandum-dentente-en-matiere-de-lutte-contre-le-terrorisme-en-preparation\/","url":"https:\/\/www.info-algerie.com\/actualites\/algerie-irak-un-memorandum-dentente-en-matiere-de-lutte-contre-le-terrorisme-en-preparation\/","name":"Alg\u00e9rie-Irak: un m\u00e9morandum d&#039;entente en mati\u00e8re de lutte contre le terrorisme en pr\u00e9paration - info algerie","isPartOf":{"@id":"https:\/\/www.info-algerie.com\/actualites\/#website"},"primaryImageOfPage":{"@id":"https:\/\/www.info-algerie.com\/actualites\/algerie-irak-un-memorandum-dentente-en-matiere-de-lutte-contre-le-terrorisme-en-preparation\/#primaryimage"},"image":{"@id":"https:\/\/www.info-algerie.com\/actualites\/algerie-irak-un-memorandum-dentente-en-matiere-de-lutte-contre-le-terrorisme-en-preparation\/#primaryimage"},"thumbnailUrl":"https:\/\/www.info-algerie.com\/actualites\/wp-content\/uploads\/2017\/10\/22fc237c1a9d2888854cb5914e7b2542_S-1.jpg","datePublished":"2017-10-02T17:21:44+00:00","breadcrumb":{"@id":"https:\/\/www.info-algerie.com\/actualites\/algerie-irak-un-memorandum-dentente-en-matiere-de-lutte-contre-le-terrorisme-en-preparation\/#breadcrumb"},"inLanguage":"fr-FR","potentialAction":[{"@type":"ReadAction","target":["https:\/\/www.info-algerie.com\/actualites\/algerie-irak-un-memorandum-dentente-en-matiere-de-lutte-contre-le-terrorisme-en-preparation\/"]}]},{"@type":"ImageObject","inLanguage":"fr-FR","@id":"https:\/\/www.info-algerie.com\/actualites\/algerie-irak-un-memorandum-dentente-en-matiere-de-lutte-contre-le-terrorisme-en-preparation\/#primaryimage","url":"https:\/\/www.info-algerie.com\/actualites\/wp-content\/uploads\/2017\/10\/22fc237c1a9d2888854cb5914e7b2542_S-1.jpg","contentUrl":"https:\/\/www.info-algerie.com\/actualites\/wp-content\/uploads\/2017\/10\/22fc237c1a9d2888854cb5914e7b2542_S-1.jpg","width":280,"height":244},{"@type":"BreadcrumbList","@id":"https:\/\/www.info-algerie.com\/actualites\/algerie-irak-un-memorandum-dentente-en-matiere-de-lutte-contre-le-terrorisme-en-preparation\/#breadcrumb","itemListElement":[{"@type":"ListItem","position":1,"name":"Accueil","item":"https:\/\/www.info-algerie.com\/actualites\/"},{"@type":"ListItem","position":2,"name":"Alg\u00e9rie-Irak: un m\u00e9morandum d&#039;entente en mati\u00e8re de lutte contre le terrorisme en pr\u00e9paration"}]},{"@type":"WebSite","@id":"https:\/\/www.info-algerie.com\/actualites\/#website","url":"https:\/\/www.info-algerie.com\/actualites\/","name":"info algerie","description":"Toutes les actualit\u00e9s","publisher":{"@id":"https:\/\/www.info-algerie.com\/actualites\/#organization"},"potentialAction":[{"@type":"SearchAction","target":{"@type":"EntryPoint","urlTemplate":"https:\/\/www.info-algerie.com\/actualites\/?s={search_term_string}"},"query-input":{"@type":"PropertyValueSpecification","valueRequired":true,"valueName":"search_term_string"}}],"inLanguage":"fr-FR"},{"@type":"Organization","@id":"https:\/\/www.info-algerie.com\/actualites\/#organization","name":"info algerie","url":"https:\/\/www.info-algerie.com\/actualites\/","logo":{"@type":"ImageObject","inLanguage":"fr-FR","@id":"https:\/\/www.info-algerie.com\/actualites\/#\/schema\/logo\/image\/","url":"https:\/\/www.info-algerie.com\/actualites\/wp-content\/uploads\/2022\/07\/logo-ia-120.png","contentUrl":"https:\/\/www.info-algerie.com\/actualites\/wp-content\/uploads\/2022\/07\/logo-ia-120.png","width":120,"height":43,"caption":"info algerie"},"image":{"@id":"https:\/\/www.info-algerie.com\/actualites\/#\/schema\/logo\/image\/"},"sameAs":["https:\/\/www.facebook.com\/infoalgerieactu","https:\/\/x.com\/infoalgerie1"]},{"@type":"Person","@id":"https:\/\/www.info-algerie.com\/actualites\/#\/schema\/person\/847aaec44920825b843a08f30ec6aa1e","name":"La r\u00e9daction","image":{"@type":"ImageObject","inLanguage":"fr-FR","@id":"https:\/\/secure.gravatar.com\/avatar\/769db425c6f465158149f1ffd6cf61ce7a8a879d11dfbef8288af36dfddd418c?s=96&d=mm&r=g","url":"https:\/\/secure.gravatar.com\/avatar\/769db425c6f465158149f1ffd6cf61ce7a8a879d11dfbef8288af36dfddd418c?s=96&d=mm&r=g","contentUrl":"https:\/\/secure.gravatar.com\/avatar\/769db425c6f465158149f1ffd6cf61ce7a8a879d11dfbef8288af36dfddd418c?s=96&d=mm&r=g","caption":"La r\u00e9daction"},"sameAs":["http:\/\/www.lkeria.com\/"],"url":"https:\/\/www.info-algerie.com\/actualites\/author\/chakib32\/"}]}},"_links":{"self":[{"href":"https:\/\/www.info-algerie.com\/actualites\/wp-json\/wp\/v2\/posts\/16527","targetHints":{"allow":["GET"]}}],"collection":[{"href":"https:\/\/www.info-algerie.com\/actualites\/wp-json\/wp\/v2\/posts"}],"about":[{"href":"https:\/\/www.info-algerie.com\/actualites\/wp-json\/wp\/v2\/types\/post"}],"author":[{"embeddable":true,"href":"https:\/\/www.info-algerie.com\/actualites\/wp-json\/wp\/v2\/users\/6"}],"replies":[{"embeddable":true,"href":"https:\/\/www.info-algerie.com\/actualites\/wp-json\/wp\/v2\/comments?post=16527"}],"version-history":[{"count":0,"href":"https:\/\/www.info-algerie.com\/actualites\/wp-json\/wp\/v2\/posts\/16527\/revisions"}],"wp:featuredmedia":[{"embeddable":true,"href":"https:\/\/www.info-algerie.com\/actualites\/wp-json\/wp\/v2\/media\/16528"}],"wp:attachment":[{"href":"https:\/\/www.info-algerie.com\/actualites\/wp-json\/wp\/v2\/media?parent=16527"}],"wp:term":[{"taxonomy":"category","embeddable":true,"href":"https:\/\/www.info-algerie.com\/actualites\/wp-json\/wp\/v2\/categories?post=16527"},{"taxonomy":"post_tag","embeddable":true,"href":"https:\/\/www.info-algerie.com\/actualites\/wp-json\/wp\/v2\/tags?post=16527"}],"curies":[{"name":"wp","href":"https:\/\/api.w.org\/{rel}","templated":true}]}}