{"id":16542,"date":"2017-10-03T10:54:45","date_gmt":"2017-10-03T09:54:45","guid":{"rendered":"http:\/\/www.info-algerie.com\/actualites\/le-general-major-hamel-sentretient-ave-une-delegation-irakienne-sur-la-cooperation-bilaterale\/"},"modified":"2017-10-03T10:54:45","modified_gmt":"2017-10-03T09:54:45","slug":"le-general-major-hamel-sentretient-ave-une-delegation-irakienne-sur-la-cooperation-bilaterale","status":"publish","type":"post","link":"https:\/\/www.info-algerie.com\/actualites\/le-general-major-hamel-sentretient-ave-une-delegation-irakienne-sur-la-cooperation-bilaterale\/","title":{"rendered":"Le g\u00e9n\u00e9ral major Hamel s&#039;entretient ave une d\u00e9l\u00e9gation irakienne sur la coop\u00e9ration bilat\u00e9rale"},"content":{"rendered":"<div class=\"K2FeedImage\"><img decoding=\"async\" src=\"https:\/\/www.info-algerie.com\/actualites\/wp-content\/uploads\/2017\/10\/0c781bd5a4b450ba38f39b5a411de668_S.jpg\" alt=\"Le g&#xE9;n&#xE9;ral major Hamel s'entretient ave une d&#xE9;l&#xE9;gation irakienne sur la coop&#xE9;ration bilat&#xE9;rale\" \/><\/div>\n<div class=\"K2FeedIntroText\">\n<p>ALGER &#8211; Le Directeur g\u00e9n\u00e9ral de la S\u00fbret\u00e9 nationale, le g\u00e9n\u00e9ral major Abdelghani Hamel, a examin\u00e9 lundi \u00e0 Alger avec le charg\u00e9 des affaires de renseignement et d&rsquo;investigation au minist\u00e8re irakien de l&rsquo;Int\u00e9rieur, le g\u00e9n\u00e9ral-major Maher Nadjm Abd Al-Hossein Al-Tai les voies et moyens de renforcer\u00a0 la coop\u00e9ration entre les polices des deux pays, indique un communiqu\u00e9 de la Direction g\u00e9n\u00e9rale de la S\u00fbret\u00e9 nationale (DGSN).<\/p>\n<p>&#013;\n<\/p><\/div>\n<div class=\"K2FeedFullText\">&#013;<\/p>\n<p>Le g\u00e9n\u00e9ral major Hamel a soulign\u00e9 \u00ab\u00a0la disponibilit\u00e9 de la police alg\u00e9rienne \u00e0 mettre son exp\u00e9rience \u00e0 la disposition de la police irakienne et toutes les polices arabes et africaines, notamment dans le domaine de la formation sp\u00e9cialis\u00e9e et l&rsquo;utilisation des nouvelles technologies pour faire face \u00e0 toute sorte de criminalit\u00e9 transfrontali\u00e8re et la n\u00e9o-criminalit\u00e9\u00a0\u00bb, ajoute la m\u00eame source.<\/p>\n<p>&#013;<\/p>\n<p><span style=\"font-size: 12.16px\">Lors de sa visite en Alg\u00e9rie, la d\u00e9l\u00e9gation irakienne, visitera les diff\u00e9rentes structures et \u00e9quipements utilis\u00e9s par la police alg\u00e9rienne afin de s\u00e9curiser les citoyens et pr\u00e9server leurs biens.<\/span><\/p>\n<\/div>\n<p>&#013;<br \/>\nSource: <a href=\"http:\/\/www.aps.dz\/algerie\/63527-le-general-major-hamel-s-entretient-ave-une-delegation-irakienne-sur-la-cooperation-bilaterale\" target=\"_blank\">Le g\u00e9n\u00e9ral major Hamel s&rsquo;entretient ave une d\u00e9l\u00e9gation irakienne sur la coop\u00e9ration bilat\u00e9rale<\/a><\/p>\n<!--CusAds0-->\n<div style=\"font-size: 0px; height: 0px; line-height: 0px; margin: 0; padding: 0; clear: both;\"><\/div>","protected":false},"excerpt":{"rendered":"<p>ALGER &#8211; Le Directeur g\u00e9n\u00e9ral de la S\u00fbret\u00e9 nationale, le g\u00e9n\u00e9ral major Abdelghani Hamel, a examin\u00e9 lundi \u00e0 Alger avec le charg\u00e9 des affaires de renseignement et d&rsquo;investigation au minist\u00e8re irakien de l&rsquo;Int\u00e9rieur, le g\u00e9n\u00e9ral-major Maher Nadjm Abd Al-Hossein Al-Tai les voies et moyens de renforcer\u00a0 la coop\u00e9ration entre les polices des deux pays, indique<\/p>\n","protected":false},"author":6,"featured_media":16543,"comment_status":"open","ping_status":"open","sticky":false,"template":"","format":"standard","meta":{"footnotes":""},"categories":[22],"tags":[93],"class_list":["post-16542","post","type-post","status-publish","format-standard","has-post-thumbnail","hentry","category-infos","tag-onu"],"yoast_head":"<!-- This site is optimized with the Yoast SEO plugin v27.5 - https:\/\/yoast.com\/product\/yoast-seo-wordpress\/ -->\n<title>Le g\u00e9n\u00e9ral major Hamel s&#039;entretient ave une d\u00e9l\u00e9gation irakienne sur la coop\u00e9ration bilat\u00e9rale - info algerie<\/title>\n<meta name=\"robots\" content=\"index, follow, max-snippet:-1, max-image-preview:large, max-video-preview:-1\" \/>\n<link rel=\"canonical\" href=\"https:\/\/www.info-algerie.com\/actualites\/le-general-major-hamel-sentretient-ave-une-delegation-irakienne-sur-la-cooperation-bilaterale\/\" \/>\n<meta property=\"og:locale\" content=\"fr_FR\" \/>\n<meta property=\"og:type\" content=\"article\" \/>\n<meta property=\"og:title\" content=\"Le g\u00e9n\u00e9ral major Hamel s&#039;entretient ave une d\u00e9l\u00e9gation irakienne sur la coop\u00e9ration bilat\u00e9rale - info algerie\" \/>\n<meta property=\"og:description\" content=\"ALGER &#8211; Le Directeur g\u00e9n\u00e9ral de la S\u00fbret\u00e9 nationale, le g\u00e9n\u00e9ral major Abdelghani Hamel, a examin\u00e9 lundi \u00e0 Alger avec le charg\u00e9 des affaires de renseignement et d&rsquo;investigation au minist\u00e8re irakien de l&rsquo;Int\u00e9rieur, le g\u00e9n\u00e9ral-major Maher Nadjm Abd Al-Hossein Al-Tai les voies et moyens de renforcer\u00a0 la coop\u00e9ration entre les polices des deux pays, indique\" \/>\n<meta property=\"og:url\" content=\"https:\/\/www.info-algerie.com\/actualites\/le-general-major-hamel-sentretient-ave-une-delegation-irakienne-sur-la-cooperation-bilaterale\/\" \/>\n<meta property=\"og:site_name\" content=\"info algerie\" \/>\n<meta property=\"article:publisher\" content=\"https:\/\/www.facebook.com\/infoalgerieactu\" \/>\n<meta property=\"article:published_time\" content=\"2017-10-03T09:54:45+00:00\" \/>\n<meta property=\"og:image\" content=\"https:\/\/www.info-algerie.com\/actualites\/wp-content\/uploads\/2017\/10\/0c781bd5a4b450ba38f39b5a411de668_S-1.jpg\" \/>\n\t<meta property=\"og:image:width\" content=\"280\" \/>\n\t<meta property=\"og:image:height\" content=\"169\" \/>\n\t<meta property=\"og:image:type\" content=\"image\/jpeg\" \/>\n<meta name=\"author\" content=\"La r\u00e9daction\" \/>\n<meta name=\"twitter:label1\" content=\"\u00c9crit par\" \/>\n\t<meta name=\"twitter:data1\" content=\"La r\u00e9daction\" \/>\n\t<meta name=\"twitter:label2\" content=\"Dur\u00e9e de lecture estim\u00e9e\" \/>\n\t<meta name=\"twitter:data2\" content=\"1 minute\" \/>\n<script type=\"application\/ld+json\" class=\"yoast-schema-graph\">{\"@context\":\"https:\\\/\\\/schema.org\",\"@graph\":[{\"@type\":\"Article\",\"@id\":\"https:\\\/\\\/www.info-algerie.com\\\/actualites\\\/le-general-major-hamel-sentretient-ave-une-delegation-irakienne-sur-la-cooperation-bilaterale\\\/#article\",\"isPartOf\":{\"@id\":\"https:\\\/\\\/www.info-algerie.com\\\/actualites\\\/le-general-major-hamel-sentretient-ave-une-delegation-irakienne-sur-la-cooperation-bilaterale\\\/\"},\"author\":{\"name\":\"La r\u00e9daction\",\"@id\":\"https:\\\/\\\/www.info-algerie.com\\\/actualites\\\/#\\\/schema\\\/person\\\/847aaec44920825b843a08f30ec6aa1e\"},\"headline\":\"Le g\u00e9n\u00e9ral major Hamel s&#039;entretient ave une d\u00e9l\u00e9gation irakienne sur la coop\u00e9ration bilat\u00e9rale\",\"datePublished\":\"2017-10-03T09:54:45+00:00\",\"mainEntityOfPage\":{\"@id\":\"https:\\\/\\\/www.info-algerie.com\\\/actualites\\\/le-general-major-hamel-sentretient-ave-une-delegation-irakienne-sur-la-cooperation-bilaterale\\\/\"},\"wordCount\":224,\"commentCount\":0,\"publisher\":{\"@id\":\"https:\\\/\\\/www.info-algerie.com\\\/actualites\\\/#organization\"},\"image\":{\"@id\":\"https:\\\/\\\/www.info-algerie.com\\\/actualites\\\/le-general-major-hamel-sentretient-ave-une-delegation-irakienne-sur-la-cooperation-bilaterale\\\/#primaryimage\"},\"thumbnailUrl\":\"https:\\\/\\\/www.info-algerie.com\\\/actualites\\\/wp-content\\\/uploads\\\/2017\\\/10\\\/0c781bd5a4b450ba38f39b5a411de668_S-1.jpg\",\"keywords\":[\"ONU\"],\"articleSection\":[\"infos\"],\"inLanguage\":\"fr-FR\",\"potentialAction\":[{\"@type\":\"CommentAction\",\"name\":\"Comment\",\"target\":[\"https:\\\/\\\/www.info-algerie.com\\\/actualites\\\/le-general-major-hamel-sentretient-ave-une-delegation-irakienne-sur-la-cooperation-bilaterale\\\/#respond\"]}]},{\"@type\":\"WebPage\",\"@id\":\"https:\\\/\\\/www.info-algerie.com\\\/actualites\\\/le-general-major-hamel-sentretient-ave-une-delegation-irakienne-sur-la-cooperation-bilaterale\\\/\",\"url\":\"https:\\\/\\\/www.info-algerie.com\\\/actualites\\\/le-general-major-hamel-sentretient-ave-une-delegation-irakienne-sur-la-cooperation-bilaterale\\\/\",\"name\":\"Le g\u00e9n\u00e9ral major Hamel s&#039;entretient ave une d\u00e9l\u00e9gation irakienne sur la coop\u00e9ration bilat\u00e9rale - info algerie\",\"isPartOf\":{\"@id\":\"https:\\\/\\\/www.info-algerie.com\\\/actualites\\\/#website\"},\"primaryImageOfPage\":{\"@id\":\"https:\\\/\\\/www.info-algerie.com\\\/actualites\\\/le-general-major-hamel-sentretient-ave-une-delegation-irakienne-sur-la-cooperation-bilaterale\\\/#primaryimage\"},\"image\":{\"@id\":\"https:\\\/\\\/www.info-algerie.com\\\/actualites\\\/le-general-major-hamel-sentretient-ave-une-delegation-irakienne-sur-la-cooperation-bilaterale\\\/#primaryimage\"},\"thumbnailUrl\":\"https:\\\/\\\/www.info-algerie.com\\\/actualites\\\/wp-content\\\/uploads\\\/2017\\\/10\\\/0c781bd5a4b450ba38f39b5a411de668_S-1.jpg\",\"datePublished\":\"2017-10-03T09:54:45+00:00\",\"breadcrumb\":{\"@id\":\"https:\\\/\\\/www.info-algerie.com\\\/actualites\\\/le-general-major-hamel-sentretient-ave-une-delegation-irakienne-sur-la-cooperation-bilaterale\\\/#breadcrumb\"},\"inLanguage\":\"fr-FR\",\"potentialAction\":[{\"@type\":\"ReadAction\",\"target\":[\"https:\\\/\\\/www.info-algerie.com\\\/actualites\\\/le-general-major-hamel-sentretient-ave-une-delegation-irakienne-sur-la-cooperation-bilaterale\\\/\"]}]},{\"@type\":\"ImageObject\",\"inLanguage\":\"fr-FR\",\"@id\":\"https:\\\/\\\/www.info-algerie.com\\\/actualites\\\/le-general-major-hamel-sentretient-ave-une-delegation-irakienne-sur-la-cooperation-bilaterale\\\/#primaryimage\",\"url\":\"https:\\\/\\\/www.info-algerie.com\\\/actualites\\\/wp-content\\\/uploads\\\/2017\\\/10\\\/0c781bd5a4b450ba38f39b5a411de668_S-1.jpg\",\"contentUrl\":\"https:\\\/\\\/www.info-algerie.com\\\/actualites\\\/wp-content\\\/uploads\\\/2017\\\/10\\\/0c781bd5a4b450ba38f39b5a411de668_S-1.jpg\",\"width\":280,\"height\":169},{\"@type\":\"BreadcrumbList\",\"@id\":\"https:\\\/\\\/www.info-algerie.com\\\/actualites\\\/le-general-major-hamel-sentretient-ave-une-delegation-irakienne-sur-la-cooperation-bilaterale\\\/#breadcrumb\",\"itemListElement\":[{\"@type\":\"ListItem\",\"position\":1,\"name\":\"Accueil\",\"item\":\"https:\\\/\\\/www.info-algerie.com\\\/actualites\\\/\"},{\"@type\":\"ListItem\",\"position\":2,\"name\":\"Le g\u00e9n\u00e9ral major Hamel s&#039;entretient ave une d\u00e9l\u00e9gation irakienne sur la coop\u00e9ration bilat\u00e9rale\"}]},{\"@type\":\"WebSite\",\"@id\":\"https:\\\/\\\/www.info-algerie.com\\\/actualites\\\/#website\",\"url\":\"https:\\\/\\\/www.info-algerie.com\\\/actualites\\\/\",\"name\":\"info algerie\",\"description\":\"Toutes les actualit\u00e9s\",\"publisher\":{\"@id\":\"https:\\\/\\\/www.info-algerie.com\\\/actualites\\\/#organization\"},\"potentialAction\":[{\"@type\":\"SearchAction\",\"target\":{\"@type\":\"EntryPoint\",\"urlTemplate\":\"https:\\\/\\\/www.info-algerie.com\\\/actualites\\\/?s={search_term_string}\"},\"query-input\":{\"@type\":\"PropertyValueSpecification\",\"valueRequired\":true,\"valueName\":\"search_term_string\"}}],\"inLanguage\":\"fr-FR\"},{\"@type\":\"Organization\",\"@id\":\"https:\\\/\\\/www.info-algerie.com\\\/actualites\\\/#organization\",\"name\":\"info algerie\",\"url\":\"https:\\\/\\\/www.info-algerie.com\\\/actualites\\\/\",\"logo\":{\"@type\":\"ImageObject\",\"inLanguage\":\"fr-FR\",\"@id\":\"https:\\\/\\\/www.info-algerie.com\\\/actualites\\\/#\\\/schema\\\/logo\\\/image\\\/\",\"url\":\"https:\\\/\\\/www.info-algerie.com\\\/actualites\\\/wp-content\\\/uploads\\\/2022\\\/07\\\/logo-ia-120.png\",\"contentUrl\":\"https:\\\/\\\/www.info-algerie.com\\\/actualites\\\/wp-content\\\/uploads\\\/2022\\\/07\\\/logo-ia-120.png\",\"width\":120,\"height\":43,\"caption\":\"info algerie\"},\"image\":{\"@id\":\"https:\\\/\\\/www.info-algerie.com\\\/actualites\\\/#\\\/schema\\\/logo\\\/image\\\/\"},\"sameAs\":[\"https:\\\/\\\/www.facebook.com\\\/infoalgerieactu\",\"https:\\\/\\\/x.com\\\/infoalgerie1\"]},{\"@type\":\"Person\",\"@id\":\"https:\\\/\\\/www.info-algerie.com\\\/actualites\\\/#\\\/schema\\\/person\\\/847aaec44920825b843a08f30ec6aa1e\",\"name\":\"La r\u00e9daction\",\"image\":{\"@type\":\"ImageObject\",\"inLanguage\":\"fr-FR\",\"@id\":\"https:\\\/\\\/secure.gravatar.com\\\/avatar\\\/769db425c6f465158149f1ffd6cf61ce7a8a879d11dfbef8288af36dfddd418c?s=96&d=mm&r=g\",\"url\":\"https:\\\/\\\/secure.gravatar.com\\\/avatar\\\/769db425c6f465158149f1ffd6cf61ce7a8a879d11dfbef8288af36dfddd418c?s=96&d=mm&r=g\",\"contentUrl\":\"https:\\\/\\\/secure.gravatar.com\\\/avatar\\\/769db425c6f465158149f1ffd6cf61ce7a8a879d11dfbef8288af36dfddd418c?s=96&d=mm&r=g\",\"caption\":\"La r\u00e9daction\"},\"sameAs\":[\"http:\\\/\\\/www.lkeria.com\\\/\"],\"url\":\"https:\\\/\\\/www.info-algerie.com\\\/actualites\\\/author\\\/chakib32\\\/\"}]}<\/script>\n<!-- \/ Yoast SEO plugin. -->","yoast_head_json":{"title":"Le g\u00e9n\u00e9ral major Hamel s&#039;entretient ave une d\u00e9l\u00e9gation irakienne sur la coop\u00e9ration bilat\u00e9rale - info algerie","robots":{"index":"index","follow":"follow","max-snippet":"max-snippet:-1","max-image-preview":"max-image-preview:large","max-video-preview":"max-video-preview:-1"},"canonical":"https:\/\/www.info-algerie.com\/actualites\/le-general-major-hamel-sentretient-ave-une-delegation-irakienne-sur-la-cooperation-bilaterale\/","og_locale":"fr_FR","og_type":"article","og_title":"Le g\u00e9n\u00e9ral major Hamel s&#039;entretient ave une d\u00e9l\u00e9gation irakienne sur la coop\u00e9ration bilat\u00e9rale - info algerie","og_description":"ALGER &#8211; Le Directeur g\u00e9n\u00e9ral de la S\u00fbret\u00e9 nationale, le g\u00e9n\u00e9ral major Abdelghani Hamel, a examin\u00e9 lundi \u00e0 Alger avec le charg\u00e9 des affaires de renseignement et d&rsquo;investigation au minist\u00e8re irakien de l&rsquo;Int\u00e9rieur, le g\u00e9n\u00e9ral-major Maher Nadjm Abd Al-Hossein Al-Tai les voies et moyens de renforcer\u00a0 la coop\u00e9ration entre les polices des deux pays, indique","og_url":"https:\/\/www.info-algerie.com\/actualites\/le-general-major-hamel-sentretient-ave-une-delegation-irakienne-sur-la-cooperation-bilaterale\/","og_site_name":"info algerie","article_publisher":"https:\/\/www.facebook.com\/infoalgerieactu","article_published_time":"2017-10-03T09:54:45+00:00","og_image":[{"width":280,"height":169,"url":"https:\/\/www.info-algerie.com\/actualites\/wp-content\/uploads\/2017\/10\/0c781bd5a4b450ba38f39b5a411de668_S-1.jpg","type":"image\/jpeg"}],"author":"La r\u00e9daction","twitter_misc":{"\u00c9crit par":"La r\u00e9daction","Dur\u00e9e de lecture estim\u00e9e":"1 minute"},"schema":{"@context":"https:\/\/schema.org","@graph":[{"@type":"Article","@id":"https:\/\/www.info-algerie.com\/actualites\/le-general-major-hamel-sentretient-ave-une-delegation-irakienne-sur-la-cooperation-bilaterale\/#article","isPartOf":{"@id":"https:\/\/www.info-algerie.com\/actualites\/le-general-major-hamel-sentretient-ave-une-delegation-irakienne-sur-la-cooperation-bilaterale\/"},"author":{"name":"La r\u00e9daction","@id":"https:\/\/www.info-algerie.com\/actualites\/#\/schema\/person\/847aaec44920825b843a08f30ec6aa1e"},"headline":"Le g\u00e9n\u00e9ral major Hamel s&#039;entretient ave une d\u00e9l\u00e9gation irakienne sur la coop\u00e9ration bilat\u00e9rale","datePublished":"2017-10-03T09:54:45+00:00","mainEntityOfPage":{"@id":"https:\/\/www.info-algerie.com\/actualites\/le-general-major-hamel-sentretient-ave-une-delegation-irakienne-sur-la-cooperation-bilaterale\/"},"wordCount":224,"commentCount":0,"publisher":{"@id":"https:\/\/www.info-algerie.com\/actualites\/#organization"},"image":{"@id":"https:\/\/www.info-algerie.com\/actualites\/le-general-major-hamel-sentretient-ave-une-delegation-irakienne-sur-la-cooperation-bilaterale\/#primaryimage"},"thumbnailUrl":"https:\/\/www.info-algerie.com\/actualites\/wp-content\/uploads\/2017\/10\/0c781bd5a4b450ba38f39b5a411de668_S-1.jpg","keywords":["ONU"],"articleSection":["infos"],"inLanguage":"fr-FR","potentialAction":[{"@type":"CommentAction","name":"Comment","target":["https:\/\/www.info-algerie.com\/actualites\/le-general-major-hamel-sentretient-ave-une-delegation-irakienne-sur-la-cooperation-bilaterale\/#respond"]}]},{"@type":"WebPage","@id":"https:\/\/www.info-algerie.com\/actualites\/le-general-major-hamel-sentretient-ave-une-delegation-irakienne-sur-la-cooperation-bilaterale\/","url":"https:\/\/www.info-algerie.com\/actualites\/le-general-major-hamel-sentretient-ave-une-delegation-irakienne-sur-la-cooperation-bilaterale\/","name":"Le g\u00e9n\u00e9ral major Hamel s&#039;entretient ave une d\u00e9l\u00e9gation irakienne sur la coop\u00e9ration bilat\u00e9rale - info algerie","isPartOf":{"@id":"https:\/\/www.info-algerie.com\/actualites\/#website"},"primaryImageOfPage":{"@id":"https:\/\/www.info-algerie.com\/actualites\/le-general-major-hamel-sentretient-ave-une-delegation-irakienne-sur-la-cooperation-bilaterale\/#primaryimage"},"image":{"@id":"https:\/\/www.info-algerie.com\/actualites\/le-general-major-hamel-sentretient-ave-une-delegation-irakienne-sur-la-cooperation-bilaterale\/#primaryimage"},"thumbnailUrl":"https:\/\/www.info-algerie.com\/actualites\/wp-content\/uploads\/2017\/10\/0c781bd5a4b450ba38f39b5a411de668_S-1.jpg","datePublished":"2017-10-03T09:54:45+00:00","breadcrumb":{"@id":"https:\/\/www.info-algerie.com\/actualites\/le-general-major-hamel-sentretient-ave-une-delegation-irakienne-sur-la-cooperation-bilaterale\/#breadcrumb"},"inLanguage":"fr-FR","potentialAction":[{"@type":"ReadAction","target":["https:\/\/www.info-algerie.com\/actualites\/le-general-major-hamel-sentretient-ave-une-delegation-irakienne-sur-la-cooperation-bilaterale\/"]}]},{"@type":"ImageObject","inLanguage":"fr-FR","@id":"https:\/\/www.info-algerie.com\/actualites\/le-general-major-hamel-sentretient-ave-une-delegation-irakienne-sur-la-cooperation-bilaterale\/#primaryimage","url":"https:\/\/www.info-algerie.com\/actualites\/wp-content\/uploads\/2017\/10\/0c781bd5a4b450ba38f39b5a411de668_S-1.jpg","contentUrl":"https:\/\/www.info-algerie.com\/actualites\/wp-content\/uploads\/2017\/10\/0c781bd5a4b450ba38f39b5a411de668_S-1.jpg","width":280,"height":169},{"@type":"BreadcrumbList","@id":"https:\/\/www.info-algerie.com\/actualites\/le-general-major-hamel-sentretient-ave-une-delegation-irakienne-sur-la-cooperation-bilaterale\/#breadcrumb","itemListElement":[{"@type":"ListItem","position":1,"name":"Accueil","item":"https:\/\/www.info-algerie.com\/actualites\/"},{"@type":"ListItem","position":2,"name":"Le g\u00e9n\u00e9ral major Hamel s&#039;entretient ave une d\u00e9l\u00e9gation irakienne sur la coop\u00e9ration bilat\u00e9rale"}]},{"@type":"WebSite","@id":"https:\/\/www.info-algerie.com\/actualites\/#website","url":"https:\/\/www.info-algerie.com\/actualites\/","name":"info algerie","description":"Toutes les actualit\u00e9s","publisher":{"@id":"https:\/\/www.info-algerie.com\/actualites\/#organization"},"potentialAction":[{"@type":"SearchAction","target":{"@type":"EntryPoint","urlTemplate":"https:\/\/www.info-algerie.com\/actualites\/?s={search_term_string}"},"query-input":{"@type":"PropertyValueSpecification","valueRequired":true,"valueName":"search_term_string"}}],"inLanguage":"fr-FR"},{"@type":"Organization","@id":"https:\/\/www.info-algerie.com\/actualites\/#organization","name":"info algerie","url":"https:\/\/www.info-algerie.com\/actualites\/","logo":{"@type":"ImageObject","inLanguage":"fr-FR","@id":"https:\/\/www.info-algerie.com\/actualites\/#\/schema\/logo\/image\/","url":"https:\/\/www.info-algerie.com\/actualites\/wp-content\/uploads\/2022\/07\/logo-ia-120.png","contentUrl":"https:\/\/www.info-algerie.com\/actualites\/wp-content\/uploads\/2022\/07\/logo-ia-120.png","width":120,"height":43,"caption":"info algerie"},"image":{"@id":"https:\/\/www.info-algerie.com\/actualites\/#\/schema\/logo\/image\/"},"sameAs":["https:\/\/www.facebook.com\/infoalgerieactu","https:\/\/x.com\/infoalgerie1"]},{"@type":"Person","@id":"https:\/\/www.info-algerie.com\/actualites\/#\/schema\/person\/847aaec44920825b843a08f30ec6aa1e","name":"La r\u00e9daction","image":{"@type":"ImageObject","inLanguage":"fr-FR","@id":"https:\/\/secure.gravatar.com\/avatar\/769db425c6f465158149f1ffd6cf61ce7a8a879d11dfbef8288af36dfddd418c?s=96&d=mm&r=g","url":"https:\/\/secure.gravatar.com\/avatar\/769db425c6f465158149f1ffd6cf61ce7a8a879d11dfbef8288af36dfddd418c?s=96&d=mm&r=g","contentUrl":"https:\/\/secure.gravatar.com\/avatar\/769db425c6f465158149f1ffd6cf61ce7a8a879d11dfbef8288af36dfddd418c?s=96&d=mm&r=g","caption":"La r\u00e9daction"},"sameAs":["http:\/\/www.lkeria.com\/"],"url":"https:\/\/www.info-algerie.com\/actualites\/author\/chakib32\/"}]}},"_links":{"self":[{"href":"https:\/\/www.info-algerie.com\/actualites\/wp-json\/wp\/v2\/posts\/16542","targetHints":{"allow":["GET"]}}],"collection":[{"href":"https:\/\/www.info-algerie.com\/actualites\/wp-json\/wp\/v2\/posts"}],"about":[{"href":"https:\/\/www.info-algerie.com\/actualites\/wp-json\/wp\/v2\/types\/post"}],"author":[{"embeddable":true,"href":"https:\/\/www.info-algerie.com\/actualites\/wp-json\/wp\/v2\/users\/6"}],"replies":[{"embeddable":true,"href":"https:\/\/www.info-algerie.com\/actualites\/wp-json\/wp\/v2\/comments?post=16542"}],"version-history":[{"count":0,"href":"https:\/\/www.info-algerie.com\/actualites\/wp-json\/wp\/v2\/posts\/16542\/revisions"}],"wp:featuredmedia":[{"embeddable":true,"href":"https:\/\/www.info-algerie.com\/actualites\/wp-json\/wp\/v2\/media\/16543"}],"wp:attachment":[{"href":"https:\/\/www.info-algerie.com\/actualites\/wp-json\/wp\/v2\/media?parent=16542"}],"wp:term":[{"taxonomy":"category","embeddable":true,"href":"https:\/\/www.info-algerie.com\/actualites\/wp-json\/wp\/v2\/categories?post=16542"},{"taxonomy":"post_tag","embeddable":true,"href":"https:\/\/www.info-algerie.com\/actualites\/wp-json\/wp\/v2\/tags?post=16542"}],"curies":[{"name":"wp","href":"https:\/\/api.w.org\/{rel}","templated":true}]}}