{"id":16554,"date":"2017-10-03T18:23:08","date_gmt":"2017-10-03T17:23:08","guid":{"rendered":"http:\/\/www.info-algerie.com\/actualites\/kaouane-evoque-avec-lambassadeur-de-france-a-alger-la-cooperation-dans-la-formation-des-journalistes\/"},"modified":"2017-10-03T18:23:08","modified_gmt":"2017-10-03T17:23:08","slug":"kaouane-evoque-avec-lambassadeur-de-france-a-alger-la-cooperation-dans-la-formation-des-journalistes","status":"publish","type":"post","link":"https:\/\/www.info-algerie.com\/actualites\/kaouane-evoque-avec-lambassadeur-de-france-a-alger-la-cooperation-dans-la-formation-des-journalistes\/","title":{"rendered":"Kaouane \u00e9voque avec l&#039;ambassadeur de France \u00e0 Alger la coop\u00e9ration dans\u00a0 la formation des journalistes"},"content":{"rendered":"<div class=\"K2FeedImage\"><img decoding=\"async\" src=\"https:\/\/www.info-algerie.com\/actualites\/wp-content\/uploads\/2017\/10\/4aa8ca3f04028dd637f3a5809a6b58c6_S.jpg\" alt=\"Kaouane &#xE9;voque avec l'ambassadeur de France &#xE0; Alger la coop&#xE9;ration dans&#xA0; la formation des journalistes\" \/><\/div>\n<div class=\"K2FeedIntroText\">\n<p class=\"MsoNoSpacing\">ALGER &#8211; Le ministre de la Communication, Djamel Kaouane,\u00a0 a re\u00e7u mardi l\u2019ambassadeur de France \u00e0 Alger,\u00a0 Xavier Driencourt, avec lequel il a \u00e9voqu\u00e9 la coop\u00e9ration dans le domaine de la formation des journalistes, aussi bien dans la presse \u00e9crite que dans les m\u00e9dias audiovisuels, ainsi que sur l\u2019\u00e9change d\u2019exp\u00e9riences dans le domaine m\u00e9diatique entre les deux pays, a indiqu\u00e9 mardi un communiqu\u00e9 du minist\u00e8re.<\/p>\n<p>&#013;\n<\/p><\/div>\n<div class=\"K2FeedFullText\">&#013;<\/p>\n<p class=\"MsoNoSpacing\">\u00ab\u00a0La n\u00e9cessit\u00e9 de diversifier et d\u2019adapter la formation en vue de pr\u00e9parer l\u2019ensemble des m\u00e9dias, notamment la presse papier, \u00e0 op\u00e9rer la grande mutation qu\u2019imposent les bouleversements de l\u2019\u00e8re du num\u00e9rique, est, entre autres th\u00e8mes, le sujet abord\u00e9 par rapport auxquels il a \u00e9t\u00e9 manifest\u00e9 un int\u00e9r\u00eat particulier\u00a0\u00bb, a pr\u00e9cis\u00e9 la m\u00eame source.<\/p>\n<p>&#013;<\/p>\n<p>Dans cette lanc\u00e9e et \u00e0 la faveur de la richesse du champ de coop\u00e9ration dans le domaine m\u00e9diatique et de la communication entre les deux pays, \u00ab\u00a0il a \u00e9t\u00e9 convenu de s\u2019attacher au principe dynamique d\u2019une coop\u00e9ration qui privil\u00e9gie l\u2019expression de besoins pr\u00e9cis de la part des m\u00e9dias d\u00e9sireux de\u00a0 former leurs journalistes et leurs professionnels, de m\u00eame qu\u2019il a \u00e9t\u00e9 convenu de veiller \u00e0 la poursuite des formations dont le processus a d\u00e9j\u00e0 \u00e9t\u00e9 lanc\u00e9\u00a0\u00bb, a ajout\u00e9 la m\u00eame source.<\/p>\n<\/div>\n<p>&#013;<br \/>\nSource: <a href=\"http:\/\/www.aps.dz\/algerie\/63552-kaouane-evoque-avec-l-ambassadeur-de-france-a-alger-la-cooperation-dans-la-formation-des-journalistes\" target=\"_blank\">Kaouane \u00e9voque avec l&rsquo;ambassadeur de France \u00e0 Alger la coop\u00e9ration dans\u00a0 la formation des journalistes<\/a><\/p>\n<!--CusAds0-->\n<div style=\"font-size: 0px; height: 0px; line-height: 0px; margin: 0; padding: 0; clear: both;\"><\/div>","protected":false},"excerpt":{"rendered":"<p>ALGER &#8211; Le ministre de la Communication, Djamel Kaouane,\u00a0 a re\u00e7u mardi l\u2019ambassadeur de France \u00e0 Alger,\u00a0 Xavier Driencourt, avec lequel il a \u00e9voqu\u00e9 la coop\u00e9ration dans le domaine de la formation des journalistes, aussi bien dans la presse \u00e9crite que dans les m\u00e9dias audiovisuels, ainsi que sur l\u2019\u00e9change d\u2019exp\u00e9riences dans le domaine m\u00e9diatique entre<\/p>\n","protected":false},"author":6,"featured_media":16555,"comment_status":"open","ping_status":"open","sticky":false,"template":"","format":"standard","meta":{"footnotes":""},"categories":[22],"tags":[93],"class_list":["post-16554","post","type-post","status-publish","format-standard","has-post-thumbnail","hentry","category-infos","tag-onu"],"yoast_head":"<!-- This site is optimized with the Yoast SEO plugin v27.5 - https:\/\/yoast.com\/product\/yoast-seo-wordpress\/ -->\n<title>Kaouane \u00e9voque avec l&#039;ambassadeur de France \u00e0 Alger la coop\u00e9ration dans\u00a0 la formation des journalistes - info algerie<\/title>\n<meta name=\"robots\" content=\"index, follow, max-snippet:-1, max-image-preview:large, max-video-preview:-1\" \/>\n<link rel=\"canonical\" href=\"https:\/\/www.info-algerie.com\/actualites\/kaouane-evoque-avec-lambassadeur-de-france-a-alger-la-cooperation-dans-la-formation-des-journalistes\/\" \/>\n<meta property=\"og:locale\" content=\"fr_FR\" \/>\n<meta property=\"og:type\" content=\"article\" \/>\n<meta property=\"og:title\" content=\"Kaouane \u00e9voque avec l&#039;ambassadeur de France \u00e0 Alger la coop\u00e9ration dans\u00a0 la formation des journalistes - info algerie\" \/>\n<meta property=\"og:description\" content=\"ALGER &#8211; Le ministre de la Communication, Djamel Kaouane,\u00a0 a re\u00e7u mardi l\u2019ambassadeur de France \u00e0 Alger,\u00a0 Xavier Driencourt, avec lequel il a \u00e9voqu\u00e9 la coop\u00e9ration dans le domaine de la formation des journalistes, aussi bien dans la presse \u00e9crite que dans les m\u00e9dias audiovisuels, ainsi que sur l\u2019\u00e9change d\u2019exp\u00e9riences dans le domaine m\u00e9diatique entre\" \/>\n<meta property=\"og:url\" content=\"https:\/\/www.info-algerie.com\/actualites\/kaouane-evoque-avec-lambassadeur-de-france-a-alger-la-cooperation-dans-la-formation-des-journalistes\/\" \/>\n<meta property=\"og:site_name\" content=\"info algerie\" \/>\n<meta property=\"article:publisher\" content=\"https:\/\/www.facebook.com\/infoalgerieactu\" \/>\n<meta property=\"article:published_time\" content=\"2017-10-03T17:23:08+00:00\" \/>\n<meta property=\"og:image\" content=\"https:\/\/www.info-algerie.com\/actualites\/wp-content\/uploads\/2017\/10\/4aa8ca3f04028dd637f3a5809a6b58c6_S-1.jpg\" \/>\n\t<meta property=\"og:image:width\" content=\"280\" \/>\n\t<meta property=\"og:image:height\" content=\"222\" \/>\n\t<meta property=\"og:image:type\" content=\"image\/jpeg\" \/>\n<meta name=\"author\" content=\"La r\u00e9daction\" \/>\n<meta name=\"twitter:label1\" content=\"\u00c9crit par\" \/>\n\t<meta name=\"twitter:data1\" content=\"La r\u00e9daction\" \/>\n\t<meta name=\"twitter:label2\" content=\"Dur\u00e9e de lecture estim\u00e9e\" \/>\n\t<meta name=\"twitter:data2\" content=\"1 minute\" \/>\n<script type=\"application\/ld+json\" class=\"yoast-schema-graph\">{\"@context\":\"https:\\\/\\\/schema.org\",\"@graph\":[{\"@type\":\"Article\",\"@id\":\"https:\\\/\\\/www.info-algerie.com\\\/actualites\\\/kaouane-evoque-avec-lambassadeur-de-france-a-alger-la-cooperation-dans-la-formation-des-journalistes\\\/#article\",\"isPartOf\":{\"@id\":\"https:\\\/\\\/www.info-algerie.com\\\/actualites\\\/kaouane-evoque-avec-lambassadeur-de-france-a-alger-la-cooperation-dans-la-formation-des-journalistes\\\/\"},\"author\":{\"name\":\"La r\u00e9daction\",\"@id\":\"https:\\\/\\\/www.info-algerie.com\\\/actualites\\\/#\\\/schema\\\/person\\\/847aaec44920825b843a08f30ec6aa1e\"},\"headline\":\"Kaouane \u00e9voque avec l&#039;ambassadeur de France \u00e0 Alger la coop\u00e9ration dans\u00a0 la formation des journalistes\",\"datePublished\":\"2017-10-03T17:23:08+00:00\",\"mainEntityOfPage\":{\"@id\":\"https:\\\/\\\/www.info-algerie.com\\\/actualites\\\/kaouane-evoque-avec-lambassadeur-de-france-a-alger-la-cooperation-dans-la-formation-des-journalistes\\\/\"},\"wordCount\":266,\"commentCount\":0,\"publisher\":{\"@id\":\"https:\\\/\\\/www.info-algerie.com\\\/actualites\\\/#organization\"},\"image\":{\"@id\":\"https:\\\/\\\/www.info-algerie.com\\\/actualites\\\/kaouane-evoque-avec-lambassadeur-de-france-a-alger-la-cooperation-dans-la-formation-des-journalistes\\\/#primaryimage\"},\"thumbnailUrl\":\"https:\\\/\\\/www.info-algerie.com\\\/actualites\\\/wp-content\\\/uploads\\\/2017\\\/10\\\/4aa8ca3f04028dd637f3a5809a6b58c6_S-1.jpg\",\"keywords\":[\"ONU\"],\"articleSection\":[\"infos\"],\"inLanguage\":\"fr-FR\",\"potentialAction\":[{\"@type\":\"CommentAction\",\"name\":\"Comment\",\"target\":[\"https:\\\/\\\/www.info-algerie.com\\\/actualites\\\/kaouane-evoque-avec-lambassadeur-de-france-a-alger-la-cooperation-dans-la-formation-des-journalistes\\\/#respond\"]}]},{\"@type\":\"WebPage\",\"@id\":\"https:\\\/\\\/www.info-algerie.com\\\/actualites\\\/kaouane-evoque-avec-lambassadeur-de-france-a-alger-la-cooperation-dans-la-formation-des-journalistes\\\/\",\"url\":\"https:\\\/\\\/www.info-algerie.com\\\/actualites\\\/kaouane-evoque-avec-lambassadeur-de-france-a-alger-la-cooperation-dans-la-formation-des-journalistes\\\/\",\"name\":\"Kaouane \u00e9voque avec l&#039;ambassadeur de France \u00e0 Alger la coop\u00e9ration dans\u00a0 la formation des journalistes - info algerie\",\"isPartOf\":{\"@id\":\"https:\\\/\\\/www.info-algerie.com\\\/actualites\\\/#website\"},\"primaryImageOfPage\":{\"@id\":\"https:\\\/\\\/www.info-algerie.com\\\/actualites\\\/kaouane-evoque-avec-lambassadeur-de-france-a-alger-la-cooperation-dans-la-formation-des-journalistes\\\/#primaryimage\"},\"image\":{\"@id\":\"https:\\\/\\\/www.info-algerie.com\\\/actualites\\\/kaouane-evoque-avec-lambassadeur-de-france-a-alger-la-cooperation-dans-la-formation-des-journalistes\\\/#primaryimage\"},\"thumbnailUrl\":\"https:\\\/\\\/www.info-algerie.com\\\/actualites\\\/wp-content\\\/uploads\\\/2017\\\/10\\\/4aa8ca3f04028dd637f3a5809a6b58c6_S-1.jpg\",\"datePublished\":\"2017-10-03T17:23:08+00:00\",\"breadcrumb\":{\"@id\":\"https:\\\/\\\/www.info-algerie.com\\\/actualites\\\/kaouane-evoque-avec-lambassadeur-de-france-a-alger-la-cooperation-dans-la-formation-des-journalistes\\\/#breadcrumb\"},\"inLanguage\":\"fr-FR\",\"potentialAction\":[{\"@type\":\"ReadAction\",\"target\":[\"https:\\\/\\\/www.info-algerie.com\\\/actualites\\\/kaouane-evoque-avec-lambassadeur-de-france-a-alger-la-cooperation-dans-la-formation-des-journalistes\\\/\"]}]},{\"@type\":\"ImageObject\",\"inLanguage\":\"fr-FR\",\"@id\":\"https:\\\/\\\/www.info-algerie.com\\\/actualites\\\/kaouane-evoque-avec-lambassadeur-de-france-a-alger-la-cooperation-dans-la-formation-des-journalistes\\\/#primaryimage\",\"url\":\"https:\\\/\\\/www.info-algerie.com\\\/actualites\\\/wp-content\\\/uploads\\\/2017\\\/10\\\/4aa8ca3f04028dd637f3a5809a6b58c6_S-1.jpg\",\"contentUrl\":\"https:\\\/\\\/www.info-algerie.com\\\/actualites\\\/wp-content\\\/uploads\\\/2017\\\/10\\\/4aa8ca3f04028dd637f3a5809a6b58c6_S-1.jpg\",\"width\":280,\"height\":222},{\"@type\":\"BreadcrumbList\",\"@id\":\"https:\\\/\\\/www.info-algerie.com\\\/actualites\\\/kaouane-evoque-avec-lambassadeur-de-france-a-alger-la-cooperation-dans-la-formation-des-journalistes\\\/#breadcrumb\",\"itemListElement\":[{\"@type\":\"ListItem\",\"position\":1,\"name\":\"Accueil\",\"item\":\"https:\\\/\\\/www.info-algerie.com\\\/actualites\\\/\"},{\"@type\":\"ListItem\",\"position\":2,\"name\":\"Kaouane \u00e9voque avec l&#039;ambassadeur de France \u00e0 Alger la coop\u00e9ration dans\u00a0 la formation des journalistes\"}]},{\"@type\":\"WebSite\",\"@id\":\"https:\\\/\\\/www.info-algerie.com\\\/actualites\\\/#website\",\"url\":\"https:\\\/\\\/www.info-algerie.com\\\/actualites\\\/\",\"name\":\"info algerie\",\"description\":\"Toutes les actualit\u00e9s\",\"publisher\":{\"@id\":\"https:\\\/\\\/www.info-algerie.com\\\/actualites\\\/#organization\"},\"potentialAction\":[{\"@type\":\"SearchAction\",\"target\":{\"@type\":\"EntryPoint\",\"urlTemplate\":\"https:\\\/\\\/www.info-algerie.com\\\/actualites\\\/?s={search_term_string}\"},\"query-input\":{\"@type\":\"PropertyValueSpecification\",\"valueRequired\":true,\"valueName\":\"search_term_string\"}}],\"inLanguage\":\"fr-FR\"},{\"@type\":\"Organization\",\"@id\":\"https:\\\/\\\/www.info-algerie.com\\\/actualites\\\/#organization\",\"name\":\"info algerie\",\"url\":\"https:\\\/\\\/www.info-algerie.com\\\/actualites\\\/\",\"logo\":{\"@type\":\"ImageObject\",\"inLanguage\":\"fr-FR\",\"@id\":\"https:\\\/\\\/www.info-algerie.com\\\/actualites\\\/#\\\/schema\\\/logo\\\/image\\\/\",\"url\":\"https:\\\/\\\/www.info-algerie.com\\\/actualites\\\/wp-content\\\/uploads\\\/2022\\\/07\\\/logo-ia-120.png\",\"contentUrl\":\"https:\\\/\\\/www.info-algerie.com\\\/actualites\\\/wp-content\\\/uploads\\\/2022\\\/07\\\/logo-ia-120.png\",\"width\":120,\"height\":43,\"caption\":\"info algerie\"},\"image\":{\"@id\":\"https:\\\/\\\/www.info-algerie.com\\\/actualites\\\/#\\\/schema\\\/logo\\\/image\\\/\"},\"sameAs\":[\"https:\\\/\\\/www.facebook.com\\\/infoalgerieactu\",\"https:\\\/\\\/x.com\\\/infoalgerie1\"]},{\"@type\":\"Person\",\"@id\":\"https:\\\/\\\/www.info-algerie.com\\\/actualites\\\/#\\\/schema\\\/person\\\/847aaec44920825b843a08f30ec6aa1e\",\"name\":\"La r\u00e9daction\",\"image\":{\"@type\":\"ImageObject\",\"inLanguage\":\"fr-FR\",\"@id\":\"https:\\\/\\\/secure.gravatar.com\\\/avatar\\\/769db425c6f465158149f1ffd6cf61ce7a8a879d11dfbef8288af36dfddd418c?s=96&d=mm&r=g\",\"url\":\"https:\\\/\\\/secure.gravatar.com\\\/avatar\\\/769db425c6f465158149f1ffd6cf61ce7a8a879d11dfbef8288af36dfddd418c?s=96&d=mm&r=g\",\"contentUrl\":\"https:\\\/\\\/secure.gravatar.com\\\/avatar\\\/769db425c6f465158149f1ffd6cf61ce7a8a879d11dfbef8288af36dfddd418c?s=96&d=mm&r=g\",\"caption\":\"La r\u00e9daction\"},\"sameAs\":[\"http:\\\/\\\/www.lkeria.com\\\/\"],\"url\":\"https:\\\/\\\/www.info-algerie.com\\\/actualites\\\/author\\\/chakib32\\\/\"}]}<\/script>\n<!-- \/ Yoast SEO plugin. -->","yoast_head_json":{"title":"Kaouane \u00e9voque avec l&#039;ambassadeur de France \u00e0 Alger la coop\u00e9ration dans\u00a0 la formation des journalistes - info algerie","robots":{"index":"index","follow":"follow","max-snippet":"max-snippet:-1","max-image-preview":"max-image-preview:large","max-video-preview":"max-video-preview:-1"},"canonical":"https:\/\/www.info-algerie.com\/actualites\/kaouane-evoque-avec-lambassadeur-de-france-a-alger-la-cooperation-dans-la-formation-des-journalistes\/","og_locale":"fr_FR","og_type":"article","og_title":"Kaouane \u00e9voque avec l&#039;ambassadeur de France \u00e0 Alger la coop\u00e9ration dans\u00a0 la formation des journalistes - info algerie","og_description":"ALGER &#8211; Le ministre de la Communication, Djamel Kaouane,\u00a0 a re\u00e7u mardi l\u2019ambassadeur de France \u00e0 Alger,\u00a0 Xavier Driencourt, avec lequel il a \u00e9voqu\u00e9 la coop\u00e9ration dans le domaine de la formation des journalistes, aussi bien dans la presse \u00e9crite que dans les m\u00e9dias audiovisuels, ainsi que sur l\u2019\u00e9change d\u2019exp\u00e9riences dans le domaine m\u00e9diatique entre","og_url":"https:\/\/www.info-algerie.com\/actualites\/kaouane-evoque-avec-lambassadeur-de-france-a-alger-la-cooperation-dans-la-formation-des-journalistes\/","og_site_name":"info algerie","article_publisher":"https:\/\/www.facebook.com\/infoalgerieactu","article_published_time":"2017-10-03T17:23:08+00:00","og_image":[{"width":280,"height":222,"url":"https:\/\/www.info-algerie.com\/actualites\/wp-content\/uploads\/2017\/10\/4aa8ca3f04028dd637f3a5809a6b58c6_S-1.jpg","type":"image\/jpeg"}],"author":"La r\u00e9daction","twitter_misc":{"\u00c9crit par":"La r\u00e9daction","Dur\u00e9e de lecture estim\u00e9e":"1 minute"},"schema":{"@context":"https:\/\/schema.org","@graph":[{"@type":"Article","@id":"https:\/\/www.info-algerie.com\/actualites\/kaouane-evoque-avec-lambassadeur-de-france-a-alger-la-cooperation-dans-la-formation-des-journalistes\/#article","isPartOf":{"@id":"https:\/\/www.info-algerie.com\/actualites\/kaouane-evoque-avec-lambassadeur-de-france-a-alger-la-cooperation-dans-la-formation-des-journalistes\/"},"author":{"name":"La r\u00e9daction","@id":"https:\/\/www.info-algerie.com\/actualites\/#\/schema\/person\/847aaec44920825b843a08f30ec6aa1e"},"headline":"Kaouane \u00e9voque avec l&#039;ambassadeur de France \u00e0 Alger la coop\u00e9ration dans\u00a0 la formation des journalistes","datePublished":"2017-10-03T17:23:08+00:00","mainEntityOfPage":{"@id":"https:\/\/www.info-algerie.com\/actualites\/kaouane-evoque-avec-lambassadeur-de-france-a-alger-la-cooperation-dans-la-formation-des-journalistes\/"},"wordCount":266,"commentCount":0,"publisher":{"@id":"https:\/\/www.info-algerie.com\/actualites\/#organization"},"image":{"@id":"https:\/\/www.info-algerie.com\/actualites\/kaouane-evoque-avec-lambassadeur-de-france-a-alger-la-cooperation-dans-la-formation-des-journalistes\/#primaryimage"},"thumbnailUrl":"https:\/\/www.info-algerie.com\/actualites\/wp-content\/uploads\/2017\/10\/4aa8ca3f04028dd637f3a5809a6b58c6_S-1.jpg","keywords":["ONU"],"articleSection":["infos"],"inLanguage":"fr-FR","potentialAction":[{"@type":"CommentAction","name":"Comment","target":["https:\/\/www.info-algerie.com\/actualites\/kaouane-evoque-avec-lambassadeur-de-france-a-alger-la-cooperation-dans-la-formation-des-journalistes\/#respond"]}]},{"@type":"WebPage","@id":"https:\/\/www.info-algerie.com\/actualites\/kaouane-evoque-avec-lambassadeur-de-france-a-alger-la-cooperation-dans-la-formation-des-journalistes\/","url":"https:\/\/www.info-algerie.com\/actualites\/kaouane-evoque-avec-lambassadeur-de-france-a-alger-la-cooperation-dans-la-formation-des-journalistes\/","name":"Kaouane \u00e9voque avec l&#039;ambassadeur de France \u00e0 Alger la coop\u00e9ration dans\u00a0 la formation des journalistes - info algerie","isPartOf":{"@id":"https:\/\/www.info-algerie.com\/actualites\/#website"},"primaryImageOfPage":{"@id":"https:\/\/www.info-algerie.com\/actualites\/kaouane-evoque-avec-lambassadeur-de-france-a-alger-la-cooperation-dans-la-formation-des-journalistes\/#primaryimage"},"image":{"@id":"https:\/\/www.info-algerie.com\/actualites\/kaouane-evoque-avec-lambassadeur-de-france-a-alger-la-cooperation-dans-la-formation-des-journalistes\/#primaryimage"},"thumbnailUrl":"https:\/\/www.info-algerie.com\/actualites\/wp-content\/uploads\/2017\/10\/4aa8ca3f04028dd637f3a5809a6b58c6_S-1.jpg","datePublished":"2017-10-03T17:23:08+00:00","breadcrumb":{"@id":"https:\/\/www.info-algerie.com\/actualites\/kaouane-evoque-avec-lambassadeur-de-france-a-alger-la-cooperation-dans-la-formation-des-journalistes\/#breadcrumb"},"inLanguage":"fr-FR","potentialAction":[{"@type":"ReadAction","target":["https:\/\/www.info-algerie.com\/actualites\/kaouane-evoque-avec-lambassadeur-de-france-a-alger-la-cooperation-dans-la-formation-des-journalistes\/"]}]},{"@type":"ImageObject","inLanguage":"fr-FR","@id":"https:\/\/www.info-algerie.com\/actualites\/kaouane-evoque-avec-lambassadeur-de-france-a-alger-la-cooperation-dans-la-formation-des-journalistes\/#primaryimage","url":"https:\/\/www.info-algerie.com\/actualites\/wp-content\/uploads\/2017\/10\/4aa8ca3f04028dd637f3a5809a6b58c6_S-1.jpg","contentUrl":"https:\/\/www.info-algerie.com\/actualites\/wp-content\/uploads\/2017\/10\/4aa8ca3f04028dd637f3a5809a6b58c6_S-1.jpg","width":280,"height":222},{"@type":"BreadcrumbList","@id":"https:\/\/www.info-algerie.com\/actualites\/kaouane-evoque-avec-lambassadeur-de-france-a-alger-la-cooperation-dans-la-formation-des-journalistes\/#breadcrumb","itemListElement":[{"@type":"ListItem","position":1,"name":"Accueil","item":"https:\/\/www.info-algerie.com\/actualites\/"},{"@type":"ListItem","position":2,"name":"Kaouane \u00e9voque avec l&#039;ambassadeur de France \u00e0 Alger la coop\u00e9ration dans\u00a0 la formation des journalistes"}]},{"@type":"WebSite","@id":"https:\/\/www.info-algerie.com\/actualites\/#website","url":"https:\/\/www.info-algerie.com\/actualites\/","name":"info algerie","description":"Toutes les actualit\u00e9s","publisher":{"@id":"https:\/\/www.info-algerie.com\/actualites\/#organization"},"potentialAction":[{"@type":"SearchAction","target":{"@type":"EntryPoint","urlTemplate":"https:\/\/www.info-algerie.com\/actualites\/?s={search_term_string}"},"query-input":{"@type":"PropertyValueSpecification","valueRequired":true,"valueName":"search_term_string"}}],"inLanguage":"fr-FR"},{"@type":"Organization","@id":"https:\/\/www.info-algerie.com\/actualites\/#organization","name":"info algerie","url":"https:\/\/www.info-algerie.com\/actualites\/","logo":{"@type":"ImageObject","inLanguage":"fr-FR","@id":"https:\/\/www.info-algerie.com\/actualites\/#\/schema\/logo\/image\/","url":"https:\/\/www.info-algerie.com\/actualites\/wp-content\/uploads\/2022\/07\/logo-ia-120.png","contentUrl":"https:\/\/www.info-algerie.com\/actualites\/wp-content\/uploads\/2022\/07\/logo-ia-120.png","width":120,"height":43,"caption":"info algerie"},"image":{"@id":"https:\/\/www.info-algerie.com\/actualites\/#\/schema\/logo\/image\/"},"sameAs":["https:\/\/www.facebook.com\/infoalgerieactu","https:\/\/x.com\/infoalgerie1"]},{"@type":"Person","@id":"https:\/\/www.info-algerie.com\/actualites\/#\/schema\/person\/847aaec44920825b843a08f30ec6aa1e","name":"La r\u00e9daction","image":{"@type":"ImageObject","inLanguage":"fr-FR","@id":"https:\/\/secure.gravatar.com\/avatar\/769db425c6f465158149f1ffd6cf61ce7a8a879d11dfbef8288af36dfddd418c?s=96&d=mm&r=g","url":"https:\/\/secure.gravatar.com\/avatar\/769db425c6f465158149f1ffd6cf61ce7a8a879d11dfbef8288af36dfddd418c?s=96&d=mm&r=g","contentUrl":"https:\/\/secure.gravatar.com\/avatar\/769db425c6f465158149f1ffd6cf61ce7a8a879d11dfbef8288af36dfddd418c?s=96&d=mm&r=g","caption":"La r\u00e9daction"},"sameAs":["http:\/\/www.lkeria.com\/"],"url":"https:\/\/www.info-algerie.com\/actualites\/author\/chakib32\/"}]}},"_links":{"self":[{"href":"https:\/\/www.info-algerie.com\/actualites\/wp-json\/wp\/v2\/posts\/16554","targetHints":{"allow":["GET"]}}],"collection":[{"href":"https:\/\/www.info-algerie.com\/actualites\/wp-json\/wp\/v2\/posts"}],"about":[{"href":"https:\/\/www.info-algerie.com\/actualites\/wp-json\/wp\/v2\/types\/post"}],"author":[{"embeddable":true,"href":"https:\/\/www.info-algerie.com\/actualites\/wp-json\/wp\/v2\/users\/6"}],"replies":[{"embeddable":true,"href":"https:\/\/www.info-algerie.com\/actualites\/wp-json\/wp\/v2\/comments?post=16554"}],"version-history":[{"count":0,"href":"https:\/\/www.info-algerie.com\/actualites\/wp-json\/wp\/v2\/posts\/16554\/revisions"}],"wp:featuredmedia":[{"embeddable":true,"href":"https:\/\/www.info-algerie.com\/actualites\/wp-json\/wp\/v2\/media\/16555"}],"wp:attachment":[{"href":"https:\/\/www.info-algerie.com\/actualites\/wp-json\/wp\/v2\/media?parent=16554"}],"wp:term":[{"taxonomy":"category","embeddable":true,"href":"https:\/\/www.info-algerie.com\/actualites\/wp-json\/wp\/v2\/categories?post=16554"},{"taxonomy":"post_tag","embeddable":true,"href":"https:\/\/www.info-algerie.com\/actualites\/wp-json\/wp\/v2\/tags?post=16554"}],"curies":[{"name":"wp","href":"https:\/\/api.w.org\/{rel}","templated":true}]}}