{"id":16582,"date":"2017-10-05T10:56:58","date_gmt":"2017-10-05T09:56:58","guid":{"rendered":"http:\/\/www.info-algerie.com\/actualites\/le-president-bouteflika-felicite-le-roi-du-lesotho-a-loccasion-de-la-fete-nationale-de-son-pays\/"},"modified":"2017-10-05T10:56:58","modified_gmt":"2017-10-05T09:56:58","slug":"le-president-bouteflika-felicite-le-roi-du-lesotho-a-loccasion-de-la-fete-nationale-de-son-pays","status":"publish","type":"post","link":"https:\/\/www.info-algerie.com\/actualites\/le-president-bouteflika-felicite-le-roi-du-lesotho-a-loccasion-de-la-fete-nationale-de-son-pays\/","title":{"rendered":"Le pr\u00e9sident Bouteflika f\u00e9licite le roi du Lesotho \u00e0 l&#039;occasion de la f\u00eate nationale de son pays"},"content":{"rendered":"<div class=\"K2FeedIntroText\">\n<p>ALGER &#8211; Le pr\u00e9sident de la R\u00e9publique, Abdelaziz Bouteflika, a adress\u00e9 un message de f\u00e9licitations au roi du Lesotho, Letsie III, \u00e0 l&rsquo;occasion de la f\u00eate nationale de son pays dans lequel il lui a renouvel\u00e9 son attachement au renforcement et \u00e0 l&rsquo;\u00e9largissement de la coop\u00e9ration bilat\u00e9rale liant les deux pays.<\/p>\n<p>&#013;\n<\/p><\/div>\n<div class=\"K2FeedFullText\">&#013;<\/p>\n<p>\u00ab\u00a0Il m&rsquo;est particuli\u00e8rement agr\u00e9able, au moment o\u00f9 le Royaume du Lesotho s&rsquo;appr\u00eate \u00e0 c\u00e9l\u00e9brer sa f\u00eate nationale, de vous adresser, au nom du peuple et du gouvernement alg\u00e9riens ainsi qu&rsquo;en mon nom personnel, nos chaleureuses f\u00e9licitations accompagn\u00e9es de mes v\u00a3ux les meilleurs de bonne sant\u00e9 et de bonheur pour votre majest\u00e9, de progr\u00e8s et de prosp\u00e9rit\u00e9 pour le peuple lesothan fr\u00e8re\u00a0\u00bb, a \u00e9crit le pr\u00e9sident Bouteflika dans son message.\u00a0<\/p>\n<p>&#013;<\/p>\n<p>\u00ab\u00a0Je voudrais saisir cette heureuse opportunit\u00e9 pour dire ma satisfaction des liens d&rsquo;amiti\u00e9 et de solidarit\u00e9 qui ont toujours uni nos deux pays et renouveler mon attachement au renforcement et \u00e0 l&rsquo;\u00e9largissement de notre coop\u00e9ration bilat\u00e9rale dans l&rsquo;int\u00e9r\u00eat mutuel de nos deux peuples\u00a0\u00bb,\u00a0 a soulign\u00e9 le pr\u00e9sident Bouteflika.<\/p>\n<p>&#013;<\/p>\n<p>\u00ab\u00a0Je voudrais, \u00e9galement, vous assurer de ma disponibilit\u00e9 \u00e0 poursuivre, avec votre majest\u00e9, notre tradition de dialogue et de concertation sur les questions r\u00e9gionales et internationales d&rsquo;int\u00e9r\u00eat commun, ainsi que de mon engagement \u00e0 ne m\u00e9nager aucun effort pour la consolidation de l&rsquo;action solidaire de nos deux pays au sein de l&rsquo;Union africaine pour r\u00e9aliser les objectifs de paix, de stabilit\u00e9 et de d\u00e9veloppement de notre Continent\u00a0\u00bb, a ajout\u00e9 le pr\u00e9sident de la R\u00e9publique.<\/p>\n<\/div>\n<p>&#013;<br \/>\nSource: <a href=\"http:\/\/www.aps.dz\/algerie\/63592-le-president-bouteflika-felicite-le-roi-du-lesotho-a-l-occasion-de-la-fete-nationale-de-son-pays\" target=\"_blank\">Le pr\u00e9sident Bouteflika f\u00e9licite le roi du Lesotho \u00e0 l&rsquo;occasion de la f\u00eate nationale de son pays<\/a><\/p>\n<!--CusAds0-->\n<div style=\"font-size: 0px; height: 0px; line-height: 0px; margin: 0; padding: 0; clear: both;\"><\/div>","protected":false},"excerpt":{"rendered":"<p>ALGER &#8211; Le pr\u00e9sident de la R\u00e9publique, Abdelaziz Bouteflika, a adress\u00e9 un message de f\u00e9licitations au roi du Lesotho, Letsie III, \u00e0 l&rsquo;occasion de la f\u00eate nationale de son pays dans lequel il lui a renouvel\u00e9 son attachement au renforcement et \u00e0 l&rsquo;\u00e9largissement de la coop\u00e9ration bilat\u00e9rale liant les deux pays. &#013; &#013; \u00ab\u00a0Il m&rsquo;est<\/p>\n","protected":false},"author":6,"featured_media":0,"comment_status":"open","ping_status":"open","sticky":false,"template":"","format":"standard","meta":{"footnotes":""},"categories":[22],"tags":[93],"class_list":["post-16582","post","type-post","status-publish","format-standard","hentry","category-infos","tag-onu"],"yoast_head":"<!-- This site is optimized with the Yoast SEO plugin v27.5 - https:\/\/yoast.com\/product\/yoast-seo-wordpress\/ -->\n<title>Le pr\u00e9sident Bouteflika f\u00e9licite le roi du Lesotho \u00e0 l&#039;occasion de la f\u00eate nationale de son pays - info algerie<\/title>\n<meta name=\"robots\" content=\"index, follow, max-snippet:-1, max-image-preview:large, max-video-preview:-1\" \/>\n<link rel=\"canonical\" href=\"https:\/\/www.info-algerie.com\/actualites\/le-president-bouteflika-felicite-le-roi-du-lesotho-a-loccasion-de-la-fete-nationale-de-son-pays\/\" \/>\n<meta property=\"og:locale\" content=\"fr_FR\" \/>\n<meta property=\"og:type\" content=\"article\" \/>\n<meta property=\"og:title\" content=\"Le pr\u00e9sident Bouteflika f\u00e9licite le roi du Lesotho \u00e0 l&#039;occasion de la f\u00eate nationale de son pays - info algerie\" \/>\n<meta property=\"og:description\" content=\"ALGER &#8211; Le pr\u00e9sident de la R\u00e9publique, Abdelaziz Bouteflika, a adress\u00e9 un message de f\u00e9licitations au roi du Lesotho, Letsie III, \u00e0 l&rsquo;occasion de la f\u00eate nationale de son pays dans lequel il lui a renouvel\u00e9 son attachement au renforcement et \u00e0 l&rsquo;\u00e9largissement de la coop\u00e9ration bilat\u00e9rale liant les deux pays. &#013; &#013; \u00ab\u00a0Il m&rsquo;est\" \/>\n<meta property=\"og:url\" content=\"https:\/\/www.info-algerie.com\/actualites\/le-president-bouteflika-felicite-le-roi-du-lesotho-a-loccasion-de-la-fete-nationale-de-son-pays\/\" \/>\n<meta property=\"og:site_name\" content=\"info algerie\" \/>\n<meta property=\"article:publisher\" content=\"https:\/\/www.facebook.com\/infoalgerieactu\" \/>\n<meta property=\"article:published_time\" content=\"2017-10-05T09:56:58+00:00\" \/>\n<meta name=\"author\" content=\"La r\u00e9daction\" \/>\n<meta name=\"twitter:label1\" content=\"\u00c9crit par\" \/>\n\t<meta name=\"twitter:data1\" content=\"La r\u00e9daction\" \/>\n\t<meta name=\"twitter:label2\" content=\"Dur\u00e9e de lecture estim\u00e9e\" \/>\n\t<meta name=\"twitter:data2\" content=\"1 minute\" \/>\n<script type=\"application\/ld+json\" class=\"yoast-schema-graph\">{\"@context\":\"https:\\\/\\\/schema.org\",\"@graph\":[{\"@type\":\"Article\",\"@id\":\"https:\\\/\\\/www.info-algerie.com\\\/actualites\\\/le-president-bouteflika-felicite-le-roi-du-lesotho-a-loccasion-de-la-fete-nationale-de-son-pays\\\/#article\",\"isPartOf\":{\"@id\":\"https:\\\/\\\/www.info-algerie.com\\\/actualites\\\/le-president-bouteflika-felicite-le-roi-du-lesotho-a-loccasion-de-la-fete-nationale-de-son-pays\\\/\"},\"author\":{\"name\":\"La r\u00e9daction\",\"@id\":\"https:\\\/\\\/www.info-algerie.com\\\/actualites\\\/#\\\/schema\\\/person\\\/847aaec44920825b843a08f30ec6aa1e\"},\"headline\":\"Le pr\u00e9sident Bouteflika f\u00e9licite le roi du Lesotho \u00e0 l&#039;occasion de la f\u00eate nationale de son pays\",\"datePublished\":\"2017-10-05T09:56:58+00:00\",\"mainEntityOfPage\":{\"@id\":\"https:\\\/\\\/www.info-algerie.com\\\/actualites\\\/le-president-bouteflika-felicite-le-roi-du-lesotho-a-loccasion-de-la-fete-nationale-de-son-pays\\\/\"},\"wordCount\":321,\"commentCount\":0,\"publisher\":{\"@id\":\"https:\\\/\\\/www.info-algerie.com\\\/actualites\\\/#organization\"},\"keywords\":[\"ONU\"],\"articleSection\":[\"infos\"],\"inLanguage\":\"fr-FR\",\"potentialAction\":[{\"@type\":\"CommentAction\",\"name\":\"Comment\",\"target\":[\"https:\\\/\\\/www.info-algerie.com\\\/actualites\\\/le-president-bouteflika-felicite-le-roi-du-lesotho-a-loccasion-de-la-fete-nationale-de-son-pays\\\/#respond\"]}]},{\"@type\":\"WebPage\",\"@id\":\"https:\\\/\\\/www.info-algerie.com\\\/actualites\\\/le-president-bouteflika-felicite-le-roi-du-lesotho-a-loccasion-de-la-fete-nationale-de-son-pays\\\/\",\"url\":\"https:\\\/\\\/www.info-algerie.com\\\/actualites\\\/le-president-bouteflika-felicite-le-roi-du-lesotho-a-loccasion-de-la-fete-nationale-de-son-pays\\\/\",\"name\":\"Le pr\u00e9sident Bouteflika f\u00e9licite le roi du Lesotho \u00e0 l&#039;occasion de la f\u00eate nationale de son pays - info algerie\",\"isPartOf\":{\"@id\":\"https:\\\/\\\/www.info-algerie.com\\\/actualites\\\/#website\"},\"datePublished\":\"2017-10-05T09:56:58+00:00\",\"breadcrumb\":{\"@id\":\"https:\\\/\\\/www.info-algerie.com\\\/actualites\\\/le-president-bouteflika-felicite-le-roi-du-lesotho-a-loccasion-de-la-fete-nationale-de-son-pays\\\/#breadcrumb\"},\"inLanguage\":\"fr-FR\",\"potentialAction\":[{\"@type\":\"ReadAction\",\"target\":[\"https:\\\/\\\/www.info-algerie.com\\\/actualites\\\/le-president-bouteflika-felicite-le-roi-du-lesotho-a-loccasion-de-la-fete-nationale-de-son-pays\\\/\"]}]},{\"@type\":\"BreadcrumbList\",\"@id\":\"https:\\\/\\\/www.info-algerie.com\\\/actualites\\\/le-president-bouteflika-felicite-le-roi-du-lesotho-a-loccasion-de-la-fete-nationale-de-son-pays\\\/#breadcrumb\",\"itemListElement\":[{\"@type\":\"ListItem\",\"position\":1,\"name\":\"Accueil\",\"item\":\"https:\\\/\\\/www.info-algerie.com\\\/actualites\\\/\"},{\"@type\":\"ListItem\",\"position\":2,\"name\":\"Le pr\u00e9sident Bouteflika f\u00e9licite le roi du Lesotho \u00e0 l&#039;occasion de la f\u00eate nationale de son pays\"}]},{\"@type\":\"WebSite\",\"@id\":\"https:\\\/\\\/www.info-algerie.com\\\/actualites\\\/#website\",\"url\":\"https:\\\/\\\/www.info-algerie.com\\\/actualites\\\/\",\"name\":\"info algerie\",\"description\":\"Toutes les actualit\u00e9s\",\"publisher\":{\"@id\":\"https:\\\/\\\/www.info-algerie.com\\\/actualites\\\/#organization\"},\"potentialAction\":[{\"@type\":\"SearchAction\",\"target\":{\"@type\":\"EntryPoint\",\"urlTemplate\":\"https:\\\/\\\/www.info-algerie.com\\\/actualites\\\/?s={search_term_string}\"},\"query-input\":{\"@type\":\"PropertyValueSpecification\",\"valueRequired\":true,\"valueName\":\"search_term_string\"}}],\"inLanguage\":\"fr-FR\"},{\"@type\":\"Organization\",\"@id\":\"https:\\\/\\\/www.info-algerie.com\\\/actualites\\\/#organization\",\"name\":\"info algerie\",\"url\":\"https:\\\/\\\/www.info-algerie.com\\\/actualites\\\/\",\"logo\":{\"@type\":\"ImageObject\",\"inLanguage\":\"fr-FR\",\"@id\":\"https:\\\/\\\/www.info-algerie.com\\\/actualites\\\/#\\\/schema\\\/logo\\\/image\\\/\",\"url\":\"https:\\\/\\\/www.info-algerie.com\\\/actualites\\\/wp-content\\\/uploads\\\/2022\\\/07\\\/logo-ia-120.png\",\"contentUrl\":\"https:\\\/\\\/www.info-algerie.com\\\/actualites\\\/wp-content\\\/uploads\\\/2022\\\/07\\\/logo-ia-120.png\",\"width\":120,\"height\":43,\"caption\":\"info algerie\"},\"image\":{\"@id\":\"https:\\\/\\\/www.info-algerie.com\\\/actualites\\\/#\\\/schema\\\/logo\\\/image\\\/\"},\"sameAs\":[\"https:\\\/\\\/www.facebook.com\\\/infoalgerieactu\",\"https:\\\/\\\/x.com\\\/infoalgerie1\"]},{\"@type\":\"Person\",\"@id\":\"https:\\\/\\\/www.info-algerie.com\\\/actualites\\\/#\\\/schema\\\/person\\\/847aaec44920825b843a08f30ec6aa1e\",\"name\":\"La r\u00e9daction\",\"image\":{\"@type\":\"ImageObject\",\"inLanguage\":\"fr-FR\",\"@id\":\"https:\\\/\\\/secure.gravatar.com\\\/avatar\\\/769db425c6f465158149f1ffd6cf61ce7a8a879d11dfbef8288af36dfddd418c?s=96&d=mm&r=g\",\"url\":\"https:\\\/\\\/secure.gravatar.com\\\/avatar\\\/769db425c6f465158149f1ffd6cf61ce7a8a879d11dfbef8288af36dfddd418c?s=96&d=mm&r=g\",\"contentUrl\":\"https:\\\/\\\/secure.gravatar.com\\\/avatar\\\/769db425c6f465158149f1ffd6cf61ce7a8a879d11dfbef8288af36dfddd418c?s=96&d=mm&r=g\",\"caption\":\"La r\u00e9daction\"},\"sameAs\":[\"http:\\\/\\\/www.lkeria.com\\\/\"],\"url\":\"https:\\\/\\\/www.info-algerie.com\\\/actualites\\\/author\\\/chakib32\\\/\"}]}<\/script>\n<!-- \/ Yoast SEO plugin. -->","yoast_head_json":{"title":"Le pr\u00e9sident Bouteflika f\u00e9licite le roi du Lesotho \u00e0 l&#039;occasion de la f\u00eate nationale de son pays - info algerie","robots":{"index":"index","follow":"follow","max-snippet":"max-snippet:-1","max-image-preview":"max-image-preview:large","max-video-preview":"max-video-preview:-1"},"canonical":"https:\/\/www.info-algerie.com\/actualites\/le-president-bouteflika-felicite-le-roi-du-lesotho-a-loccasion-de-la-fete-nationale-de-son-pays\/","og_locale":"fr_FR","og_type":"article","og_title":"Le pr\u00e9sident Bouteflika f\u00e9licite le roi du Lesotho \u00e0 l&#039;occasion de la f\u00eate nationale de son pays - info algerie","og_description":"ALGER &#8211; Le pr\u00e9sident de la R\u00e9publique, Abdelaziz Bouteflika, a adress\u00e9 un message de f\u00e9licitations au roi du Lesotho, Letsie III, \u00e0 l&rsquo;occasion de la f\u00eate nationale de son pays dans lequel il lui a renouvel\u00e9 son attachement au renforcement et \u00e0 l&rsquo;\u00e9largissement de la coop\u00e9ration bilat\u00e9rale liant les deux pays. &#013; &#013; \u00ab\u00a0Il m&rsquo;est","og_url":"https:\/\/www.info-algerie.com\/actualites\/le-president-bouteflika-felicite-le-roi-du-lesotho-a-loccasion-de-la-fete-nationale-de-son-pays\/","og_site_name":"info algerie","article_publisher":"https:\/\/www.facebook.com\/infoalgerieactu","article_published_time":"2017-10-05T09:56:58+00:00","author":"La r\u00e9daction","twitter_misc":{"\u00c9crit par":"La r\u00e9daction","Dur\u00e9e de lecture estim\u00e9e":"1 minute"},"schema":{"@context":"https:\/\/schema.org","@graph":[{"@type":"Article","@id":"https:\/\/www.info-algerie.com\/actualites\/le-president-bouteflika-felicite-le-roi-du-lesotho-a-loccasion-de-la-fete-nationale-de-son-pays\/#article","isPartOf":{"@id":"https:\/\/www.info-algerie.com\/actualites\/le-president-bouteflika-felicite-le-roi-du-lesotho-a-loccasion-de-la-fete-nationale-de-son-pays\/"},"author":{"name":"La r\u00e9daction","@id":"https:\/\/www.info-algerie.com\/actualites\/#\/schema\/person\/847aaec44920825b843a08f30ec6aa1e"},"headline":"Le pr\u00e9sident Bouteflika f\u00e9licite le roi du Lesotho \u00e0 l&#039;occasion de la f\u00eate nationale de son pays","datePublished":"2017-10-05T09:56:58+00:00","mainEntityOfPage":{"@id":"https:\/\/www.info-algerie.com\/actualites\/le-president-bouteflika-felicite-le-roi-du-lesotho-a-loccasion-de-la-fete-nationale-de-son-pays\/"},"wordCount":321,"commentCount":0,"publisher":{"@id":"https:\/\/www.info-algerie.com\/actualites\/#organization"},"keywords":["ONU"],"articleSection":["infos"],"inLanguage":"fr-FR","potentialAction":[{"@type":"CommentAction","name":"Comment","target":["https:\/\/www.info-algerie.com\/actualites\/le-president-bouteflika-felicite-le-roi-du-lesotho-a-loccasion-de-la-fete-nationale-de-son-pays\/#respond"]}]},{"@type":"WebPage","@id":"https:\/\/www.info-algerie.com\/actualites\/le-president-bouteflika-felicite-le-roi-du-lesotho-a-loccasion-de-la-fete-nationale-de-son-pays\/","url":"https:\/\/www.info-algerie.com\/actualites\/le-president-bouteflika-felicite-le-roi-du-lesotho-a-loccasion-de-la-fete-nationale-de-son-pays\/","name":"Le pr\u00e9sident Bouteflika f\u00e9licite le roi du Lesotho \u00e0 l&#039;occasion de la f\u00eate nationale de son pays - info algerie","isPartOf":{"@id":"https:\/\/www.info-algerie.com\/actualites\/#website"},"datePublished":"2017-10-05T09:56:58+00:00","breadcrumb":{"@id":"https:\/\/www.info-algerie.com\/actualites\/le-president-bouteflika-felicite-le-roi-du-lesotho-a-loccasion-de-la-fete-nationale-de-son-pays\/#breadcrumb"},"inLanguage":"fr-FR","potentialAction":[{"@type":"ReadAction","target":["https:\/\/www.info-algerie.com\/actualites\/le-president-bouteflika-felicite-le-roi-du-lesotho-a-loccasion-de-la-fete-nationale-de-son-pays\/"]}]},{"@type":"BreadcrumbList","@id":"https:\/\/www.info-algerie.com\/actualites\/le-president-bouteflika-felicite-le-roi-du-lesotho-a-loccasion-de-la-fete-nationale-de-son-pays\/#breadcrumb","itemListElement":[{"@type":"ListItem","position":1,"name":"Accueil","item":"https:\/\/www.info-algerie.com\/actualites\/"},{"@type":"ListItem","position":2,"name":"Le pr\u00e9sident Bouteflika f\u00e9licite le roi du Lesotho \u00e0 l&#039;occasion de la f\u00eate nationale de son pays"}]},{"@type":"WebSite","@id":"https:\/\/www.info-algerie.com\/actualites\/#website","url":"https:\/\/www.info-algerie.com\/actualites\/","name":"info algerie","description":"Toutes les actualit\u00e9s","publisher":{"@id":"https:\/\/www.info-algerie.com\/actualites\/#organization"},"potentialAction":[{"@type":"SearchAction","target":{"@type":"EntryPoint","urlTemplate":"https:\/\/www.info-algerie.com\/actualites\/?s={search_term_string}"},"query-input":{"@type":"PropertyValueSpecification","valueRequired":true,"valueName":"search_term_string"}}],"inLanguage":"fr-FR"},{"@type":"Organization","@id":"https:\/\/www.info-algerie.com\/actualites\/#organization","name":"info algerie","url":"https:\/\/www.info-algerie.com\/actualites\/","logo":{"@type":"ImageObject","inLanguage":"fr-FR","@id":"https:\/\/www.info-algerie.com\/actualites\/#\/schema\/logo\/image\/","url":"https:\/\/www.info-algerie.com\/actualites\/wp-content\/uploads\/2022\/07\/logo-ia-120.png","contentUrl":"https:\/\/www.info-algerie.com\/actualites\/wp-content\/uploads\/2022\/07\/logo-ia-120.png","width":120,"height":43,"caption":"info algerie"},"image":{"@id":"https:\/\/www.info-algerie.com\/actualites\/#\/schema\/logo\/image\/"},"sameAs":["https:\/\/www.facebook.com\/infoalgerieactu","https:\/\/x.com\/infoalgerie1"]},{"@type":"Person","@id":"https:\/\/www.info-algerie.com\/actualites\/#\/schema\/person\/847aaec44920825b843a08f30ec6aa1e","name":"La r\u00e9daction","image":{"@type":"ImageObject","inLanguage":"fr-FR","@id":"https:\/\/secure.gravatar.com\/avatar\/769db425c6f465158149f1ffd6cf61ce7a8a879d11dfbef8288af36dfddd418c?s=96&d=mm&r=g","url":"https:\/\/secure.gravatar.com\/avatar\/769db425c6f465158149f1ffd6cf61ce7a8a879d11dfbef8288af36dfddd418c?s=96&d=mm&r=g","contentUrl":"https:\/\/secure.gravatar.com\/avatar\/769db425c6f465158149f1ffd6cf61ce7a8a879d11dfbef8288af36dfddd418c?s=96&d=mm&r=g","caption":"La r\u00e9daction"},"sameAs":["http:\/\/www.lkeria.com\/"],"url":"https:\/\/www.info-algerie.com\/actualites\/author\/chakib32\/"}]}},"_links":{"self":[{"href":"https:\/\/www.info-algerie.com\/actualites\/wp-json\/wp\/v2\/posts\/16582","targetHints":{"allow":["GET"]}}],"collection":[{"href":"https:\/\/www.info-algerie.com\/actualites\/wp-json\/wp\/v2\/posts"}],"about":[{"href":"https:\/\/www.info-algerie.com\/actualites\/wp-json\/wp\/v2\/types\/post"}],"author":[{"embeddable":true,"href":"https:\/\/www.info-algerie.com\/actualites\/wp-json\/wp\/v2\/users\/6"}],"replies":[{"embeddable":true,"href":"https:\/\/www.info-algerie.com\/actualites\/wp-json\/wp\/v2\/comments?post=16582"}],"version-history":[{"count":0,"href":"https:\/\/www.info-algerie.com\/actualites\/wp-json\/wp\/v2\/posts\/16582\/revisions"}],"wp:attachment":[{"href":"https:\/\/www.info-algerie.com\/actualites\/wp-json\/wp\/v2\/media?parent=16582"}],"wp:term":[{"taxonomy":"category","embeddable":true,"href":"https:\/\/www.info-algerie.com\/actualites\/wp-json\/wp\/v2\/categories?post=16582"},{"taxonomy":"post_tag","embeddable":true,"href":"https:\/\/www.info-algerie.com\/actualites\/wp-json\/wp\/v2\/tags?post=16582"}],"curies":[{"name":"wp","href":"https:\/\/api.w.org\/{rel}","templated":true}]}}