{"id":16597,"date":"2017-10-05T17:50:57","date_gmt":"2017-10-05T16:50:57","guid":{"rendered":"http:\/\/www.info-algerie.com\/actualites\/en-france-il-ny-a-pas-eu-simplement-de-la-censure-sur-la-guerre-dalgerie-mais-de-lautocensure\/"},"modified":"2017-10-05T17:50:57","modified_gmt":"2017-10-05T16:50:57","slug":"en-france-il-ny-a-pas-eu-simplement-de-la-censure-sur-la-guerre-dalgerie-mais-de-lautocensure","status":"publish","type":"post","link":"https:\/\/www.info-algerie.com\/actualites\/en-france-il-ny-a-pas-eu-simplement-de-la-censure-sur-la-guerre-dalgerie-mais-de-lautocensure\/","title":{"rendered":"En France, il n&#039;y a pas eu simplement de la censure sur la guerre d&#039;Alg\u00e9rie mais de l&#039;autocensure"},"content":{"rendered":"<div class=\"K2FeedImage\"><img decoding=\"async\" src=\"https:\/\/www.info-algerie.com\/actualites\/wp-content\/uploads\/2017\/10\/9b50c3ab09a0fe6bc1845948ec7a9cfd_S.jpg\" alt=\"En France, il n'y a pas eu simplement de la censure sur la guerre d'Alg&#xE9;rie mais de l'autocensure\" \/><\/div>\n<div class=\"K2FeedIntroText\">\n<p>PARIS- \u00ab\u00a0Il n\u2019y a pas eu simplement de la censure en\u00a0 France sur la guerre d\u2019Alg\u00e9rie mais de l\u2019autocensure\u00a0\u00bb, a fait constater jeudi \u00e0 Paris l\u2019historien Benjamin Stora, indiquant que tous les films qui\u00a0 traitent ce sujet ont \u00e9t\u00e9 censur\u00e9s, notamment apr\u00e8s l\u2019ind\u00e9pendance de l\u2019Alg\u00e9rie.<\/p>\n<p>&#013;\n<\/p><\/div>\n<div class=\"K2FeedFullText\">&#013;<\/p>\n<p>\u00ab\u00a0Il n\u2019y a pas eu simplement de la censure sur la guerre d\u2019Alg\u00e9rie mais de\u00a0 l\u2019autocensure. Il y a eu des films pendant la guerre et plusieurs d\u2019autres\u00a0 qui ont \u00e9t\u00e9 censur\u00e9s\u00a0\u00bb , a-t-il dit dans son intervention au colloque \u00ab\u00a0La\u00a0guerre d\u2019Alg\u00e9rie au cin\u00e9ma\u00a0\u00bb, organis\u00e9 par l\u2019Espace parisien Histoire\u00a0M\u00e9moire Guerre d\u2019Alg\u00e9rie (EPHMGA), une association qui veut transmettre aux\u00a0 jeunes g\u00e9n\u00e9rations l\u2019\u00a0\u00bbhistoire commune entre la France et l\u2019Alg\u00e9rie dans la\u00a0 plus stricte objectivit\u00e9\u00a0\u00bb.<\/p>\n<p>&#013;<\/p>\n<p>Dans son \u00e9tat des lieux de la production cin\u00e9matographique sur la Guerre\u00a0 de lib\u00e9ration, Benjamin Stora a indiqu\u00e9 \u00ab\u00a0qu\u2019on refusait aux Fran\u00e7ais, apr\u00e8s\u00a0 l\u2019ind\u00e9pendance de l\u2019Alg\u00e9rie, le retour sur une guerre qui n\u2019\u00e9tait pas\u00a0 classique, une guerre civile franco-fran\u00e7aise dans une guerre (alg\u00e9rienne)\u00a0contre le colonialisme\u00a0\u00bb.<\/p>\n<p>&#013;<\/p>\n<p>\u00ab\u00a0Il y avait une raret\u00e9 de spectateurs fran\u00e7ais qui n\u2019ont pas voulu aller voir des films sur la guerre d\u2019Alg\u00e9rie\u00a0\u00bb, a-t-il\u00a0 fait observer.<\/p>\n<p>&#013;<\/p>\n<blockquote><p>&#013;<\/p>\n<p><em><strong>Autour de cette guerre, a-t-il ajout\u00e9, il n\u2019y avait pas de \u00ab\u00a0cin\u00e9ma\u00a0consensuel\u00a0\u00bb qui pouvait rassembler le public fran\u00e7ais, malgr\u00e9 la production, apr\u00e8s 1962, de beaucoup de grands films. \u00ab\u00a0Il y avait un silence\u00a0 int\u00e9gral\u00a0\u00bb, a-t-il soutenu, soulignant que m\u00eame la t\u00e9l\u00e9vision (une cha\u00eene\u00a0 publique unique) \u00e9tait \u00ab\u00a0tr\u00e8s contr\u00f4l\u00e9e\u00a0\u00bb.<\/strong> <\/em><\/p>\n<p>&#013;\n<\/p><\/blockquote>\n<p>&#013;<\/p>\n<p>Il a not\u00e9, \u00e0 cet effet, que m\u00eame le film de Gillon Pontecorvo \u00ab\u00a0La Bataille\u00a0 d\u2019Alger\u00a0\u00bb (1966), une fiction qu\u2019il a estim\u00e9e \u00e9quilibr\u00e9e, n\u2019a \u00e9t\u00e9 projet\u00e9\u00a0 publiquement en France qu\u2019en 2004, apr\u00e8s avoir \u00e9t\u00e9 interdit et retir\u00e9 des\u00a0 \u00e9crans, relevant que durant les ann\u00e9es 1990 une volont\u00e9 est n\u00e9e pour un\u00a0travail de croisement et de pluralit\u00e9 tant chez les Fran\u00e7ais que chez les \u00a0Alg\u00e9riens.<\/p>\n<p>&#013;<\/p>\n<p>On a racont\u00e9 la guerre et non pas le d\u00e9but de la colonisation \u00a0L\u2019historien a attir\u00e9 l\u2019attention des participants au colloque, dont la\u00a0 majorit\u00e9 \u00e9tait constitu\u00e9e d\u2019universitaires, chercheurs, enseignants,\u00a0historiens, anciens appel\u00e9s de contingent en pr\u00e9sence de lyc\u00e9ens de la\u00a0 terminale, que les r\u00e9alisateurs ont racont\u00e9, chacun \u00e0 sa mani\u00e8re, la guerre\u00a0 d\u2019Alg\u00e9rie, qui \u00e9tait la fin de la colonisation fran\u00e7aise, mais pas le d\u00e9but\u00a0 de cette colonisation pendant laquelle beaucoup de massacres ont \u00e9t\u00e9\u00a0commis.<\/p>\n<p>&#013;<\/p>\n<p>Pour sa part, l\u2019Alg\u00e9rienne Djemaa Maazouzi, docteure en litt\u00e9rature de\u00a0 langue fran\u00e7aise et enseignante et chercheuse au Canada, s\u2019est pench\u00e9e,\u00a0 dans sa communication, sur la fabrication de la m\u00e9moire et de l\u2019histoire et\u00a0 sur le tissage des liens de solidarit\u00e9 entre porteurs de m\u00e9moire de\u00a0traumatisme.<\/p>\n<p>&#013;<\/p>\n<p>Dans son analyse sur le partage des m\u00e9moires de la Guerre de lib\u00e9ration,\u00a0 la chercheuse alg\u00e9rienne a affirm\u00e9 qu\u2019il y a, de part et d\u2019autre, un besoin\u00a0 d\u2019histoire individuelle ou groupale qui se d\u00e9gage \u00e0 travers les films\u00a0 r\u00e9alis\u00e9s sur ce sujet.<\/p>\n<p>&#013;<\/p>\n<p>D\u2019apr\u00e8s elle, tous les films produits sur la guerre d\u2019Alg\u00e9rie tournaient\u00a0 autour de quatre th\u00e8mes principaux : le proc\u00e8s (critique de la m\u00e9moire), la\u00a0 rencontre (retrouvailles), le retour (tourisme m\u00e9moriel) et la solidarit\u00e9\u00a0 (lien avec l\u2019autre). Elle a indiqu\u00e9 qu\u2019\u00e0 travers les sc\u00e9nographies\u00a0m\u00e9morielles, il y a\u00a0 une prise de conscience sur des faces cach\u00e9es de la\u00a0 guerre.<\/p>\n<p>&#013;<\/p>\n<p>\u00a0\u00a0<\/p>\n<p>&#013;<\/p>\n<p style=\"text-align: left\"><strong>Les m\u00e9moires doivent s\u2019exprimer dans la soci\u00e9t\u00e9 <\/strong><\/p>\n<p>&#013;<\/p>\n<p>L\u2019historienne fran\u00e7aise, Rapha\u00eblle Branche, sp\u00e9cialiste des violences en\u00a0 situation coloniale, a fait constater que tr\u00e8s peu de r\u00e9alisateurs, en\u00a0 France, veulent tourner de films sur la guerre d\u2019Alg\u00e9rie, laissant indiquer\u00a0 ainsi le blocage au sein de la soci\u00e9t\u00e9 fran\u00e7aise quand il s\u2019agit de parler\u00a0<\/p>\n<p>&#013;<\/p>\n<p>de cette guerre. Elle cite dans ce contexte, s\u00e9quences \u00e0 l\u2019appui, le film\u00a0\u00a0 Muriel ou le temps du retour (Alain Resnais, 1963) qui \u00e9voque la guerre\u00a0 d\u2019Alg\u00e9rie sans la nommer une seule fois, juste pour mettre en relief que\u00a0 les cin\u00e9astes fran\u00e7ais ont du mal \u00e0 raconter dans un film une exp\u00e9rience\u00a0traumatisante.<\/p>\n<p>&#013;<\/p>\n<p>A l\u2019ouverture du colloque d\u2019une journ\u00e9e, l\u2019adjoint-maire de Paris charg\u00e9e\u00a0 de la M\u00e9moire et du Monde combattant, Catherine Vieu-Charier, a souhait\u00e9\u00a0 que la jeunesse fran\u00e7aise soit \u00ab\u00a0consciente\u00a0\u00bb de la \u00ab\u00a0terrible\u00a0\u00bb m\u00e9moire caus\u00e9e\u00a0 par une sale guerre.<\/p>\n<p>&#013;<\/p>\n<p>\u00ab\u00a0Il faut que les m\u00e9moires s\u2019expriment dans la soci\u00e9t\u00e9. Il faut se donner\u00a0 les moyens d\u2019assumer le pass\u00e9. Il s\u2019agit de dire ce qui nous a s\u00e9par\u00e9s pour\u00a0 renforcer ce qui nous unit\u00a0\u00bb, a-t-elle dit.<\/p>\n<\/div>\n<p>&#013;<br \/>\nSource: <a href=\"http:\/\/www.aps.dz\/algerie\/63608-en-france-il-n-y-a-pas-eu-simplement-de-la-censure-sur-la-guerre-d-algerie-mais-de-l-autocensure\" target=\"_blank\">En France, il n&rsquo;y a pas eu simplement de la censure sur la guerre d&rsquo;Alg\u00e9rie mais de l&rsquo;autocensure<\/a><\/p>\n<!--CusAds0-->\n<div style=\"font-size: 0px; height: 0px; line-height: 0px; margin: 0; padding: 0; clear: both;\"><\/div>","protected":false},"excerpt":{"rendered":"<p>PARIS- \u00ab\u00a0Il n\u2019y a pas eu simplement de la censure en\u00a0 France sur la guerre d\u2019Alg\u00e9rie mais de l\u2019autocensure\u00a0\u00bb, a fait constater jeudi \u00e0 Paris l\u2019historien Benjamin Stora, indiquant que tous les films qui\u00a0 traitent ce sujet ont \u00e9t\u00e9 censur\u00e9s, notamment apr\u00e8s l\u2019ind\u00e9pendance de l\u2019Alg\u00e9rie. &#013; &#013; \u00ab\u00a0Il n\u2019y a pas eu simplement de la<\/p>\n","protected":false},"author":6,"featured_media":16598,"comment_status":"open","ping_status":"open","sticky":false,"template":"","format":"standard","meta":{"footnotes":""},"categories":[22],"tags":[93],"class_list":["post-16597","post","type-post","status-publish","format-standard","has-post-thumbnail","hentry","category-infos","tag-onu"],"yoast_head":"<!-- This site is optimized with the Yoast SEO plugin v27.5 - https:\/\/yoast.com\/product\/yoast-seo-wordpress\/ -->\n<title>En France, il n&#039;y a pas eu simplement de la censure sur la guerre d&#039;Alg\u00e9rie mais de l&#039;autocensure - info algerie<\/title>\n<meta name=\"robots\" content=\"index, follow, max-snippet:-1, max-image-preview:large, max-video-preview:-1\" \/>\n<link rel=\"canonical\" href=\"https:\/\/www.info-algerie.com\/actualites\/en-france-il-ny-a-pas-eu-simplement-de-la-censure-sur-la-guerre-dalgerie-mais-de-lautocensure\/\" \/>\n<meta property=\"og:locale\" content=\"fr_FR\" \/>\n<meta property=\"og:type\" content=\"article\" \/>\n<meta property=\"og:title\" content=\"En France, il n&#039;y a pas eu simplement de la censure sur la guerre d&#039;Alg\u00e9rie mais de l&#039;autocensure - info algerie\" \/>\n<meta property=\"og:description\" content=\"PARIS- \u00ab\u00a0Il n\u2019y a pas eu simplement de la censure en\u00a0 France sur la guerre d\u2019Alg\u00e9rie mais de l\u2019autocensure\u00a0\u00bb, a fait constater jeudi \u00e0 Paris l\u2019historien Benjamin Stora, indiquant que tous les films qui\u00a0 traitent ce sujet ont \u00e9t\u00e9 censur\u00e9s, notamment apr\u00e8s l\u2019ind\u00e9pendance de l\u2019Alg\u00e9rie. &#013; &#013; \u00ab\u00a0Il n\u2019y a pas eu simplement de la\" \/>\n<meta property=\"og:url\" content=\"https:\/\/www.info-algerie.com\/actualites\/en-france-il-ny-a-pas-eu-simplement-de-la-censure-sur-la-guerre-dalgerie-mais-de-lautocensure\/\" \/>\n<meta property=\"og:site_name\" content=\"info algerie\" \/>\n<meta property=\"article:publisher\" content=\"https:\/\/www.facebook.com\/infoalgerieactu\" \/>\n<meta property=\"article:published_time\" content=\"2017-10-05T16:50:57+00:00\" \/>\n<meta property=\"og:image\" content=\"https:\/\/www.info-algerie.com\/actualites\/wp-content\/uploads\/2017\/10\/9b50c3ab09a0fe6bc1845948ec7a9cfd_S-1.jpg\" \/>\n\t<meta property=\"og:image:width\" content=\"280\" \/>\n\t<meta property=\"og:image:height\" content=\"169\" \/>\n\t<meta property=\"og:image:type\" content=\"image\/jpeg\" \/>\n<meta name=\"author\" content=\"La r\u00e9daction\" \/>\n<meta name=\"twitter:label1\" content=\"\u00c9crit par\" \/>\n\t<meta name=\"twitter:data1\" content=\"La r\u00e9daction\" \/>\n\t<meta name=\"twitter:label2\" content=\"Dur\u00e9e de lecture estim\u00e9e\" \/>\n\t<meta name=\"twitter:data2\" content=\"4 minutes\" \/>\n<script type=\"application\/ld+json\" class=\"yoast-schema-graph\">{\"@context\":\"https:\\\/\\\/schema.org\",\"@graph\":[{\"@type\":\"Article\",\"@id\":\"https:\\\/\\\/www.info-algerie.com\\\/actualites\\\/en-france-il-ny-a-pas-eu-simplement-de-la-censure-sur-la-guerre-dalgerie-mais-de-lautocensure\\\/#article\",\"isPartOf\":{\"@id\":\"https:\\\/\\\/www.info-algerie.com\\\/actualites\\\/en-france-il-ny-a-pas-eu-simplement-de-la-censure-sur-la-guerre-dalgerie-mais-de-lautocensure\\\/\"},\"author\":{\"name\":\"La r\u00e9daction\",\"@id\":\"https:\\\/\\\/www.info-algerie.com\\\/actualites\\\/#\\\/schema\\\/person\\\/847aaec44920825b843a08f30ec6aa1e\"},\"headline\":\"En France, il n&#039;y a pas eu simplement de la censure sur la guerre d&#039;Alg\u00e9rie mais de l&#039;autocensure\",\"datePublished\":\"2017-10-05T16:50:57+00:00\",\"mainEntityOfPage\":{\"@id\":\"https:\\\/\\\/www.info-algerie.com\\\/actualites\\\/en-france-il-ny-a-pas-eu-simplement-de-la-censure-sur-la-guerre-dalgerie-mais-de-lautocensure\\\/\"},\"wordCount\":881,\"commentCount\":0,\"publisher\":{\"@id\":\"https:\\\/\\\/www.info-algerie.com\\\/actualites\\\/#organization\"},\"image\":{\"@id\":\"https:\\\/\\\/www.info-algerie.com\\\/actualites\\\/en-france-il-ny-a-pas-eu-simplement-de-la-censure-sur-la-guerre-dalgerie-mais-de-lautocensure\\\/#primaryimage\"},\"thumbnailUrl\":\"https:\\\/\\\/www.info-algerie.com\\\/actualites\\\/wp-content\\\/uploads\\\/2017\\\/10\\\/9b50c3ab09a0fe6bc1845948ec7a9cfd_S-1.jpg\",\"keywords\":[\"ONU\"],\"articleSection\":[\"infos\"],\"inLanguage\":\"fr-FR\",\"potentialAction\":[{\"@type\":\"CommentAction\",\"name\":\"Comment\",\"target\":[\"https:\\\/\\\/www.info-algerie.com\\\/actualites\\\/en-france-il-ny-a-pas-eu-simplement-de-la-censure-sur-la-guerre-dalgerie-mais-de-lautocensure\\\/#respond\"]}]},{\"@type\":\"WebPage\",\"@id\":\"https:\\\/\\\/www.info-algerie.com\\\/actualites\\\/en-france-il-ny-a-pas-eu-simplement-de-la-censure-sur-la-guerre-dalgerie-mais-de-lautocensure\\\/\",\"url\":\"https:\\\/\\\/www.info-algerie.com\\\/actualites\\\/en-france-il-ny-a-pas-eu-simplement-de-la-censure-sur-la-guerre-dalgerie-mais-de-lautocensure\\\/\",\"name\":\"En France, il n&#039;y a pas eu simplement de la censure sur la guerre d&#039;Alg\u00e9rie mais de l&#039;autocensure - info algerie\",\"isPartOf\":{\"@id\":\"https:\\\/\\\/www.info-algerie.com\\\/actualites\\\/#website\"},\"primaryImageOfPage\":{\"@id\":\"https:\\\/\\\/www.info-algerie.com\\\/actualites\\\/en-france-il-ny-a-pas-eu-simplement-de-la-censure-sur-la-guerre-dalgerie-mais-de-lautocensure\\\/#primaryimage\"},\"image\":{\"@id\":\"https:\\\/\\\/www.info-algerie.com\\\/actualites\\\/en-france-il-ny-a-pas-eu-simplement-de-la-censure-sur-la-guerre-dalgerie-mais-de-lautocensure\\\/#primaryimage\"},\"thumbnailUrl\":\"https:\\\/\\\/www.info-algerie.com\\\/actualites\\\/wp-content\\\/uploads\\\/2017\\\/10\\\/9b50c3ab09a0fe6bc1845948ec7a9cfd_S-1.jpg\",\"datePublished\":\"2017-10-05T16:50:57+00:00\",\"breadcrumb\":{\"@id\":\"https:\\\/\\\/www.info-algerie.com\\\/actualites\\\/en-france-il-ny-a-pas-eu-simplement-de-la-censure-sur-la-guerre-dalgerie-mais-de-lautocensure\\\/#breadcrumb\"},\"inLanguage\":\"fr-FR\",\"potentialAction\":[{\"@type\":\"ReadAction\",\"target\":[\"https:\\\/\\\/www.info-algerie.com\\\/actualites\\\/en-france-il-ny-a-pas-eu-simplement-de-la-censure-sur-la-guerre-dalgerie-mais-de-lautocensure\\\/\"]}]},{\"@type\":\"ImageObject\",\"inLanguage\":\"fr-FR\",\"@id\":\"https:\\\/\\\/www.info-algerie.com\\\/actualites\\\/en-france-il-ny-a-pas-eu-simplement-de-la-censure-sur-la-guerre-dalgerie-mais-de-lautocensure\\\/#primaryimage\",\"url\":\"https:\\\/\\\/www.info-algerie.com\\\/actualites\\\/wp-content\\\/uploads\\\/2017\\\/10\\\/9b50c3ab09a0fe6bc1845948ec7a9cfd_S-1.jpg\",\"contentUrl\":\"https:\\\/\\\/www.info-algerie.com\\\/actualites\\\/wp-content\\\/uploads\\\/2017\\\/10\\\/9b50c3ab09a0fe6bc1845948ec7a9cfd_S-1.jpg\",\"width\":280,\"height\":169},{\"@type\":\"BreadcrumbList\",\"@id\":\"https:\\\/\\\/www.info-algerie.com\\\/actualites\\\/en-france-il-ny-a-pas-eu-simplement-de-la-censure-sur-la-guerre-dalgerie-mais-de-lautocensure\\\/#breadcrumb\",\"itemListElement\":[{\"@type\":\"ListItem\",\"position\":1,\"name\":\"Accueil\",\"item\":\"https:\\\/\\\/www.info-algerie.com\\\/actualites\\\/\"},{\"@type\":\"ListItem\",\"position\":2,\"name\":\"En France, il n&#039;y a pas eu simplement de la censure sur la guerre d&#039;Alg\u00e9rie mais de l&#039;autocensure\"}]},{\"@type\":\"WebSite\",\"@id\":\"https:\\\/\\\/www.info-algerie.com\\\/actualites\\\/#website\",\"url\":\"https:\\\/\\\/www.info-algerie.com\\\/actualites\\\/\",\"name\":\"info algerie\",\"description\":\"Toutes les actualit\u00e9s\",\"publisher\":{\"@id\":\"https:\\\/\\\/www.info-algerie.com\\\/actualites\\\/#organization\"},\"potentialAction\":[{\"@type\":\"SearchAction\",\"target\":{\"@type\":\"EntryPoint\",\"urlTemplate\":\"https:\\\/\\\/www.info-algerie.com\\\/actualites\\\/?s={search_term_string}\"},\"query-input\":{\"@type\":\"PropertyValueSpecification\",\"valueRequired\":true,\"valueName\":\"search_term_string\"}}],\"inLanguage\":\"fr-FR\"},{\"@type\":\"Organization\",\"@id\":\"https:\\\/\\\/www.info-algerie.com\\\/actualites\\\/#organization\",\"name\":\"info algerie\",\"url\":\"https:\\\/\\\/www.info-algerie.com\\\/actualites\\\/\",\"logo\":{\"@type\":\"ImageObject\",\"inLanguage\":\"fr-FR\",\"@id\":\"https:\\\/\\\/www.info-algerie.com\\\/actualites\\\/#\\\/schema\\\/logo\\\/image\\\/\",\"url\":\"https:\\\/\\\/www.info-algerie.com\\\/actualites\\\/wp-content\\\/uploads\\\/2022\\\/07\\\/logo-ia-120.png\",\"contentUrl\":\"https:\\\/\\\/www.info-algerie.com\\\/actualites\\\/wp-content\\\/uploads\\\/2022\\\/07\\\/logo-ia-120.png\",\"width\":120,\"height\":43,\"caption\":\"info algerie\"},\"image\":{\"@id\":\"https:\\\/\\\/www.info-algerie.com\\\/actualites\\\/#\\\/schema\\\/logo\\\/image\\\/\"},\"sameAs\":[\"https:\\\/\\\/www.facebook.com\\\/infoalgerieactu\",\"https:\\\/\\\/x.com\\\/infoalgerie1\"]},{\"@type\":\"Person\",\"@id\":\"https:\\\/\\\/www.info-algerie.com\\\/actualites\\\/#\\\/schema\\\/person\\\/847aaec44920825b843a08f30ec6aa1e\",\"name\":\"La r\u00e9daction\",\"image\":{\"@type\":\"ImageObject\",\"inLanguage\":\"fr-FR\",\"@id\":\"https:\\\/\\\/secure.gravatar.com\\\/avatar\\\/769db425c6f465158149f1ffd6cf61ce7a8a879d11dfbef8288af36dfddd418c?s=96&d=mm&r=g\",\"url\":\"https:\\\/\\\/secure.gravatar.com\\\/avatar\\\/769db425c6f465158149f1ffd6cf61ce7a8a879d11dfbef8288af36dfddd418c?s=96&d=mm&r=g\",\"contentUrl\":\"https:\\\/\\\/secure.gravatar.com\\\/avatar\\\/769db425c6f465158149f1ffd6cf61ce7a8a879d11dfbef8288af36dfddd418c?s=96&d=mm&r=g\",\"caption\":\"La r\u00e9daction\"},\"sameAs\":[\"http:\\\/\\\/www.lkeria.com\\\/\"],\"url\":\"https:\\\/\\\/www.info-algerie.com\\\/actualites\\\/author\\\/chakib32\\\/\"}]}<\/script>\n<!-- \/ Yoast SEO plugin. -->","yoast_head_json":{"title":"En France, il n&#039;y a pas eu simplement de la censure sur la guerre d&#039;Alg\u00e9rie mais de l&#039;autocensure - info algerie","robots":{"index":"index","follow":"follow","max-snippet":"max-snippet:-1","max-image-preview":"max-image-preview:large","max-video-preview":"max-video-preview:-1"},"canonical":"https:\/\/www.info-algerie.com\/actualites\/en-france-il-ny-a-pas-eu-simplement-de-la-censure-sur-la-guerre-dalgerie-mais-de-lautocensure\/","og_locale":"fr_FR","og_type":"article","og_title":"En France, il n&#039;y a pas eu simplement de la censure sur la guerre d&#039;Alg\u00e9rie mais de l&#039;autocensure - info algerie","og_description":"PARIS- \u00ab\u00a0Il n\u2019y a pas eu simplement de la censure en\u00a0 France sur la guerre d\u2019Alg\u00e9rie mais de l\u2019autocensure\u00a0\u00bb, a fait constater jeudi \u00e0 Paris l\u2019historien Benjamin Stora, indiquant que tous les films qui\u00a0 traitent ce sujet ont \u00e9t\u00e9 censur\u00e9s, notamment apr\u00e8s l\u2019ind\u00e9pendance de l\u2019Alg\u00e9rie. &#013; &#013; \u00ab\u00a0Il n\u2019y a pas eu simplement de la","og_url":"https:\/\/www.info-algerie.com\/actualites\/en-france-il-ny-a-pas-eu-simplement-de-la-censure-sur-la-guerre-dalgerie-mais-de-lautocensure\/","og_site_name":"info algerie","article_publisher":"https:\/\/www.facebook.com\/infoalgerieactu","article_published_time":"2017-10-05T16:50:57+00:00","og_image":[{"width":280,"height":169,"url":"https:\/\/www.info-algerie.com\/actualites\/wp-content\/uploads\/2017\/10\/9b50c3ab09a0fe6bc1845948ec7a9cfd_S-1.jpg","type":"image\/jpeg"}],"author":"La r\u00e9daction","twitter_misc":{"\u00c9crit par":"La r\u00e9daction","Dur\u00e9e de lecture estim\u00e9e":"4 minutes"},"schema":{"@context":"https:\/\/schema.org","@graph":[{"@type":"Article","@id":"https:\/\/www.info-algerie.com\/actualites\/en-france-il-ny-a-pas-eu-simplement-de-la-censure-sur-la-guerre-dalgerie-mais-de-lautocensure\/#article","isPartOf":{"@id":"https:\/\/www.info-algerie.com\/actualites\/en-france-il-ny-a-pas-eu-simplement-de-la-censure-sur-la-guerre-dalgerie-mais-de-lautocensure\/"},"author":{"name":"La r\u00e9daction","@id":"https:\/\/www.info-algerie.com\/actualites\/#\/schema\/person\/847aaec44920825b843a08f30ec6aa1e"},"headline":"En France, il n&#039;y a pas eu simplement de la censure sur la guerre d&#039;Alg\u00e9rie mais de l&#039;autocensure","datePublished":"2017-10-05T16:50:57+00:00","mainEntityOfPage":{"@id":"https:\/\/www.info-algerie.com\/actualites\/en-france-il-ny-a-pas-eu-simplement-de-la-censure-sur-la-guerre-dalgerie-mais-de-lautocensure\/"},"wordCount":881,"commentCount":0,"publisher":{"@id":"https:\/\/www.info-algerie.com\/actualites\/#organization"},"image":{"@id":"https:\/\/www.info-algerie.com\/actualites\/en-france-il-ny-a-pas-eu-simplement-de-la-censure-sur-la-guerre-dalgerie-mais-de-lautocensure\/#primaryimage"},"thumbnailUrl":"https:\/\/www.info-algerie.com\/actualites\/wp-content\/uploads\/2017\/10\/9b50c3ab09a0fe6bc1845948ec7a9cfd_S-1.jpg","keywords":["ONU"],"articleSection":["infos"],"inLanguage":"fr-FR","potentialAction":[{"@type":"CommentAction","name":"Comment","target":["https:\/\/www.info-algerie.com\/actualites\/en-france-il-ny-a-pas-eu-simplement-de-la-censure-sur-la-guerre-dalgerie-mais-de-lautocensure\/#respond"]}]},{"@type":"WebPage","@id":"https:\/\/www.info-algerie.com\/actualites\/en-france-il-ny-a-pas-eu-simplement-de-la-censure-sur-la-guerre-dalgerie-mais-de-lautocensure\/","url":"https:\/\/www.info-algerie.com\/actualites\/en-france-il-ny-a-pas-eu-simplement-de-la-censure-sur-la-guerre-dalgerie-mais-de-lautocensure\/","name":"En France, il n&#039;y a pas eu simplement de la censure sur la guerre d&#039;Alg\u00e9rie mais de l&#039;autocensure - info algerie","isPartOf":{"@id":"https:\/\/www.info-algerie.com\/actualites\/#website"},"primaryImageOfPage":{"@id":"https:\/\/www.info-algerie.com\/actualites\/en-france-il-ny-a-pas-eu-simplement-de-la-censure-sur-la-guerre-dalgerie-mais-de-lautocensure\/#primaryimage"},"image":{"@id":"https:\/\/www.info-algerie.com\/actualites\/en-france-il-ny-a-pas-eu-simplement-de-la-censure-sur-la-guerre-dalgerie-mais-de-lautocensure\/#primaryimage"},"thumbnailUrl":"https:\/\/www.info-algerie.com\/actualites\/wp-content\/uploads\/2017\/10\/9b50c3ab09a0fe6bc1845948ec7a9cfd_S-1.jpg","datePublished":"2017-10-05T16:50:57+00:00","breadcrumb":{"@id":"https:\/\/www.info-algerie.com\/actualites\/en-france-il-ny-a-pas-eu-simplement-de-la-censure-sur-la-guerre-dalgerie-mais-de-lautocensure\/#breadcrumb"},"inLanguage":"fr-FR","potentialAction":[{"@type":"ReadAction","target":["https:\/\/www.info-algerie.com\/actualites\/en-france-il-ny-a-pas-eu-simplement-de-la-censure-sur-la-guerre-dalgerie-mais-de-lautocensure\/"]}]},{"@type":"ImageObject","inLanguage":"fr-FR","@id":"https:\/\/www.info-algerie.com\/actualites\/en-france-il-ny-a-pas-eu-simplement-de-la-censure-sur-la-guerre-dalgerie-mais-de-lautocensure\/#primaryimage","url":"https:\/\/www.info-algerie.com\/actualites\/wp-content\/uploads\/2017\/10\/9b50c3ab09a0fe6bc1845948ec7a9cfd_S-1.jpg","contentUrl":"https:\/\/www.info-algerie.com\/actualites\/wp-content\/uploads\/2017\/10\/9b50c3ab09a0fe6bc1845948ec7a9cfd_S-1.jpg","width":280,"height":169},{"@type":"BreadcrumbList","@id":"https:\/\/www.info-algerie.com\/actualites\/en-france-il-ny-a-pas-eu-simplement-de-la-censure-sur-la-guerre-dalgerie-mais-de-lautocensure\/#breadcrumb","itemListElement":[{"@type":"ListItem","position":1,"name":"Accueil","item":"https:\/\/www.info-algerie.com\/actualites\/"},{"@type":"ListItem","position":2,"name":"En France, il n&#039;y a pas eu simplement de la censure sur la guerre d&#039;Alg\u00e9rie mais de l&#039;autocensure"}]},{"@type":"WebSite","@id":"https:\/\/www.info-algerie.com\/actualites\/#website","url":"https:\/\/www.info-algerie.com\/actualites\/","name":"info algerie","description":"Toutes les actualit\u00e9s","publisher":{"@id":"https:\/\/www.info-algerie.com\/actualites\/#organization"},"potentialAction":[{"@type":"SearchAction","target":{"@type":"EntryPoint","urlTemplate":"https:\/\/www.info-algerie.com\/actualites\/?s={search_term_string}"},"query-input":{"@type":"PropertyValueSpecification","valueRequired":true,"valueName":"search_term_string"}}],"inLanguage":"fr-FR"},{"@type":"Organization","@id":"https:\/\/www.info-algerie.com\/actualites\/#organization","name":"info algerie","url":"https:\/\/www.info-algerie.com\/actualites\/","logo":{"@type":"ImageObject","inLanguage":"fr-FR","@id":"https:\/\/www.info-algerie.com\/actualites\/#\/schema\/logo\/image\/","url":"https:\/\/www.info-algerie.com\/actualites\/wp-content\/uploads\/2022\/07\/logo-ia-120.png","contentUrl":"https:\/\/www.info-algerie.com\/actualites\/wp-content\/uploads\/2022\/07\/logo-ia-120.png","width":120,"height":43,"caption":"info algerie"},"image":{"@id":"https:\/\/www.info-algerie.com\/actualites\/#\/schema\/logo\/image\/"},"sameAs":["https:\/\/www.facebook.com\/infoalgerieactu","https:\/\/x.com\/infoalgerie1"]},{"@type":"Person","@id":"https:\/\/www.info-algerie.com\/actualites\/#\/schema\/person\/847aaec44920825b843a08f30ec6aa1e","name":"La r\u00e9daction","image":{"@type":"ImageObject","inLanguage":"fr-FR","@id":"https:\/\/secure.gravatar.com\/avatar\/769db425c6f465158149f1ffd6cf61ce7a8a879d11dfbef8288af36dfddd418c?s=96&d=mm&r=g","url":"https:\/\/secure.gravatar.com\/avatar\/769db425c6f465158149f1ffd6cf61ce7a8a879d11dfbef8288af36dfddd418c?s=96&d=mm&r=g","contentUrl":"https:\/\/secure.gravatar.com\/avatar\/769db425c6f465158149f1ffd6cf61ce7a8a879d11dfbef8288af36dfddd418c?s=96&d=mm&r=g","caption":"La r\u00e9daction"},"sameAs":["http:\/\/www.lkeria.com\/"],"url":"https:\/\/www.info-algerie.com\/actualites\/author\/chakib32\/"}]}},"_links":{"self":[{"href":"https:\/\/www.info-algerie.com\/actualites\/wp-json\/wp\/v2\/posts\/16597","targetHints":{"allow":["GET"]}}],"collection":[{"href":"https:\/\/www.info-algerie.com\/actualites\/wp-json\/wp\/v2\/posts"}],"about":[{"href":"https:\/\/www.info-algerie.com\/actualites\/wp-json\/wp\/v2\/types\/post"}],"author":[{"embeddable":true,"href":"https:\/\/www.info-algerie.com\/actualites\/wp-json\/wp\/v2\/users\/6"}],"replies":[{"embeddable":true,"href":"https:\/\/www.info-algerie.com\/actualites\/wp-json\/wp\/v2\/comments?post=16597"}],"version-history":[{"count":0,"href":"https:\/\/www.info-algerie.com\/actualites\/wp-json\/wp\/v2\/posts\/16597\/revisions"}],"wp:featuredmedia":[{"embeddable":true,"href":"https:\/\/www.info-algerie.com\/actualites\/wp-json\/wp\/v2\/media\/16598"}],"wp:attachment":[{"href":"https:\/\/www.info-algerie.com\/actualites\/wp-json\/wp\/v2\/media?parent=16597"}],"wp:term":[{"taxonomy":"category","embeddable":true,"href":"https:\/\/www.info-algerie.com\/actualites\/wp-json\/wp\/v2\/categories?post=16597"},{"taxonomy":"post_tag","embeddable":true,"href":"https:\/\/www.info-algerie.com\/actualites\/wp-json\/wp\/v2\/tags?post=16597"}],"curies":[{"name":"wp","href":"https:\/\/api.w.org\/{rel}","templated":true}]}}