{"id":16600,"date":"2017-10-05T19:12:30","date_gmt":"2017-10-05T18:12:30","guid":{"rendered":"http:\/\/www.info-algerie.com\/actualites\/lutte-antiterroriste-un-terroriste-se-rend-a-tamanrasset\/"},"modified":"2017-10-05T19:12:30","modified_gmt":"2017-10-05T18:12:30","slug":"lutte-antiterroriste-un-terroriste-se-rend-a-tamanrasset","status":"publish","type":"post","link":"https:\/\/www.info-algerie.com\/actualites\/lutte-antiterroriste-un-terroriste-se-rend-a-tamanrasset\/","title":{"rendered":"Lutte antiterroriste: un terroriste se rend \u00e0 Tamanrasset \u00a0"},"content":{"rendered":"<div class=\"K2FeedImage\"><img decoding=\"async\" src=\"https:\/\/www.info-algerie.com\/actualites\/wp-content\/uploads\/2017\/10\/379c79bee9d3072e04fdeb3935ac942e_S.jpg\" alt=\"Lutte antiterroriste: un terroriste se rend &#xE0; Tamanrasset &#xA0;\" \/><\/div>\n<div class=\"K2FeedIntroText\">\n<p>ALGER- Un terroriste d\u00e9nomm\u00e9\u00a0 \u00ab\u00a0B. Oumma, dit\u00a0 Abdallah\u00a0\u00bb,\u00a0\u00a0 actif depuis 2014, s\u2019est rendu jeudi aux autorit\u00e9s militaires de\u00a0 Tamanrasset, en sa possession des armes et des munitions, indique dans un\u00a0 communiqu\u00e9, le minist\u00e8re de la D\u00e9fense nationale (MDN).<\/p>\n<p>&#013;\n<\/p><\/div>\n<div class=\"K2FeedFullText\">&#013;<\/p>\n<p class=\"MsoNormal\">\u00ab\u00a0Dans le cadre de la lutte antiterroriste et gr\u00e2ce aux efforts des Forces\u00a0 de l\u2019Arm\u00e9e nationale populaire et l\u2019exploitation efficiente de renseignements, le terroriste d\u00e9nomm\u00e9 B. Oumma dit Abdallah\u00a0s\u2019est rendu,\u00a0aujourd\u2019hui 05 Octobre 2017, aux autorit\u00e9s militaires de la wilaya de\u00a0<span style=\"font-size: 12.16px\">Tamanrasset\/6 R\u00e9gion militaire. Ledit terroriste qui avait ralli\u00e9 les<\/span><span style=\"font-size: 12.16px\">\u00a0 <\/span><span style=\"font-size: 12.16px\">groupes terroristes en 2014, avait en sa possession (01) lance-roquettes de<\/span><span style=\"font-size: 12.16px\">\u00a0 <\/span><span style=\"font-size: 12.16px\">type RPG-7, pistolets mitrailleurs de type Kalachnikov,\u00a0<\/span>(04) Roquettes et une importante quantit\u00e9 de munitions,\u00a0\u00bb a ajout\u00e9 la m\u00eame source.<\/p>\n<p>&#013;<\/p>\n<p class=\"MsoNormal\">\u00a0<\/p>\n<p>&#013;<\/p>\n<p>\u00a0<\/p>\n<p>&#013;<\/p>\n<p class=\"MsoNormal\">\u00ab\u00a0Ces r\u00e9sultats r\u00e9it\u00e8rent l\u2019efficacit\u00e9 de l\u2019approche adopt\u00e9e par l\u2019Arm\u00e9e Nationale Populaire dans l\u2019\u00e9radication du fl\u00e9au du terrorisme et la mise en \u00e9chec de toute tentative visant \u00e0 porter atteinte \u00e0 la stabilit\u00e9 de notre pays.\u00a0\u00bb<\/p>\n<\/div>\n<p>&#013;<br \/>\nSource: <a href=\"http:\/\/www.aps.dz\/algerie\/63614-lutte-antiterroriste-un-terroriste-se-rend-a-tamanrasset\" target=\"_blank\">Lutte antiterroriste: un terroriste se rend \u00e0 Tamanrasset \u00a0<\/a><\/p>\n<!--CusAds0-->\n<div style=\"font-size: 0px; height: 0px; line-height: 0px; margin: 0; padding: 0; clear: both;\"><\/div>","protected":false},"excerpt":{"rendered":"<p>ALGER- Un terroriste d\u00e9nomm\u00e9\u00a0 \u00ab\u00a0B. Oumma, dit\u00a0 Abdallah\u00a0\u00bb,\u00a0\u00a0 actif depuis 2014, s\u2019est rendu jeudi aux autorit\u00e9s militaires de\u00a0 Tamanrasset, en sa possession des armes et des munitions, indique dans un\u00a0 communiqu\u00e9, le minist\u00e8re de la D\u00e9fense nationale (MDN). &#013; &#013; \u00ab\u00a0Dans le cadre de la lutte antiterroriste et gr\u00e2ce aux efforts des Forces\u00a0 de l\u2019Arm\u00e9e<\/p>\n","protected":false},"author":6,"featured_media":16601,"comment_status":"open","ping_status":"open","sticky":false,"template":"","format":"standard","meta":{"footnotes":""},"categories":[22],"tags":[93],"class_list":["post-16600","post","type-post","status-publish","format-standard","has-post-thumbnail","hentry","category-infos","tag-onu"],"yoast_head":"<!-- This site is optimized with the Yoast SEO plugin v27.5 - https:\/\/yoast.com\/product\/yoast-seo-wordpress\/ -->\n<title>Lutte antiterroriste: un terroriste se rend \u00e0 Tamanrasset \u00a0 - info algerie<\/title>\n<meta name=\"robots\" content=\"index, follow, max-snippet:-1, max-image-preview:large, max-video-preview:-1\" \/>\n<link rel=\"canonical\" href=\"https:\/\/www.info-algerie.com\/actualites\/lutte-antiterroriste-un-terroriste-se-rend-a-tamanrasset\/\" \/>\n<meta property=\"og:locale\" content=\"fr_FR\" \/>\n<meta property=\"og:type\" content=\"article\" \/>\n<meta property=\"og:title\" content=\"Lutte antiterroriste: un terroriste se rend \u00e0 Tamanrasset \u00a0 - info algerie\" \/>\n<meta property=\"og:description\" content=\"ALGER- Un terroriste d\u00e9nomm\u00e9\u00a0 \u00ab\u00a0B. Oumma, dit\u00a0 Abdallah\u00a0\u00bb,\u00a0\u00a0 actif depuis 2014, s\u2019est rendu jeudi aux autorit\u00e9s militaires de\u00a0 Tamanrasset, en sa possession des armes et des munitions, indique dans un\u00a0 communiqu\u00e9, le minist\u00e8re de la D\u00e9fense nationale (MDN). &#013; &#013; \u00ab\u00a0Dans le cadre de la lutte antiterroriste et gr\u00e2ce aux efforts des Forces\u00a0 de l\u2019Arm\u00e9e\" \/>\n<meta property=\"og:url\" content=\"https:\/\/www.info-algerie.com\/actualites\/lutte-antiterroriste-un-terroriste-se-rend-a-tamanrasset\/\" \/>\n<meta property=\"og:site_name\" content=\"info algerie\" \/>\n<meta property=\"article:publisher\" content=\"https:\/\/www.facebook.com\/infoalgerieactu\" \/>\n<meta property=\"article:published_time\" content=\"2017-10-05T18:12:30+00:00\" \/>\n<meta property=\"og:image\" content=\"https:\/\/www.info-algerie.com\/actualites\/wp-content\/uploads\/2017\/10\/379c79bee9d3072e04fdeb3935ac942e_S-1.jpg\" \/>\n\t<meta property=\"og:image:width\" content=\"280\" \/>\n\t<meta property=\"og:image:height\" content=\"169\" \/>\n\t<meta property=\"og:image:type\" content=\"image\/jpeg\" \/>\n<meta name=\"author\" content=\"La r\u00e9daction\" \/>\n<meta name=\"twitter:label1\" content=\"\u00c9crit par\" \/>\n\t<meta name=\"twitter:data1\" content=\"La r\u00e9daction\" \/>\n\t<meta name=\"twitter:label2\" content=\"Dur\u00e9e de lecture estim\u00e9e\" \/>\n\t<meta name=\"twitter:data2\" content=\"1 minute\" \/>\n<script type=\"application\/ld+json\" class=\"yoast-schema-graph\">{\"@context\":\"https:\\\/\\\/schema.org\",\"@graph\":[{\"@type\":\"Article\",\"@id\":\"https:\\\/\\\/www.info-algerie.com\\\/actualites\\\/lutte-antiterroriste-un-terroriste-se-rend-a-tamanrasset\\\/#article\",\"isPartOf\":{\"@id\":\"https:\\\/\\\/www.info-algerie.com\\\/actualites\\\/lutte-antiterroriste-un-terroriste-se-rend-a-tamanrasset\\\/\"},\"author\":{\"name\":\"La r\u00e9daction\",\"@id\":\"https:\\\/\\\/www.info-algerie.com\\\/actualites\\\/#\\\/schema\\\/person\\\/847aaec44920825b843a08f30ec6aa1e\"},\"headline\":\"Lutte antiterroriste: un terroriste se rend \u00e0 Tamanrasset \u00a0\",\"datePublished\":\"2017-10-05T18:12:30+00:00\",\"mainEntityOfPage\":{\"@id\":\"https:\\\/\\\/www.info-algerie.com\\\/actualites\\\/lutte-antiterroriste-un-terroriste-se-rend-a-tamanrasset\\\/\"},\"wordCount\":187,\"commentCount\":0,\"publisher\":{\"@id\":\"https:\\\/\\\/www.info-algerie.com\\\/actualites\\\/#organization\"},\"image\":{\"@id\":\"https:\\\/\\\/www.info-algerie.com\\\/actualites\\\/lutte-antiterroriste-un-terroriste-se-rend-a-tamanrasset\\\/#primaryimage\"},\"thumbnailUrl\":\"https:\\\/\\\/www.info-algerie.com\\\/actualites\\\/wp-content\\\/uploads\\\/2017\\\/10\\\/379c79bee9d3072e04fdeb3935ac942e_S-1.jpg\",\"keywords\":[\"ONU\"],\"articleSection\":[\"infos\"],\"inLanguage\":\"fr-FR\",\"potentialAction\":[{\"@type\":\"CommentAction\",\"name\":\"Comment\",\"target\":[\"https:\\\/\\\/www.info-algerie.com\\\/actualites\\\/lutte-antiterroriste-un-terroriste-se-rend-a-tamanrasset\\\/#respond\"]}]},{\"@type\":\"WebPage\",\"@id\":\"https:\\\/\\\/www.info-algerie.com\\\/actualites\\\/lutte-antiterroriste-un-terroriste-se-rend-a-tamanrasset\\\/\",\"url\":\"https:\\\/\\\/www.info-algerie.com\\\/actualites\\\/lutte-antiterroriste-un-terroriste-se-rend-a-tamanrasset\\\/\",\"name\":\"Lutte antiterroriste: un terroriste se rend \u00e0 Tamanrasset \u00a0 - info algerie\",\"isPartOf\":{\"@id\":\"https:\\\/\\\/www.info-algerie.com\\\/actualites\\\/#website\"},\"primaryImageOfPage\":{\"@id\":\"https:\\\/\\\/www.info-algerie.com\\\/actualites\\\/lutte-antiterroriste-un-terroriste-se-rend-a-tamanrasset\\\/#primaryimage\"},\"image\":{\"@id\":\"https:\\\/\\\/www.info-algerie.com\\\/actualites\\\/lutte-antiterroriste-un-terroriste-se-rend-a-tamanrasset\\\/#primaryimage\"},\"thumbnailUrl\":\"https:\\\/\\\/www.info-algerie.com\\\/actualites\\\/wp-content\\\/uploads\\\/2017\\\/10\\\/379c79bee9d3072e04fdeb3935ac942e_S-1.jpg\",\"datePublished\":\"2017-10-05T18:12:30+00:00\",\"breadcrumb\":{\"@id\":\"https:\\\/\\\/www.info-algerie.com\\\/actualites\\\/lutte-antiterroriste-un-terroriste-se-rend-a-tamanrasset\\\/#breadcrumb\"},\"inLanguage\":\"fr-FR\",\"potentialAction\":[{\"@type\":\"ReadAction\",\"target\":[\"https:\\\/\\\/www.info-algerie.com\\\/actualites\\\/lutte-antiterroriste-un-terroriste-se-rend-a-tamanrasset\\\/\"]}]},{\"@type\":\"ImageObject\",\"inLanguage\":\"fr-FR\",\"@id\":\"https:\\\/\\\/www.info-algerie.com\\\/actualites\\\/lutte-antiterroriste-un-terroriste-se-rend-a-tamanrasset\\\/#primaryimage\",\"url\":\"https:\\\/\\\/www.info-algerie.com\\\/actualites\\\/wp-content\\\/uploads\\\/2017\\\/10\\\/379c79bee9d3072e04fdeb3935ac942e_S-1.jpg\",\"contentUrl\":\"https:\\\/\\\/www.info-algerie.com\\\/actualites\\\/wp-content\\\/uploads\\\/2017\\\/10\\\/379c79bee9d3072e04fdeb3935ac942e_S-1.jpg\",\"width\":280,\"height\":169},{\"@type\":\"BreadcrumbList\",\"@id\":\"https:\\\/\\\/www.info-algerie.com\\\/actualites\\\/lutte-antiterroriste-un-terroriste-se-rend-a-tamanrasset\\\/#breadcrumb\",\"itemListElement\":[{\"@type\":\"ListItem\",\"position\":1,\"name\":\"Accueil\",\"item\":\"https:\\\/\\\/www.info-algerie.com\\\/actualites\\\/\"},{\"@type\":\"ListItem\",\"position\":2,\"name\":\"Lutte antiterroriste: un terroriste se rend \u00e0 Tamanrasset \u00a0\"}]},{\"@type\":\"WebSite\",\"@id\":\"https:\\\/\\\/www.info-algerie.com\\\/actualites\\\/#website\",\"url\":\"https:\\\/\\\/www.info-algerie.com\\\/actualites\\\/\",\"name\":\"info algerie\",\"description\":\"Toutes les actualit\u00e9s\",\"publisher\":{\"@id\":\"https:\\\/\\\/www.info-algerie.com\\\/actualites\\\/#organization\"},\"potentialAction\":[{\"@type\":\"SearchAction\",\"target\":{\"@type\":\"EntryPoint\",\"urlTemplate\":\"https:\\\/\\\/www.info-algerie.com\\\/actualites\\\/?s={search_term_string}\"},\"query-input\":{\"@type\":\"PropertyValueSpecification\",\"valueRequired\":true,\"valueName\":\"search_term_string\"}}],\"inLanguage\":\"fr-FR\"},{\"@type\":\"Organization\",\"@id\":\"https:\\\/\\\/www.info-algerie.com\\\/actualites\\\/#organization\",\"name\":\"info algerie\",\"url\":\"https:\\\/\\\/www.info-algerie.com\\\/actualites\\\/\",\"logo\":{\"@type\":\"ImageObject\",\"inLanguage\":\"fr-FR\",\"@id\":\"https:\\\/\\\/www.info-algerie.com\\\/actualites\\\/#\\\/schema\\\/logo\\\/image\\\/\",\"url\":\"https:\\\/\\\/www.info-algerie.com\\\/actualites\\\/wp-content\\\/uploads\\\/2022\\\/07\\\/logo-ia-120.png\",\"contentUrl\":\"https:\\\/\\\/www.info-algerie.com\\\/actualites\\\/wp-content\\\/uploads\\\/2022\\\/07\\\/logo-ia-120.png\",\"width\":120,\"height\":43,\"caption\":\"info algerie\"},\"image\":{\"@id\":\"https:\\\/\\\/www.info-algerie.com\\\/actualites\\\/#\\\/schema\\\/logo\\\/image\\\/\"},\"sameAs\":[\"https:\\\/\\\/www.facebook.com\\\/infoalgerieactu\",\"https:\\\/\\\/x.com\\\/infoalgerie1\"]},{\"@type\":\"Person\",\"@id\":\"https:\\\/\\\/www.info-algerie.com\\\/actualites\\\/#\\\/schema\\\/person\\\/847aaec44920825b843a08f30ec6aa1e\",\"name\":\"La r\u00e9daction\",\"image\":{\"@type\":\"ImageObject\",\"inLanguage\":\"fr-FR\",\"@id\":\"https:\\\/\\\/secure.gravatar.com\\\/avatar\\\/769db425c6f465158149f1ffd6cf61ce7a8a879d11dfbef8288af36dfddd418c?s=96&d=mm&r=g\",\"url\":\"https:\\\/\\\/secure.gravatar.com\\\/avatar\\\/769db425c6f465158149f1ffd6cf61ce7a8a879d11dfbef8288af36dfddd418c?s=96&d=mm&r=g\",\"contentUrl\":\"https:\\\/\\\/secure.gravatar.com\\\/avatar\\\/769db425c6f465158149f1ffd6cf61ce7a8a879d11dfbef8288af36dfddd418c?s=96&d=mm&r=g\",\"caption\":\"La r\u00e9daction\"},\"sameAs\":[\"http:\\\/\\\/www.lkeria.com\\\/\"],\"url\":\"https:\\\/\\\/www.info-algerie.com\\\/actualites\\\/author\\\/chakib32\\\/\"}]}<\/script>\n<!-- \/ Yoast SEO plugin. -->","yoast_head_json":{"title":"Lutte antiterroriste: un terroriste se rend \u00e0 Tamanrasset \u00a0 - info algerie","robots":{"index":"index","follow":"follow","max-snippet":"max-snippet:-1","max-image-preview":"max-image-preview:large","max-video-preview":"max-video-preview:-1"},"canonical":"https:\/\/www.info-algerie.com\/actualites\/lutte-antiterroriste-un-terroriste-se-rend-a-tamanrasset\/","og_locale":"fr_FR","og_type":"article","og_title":"Lutte antiterroriste: un terroriste se rend \u00e0 Tamanrasset \u00a0 - info algerie","og_description":"ALGER- Un terroriste d\u00e9nomm\u00e9\u00a0 \u00ab\u00a0B. Oumma, dit\u00a0 Abdallah\u00a0\u00bb,\u00a0\u00a0 actif depuis 2014, s\u2019est rendu jeudi aux autorit\u00e9s militaires de\u00a0 Tamanrasset, en sa possession des armes et des munitions, indique dans un\u00a0 communiqu\u00e9, le minist\u00e8re de la D\u00e9fense nationale (MDN). &#013; &#013; \u00ab\u00a0Dans le cadre de la lutte antiterroriste et gr\u00e2ce aux efforts des Forces\u00a0 de l\u2019Arm\u00e9e","og_url":"https:\/\/www.info-algerie.com\/actualites\/lutte-antiterroriste-un-terroriste-se-rend-a-tamanrasset\/","og_site_name":"info algerie","article_publisher":"https:\/\/www.facebook.com\/infoalgerieactu","article_published_time":"2017-10-05T18:12:30+00:00","og_image":[{"width":280,"height":169,"url":"https:\/\/www.info-algerie.com\/actualites\/wp-content\/uploads\/2017\/10\/379c79bee9d3072e04fdeb3935ac942e_S-1.jpg","type":"image\/jpeg"}],"author":"La r\u00e9daction","twitter_misc":{"\u00c9crit par":"La r\u00e9daction","Dur\u00e9e de lecture estim\u00e9e":"1 minute"},"schema":{"@context":"https:\/\/schema.org","@graph":[{"@type":"Article","@id":"https:\/\/www.info-algerie.com\/actualites\/lutte-antiterroriste-un-terroriste-se-rend-a-tamanrasset\/#article","isPartOf":{"@id":"https:\/\/www.info-algerie.com\/actualites\/lutte-antiterroriste-un-terroriste-se-rend-a-tamanrasset\/"},"author":{"name":"La r\u00e9daction","@id":"https:\/\/www.info-algerie.com\/actualites\/#\/schema\/person\/847aaec44920825b843a08f30ec6aa1e"},"headline":"Lutte antiterroriste: un terroriste se rend \u00e0 Tamanrasset \u00a0","datePublished":"2017-10-05T18:12:30+00:00","mainEntityOfPage":{"@id":"https:\/\/www.info-algerie.com\/actualites\/lutte-antiterroriste-un-terroriste-se-rend-a-tamanrasset\/"},"wordCount":187,"commentCount":0,"publisher":{"@id":"https:\/\/www.info-algerie.com\/actualites\/#organization"},"image":{"@id":"https:\/\/www.info-algerie.com\/actualites\/lutte-antiterroriste-un-terroriste-se-rend-a-tamanrasset\/#primaryimage"},"thumbnailUrl":"https:\/\/www.info-algerie.com\/actualites\/wp-content\/uploads\/2017\/10\/379c79bee9d3072e04fdeb3935ac942e_S-1.jpg","keywords":["ONU"],"articleSection":["infos"],"inLanguage":"fr-FR","potentialAction":[{"@type":"CommentAction","name":"Comment","target":["https:\/\/www.info-algerie.com\/actualites\/lutte-antiterroriste-un-terroriste-se-rend-a-tamanrasset\/#respond"]}]},{"@type":"WebPage","@id":"https:\/\/www.info-algerie.com\/actualites\/lutte-antiterroriste-un-terroriste-se-rend-a-tamanrasset\/","url":"https:\/\/www.info-algerie.com\/actualites\/lutte-antiterroriste-un-terroriste-se-rend-a-tamanrasset\/","name":"Lutte antiterroriste: un terroriste se rend \u00e0 Tamanrasset \u00a0 - info algerie","isPartOf":{"@id":"https:\/\/www.info-algerie.com\/actualites\/#website"},"primaryImageOfPage":{"@id":"https:\/\/www.info-algerie.com\/actualites\/lutte-antiterroriste-un-terroriste-se-rend-a-tamanrasset\/#primaryimage"},"image":{"@id":"https:\/\/www.info-algerie.com\/actualites\/lutte-antiterroriste-un-terroriste-se-rend-a-tamanrasset\/#primaryimage"},"thumbnailUrl":"https:\/\/www.info-algerie.com\/actualites\/wp-content\/uploads\/2017\/10\/379c79bee9d3072e04fdeb3935ac942e_S-1.jpg","datePublished":"2017-10-05T18:12:30+00:00","breadcrumb":{"@id":"https:\/\/www.info-algerie.com\/actualites\/lutte-antiterroriste-un-terroriste-se-rend-a-tamanrasset\/#breadcrumb"},"inLanguage":"fr-FR","potentialAction":[{"@type":"ReadAction","target":["https:\/\/www.info-algerie.com\/actualites\/lutte-antiterroriste-un-terroriste-se-rend-a-tamanrasset\/"]}]},{"@type":"ImageObject","inLanguage":"fr-FR","@id":"https:\/\/www.info-algerie.com\/actualites\/lutte-antiterroriste-un-terroriste-se-rend-a-tamanrasset\/#primaryimage","url":"https:\/\/www.info-algerie.com\/actualites\/wp-content\/uploads\/2017\/10\/379c79bee9d3072e04fdeb3935ac942e_S-1.jpg","contentUrl":"https:\/\/www.info-algerie.com\/actualites\/wp-content\/uploads\/2017\/10\/379c79bee9d3072e04fdeb3935ac942e_S-1.jpg","width":280,"height":169},{"@type":"BreadcrumbList","@id":"https:\/\/www.info-algerie.com\/actualites\/lutte-antiterroriste-un-terroriste-se-rend-a-tamanrasset\/#breadcrumb","itemListElement":[{"@type":"ListItem","position":1,"name":"Accueil","item":"https:\/\/www.info-algerie.com\/actualites\/"},{"@type":"ListItem","position":2,"name":"Lutte antiterroriste: un terroriste se rend \u00e0 Tamanrasset \u00a0"}]},{"@type":"WebSite","@id":"https:\/\/www.info-algerie.com\/actualites\/#website","url":"https:\/\/www.info-algerie.com\/actualites\/","name":"info algerie","description":"Toutes les actualit\u00e9s","publisher":{"@id":"https:\/\/www.info-algerie.com\/actualites\/#organization"},"potentialAction":[{"@type":"SearchAction","target":{"@type":"EntryPoint","urlTemplate":"https:\/\/www.info-algerie.com\/actualites\/?s={search_term_string}"},"query-input":{"@type":"PropertyValueSpecification","valueRequired":true,"valueName":"search_term_string"}}],"inLanguage":"fr-FR"},{"@type":"Organization","@id":"https:\/\/www.info-algerie.com\/actualites\/#organization","name":"info algerie","url":"https:\/\/www.info-algerie.com\/actualites\/","logo":{"@type":"ImageObject","inLanguage":"fr-FR","@id":"https:\/\/www.info-algerie.com\/actualites\/#\/schema\/logo\/image\/","url":"https:\/\/www.info-algerie.com\/actualites\/wp-content\/uploads\/2022\/07\/logo-ia-120.png","contentUrl":"https:\/\/www.info-algerie.com\/actualites\/wp-content\/uploads\/2022\/07\/logo-ia-120.png","width":120,"height":43,"caption":"info algerie"},"image":{"@id":"https:\/\/www.info-algerie.com\/actualites\/#\/schema\/logo\/image\/"},"sameAs":["https:\/\/www.facebook.com\/infoalgerieactu","https:\/\/x.com\/infoalgerie1"]},{"@type":"Person","@id":"https:\/\/www.info-algerie.com\/actualites\/#\/schema\/person\/847aaec44920825b843a08f30ec6aa1e","name":"La r\u00e9daction","image":{"@type":"ImageObject","inLanguage":"fr-FR","@id":"https:\/\/secure.gravatar.com\/avatar\/769db425c6f465158149f1ffd6cf61ce7a8a879d11dfbef8288af36dfddd418c?s=96&d=mm&r=g","url":"https:\/\/secure.gravatar.com\/avatar\/769db425c6f465158149f1ffd6cf61ce7a8a879d11dfbef8288af36dfddd418c?s=96&d=mm&r=g","contentUrl":"https:\/\/secure.gravatar.com\/avatar\/769db425c6f465158149f1ffd6cf61ce7a8a879d11dfbef8288af36dfddd418c?s=96&d=mm&r=g","caption":"La r\u00e9daction"},"sameAs":["http:\/\/www.lkeria.com\/"],"url":"https:\/\/www.info-algerie.com\/actualites\/author\/chakib32\/"}]}},"_links":{"self":[{"href":"https:\/\/www.info-algerie.com\/actualites\/wp-json\/wp\/v2\/posts\/16600","targetHints":{"allow":["GET"]}}],"collection":[{"href":"https:\/\/www.info-algerie.com\/actualites\/wp-json\/wp\/v2\/posts"}],"about":[{"href":"https:\/\/www.info-algerie.com\/actualites\/wp-json\/wp\/v2\/types\/post"}],"author":[{"embeddable":true,"href":"https:\/\/www.info-algerie.com\/actualites\/wp-json\/wp\/v2\/users\/6"}],"replies":[{"embeddable":true,"href":"https:\/\/www.info-algerie.com\/actualites\/wp-json\/wp\/v2\/comments?post=16600"}],"version-history":[{"count":0,"href":"https:\/\/www.info-algerie.com\/actualites\/wp-json\/wp\/v2\/posts\/16600\/revisions"}],"wp:featuredmedia":[{"embeddable":true,"href":"https:\/\/www.info-algerie.com\/actualites\/wp-json\/wp\/v2\/media\/16601"}],"wp:attachment":[{"href":"https:\/\/www.info-algerie.com\/actualites\/wp-json\/wp\/v2\/media?parent=16600"}],"wp:term":[{"taxonomy":"category","embeddable":true,"href":"https:\/\/www.info-algerie.com\/actualites\/wp-json\/wp\/v2\/categories?post=16600"},{"taxonomy":"post_tag","embeddable":true,"href":"https:\/\/www.info-algerie.com\/actualites\/wp-json\/wp\/v2\/tags?post=16600"}],"curies":[{"name":"wp","href":"https:\/\/api.w.org\/{rel}","templated":true}]}}