{"id":16609,"date":"2017-10-06T14:29:25","date_gmt":"2017-10-06T13:29:25","guid":{"rendered":"http:\/\/www.info-algerie.com\/actualites\/deces-de-lancien-president-irakien-jalal-talabani-bensalah-signe-le-registre-de-condoleances-a-lambassade-dirak\/"},"modified":"2017-10-06T14:29:25","modified_gmt":"2017-10-06T13:29:25","slug":"deces-de-lancien-president-irakien-jalal-talabani-bensalah-signe-le-registre-de-condoleances-a-lambassade-dirak","status":"publish","type":"post","link":"https:\/\/www.info-algerie.com\/actualites\/deces-de-lancien-president-irakien-jalal-talabani-bensalah-signe-le-registre-de-condoleances-a-lambassade-dirak\/","title":{"rendered":"D\u00e9c\u00e8s de l&#039;ancien pr\u00e9sident irakien Jalal Talabani: Bensalah signe le\u00a0registre de condol\u00e9ances \u00e0 l&#039;ambassade d&#039;Irak"},"content":{"rendered":"<div class=\"K2FeedImage\"><img decoding=\"async\" src=\"https:\/\/www.info-algerie.com\/actualites\/wp-content\/uploads\/2017\/10\/a4106b914d5d836324a6a1355b69e419_S.jpg\" alt=\"D&#xE9;c&#xE8;s de l'ancien pr&#xE9;sident irakien Jalal Talabani: Bensalah signe le&#xA0;registre de condol&#xE9;ances &#xE0; l'ambassade d'Irak\" \/><\/div>\n<div class=\"K2FeedIntroText\">\n<p>ALGER- Le pr\u00e9sident du Conseil de la nation, Abdelkader Bensalah, accompagn\u00e9 du ministre des Affaires Etrang\u00e8res, Abdelkader Messahel, a sign\u00e9 jeudi au nom du pr\u00e9sident de la R\u00e9publique, Abdelaziz\u00a0 Bouteflika, le registre de condol\u00e9ances au si\u00e8ge de l&rsquo;ambassade d&rsquo;Irak\u00a0 suite au d\u00e9c\u00e8s de l&rsquo;ancien pr\u00e9sident irakien, Jalal Talabani.<\/p>\n<p>&#013;\n<\/p><\/div>\n<div class=\"K2FeedFullText\">&#013;<\/p>\n<p>\u00ab\u00a0C&rsquo;est avec une profonde affliction\u00a0que nous avons appris la nouvelle de la disparition de l&rsquo;ancien pr\u00e9sident irakien, Jalal Talabani, d\u00e9c\u00e9d\u00e9 des\u00a0suites d&rsquo;une longue maladie\u00a0\u00bb, a \u00e9crit M. Bensalah sur le registre de\u00a0condol\u00e9ances.<\/p>\n<p>&#013;<\/p>\n<p>\u00ab\u00a0En cette douloureuse circonstance, je ne puis que vous pr\u00e9senter ainsi\u00a0 qu&rsquo;\u00e0 la famille du d\u00e9funt et au peuple irakien fr\u00e8re, au nom du pr\u00e9sident\u00a0 de la R\u00e9publique, Abdelaziz Bouteflika, au nom du gouvernement et du peuple\u00a0 alg\u00e9riens, et en mon nom personnel, mes condol\u00e9ances les plus attrist\u00e9es et\u00a0 mes profonds sentiments de compassion, priant Dieu le Tout-puissant,\u00a0 d&rsquo;accorder au d\u00e9funt sa sainte mis\u00e9ricorde et de l&rsquo;accueillir en Son vaste\u00a0 paradis aux c\u00f4t\u00e9s de ceux qu&rsquo;Il a combl\u00e9s de Ses bienfaits et entour\u00e9s de\u00a0 Sa gr\u00e2ce \u00e9ternelle\u00a0\u00bb, a encore \u00e9crit M. Bensalah.<\/p>\n<p>&#013;<\/p>\n<p>\u00a0<\/p>\n<p>&#013;<\/p>\n<p class=\"MsoNormal\">\u00ab\u00a0Nous prions Dieu de vous assister et de vous pr\u00eater r\u00e9confort et de\u00a0 pr\u00e9munir l&rsquo;Irak contre tout malheur\u00a0\u00bb, conclut le pr\u00e9sident du Conseil de la nation.<\/p>\n<\/div>\n<p>&#013;<br \/>\nSource: <a href=\"http:\/\/www.aps.dz\/algerie\/63623-deces-de-l-ancien-president-irakien-jalal-talabani-bensalah-signe-le-registre-de-condoleances-a-l-ambassade-d-irak\" target=\"_blank\">D\u00e9c\u00e8s de l&rsquo;ancien pr\u00e9sident irakien Jalal Talabani: Bensalah signe le\u00a0registre de condol\u00e9ances \u00e0 l&rsquo;ambassade d&rsquo;Irak<\/a><\/p>\n<!--CusAds0-->\n<div style=\"font-size: 0px; height: 0px; line-height: 0px; margin: 0; padding: 0; clear: both;\"><\/div>","protected":false},"excerpt":{"rendered":"<p>ALGER- Le pr\u00e9sident du Conseil de la nation, Abdelkader Bensalah, accompagn\u00e9 du ministre des Affaires Etrang\u00e8res, Abdelkader Messahel, a sign\u00e9 jeudi au nom du pr\u00e9sident de la R\u00e9publique, Abdelaziz\u00a0 Bouteflika, le registre de condol\u00e9ances au si\u00e8ge de l&rsquo;ambassade d&rsquo;Irak\u00a0 suite au d\u00e9c\u00e8s de l&rsquo;ancien pr\u00e9sident irakien, Jalal Talabani. &#013; &#013; \u00ab\u00a0C&rsquo;est avec une profonde affliction\u00a0que<\/p>\n","protected":false},"author":6,"featured_media":16610,"comment_status":"open","ping_status":"open","sticky":false,"template":"","format":"standard","meta":{"footnotes":""},"categories":[22],"tags":[93],"class_list":["post-16609","post","type-post","status-publish","format-standard","has-post-thumbnail","hentry","category-infos","tag-onu"],"yoast_head":"<!-- This site is optimized with the Yoast SEO plugin v27.5 - https:\/\/yoast.com\/product\/yoast-seo-wordpress\/ -->\n<title>D\u00e9c\u00e8s de l&#039;ancien pr\u00e9sident irakien Jalal Talabani: Bensalah signe le\u00a0registre de condol\u00e9ances \u00e0 l&#039;ambassade d&#039;Irak - info algerie<\/title>\n<meta name=\"robots\" content=\"index, follow, max-snippet:-1, max-image-preview:large, max-video-preview:-1\" \/>\n<link rel=\"canonical\" href=\"https:\/\/www.info-algerie.com\/actualites\/deces-de-lancien-president-irakien-jalal-talabani-bensalah-signe-le-registre-de-condoleances-a-lambassade-dirak\/\" \/>\n<meta property=\"og:locale\" content=\"fr_FR\" \/>\n<meta property=\"og:type\" content=\"article\" \/>\n<meta property=\"og:title\" content=\"D\u00e9c\u00e8s de l&#039;ancien pr\u00e9sident irakien Jalal Talabani: Bensalah signe le\u00a0registre de condol\u00e9ances \u00e0 l&#039;ambassade d&#039;Irak - info algerie\" \/>\n<meta property=\"og:description\" content=\"ALGER- Le pr\u00e9sident du Conseil de la nation, Abdelkader Bensalah, accompagn\u00e9 du ministre des Affaires Etrang\u00e8res, Abdelkader Messahel, a sign\u00e9 jeudi au nom du pr\u00e9sident de la R\u00e9publique, Abdelaziz\u00a0 Bouteflika, le registre de condol\u00e9ances au si\u00e8ge de l&rsquo;ambassade d&rsquo;Irak\u00a0 suite au d\u00e9c\u00e8s de l&rsquo;ancien pr\u00e9sident irakien, Jalal Talabani. &#013; &#013; \u00ab\u00a0C&rsquo;est avec une profonde affliction\u00a0que\" \/>\n<meta property=\"og:url\" content=\"https:\/\/www.info-algerie.com\/actualites\/deces-de-lancien-president-irakien-jalal-talabani-bensalah-signe-le-registre-de-condoleances-a-lambassade-dirak\/\" \/>\n<meta property=\"og:site_name\" content=\"info algerie\" \/>\n<meta property=\"article:publisher\" content=\"https:\/\/www.facebook.com\/infoalgerieactu\" \/>\n<meta property=\"article:published_time\" content=\"2017-10-06T13:29:25+00:00\" \/>\n<meta property=\"og:image\" content=\"https:\/\/www.info-algerie.com\/actualites\/wp-content\/uploads\/2017\/10\/a4106b914d5d836324a6a1355b69e419_S-1.jpg\" \/>\n\t<meta property=\"og:image:width\" content=\"280\" \/>\n\t<meta property=\"og:image:height\" content=\"197\" \/>\n\t<meta property=\"og:image:type\" content=\"image\/jpeg\" \/>\n<meta name=\"author\" content=\"La r\u00e9daction\" \/>\n<meta name=\"twitter:label1\" content=\"\u00c9crit par\" \/>\n\t<meta name=\"twitter:data1\" content=\"La r\u00e9daction\" \/>\n\t<meta name=\"twitter:label2\" content=\"Dur\u00e9e de lecture estim\u00e9e\" \/>\n\t<meta name=\"twitter:data2\" content=\"1 minute\" \/>\n<script type=\"application\/ld+json\" class=\"yoast-schema-graph\">{\"@context\":\"https:\\\/\\\/schema.org\",\"@graph\":[{\"@type\":\"Article\",\"@id\":\"https:\\\/\\\/www.info-algerie.com\\\/actualites\\\/deces-de-lancien-president-irakien-jalal-talabani-bensalah-signe-le-registre-de-condoleances-a-lambassade-dirak\\\/#article\",\"isPartOf\":{\"@id\":\"https:\\\/\\\/www.info-algerie.com\\\/actualites\\\/deces-de-lancien-president-irakien-jalal-talabani-bensalah-signe-le-registre-de-condoleances-a-lambassade-dirak\\\/\"},\"author\":{\"name\":\"La r\u00e9daction\",\"@id\":\"https:\\\/\\\/www.info-algerie.com\\\/actualites\\\/#\\\/schema\\\/person\\\/847aaec44920825b843a08f30ec6aa1e\"},\"headline\":\"D\u00e9c\u00e8s de l&#039;ancien pr\u00e9sident irakien Jalal Talabani: Bensalah signe le\u00a0registre de condol\u00e9ances \u00e0 l&#039;ambassade d&#039;Irak\",\"datePublished\":\"2017-10-06T13:29:25+00:00\",\"mainEntityOfPage\":{\"@id\":\"https:\\\/\\\/www.info-algerie.com\\\/actualites\\\/deces-de-lancien-president-irakien-jalal-talabani-bensalah-signe-le-registre-de-condoleances-a-lambassade-dirak\\\/\"},\"wordCount\":288,\"commentCount\":0,\"publisher\":{\"@id\":\"https:\\\/\\\/www.info-algerie.com\\\/actualites\\\/#organization\"},\"image\":{\"@id\":\"https:\\\/\\\/www.info-algerie.com\\\/actualites\\\/deces-de-lancien-president-irakien-jalal-talabani-bensalah-signe-le-registre-de-condoleances-a-lambassade-dirak\\\/#primaryimage\"},\"thumbnailUrl\":\"https:\\\/\\\/www.info-algerie.com\\\/actualites\\\/wp-content\\\/uploads\\\/2017\\\/10\\\/a4106b914d5d836324a6a1355b69e419_S-1.jpg\",\"keywords\":[\"ONU\"],\"articleSection\":[\"infos\"],\"inLanguage\":\"fr-FR\",\"potentialAction\":[{\"@type\":\"CommentAction\",\"name\":\"Comment\",\"target\":[\"https:\\\/\\\/www.info-algerie.com\\\/actualites\\\/deces-de-lancien-president-irakien-jalal-talabani-bensalah-signe-le-registre-de-condoleances-a-lambassade-dirak\\\/#respond\"]}]},{\"@type\":\"WebPage\",\"@id\":\"https:\\\/\\\/www.info-algerie.com\\\/actualites\\\/deces-de-lancien-president-irakien-jalal-talabani-bensalah-signe-le-registre-de-condoleances-a-lambassade-dirak\\\/\",\"url\":\"https:\\\/\\\/www.info-algerie.com\\\/actualites\\\/deces-de-lancien-president-irakien-jalal-talabani-bensalah-signe-le-registre-de-condoleances-a-lambassade-dirak\\\/\",\"name\":\"D\u00e9c\u00e8s de l&#039;ancien pr\u00e9sident irakien Jalal Talabani: Bensalah signe le\u00a0registre de condol\u00e9ances \u00e0 l&#039;ambassade d&#039;Irak - info algerie\",\"isPartOf\":{\"@id\":\"https:\\\/\\\/www.info-algerie.com\\\/actualites\\\/#website\"},\"primaryImageOfPage\":{\"@id\":\"https:\\\/\\\/www.info-algerie.com\\\/actualites\\\/deces-de-lancien-president-irakien-jalal-talabani-bensalah-signe-le-registre-de-condoleances-a-lambassade-dirak\\\/#primaryimage\"},\"image\":{\"@id\":\"https:\\\/\\\/www.info-algerie.com\\\/actualites\\\/deces-de-lancien-president-irakien-jalal-talabani-bensalah-signe-le-registre-de-condoleances-a-lambassade-dirak\\\/#primaryimage\"},\"thumbnailUrl\":\"https:\\\/\\\/www.info-algerie.com\\\/actualites\\\/wp-content\\\/uploads\\\/2017\\\/10\\\/a4106b914d5d836324a6a1355b69e419_S-1.jpg\",\"datePublished\":\"2017-10-06T13:29:25+00:00\",\"breadcrumb\":{\"@id\":\"https:\\\/\\\/www.info-algerie.com\\\/actualites\\\/deces-de-lancien-president-irakien-jalal-talabani-bensalah-signe-le-registre-de-condoleances-a-lambassade-dirak\\\/#breadcrumb\"},\"inLanguage\":\"fr-FR\",\"potentialAction\":[{\"@type\":\"ReadAction\",\"target\":[\"https:\\\/\\\/www.info-algerie.com\\\/actualites\\\/deces-de-lancien-president-irakien-jalal-talabani-bensalah-signe-le-registre-de-condoleances-a-lambassade-dirak\\\/\"]}]},{\"@type\":\"ImageObject\",\"inLanguage\":\"fr-FR\",\"@id\":\"https:\\\/\\\/www.info-algerie.com\\\/actualites\\\/deces-de-lancien-president-irakien-jalal-talabani-bensalah-signe-le-registre-de-condoleances-a-lambassade-dirak\\\/#primaryimage\",\"url\":\"https:\\\/\\\/www.info-algerie.com\\\/actualites\\\/wp-content\\\/uploads\\\/2017\\\/10\\\/a4106b914d5d836324a6a1355b69e419_S-1.jpg\",\"contentUrl\":\"https:\\\/\\\/www.info-algerie.com\\\/actualites\\\/wp-content\\\/uploads\\\/2017\\\/10\\\/a4106b914d5d836324a6a1355b69e419_S-1.jpg\",\"width\":280,\"height\":197},{\"@type\":\"BreadcrumbList\",\"@id\":\"https:\\\/\\\/www.info-algerie.com\\\/actualites\\\/deces-de-lancien-president-irakien-jalal-talabani-bensalah-signe-le-registre-de-condoleances-a-lambassade-dirak\\\/#breadcrumb\",\"itemListElement\":[{\"@type\":\"ListItem\",\"position\":1,\"name\":\"Accueil\",\"item\":\"https:\\\/\\\/www.info-algerie.com\\\/actualites\\\/\"},{\"@type\":\"ListItem\",\"position\":2,\"name\":\"D\u00e9c\u00e8s de l&#039;ancien pr\u00e9sident irakien Jalal Talabani: Bensalah signe le\u00a0registre de condol\u00e9ances \u00e0 l&#039;ambassade d&#039;Irak\"}]},{\"@type\":\"WebSite\",\"@id\":\"https:\\\/\\\/www.info-algerie.com\\\/actualites\\\/#website\",\"url\":\"https:\\\/\\\/www.info-algerie.com\\\/actualites\\\/\",\"name\":\"info algerie\",\"description\":\"Toutes les actualit\u00e9s\",\"publisher\":{\"@id\":\"https:\\\/\\\/www.info-algerie.com\\\/actualites\\\/#organization\"},\"potentialAction\":[{\"@type\":\"SearchAction\",\"target\":{\"@type\":\"EntryPoint\",\"urlTemplate\":\"https:\\\/\\\/www.info-algerie.com\\\/actualites\\\/?s={search_term_string}\"},\"query-input\":{\"@type\":\"PropertyValueSpecification\",\"valueRequired\":true,\"valueName\":\"search_term_string\"}}],\"inLanguage\":\"fr-FR\"},{\"@type\":\"Organization\",\"@id\":\"https:\\\/\\\/www.info-algerie.com\\\/actualites\\\/#organization\",\"name\":\"info algerie\",\"url\":\"https:\\\/\\\/www.info-algerie.com\\\/actualites\\\/\",\"logo\":{\"@type\":\"ImageObject\",\"inLanguage\":\"fr-FR\",\"@id\":\"https:\\\/\\\/www.info-algerie.com\\\/actualites\\\/#\\\/schema\\\/logo\\\/image\\\/\",\"url\":\"https:\\\/\\\/www.info-algerie.com\\\/actualites\\\/wp-content\\\/uploads\\\/2022\\\/07\\\/logo-ia-120.png\",\"contentUrl\":\"https:\\\/\\\/www.info-algerie.com\\\/actualites\\\/wp-content\\\/uploads\\\/2022\\\/07\\\/logo-ia-120.png\",\"width\":120,\"height\":43,\"caption\":\"info algerie\"},\"image\":{\"@id\":\"https:\\\/\\\/www.info-algerie.com\\\/actualites\\\/#\\\/schema\\\/logo\\\/image\\\/\"},\"sameAs\":[\"https:\\\/\\\/www.facebook.com\\\/infoalgerieactu\",\"https:\\\/\\\/x.com\\\/infoalgerie1\"]},{\"@type\":\"Person\",\"@id\":\"https:\\\/\\\/www.info-algerie.com\\\/actualites\\\/#\\\/schema\\\/person\\\/847aaec44920825b843a08f30ec6aa1e\",\"name\":\"La r\u00e9daction\",\"image\":{\"@type\":\"ImageObject\",\"inLanguage\":\"fr-FR\",\"@id\":\"https:\\\/\\\/secure.gravatar.com\\\/avatar\\\/769db425c6f465158149f1ffd6cf61ce7a8a879d11dfbef8288af36dfddd418c?s=96&d=mm&r=g\",\"url\":\"https:\\\/\\\/secure.gravatar.com\\\/avatar\\\/769db425c6f465158149f1ffd6cf61ce7a8a879d11dfbef8288af36dfddd418c?s=96&d=mm&r=g\",\"contentUrl\":\"https:\\\/\\\/secure.gravatar.com\\\/avatar\\\/769db425c6f465158149f1ffd6cf61ce7a8a879d11dfbef8288af36dfddd418c?s=96&d=mm&r=g\",\"caption\":\"La r\u00e9daction\"},\"sameAs\":[\"http:\\\/\\\/www.lkeria.com\\\/\"],\"url\":\"https:\\\/\\\/www.info-algerie.com\\\/actualites\\\/author\\\/chakib32\\\/\"}]}<\/script>\n<!-- \/ Yoast SEO plugin. -->","yoast_head_json":{"title":"D\u00e9c\u00e8s de l&#039;ancien pr\u00e9sident irakien Jalal Talabani: Bensalah signe le\u00a0registre de condol\u00e9ances \u00e0 l&#039;ambassade d&#039;Irak - info algerie","robots":{"index":"index","follow":"follow","max-snippet":"max-snippet:-1","max-image-preview":"max-image-preview:large","max-video-preview":"max-video-preview:-1"},"canonical":"https:\/\/www.info-algerie.com\/actualites\/deces-de-lancien-president-irakien-jalal-talabani-bensalah-signe-le-registre-de-condoleances-a-lambassade-dirak\/","og_locale":"fr_FR","og_type":"article","og_title":"D\u00e9c\u00e8s de l&#039;ancien pr\u00e9sident irakien Jalal Talabani: Bensalah signe le\u00a0registre de condol\u00e9ances \u00e0 l&#039;ambassade d&#039;Irak - info algerie","og_description":"ALGER- Le pr\u00e9sident du Conseil de la nation, Abdelkader Bensalah, accompagn\u00e9 du ministre des Affaires Etrang\u00e8res, Abdelkader Messahel, a sign\u00e9 jeudi au nom du pr\u00e9sident de la R\u00e9publique, Abdelaziz\u00a0 Bouteflika, le registre de condol\u00e9ances au si\u00e8ge de l&rsquo;ambassade d&rsquo;Irak\u00a0 suite au d\u00e9c\u00e8s de l&rsquo;ancien pr\u00e9sident irakien, Jalal Talabani. &#013; &#013; \u00ab\u00a0C&rsquo;est avec une profonde affliction\u00a0que","og_url":"https:\/\/www.info-algerie.com\/actualites\/deces-de-lancien-president-irakien-jalal-talabani-bensalah-signe-le-registre-de-condoleances-a-lambassade-dirak\/","og_site_name":"info algerie","article_publisher":"https:\/\/www.facebook.com\/infoalgerieactu","article_published_time":"2017-10-06T13:29:25+00:00","og_image":[{"width":280,"height":197,"url":"https:\/\/www.info-algerie.com\/actualites\/wp-content\/uploads\/2017\/10\/a4106b914d5d836324a6a1355b69e419_S-1.jpg","type":"image\/jpeg"}],"author":"La r\u00e9daction","twitter_misc":{"\u00c9crit par":"La r\u00e9daction","Dur\u00e9e de lecture estim\u00e9e":"1 minute"},"schema":{"@context":"https:\/\/schema.org","@graph":[{"@type":"Article","@id":"https:\/\/www.info-algerie.com\/actualites\/deces-de-lancien-president-irakien-jalal-talabani-bensalah-signe-le-registre-de-condoleances-a-lambassade-dirak\/#article","isPartOf":{"@id":"https:\/\/www.info-algerie.com\/actualites\/deces-de-lancien-president-irakien-jalal-talabani-bensalah-signe-le-registre-de-condoleances-a-lambassade-dirak\/"},"author":{"name":"La r\u00e9daction","@id":"https:\/\/www.info-algerie.com\/actualites\/#\/schema\/person\/847aaec44920825b843a08f30ec6aa1e"},"headline":"D\u00e9c\u00e8s de l&#039;ancien pr\u00e9sident irakien Jalal Talabani: Bensalah signe le\u00a0registre de condol\u00e9ances \u00e0 l&#039;ambassade d&#039;Irak","datePublished":"2017-10-06T13:29:25+00:00","mainEntityOfPage":{"@id":"https:\/\/www.info-algerie.com\/actualites\/deces-de-lancien-president-irakien-jalal-talabani-bensalah-signe-le-registre-de-condoleances-a-lambassade-dirak\/"},"wordCount":288,"commentCount":0,"publisher":{"@id":"https:\/\/www.info-algerie.com\/actualites\/#organization"},"image":{"@id":"https:\/\/www.info-algerie.com\/actualites\/deces-de-lancien-president-irakien-jalal-talabani-bensalah-signe-le-registre-de-condoleances-a-lambassade-dirak\/#primaryimage"},"thumbnailUrl":"https:\/\/www.info-algerie.com\/actualites\/wp-content\/uploads\/2017\/10\/a4106b914d5d836324a6a1355b69e419_S-1.jpg","keywords":["ONU"],"articleSection":["infos"],"inLanguage":"fr-FR","potentialAction":[{"@type":"CommentAction","name":"Comment","target":["https:\/\/www.info-algerie.com\/actualites\/deces-de-lancien-president-irakien-jalal-talabani-bensalah-signe-le-registre-de-condoleances-a-lambassade-dirak\/#respond"]}]},{"@type":"WebPage","@id":"https:\/\/www.info-algerie.com\/actualites\/deces-de-lancien-president-irakien-jalal-talabani-bensalah-signe-le-registre-de-condoleances-a-lambassade-dirak\/","url":"https:\/\/www.info-algerie.com\/actualites\/deces-de-lancien-president-irakien-jalal-talabani-bensalah-signe-le-registre-de-condoleances-a-lambassade-dirak\/","name":"D\u00e9c\u00e8s de l&#039;ancien pr\u00e9sident irakien Jalal Talabani: Bensalah signe le\u00a0registre de condol\u00e9ances \u00e0 l&#039;ambassade d&#039;Irak - info algerie","isPartOf":{"@id":"https:\/\/www.info-algerie.com\/actualites\/#website"},"primaryImageOfPage":{"@id":"https:\/\/www.info-algerie.com\/actualites\/deces-de-lancien-president-irakien-jalal-talabani-bensalah-signe-le-registre-de-condoleances-a-lambassade-dirak\/#primaryimage"},"image":{"@id":"https:\/\/www.info-algerie.com\/actualites\/deces-de-lancien-president-irakien-jalal-talabani-bensalah-signe-le-registre-de-condoleances-a-lambassade-dirak\/#primaryimage"},"thumbnailUrl":"https:\/\/www.info-algerie.com\/actualites\/wp-content\/uploads\/2017\/10\/a4106b914d5d836324a6a1355b69e419_S-1.jpg","datePublished":"2017-10-06T13:29:25+00:00","breadcrumb":{"@id":"https:\/\/www.info-algerie.com\/actualites\/deces-de-lancien-president-irakien-jalal-talabani-bensalah-signe-le-registre-de-condoleances-a-lambassade-dirak\/#breadcrumb"},"inLanguage":"fr-FR","potentialAction":[{"@type":"ReadAction","target":["https:\/\/www.info-algerie.com\/actualites\/deces-de-lancien-president-irakien-jalal-talabani-bensalah-signe-le-registre-de-condoleances-a-lambassade-dirak\/"]}]},{"@type":"ImageObject","inLanguage":"fr-FR","@id":"https:\/\/www.info-algerie.com\/actualites\/deces-de-lancien-president-irakien-jalal-talabani-bensalah-signe-le-registre-de-condoleances-a-lambassade-dirak\/#primaryimage","url":"https:\/\/www.info-algerie.com\/actualites\/wp-content\/uploads\/2017\/10\/a4106b914d5d836324a6a1355b69e419_S-1.jpg","contentUrl":"https:\/\/www.info-algerie.com\/actualites\/wp-content\/uploads\/2017\/10\/a4106b914d5d836324a6a1355b69e419_S-1.jpg","width":280,"height":197},{"@type":"BreadcrumbList","@id":"https:\/\/www.info-algerie.com\/actualites\/deces-de-lancien-president-irakien-jalal-talabani-bensalah-signe-le-registre-de-condoleances-a-lambassade-dirak\/#breadcrumb","itemListElement":[{"@type":"ListItem","position":1,"name":"Accueil","item":"https:\/\/www.info-algerie.com\/actualites\/"},{"@type":"ListItem","position":2,"name":"D\u00e9c\u00e8s de l&#039;ancien pr\u00e9sident irakien Jalal Talabani: Bensalah signe le\u00a0registre de condol\u00e9ances \u00e0 l&#039;ambassade d&#039;Irak"}]},{"@type":"WebSite","@id":"https:\/\/www.info-algerie.com\/actualites\/#website","url":"https:\/\/www.info-algerie.com\/actualites\/","name":"info algerie","description":"Toutes les actualit\u00e9s","publisher":{"@id":"https:\/\/www.info-algerie.com\/actualites\/#organization"},"potentialAction":[{"@type":"SearchAction","target":{"@type":"EntryPoint","urlTemplate":"https:\/\/www.info-algerie.com\/actualites\/?s={search_term_string}"},"query-input":{"@type":"PropertyValueSpecification","valueRequired":true,"valueName":"search_term_string"}}],"inLanguage":"fr-FR"},{"@type":"Organization","@id":"https:\/\/www.info-algerie.com\/actualites\/#organization","name":"info algerie","url":"https:\/\/www.info-algerie.com\/actualites\/","logo":{"@type":"ImageObject","inLanguage":"fr-FR","@id":"https:\/\/www.info-algerie.com\/actualites\/#\/schema\/logo\/image\/","url":"https:\/\/www.info-algerie.com\/actualites\/wp-content\/uploads\/2022\/07\/logo-ia-120.png","contentUrl":"https:\/\/www.info-algerie.com\/actualites\/wp-content\/uploads\/2022\/07\/logo-ia-120.png","width":120,"height":43,"caption":"info algerie"},"image":{"@id":"https:\/\/www.info-algerie.com\/actualites\/#\/schema\/logo\/image\/"},"sameAs":["https:\/\/www.facebook.com\/infoalgerieactu","https:\/\/x.com\/infoalgerie1"]},{"@type":"Person","@id":"https:\/\/www.info-algerie.com\/actualites\/#\/schema\/person\/847aaec44920825b843a08f30ec6aa1e","name":"La r\u00e9daction","image":{"@type":"ImageObject","inLanguage":"fr-FR","@id":"https:\/\/secure.gravatar.com\/avatar\/769db425c6f465158149f1ffd6cf61ce7a8a879d11dfbef8288af36dfddd418c?s=96&d=mm&r=g","url":"https:\/\/secure.gravatar.com\/avatar\/769db425c6f465158149f1ffd6cf61ce7a8a879d11dfbef8288af36dfddd418c?s=96&d=mm&r=g","contentUrl":"https:\/\/secure.gravatar.com\/avatar\/769db425c6f465158149f1ffd6cf61ce7a8a879d11dfbef8288af36dfddd418c?s=96&d=mm&r=g","caption":"La r\u00e9daction"},"sameAs":["http:\/\/www.lkeria.com\/"],"url":"https:\/\/www.info-algerie.com\/actualites\/author\/chakib32\/"}]}},"_links":{"self":[{"href":"https:\/\/www.info-algerie.com\/actualites\/wp-json\/wp\/v2\/posts\/16609","targetHints":{"allow":["GET"]}}],"collection":[{"href":"https:\/\/www.info-algerie.com\/actualites\/wp-json\/wp\/v2\/posts"}],"about":[{"href":"https:\/\/www.info-algerie.com\/actualites\/wp-json\/wp\/v2\/types\/post"}],"author":[{"embeddable":true,"href":"https:\/\/www.info-algerie.com\/actualites\/wp-json\/wp\/v2\/users\/6"}],"replies":[{"embeddable":true,"href":"https:\/\/www.info-algerie.com\/actualites\/wp-json\/wp\/v2\/comments?post=16609"}],"version-history":[{"count":0,"href":"https:\/\/www.info-algerie.com\/actualites\/wp-json\/wp\/v2\/posts\/16609\/revisions"}],"wp:featuredmedia":[{"embeddable":true,"href":"https:\/\/www.info-algerie.com\/actualites\/wp-json\/wp\/v2\/media\/16610"}],"wp:attachment":[{"href":"https:\/\/www.info-algerie.com\/actualites\/wp-json\/wp\/v2\/media?parent=16609"}],"wp:term":[{"taxonomy":"category","embeddable":true,"href":"https:\/\/www.info-algerie.com\/actualites\/wp-json\/wp\/v2\/categories?post=16609"},{"taxonomy":"post_tag","embeddable":true,"href":"https:\/\/www.info-algerie.com\/actualites\/wp-json\/wp\/v2\/tags?post=16609"}],"curies":[{"name":"wp","href":"https:\/\/api.w.org\/{rel}","templated":true}]}}