{"id":16613,"date":"2017-10-06T15:35:36","date_gmt":"2017-10-06T14:35:36","guid":{"rendered":"http:\/\/www.info-algerie.com\/actualites\/la-lutte-contre-le-terrorisme-ne-peut-se-limiter-a-la-seule-dimension-repressive-souligne-lalgerie-a-lonu\/"},"modified":"2017-10-06T15:35:36","modified_gmt":"2017-10-06T14:35:36","slug":"la-lutte-contre-le-terrorisme-ne-peut-se-limiter-a-la-seule-dimension-repressive-souligne-lalgerie-a-lonu","status":"publish","type":"post","link":"https:\/\/www.info-algerie.com\/actualites\/la-lutte-contre-le-terrorisme-ne-peut-se-limiter-a-la-seule-dimension-repressive-souligne-lalgerie-a-lonu\/","title":{"rendered":"La lutte contre le terrorisme ne peut se limiter \u00e0 la seule dimension r\u00e9pressive, souligne l\u2019Alg\u00e9rie \u00e0 l&#039;ONU"},"content":{"rendered":"<div class=\"K2FeedImage\"><img decoding=\"async\" src=\"https:\/\/www.info-algerie.com\/actualites\/wp-content\/uploads\/2017\/10\/9646ef483657980ac16e76540d4ad610_S.jpg\" alt=\"La lutte contre le terrorisme ne peut se limiter &#xE0; la seule dimension r&#xE9;pressive, souligne l&#x2019;Alg&#xE9;rie &#xE0; l'ONU\" \/><\/div>\n<div class=\"K2FeedIntroText\">\n<p>NEW YORK- La lutte contre le terrorisme ne peut se borner\u00a0 \u00e0 la seule dimension r\u00e9pressive, et \u00a0\u00bb reste incompl\u00e8te \u00a0\u00bb si elle repose\u00a0uniquement sur les moyens s\u00e9curitaires, a d\u00e9clar\u00e9 \u00e0 New York le\u00a0 repr\u00e9sentant permanent de l\u2019Alg\u00e9rie aupr\u00e8s de l\u2019ONU, M. Sabri Boukadoum.<\/p>\n<p>&#013;\n<\/p><\/div>\n<div class=\"K2FeedFullText\">&#013;<\/p>\n<p>\u00ab\u00a0L\u2019Alg\u00e9rie est fermement convaincue que la pr\u00e9vention et la lutte contre\u00a0 le terrorisme exigent encore un haut niveau de vigilance, de mobilisation \u00a0et de coop\u00e9ration \u00e0 multiples facettes aux niveaux national, r\u00e9gional et\u00a0 international \u00ab\u00a0, a d\u00e9clar\u00e9 M. Boukadoum lors des travaux sur la promotion\u00a0 de l&rsquo;\u00e9tat de droit organis\u00e9s par la sixi\u00e8me commission charg\u00e9e des\u00a0 questions juridiques.<\/p>\n<p>&#013;<\/p>\n<p>Et d\u2019ajouter \u00a0\u00bb il est clair que cette bataille ne peut se limiter\u00a0 exclusivement \u00e0 la dimension r\u00e9pressive, mais doit d\u00e9ployer, en amont et en\u00a0 aval, une strat\u00e9gie politique coh\u00e9rente\u00a0\u00bb.<\/p>\n<p>&#013;<\/p>\n<p>Le repr\u00e9sentant de l\u2019Alg\u00e9rie a estim\u00e9 dans ce contexte que le combat\u00a0 contre le terrorisme reposant uniquement sur les moyens s\u00e9curitaires \u00a0\u00bb sera\u00a0 toujours incomplet \u00ab\u00a0.<\/p>\n<p>&#013;<\/p>\n<p>\u00ab\u00a0Tout espoir de succ\u00e8s exige la participation active de l\u2019ensemble des\u00a0 institutions nationales, des parties prenantes et des citoyens\u00a0\u00bb, a-t-il\u00a0 encha\u00een\u00e9.<\/p>\n<p>&#013;<\/p>\n<p>Evoquant l\u2019exp\u00e9rience alg\u00e9rienne en mati\u00e8re de lutte antiterroriste, M. Boukadoum a soulign\u00e9 que \u00a0\u00bb les importantes \u00e9tapes qualitatives\u00a0\u00bb\u00a0 enregistr\u00e9es dans ce domaine consolidaient les r\u00e9sultats de la politique de\u00a0 r\u00e9conciliation historique, pr\u00e9sent\u00e9e par le pr\u00e9sident de la R\u00e9publique, M.\u00a0 Abdelaziz Bouteflika, sous forme d\u2019une charte pour la paix et la\u00a0 r\u00e9conciliation nationale et approuv\u00e9e par une \u00e9crasante majorit\u00e9 du peuple\u00a0 alg\u00e9rien lors d\u2019un vote r\u00e9f\u00e9rendaire.<\/p>\n<p>&#013;<\/p>\n<p>L\u2019ambassadeur a tenu \u00e0 relever que l\u2019Alg\u00e9rie a \u0153uvr\u00e9 \u00e0 am\u00e9liorer la\u00a0 coop\u00e9ration r\u00e9gionale et internationale dans ce domaine avant m\u00eame \u00ab\u00a0la\u00a0 manifestation de grands actes de terrorisme\u00a0\u00bb que le monde a connus.<\/p>\n<p>&#013;<\/p>\n<p>\u00ab\u00a0L&rsquo;Alg\u00e9rie a \u0153uvr\u00e9 d\u00e8s le d\u00e9but \u00e0 renforcer la lutte contre le terrorisme\u00a0 au niveau africain \u00a0\u00bb en participant \u00e0 \u00ab\u00a0la cr\u00e9ation de plusieurs instruments\u00a0 qui jouent aujourd\u2019hui un r\u00f4le important dans l\u2019am\u00e9lioration de\u00a0 l\u2019efficacit\u00e9 de la lutte antiterroriste\u00a0\u00bb dans le continent.<\/p>\n<p>&#013;<\/p>\n<p>Il a rappel\u00e9 \u00e0 cet \u00e9gard le m\u00e9morandum du pr\u00e9sident de la R\u00e9publique, M.\u00a0 Abdelaziz Bouteflika, sur la lutte contre le terrorisme et l\u2019extr\u00e9misme\u00a0 violent en Afrique, adopt\u00e9 \u00e0 l\u2019unanimit\u00e9 par les chefs d\u2019Etats et de\u00a0 gouvernements africains lors du dernier sommet de l\u2019Union africaine qui\u00a0 s\u2019est tenu en juillet dernier \u00e0 Addis Abeba.<\/p>\n<p>&#013;<\/p>\n<p>Le m\u00e9morandum que le pr\u00e9sident Abdelaziz Bouteflika a pr\u00e9sent\u00e9 en sa\u00a0 qualit\u00e9 de Coordonnateur de l&rsquo;Afrique pour la lutte contre le terrorisme et\u00a0 l\u2019extr\u00e9misme violent se d\u00e9cline en sept axes prioritaires relatifs aux\u00a0 actions de la lutte antiterroriste dans le continent, a not\u00e9 M. Boukadoum\u00a0 en expliquant \u00e0 la sixi\u00e8me commission que ce document servira de plateforme\u00a0 pour la coop\u00e9ration entre l\u2019Afrique et la communaut\u00e9 internationale dans ce\u00a0 domaine.<\/p>\n<p>&#013;<\/p>\n<p>Dans la r\u00e9gion du Sahel, qui exige la coordination et le renforcement des\u00a0 capacit\u00e9s des pays pour lutter contre le terrorisme, l&rsquo;Alg\u00e9rie s&rsquo;est\u00a0 engag\u00e9e dans une approche concert\u00e9e \u00e0 travers de nombreux m\u00e9canismes de\u00a0 coop\u00e9ration, a indiqu\u00e9 le chef de la d\u00e9l\u00e9gation alg\u00e9rienne \u00e0 l\u2019ONU, citant\u00a0 en cela le groupe de travail sur le renforcement des capacit\u00e9s de lutte\u00a0 contre le terrorisme dans la r\u00e9gion du Sahel, que l\u2019Alg\u00e9rie copr\u00e9side avec\u00a0 le Canada dans le cadre du Forum mondial de lutte contre le terrorisme ainsi que le Comit\u00e9 d\u2019\u00e9tat-major op\u00e9rationnel conjoint (CEMOC).<\/p>\n<p>&#013;<\/p>\n<p>Au plan r\u00e9gional, l&rsquo;Alg\u00e9rie continue \u00e9galement \u00e0 contribuer \u00e0 la\u00a0 stabilisation et \u00e0 la promotion de la paix dans la r\u00e9gion du Maghreb, au\u00a0nord du Mali et au Sahel dans le plein respect des principes universels de\u00a0 souverainet\u00e9 des Etats et de la non ing\u00e9rence dans les affaires internes\u00a0 d\u2019autres pays, a poursuivi l\u2019ambassadeur.<\/p>\n<p>&#013;<\/p>\n<p>Dans le m\u00eame sillage, il a renouvel\u00e9 l&rsquo;appui de l\u2019Alg\u00e9rie \u00e0 la strat\u00e9gie\u00a0 antiterroriste de l\u2019ONU, en d\u00e9clarant qu\u2019il \u00e9tait \u00a0\u00bb primordial \u00a0\u00bb de\u00a0consolider les efforts pour l\u2019\u00e9change d\u2019expertise en la mati\u00e8re et le\u00a0 renforcement de la coop\u00e9ration aux niveaux bilat\u00e9ral, r\u00e9gional et\u00a0international.<\/p>\n<p>&#013;<\/p>\n<p>Le repr\u00e9sentant de l\u2019Alg\u00e9rie a tenu \u00e9galement \u00e0 pr\u00e9ciser que la lutte\u00a0 contre l\u2019extr\u00e9misme violent doit \u00e9galement inclure le rejet de tout acte de\u00a0 x\u00e9nophobie et d\u2019islamophobie.<\/p>\n<p>&#013;<\/p>\n<p>Boukadoum a saisi cette occasion pour r\u00e9it\u00e9rer, au nom de l\u2019Alg\u00e9rie, sa\u00a0 plus ferme condamnation du terrorisme sous toutes ses formes et dans toutes\u00a0 ses manifestations.\u00a0<\/p>\n<\/div>\n<p>&#013;<br \/>\nSource: <a href=\"http:\/\/www.aps.dz\/algerie\/63633-la-lutte-contre-le-terrorisme-ne-peut-se-limiter-a-la-seule-dimension-repressive-souligne-l-algerie-a-l-onu\" target=\"_blank\">La lutte contre le terrorisme ne peut se limiter \u00e0 la seule dimension r\u00e9pressive, souligne l\u2019Alg\u00e9rie \u00e0 l&rsquo;ONU<\/a><\/p>\n<!--CusAds0-->\n<div style=\"font-size: 0px; height: 0px; line-height: 0px; margin: 0; padding: 0; clear: both;\"><\/div>","protected":false},"excerpt":{"rendered":"<p>NEW YORK- La lutte contre le terrorisme ne peut se borner\u00a0 \u00e0 la seule dimension r\u00e9pressive, et \u00a0\u00bb reste incompl\u00e8te \u00a0\u00bb si elle repose\u00a0uniquement sur les moyens s\u00e9curitaires, a d\u00e9clar\u00e9 \u00e0 New York le\u00a0 repr\u00e9sentant permanent de l\u2019Alg\u00e9rie aupr\u00e8s de l\u2019ONU, M. Sabri Boukadoum. &#013; &#013; \u00ab\u00a0L\u2019Alg\u00e9rie est fermement convaincue que la pr\u00e9vention et la<\/p>\n","protected":false},"author":6,"featured_media":16614,"comment_status":"open","ping_status":"open","sticky":false,"template":"","format":"standard","meta":{"footnotes":""},"categories":[22],"tags":[93],"class_list":["post-16613","post","type-post","status-publish","format-standard","has-post-thumbnail","hentry","category-infos","tag-onu"],"yoast_head":"<!-- This site is optimized with the Yoast SEO plugin v27.5 - https:\/\/yoast.com\/product\/yoast-seo-wordpress\/ -->\n<title>La lutte contre le terrorisme ne peut se limiter \u00e0 la seule dimension r\u00e9pressive, souligne l\u2019Alg\u00e9rie \u00e0 l&#039;ONU - info algerie<\/title>\n<meta name=\"robots\" content=\"index, follow, max-snippet:-1, max-image-preview:large, max-video-preview:-1\" \/>\n<link rel=\"canonical\" href=\"https:\/\/www.info-algerie.com\/actualites\/la-lutte-contre-le-terrorisme-ne-peut-se-limiter-a-la-seule-dimension-repressive-souligne-lalgerie-a-lonu\/\" \/>\n<meta property=\"og:locale\" content=\"fr_FR\" \/>\n<meta property=\"og:type\" content=\"article\" \/>\n<meta property=\"og:title\" content=\"La lutte contre le terrorisme ne peut se limiter \u00e0 la seule dimension r\u00e9pressive, souligne l\u2019Alg\u00e9rie \u00e0 l&#039;ONU - info algerie\" \/>\n<meta property=\"og:description\" content=\"NEW YORK- La lutte contre le terrorisme ne peut se borner\u00a0 \u00e0 la seule dimension r\u00e9pressive, et \u00a0\u00bb reste incompl\u00e8te \u00a0\u00bb si elle repose\u00a0uniquement sur les moyens s\u00e9curitaires, a d\u00e9clar\u00e9 \u00e0 New York le\u00a0 repr\u00e9sentant permanent de l\u2019Alg\u00e9rie aupr\u00e8s de l\u2019ONU, M. Sabri Boukadoum. &#013; &#013; \u00ab\u00a0L\u2019Alg\u00e9rie est fermement convaincue que la pr\u00e9vention et la\" \/>\n<meta property=\"og:url\" content=\"https:\/\/www.info-algerie.com\/actualites\/la-lutte-contre-le-terrorisme-ne-peut-se-limiter-a-la-seule-dimension-repressive-souligne-lalgerie-a-lonu\/\" \/>\n<meta property=\"og:site_name\" content=\"info algerie\" \/>\n<meta property=\"article:publisher\" content=\"https:\/\/www.facebook.com\/infoalgerieactu\" \/>\n<meta property=\"article:published_time\" content=\"2017-10-06T14:35:36+00:00\" \/>\n<meta property=\"og:image\" content=\"https:\/\/www.info-algerie.com\/actualites\/wp-content\/uploads\/2017\/10\/9646ef483657980ac16e76540d4ad610_S-1.jpg\" \/>\n\t<meta property=\"og:image:width\" content=\"280\" \/>\n\t<meta property=\"og:image:height\" content=\"169\" \/>\n\t<meta property=\"og:image:type\" content=\"image\/jpeg\" \/>\n<meta name=\"author\" content=\"La r\u00e9daction\" \/>\n<meta name=\"twitter:label1\" content=\"\u00c9crit par\" \/>\n\t<meta name=\"twitter:data1\" content=\"La r\u00e9daction\" \/>\n\t<meta name=\"twitter:label2\" content=\"Dur\u00e9e de lecture estim\u00e9e\" \/>\n\t<meta name=\"twitter:data2\" content=\"4 minutes\" \/>\n<script type=\"application\/ld+json\" class=\"yoast-schema-graph\">{\"@context\":\"https:\\\/\\\/schema.org\",\"@graph\":[{\"@type\":\"Article\",\"@id\":\"https:\\\/\\\/www.info-algerie.com\\\/actualites\\\/la-lutte-contre-le-terrorisme-ne-peut-se-limiter-a-la-seule-dimension-repressive-souligne-lalgerie-a-lonu\\\/#article\",\"isPartOf\":{\"@id\":\"https:\\\/\\\/www.info-algerie.com\\\/actualites\\\/la-lutte-contre-le-terrorisme-ne-peut-se-limiter-a-la-seule-dimension-repressive-souligne-lalgerie-a-lonu\\\/\"},\"author\":{\"name\":\"La r\u00e9daction\",\"@id\":\"https:\\\/\\\/www.info-algerie.com\\\/actualites\\\/#\\\/schema\\\/person\\\/847aaec44920825b843a08f30ec6aa1e\"},\"headline\":\"La lutte contre le terrorisme ne peut se limiter \u00e0 la seule dimension r\u00e9pressive, souligne l\u2019Alg\u00e9rie \u00e0 l&#039;ONU\",\"datePublished\":\"2017-10-06T14:35:36+00:00\",\"mainEntityOfPage\":{\"@id\":\"https:\\\/\\\/www.info-algerie.com\\\/actualites\\\/la-lutte-contre-le-terrorisme-ne-peut-se-limiter-a-la-seule-dimension-repressive-souligne-lalgerie-a-lonu\\\/\"},\"wordCount\":838,\"commentCount\":0,\"publisher\":{\"@id\":\"https:\\\/\\\/www.info-algerie.com\\\/actualites\\\/#organization\"},\"image\":{\"@id\":\"https:\\\/\\\/www.info-algerie.com\\\/actualites\\\/la-lutte-contre-le-terrorisme-ne-peut-se-limiter-a-la-seule-dimension-repressive-souligne-lalgerie-a-lonu\\\/#primaryimage\"},\"thumbnailUrl\":\"https:\\\/\\\/www.info-algerie.com\\\/actualites\\\/wp-content\\\/uploads\\\/2017\\\/10\\\/9646ef483657980ac16e76540d4ad610_S-1.jpg\",\"keywords\":[\"ONU\"],\"articleSection\":[\"infos\"],\"inLanguage\":\"fr-FR\",\"potentialAction\":[{\"@type\":\"CommentAction\",\"name\":\"Comment\",\"target\":[\"https:\\\/\\\/www.info-algerie.com\\\/actualites\\\/la-lutte-contre-le-terrorisme-ne-peut-se-limiter-a-la-seule-dimension-repressive-souligne-lalgerie-a-lonu\\\/#respond\"]}]},{\"@type\":\"WebPage\",\"@id\":\"https:\\\/\\\/www.info-algerie.com\\\/actualites\\\/la-lutte-contre-le-terrorisme-ne-peut-se-limiter-a-la-seule-dimension-repressive-souligne-lalgerie-a-lonu\\\/\",\"url\":\"https:\\\/\\\/www.info-algerie.com\\\/actualites\\\/la-lutte-contre-le-terrorisme-ne-peut-se-limiter-a-la-seule-dimension-repressive-souligne-lalgerie-a-lonu\\\/\",\"name\":\"La lutte contre le terrorisme ne peut se limiter \u00e0 la seule dimension r\u00e9pressive, souligne l\u2019Alg\u00e9rie \u00e0 l&#039;ONU - info algerie\",\"isPartOf\":{\"@id\":\"https:\\\/\\\/www.info-algerie.com\\\/actualites\\\/#website\"},\"primaryImageOfPage\":{\"@id\":\"https:\\\/\\\/www.info-algerie.com\\\/actualites\\\/la-lutte-contre-le-terrorisme-ne-peut-se-limiter-a-la-seule-dimension-repressive-souligne-lalgerie-a-lonu\\\/#primaryimage\"},\"image\":{\"@id\":\"https:\\\/\\\/www.info-algerie.com\\\/actualites\\\/la-lutte-contre-le-terrorisme-ne-peut-se-limiter-a-la-seule-dimension-repressive-souligne-lalgerie-a-lonu\\\/#primaryimage\"},\"thumbnailUrl\":\"https:\\\/\\\/www.info-algerie.com\\\/actualites\\\/wp-content\\\/uploads\\\/2017\\\/10\\\/9646ef483657980ac16e76540d4ad610_S-1.jpg\",\"datePublished\":\"2017-10-06T14:35:36+00:00\",\"breadcrumb\":{\"@id\":\"https:\\\/\\\/www.info-algerie.com\\\/actualites\\\/la-lutte-contre-le-terrorisme-ne-peut-se-limiter-a-la-seule-dimension-repressive-souligne-lalgerie-a-lonu\\\/#breadcrumb\"},\"inLanguage\":\"fr-FR\",\"potentialAction\":[{\"@type\":\"ReadAction\",\"target\":[\"https:\\\/\\\/www.info-algerie.com\\\/actualites\\\/la-lutte-contre-le-terrorisme-ne-peut-se-limiter-a-la-seule-dimension-repressive-souligne-lalgerie-a-lonu\\\/\"]}]},{\"@type\":\"ImageObject\",\"inLanguage\":\"fr-FR\",\"@id\":\"https:\\\/\\\/www.info-algerie.com\\\/actualites\\\/la-lutte-contre-le-terrorisme-ne-peut-se-limiter-a-la-seule-dimension-repressive-souligne-lalgerie-a-lonu\\\/#primaryimage\",\"url\":\"https:\\\/\\\/www.info-algerie.com\\\/actualites\\\/wp-content\\\/uploads\\\/2017\\\/10\\\/9646ef483657980ac16e76540d4ad610_S-1.jpg\",\"contentUrl\":\"https:\\\/\\\/www.info-algerie.com\\\/actualites\\\/wp-content\\\/uploads\\\/2017\\\/10\\\/9646ef483657980ac16e76540d4ad610_S-1.jpg\",\"width\":280,\"height\":169},{\"@type\":\"BreadcrumbList\",\"@id\":\"https:\\\/\\\/www.info-algerie.com\\\/actualites\\\/la-lutte-contre-le-terrorisme-ne-peut-se-limiter-a-la-seule-dimension-repressive-souligne-lalgerie-a-lonu\\\/#breadcrumb\",\"itemListElement\":[{\"@type\":\"ListItem\",\"position\":1,\"name\":\"Accueil\",\"item\":\"https:\\\/\\\/www.info-algerie.com\\\/actualites\\\/\"},{\"@type\":\"ListItem\",\"position\":2,\"name\":\"La lutte contre le terrorisme ne peut se limiter \u00e0 la seule dimension r\u00e9pressive, souligne l\u2019Alg\u00e9rie \u00e0 l&#039;ONU\"}]},{\"@type\":\"WebSite\",\"@id\":\"https:\\\/\\\/www.info-algerie.com\\\/actualites\\\/#website\",\"url\":\"https:\\\/\\\/www.info-algerie.com\\\/actualites\\\/\",\"name\":\"info algerie\",\"description\":\"Toutes les actualit\u00e9s\",\"publisher\":{\"@id\":\"https:\\\/\\\/www.info-algerie.com\\\/actualites\\\/#organization\"},\"potentialAction\":[{\"@type\":\"SearchAction\",\"target\":{\"@type\":\"EntryPoint\",\"urlTemplate\":\"https:\\\/\\\/www.info-algerie.com\\\/actualites\\\/?s={search_term_string}\"},\"query-input\":{\"@type\":\"PropertyValueSpecification\",\"valueRequired\":true,\"valueName\":\"search_term_string\"}}],\"inLanguage\":\"fr-FR\"},{\"@type\":\"Organization\",\"@id\":\"https:\\\/\\\/www.info-algerie.com\\\/actualites\\\/#organization\",\"name\":\"info algerie\",\"url\":\"https:\\\/\\\/www.info-algerie.com\\\/actualites\\\/\",\"logo\":{\"@type\":\"ImageObject\",\"inLanguage\":\"fr-FR\",\"@id\":\"https:\\\/\\\/www.info-algerie.com\\\/actualites\\\/#\\\/schema\\\/logo\\\/image\\\/\",\"url\":\"https:\\\/\\\/www.info-algerie.com\\\/actualites\\\/wp-content\\\/uploads\\\/2022\\\/07\\\/logo-ia-120.png\",\"contentUrl\":\"https:\\\/\\\/www.info-algerie.com\\\/actualites\\\/wp-content\\\/uploads\\\/2022\\\/07\\\/logo-ia-120.png\",\"width\":120,\"height\":43,\"caption\":\"info algerie\"},\"image\":{\"@id\":\"https:\\\/\\\/www.info-algerie.com\\\/actualites\\\/#\\\/schema\\\/logo\\\/image\\\/\"},\"sameAs\":[\"https:\\\/\\\/www.facebook.com\\\/infoalgerieactu\",\"https:\\\/\\\/x.com\\\/infoalgerie1\"]},{\"@type\":\"Person\",\"@id\":\"https:\\\/\\\/www.info-algerie.com\\\/actualites\\\/#\\\/schema\\\/person\\\/847aaec44920825b843a08f30ec6aa1e\",\"name\":\"La r\u00e9daction\",\"image\":{\"@type\":\"ImageObject\",\"inLanguage\":\"fr-FR\",\"@id\":\"https:\\\/\\\/secure.gravatar.com\\\/avatar\\\/769db425c6f465158149f1ffd6cf61ce7a8a879d11dfbef8288af36dfddd418c?s=96&d=mm&r=g\",\"url\":\"https:\\\/\\\/secure.gravatar.com\\\/avatar\\\/769db425c6f465158149f1ffd6cf61ce7a8a879d11dfbef8288af36dfddd418c?s=96&d=mm&r=g\",\"contentUrl\":\"https:\\\/\\\/secure.gravatar.com\\\/avatar\\\/769db425c6f465158149f1ffd6cf61ce7a8a879d11dfbef8288af36dfddd418c?s=96&d=mm&r=g\",\"caption\":\"La r\u00e9daction\"},\"sameAs\":[\"http:\\\/\\\/www.lkeria.com\\\/\"],\"url\":\"https:\\\/\\\/www.info-algerie.com\\\/actualites\\\/author\\\/chakib32\\\/\"}]}<\/script>\n<!-- \/ Yoast SEO plugin. -->","yoast_head_json":{"title":"La lutte contre le terrorisme ne peut se limiter \u00e0 la seule dimension r\u00e9pressive, souligne l\u2019Alg\u00e9rie \u00e0 l&#039;ONU - info algerie","robots":{"index":"index","follow":"follow","max-snippet":"max-snippet:-1","max-image-preview":"max-image-preview:large","max-video-preview":"max-video-preview:-1"},"canonical":"https:\/\/www.info-algerie.com\/actualites\/la-lutte-contre-le-terrorisme-ne-peut-se-limiter-a-la-seule-dimension-repressive-souligne-lalgerie-a-lonu\/","og_locale":"fr_FR","og_type":"article","og_title":"La lutte contre le terrorisme ne peut se limiter \u00e0 la seule dimension r\u00e9pressive, souligne l\u2019Alg\u00e9rie \u00e0 l&#039;ONU - info algerie","og_description":"NEW YORK- La lutte contre le terrorisme ne peut se borner\u00a0 \u00e0 la seule dimension r\u00e9pressive, et \u00a0\u00bb reste incompl\u00e8te \u00a0\u00bb si elle repose\u00a0uniquement sur les moyens s\u00e9curitaires, a d\u00e9clar\u00e9 \u00e0 New York le\u00a0 repr\u00e9sentant permanent de l\u2019Alg\u00e9rie aupr\u00e8s de l\u2019ONU, M. Sabri Boukadoum. &#013; &#013; \u00ab\u00a0L\u2019Alg\u00e9rie est fermement convaincue que la pr\u00e9vention et la","og_url":"https:\/\/www.info-algerie.com\/actualites\/la-lutte-contre-le-terrorisme-ne-peut-se-limiter-a-la-seule-dimension-repressive-souligne-lalgerie-a-lonu\/","og_site_name":"info algerie","article_publisher":"https:\/\/www.facebook.com\/infoalgerieactu","article_published_time":"2017-10-06T14:35:36+00:00","og_image":[{"width":280,"height":169,"url":"https:\/\/www.info-algerie.com\/actualites\/wp-content\/uploads\/2017\/10\/9646ef483657980ac16e76540d4ad610_S-1.jpg","type":"image\/jpeg"}],"author":"La r\u00e9daction","twitter_misc":{"\u00c9crit par":"La r\u00e9daction","Dur\u00e9e de lecture estim\u00e9e":"4 minutes"},"schema":{"@context":"https:\/\/schema.org","@graph":[{"@type":"Article","@id":"https:\/\/www.info-algerie.com\/actualites\/la-lutte-contre-le-terrorisme-ne-peut-se-limiter-a-la-seule-dimension-repressive-souligne-lalgerie-a-lonu\/#article","isPartOf":{"@id":"https:\/\/www.info-algerie.com\/actualites\/la-lutte-contre-le-terrorisme-ne-peut-se-limiter-a-la-seule-dimension-repressive-souligne-lalgerie-a-lonu\/"},"author":{"name":"La r\u00e9daction","@id":"https:\/\/www.info-algerie.com\/actualites\/#\/schema\/person\/847aaec44920825b843a08f30ec6aa1e"},"headline":"La lutte contre le terrorisme ne peut se limiter \u00e0 la seule dimension r\u00e9pressive, souligne l\u2019Alg\u00e9rie \u00e0 l&#039;ONU","datePublished":"2017-10-06T14:35:36+00:00","mainEntityOfPage":{"@id":"https:\/\/www.info-algerie.com\/actualites\/la-lutte-contre-le-terrorisme-ne-peut-se-limiter-a-la-seule-dimension-repressive-souligne-lalgerie-a-lonu\/"},"wordCount":838,"commentCount":0,"publisher":{"@id":"https:\/\/www.info-algerie.com\/actualites\/#organization"},"image":{"@id":"https:\/\/www.info-algerie.com\/actualites\/la-lutte-contre-le-terrorisme-ne-peut-se-limiter-a-la-seule-dimension-repressive-souligne-lalgerie-a-lonu\/#primaryimage"},"thumbnailUrl":"https:\/\/www.info-algerie.com\/actualites\/wp-content\/uploads\/2017\/10\/9646ef483657980ac16e76540d4ad610_S-1.jpg","keywords":["ONU"],"articleSection":["infos"],"inLanguage":"fr-FR","potentialAction":[{"@type":"CommentAction","name":"Comment","target":["https:\/\/www.info-algerie.com\/actualites\/la-lutte-contre-le-terrorisme-ne-peut-se-limiter-a-la-seule-dimension-repressive-souligne-lalgerie-a-lonu\/#respond"]}]},{"@type":"WebPage","@id":"https:\/\/www.info-algerie.com\/actualites\/la-lutte-contre-le-terrorisme-ne-peut-se-limiter-a-la-seule-dimension-repressive-souligne-lalgerie-a-lonu\/","url":"https:\/\/www.info-algerie.com\/actualites\/la-lutte-contre-le-terrorisme-ne-peut-se-limiter-a-la-seule-dimension-repressive-souligne-lalgerie-a-lonu\/","name":"La lutte contre le terrorisme ne peut se limiter \u00e0 la seule dimension r\u00e9pressive, souligne l\u2019Alg\u00e9rie \u00e0 l&#039;ONU - info algerie","isPartOf":{"@id":"https:\/\/www.info-algerie.com\/actualites\/#website"},"primaryImageOfPage":{"@id":"https:\/\/www.info-algerie.com\/actualites\/la-lutte-contre-le-terrorisme-ne-peut-se-limiter-a-la-seule-dimension-repressive-souligne-lalgerie-a-lonu\/#primaryimage"},"image":{"@id":"https:\/\/www.info-algerie.com\/actualites\/la-lutte-contre-le-terrorisme-ne-peut-se-limiter-a-la-seule-dimension-repressive-souligne-lalgerie-a-lonu\/#primaryimage"},"thumbnailUrl":"https:\/\/www.info-algerie.com\/actualites\/wp-content\/uploads\/2017\/10\/9646ef483657980ac16e76540d4ad610_S-1.jpg","datePublished":"2017-10-06T14:35:36+00:00","breadcrumb":{"@id":"https:\/\/www.info-algerie.com\/actualites\/la-lutte-contre-le-terrorisme-ne-peut-se-limiter-a-la-seule-dimension-repressive-souligne-lalgerie-a-lonu\/#breadcrumb"},"inLanguage":"fr-FR","potentialAction":[{"@type":"ReadAction","target":["https:\/\/www.info-algerie.com\/actualites\/la-lutte-contre-le-terrorisme-ne-peut-se-limiter-a-la-seule-dimension-repressive-souligne-lalgerie-a-lonu\/"]}]},{"@type":"ImageObject","inLanguage":"fr-FR","@id":"https:\/\/www.info-algerie.com\/actualites\/la-lutte-contre-le-terrorisme-ne-peut-se-limiter-a-la-seule-dimension-repressive-souligne-lalgerie-a-lonu\/#primaryimage","url":"https:\/\/www.info-algerie.com\/actualites\/wp-content\/uploads\/2017\/10\/9646ef483657980ac16e76540d4ad610_S-1.jpg","contentUrl":"https:\/\/www.info-algerie.com\/actualites\/wp-content\/uploads\/2017\/10\/9646ef483657980ac16e76540d4ad610_S-1.jpg","width":280,"height":169},{"@type":"BreadcrumbList","@id":"https:\/\/www.info-algerie.com\/actualites\/la-lutte-contre-le-terrorisme-ne-peut-se-limiter-a-la-seule-dimension-repressive-souligne-lalgerie-a-lonu\/#breadcrumb","itemListElement":[{"@type":"ListItem","position":1,"name":"Accueil","item":"https:\/\/www.info-algerie.com\/actualites\/"},{"@type":"ListItem","position":2,"name":"La lutte contre le terrorisme ne peut se limiter \u00e0 la seule dimension r\u00e9pressive, souligne l\u2019Alg\u00e9rie \u00e0 l&#039;ONU"}]},{"@type":"WebSite","@id":"https:\/\/www.info-algerie.com\/actualites\/#website","url":"https:\/\/www.info-algerie.com\/actualites\/","name":"info algerie","description":"Toutes les actualit\u00e9s","publisher":{"@id":"https:\/\/www.info-algerie.com\/actualites\/#organization"},"potentialAction":[{"@type":"SearchAction","target":{"@type":"EntryPoint","urlTemplate":"https:\/\/www.info-algerie.com\/actualites\/?s={search_term_string}"},"query-input":{"@type":"PropertyValueSpecification","valueRequired":true,"valueName":"search_term_string"}}],"inLanguage":"fr-FR"},{"@type":"Organization","@id":"https:\/\/www.info-algerie.com\/actualites\/#organization","name":"info algerie","url":"https:\/\/www.info-algerie.com\/actualites\/","logo":{"@type":"ImageObject","inLanguage":"fr-FR","@id":"https:\/\/www.info-algerie.com\/actualites\/#\/schema\/logo\/image\/","url":"https:\/\/www.info-algerie.com\/actualites\/wp-content\/uploads\/2022\/07\/logo-ia-120.png","contentUrl":"https:\/\/www.info-algerie.com\/actualites\/wp-content\/uploads\/2022\/07\/logo-ia-120.png","width":120,"height":43,"caption":"info algerie"},"image":{"@id":"https:\/\/www.info-algerie.com\/actualites\/#\/schema\/logo\/image\/"},"sameAs":["https:\/\/www.facebook.com\/infoalgerieactu","https:\/\/x.com\/infoalgerie1"]},{"@type":"Person","@id":"https:\/\/www.info-algerie.com\/actualites\/#\/schema\/person\/847aaec44920825b843a08f30ec6aa1e","name":"La r\u00e9daction","image":{"@type":"ImageObject","inLanguage":"fr-FR","@id":"https:\/\/secure.gravatar.com\/avatar\/769db425c6f465158149f1ffd6cf61ce7a8a879d11dfbef8288af36dfddd418c?s=96&d=mm&r=g","url":"https:\/\/secure.gravatar.com\/avatar\/769db425c6f465158149f1ffd6cf61ce7a8a879d11dfbef8288af36dfddd418c?s=96&d=mm&r=g","contentUrl":"https:\/\/secure.gravatar.com\/avatar\/769db425c6f465158149f1ffd6cf61ce7a8a879d11dfbef8288af36dfddd418c?s=96&d=mm&r=g","caption":"La r\u00e9daction"},"sameAs":["http:\/\/www.lkeria.com\/"],"url":"https:\/\/www.info-algerie.com\/actualites\/author\/chakib32\/"}]}},"_links":{"self":[{"href":"https:\/\/www.info-algerie.com\/actualites\/wp-json\/wp\/v2\/posts\/16613","targetHints":{"allow":["GET"]}}],"collection":[{"href":"https:\/\/www.info-algerie.com\/actualites\/wp-json\/wp\/v2\/posts"}],"about":[{"href":"https:\/\/www.info-algerie.com\/actualites\/wp-json\/wp\/v2\/types\/post"}],"author":[{"embeddable":true,"href":"https:\/\/www.info-algerie.com\/actualites\/wp-json\/wp\/v2\/users\/6"}],"replies":[{"embeddable":true,"href":"https:\/\/www.info-algerie.com\/actualites\/wp-json\/wp\/v2\/comments?post=16613"}],"version-history":[{"count":0,"href":"https:\/\/www.info-algerie.com\/actualites\/wp-json\/wp\/v2\/posts\/16613\/revisions"}],"wp:featuredmedia":[{"embeddable":true,"href":"https:\/\/www.info-algerie.com\/actualites\/wp-json\/wp\/v2\/media\/16614"}],"wp:attachment":[{"href":"https:\/\/www.info-algerie.com\/actualites\/wp-json\/wp\/v2\/media?parent=16613"}],"wp:term":[{"taxonomy":"category","embeddable":true,"href":"https:\/\/www.info-algerie.com\/actualites\/wp-json\/wp\/v2\/categories?post=16613"},{"taxonomy":"post_tag","embeddable":true,"href":"https:\/\/www.info-algerie.com\/actualites\/wp-json\/wp\/v2\/tags?post=16613"}],"curies":[{"name":"wp","href":"https:\/\/api.w.org\/{rel}","templated":true}]}}