{"id":16615,"date":"2017-10-06T15:18:49","date_gmt":"2017-10-06T14:18:49","guid":{"rendered":"http:\/\/www.info-algerie.com\/actualites\/accord-sur-le-renforcement-de-la-concertation-entre-lalgerie-et-le-bresil-apn\/"},"modified":"2017-10-06T15:18:49","modified_gmt":"2017-10-06T14:18:49","slug":"accord-sur-le-renforcement-de-la-concertation-entre-lalgerie-et-le-bresil-apn","status":"publish","type":"post","link":"https:\/\/www.info-algerie.com\/actualites\/accord-sur-le-renforcement-de-la-concertation-entre-lalgerie-et-le-bresil-apn\/","title":{"rendered":"Accord sur le renforcement de la concertation entre l&#039;Alg\u00e9rie et le Br\u00e9sil\u00a0 (APN)"},"content":{"rendered":"<div class=\"K2FeedIntroText\">\n<p>ALGER- Le pr\u00e9sident de la commission des affaires\u00a0 \u00e9trang\u00e8res, de la coop\u00e9ration et de la communaut\u00e9 \u00e0 l&rsquo;Assembl\u00e9e populaire\u00a0<span style=\"font-size: 12.16px\">nationale (APN), Abdelhamid Si Afif, s&rsquo;est entretenu avec l&rsquo;ambassadeur du<\/span><span style=\"font-size: 12.16px\">\u00a0 <\/span><span style=\"font-size: 12.16px\">Br\u00e9sil \u00e0 Alger, Edouardo Botelho Barbosa, sur l&rsquo;importance de la<\/span><span style=\"font-size: 12.16px\">\u00a0 <\/span><span style=\"font-size: 12.16px\">consolidation des relations parlementaires entre les deux pays, a indiqu\u00e9<\/span><span style=\"font-size: 12.16px\">\u00a0 <\/span><span style=\"font-size: 12.16px\">jeudi un communiqu\u00e9 de l&rsquo;APN.<\/span><\/p>\n<p>&#013;\n<\/p><\/div>\n<div class=\"K2FeedFullText\">&#013;<\/p>\n<p class=\"MsoNormal\">\u00a0<\/p>\n<p>&#013;<\/p>\n<p class=\"MsoNormal\">Les deux parties ont convenu de la n\u00e9cessit\u00e9 d&rsquo;\u00e9changer les visites et les\u00a0 exp\u00e9riences et de \u00ab\u00a0renforcer la coordination et la concertation\u00a0\u00bb lors des\u00a0 rencontres parlementaires et \u00ab\u00a0ont mis l&rsquo;accent sur la n\u00e9cessit\u00e9 de\u00a0 renforcer les relations parlementaires entre les deux pays \u00e0 travers les\u00a0 groupes d&rsquo;amiti\u00e9 parlementaire, d&rsquo;\u00e9changer les visites et les exp\u00e9riences \u00a0et de renforcer la coordination et la concertation lors des rencontresparlementaires\u00a0\u00bb, a pr\u00e9cis\u00e9 le communiqu\u00e9.<\/p>\n<p>&#013;<\/p>\n<p class=\"MsoNormal\">Le pr\u00e9sident de la commission a pr\u00e9sent\u00e9 un aper\u00e7u sur la composition de\u00a0 l&rsquo;APN et les r\u00e9formes politiques engag\u00e9es par le pr\u00e9sident de la\u00a0 R\u00e9publique, Abdelaziz Bouteflika, notamment la r\u00e9conciliation nationale qui\u00a0 a consacr\u00e9 les fondements de la stabilit\u00e9, la Constitution consensuelle qui\u00a0 a \u00ab\u00a0consolid\u00e9\u00a0\u00bb le concept de la d\u00e9mocratie participative et consacr\u00e9 davantage de libert\u00e9s et de droits.<\/p>\n<p>&#013;<\/p>\n<p class=\"MsoNormal\">Cette derni\u00e8re a \u00e9galement octroy\u00e9 de\u00a0 nouvelles pr\u00e9rogatives au pouvoir l\u00e9gislatif, et par son biais, \u00e0\u00a0 l&rsquo;opposition politique et \u00e0 la diplomatie parlementaire, d\u00e9sormais un\u00a0 acteur essentiel et compl\u00e9mentaire de la diplomatie traditionnelle\u00a0\u00bb,\u00a0 ajoute-t-on de m\u00eame source Par ailleurs, M. Si Afif a \u00e9voqu\u00e9 le Plan d&rsquo;action du Gouvernement adopt\u00e9\u00a0 r\u00e9cemment par le Parlement. Il\u00a0a pr\u00e9cis\u00e9 dans ce sens que l&rsquo;Alg\u00e9rie se\u00a0 dirigeait vers une nouvelle orientation \u00e9conomique et aspirait \u00e0 tirer\u00a0 profit des exp\u00e9riences des pays amis et partenaires, se disant \u00ab\u00a0favorable\u00a0\u00bb\u00a0 \u00e0 toute initiative visant \u00e0 renforcer les relations parlementaires\u00a0 bilat\u00e9rales.<\/p>\n<p>&#013;<\/p>\n<p class=\"MsoNormal\">Pour sa part, l&rsquo;ambassadeur du Br\u00e9sil a pass\u00e9 en revue les \u00e9tapes de\u00a0 d\u00e9veloppement politique et \u00e9conomique de son pays et expliqu\u00e9 le r\u00f4le\u00a0 important de l&rsquo;instance l\u00e9gislative br\u00e9silienne. Il a dans ce contexte\u00a0 exprim\u00e9 son admiration quant au d\u00e9veloppement politique que conna\u00eet\u00a0 l&rsquo;Alg\u00e9rie sous la direction de son Excellence le pr\u00e9sident de la R\u00e9publique\u00a0 qui a renforc\u00e9 les relations entre les deux pays amis et permis \u00e0 l&rsquo;Alg\u00e9rie\u00a0 de recouvrer sa place sur les sc\u00e8nes r\u00e9gionale et internationale, indique\u00a0 le communiqu\u00e9.<\/p>\n<p>&#013;<\/p>\n<p class=\"MsoNormal\">M. Botelho Barbosa a estim\u00e9 que le plus important dans la mutation\u00a0 \u00e9conomique, en d\u00e9pit de ses co\u00fbts parfois \u00e9lev\u00e9s, est d&rsquo;aboutir \u00e0 des\u00a0 r\u00e9sultats, citant des exemples de l&rsquo;exp\u00e9rience br\u00e9silienne.<\/p>\n<p>&#013;<\/p>\n<p class=\"MsoNormal\">L&rsquo;ambassadeur a enfin exprim\u00e9 son enti\u00e8re disponibilit\u00e9 \u00e0 collaborer avec\u00a0 la partie alg\u00e9rienne pour le renforcement de la coop\u00e9ration bilat\u00e9rale, se\u00a0 disant en faveur de toute initiative allant dans ce sens.<\/p>\n<p>&#013;<\/p>\n<p>\u00a0<\/p>\n<p>&#013;<\/p>\n<p class=\"MsoNormal\">\u00a0<\/p>\n<\/div>\n<p>&#013;<br \/>\nSource: <a href=\"http:\/\/www.aps.dz\/algerie\/63630-accord-sur-le-renforcement-de-la-concertation-entre-l-algerie-et-le-bresil-apn\" target=\"_blank\">Accord sur le renforcement de la concertation entre l&rsquo;Alg\u00e9rie et le Br\u00e9sil\u00a0 (APN)<\/a><\/p>\n<!--CusAds0-->\n<div style=\"font-size: 0px; height: 0px; line-height: 0px; margin: 0; padding: 0; clear: both;\"><\/div>","protected":false},"excerpt":{"rendered":"<p>ALGER- Le pr\u00e9sident de la commission des affaires\u00a0 \u00e9trang\u00e8res, de la coop\u00e9ration et de la communaut\u00e9 \u00e0 l&rsquo;Assembl\u00e9e populaire\u00a0nationale (APN), Abdelhamid Si Afif, s&rsquo;est entretenu avec l&rsquo;ambassadeur du\u00a0 Br\u00e9sil \u00e0 Alger, Edouardo Botelho Barbosa, sur l&rsquo;importance de la\u00a0 consolidation des relations parlementaires entre les deux pays, a indiqu\u00e9\u00a0 jeudi un communiqu\u00e9 de l&rsquo;APN. &#013; &#013;<\/p>\n","protected":false},"author":6,"featured_media":0,"comment_status":"open","ping_status":"open","sticky":false,"template":"","format":"standard","meta":{"footnotes":""},"categories":[22],"tags":[93],"class_list":["post-16615","post","type-post","status-publish","format-standard","hentry","category-infos","tag-onu"],"yoast_head":"<!-- This site is optimized with the Yoast SEO plugin v27.5 - https:\/\/yoast.com\/product\/yoast-seo-wordpress\/ -->\n<title>Accord sur le renforcement de la concertation entre l&#039;Alg\u00e9rie et le Br\u00e9sil\u00a0 (APN) - info algerie<\/title>\n<meta name=\"robots\" content=\"index, follow, max-snippet:-1, max-image-preview:large, max-video-preview:-1\" \/>\n<link rel=\"canonical\" href=\"https:\/\/www.info-algerie.com\/actualites\/accord-sur-le-renforcement-de-la-concertation-entre-lalgerie-et-le-bresil-apn\/\" \/>\n<meta property=\"og:locale\" content=\"fr_FR\" \/>\n<meta property=\"og:type\" content=\"article\" \/>\n<meta property=\"og:title\" content=\"Accord sur le renforcement de la concertation entre l&#039;Alg\u00e9rie et le Br\u00e9sil\u00a0 (APN) - info algerie\" \/>\n<meta property=\"og:description\" content=\"ALGER- Le pr\u00e9sident de la commission des affaires\u00a0 \u00e9trang\u00e8res, de la coop\u00e9ration et de la communaut\u00e9 \u00e0 l&rsquo;Assembl\u00e9e populaire\u00a0nationale (APN), Abdelhamid Si Afif, s&rsquo;est entretenu avec l&rsquo;ambassadeur du\u00a0 Br\u00e9sil \u00e0 Alger, Edouardo Botelho Barbosa, sur l&rsquo;importance de la\u00a0 consolidation des relations parlementaires entre les deux pays, a indiqu\u00e9\u00a0 jeudi un communiqu\u00e9 de l&rsquo;APN. &#013; &#013;\" \/>\n<meta property=\"og:url\" content=\"https:\/\/www.info-algerie.com\/actualites\/accord-sur-le-renforcement-de-la-concertation-entre-lalgerie-et-le-bresil-apn\/\" \/>\n<meta property=\"og:site_name\" content=\"info algerie\" \/>\n<meta property=\"article:publisher\" content=\"https:\/\/www.facebook.com\/infoalgerieactu\" \/>\n<meta property=\"article:published_time\" content=\"2017-10-06T14:18:49+00:00\" \/>\n<meta name=\"author\" content=\"La r\u00e9daction\" \/>\n<meta name=\"twitter:label1\" content=\"\u00c9crit par\" \/>\n\t<meta name=\"twitter:data1\" content=\"La r\u00e9daction\" \/>\n\t<meta name=\"twitter:label2\" content=\"Dur\u00e9e de lecture estim\u00e9e\" \/>\n\t<meta name=\"twitter:data2\" content=\"2 minutes\" \/>\n<script type=\"application\/ld+json\" class=\"yoast-schema-graph\">{\"@context\":\"https:\\\/\\\/schema.org\",\"@graph\":[{\"@type\":\"Article\",\"@id\":\"https:\\\/\\\/www.info-algerie.com\\\/actualites\\\/accord-sur-le-renforcement-de-la-concertation-entre-lalgerie-et-le-bresil-apn\\\/#article\",\"isPartOf\":{\"@id\":\"https:\\\/\\\/www.info-algerie.com\\\/actualites\\\/accord-sur-le-renforcement-de-la-concertation-entre-lalgerie-et-le-bresil-apn\\\/\"},\"author\":{\"name\":\"La r\u00e9daction\",\"@id\":\"https:\\\/\\\/www.info-algerie.com\\\/actualites\\\/#\\\/schema\\\/person\\\/847aaec44920825b843a08f30ec6aa1e\"},\"headline\":\"Accord sur le renforcement de la concertation entre l&#039;Alg\u00e9rie et le Br\u00e9sil\u00a0 (APN)\",\"datePublished\":\"2017-10-06T14:18:49+00:00\",\"mainEntityOfPage\":{\"@id\":\"https:\\\/\\\/www.info-algerie.com\\\/actualites\\\/accord-sur-le-renforcement-de-la-concertation-entre-lalgerie-et-le-bresil-apn\\\/\"},\"wordCount\":516,\"commentCount\":0,\"publisher\":{\"@id\":\"https:\\\/\\\/www.info-algerie.com\\\/actualites\\\/#organization\"},\"keywords\":[\"ONU\"],\"articleSection\":[\"infos\"],\"inLanguage\":\"fr-FR\",\"potentialAction\":[{\"@type\":\"CommentAction\",\"name\":\"Comment\",\"target\":[\"https:\\\/\\\/www.info-algerie.com\\\/actualites\\\/accord-sur-le-renforcement-de-la-concertation-entre-lalgerie-et-le-bresil-apn\\\/#respond\"]}]},{\"@type\":\"WebPage\",\"@id\":\"https:\\\/\\\/www.info-algerie.com\\\/actualites\\\/accord-sur-le-renforcement-de-la-concertation-entre-lalgerie-et-le-bresil-apn\\\/\",\"url\":\"https:\\\/\\\/www.info-algerie.com\\\/actualites\\\/accord-sur-le-renforcement-de-la-concertation-entre-lalgerie-et-le-bresil-apn\\\/\",\"name\":\"Accord sur le renforcement de la concertation entre l&#039;Alg\u00e9rie et le Br\u00e9sil\u00a0 (APN) - info algerie\",\"isPartOf\":{\"@id\":\"https:\\\/\\\/www.info-algerie.com\\\/actualites\\\/#website\"},\"datePublished\":\"2017-10-06T14:18:49+00:00\",\"breadcrumb\":{\"@id\":\"https:\\\/\\\/www.info-algerie.com\\\/actualites\\\/accord-sur-le-renforcement-de-la-concertation-entre-lalgerie-et-le-bresil-apn\\\/#breadcrumb\"},\"inLanguage\":\"fr-FR\",\"potentialAction\":[{\"@type\":\"ReadAction\",\"target\":[\"https:\\\/\\\/www.info-algerie.com\\\/actualites\\\/accord-sur-le-renforcement-de-la-concertation-entre-lalgerie-et-le-bresil-apn\\\/\"]}]},{\"@type\":\"BreadcrumbList\",\"@id\":\"https:\\\/\\\/www.info-algerie.com\\\/actualites\\\/accord-sur-le-renforcement-de-la-concertation-entre-lalgerie-et-le-bresil-apn\\\/#breadcrumb\",\"itemListElement\":[{\"@type\":\"ListItem\",\"position\":1,\"name\":\"Accueil\",\"item\":\"https:\\\/\\\/www.info-algerie.com\\\/actualites\\\/\"},{\"@type\":\"ListItem\",\"position\":2,\"name\":\"Accord sur le renforcement de la concertation entre l&#039;Alg\u00e9rie et le Br\u00e9sil\u00a0 (APN)\"}]},{\"@type\":\"WebSite\",\"@id\":\"https:\\\/\\\/www.info-algerie.com\\\/actualites\\\/#website\",\"url\":\"https:\\\/\\\/www.info-algerie.com\\\/actualites\\\/\",\"name\":\"info algerie\",\"description\":\"Toutes les actualit\u00e9s\",\"publisher\":{\"@id\":\"https:\\\/\\\/www.info-algerie.com\\\/actualites\\\/#organization\"},\"potentialAction\":[{\"@type\":\"SearchAction\",\"target\":{\"@type\":\"EntryPoint\",\"urlTemplate\":\"https:\\\/\\\/www.info-algerie.com\\\/actualites\\\/?s={search_term_string}\"},\"query-input\":{\"@type\":\"PropertyValueSpecification\",\"valueRequired\":true,\"valueName\":\"search_term_string\"}}],\"inLanguage\":\"fr-FR\"},{\"@type\":\"Organization\",\"@id\":\"https:\\\/\\\/www.info-algerie.com\\\/actualites\\\/#organization\",\"name\":\"info algerie\",\"url\":\"https:\\\/\\\/www.info-algerie.com\\\/actualites\\\/\",\"logo\":{\"@type\":\"ImageObject\",\"inLanguage\":\"fr-FR\",\"@id\":\"https:\\\/\\\/www.info-algerie.com\\\/actualites\\\/#\\\/schema\\\/logo\\\/image\\\/\",\"url\":\"https:\\\/\\\/www.info-algerie.com\\\/actualites\\\/wp-content\\\/uploads\\\/2022\\\/07\\\/logo-ia-120.png\",\"contentUrl\":\"https:\\\/\\\/www.info-algerie.com\\\/actualites\\\/wp-content\\\/uploads\\\/2022\\\/07\\\/logo-ia-120.png\",\"width\":120,\"height\":43,\"caption\":\"info algerie\"},\"image\":{\"@id\":\"https:\\\/\\\/www.info-algerie.com\\\/actualites\\\/#\\\/schema\\\/logo\\\/image\\\/\"},\"sameAs\":[\"https:\\\/\\\/www.facebook.com\\\/infoalgerieactu\",\"https:\\\/\\\/x.com\\\/infoalgerie1\"]},{\"@type\":\"Person\",\"@id\":\"https:\\\/\\\/www.info-algerie.com\\\/actualites\\\/#\\\/schema\\\/person\\\/847aaec44920825b843a08f30ec6aa1e\",\"name\":\"La r\u00e9daction\",\"image\":{\"@type\":\"ImageObject\",\"inLanguage\":\"fr-FR\",\"@id\":\"https:\\\/\\\/secure.gravatar.com\\\/avatar\\\/769db425c6f465158149f1ffd6cf61ce7a8a879d11dfbef8288af36dfddd418c?s=96&d=mm&r=g\",\"url\":\"https:\\\/\\\/secure.gravatar.com\\\/avatar\\\/769db425c6f465158149f1ffd6cf61ce7a8a879d11dfbef8288af36dfddd418c?s=96&d=mm&r=g\",\"contentUrl\":\"https:\\\/\\\/secure.gravatar.com\\\/avatar\\\/769db425c6f465158149f1ffd6cf61ce7a8a879d11dfbef8288af36dfddd418c?s=96&d=mm&r=g\",\"caption\":\"La r\u00e9daction\"},\"sameAs\":[\"http:\\\/\\\/www.lkeria.com\\\/\"],\"url\":\"https:\\\/\\\/www.info-algerie.com\\\/actualites\\\/author\\\/chakib32\\\/\"}]}<\/script>\n<!-- \/ Yoast SEO plugin. -->","yoast_head_json":{"title":"Accord sur le renforcement de la concertation entre l&#039;Alg\u00e9rie et le Br\u00e9sil\u00a0 (APN) - info algerie","robots":{"index":"index","follow":"follow","max-snippet":"max-snippet:-1","max-image-preview":"max-image-preview:large","max-video-preview":"max-video-preview:-1"},"canonical":"https:\/\/www.info-algerie.com\/actualites\/accord-sur-le-renforcement-de-la-concertation-entre-lalgerie-et-le-bresil-apn\/","og_locale":"fr_FR","og_type":"article","og_title":"Accord sur le renforcement de la concertation entre l&#039;Alg\u00e9rie et le Br\u00e9sil\u00a0 (APN) - info algerie","og_description":"ALGER- Le pr\u00e9sident de la commission des affaires\u00a0 \u00e9trang\u00e8res, de la coop\u00e9ration et de la communaut\u00e9 \u00e0 l&rsquo;Assembl\u00e9e populaire\u00a0nationale (APN), Abdelhamid Si Afif, s&rsquo;est entretenu avec l&rsquo;ambassadeur du\u00a0 Br\u00e9sil \u00e0 Alger, Edouardo Botelho Barbosa, sur l&rsquo;importance de la\u00a0 consolidation des relations parlementaires entre les deux pays, a indiqu\u00e9\u00a0 jeudi un communiqu\u00e9 de l&rsquo;APN. &#013; &#013;","og_url":"https:\/\/www.info-algerie.com\/actualites\/accord-sur-le-renforcement-de-la-concertation-entre-lalgerie-et-le-bresil-apn\/","og_site_name":"info algerie","article_publisher":"https:\/\/www.facebook.com\/infoalgerieactu","article_published_time":"2017-10-06T14:18:49+00:00","author":"La r\u00e9daction","twitter_misc":{"\u00c9crit par":"La r\u00e9daction","Dur\u00e9e de lecture estim\u00e9e":"2 minutes"},"schema":{"@context":"https:\/\/schema.org","@graph":[{"@type":"Article","@id":"https:\/\/www.info-algerie.com\/actualites\/accord-sur-le-renforcement-de-la-concertation-entre-lalgerie-et-le-bresil-apn\/#article","isPartOf":{"@id":"https:\/\/www.info-algerie.com\/actualites\/accord-sur-le-renforcement-de-la-concertation-entre-lalgerie-et-le-bresil-apn\/"},"author":{"name":"La r\u00e9daction","@id":"https:\/\/www.info-algerie.com\/actualites\/#\/schema\/person\/847aaec44920825b843a08f30ec6aa1e"},"headline":"Accord sur le renforcement de la concertation entre l&#039;Alg\u00e9rie et le Br\u00e9sil\u00a0 (APN)","datePublished":"2017-10-06T14:18:49+00:00","mainEntityOfPage":{"@id":"https:\/\/www.info-algerie.com\/actualites\/accord-sur-le-renforcement-de-la-concertation-entre-lalgerie-et-le-bresil-apn\/"},"wordCount":516,"commentCount":0,"publisher":{"@id":"https:\/\/www.info-algerie.com\/actualites\/#organization"},"keywords":["ONU"],"articleSection":["infos"],"inLanguage":"fr-FR","potentialAction":[{"@type":"CommentAction","name":"Comment","target":["https:\/\/www.info-algerie.com\/actualites\/accord-sur-le-renforcement-de-la-concertation-entre-lalgerie-et-le-bresil-apn\/#respond"]}]},{"@type":"WebPage","@id":"https:\/\/www.info-algerie.com\/actualites\/accord-sur-le-renforcement-de-la-concertation-entre-lalgerie-et-le-bresil-apn\/","url":"https:\/\/www.info-algerie.com\/actualites\/accord-sur-le-renforcement-de-la-concertation-entre-lalgerie-et-le-bresil-apn\/","name":"Accord sur le renforcement de la concertation entre l&#039;Alg\u00e9rie et le Br\u00e9sil\u00a0 (APN) - info algerie","isPartOf":{"@id":"https:\/\/www.info-algerie.com\/actualites\/#website"},"datePublished":"2017-10-06T14:18:49+00:00","breadcrumb":{"@id":"https:\/\/www.info-algerie.com\/actualites\/accord-sur-le-renforcement-de-la-concertation-entre-lalgerie-et-le-bresil-apn\/#breadcrumb"},"inLanguage":"fr-FR","potentialAction":[{"@type":"ReadAction","target":["https:\/\/www.info-algerie.com\/actualites\/accord-sur-le-renforcement-de-la-concertation-entre-lalgerie-et-le-bresil-apn\/"]}]},{"@type":"BreadcrumbList","@id":"https:\/\/www.info-algerie.com\/actualites\/accord-sur-le-renforcement-de-la-concertation-entre-lalgerie-et-le-bresil-apn\/#breadcrumb","itemListElement":[{"@type":"ListItem","position":1,"name":"Accueil","item":"https:\/\/www.info-algerie.com\/actualites\/"},{"@type":"ListItem","position":2,"name":"Accord sur le renforcement de la concertation entre l&#039;Alg\u00e9rie et le Br\u00e9sil\u00a0 (APN)"}]},{"@type":"WebSite","@id":"https:\/\/www.info-algerie.com\/actualites\/#website","url":"https:\/\/www.info-algerie.com\/actualites\/","name":"info algerie","description":"Toutes les actualit\u00e9s","publisher":{"@id":"https:\/\/www.info-algerie.com\/actualites\/#organization"},"potentialAction":[{"@type":"SearchAction","target":{"@type":"EntryPoint","urlTemplate":"https:\/\/www.info-algerie.com\/actualites\/?s={search_term_string}"},"query-input":{"@type":"PropertyValueSpecification","valueRequired":true,"valueName":"search_term_string"}}],"inLanguage":"fr-FR"},{"@type":"Organization","@id":"https:\/\/www.info-algerie.com\/actualites\/#organization","name":"info algerie","url":"https:\/\/www.info-algerie.com\/actualites\/","logo":{"@type":"ImageObject","inLanguage":"fr-FR","@id":"https:\/\/www.info-algerie.com\/actualites\/#\/schema\/logo\/image\/","url":"https:\/\/www.info-algerie.com\/actualites\/wp-content\/uploads\/2022\/07\/logo-ia-120.png","contentUrl":"https:\/\/www.info-algerie.com\/actualites\/wp-content\/uploads\/2022\/07\/logo-ia-120.png","width":120,"height":43,"caption":"info algerie"},"image":{"@id":"https:\/\/www.info-algerie.com\/actualites\/#\/schema\/logo\/image\/"},"sameAs":["https:\/\/www.facebook.com\/infoalgerieactu","https:\/\/x.com\/infoalgerie1"]},{"@type":"Person","@id":"https:\/\/www.info-algerie.com\/actualites\/#\/schema\/person\/847aaec44920825b843a08f30ec6aa1e","name":"La r\u00e9daction","image":{"@type":"ImageObject","inLanguage":"fr-FR","@id":"https:\/\/secure.gravatar.com\/avatar\/769db425c6f465158149f1ffd6cf61ce7a8a879d11dfbef8288af36dfddd418c?s=96&d=mm&r=g","url":"https:\/\/secure.gravatar.com\/avatar\/769db425c6f465158149f1ffd6cf61ce7a8a879d11dfbef8288af36dfddd418c?s=96&d=mm&r=g","contentUrl":"https:\/\/secure.gravatar.com\/avatar\/769db425c6f465158149f1ffd6cf61ce7a8a879d11dfbef8288af36dfddd418c?s=96&d=mm&r=g","caption":"La r\u00e9daction"},"sameAs":["http:\/\/www.lkeria.com\/"],"url":"https:\/\/www.info-algerie.com\/actualites\/author\/chakib32\/"}]}},"_links":{"self":[{"href":"https:\/\/www.info-algerie.com\/actualites\/wp-json\/wp\/v2\/posts\/16615","targetHints":{"allow":["GET"]}}],"collection":[{"href":"https:\/\/www.info-algerie.com\/actualites\/wp-json\/wp\/v2\/posts"}],"about":[{"href":"https:\/\/www.info-algerie.com\/actualites\/wp-json\/wp\/v2\/types\/post"}],"author":[{"embeddable":true,"href":"https:\/\/www.info-algerie.com\/actualites\/wp-json\/wp\/v2\/users\/6"}],"replies":[{"embeddable":true,"href":"https:\/\/www.info-algerie.com\/actualites\/wp-json\/wp\/v2\/comments?post=16615"}],"version-history":[{"count":0,"href":"https:\/\/www.info-algerie.com\/actualites\/wp-json\/wp\/v2\/posts\/16615\/revisions"}],"wp:attachment":[{"href":"https:\/\/www.info-algerie.com\/actualites\/wp-json\/wp\/v2\/media?parent=16615"}],"wp:term":[{"taxonomy":"category","embeddable":true,"href":"https:\/\/www.info-algerie.com\/actualites\/wp-json\/wp\/v2\/categories?post=16615"},{"taxonomy":"post_tag","embeddable":true,"href":"https:\/\/www.info-algerie.com\/actualites\/wp-json\/wp\/v2\/tags?post=16615"}],"curies":[{"name":"wp","href":"https:\/\/api.w.org\/{rel}","templated":true}]}}