{"id":16633,"date":"2017-10-07T14:53:46","date_gmt":"2017-10-07T13:53:46","guid":{"rendered":"http:\/\/www.info-algerie.com\/actualites\/17-octobre-1961-macron-sollicite-pour-une-position-precise-sur-les-massacres-dalgeriens-a-paris\/"},"modified":"2017-10-07T14:53:46","modified_gmt":"2017-10-07T13:53:46","slug":"17-octobre-1961-macron-sollicite-pour-une-position-precise-sur-les-massacres-dalgeriens-a-paris","status":"publish","type":"post","link":"https:\/\/www.info-algerie.com\/actualites\/17-octobre-1961-macron-sollicite-pour-une-position-precise-sur-les-massacres-dalgeriens-a-paris\/","title":{"rendered":"17 octobre 1961 : Macron sollicit\u00e9 pour une position &quot;pr\u00e9cise&quot; sur les massacres d\u2019Alg\u00e9riens \u00e0 Paris"},"content":{"rendered":"<div class=\"K2FeedImage\"><img decoding=\"async\" src=\"https:\/\/www.info-algerie.com\/actualites\/wp-content\/uploads\/2017\/10\/a72c91f35259dc37a3b70106f62d66d5_S.jpg\" \/><\/div>\n<div class=\"K2FeedIntroText\">\n<p>PARIS &#8211; Le pr\u00e9sident Emmanuel Macron a \u00e9t\u00e9 sollicit\u00e9 par le Collectif du 17 octobre 1961 pour faire conna\u00eetre sa position \u00ab\u00a0pr\u00e9cise\u00a0\u00bb sur les crimes d\u2019Etat et notamment les massacres d\u2019Alg\u00e9riens \u00e0 Paris dans la nuit du 17 octobre 1961.<\/p>\n<p>&#013;\n<\/p><\/div>\n<div class=\"K2FeedFullText\">&#013;<\/p>\n<p>\u00ab\u00a0Nous sollicitons de votre bienveillance une audience pour connaitre votre position pr\u00e9cise \u00e0 ce sujet (massacres du 17 octobre 1961), afin de pouvoir en rendre compte lors du rassemblement pr\u00e9vu le 17 octobre 2017 au Pont Saint-Michel \u00e0 Paris\u00a0\u00bb, a \u00e9crit le collectif dans une lettre ouverte au chef d\u2019Etat fran\u00e7ais, dont l\u2019APS a \u00e9t\u00e9 destinataire d\u2019une copie.<\/p>\n<p>&#013;<\/p>\n<p>La lettre est sign\u00e9e par Olivier Le Cour Grandmaison (17 Octobre contre l&rsquo;Oubli), Samia Messaoudi, Mehdi Lallaoui (Au nom de la M\u00e9moire), M&rsquo;Hamed Kaki (Les Oranges), Gilles Manceron (Historien, LDH- Ligue des droits de l&rsquo;homme), Ren\u00e9e Le Mignot (MRAP &#8211; Mouvement contre le racisme et pour l&rsquo;amiti\u00e9 entre les peuples), Henri Pouillot (Sortir du Colonialisme).<\/p>\n<p>&#013;<\/p>\n<p>Dans leur missive, les signataires rappellent au pr\u00e9sident Macron ses propos de f\u00e9vrier dernier \u00e0 Alger, en sa qualit\u00e9 de candidat \u00e0 la pr\u00e9sidentielle, qualifiant la colonisation fran\u00e7aise de \u00ab\u00a0crime contre l\u2019humanit\u00e9\u00a0\u00bb et sa promesse du 5 mai, devant la r\u00e9daction de Mediapart, de prendre \u00ab\u00a0des actes forts\u00a0\u00bb sur cette p\u00e9riode de l\u2019histoire de France.<\/p>\n<p>&#013;<\/p>\n<p>\u00ab\u00a0Nous pensons donc, qu&rsquo;\u00e0 l&rsquo;occasion de ce 56e anniversaire du crime d&rsquo;Etat commis en plein Paris, vous pourriez (devriez?) ainsi concr\u00e9tiser cet engagement\u00a0\u00bb, ont-ils affirm\u00e9 dans leur lettre.<\/p>\n<p>&#013;<\/p>\n<p>Par ailleurs, une vingtaine d\u2019associations pour la reconnaissance des crimes d\u2019Etat commis par la France durant la colonisation ont soulign\u00e9, dans un appel, que 56 ans apr\u00e8s les massacres, \u00ab\u00a0la v\u00e9rit\u00e9 est partiellement en marche\u00a0\u00bb.<\/p>\n<p>&#013;<\/p>\n<p>Cependant, ont-ils relev\u00e9, la France \u00ab\u00a0n\u2019a toujours pas reconnu sa responsabilit\u00e9 dans les guerres coloniales qu\u2019elle a men\u00e9es, &#8211; en particulier la guerre d\u2019Alg\u00e9rie &#8211; non plus que dans le cort\u00e8ge de drames et d\u2019horreurs qu\u2019elles ont entra\u00een\u00e9s, comme ce crime d\u2019Etat que constitue le 17 octobre 1961\u00a0\u00bb.<\/p>\n<p>&#013;<\/p>\n<p>\u00ab\u00a0Nous demandons une parole claire aux autorit\u00e9s de la R\u00e9publique, au moment o\u00f9 certains osent encore aujourd\u2019hui continuer \u00e0 parler des +bienfaits de la colonisation+, \u00e0 c\u00e9l\u00e9brer le putsch des g\u00e9n\u00e9raux \u00e0 Alger contre la R\u00e9publique, \u00e0 +honorer+ les criminels de l&rsquo;OAS\u00a0\u00bb, ont r\u00e9clam\u00e9 ces associations, parmi elles 4 ACG (Anciens appel\u00e9s en Alg\u00e9rie et leurs amis contre la guerre), 17 octobre 61 contre l&rsquo;oubli, ACCA (Association contre le colonialisme aujourd&rsquo;hui), Les Amis de Max Marchand, de Mouloud Feraoun et de leurs Compagnons et le Parti de gauche (PG).<\/p>\n<p>&#013;<\/p>\n<p>Elles ont annonc\u00e9 \u00e0 cet effet que lors de ce rassemblement du 17 octobre au pont Saint-Michel, une nouvelle plaque sera\u00a0 symboliquement \u00ab\u00a0appos\u00e9e avec l\u2019inscription A la m\u00e9moire des centaines d\u2019Alg\u00e9riens tu\u00e9s lors des manifestations pacifiques du 17 octobre 1961 par des policiers agissant sous l\u2019autorit\u00e9 du pr\u00e9fet Maurice Papon. Reconnaissance de ce crime d\u2019Etat\u00a0\u00bb.<\/p>\n<p>&#013;<\/p>\n<p>Exigeant \u00ab\u00a0v\u00e9rit\u00e9 et justice\u00a0\u00bb, le collectif demande \u00e0 Emmanuel Macron de confirmer, au nom de la France, \u00ab\u00a0par un geste symbolique, la reconnaissance et la condamnation de ce crime d&rsquo;Etat\u00a0\u00bb.<\/p>\n<p>&#013;<\/p>\n<p>\u00ab\u00a0Que l&rsquo;Etat fran\u00e7ais reconnaisse sa responsabilit\u00e9 dans l&rsquo;internement arbitraire, pendant la Guerre d&rsquo;Alg\u00e9rie, d&rsquo;Alg\u00e9riens dans des camps. Que la libert\u00e9 d\u2019acc\u00e8s aux archives soit effective pour tous, historiens et citoyens. Que la recherche historique sur ces questions soit encourag\u00e9e, dans un cadre franco-alg\u00e9rien, international et ind\u00e9pendant\u00a0\u00bb, a-t-il revendiqu\u00e9.<\/p>\n<\/div>\n<p>&#013;<br \/>\nSource: <a href=\"http:\/\/www.aps.dz\/algerie\/63655-17-octobre-1961-macron-sollicite-pour-une-position-precise-sur-les-massacres-d-algeriens-a-paris\" target=\"_blank\">17 octobre 1961 : Macron sollicit\u00e9 pour une position \u00ab\u00a0pr\u00e9cise\u00a0\u00bb sur les massacres d\u2019Alg\u00e9riens \u00e0 Paris<\/a><\/p>\n<!--CusAds0-->\n<div style=\"font-size: 0px; height: 0px; line-height: 0px; margin: 0; padding: 0; clear: both;\"><\/div>","protected":false},"excerpt":{"rendered":"<p>PARIS &#8211; Le pr\u00e9sident Emmanuel Macron a \u00e9t\u00e9 sollicit\u00e9 par le Collectif du 17 octobre 1961 pour faire conna\u00eetre sa position \u00ab\u00a0pr\u00e9cise\u00a0\u00bb sur les crimes d\u2019Etat et notamment les massacres d\u2019Alg\u00e9riens \u00e0 Paris dans la nuit du 17 octobre 1961. &#013; &#013; \u00ab\u00a0Nous sollicitons de votre bienveillance une audience pour connaitre votre position pr\u00e9cise \u00e0<\/p>\n","protected":false},"author":6,"featured_media":16634,"comment_status":"open","ping_status":"open","sticky":false,"template":"","format":"standard","meta":{"footnotes":""},"categories":[22],"tags":[93],"class_list":["post-16633","post","type-post","status-publish","format-standard","has-post-thumbnail","hentry","category-infos","tag-onu"],"yoast_head":"<!-- This site is optimized with the Yoast SEO plugin v27.5 - https:\/\/yoast.com\/product\/yoast-seo-wordpress\/ -->\n<title>17 octobre 1961 : Macron sollicit\u00e9 pour une position &quot;pr\u00e9cise&quot; sur les massacres d\u2019Alg\u00e9riens \u00e0 Paris - info algerie<\/title>\n<meta name=\"robots\" content=\"index, follow, max-snippet:-1, max-image-preview:large, max-video-preview:-1\" \/>\n<link rel=\"canonical\" href=\"https:\/\/www.info-algerie.com\/actualites\/17-octobre-1961-macron-sollicite-pour-une-position-precise-sur-les-massacres-dalgeriens-a-paris\/\" \/>\n<meta property=\"og:locale\" content=\"fr_FR\" \/>\n<meta property=\"og:type\" content=\"article\" \/>\n<meta property=\"og:title\" content=\"17 octobre 1961 : Macron sollicit\u00e9 pour une position &quot;pr\u00e9cise&quot; sur les massacres d\u2019Alg\u00e9riens \u00e0 Paris - info algerie\" \/>\n<meta property=\"og:description\" content=\"PARIS &#8211; Le pr\u00e9sident Emmanuel Macron a \u00e9t\u00e9 sollicit\u00e9 par le Collectif du 17 octobre 1961 pour faire conna\u00eetre sa position \u00ab\u00a0pr\u00e9cise\u00a0\u00bb sur les crimes d\u2019Etat et notamment les massacres d\u2019Alg\u00e9riens \u00e0 Paris dans la nuit du 17 octobre 1961. &#013; &#013; \u00ab\u00a0Nous sollicitons de votre bienveillance une audience pour connaitre votre position pr\u00e9cise \u00e0\" \/>\n<meta property=\"og:url\" content=\"https:\/\/www.info-algerie.com\/actualites\/17-octobre-1961-macron-sollicite-pour-une-position-precise-sur-les-massacres-dalgeriens-a-paris\/\" \/>\n<meta property=\"og:site_name\" content=\"info algerie\" \/>\n<meta property=\"article:publisher\" content=\"https:\/\/www.facebook.com\/infoalgerieactu\" \/>\n<meta property=\"article:published_time\" content=\"2017-10-07T13:53:46+00:00\" \/>\n<meta property=\"og:image\" content=\"https:\/\/www.info-algerie.com\/actualites\/wp-content\/uploads\/2017\/10\/a72c91f35259dc37a3b70106f62d66d5_S-1.jpg\" \/>\n\t<meta property=\"og:image:width\" content=\"280\" \/>\n\t<meta property=\"og:image:height\" content=\"169\" \/>\n\t<meta property=\"og:image:type\" content=\"image\/jpeg\" \/>\n<meta name=\"author\" content=\"La r\u00e9daction\" \/>\n<meta name=\"twitter:label1\" content=\"\u00c9crit par\" \/>\n\t<meta name=\"twitter:data1\" content=\"La r\u00e9daction\" \/>\n\t<meta name=\"twitter:label2\" content=\"Dur\u00e9e de lecture estim\u00e9e\" \/>\n\t<meta name=\"twitter:data2\" content=\"3 minutes\" \/>\n<script type=\"application\/ld+json\" class=\"yoast-schema-graph\">{\"@context\":\"https:\\\/\\\/schema.org\",\"@graph\":[{\"@type\":\"Article\",\"@id\":\"https:\\\/\\\/www.info-algerie.com\\\/actualites\\\/17-octobre-1961-macron-sollicite-pour-une-position-precise-sur-les-massacres-dalgeriens-a-paris\\\/#article\",\"isPartOf\":{\"@id\":\"https:\\\/\\\/www.info-algerie.com\\\/actualites\\\/17-octobre-1961-macron-sollicite-pour-une-position-precise-sur-les-massacres-dalgeriens-a-paris\\\/\"},\"author\":{\"name\":\"La r\u00e9daction\",\"@id\":\"https:\\\/\\\/www.info-algerie.com\\\/actualites\\\/#\\\/schema\\\/person\\\/847aaec44920825b843a08f30ec6aa1e\"},\"headline\":\"17 octobre 1961 : Macron sollicit\u00e9 pour une position &quot;pr\u00e9cise&quot; sur les massacres d\u2019Alg\u00e9riens \u00e0 Paris\",\"datePublished\":\"2017-10-07T13:53:46+00:00\",\"mainEntityOfPage\":{\"@id\":\"https:\\\/\\\/www.info-algerie.com\\\/actualites\\\/17-octobre-1961-macron-sollicite-pour-une-position-precise-sur-les-massacres-dalgeriens-a-paris\\\/\"},\"wordCount\":626,\"commentCount\":0,\"publisher\":{\"@id\":\"https:\\\/\\\/www.info-algerie.com\\\/actualites\\\/#organization\"},\"image\":{\"@id\":\"https:\\\/\\\/www.info-algerie.com\\\/actualites\\\/17-octobre-1961-macron-sollicite-pour-une-position-precise-sur-les-massacres-dalgeriens-a-paris\\\/#primaryimage\"},\"thumbnailUrl\":\"https:\\\/\\\/www.info-algerie.com\\\/actualites\\\/wp-content\\\/uploads\\\/2017\\\/10\\\/a72c91f35259dc37a3b70106f62d66d5_S-1.jpg\",\"keywords\":[\"ONU\"],\"articleSection\":[\"infos\"],\"inLanguage\":\"fr-FR\",\"potentialAction\":[{\"@type\":\"CommentAction\",\"name\":\"Comment\",\"target\":[\"https:\\\/\\\/www.info-algerie.com\\\/actualites\\\/17-octobre-1961-macron-sollicite-pour-une-position-precise-sur-les-massacres-dalgeriens-a-paris\\\/#respond\"]}]},{\"@type\":\"WebPage\",\"@id\":\"https:\\\/\\\/www.info-algerie.com\\\/actualites\\\/17-octobre-1961-macron-sollicite-pour-une-position-precise-sur-les-massacres-dalgeriens-a-paris\\\/\",\"url\":\"https:\\\/\\\/www.info-algerie.com\\\/actualites\\\/17-octobre-1961-macron-sollicite-pour-une-position-precise-sur-les-massacres-dalgeriens-a-paris\\\/\",\"name\":\"17 octobre 1961 : Macron sollicit\u00e9 pour une position &quot;pr\u00e9cise&quot; sur les massacres d\u2019Alg\u00e9riens \u00e0 Paris - info algerie\",\"isPartOf\":{\"@id\":\"https:\\\/\\\/www.info-algerie.com\\\/actualites\\\/#website\"},\"primaryImageOfPage\":{\"@id\":\"https:\\\/\\\/www.info-algerie.com\\\/actualites\\\/17-octobre-1961-macron-sollicite-pour-une-position-precise-sur-les-massacres-dalgeriens-a-paris\\\/#primaryimage\"},\"image\":{\"@id\":\"https:\\\/\\\/www.info-algerie.com\\\/actualites\\\/17-octobre-1961-macron-sollicite-pour-une-position-precise-sur-les-massacres-dalgeriens-a-paris\\\/#primaryimage\"},\"thumbnailUrl\":\"https:\\\/\\\/www.info-algerie.com\\\/actualites\\\/wp-content\\\/uploads\\\/2017\\\/10\\\/a72c91f35259dc37a3b70106f62d66d5_S-1.jpg\",\"datePublished\":\"2017-10-07T13:53:46+00:00\",\"breadcrumb\":{\"@id\":\"https:\\\/\\\/www.info-algerie.com\\\/actualites\\\/17-octobre-1961-macron-sollicite-pour-une-position-precise-sur-les-massacres-dalgeriens-a-paris\\\/#breadcrumb\"},\"inLanguage\":\"fr-FR\",\"potentialAction\":[{\"@type\":\"ReadAction\",\"target\":[\"https:\\\/\\\/www.info-algerie.com\\\/actualites\\\/17-octobre-1961-macron-sollicite-pour-une-position-precise-sur-les-massacres-dalgeriens-a-paris\\\/\"]}]},{\"@type\":\"ImageObject\",\"inLanguage\":\"fr-FR\",\"@id\":\"https:\\\/\\\/www.info-algerie.com\\\/actualites\\\/17-octobre-1961-macron-sollicite-pour-une-position-precise-sur-les-massacres-dalgeriens-a-paris\\\/#primaryimage\",\"url\":\"https:\\\/\\\/www.info-algerie.com\\\/actualites\\\/wp-content\\\/uploads\\\/2017\\\/10\\\/a72c91f35259dc37a3b70106f62d66d5_S-1.jpg\",\"contentUrl\":\"https:\\\/\\\/www.info-algerie.com\\\/actualites\\\/wp-content\\\/uploads\\\/2017\\\/10\\\/a72c91f35259dc37a3b70106f62d66d5_S-1.jpg\",\"width\":280,\"height\":169},{\"@type\":\"BreadcrumbList\",\"@id\":\"https:\\\/\\\/www.info-algerie.com\\\/actualites\\\/17-octobre-1961-macron-sollicite-pour-une-position-precise-sur-les-massacres-dalgeriens-a-paris\\\/#breadcrumb\",\"itemListElement\":[{\"@type\":\"ListItem\",\"position\":1,\"name\":\"Accueil\",\"item\":\"https:\\\/\\\/www.info-algerie.com\\\/actualites\\\/\"},{\"@type\":\"ListItem\",\"position\":2,\"name\":\"17 octobre 1961 : Macron sollicit\u00e9 pour une position &quot;pr\u00e9cise&quot; sur les massacres d\u2019Alg\u00e9riens \u00e0 Paris\"}]},{\"@type\":\"WebSite\",\"@id\":\"https:\\\/\\\/www.info-algerie.com\\\/actualites\\\/#website\",\"url\":\"https:\\\/\\\/www.info-algerie.com\\\/actualites\\\/\",\"name\":\"info algerie\",\"description\":\"Toutes les actualit\u00e9s\",\"publisher\":{\"@id\":\"https:\\\/\\\/www.info-algerie.com\\\/actualites\\\/#organization\"},\"potentialAction\":[{\"@type\":\"SearchAction\",\"target\":{\"@type\":\"EntryPoint\",\"urlTemplate\":\"https:\\\/\\\/www.info-algerie.com\\\/actualites\\\/?s={search_term_string}\"},\"query-input\":{\"@type\":\"PropertyValueSpecification\",\"valueRequired\":true,\"valueName\":\"search_term_string\"}}],\"inLanguage\":\"fr-FR\"},{\"@type\":\"Organization\",\"@id\":\"https:\\\/\\\/www.info-algerie.com\\\/actualites\\\/#organization\",\"name\":\"info algerie\",\"url\":\"https:\\\/\\\/www.info-algerie.com\\\/actualites\\\/\",\"logo\":{\"@type\":\"ImageObject\",\"inLanguage\":\"fr-FR\",\"@id\":\"https:\\\/\\\/www.info-algerie.com\\\/actualites\\\/#\\\/schema\\\/logo\\\/image\\\/\",\"url\":\"https:\\\/\\\/www.info-algerie.com\\\/actualites\\\/wp-content\\\/uploads\\\/2022\\\/07\\\/logo-ia-120.png\",\"contentUrl\":\"https:\\\/\\\/www.info-algerie.com\\\/actualites\\\/wp-content\\\/uploads\\\/2022\\\/07\\\/logo-ia-120.png\",\"width\":120,\"height\":43,\"caption\":\"info algerie\"},\"image\":{\"@id\":\"https:\\\/\\\/www.info-algerie.com\\\/actualites\\\/#\\\/schema\\\/logo\\\/image\\\/\"},\"sameAs\":[\"https:\\\/\\\/www.facebook.com\\\/infoalgerieactu\",\"https:\\\/\\\/x.com\\\/infoalgerie1\"]},{\"@type\":\"Person\",\"@id\":\"https:\\\/\\\/www.info-algerie.com\\\/actualites\\\/#\\\/schema\\\/person\\\/847aaec44920825b843a08f30ec6aa1e\",\"name\":\"La r\u00e9daction\",\"image\":{\"@type\":\"ImageObject\",\"inLanguage\":\"fr-FR\",\"@id\":\"https:\\\/\\\/secure.gravatar.com\\\/avatar\\\/769db425c6f465158149f1ffd6cf61ce7a8a879d11dfbef8288af36dfddd418c?s=96&d=mm&r=g\",\"url\":\"https:\\\/\\\/secure.gravatar.com\\\/avatar\\\/769db425c6f465158149f1ffd6cf61ce7a8a879d11dfbef8288af36dfddd418c?s=96&d=mm&r=g\",\"contentUrl\":\"https:\\\/\\\/secure.gravatar.com\\\/avatar\\\/769db425c6f465158149f1ffd6cf61ce7a8a879d11dfbef8288af36dfddd418c?s=96&d=mm&r=g\",\"caption\":\"La r\u00e9daction\"},\"sameAs\":[\"http:\\\/\\\/www.lkeria.com\\\/\"],\"url\":\"https:\\\/\\\/www.info-algerie.com\\\/actualites\\\/author\\\/chakib32\\\/\"}]}<\/script>\n<!-- \/ Yoast SEO plugin. -->","yoast_head_json":{"title":"17 octobre 1961 : Macron sollicit\u00e9 pour une position &quot;pr\u00e9cise&quot; sur les massacres d\u2019Alg\u00e9riens \u00e0 Paris - info algerie","robots":{"index":"index","follow":"follow","max-snippet":"max-snippet:-1","max-image-preview":"max-image-preview:large","max-video-preview":"max-video-preview:-1"},"canonical":"https:\/\/www.info-algerie.com\/actualites\/17-octobre-1961-macron-sollicite-pour-une-position-precise-sur-les-massacres-dalgeriens-a-paris\/","og_locale":"fr_FR","og_type":"article","og_title":"17 octobre 1961 : Macron sollicit\u00e9 pour une position &quot;pr\u00e9cise&quot; sur les massacres d\u2019Alg\u00e9riens \u00e0 Paris - info algerie","og_description":"PARIS &#8211; Le pr\u00e9sident Emmanuel Macron a \u00e9t\u00e9 sollicit\u00e9 par le Collectif du 17 octobre 1961 pour faire conna\u00eetre sa position \u00ab\u00a0pr\u00e9cise\u00a0\u00bb sur les crimes d\u2019Etat et notamment les massacres d\u2019Alg\u00e9riens \u00e0 Paris dans la nuit du 17 octobre 1961. &#013; &#013; \u00ab\u00a0Nous sollicitons de votre bienveillance une audience pour connaitre votre position pr\u00e9cise \u00e0","og_url":"https:\/\/www.info-algerie.com\/actualites\/17-octobre-1961-macron-sollicite-pour-une-position-precise-sur-les-massacres-dalgeriens-a-paris\/","og_site_name":"info algerie","article_publisher":"https:\/\/www.facebook.com\/infoalgerieactu","article_published_time":"2017-10-07T13:53:46+00:00","og_image":[{"width":280,"height":169,"url":"https:\/\/www.info-algerie.com\/actualites\/wp-content\/uploads\/2017\/10\/a72c91f35259dc37a3b70106f62d66d5_S-1.jpg","type":"image\/jpeg"}],"author":"La r\u00e9daction","twitter_misc":{"\u00c9crit par":"La r\u00e9daction","Dur\u00e9e de lecture estim\u00e9e":"3 minutes"},"schema":{"@context":"https:\/\/schema.org","@graph":[{"@type":"Article","@id":"https:\/\/www.info-algerie.com\/actualites\/17-octobre-1961-macron-sollicite-pour-une-position-precise-sur-les-massacres-dalgeriens-a-paris\/#article","isPartOf":{"@id":"https:\/\/www.info-algerie.com\/actualites\/17-octobre-1961-macron-sollicite-pour-une-position-precise-sur-les-massacres-dalgeriens-a-paris\/"},"author":{"name":"La r\u00e9daction","@id":"https:\/\/www.info-algerie.com\/actualites\/#\/schema\/person\/847aaec44920825b843a08f30ec6aa1e"},"headline":"17 octobre 1961 : Macron sollicit\u00e9 pour une position &quot;pr\u00e9cise&quot; sur les massacres d\u2019Alg\u00e9riens \u00e0 Paris","datePublished":"2017-10-07T13:53:46+00:00","mainEntityOfPage":{"@id":"https:\/\/www.info-algerie.com\/actualites\/17-octobre-1961-macron-sollicite-pour-une-position-precise-sur-les-massacres-dalgeriens-a-paris\/"},"wordCount":626,"commentCount":0,"publisher":{"@id":"https:\/\/www.info-algerie.com\/actualites\/#organization"},"image":{"@id":"https:\/\/www.info-algerie.com\/actualites\/17-octobre-1961-macron-sollicite-pour-une-position-precise-sur-les-massacres-dalgeriens-a-paris\/#primaryimage"},"thumbnailUrl":"https:\/\/www.info-algerie.com\/actualites\/wp-content\/uploads\/2017\/10\/a72c91f35259dc37a3b70106f62d66d5_S-1.jpg","keywords":["ONU"],"articleSection":["infos"],"inLanguage":"fr-FR","potentialAction":[{"@type":"CommentAction","name":"Comment","target":["https:\/\/www.info-algerie.com\/actualites\/17-octobre-1961-macron-sollicite-pour-une-position-precise-sur-les-massacres-dalgeriens-a-paris\/#respond"]}]},{"@type":"WebPage","@id":"https:\/\/www.info-algerie.com\/actualites\/17-octobre-1961-macron-sollicite-pour-une-position-precise-sur-les-massacres-dalgeriens-a-paris\/","url":"https:\/\/www.info-algerie.com\/actualites\/17-octobre-1961-macron-sollicite-pour-une-position-precise-sur-les-massacres-dalgeriens-a-paris\/","name":"17 octobre 1961 : Macron sollicit\u00e9 pour une position &quot;pr\u00e9cise&quot; sur les massacres d\u2019Alg\u00e9riens \u00e0 Paris - info algerie","isPartOf":{"@id":"https:\/\/www.info-algerie.com\/actualites\/#website"},"primaryImageOfPage":{"@id":"https:\/\/www.info-algerie.com\/actualites\/17-octobre-1961-macron-sollicite-pour-une-position-precise-sur-les-massacres-dalgeriens-a-paris\/#primaryimage"},"image":{"@id":"https:\/\/www.info-algerie.com\/actualites\/17-octobre-1961-macron-sollicite-pour-une-position-precise-sur-les-massacres-dalgeriens-a-paris\/#primaryimage"},"thumbnailUrl":"https:\/\/www.info-algerie.com\/actualites\/wp-content\/uploads\/2017\/10\/a72c91f35259dc37a3b70106f62d66d5_S-1.jpg","datePublished":"2017-10-07T13:53:46+00:00","breadcrumb":{"@id":"https:\/\/www.info-algerie.com\/actualites\/17-octobre-1961-macron-sollicite-pour-une-position-precise-sur-les-massacres-dalgeriens-a-paris\/#breadcrumb"},"inLanguage":"fr-FR","potentialAction":[{"@type":"ReadAction","target":["https:\/\/www.info-algerie.com\/actualites\/17-octobre-1961-macron-sollicite-pour-une-position-precise-sur-les-massacres-dalgeriens-a-paris\/"]}]},{"@type":"ImageObject","inLanguage":"fr-FR","@id":"https:\/\/www.info-algerie.com\/actualites\/17-octobre-1961-macron-sollicite-pour-une-position-precise-sur-les-massacres-dalgeriens-a-paris\/#primaryimage","url":"https:\/\/www.info-algerie.com\/actualites\/wp-content\/uploads\/2017\/10\/a72c91f35259dc37a3b70106f62d66d5_S-1.jpg","contentUrl":"https:\/\/www.info-algerie.com\/actualites\/wp-content\/uploads\/2017\/10\/a72c91f35259dc37a3b70106f62d66d5_S-1.jpg","width":280,"height":169},{"@type":"BreadcrumbList","@id":"https:\/\/www.info-algerie.com\/actualites\/17-octobre-1961-macron-sollicite-pour-une-position-precise-sur-les-massacres-dalgeriens-a-paris\/#breadcrumb","itemListElement":[{"@type":"ListItem","position":1,"name":"Accueil","item":"https:\/\/www.info-algerie.com\/actualites\/"},{"@type":"ListItem","position":2,"name":"17 octobre 1961 : Macron sollicit\u00e9 pour une position &quot;pr\u00e9cise&quot; sur les massacres d\u2019Alg\u00e9riens \u00e0 Paris"}]},{"@type":"WebSite","@id":"https:\/\/www.info-algerie.com\/actualites\/#website","url":"https:\/\/www.info-algerie.com\/actualites\/","name":"info algerie","description":"Toutes les actualit\u00e9s","publisher":{"@id":"https:\/\/www.info-algerie.com\/actualites\/#organization"},"potentialAction":[{"@type":"SearchAction","target":{"@type":"EntryPoint","urlTemplate":"https:\/\/www.info-algerie.com\/actualites\/?s={search_term_string}"},"query-input":{"@type":"PropertyValueSpecification","valueRequired":true,"valueName":"search_term_string"}}],"inLanguage":"fr-FR"},{"@type":"Organization","@id":"https:\/\/www.info-algerie.com\/actualites\/#organization","name":"info algerie","url":"https:\/\/www.info-algerie.com\/actualites\/","logo":{"@type":"ImageObject","inLanguage":"fr-FR","@id":"https:\/\/www.info-algerie.com\/actualites\/#\/schema\/logo\/image\/","url":"https:\/\/www.info-algerie.com\/actualites\/wp-content\/uploads\/2022\/07\/logo-ia-120.png","contentUrl":"https:\/\/www.info-algerie.com\/actualites\/wp-content\/uploads\/2022\/07\/logo-ia-120.png","width":120,"height":43,"caption":"info algerie"},"image":{"@id":"https:\/\/www.info-algerie.com\/actualites\/#\/schema\/logo\/image\/"},"sameAs":["https:\/\/www.facebook.com\/infoalgerieactu","https:\/\/x.com\/infoalgerie1"]},{"@type":"Person","@id":"https:\/\/www.info-algerie.com\/actualites\/#\/schema\/person\/847aaec44920825b843a08f30ec6aa1e","name":"La r\u00e9daction","image":{"@type":"ImageObject","inLanguage":"fr-FR","@id":"https:\/\/secure.gravatar.com\/avatar\/769db425c6f465158149f1ffd6cf61ce7a8a879d11dfbef8288af36dfddd418c?s=96&d=mm&r=g","url":"https:\/\/secure.gravatar.com\/avatar\/769db425c6f465158149f1ffd6cf61ce7a8a879d11dfbef8288af36dfddd418c?s=96&d=mm&r=g","contentUrl":"https:\/\/secure.gravatar.com\/avatar\/769db425c6f465158149f1ffd6cf61ce7a8a879d11dfbef8288af36dfddd418c?s=96&d=mm&r=g","caption":"La r\u00e9daction"},"sameAs":["http:\/\/www.lkeria.com\/"],"url":"https:\/\/www.info-algerie.com\/actualites\/author\/chakib32\/"}]}},"_links":{"self":[{"href":"https:\/\/www.info-algerie.com\/actualites\/wp-json\/wp\/v2\/posts\/16633","targetHints":{"allow":["GET"]}}],"collection":[{"href":"https:\/\/www.info-algerie.com\/actualites\/wp-json\/wp\/v2\/posts"}],"about":[{"href":"https:\/\/www.info-algerie.com\/actualites\/wp-json\/wp\/v2\/types\/post"}],"author":[{"embeddable":true,"href":"https:\/\/www.info-algerie.com\/actualites\/wp-json\/wp\/v2\/users\/6"}],"replies":[{"embeddable":true,"href":"https:\/\/www.info-algerie.com\/actualites\/wp-json\/wp\/v2\/comments?post=16633"}],"version-history":[{"count":0,"href":"https:\/\/www.info-algerie.com\/actualites\/wp-json\/wp\/v2\/posts\/16633\/revisions"}],"wp:featuredmedia":[{"embeddable":true,"href":"https:\/\/www.info-algerie.com\/actualites\/wp-json\/wp\/v2\/media\/16634"}],"wp:attachment":[{"href":"https:\/\/www.info-algerie.com\/actualites\/wp-json\/wp\/v2\/media?parent=16633"}],"wp:term":[{"taxonomy":"category","embeddable":true,"href":"https:\/\/www.info-algerie.com\/actualites\/wp-json\/wp\/v2\/categories?post=16633"},{"taxonomy":"post_tag","embeddable":true,"href":"https:\/\/www.info-algerie.com\/actualites\/wp-json\/wp\/v2\/tags?post=16633"}],"curies":[{"name":"wp","href":"https:\/\/api.w.org\/{rel}","templated":true}]}}