{"id":16638,"date":"2017-10-07T17:10:32","date_gmt":"2017-10-07T16:10:32","guid":{"rendered":"http:\/\/www.info-algerie.com\/actualites\/elections-locales-les-preparatifs-vont-bon-train-a-travers-lensemble-du-territoire-nationale\/"},"modified":"2017-10-07T17:10:32","modified_gmt":"2017-10-07T16:10:32","slug":"elections-locales-les-preparatifs-vont-bon-train-a-travers-lensemble-du-territoire-nationale","status":"publish","type":"post","link":"https:\/\/www.info-algerie.com\/actualites\/elections-locales-les-preparatifs-vont-bon-train-a-travers-lensemble-du-territoire-nationale\/","title":{"rendered":"Elections locales: les pr\u00e9paratifs vont bon train \u00e0 travers l&#039;ensemble du territoire nationale"},"content":{"rendered":"<div class=\"K2FeedImage\"><img decoding=\"async\" src=\"https:\/\/www.info-algerie.com\/actualites\/wp-content\/uploads\/2017\/10\/b668e874747cf0919085f546e927323b_S.jpg\" alt=\"Elections locales: les pr&#xE9;paratifs vont bon train &#xE0; travers l'ensemble du territoire nationale\" \/><\/div>\n<div class=\"K2FeedIntroText\">\n<p class=\"MsoNormal\"><strong><span style=\"color: black\">ALGER- Le ministre de l&rsquo;Int\u00e9rieur, des Collectivit\u00e9s locales et de l&rsquo;Am\u00e9nagement du territoire, Noureddine Bedoui, a indiqu\u00e9 samedi \u00e0 Alger que les pr\u00e9paratifs des prochaines <a href=\"http:\/\/www.aps.dz\/algerie\/62098-elections-apc-apw-le-president-bouteflika-convoque-le-corps-electoral-pour-le-23-novembre-2017\" target=\"_blank\">\u00e9lections locales<\/a> \u00ab\u00a0vont bon train\u00a0\u00bb \u00e0 travers l&rsquo;ensemble du territoire national, pr\u00e9cisant que tous les moyens \u00e9taient r\u00e9unis pour assurer le succ\u00e8s de cette \u00e9ch\u00e9ance.<\/span><\/strong><\/p>\n<p>&#013;\n<\/p><\/div>\n<div class=\"K2FeedFullText\">&#013;<\/p>\n<p class=\"MsoNormal\"><span style=\"color: black\">\u00ab\u00a0Les pr\u00e9paratifs des prochaines \u00e9lections locales vont bon train \u00e0 travers l&rsquo;ensemble du territoire national\u00a0\u00bb, <\/span><span style=\"color: black\">a d\u00e9clar\u00e9 M. Bedoui \u00e0 la presse en marge de l&rsquo;ouverture de l&rsquo;ann\u00e9e acad\u00e9mique \u00e0<strong> <a href=\"http:\/\/www.ena.dz\/index.php\/fr\/presentation-de-l-ecole1\" target=\"_blank\">l\u2019\u00c9cole nationale d&rsquo;administration<\/a>,<\/strong> ajoutant que \u00ab\u00a0tous les moyens humains et mat\u00e9riels sont r\u00e9unis\u00a0\u00bb pour que ce rendez-vous \u00e9lectoral \u00ab\u00a0soit \u00e0 la hauteur des aspirations des citoyens, des instructions du pr\u00e9sident de la R\u00e9publique et des valeurs constitutionnelles\u00a0\u00bb. <\/span><\/p>\n<p>&#013;<\/p>\n<p class=\"MsoNormal\"><span style=\"color: black\">La phase actuelle de ces pr\u00e9paratifs est celle du d\u00e9p\u00f4t des recours par tout candidat dont la candidature aura \u00e9t\u00e9 rejet\u00e9e, a-t-il dit, pr\u00e9cisant que les concern\u00e9s ont trois (3) jours pour pr\u00e9senter leurs recours \u00e0 la justice. <\/span><\/p>\n<p>&#013;<\/p>\n<p class=\"MsoNormal\"><span style=\"color: black\">Concernant le fichier \u00e9lectoral national, le ministre a soulign\u00e9 que ses services \u00ab\u00a0continueront \u00e0 rem\u00e9dier aux lacunes relev\u00e9es et \u00e0 la double inscription des \u00e9lecteurs en mobilisant tous les moyens humains n\u00e9cessaires et en utilisant les nouvelles technologies de communication\u00a0\u00bb, ajoutant que \u00ab\u00a0le fichier \u00e9lectoral est assaini \u00e0 95% et l&rsquo;op\u00e9ration devrait se cl\u00f4turer fin octobre\u00a0\u00bb. <\/span><\/p>\n<p>&#013;<\/p>\n<p class=\"MsoNormal\"><span style=\"color: black\">M. Bedoui a fait savoir que le site \u00e9lectronique du minist\u00e8re de l&rsquo;Int\u00e9rieur avait \u00e9t\u00e9 dot\u00e9 de \u00ab\u00a0nouvelles applications offrant de nombreuses prestations dont l&rsquo;identification du bureau de vote d&rsquo;un \u00e9lecteur par l&rsquo;introduction de son nom, son pr\u00e9nom et sa date de naissance. <\/span><\/p>\n<p>&#013;<\/p>\n<p class=\"MsoNormal\"><span style=\"color: black\">Le ministre a ajout\u00e9 que <\/span><\/p>\n<p>&#013;<\/p>\n<blockquote><p>&#013;<\/p>\n<p class=\"MsoNormal\"><em><span style=\"color: black\"><strong>le vote \u00e9lectronique, en vigueur dans les pays d\u00e9velopp\u00e9s, fera son entr\u00e9e en Alg\u00e9rie en 2022 gr\u00e2ce aux caract\u00e9ristiques de la carte nationale d&rsquo;identit\u00e9 biom\u00e9trique.<\/strong> <\/span><\/em><\/p>\n<p>&#013;\n<\/p><\/blockquote>\n<p>&#013;<\/p>\n<p class=\"MsoNormal\"><span style=\"color: black\">R\u00e9agissant aux interrogations de certaines parties quant au r\u00f4le de l&rsquo;\u00e9lu local, M. Bedoui a affirm\u00e9 que \u00ab\u00a0des milliers d&rsquo;\u00e9lus au niveau des APC et APW ont r\u00e9alis\u00e9 un travail colossal au cours du mandat actuel, des mandats pr\u00e9c\u00e9dents, voire m\u00eame pendant la d\u00e9cennie noire\u00a0\u00bb, avant d&rsquo;ajouter que \u00ab\u00a0sans la contribution de l&rsquo;\u00e9lu, \u00e0 ce moment pr\u00e9cis, l&rsquo;Alg\u00e9rie ne serait jamais parvenue \u00e0 rester debout, c&rsquo;est pourquoi, il importe de rendre hommage \u00e0 l&rsquo;ensemble des \u00e9lus au niveau des 1541 communes, pour avoir accompli pleinement leurs missions\u00a0\u00bb.<span>\u00a0 <\/span><\/span><\/p>\n<p>&#013;<\/p>\n<p class=\"MsoNormal\"><span style=\"color: black\">Interrog\u00e9 sur les m\u00e9canismes de lutte contre la transhumance politique, le ministre a pr\u00e9cis\u00e9 que la Loi organique portant r\u00e9gime \u00e9lectoral \u00ab\u00a0a interdit\u00a0\u00bb ce ph\u00e9nom\u00e8ne et qu&rsquo;en coordination avec la Haute instance ind\u00e9pendante de surveillance des \u00e9lections (HIISE), \u00ab\u00a0cette question sera abord\u00e9e\u00a0\u00bb dans le Code communal et de wilaya qui \u00ab\u00a0sera sous forme de loi organique unifi\u00e9e intitul\u00e9e Loi relative aux collectivit\u00e9s locales\u00a0\u00bb.<span>\u00a0 <\/span><\/span><\/p>\n<p>&#013;<\/p>\n<blockquote><p>&#013;<\/p>\n<p class=\"MsoNormal\"><em><span style=\"color: black\"><strong>Cette loi qui sera soumise au gouvernement d\u00e9but 2018, \u00a0\u00bb mettra en \u0153uvre les nouveaux principes constitutionnels et consacrera la d\u00e9centralisation et le r\u00f4le \u00e9conomique des collectivit\u00e9s locales et de l&rsquo;\u00e9lu local\u00a0\u00bb, a-t-il soutenu.<\/strong><strong>\u00a0<\/strong> <\/span><\/em><\/p>\n<p>&#013;\n<\/p><\/blockquote>\n<p>&#013;<\/p>\n<p class=\"MsoNormal\"><span style=\"color: black\">R\u00e9pondant \u00e0 une question sur le recensement des migrants clandestins pr\u00e9sents sur le territoire national, M. Bedoui a indiqu\u00e9 que \u00ab\u00a0l&rsquo;op\u00e9ration se poursuit et une Commission nationale pr\u00e9sid\u00e9e par le ministre de l&rsquo;Int\u00e9rieur et comprenant divers services s\u00e9curitaires et administratifs existe d\u00e9j\u00e0\u00a0\u00bb. Ladite commission\u00a0\u00bb travaille pour la concr\u00e9tisation d&rsquo;un seul objectif, \u00e0 savoir, pr\u00e9server la s\u00e9curit\u00e9 et stabilit\u00e9 du pays, ainsi que la qui\u00e9tude du citoyen\u00a0\u00bb.<\/span><\/p>\n<p>&#013;<\/p>\n<p class=\"MsoNormal\"><span style=\"color: black\">\u00ab\u00a0La commission mettra en place des m\u00e9canismes juridiques, dont le fichier national des migrants qui sera \u00e9labor\u00e9 dans les semaines \u00e0 venir\u00a0\u00bb, a pr\u00e9cis\u00e9 M. Bedoui.<\/span><\/p>\n<\/div>\n<p>&#013;<br \/>\nSource: <a href=\"http:\/\/www.aps.dz\/algerie\/63671-elections-locales-les-preparatifs-vont-bon-train-a-travers-l-ensemble-du-territoire-nationale\" target=\"_blank\">Elections locales: les pr\u00e9paratifs vont bon train \u00e0 travers l&rsquo;ensemble du territoire nationale<\/a><\/p>\n<!--CusAds0-->\n<div style=\"font-size: 0px; height: 0px; line-height: 0px; margin: 0; padding: 0; clear: both;\"><\/div>","protected":false},"excerpt":{"rendered":"<p>ALGER- Le ministre de l&rsquo;Int\u00e9rieur, des Collectivit\u00e9s locales et de l&rsquo;Am\u00e9nagement du territoire, Noureddine Bedoui, a indiqu\u00e9 samedi \u00e0 Alger que les pr\u00e9paratifs des prochaines \u00e9lections locales \u00ab\u00a0vont bon train\u00a0\u00bb \u00e0 travers l&rsquo;ensemble du territoire national, pr\u00e9cisant que tous les moyens \u00e9taient r\u00e9unis pour assurer le succ\u00e8s de cette \u00e9ch\u00e9ance. &#013; &#013; \u00ab\u00a0Les pr\u00e9paratifs des<\/p>\n","protected":false},"author":6,"featured_media":16639,"comment_status":"open","ping_status":"open","sticky":false,"template":"","format":"standard","meta":{"footnotes":""},"categories":[22],"tags":[93],"class_list":["post-16638","post","type-post","status-publish","format-standard","has-post-thumbnail","hentry","category-infos","tag-onu"],"yoast_head":"<!-- This site is optimized with the Yoast SEO plugin v27.5 - https:\/\/yoast.com\/product\/yoast-seo-wordpress\/ -->\n<title>Elections locales: les pr\u00e9paratifs vont bon train \u00e0 travers l&#039;ensemble du territoire nationale - info algerie<\/title>\n<meta name=\"robots\" content=\"index, follow, max-snippet:-1, max-image-preview:large, max-video-preview:-1\" \/>\n<link rel=\"canonical\" href=\"https:\/\/www.info-algerie.com\/actualites\/elections-locales-les-preparatifs-vont-bon-train-a-travers-lensemble-du-territoire-nationale\/\" \/>\n<meta property=\"og:locale\" content=\"fr_FR\" \/>\n<meta property=\"og:type\" content=\"article\" \/>\n<meta property=\"og:title\" content=\"Elections locales: les pr\u00e9paratifs vont bon train \u00e0 travers l&#039;ensemble du territoire nationale - info algerie\" \/>\n<meta property=\"og:description\" content=\"ALGER- Le ministre de l&rsquo;Int\u00e9rieur, des Collectivit\u00e9s locales et de l&rsquo;Am\u00e9nagement du territoire, Noureddine Bedoui, a indiqu\u00e9 samedi \u00e0 Alger que les pr\u00e9paratifs des prochaines \u00e9lections locales \u00ab\u00a0vont bon train\u00a0\u00bb \u00e0 travers l&rsquo;ensemble du territoire national, pr\u00e9cisant que tous les moyens \u00e9taient r\u00e9unis pour assurer le succ\u00e8s de cette \u00e9ch\u00e9ance. &#013; &#013; \u00ab\u00a0Les pr\u00e9paratifs des\" \/>\n<meta property=\"og:url\" content=\"https:\/\/www.info-algerie.com\/actualites\/elections-locales-les-preparatifs-vont-bon-train-a-travers-lensemble-du-territoire-nationale\/\" \/>\n<meta property=\"og:site_name\" content=\"info algerie\" \/>\n<meta property=\"article:publisher\" content=\"https:\/\/www.facebook.com\/infoalgerieactu\" \/>\n<meta property=\"article:published_time\" content=\"2017-10-07T16:10:32+00:00\" \/>\n<meta property=\"og:image\" content=\"https:\/\/www.info-algerie.com\/actualites\/wp-content\/uploads\/2017\/10\/b668e874747cf0919085f546e927323b_S-1.jpg\" \/>\n\t<meta property=\"og:image:width\" content=\"280\" \/>\n\t<meta property=\"og:image:height\" content=\"169\" \/>\n\t<meta property=\"og:image:type\" content=\"image\/jpeg\" \/>\n<meta name=\"author\" content=\"La r\u00e9daction\" \/>\n<meta name=\"twitter:label1\" content=\"\u00c9crit par\" \/>\n\t<meta name=\"twitter:data1\" content=\"La r\u00e9daction\" \/>\n\t<meta name=\"twitter:label2\" content=\"Dur\u00e9e de lecture estim\u00e9e\" \/>\n\t<meta name=\"twitter:data2\" content=\"3 minutes\" \/>\n<script type=\"application\/ld+json\" class=\"yoast-schema-graph\">{\"@context\":\"https:\\\/\\\/schema.org\",\"@graph\":[{\"@type\":\"Article\",\"@id\":\"https:\\\/\\\/www.info-algerie.com\\\/actualites\\\/elections-locales-les-preparatifs-vont-bon-train-a-travers-lensemble-du-territoire-nationale\\\/#article\",\"isPartOf\":{\"@id\":\"https:\\\/\\\/www.info-algerie.com\\\/actualites\\\/elections-locales-les-preparatifs-vont-bon-train-a-travers-lensemble-du-territoire-nationale\\\/\"},\"author\":{\"name\":\"La r\u00e9daction\",\"@id\":\"https:\\\/\\\/www.info-algerie.com\\\/actualites\\\/#\\\/schema\\\/person\\\/847aaec44920825b843a08f30ec6aa1e\"},\"headline\":\"Elections locales: les pr\u00e9paratifs vont bon train \u00e0 travers l&#039;ensemble du territoire nationale\",\"datePublished\":\"2017-10-07T16:10:32+00:00\",\"mainEntityOfPage\":{\"@id\":\"https:\\\/\\\/www.info-algerie.com\\\/actualites\\\/elections-locales-les-preparatifs-vont-bon-train-a-travers-lensemble-du-territoire-nationale\\\/\"},\"wordCount\":668,\"commentCount\":0,\"publisher\":{\"@id\":\"https:\\\/\\\/www.info-algerie.com\\\/actualites\\\/#organization\"},\"image\":{\"@id\":\"https:\\\/\\\/www.info-algerie.com\\\/actualites\\\/elections-locales-les-preparatifs-vont-bon-train-a-travers-lensemble-du-territoire-nationale\\\/#primaryimage\"},\"thumbnailUrl\":\"https:\\\/\\\/www.info-algerie.com\\\/actualites\\\/wp-content\\\/uploads\\\/2017\\\/10\\\/b668e874747cf0919085f546e927323b_S-1.jpg\",\"keywords\":[\"ONU\"],\"articleSection\":[\"infos\"],\"inLanguage\":\"fr-FR\",\"potentialAction\":[{\"@type\":\"CommentAction\",\"name\":\"Comment\",\"target\":[\"https:\\\/\\\/www.info-algerie.com\\\/actualites\\\/elections-locales-les-preparatifs-vont-bon-train-a-travers-lensemble-du-territoire-nationale\\\/#respond\"]}]},{\"@type\":\"WebPage\",\"@id\":\"https:\\\/\\\/www.info-algerie.com\\\/actualites\\\/elections-locales-les-preparatifs-vont-bon-train-a-travers-lensemble-du-territoire-nationale\\\/\",\"url\":\"https:\\\/\\\/www.info-algerie.com\\\/actualites\\\/elections-locales-les-preparatifs-vont-bon-train-a-travers-lensemble-du-territoire-nationale\\\/\",\"name\":\"Elections locales: les pr\u00e9paratifs vont bon train \u00e0 travers l&#039;ensemble du territoire nationale - info algerie\",\"isPartOf\":{\"@id\":\"https:\\\/\\\/www.info-algerie.com\\\/actualites\\\/#website\"},\"primaryImageOfPage\":{\"@id\":\"https:\\\/\\\/www.info-algerie.com\\\/actualites\\\/elections-locales-les-preparatifs-vont-bon-train-a-travers-lensemble-du-territoire-nationale\\\/#primaryimage\"},\"image\":{\"@id\":\"https:\\\/\\\/www.info-algerie.com\\\/actualites\\\/elections-locales-les-preparatifs-vont-bon-train-a-travers-lensemble-du-territoire-nationale\\\/#primaryimage\"},\"thumbnailUrl\":\"https:\\\/\\\/www.info-algerie.com\\\/actualites\\\/wp-content\\\/uploads\\\/2017\\\/10\\\/b668e874747cf0919085f546e927323b_S-1.jpg\",\"datePublished\":\"2017-10-07T16:10:32+00:00\",\"breadcrumb\":{\"@id\":\"https:\\\/\\\/www.info-algerie.com\\\/actualites\\\/elections-locales-les-preparatifs-vont-bon-train-a-travers-lensemble-du-territoire-nationale\\\/#breadcrumb\"},\"inLanguage\":\"fr-FR\",\"potentialAction\":[{\"@type\":\"ReadAction\",\"target\":[\"https:\\\/\\\/www.info-algerie.com\\\/actualites\\\/elections-locales-les-preparatifs-vont-bon-train-a-travers-lensemble-du-territoire-nationale\\\/\"]}]},{\"@type\":\"ImageObject\",\"inLanguage\":\"fr-FR\",\"@id\":\"https:\\\/\\\/www.info-algerie.com\\\/actualites\\\/elections-locales-les-preparatifs-vont-bon-train-a-travers-lensemble-du-territoire-nationale\\\/#primaryimage\",\"url\":\"https:\\\/\\\/www.info-algerie.com\\\/actualites\\\/wp-content\\\/uploads\\\/2017\\\/10\\\/b668e874747cf0919085f546e927323b_S-1.jpg\",\"contentUrl\":\"https:\\\/\\\/www.info-algerie.com\\\/actualites\\\/wp-content\\\/uploads\\\/2017\\\/10\\\/b668e874747cf0919085f546e927323b_S-1.jpg\",\"width\":280,\"height\":169},{\"@type\":\"BreadcrumbList\",\"@id\":\"https:\\\/\\\/www.info-algerie.com\\\/actualites\\\/elections-locales-les-preparatifs-vont-bon-train-a-travers-lensemble-du-territoire-nationale\\\/#breadcrumb\",\"itemListElement\":[{\"@type\":\"ListItem\",\"position\":1,\"name\":\"Accueil\",\"item\":\"https:\\\/\\\/www.info-algerie.com\\\/actualites\\\/\"},{\"@type\":\"ListItem\",\"position\":2,\"name\":\"Elections locales: les pr\u00e9paratifs vont bon train \u00e0 travers l&#039;ensemble du territoire nationale\"}]},{\"@type\":\"WebSite\",\"@id\":\"https:\\\/\\\/www.info-algerie.com\\\/actualites\\\/#website\",\"url\":\"https:\\\/\\\/www.info-algerie.com\\\/actualites\\\/\",\"name\":\"info algerie\",\"description\":\"Toutes les actualit\u00e9s\",\"publisher\":{\"@id\":\"https:\\\/\\\/www.info-algerie.com\\\/actualites\\\/#organization\"},\"potentialAction\":[{\"@type\":\"SearchAction\",\"target\":{\"@type\":\"EntryPoint\",\"urlTemplate\":\"https:\\\/\\\/www.info-algerie.com\\\/actualites\\\/?s={search_term_string}\"},\"query-input\":{\"@type\":\"PropertyValueSpecification\",\"valueRequired\":true,\"valueName\":\"search_term_string\"}}],\"inLanguage\":\"fr-FR\"},{\"@type\":\"Organization\",\"@id\":\"https:\\\/\\\/www.info-algerie.com\\\/actualites\\\/#organization\",\"name\":\"info algerie\",\"url\":\"https:\\\/\\\/www.info-algerie.com\\\/actualites\\\/\",\"logo\":{\"@type\":\"ImageObject\",\"inLanguage\":\"fr-FR\",\"@id\":\"https:\\\/\\\/www.info-algerie.com\\\/actualites\\\/#\\\/schema\\\/logo\\\/image\\\/\",\"url\":\"https:\\\/\\\/www.info-algerie.com\\\/actualites\\\/wp-content\\\/uploads\\\/2022\\\/07\\\/logo-ia-120.png\",\"contentUrl\":\"https:\\\/\\\/www.info-algerie.com\\\/actualites\\\/wp-content\\\/uploads\\\/2022\\\/07\\\/logo-ia-120.png\",\"width\":120,\"height\":43,\"caption\":\"info algerie\"},\"image\":{\"@id\":\"https:\\\/\\\/www.info-algerie.com\\\/actualites\\\/#\\\/schema\\\/logo\\\/image\\\/\"},\"sameAs\":[\"https:\\\/\\\/www.facebook.com\\\/infoalgerieactu\",\"https:\\\/\\\/x.com\\\/infoalgerie1\"]},{\"@type\":\"Person\",\"@id\":\"https:\\\/\\\/www.info-algerie.com\\\/actualites\\\/#\\\/schema\\\/person\\\/847aaec44920825b843a08f30ec6aa1e\",\"name\":\"La r\u00e9daction\",\"image\":{\"@type\":\"ImageObject\",\"inLanguage\":\"fr-FR\",\"@id\":\"https:\\\/\\\/secure.gravatar.com\\\/avatar\\\/769db425c6f465158149f1ffd6cf61ce7a8a879d11dfbef8288af36dfddd418c?s=96&d=mm&r=g\",\"url\":\"https:\\\/\\\/secure.gravatar.com\\\/avatar\\\/769db425c6f465158149f1ffd6cf61ce7a8a879d11dfbef8288af36dfddd418c?s=96&d=mm&r=g\",\"contentUrl\":\"https:\\\/\\\/secure.gravatar.com\\\/avatar\\\/769db425c6f465158149f1ffd6cf61ce7a8a879d11dfbef8288af36dfddd418c?s=96&d=mm&r=g\",\"caption\":\"La r\u00e9daction\"},\"sameAs\":[\"http:\\\/\\\/www.lkeria.com\\\/\"],\"url\":\"https:\\\/\\\/www.info-algerie.com\\\/actualites\\\/author\\\/chakib32\\\/\"}]}<\/script>\n<!-- \/ Yoast SEO plugin. -->","yoast_head_json":{"title":"Elections locales: les pr\u00e9paratifs vont bon train \u00e0 travers l&#039;ensemble du territoire nationale - info algerie","robots":{"index":"index","follow":"follow","max-snippet":"max-snippet:-1","max-image-preview":"max-image-preview:large","max-video-preview":"max-video-preview:-1"},"canonical":"https:\/\/www.info-algerie.com\/actualites\/elections-locales-les-preparatifs-vont-bon-train-a-travers-lensemble-du-territoire-nationale\/","og_locale":"fr_FR","og_type":"article","og_title":"Elections locales: les pr\u00e9paratifs vont bon train \u00e0 travers l&#039;ensemble du territoire nationale - info algerie","og_description":"ALGER- Le ministre de l&rsquo;Int\u00e9rieur, des Collectivit\u00e9s locales et de l&rsquo;Am\u00e9nagement du territoire, Noureddine Bedoui, a indiqu\u00e9 samedi \u00e0 Alger que les pr\u00e9paratifs des prochaines \u00e9lections locales \u00ab\u00a0vont bon train\u00a0\u00bb \u00e0 travers l&rsquo;ensemble du territoire national, pr\u00e9cisant que tous les moyens \u00e9taient r\u00e9unis pour assurer le succ\u00e8s de cette \u00e9ch\u00e9ance. &#013; &#013; \u00ab\u00a0Les pr\u00e9paratifs des","og_url":"https:\/\/www.info-algerie.com\/actualites\/elections-locales-les-preparatifs-vont-bon-train-a-travers-lensemble-du-territoire-nationale\/","og_site_name":"info algerie","article_publisher":"https:\/\/www.facebook.com\/infoalgerieactu","article_published_time":"2017-10-07T16:10:32+00:00","og_image":[{"width":280,"height":169,"url":"https:\/\/www.info-algerie.com\/actualites\/wp-content\/uploads\/2017\/10\/b668e874747cf0919085f546e927323b_S-1.jpg","type":"image\/jpeg"}],"author":"La r\u00e9daction","twitter_misc":{"\u00c9crit par":"La r\u00e9daction","Dur\u00e9e de lecture estim\u00e9e":"3 minutes"},"schema":{"@context":"https:\/\/schema.org","@graph":[{"@type":"Article","@id":"https:\/\/www.info-algerie.com\/actualites\/elections-locales-les-preparatifs-vont-bon-train-a-travers-lensemble-du-territoire-nationale\/#article","isPartOf":{"@id":"https:\/\/www.info-algerie.com\/actualites\/elections-locales-les-preparatifs-vont-bon-train-a-travers-lensemble-du-territoire-nationale\/"},"author":{"name":"La r\u00e9daction","@id":"https:\/\/www.info-algerie.com\/actualites\/#\/schema\/person\/847aaec44920825b843a08f30ec6aa1e"},"headline":"Elections locales: les pr\u00e9paratifs vont bon train \u00e0 travers l&#039;ensemble du territoire nationale","datePublished":"2017-10-07T16:10:32+00:00","mainEntityOfPage":{"@id":"https:\/\/www.info-algerie.com\/actualites\/elections-locales-les-preparatifs-vont-bon-train-a-travers-lensemble-du-territoire-nationale\/"},"wordCount":668,"commentCount":0,"publisher":{"@id":"https:\/\/www.info-algerie.com\/actualites\/#organization"},"image":{"@id":"https:\/\/www.info-algerie.com\/actualites\/elections-locales-les-preparatifs-vont-bon-train-a-travers-lensemble-du-territoire-nationale\/#primaryimage"},"thumbnailUrl":"https:\/\/www.info-algerie.com\/actualites\/wp-content\/uploads\/2017\/10\/b668e874747cf0919085f546e927323b_S-1.jpg","keywords":["ONU"],"articleSection":["infos"],"inLanguage":"fr-FR","potentialAction":[{"@type":"CommentAction","name":"Comment","target":["https:\/\/www.info-algerie.com\/actualites\/elections-locales-les-preparatifs-vont-bon-train-a-travers-lensemble-du-territoire-nationale\/#respond"]}]},{"@type":"WebPage","@id":"https:\/\/www.info-algerie.com\/actualites\/elections-locales-les-preparatifs-vont-bon-train-a-travers-lensemble-du-territoire-nationale\/","url":"https:\/\/www.info-algerie.com\/actualites\/elections-locales-les-preparatifs-vont-bon-train-a-travers-lensemble-du-territoire-nationale\/","name":"Elections locales: les pr\u00e9paratifs vont bon train \u00e0 travers l&#039;ensemble du territoire nationale - info algerie","isPartOf":{"@id":"https:\/\/www.info-algerie.com\/actualites\/#website"},"primaryImageOfPage":{"@id":"https:\/\/www.info-algerie.com\/actualites\/elections-locales-les-preparatifs-vont-bon-train-a-travers-lensemble-du-territoire-nationale\/#primaryimage"},"image":{"@id":"https:\/\/www.info-algerie.com\/actualites\/elections-locales-les-preparatifs-vont-bon-train-a-travers-lensemble-du-territoire-nationale\/#primaryimage"},"thumbnailUrl":"https:\/\/www.info-algerie.com\/actualites\/wp-content\/uploads\/2017\/10\/b668e874747cf0919085f546e927323b_S-1.jpg","datePublished":"2017-10-07T16:10:32+00:00","breadcrumb":{"@id":"https:\/\/www.info-algerie.com\/actualites\/elections-locales-les-preparatifs-vont-bon-train-a-travers-lensemble-du-territoire-nationale\/#breadcrumb"},"inLanguage":"fr-FR","potentialAction":[{"@type":"ReadAction","target":["https:\/\/www.info-algerie.com\/actualites\/elections-locales-les-preparatifs-vont-bon-train-a-travers-lensemble-du-territoire-nationale\/"]}]},{"@type":"ImageObject","inLanguage":"fr-FR","@id":"https:\/\/www.info-algerie.com\/actualites\/elections-locales-les-preparatifs-vont-bon-train-a-travers-lensemble-du-territoire-nationale\/#primaryimage","url":"https:\/\/www.info-algerie.com\/actualites\/wp-content\/uploads\/2017\/10\/b668e874747cf0919085f546e927323b_S-1.jpg","contentUrl":"https:\/\/www.info-algerie.com\/actualites\/wp-content\/uploads\/2017\/10\/b668e874747cf0919085f546e927323b_S-1.jpg","width":280,"height":169},{"@type":"BreadcrumbList","@id":"https:\/\/www.info-algerie.com\/actualites\/elections-locales-les-preparatifs-vont-bon-train-a-travers-lensemble-du-territoire-nationale\/#breadcrumb","itemListElement":[{"@type":"ListItem","position":1,"name":"Accueil","item":"https:\/\/www.info-algerie.com\/actualites\/"},{"@type":"ListItem","position":2,"name":"Elections locales: les pr\u00e9paratifs vont bon train \u00e0 travers l&#039;ensemble du territoire nationale"}]},{"@type":"WebSite","@id":"https:\/\/www.info-algerie.com\/actualites\/#website","url":"https:\/\/www.info-algerie.com\/actualites\/","name":"info algerie","description":"Toutes les actualit\u00e9s","publisher":{"@id":"https:\/\/www.info-algerie.com\/actualites\/#organization"},"potentialAction":[{"@type":"SearchAction","target":{"@type":"EntryPoint","urlTemplate":"https:\/\/www.info-algerie.com\/actualites\/?s={search_term_string}"},"query-input":{"@type":"PropertyValueSpecification","valueRequired":true,"valueName":"search_term_string"}}],"inLanguage":"fr-FR"},{"@type":"Organization","@id":"https:\/\/www.info-algerie.com\/actualites\/#organization","name":"info algerie","url":"https:\/\/www.info-algerie.com\/actualites\/","logo":{"@type":"ImageObject","inLanguage":"fr-FR","@id":"https:\/\/www.info-algerie.com\/actualites\/#\/schema\/logo\/image\/","url":"https:\/\/www.info-algerie.com\/actualites\/wp-content\/uploads\/2022\/07\/logo-ia-120.png","contentUrl":"https:\/\/www.info-algerie.com\/actualites\/wp-content\/uploads\/2022\/07\/logo-ia-120.png","width":120,"height":43,"caption":"info algerie"},"image":{"@id":"https:\/\/www.info-algerie.com\/actualites\/#\/schema\/logo\/image\/"},"sameAs":["https:\/\/www.facebook.com\/infoalgerieactu","https:\/\/x.com\/infoalgerie1"]},{"@type":"Person","@id":"https:\/\/www.info-algerie.com\/actualites\/#\/schema\/person\/847aaec44920825b843a08f30ec6aa1e","name":"La r\u00e9daction","image":{"@type":"ImageObject","inLanguage":"fr-FR","@id":"https:\/\/secure.gravatar.com\/avatar\/769db425c6f465158149f1ffd6cf61ce7a8a879d11dfbef8288af36dfddd418c?s=96&d=mm&r=g","url":"https:\/\/secure.gravatar.com\/avatar\/769db425c6f465158149f1ffd6cf61ce7a8a879d11dfbef8288af36dfddd418c?s=96&d=mm&r=g","contentUrl":"https:\/\/secure.gravatar.com\/avatar\/769db425c6f465158149f1ffd6cf61ce7a8a879d11dfbef8288af36dfddd418c?s=96&d=mm&r=g","caption":"La r\u00e9daction"},"sameAs":["http:\/\/www.lkeria.com\/"],"url":"https:\/\/www.info-algerie.com\/actualites\/author\/chakib32\/"}]}},"_links":{"self":[{"href":"https:\/\/www.info-algerie.com\/actualites\/wp-json\/wp\/v2\/posts\/16638","targetHints":{"allow":["GET"]}}],"collection":[{"href":"https:\/\/www.info-algerie.com\/actualites\/wp-json\/wp\/v2\/posts"}],"about":[{"href":"https:\/\/www.info-algerie.com\/actualites\/wp-json\/wp\/v2\/types\/post"}],"author":[{"embeddable":true,"href":"https:\/\/www.info-algerie.com\/actualites\/wp-json\/wp\/v2\/users\/6"}],"replies":[{"embeddable":true,"href":"https:\/\/www.info-algerie.com\/actualites\/wp-json\/wp\/v2\/comments?post=16638"}],"version-history":[{"count":0,"href":"https:\/\/www.info-algerie.com\/actualites\/wp-json\/wp\/v2\/posts\/16638\/revisions"}],"wp:featuredmedia":[{"embeddable":true,"href":"https:\/\/www.info-algerie.com\/actualites\/wp-json\/wp\/v2\/media\/16639"}],"wp:attachment":[{"href":"https:\/\/www.info-algerie.com\/actualites\/wp-json\/wp\/v2\/media?parent=16638"}],"wp:term":[{"taxonomy":"category","embeddable":true,"href":"https:\/\/www.info-algerie.com\/actualites\/wp-json\/wp\/v2\/categories?post=16638"},{"taxonomy":"post_tag","embeddable":true,"href":"https:\/\/www.info-algerie.com\/actualites\/wp-json\/wp\/v2\/tags?post=16638"}],"curies":[{"name":"wp","href":"https:\/\/api.w.org\/{rel}","templated":true}]}}