{"id":16643,"date":"2017-10-07T18:35:09","date_gmt":"2017-10-07T17:35:09","guid":{"rendered":"http:\/\/www.info-algerie.com\/actualites\/le-plan-du-gouvernement-renforce-leffort-de-generalisation-progressive-de-la-langue-amazighe\/"},"modified":"2017-10-07T18:35:09","modified_gmt":"2017-10-07T17:35:09","slug":"le-plan-du-gouvernement-renforce-leffort-de-generalisation-progressive-de-la-langue-amazighe","status":"publish","type":"post","link":"https:\/\/www.info-algerie.com\/actualites\/le-plan-du-gouvernement-renforce-leffort-de-generalisation-progressive-de-la-langue-amazighe\/","title":{"rendered":"Le plan du gouvernement renforce l&#039;effort de g\u00e9n\u00e9ralisation progressive de la langue amazighe"},"content":{"rendered":"<div class=\"K2FeedImage\"><img decoding=\"async\" src=\"https:\/\/www.info-algerie.com\/actualites\/wp-content\/uploads\/2017\/10\/c7262c2dfe4dbd899031243ae952308e_S.jpg\" alt=\"Le plan du gouvernement renforce l'effort de g&#xE9;n&#xE9;ralisation progressive de la langue amazighe\" \/><\/div>\n<div class=\"K2FeedIntroText\">\n<p class=\"MsoNormal\"><span style=\"color: black\">ORAN &#8211; <strong>Le secr\u00e9taire g\u00e9n\u00e9ral du <a href=\"http:\/\/hca-dz.org\/presentation\/\" target=\"_blank\">Haut commissariat \u00e0 l&rsquo;amazighit\u00e9 (HCA)<\/a> Si El Hachemi Assad a affirm\u00e9, samedi \u00e0 Oran, que le plan du gouvernement approuv\u00e9 derni\u00e8rement par le parlement renforce l&rsquo;effort de g\u00e9n\u00e9ralisation progressive de la langue amazighe \u00e0 tous les niveaux et avec tous les partenaires.<\/strong><\/span><\/p>\n<p>&#013;\n<\/p><\/div>\n<div class=\"K2FeedFullText\">&#013;<\/p>\n<p class=\"MsoNormal\"><span style=\"color: black\">Pr\u00e9sidant au si\u00e8ge du quotidien \u00ab\u00a0El Djoumhouria\u00a0\u00bb le lancement de l&rsquo;ann\u00e9e scolaire 2017-2018 d&rsquo;enseignement de tamazight aux adultes, M. Assad a soulign\u00e9<\/span><\/p>\n<p>&#013;<\/p>\n<blockquote><p>&#013;<\/p>\n<p class=\"MsoNormal\"><em><span style=\"color: black\"><strong> \u00ab\u00a0nous \u0153uvrons \u00e0 pas mesur\u00e9s \u00e0 garantir la r\u00e9ussite de cette exp\u00e9rience et \u00e0 parachever le projet avec le minist\u00e8re de l\u2019\u00c9ducation nationale qui contribue \u00e0 la promotion et \u00e0 la g\u00e9n\u00e9ralisation de la langue amazighe\u00a0\u00bb.<\/strong><strong>\u00a0<\/strong> <\/span><\/em><\/p>\n<p>&#013;\n<\/p><\/blockquote>\n<p>&#013;<\/p>\n<p class=\"MsoNormal\"><span style=\"color: black\">L&rsquo;enseignement de cette langue s&rsquo;effectue actuellement dans 38 wilayas pour toucher toutes les wilayas du pays l&rsquo;an prochain en cas de disponibilit\u00e9 de postes budg\u00e9taires, a fait savoir Si El Hachemi Assad, qui a annonc\u00e9 la sortie, \u00e0 partir de l&rsquo;ann\u00e9e prochaine, de la premi\u00e8re promotion des enseignants de tamazight \u00e0 l&rsquo;Institut sup\u00e9rieur des enseignants de Bouzar\u00e9ah. <\/span><\/p>\n<p>&#013;<\/p>\n<p class=\"MsoNormal\"><span style=\"color: black\">Il a appel\u00e9, au passage, \u00e0 l&rsquo;ouverture d&rsquo;un institut similaire \u00e0 Oran et \u00e0 introduire des s\u00e9ances de la langue amazighe sur les ondes de la radio r\u00e9gionale d&rsquo;Oran. <\/span><\/p>\n<p>&#013;<\/p>\n<p class=\"MsoNormal\"><span style=\"color: black\">Le m\u00eame intervenant a indiqu\u00e9 qu&rsquo;un groupe de travail a \u00e9t\u00e9 install\u00e9 dans le cadre du partenariat entre le <a href=\"http:\/\/hca-dz.org\/presentation\/\" target=\"_blank\">HCA<\/a> et le minist\u00e8re de l&rsquo;Education nationale pour faire le point sur les probl\u00e8mes p\u00e9dagogiques d&rsquo;enseignement de la langue amazighe et son insertion comme mati\u00e8re facultative et non obligatoire au cycle primaire et au pr\u00e9scolaire.<span>\u00a0 <\/span><\/span><\/p>\n<p>&#013;<\/p>\n<p class=\"MsoNormal\"><span style=\"color: black\"><span><img decoding=\"async\" src=\"https:\/\/www.info-algerie.com\/actualites\/wp-content\/uploads\/2017\/10\/assad.jpg\" alt=\"\" \/><\/span><\/span><\/p>\n<p>&#013;<\/p>\n<p class=\"MsoNormal\"><span style=\"color: black\">Le m\u00eame responsable a rappel\u00e9 les contributions du <a href=\"http:\/\/hca-dz.org\/presentation\/\" target=\"_blank\">HCA<\/a> dans l&rsquo;\u00e9laboration de programmes pour adapter la g\u00e9n\u00e9ralisation de l&rsquo;enseignement de la langue amazighe en collaboration avec l&rsquo;association \u00ab\u00a0Iqraa\u00a0\u00bb et l&rsquo;Office national d&rsquo;alphab\u00e9tisation et d&rsquo;enseignement des adultes.<span>\u00a0 <\/span><\/span><\/p>\n<p>&#013;<\/p>\n<p class=\"MsoNormal\"><span style=\"color: black\">En outre, il a r\u00e9it\u00e9r\u00e9 l&rsquo;engagement du <a href=\"http:\/\/hca-dz.org\/presentation\/\" target=\"_blank\">HCA<\/a> pour la formation continue des enseignants qui a touch\u00e9 \u00e0 ce jour 112 enseignants et l&rsquo;augmentation de l&rsquo;effectif des enseignants et des apprenants. <\/span><\/p>\n<p>&#013;<\/p>\n<p class=\"MsoNormal\"><span style=\"color: black\">Six classes d&rsquo;enseignement de la langue amazighe pour adultes ont \u00e9t\u00e9 ouvertes dans la wilaya d&rsquo;Oran avec un effectif global de 120 apprenants, soit une moyenne de 20 par classe \u00e0 travers cinq \u00e9coles primaires et la maison de jeunes \u00ab\u00a0Akid Lotfi\u00a0\u00bb avec le concours de l&rsquo;association culturelle \u00ab\u00a0Numidia\u00a0\u00bb, a-t-on indiqu\u00e9. Un cours initial a \u00e9t\u00e9 donn\u00e9 \u00e0 cette occasion sur les caract\u00e8res de tamazigh. <\/span><\/p>\n<p>&#013;<\/p>\n<p class=\"MsoNormal\"><span style=\"color: black\">Le secr\u00e9taire g\u00e9n\u00e9ral du haut commissariat \u00e0 l&rsquo;amazighit\u00e9 effectuera dimanche une visite \u00e0 une classe d&rsquo;enseignement de la langue amazighe \u00e0 Oran. <\/span><\/p>\n<p>&#013;<\/p>\n<hr \/>\n<h3 class=\"MsoNormal\"><span style=\"color: black\">Lire aussi :\u00a0<\/span><a href=\"http:\/\/www.aps.dz\/algerie\/63054-le-plan-d-action-du-gouvernement-consolide-la-place-de-tamazight-en-tant-que-langue-nationale-et-officielle\" target=\"_blank\">Le Plan d&rsquo;action du Gouvernement consolide la place de tamazight, en tant que langue nationale et officielle<\/a><\/h3>\n<p>&#013;<\/p>\n<p class=\"MsoNormal\">\u00a0<\/p>\n<p>&#013;<\/p>\n<hr \/>\n<p class=\"MsoNormal\"><span style=\"color: black\">Pour sa part, le directeur r\u00e9gional de l&rsquo;Office national d&rsquo;alphab\u00e9tisation et d&rsquo;enseignement des adultes, Belbachir Zineddine a soulign\u00e9 que l&rsquo;office dispose de moyens financiers pour recruter des enseignants en langue amazighe en cas d&rsquo;engouement des apprenants. <\/span><\/p>\n<p>&#013;<\/p>\n<p class=\"MsoNormal\"><span style=\"color: black\">Par ailleurs, Si El Hachemi Assad a annonc\u00e9 l&rsquo;ouverture, en d\u00e9but 2018, d&rsquo;un num\u00e9ro vert suite \u00e0 de nombreuses demandes re\u00e7ues par le HCA pour des consultations, des traductions et autres, ajoutant que des traducteurs comp\u00e9tents seront recrut\u00e9s avec la collaboration du minist\u00e8re de la Poste,<span>\u00a0 <\/span>des T\u00e9l\u00e9communications, des Technologies et du Num\u00e9rique. <\/span><\/p>\n<p>&#013;<\/p>\n<p class=\"MsoNormal\"><span style=\"color: black\">Le<a href=\"http:\/\/hca-dz.org\/presentation\/\" target=\"_blank\"> HCA<\/a> organisera, du 20 au 24 octobre en cours dans la wilaya d&rsquo;Illizi, le festival national de la po\u00e9sie amazighe, outre un colloque international sur les contributions de Mouloud Maameri \u00e0 la civilisation universelle du 3 au 5 novembre prochain en marge du salon international du livre et du centenaire de sa naissance. <\/span><\/p>\n<p>&#013;<\/p>\n<p class=\"MsoNormal\"><span style=\"color: black\">Un stand sera r\u00e9serv\u00e9 \u00e0 cette occasion aux publications de Mouloud Maameri en pr\u00e9sentant trois titres de ses \u0153uvres traduites en tamazight.<\/span><\/p>\n<\/div>\n<p>&#013;<br \/>\nSource: <a href=\"http:\/\/www.aps.dz\/algerie\/63683-le-plan-du-gouvernement-renforce-l-effort-de-generalisation-progressive-de-la-langue-amazighe\" target=\"_blank\">Le plan du gouvernement renforce l&rsquo;effort de g\u00e9n\u00e9ralisation progressive de la langue amazighe<\/a><\/p>\n<!--CusAds0-->\n<div style=\"font-size: 0px; height: 0px; line-height: 0px; margin: 0; padding: 0; clear: both;\"><\/div>","protected":false},"excerpt":{"rendered":"<p>ORAN &#8211; Le secr\u00e9taire g\u00e9n\u00e9ral du Haut commissariat \u00e0 l&rsquo;amazighit\u00e9 (HCA) Si El Hachemi Assad a affirm\u00e9, samedi \u00e0 Oran, que le plan du gouvernement approuv\u00e9 derni\u00e8rement par le parlement renforce l&rsquo;effort de g\u00e9n\u00e9ralisation progressive de la langue amazighe \u00e0 tous les niveaux et avec tous les partenaires. &#013; &#013; Pr\u00e9sidant au si\u00e8ge du quotidien<\/p>\n","protected":false},"author":6,"featured_media":16644,"comment_status":"open","ping_status":"open","sticky":false,"template":"","format":"standard","meta":{"footnotes":""},"categories":[22],"tags":[93],"class_list":["post-16643","post","type-post","status-publish","format-standard","has-post-thumbnail","hentry","category-infos","tag-onu"],"yoast_head":"<!-- This site is optimized with the Yoast SEO plugin v27.5 - https:\/\/yoast.com\/product\/yoast-seo-wordpress\/ -->\n<title>Le plan du gouvernement renforce l&#039;effort de g\u00e9n\u00e9ralisation progressive de la langue amazighe - info algerie<\/title>\n<meta name=\"robots\" content=\"index, follow, max-snippet:-1, max-image-preview:large, max-video-preview:-1\" \/>\n<link rel=\"canonical\" href=\"https:\/\/www.info-algerie.com\/actualites\/le-plan-du-gouvernement-renforce-leffort-de-generalisation-progressive-de-la-langue-amazighe\/\" \/>\n<meta property=\"og:locale\" content=\"fr_FR\" \/>\n<meta property=\"og:type\" content=\"article\" \/>\n<meta property=\"og:title\" content=\"Le plan du gouvernement renforce l&#039;effort de g\u00e9n\u00e9ralisation progressive de la langue amazighe - info algerie\" \/>\n<meta property=\"og:description\" content=\"ORAN &#8211; Le secr\u00e9taire g\u00e9n\u00e9ral du Haut commissariat \u00e0 l&rsquo;amazighit\u00e9 (HCA) Si El Hachemi Assad a affirm\u00e9, samedi \u00e0 Oran, que le plan du gouvernement approuv\u00e9 derni\u00e8rement par le parlement renforce l&rsquo;effort de g\u00e9n\u00e9ralisation progressive de la langue amazighe \u00e0 tous les niveaux et avec tous les partenaires. &#013; &#013; Pr\u00e9sidant au si\u00e8ge du quotidien\" \/>\n<meta property=\"og:url\" content=\"https:\/\/www.info-algerie.com\/actualites\/le-plan-du-gouvernement-renforce-leffort-de-generalisation-progressive-de-la-langue-amazighe\/\" \/>\n<meta property=\"og:site_name\" content=\"info algerie\" \/>\n<meta property=\"article:publisher\" content=\"https:\/\/www.facebook.com\/infoalgerieactu\" \/>\n<meta property=\"article:published_time\" content=\"2017-10-07T17:35:09+00:00\" \/>\n<meta property=\"og:image\" content=\"https:\/\/www.info-algerie.com\/actualites\/wp-content\/uploads\/2017\/10\/c7262c2dfe4dbd899031243ae952308e_S-1.jpg\" \/>\n\t<meta property=\"og:image:width\" content=\"280\" \/>\n\t<meta property=\"og:image:height\" content=\"169\" \/>\n\t<meta property=\"og:image:type\" content=\"image\/jpeg\" \/>\n<meta name=\"author\" content=\"La r\u00e9daction\" \/>\n<meta name=\"twitter:label1\" content=\"\u00c9crit par\" \/>\n\t<meta name=\"twitter:data1\" content=\"La r\u00e9daction\" \/>\n\t<meta name=\"twitter:label2\" content=\"Dur\u00e9e de lecture estim\u00e9e\" \/>\n\t<meta name=\"twitter:data2\" content=\"3 minutes\" \/>\n<script type=\"application\/ld+json\" class=\"yoast-schema-graph\">{\"@context\":\"https:\\\/\\\/schema.org\",\"@graph\":[{\"@type\":\"Article\",\"@id\":\"https:\\\/\\\/www.info-algerie.com\\\/actualites\\\/le-plan-du-gouvernement-renforce-leffort-de-generalisation-progressive-de-la-langue-amazighe\\\/#article\",\"isPartOf\":{\"@id\":\"https:\\\/\\\/www.info-algerie.com\\\/actualites\\\/le-plan-du-gouvernement-renforce-leffort-de-generalisation-progressive-de-la-langue-amazighe\\\/\"},\"author\":{\"name\":\"La r\u00e9daction\",\"@id\":\"https:\\\/\\\/www.info-algerie.com\\\/actualites\\\/#\\\/schema\\\/person\\\/847aaec44920825b843a08f30ec6aa1e\"},\"headline\":\"Le plan du gouvernement renforce l&#039;effort de g\u00e9n\u00e9ralisation progressive de la langue amazighe\",\"datePublished\":\"2017-10-07T17:35:09+00:00\",\"mainEntityOfPage\":{\"@id\":\"https:\\\/\\\/www.info-algerie.com\\\/actualites\\\/le-plan-du-gouvernement-renforce-leffort-de-generalisation-progressive-de-la-langue-amazighe\\\/\"},\"wordCount\":677,\"commentCount\":0,\"publisher\":{\"@id\":\"https:\\\/\\\/www.info-algerie.com\\\/actualites\\\/#organization\"},\"image\":{\"@id\":\"https:\\\/\\\/www.info-algerie.com\\\/actualites\\\/le-plan-du-gouvernement-renforce-leffort-de-generalisation-progressive-de-la-langue-amazighe\\\/#primaryimage\"},\"thumbnailUrl\":\"https:\\\/\\\/www.info-algerie.com\\\/actualites\\\/wp-content\\\/uploads\\\/2017\\\/10\\\/c7262c2dfe4dbd899031243ae952308e_S-1.jpg\",\"keywords\":[\"ONU\"],\"articleSection\":[\"infos\"],\"inLanguage\":\"fr-FR\",\"potentialAction\":[{\"@type\":\"CommentAction\",\"name\":\"Comment\",\"target\":[\"https:\\\/\\\/www.info-algerie.com\\\/actualites\\\/le-plan-du-gouvernement-renforce-leffort-de-generalisation-progressive-de-la-langue-amazighe\\\/#respond\"]}]},{\"@type\":\"WebPage\",\"@id\":\"https:\\\/\\\/www.info-algerie.com\\\/actualites\\\/le-plan-du-gouvernement-renforce-leffort-de-generalisation-progressive-de-la-langue-amazighe\\\/\",\"url\":\"https:\\\/\\\/www.info-algerie.com\\\/actualites\\\/le-plan-du-gouvernement-renforce-leffort-de-generalisation-progressive-de-la-langue-amazighe\\\/\",\"name\":\"Le plan du gouvernement renforce l&#039;effort de g\u00e9n\u00e9ralisation progressive de la langue amazighe - info algerie\",\"isPartOf\":{\"@id\":\"https:\\\/\\\/www.info-algerie.com\\\/actualites\\\/#website\"},\"primaryImageOfPage\":{\"@id\":\"https:\\\/\\\/www.info-algerie.com\\\/actualites\\\/le-plan-du-gouvernement-renforce-leffort-de-generalisation-progressive-de-la-langue-amazighe\\\/#primaryimage\"},\"image\":{\"@id\":\"https:\\\/\\\/www.info-algerie.com\\\/actualites\\\/le-plan-du-gouvernement-renforce-leffort-de-generalisation-progressive-de-la-langue-amazighe\\\/#primaryimage\"},\"thumbnailUrl\":\"https:\\\/\\\/www.info-algerie.com\\\/actualites\\\/wp-content\\\/uploads\\\/2017\\\/10\\\/c7262c2dfe4dbd899031243ae952308e_S-1.jpg\",\"datePublished\":\"2017-10-07T17:35:09+00:00\",\"breadcrumb\":{\"@id\":\"https:\\\/\\\/www.info-algerie.com\\\/actualites\\\/le-plan-du-gouvernement-renforce-leffort-de-generalisation-progressive-de-la-langue-amazighe\\\/#breadcrumb\"},\"inLanguage\":\"fr-FR\",\"potentialAction\":[{\"@type\":\"ReadAction\",\"target\":[\"https:\\\/\\\/www.info-algerie.com\\\/actualites\\\/le-plan-du-gouvernement-renforce-leffort-de-generalisation-progressive-de-la-langue-amazighe\\\/\"]}]},{\"@type\":\"ImageObject\",\"inLanguage\":\"fr-FR\",\"@id\":\"https:\\\/\\\/www.info-algerie.com\\\/actualites\\\/le-plan-du-gouvernement-renforce-leffort-de-generalisation-progressive-de-la-langue-amazighe\\\/#primaryimage\",\"url\":\"https:\\\/\\\/www.info-algerie.com\\\/actualites\\\/wp-content\\\/uploads\\\/2017\\\/10\\\/c7262c2dfe4dbd899031243ae952308e_S-1.jpg\",\"contentUrl\":\"https:\\\/\\\/www.info-algerie.com\\\/actualites\\\/wp-content\\\/uploads\\\/2017\\\/10\\\/c7262c2dfe4dbd899031243ae952308e_S-1.jpg\",\"width\":280,\"height\":169},{\"@type\":\"BreadcrumbList\",\"@id\":\"https:\\\/\\\/www.info-algerie.com\\\/actualites\\\/le-plan-du-gouvernement-renforce-leffort-de-generalisation-progressive-de-la-langue-amazighe\\\/#breadcrumb\",\"itemListElement\":[{\"@type\":\"ListItem\",\"position\":1,\"name\":\"Accueil\",\"item\":\"https:\\\/\\\/www.info-algerie.com\\\/actualites\\\/\"},{\"@type\":\"ListItem\",\"position\":2,\"name\":\"Le plan du gouvernement renforce l&#039;effort de g\u00e9n\u00e9ralisation progressive de la langue amazighe\"}]},{\"@type\":\"WebSite\",\"@id\":\"https:\\\/\\\/www.info-algerie.com\\\/actualites\\\/#website\",\"url\":\"https:\\\/\\\/www.info-algerie.com\\\/actualites\\\/\",\"name\":\"info algerie\",\"description\":\"Toutes les actualit\u00e9s\",\"publisher\":{\"@id\":\"https:\\\/\\\/www.info-algerie.com\\\/actualites\\\/#organization\"},\"potentialAction\":[{\"@type\":\"SearchAction\",\"target\":{\"@type\":\"EntryPoint\",\"urlTemplate\":\"https:\\\/\\\/www.info-algerie.com\\\/actualites\\\/?s={search_term_string}\"},\"query-input\":{\"@type\":\"PropertyValueSpecification\",\"valueRequired\":true,\"valueName\":\"search_term_string\"}}],\"inLanguage\":\"fr-FR\"},{\"@type\":\"Organization\",\"@id\":\"https:\\\/\\\/www.info-algerie.com\\\/actualites\\\/#organization\",\"name\":\"info algerie\",\"url\":\"https:\\\/\\\/www.info-algerie.com\\\/actualites\\\/\",\"logo\":{\"@type\":\"ImageObject\",\"inLanguage\":\"fr-FR\",\"@id\":\"https:\\\/\\\/www.info-algerie.com\\\/actualites\\\/#\\\/schema\\\/logo\\\/image\\\/\",\"url\":\"https:\\\/\\\/www.info-algerie.com\\\/actualites\\\/wp-content\\\/uploads\\\/2022\\\/07\\\/logo-ia-120.png\",\"contentUrl\":\"https:\\\/\\\/www.info-algerie.com\\\/actualites\\\/wp-content\\\/uploads\\\/2022\\\/07\\\/logo-ia-120.png\",\"width\":120,\"height\":43,\"caption\":\"info algerie\"},\"image\":{\"@id\":\"https:\\\/\\\/www.info-algerie.com\\\/actualites\\\/#\\\/schema\\\/logo\\\/image\\\/\"},\"sameAs\":[\"https:\\\/\\\/www.facebook.com\\\/infoalgerieactu\",\"https:\\\/\\\/x.com\\\/infoalgerie1\"]},{\"@type\":\"Person\",\"@id\":\"https:\\\/\\\/www.info-algerie.com\\\/actualites\\\/#\\\/schema\\\/person\\\/847aaec44920825b843a08f30ec6aa1e\",\"name\":\"La r\u00e9daction\",\"image\":{\"@type\":\"ImageObject\",\"inLanguage\":\"fr-FR\",\"@id\":\"https:\\\/\\\/secure.gravatar.com\\\/avatar\\\/769db425c6f465158149f1ffd6cf61ce7a8a879d11dfbef8288af36dfddd418c?s=96&d=mm&r=g\",\"url\":\"https:\\\/\\\/secure.gravatar.com\\\/avatar\\\/769db425c6f465158149f1ffd6cf61ce7a8a879d11dfbef8288af36dfddd418c?s=96&d=mm&r=g\",\"contentUrl\":\"https:\\\/\\\/secure.gravatar.com\\\/avatar\\\/769db425c6f465158149f1ffd6cf61ce7a8a879d11dfbef8288af36dfddd418c?s=96&d=mm&r=g\",\"caption\":\"La r\u00e9daction\"},\"sameAs\":[\"http:\\\/\\\/www.lkeria.com\\\/\"],\"url\":\"https:\\\/\\\/www.info-algerie.com\\\/actualites\\\/author\\\/chakib32\\\/\"}]}<\/script>\n<!-- \/ Yoast SEO plugin. -->","yoast_head_json":{"title":"Le plan du gouvernement renforce l&#039;effort de g\u00e9n\u00e9ralisation progressive de la langue amazighe - info algerie","robots":{"index":"index","follow":"follow","max-snippet":"max-snippet:-1","max-image-preview":"max-image-preview:large","max-video-preview":"max-video-preview:-1"},"canonical":"https:\/\/www.info-algerie.com\/actualites\/le-plan-du-gouvernement-renforce-leffort-de-generalisation-progressive-de-la-langue-amazighe\/","og_locale":"fr_FR","og_type":"article","og_title":"Le plan du gouvernement renforce l&#039;effort de g\u00e9n\u00e9ralisation progressive de la langue amazighe - info algerie","og_description":"ORAN &#8211; Le secr\u00e9taire g\u00e9n\u00e9ral du Haut commissariat \u00e0 l&rsquo;amazighit\u00e9 (HCA) Si El Hachemi Assad a affirm\u00e9, samedi \u00e0 Oran, que le plan du gouvernement approuv\u00e9 derni\u00e8rement par le parlement renforce l&rsquo;effort de g\u00e9n\u00e9ralisation progressive de la langue amazighe \u00e0 tous les niveaux et avec tous les partenaires. &#013; &#013; Pr\u00e9sidant au si\u00e8ge du quotidien","og_url":"https:\/\/www.info-algerie.com\/actualites\/le-plan-du-gouvernement-renforce-leffort-de-generalisation-progressive-de-la-langue-amazighe\/","og_site_name":"info algerie","article_publisher":"https:\/\/www.facebook.com\/infoalgerieactu","article_published_time":"2017-10-07T17:35:09+00:00","og_image":[{"width":280,"height":169,"url":"https:\/\/www.info-algerie.com\/actualites\/wp-content\/uploads\/2017\/10\/c7262c2dfe4dbd899031243ae952308e_S-1.jpg","type":"image\/jpeg"}],"author":"La r\u00e9daction","twitter_misc":{"\u00c9crit par":"La r\u00e9daction","Dur\u00e9e de lecture estim\u00e9e":"3 minutes"},"schema":{"@context":"https:\/\/schema.org","@graph":[{"@type":"Article","@id":"https:\/\/www.info-algerie.com\/actualites\/le-plan-du-gouvernement-renforce-leffort-de-generalisation-progressive-de-la-langue-amazighe\/#article","isPartOf":{"@id":"https:\/\/www.info-algerie.com\/actualites\/le-plan-du-gouvernement-renforce-leffort-de-generalisation-progressive-de-la-langue-amazighe\/"},"author":{"name":"La r\u00e9daction","@id":"https:\/\/www.info-algerie.com\/actualites\/#\/schema\/person\/847aaec44920825b843a08f30ec6aa1e"},"headline":"Le plan du gouvernement renforce l&#039;effort de g\u00e9n\u00e9ralisation progressive de la langue amazighe","datePublished":"2017-10-07T17:35:09+00:00","mainEntityOfPage":{"@id":"https:\/\/www.info-algerie.com\/actualites\/le-plan-du-gouvernement-renforce-leffort-de-generalisation-progressive-de-la-langue-amazighe\/"},"wordCount":677,"commentCount":0,"publisher":{"@id":"https:\/\/www.info-algerie.com\/actualites\/#organization"},"image":{"@id":"https:\/\/www.info-algerie.com\/actualites\/le-plan-du-gouvernement-renforce-leffort-de-generalisation-progressive-de-la-langue-amazighe\/#primaryimage"},"thumbnailUrl":"https:\/\/www.info-algerie.com\/actualites\/wp-content\/uploads\/2017\/10\/c7262c2dfe4dbd899031243ae952308e_S-1.jpg","keywords":["ONU"],"articleSection":["infos"],"inLanguage":"fr-FR","potentialAction":[{"@type":"CommentAction","name":"Comment","target":["https:\/\/www.info-algerie.com\/actualites\/le-plan-du-gouvernement-renforce-leffort-de-generalisation-progressive-de-la-langue-amazighe\/#respond"]}]},{"@type":"WebPage","@id":"https:\/\/www.info-algerie.com\/actualites\/le-plan-du-gouvernement-renforce-leffort-de-generalisation-progressive-de-la-langue-amazighe\/","url":"https:\/\/www.info-algerie.com\/actualites\/le-plan-du-gouvernement-renforce-leffort-de-generalisation-progressive-de-la-langue-amazighe\/","name":"Le plan du gouvernement renforce l&#039;effort de g\u00e9n\u00e9ralisation progressive de la langue amazighe - info algerie","isPartOf":{"@id":"https:\/\/www.info-algerie.com\/actualites\/#website"},"primaryImageOfPage":{"@id":"https:\/\/www.info-algerie.com\/actualites\/le-plan-du-gouvernement-renforce-leffort-de-generalisation-progressive-de-la-langue-amazighe\/#primaryimage"},"image":{"@id":"https:\/\/www.info-algerie.com\/actualites\/le-plan-du-gouvernement-renforce-leffort-de-generalisation-progressive-de-la-langue-amazighe\/#primaryimage"},"thumbnailUrl":"https:\/\/www.info-algerie.com\/actualites\/wp-content\/uploads\/2017\/10\/c7262c2dfe4dbd899031243ae952308e_S-1.jpg","datePublished":"2017-10-07T17:35:09+00:00","breadcrumb":{"@id":"https:\/\/www.info-algerie.com\/actualites\/le-plan-du-gouvernement-renforce-leffort-de-generalisation-progressive-de-la-langue-amazighe\/#breadcrumb"},"inLanguage":"fr-FR","potentialAction":[{"@type":"ReadAction","target":["https:\/\/www.info-algerie.com\/actualites\/le-plan-du-gouvernement-renforce-leffort-de-generalisation-progressive-de-la-langue-amazighe\/"]}]},{"@type":"ImageObject","inLanguage":"fr-FR","@id":"https:\/\/www.info-algerie.com\/actualites\/le-plan-du-gouvernement-renforce-leffort-de-generalisation-progressive-de-la-langue-amazighe\/#primaryimage","url":"https:\/\/www.info-algerie.com\/actualites\/wp-content\/uploads\/2017\/10\/c7262c2dfe4dbd899031243ae952308e_S-1.jpg","contentUrl":"https:\/\/www.info-algerie.com\/actualites\/wp-content\/uploads\/2017\/10\/c7262c2dfe4dbd899031243ae952308e_S-1.jpg","width":280,"height":169},{"@type":"BreadcrumbList","@id":"https:\/\/www.info-algerie.com\/actualites\/le-plan-du-gouvernement-renforce-leffort-de-generalisation-progressive-de-la-langue-amazighe\/#breadcrumb","itemListElement":[{"@type":"ListItem","position":1,"name":"Accueil","item":"https:\/\/www.info-algerie.com\/actualites\/"},{"@type":"ListItem","position":2,"name":"Le plan du gouvernement renforce l&#039;effort de g\u00e9n\u00e9ralisation progressive de la langue amazighe"}]},{"@type":"WebSite","@id":"https:\/\/www.info-algerie.com\/actualites\/#website","url":"https:\/\/www.info-algerie.com\/actualites\/","name":"info algerie","description":"Toutes les actualit\u00e9s","publisher":{"@id":"https:\/\/www.info-algerie.com\/actualites\/#organization"},"potentialAction":[{"@type":"SearchAction","target":{"@type":"EntryPoint","urlTemplate":"https:\/\/www.info-algerie.com\/actualites\/?s={search_term_string}"},"query-input":{"@type":"PropertyValueSpecification","valueRequired":true,"valueName":"search_term_string"}}],"inLanguage":"fr-FR"},{"@type":"Organization","@id":"https:\/\/www.info-algerie.com\/actualites\/#organization","name":"info algerie","url":"https:\/\/www.info-algerie.com\/actualites\/","logo":{"@type":"ImageObject","inLanguage":"fr-FR","@id":"https:\/\/www.info-algerie.com\/actualites\/#\/schema\/logo\/image\/","url":"https:\/\/www.info-algerie.com\/actualites\/wp-content\/uploads\/2022\/07\/logo-ia-120.png","contentUrl":"https:\/\/www.info-algerie.com\/actualites\/wp-content\/uploads\/2022\/07\/logo-ia-120.png","width":120,"height":43,"caption":"info algerie"},"image":{"@id":"https:\/\/www.info-algerie.com\/actualites\/#\/schema\/logo\/image\/"},"sameAs":["https:\/\/www.facebook.com\/infoalgerieactu","https:\/\/x.com\/infoalgerie1"]},{"@type":"Person","@id":"https:\/\/www.info-algerie.com\/actualites\/#\/schema\/person\/847aaec44920825b843a08f30ec6aa1e","name":"La r\u00e9daction","image":{"@type":"ImageObject","inLanguage":"fr-FR","@id":"https:\/\/secure.gravatar.com\/avatar\/769db425c6f465158149f1ffd6cf61ce7a8a879d11dfbef8288af36dfddd418c?s=96&d=mm&r=g","url":"https:\/\/secure.gravatar.com\/avatar\/769db425c6f465158149f1ffd6cf61ce7a8a879d11dfbef8288af36dfddd418c?s=96&d=mm&r=g","contentUrl":"https:\/\/secure.gravatar.com\/avatar\/769db425c6f465158149f1ffd6cf61ce7a8a879d11dfbef8288af36dfddd418c?s=96&d=mm&r=g","caption":"La r\u00e9daction"},"sameAs":["http:\/\/www.lkeria.com\/"],"url":"https:\/\/www.info-algerie.com\/actualites\/author\/chakib32\/"}]}},"_links":{"self":[{"href":"https:\/\/www.info-algerie.com\/actualites\/wp-json\/wp\/v2\/posts\/16643","targetHints":{"allow":["GET"]}}],"collection":[{"href":"https:\/\/www.info-algerie.com\/actualites\/wp-json\/wp\/v2\/posts"}],"about":[{"href":"https:\/\/www.info-algerie.com\/actualites\/wp-json\/wp\/v2\/types\/post"}],"author":[{"embeddable":true,"href":"https:\/\/www.info-algerie.com\/actualites\/wp-json\/wp\/v2\/users\/6"}],"replies":[{"embeddable":true,"href":"https:\/\/www.info-algerie.com\/actualites\/wp-json\/wp\/v2\/comments?post=16643"}],"version-history":[{"count":0,"href":"https:\/\/www.info-algerie.com\/actualites\/wp-json\/wp\/v2\/posts\/16643\/revisions"}],"wp:featuredmedia":[{"embeddable":true,"href":"https:\/\/www.info-algerie.com\/actualites\/wp-json\/wp\/v2\/media\/16644"}],"wp:attachment":[{"href":"https:\/\/www.info-algerie.com\/actualites\/wp-json\/wp\/v2\/media?parent=16643"}],"wp:term":[{"taxonomy":"category","embeddable":true,"href":"https:\/\/www.info-algerie.com\/actualites\/wp-json\/wp\/v2\/categories?post=16643"},{"taxonomy":"post_tag","embeddable":true,"href":"https:\/\/www.info-algerie.com\/actualites\/wp-json\/wp\/v2\/tags?post=16643"}],"curies":[{"name":"wp","href":"https:\/\/api.w.org\/{rel}","templated":true}]}}