{"id":16659,"date":"2017-10-08T09:01:03","date_gmt":"2017-10-08T08:01:03","guid":{"rendered":"http:\/\/www.info-algerie.com\/actualites\/reforme-penitentiaire-lenseignement-et-la-formation-pour-favoriser-la-reinsertion-sociale-et-prevenir-la-recidive\/"},"modified":"2017-10-08T09:01:03","modified_gmt":"2017-10-08T08:01:03","slug":"reforme-penitentiaire-lenseignement-et-la-formation-pour-favoriser-la-reinsertion-sociale-et-prevenir-la-recidive","status":"publish","type":"post","link":"https:\/\/www.info-algerie.com\/actualites\/reforme-penitentiaire-lenseignement-et-la-formation-pour-favoriser-la-reinsertion-sociale-et-prevenir-la-recidive\/","title":{"rendered":"R\u00e9forme p\u00e9nitentiaire: l&#039;enseignement et la formation pour favoriser la  r\u00e9insertion sociale et pr\u00e9venir la r\u00e9cidive"},"content":{"rendered":"<div class=\"K2FeedImage\"><img decoding=\"async\" src=\"https:\/\/www.info-algerie.com\/actualites\/wp-content\/uploads\/2017\/10\/865d8531ac814f043f62a9be1feca19c_S.jpg\" alt=\"R&#xE9;forme p&#xE9;nitentiaire: l'enseignement et la formation pour favoriser la  r&#xE9;insertion sociale et pr&#xE9;venir la r&#xE9;cidive\" \/><\/div>\n<div class=\"K2FeedIntroText\">\n<p>TIPASA- Le ministre de la Justice, garde des sceaux, Tayeb Louh, a affirm\u00e9 samedi \u00e0 Kol\u00e9a\u00a0(wilaya de Tipasa) que la politique de r\u00e9forme p\u00e9nitentiaire adopt\u00e9e par\u00a0 l&rsquo;Etat depuis 2006, notamment dans les\u00a0 domaines de l&rsquo;enseignement et de la formation a permis de r\u00e9aliser des\u00a0r\u00e9sultats \u00ab\u00a0positifs\u00a0\u00bb en termes de r\u00e9insertion\u00a0 des d\u00e9tenus et de pr\u00e9vention de la r\u00e9cidive.<\/p>\n<p>&#013;\n<\/p><\/div>\n<div class=\"K2FeedFullText\">&#013;<\/p>\n<p>\u00a0<\/p>\n<p>&#013;<\/p>\n<p>La politique de r\u00e9forme p\u00e9nitentiaire adopt\u00e9e depuis 2006 \u00e0 ce jour pour\u00a0la r\u00e9insertion des d\u00e9tenus et la pr\u00e9vention de la r\u00e9cidive \u00ab\u00a0a permis de\u00a0 r\u00e9aliser des r\u00e9sultats positifs\u00a0\u00bb, en t\u00e9moigne la r\u00e9ussite de 11.275 d\u00e9tenus\u00a0 aux \u00e9preuves du Baccalaur\u00e9at, contre 27.219 au BEM, en sus de 7850 anciens\u00a0d\u00e9tenus ayant b\u00e9n\u00e9fici\u00e9 d&rsquo;une insertion sociale dans le cadre des\u00a0 dispositifs d&rsquo;aide \u00e0 l&#8217;emploi, notamment l&rsquo;Agence nationale de gestion du\u00a0 micro-cr\u00e9dit (ANGEM) signataire d&rsquo;une convention avec l&rsquo;administration p\u00e9nitentiaire dans ce domaine, a indiqu\u00e9 M. Louh \u00e0 l&rsquo;issue d&rsquo;une visite \u00e0\u00a0l&rsquo;\u00e9tablissement p\u00e9nitentiaire de Kol\u00e9a o\u00f9 il s&rsquo;est enquis de pr\u00e8s des\u00a0 derni\u00e8res technologies utilis\u00e9es en mati\u00e8re de s\u00e9curisation de cet\u00a0 \u00e9tablissement (cam\u00e9ras de surveillance HD dot\u00e9es de fibre optique).\u00a0\u00a0<\/p>\n<p>&#013;<\/p>\n<hr \/>\n<p>\u00a0<\/p>\n<p>&#013;<\/p>\n<p>\u00a0 \u00a0 \u00a0 \u00a0 \u00a0 \u00a0 \u00a0 \u00a0 \u00a0 \u00a0 \u00a0 \u00a0 \u00a0 \u00a0 Lire aussi: <a href=\"http:\/\/www.aps.dz\/algerie\/63698-le-projet-de-code-sur-l-organisation-penitentiaire-prochainement-a-l-apn\" target=\"_blank\">Le projet de code sur l&rsquo;organisation p\u00e9nitentiaire prochainement \u00e0 l&rsquo;APN<\/a><\/p>\n<p>&#013;<\/p>\n<div>\n<hr \/>\n<\/div>\n<p>&#013;<\/p>\n<p>Il a cit\u00e9, dans ce sens, la mise \u00e0 niveau du syst\u00e8me l\u00e9gislatif relatif \u00e0 l&rsquo;\u00e9tablissement p\u00e9nitentiaire dans son volet inh\u00e9rent aux fonctionnaires de l&rsquo;administration p\u00e9nitentiaire en g\u00e9n\u00e9rale, et ce dans le but de\u00a0 l&rsquo;humanisation des conditions d&rsquo;incarc\u00e9ration pour les d\u00e9tenus et le\u00a0 soutien de la politique d&rsquo;insertion sociale de ces derniers une fois leur\u00a0 peine purg\u00e9e\u00a0\u00bb.<\/p>\n<p>&#013;<\/p>\n<p>Depuis l&rsquo;adoption de la politique de r\u00e9forme p\u00e9nitentiaire, plus de 22.600\u00a0 d\u00e9tenus ont b\u00e9n\u00e9fici\u00e9 de la libert\u00e9 conditionnelle, \u00ab\u00a0un m\u00e9canisme\u00a0 favorisant la r\u00e9insertion sociale des d\u00e9tenus ayant purg\u00e9 leur peine afin\u00a0 de pr\u00e9venir la r\u00e9cidive\u00a0\u00bb.\u00a0<\/p>\n<p>&#013;<\/p>\n<p>\u00a0<\/p>\n<p>&#013;<\/p>\n<p>\u00a0<strong>\u00a0\u00a0\u00a0\u00a0\u00a0 &#8211;Des technologies de pointe pour s\u00e9curiser les prisons&#8211; \u00a0<\/strong><\/p>\n<p>&#013;<\/p>\n<p>Le ministre a insist\u00e9 sur l&rsquo;imp\u00e9ratif d&rsquo;investir dans les technologies\u00a0 modernes et les ressources humaines, notamment dans le volet inh\u00e9rent \u00e0 la\u00a0 s\u00e9curisation des \u00e9tablissements p\u00e9nitentiaires, soulignant que la prison de\u00a0 Kol\u00e9a est dot\u00e9e de cam\u00e9ra de surveillance de haute d\u00e9finition dot\u00e9es de\u00a0fibre optique, pour une s\u00e9curisation optimale de leur environnement interne\u00a0 et externe. Cette technologie \u00ab\u00a0sera g\u00e9n\u00e9ralis\u00e9e \u00e0 tous les \u00e9tablissements p\u00e9nitentiaires \u00e0 l&rsquo;\u00e9chelle nationale\u00a0\u00bb, a-t-il ajout\u00e9.<\/p>\n<p>&#013;<\/p>\n<p>\u00a0<\/p>\n<p>&#013;<\/p>\n<p>Evoquant les applications de l&#8217;empreinte biom\u00e9trique des d\u00e9tenus, M. Louh a indiqu\u00e9 que \u00ab\u00a0gr\u00e2ce aux techniciens et ing\u00e9nieurs alg\u00e9riens supervis\u00e9s par\u00a0 la Direction de modernisation, le minist\u00e8re de la Justice a r\u00e9ussi \u00e0 former une \u00e9quipe technique capable de d\u00e9velopper leurs propres applications, au\u00a0lieu de les acqu\u00e9rir de l&rsquo;\u00e9tranger, ce qui est grandement profitable au Tr\u00e9sor\u00a0\u00bb.<\/p>\n<p>&#013;<\/p>\n<p>\u00a0<\/p>\n<p>&#013;<\/p>\n<p>Le Directeur g\u00e9n\u00e9ral de la modernisation au minist\u00e8re de la Justice, Abdelhakim Akka, a pr\u00e9cis\u00e9 dans ce sens, que les applications relatives aux empreintes biom\u00e9triques des d\u00e9tenus \u00e9taient \u00ab\u00a0mises en place par des comp\u00e9tences alg\u00e9riennes. Ces applications nous auraient co\u00fbt\u00e9es 50 millions\u00a0d&rsquo;euros si nous les avions achet\u00e9es de l&rsquo;\u00e9tranger\u00a0\u00bb, ajoutant que \u00a0\u00bb 4 milliards de dinars ont \u00e9t\u00e9 \u00e9conomis\u00e9s en mettant au point des applications li\u00e9es \u00e0 des dossiers judiciaires\u00a0\u00bb.<\/p>\n<p>&#013;<\/p>\n<p>\u00a0<\/p>\n<p>&#013;<\/p>\n<p>Ces r\u00e9formes tendent \u00e0 pr\u00e9munir contre la r\u00e9cidive, plus pr\u00e9cis\u00e9ment la pr\u00e9vention contre la criminalit\u00e9, a-t-il affirm\u00e9.<\/p>\n<p>&#013;<\/p>\n<p>Il existe une coop\u00e9ration avec certains pays fr\u00e8res et amis du Grand Maghreb et d&rsquo;Afrique dans le cadre du renforcement de la modernisation des m\u00e9canismes de gestion judiciaire dans certains pays, \u00e0 leur demande, entre autres (le Mali et la Mauritanie), compte tenu de l&rsquo;exp\u00e9rience alg\u00e9rienne\u00a0en la mati\u00e8re, a-t-il not\u00e9.<\/p>\n<p>&#013;<\/p>\n<p>\u00a0<\/p>\n<p>&#013;<\/p>\n<p>\u00ab\u00a0L&rsquo;Alg\u00e9rie veut intensifier la coop\u00e9ration au niveau national et international, \u00e0 travers la modernisation des m\u00e9canismes de gestion judiciaire dans le cadre de la lutte contre les crimes lourds, principalement le terrorisme, et en vue d&rsquo;un \u00e9change d&rsquo;informations\u00a0efficace, instantan\u00e9\u00a0 et imm\u00e9diat\u00a0\u00bb, a expliqu\u00e9 M. Louh.\u00a0<\/p>\n<p>&#013;<\/p>\n<p class=\"MsoNormal\">\u00a0<\/p>\n<\/div>\n<p>&#013;<br \/>\nSource: <a href=\"http:\/\/www.aps.dz\/algerie\/63699-reforme-penitentiaire-l-enseignement-et-la-formation-pour-favoriser-la-reinsertion-sociale-et-prevenir-la-recidive\" target=\"_blank\">R\u00e9forme p\u00e9nitentiaire: l&rsquo;enseignement et la formation pour favoriser la  r\u00e9insertion sociale et pr\u00e9venir la r\u00e9cidive<\/a><\/p>\n<!--CusAds0-->\n<div style=\"font-size: 0px; height: 0px; line-height: 0px; margin: 0; padding: 0; clear: both;\"><\/div>","protected":false},"excerpt":{"rendered":"<p>TIPASA- Le ministre de la Justice, garde des sceaux, Tayeb Louh, a affirm\u00e9 samedi \u00e0 Kol\u00e9a\u00a0(wilaya de Tipasa) que la politique de r\u00e9forme p\u00e9nitentiaire adopt\u00e9e par\u00a0 l&rsquo;Etat depuis 2006, notamment dans les\u00a0 domaines de l&rsquo;enseignement et de la formation a permis de r\u00e9aliser des\u00a0r\u00e9sultats \u00ab\u00a0positifs\u00a0\u00bb en termes de r\u00e9insertion\u00a0 des d\u00e9tenus et de pr\u00e9vention de<\/p>\n","protected":false},"author":6,"featured_media":16660,"comment_status":"open","ping_status":"open","sticky":false,"template":"","format":"standard","meta":{"footnotes":""},"categories":[22],"tags":[93],"class_list":["post-16659","post","type-post","status-publish","format-standard","has-post-thumbnail","hentry","category-infos","tag-onu"],"yoast_head":"<!-- This site is optimized with the Yoast SEO plugin v27.5 - https:\/\/yoast.com\/product\/yoast-seo-wordpress\/ -->\n<title>R\u00e9forme p\u00e9nitentiaire: l&#039;enseignement et la formation pour favoriser la r\u00e9insertion sociale et pr\u00e9venir la r\u00e9cidive - info algerie<\/title>\n<meta name=\"robots\" content=\"index, follow, max-snippet:-1, max-image-preview:large, max-video-preview:-1\" \/>\n<link rel=\"canonical\" href=\"https:\/\/www.info-algerie.com\/actualites\/reforme-penitentiaire-lenseignement-et-la-formation-pour-favoriser-la-reinsertion-sociale-et-prevenir-la-recidive\/\" \/>\n<meta property=\"og:locale\" content=\"fr_FR\" \/>\n<meta property=\"og:type\" content=\"article\" \/>\n<meta property=\"og:title\" content=\"R\u00e9forme p\u00e9nitentiaire: l&#039;enseignement et la formation pour favoriser la r\u00e9insertion sociale et pr\u00e9venir la r\u00e9cidive - info algerie\" \/>\n<meta property=\"og:description\" content=\"TIPASA- Le ministre de la Justice, garde des sceaux, Tayeb Louh, a affirm\u00e9 samedi \u00e0 Kol\u00e9a\u00a0(wilaya de Tipasa) que la politique de r\u00e9forme p\u00e9nitentiaire adopt\u00e9e par\u00a0 l&rsquo;Etat depuis 2006, notamment dans les\u00a0 domaines de l&rsquo;enseignement et de la formation a permis de r\u00e9aliser des\u00a0r\u00e9sultats \u00ab\u00a0positifs\u00a0\u00bb en termes de r\u00e9insertion\u00a0 des d\u00e9tenus et de pr\u00e9vention de\" \/>\n<meta property=\"og:url\" content=\"https:\/\/www.info-algerie.com\/actualites\/reforme-penitentiaire-lenseignement-et-la-formation-pour-favoriser-la-reinsertion-sociale-et-prevenir-la-recidive\/\" \/>\n<meta property=\"og:site_name\" content=\"info algerie\" \/>\n<meta property=\"article:publisher\" content=\"https:\/\/www.facebook.com\/infoalgerieactu\" \/>\n<meta property=\"article:published_time\" content=\"2017-10-08T08:01:03+00:00\" \/>\n<meta property=\"og:image\" content=\"https:\/\/www.info-algerie.com\/actualites\/wp-content\/uploads\/2017\/10\/865d8531ac814f043f62a9be1feca19c_S-1.jpg\" \/>\n\t<meta property=\"og:image:width\" content=\"280\" \/>\n\t<meta property=\"og:image:height\" content=\"169\" \/>\n\t<meta property=\"og:image:type\" content=\"image\/jpeg\" \/>\n<meta name=\"author\" content=\"La r\u00e9daction\" \/>\n<meta name=\"twitter:label1\" content=\"\u00c9crit par\" \/>\n\t<meta name=\"twitter:data1\" content=\"La r\u00e9daction\" \/>\n\t<meta name=\"twitter:label2\" content=\"Dur\u00e9e de lecture estim\u00e9e\" \/>\n\t<meta name=\"twitter:data2\" content=\"4 minutes\" \/>\n<script type=\"application\/ld+json\" class=\"yoast-schema-graph\">{\"@context\":\"https:\\\/\\\/schema.org\",\"@graph\":[{\"@type\":\"Article\",\"@id\":\"https:\\\/\\\/www.info-algerie.com\\\/actualites\\\/reforme-penitentiaire-lenseignement-et-la-formation-pour-favoriser-la-reinsertion-sociale-et-prevenir-la-recidive\\\/#article\",\"isPartOf\":{\"@id\":\"https:\\\/\\\/www.info-algerie.com\\\/actualites\\\/reforme-penitentiaire-lenseignement-et-la-formation-pour-favoriser-la-reinsertion-sociale-et-prevenir-la-recidive\\\/\"},\"author\":{\"name\":\"La r\u00e9daction\",\"@id\":\"https:\\\/\\\/www.info-algerie.com\\\/actualites\\\/#\\\/schema\\\/person\\\/847aaec44920825b843a08f30ec6aa1e\"},\"headline\":\"R\u00e9forme p\u00e9nitentiaire: l&#039;enseignement et la formation pour favoriser la r\u00e9insertion sociale et pr\u00e9venir la r\u00e9cidive\",\"datePublished\":\"2017-10-08T08:01:03+00:00\",\"mainEntityOfPage\":{\"@id\":\"https:\\\/\\\/www.info-algerie.com\\\/actualites\\\/reforme-penitentiaire-lenseignement-et-la-formation-pour-favoriser-la-reinsertion-sociale-et-prevenir-la-recidive\\\/\"},\"wordCount\":763,\"commentCount\":0,\"publisher\":{\"@id\":\"https:\\\/\\\/www.info-algerie.com\\\/actualites\\\/#organization\"},\"image\":{\"@id\":\"https:\\\/\\\/www.info-algerie.com\\\/actualites\\\/reforme-penitentiaire-lenseignement-et-la-formation-pour-favoriser-la-reinsertion-sociale-et-prevenir-la-recidive\\\/#primaryimage\"},\"thumbnailUrl\":\"https:\\\/\\\/www.info-algerie.com\\\/actualites\\\/wp-content\\\/uploads\\\/2017\\\/10\\\/865d8531ac814f043f62a9be1feca19c_S-1.jpg\",\"keywords\":[\"ONU\"],\"articleSection\":[\"infos\"],\"inLanguage\":\"fr-FR\",\"potentialAction\":[{\"@type\":\"CommentAction\",\"name\":\"Comment\",\"target\":[\"https:\\\/\\\/www.info-algerie.com\\\/actualites\\\/reforme-penitentiaire-lenseignement-et-la-formation-pour-favoriser-la-reinsertion-sociale-et-prevenir-la-recidive\\\/#respond\"]}]},{\"@type\":\"WebPage\",\"@id\":\"https:\\\/\\\/www.info-algerie.com\\\/actualites\\\/reforme-penitentiaire-lenseignement-et-la-formation-pour-favoriser-la-reinsertion-sociale-et-prevenir-la-recidive\\\/\",\"url\":\"https:\\\/\\\/www.info-algerie.com\\\/actualites\\\/reforme-penitentiaire-lenseignement-et-la-formation-pour-favoriser-la-reinsertion-sociale-et-prevenir-la-recidive\\\/\",\"name\":\"R\u00e9forme p\u00e9nitentiaire: l&#039;enseignement et la formation pour favoriser la r\u00e9insertion sociale et pr\u00e9venir la r\u00e9cidive - info algerie\",\"isPartOf\":{\"@id\":\"https:\\\/\\\/www.info-algerie.com\\\/actualites\\\/#website\"},\"primaryImageOfPage\":{\"@id\":\"https:\\\/\\\/www.info-algerie.com\\\/actualites\\\/reforme-penitentiaire-lenseignement-et-la-formation-pour-favoriser-la-reinsertion-sociale-et-prevenir-la-recidive\\\/#primaryimage\"},\"image\":{\"@id\":\"https:\\\/\\\/www.info-algerie.com\\\/actualites\\\/reforme-penitentiaire-lenseignement-et-la-formation-pour-favoriser-la-reinsertion-sociale-et-prevenir-la-recidive\\\/#primaryimage\"},\"thumbnailUrl\":\"https:\\\/\\\/www.info-algerie.com\\\/actualites\\\/wp-content\\\/uploads\\\/2017\\\/10\\\/865d8531ac814f043f62a9be1feca19c_S-1.jpg\",\"datePublished\":\"2017-10-08T08:01:03+00:00\",\"breadcrumb\":{\"@id\":\"https:\\\/\\\/www.info-algerie.com\\\/actualites\\\/reforme-penitentiaire-lenseignement-et-la-formation-pour-favoriser-la-reinsertion-sociale-et-prevenir-la-recidive\\\/#breadcrumb\"},\"inLanguage\":\"fr-FR\",\"potentialAction\":[{\"@type\":\"ReadAction\",\"target\":[\"https:\\\/\\\/www.info-algerie.com\\\/actualites\\\/reforme-penitentiaire-lenseignement-et-la-formation-pour-favoriser-la-reinsertion-sociale-et-prevenir-la-recidive\\\/\"]}]},{\"@type\":\"ImageObject\",\"inLanguage\":\"fr-FR\",\"@id\":\"https:\\\/\\\/www.info-algerie.com\\\/actualites\\\/reforme-penitentiaire-lenseignement-et-la-formation-pour-favoriser-la-reinsertion-sociale-et-prevenir-la-recidive\\\/#primaryimage\",\"url\":\"https:\\\/\\\/www.info-algerie.com\\\/actualites\\\/wp-content\\\/uploads\\\/2017\\\/10\\\/865d8531ac814f043f62a9be1feca19c_S-1.jpg\",\"contentUrl\":\"https:\\\/\\\/www.info-algerie.com\\\/actualites\\\/wp-content\\\/uploads\\\/2017\\\/10\\\/865d8531ac814f043f62a9be1feca19c_S-1.jpg\",\"width\":280,\"height\":169},{\"@type\":\"BreadcrumbList\",\"@id\":\"https:\\\/\\\/www.info-algerie.com\\\/actualites\\\/reforme-penitentiaire-lenseignement-et-la-formation-pour-favoriser-la-reinsertion-sociale-et-prevenir-la-recidive\\\/#breadcrumb\",\"itemListElement\":[{\"@type\":\"ListItem\",\"position\":1,\"name\":\"Accueil\",\"item\":\"https:\\\/\\\/www.info-algerie.com\\\/actualites\\\/\"},{\"@type\":\"ListItem\",\"position\":2,\"name\":\"R\u00e9forme p\u00e9nitentiaire: l&#039;enseignement et la formation pour favoriser la r\u00e9insertion sociale et pr\u00e9venir la r\u00e9cidive\"}]},{\"@type\":\"WebSite\",\"@id\":\"https:\\\/\\\/www.info-algerie.com\\\/actualites\\\/#website\",\"url\":\"https:\\\/\\\/www.info-algerie.com\\\/actualites\\\/\",\"name\":\"info algerie\",\"description\":\"Toutes les actualit\u00e9s\",\"publisher\":{\"@id\":\"https:\\\/\\\/www.info-algerie.com\\\/actualites\\\/#organization\"},\"potentialAction\":[{\"@type\":\"SearchAction\",\"target\":{\"@type\":\"EntryPoint\",\"urlTemplate\":\"https:\\\/\\\/www.info-algerie.com\\\/actualites\\\/?s={search_term_string}\"},\"query-input\":{\"@type\":\"PropertyValueSpecification\",\"valueRequired\":true,\"valueName\":\"search_term_string\"}}],\"inLanguage\":\"fr-FR\"},{\"@type\":\"Organization\",\"@id\":\"https:\\\/\\\/www.info-algerie.com\\\/actualites\\\/#organization\",\"name\":\"info algerie\",\"url\":\"https:\\\/\\\/www.info-algerie.com\\\/actualites\\\/\",\"logo\":{\"@type\":\"ImageObject\",\"inLanguage\":\"fr-FR\",\"@id\":\"https:\\\/\\\/www.info-algerie.com\\\/actualites\\\/#\\\/schema\\\/logo\\\/image\\\/\",\"url\":\"https:\\\/\\\/www.info-algerie.com\\\/actualites\\\/wp-content\\\/uploads\\\/2022\\\/07\\\/logo-ia-120.png\",\"contentUrl\":\"https:\\\/\\\/www.info-algerie.com\\\/actualites\\\/wp-content\\\/uploads\\\/2022\\\/07\\\/logo-ia-120.png\",\"width\":120,\"height\":43,\"caption\":\"info algerie\"},\"image\":{\"@id\":\"https:\\\/\\\/www.info-algerie.com\\\/actualites\\\/#\\\/schema\\\/logo\\\/image\\\/\"},\"sameAs\":[\"https:\\\/\\\/www.facebook.com\\\/infoalgerieactu\",\"https:\\\/\\\/x.com\\\/infoalgerie1\"]},{\"@type\":\"Person\",\"@id\":\"https:\\\/\\\/www.info-algerie.com\\\/actualites\\\/#\\\/schema\\\/person\\\/847aaec44920825b843a08f30ec6aa1e\",\"name\":\"La r\u00e9daction\",\"image\":{\"@type\":\"ImageObject\",\"inLanguage\":\"fr-FR\",\"@id\":\"https:\\\/\\\/secure.gravatar.com\\\/avatar\\\/769db425c6f465158149f1ffd6cf61ce7a8a879d11dfbef8288af36dfddd418c?s=96&d=mm&r=g\",\"url\":\"https:\\\/\\\/secure.gravatar.com\\\/avatar\\\/769db425c6f465158149f1ffd6cf61ce7a8a879d11dfbef8288af36dfddd418c?s=96&d=mm&r=g\",\"contentUrl\":\"https:\\\/\\\/secure.gravatar.com\\\/avatar\\\/769db425c6f465158149f1ffd6cf61ce7a8a879d11dfbef8288af36dfddd418c?s=96&d=mm&r=g\",\"caption\":\"La r\u00e9daction\"},\"sameAs\":[\"http:\\\/\\\/www.lkeria.com\\\/\"],\"url\":\"https:\\\/\\\/www.info-algerie.com\\\/actualites\\\/author\\\/chakib32\\\/\"}]}<\/script>\n<!-- \/ Yoast SEO plugin. -->","yoast_head_json":{"title":"R\u00e9forme p\u00e9nitentiaire: l&#039;enseignement et la formation pour favoriser la r\u00e9insertion sociale et pr\u00e9venir la r\u00e9cidive - info algerie","robots":{"index":"index","follow":"follow","max-snippet":"max-snippet:-1","max-image-preview":"max-image-preview:large","max-video-preview":"max-video-preview:-1"},"canonical":"https:\/\/www.info-algerie.com\/actualites\/reforme-penitentiaire-lenseignement-et-la-formation-pour-favoriser-la-reinsertion-sociale-et-prevenir-la-recidive\/","og_locale":"fr_FR","og_type":"article","og_title":"R\u00e9forme p\u00e9nitentiaire: l&#039;enseignement et la formation pour favoriser la r\u00e9insertion sociale et pr\u00e9venir la r\u00e9cidive - info algerie","og_description":"TIPASA- Le ministre de la Justice, garde des sceaux, Tayeb Louh, a affirm\u00e9 samedi \u00e0 Kol\u00e9a\u00a0(wilaya de Tipasa) que la politique de r\u00e9forme p\u00e9nitentiaire adopt\u00e9e par\u00a0 l&rsquo;Etat depuis 2006, notamment dans les\u00a0 domaines de l&rsquo;enseignement et de la formation a permis de r\u00e9aliser des\u00a0r\u00e9sultats \u00ab\u00a0positifs\u00a0\u00bb en termes de r\u00e9insertion\u00a0 des d\u00e9tenus et de pr\u00e9vention de","og_url":"https:\/\/www.info-algerie.com\/actualites\/reforme-penitentiaire-lenseignement-et-la-formation-pour-favoriser-la-reinsertion-sociale-et-prevenir-la-recidive\/","og_site_name":"info algerie","article_publisher":"https:\/\/www.facebook.com\/infoalgerieactu","article_published_time":"2017-10-08T08:01:03+00:00","og_image":[{"width":280,"height":169,"url":"https:\/\/www.info-algerie.com\/actualites\/wp-content\/uploads\/2017\/10\/865d8531ac814f043f62a9be1feca19c_S-1.jpg","type":"image\/jpeg"}],"author":"La r\u00e9daction","twitter_misc":{"\u00c9crit par":"La r\u00e9daction","Dur\u00e9e de lecture estim\u00e9e":"4 minutes"},"schema":{"@context":"https:\/\/schema.org","@graph":[{"@type":"Article","@id":"https:\/\/www.info-algerie.com\/actualites\/reforme-penitentiaire-lenseignement-et-la-formation-pour-favoriser-la-reinsertion-sociale-et-prevenir-la-recidive\/#article","isPartOf":{"@id":"https:\/\/www.info-algerie.com\/actualites\/reforme-penitentiaire-lenseignement-et-la-formation-pour-favoriser-la-reinsertion-sociale-et-prevenir-la-recidive\/"},"author":{"name":"La r\u00e9daction","@id":"https:\/\/www.info-algerie.com\/actualites\/#\/schema\/person\/847aaec44920825b843a08f30ec6aa1e"},"headline":"R\u00e9forme p\u00e9nitentiaire: l&#039;enseignement et la formation pour favoriser la r\u00e9insertion sociale et pr\u00e9venir la r\u00e9cidive","datePublished":"2017-10-08T08:01:03+00:00","mainEntityOfPage":{"@id":"https:\/\/www.info-algerie.com\/actualites\/reforme-penitentiaire-lenseignement-et-la-formation-pour-favoriser-la-reinsertion-sociale-et-prevenir-la-recidive\/"},"wordCount":763,"commentCount":0,"publisher":{"@id":"https:\/\/www.info-algerie.com\/actualites\/#organization"},"image":{"@id":"https:\/\/www.info-algerie.com\/actualites\/reforme-penitentiaire-lenseignement-et-la-formation-pour-favoriser-la-reinsertion-sociale-et-prevenir-la-recidive\/#primaryimage"},"thumbnailUrl":"https:\/\/www.info-algerie.com\/actualites\/wp-content\/uploads\/2017\/10\/865d8531ac814f043f62a9be1feca19c_S-1.jpg","keywords":["ONU"],"articleSection":["infos"],"inLanguage":"fr-FR","potentialAction":[{"@type":"CommentAction","name":"Comment","target":["https:\/\/www.info-algerie.com\/actualites\/reforme-penitentiaire-lenseignement-et-la-formation-pour-favoriser-la-reinsertion-sociale-et-prevenir-la-recidive\/#respond"]}]},{"@type":"WebPage","@id":"https:\/\/www.info-algerie.com\/actualites\/reforme-penitentiaire-lenseignement-et-la-formation-pour-favoriser-la-reinsertion-sociale-et-prevenir-la-recidive\/","url":"https:\/\/www.info-algerie.com\/actualites\/reforme-penitentiaire-lenseignement-et-la-formation-pour-favoriser-la-reinsertion-sociale-et-prevenir-la-recidive\/","name":"R\u00e9forme p\u00e9nitentiaire: l&#039;enseignement et la formation pour favoriser la r\u00e9insertion sociale et pr\u00e9venir la r\u00e9cidive - info algerie","isPartOf":{"@id":"https:\/\/www.info-algerie.com\/actualites\/#website"},"primaryImageOfPage":{"@id":"https:\/\/www.info-algerie.com\/actualites\/reforme-penitentiaire-lenseignement-et-la-formation-pour-favoriser-la-reinsertion-sociale-et-prevenir-la-recidive\/#primaryimage"},"image":{"@id":"https:\/\/www.info-algerie.com\/actualites\/reforme-penitentiaire-lenseignement-et-la-formation-pour-favoriser-la-reinsertion-sociale-et-prevenir-la-recidive\/#primaryimage"},"thumbnailUrl":"https:\/\/www.info-algerie.com\/actualites\/wp-content\/uploads\/2017\/10\/865d8531ac814f043f62a9be1feca19c_S-1.jpg","datePublished":"2017-10-08T08:01:03+00:00","breadcrumb":{"@id":"https:\/\/www.info-algerie.com\/actualites\/reforme-penitentiaire-lenseignement-et-la-formation-pour-favoriser-la-reinsertion-sociale-et-prevenir-la-recidive\/#breadcrumb"},"inLanguage":"fr-FR","potentialAction":[{"@type":"ReadAction","target":["https:\/\/www.info-algerie.com\/actualites\/reforme-penitentiaire-lenseignement-et-la-formation-pour-favoriser-la-reinsertion-sociale-et-prevenir-la-recidive\/"]}]},{"@type":"ImageObject","inLanguage":"fr-FR","@id":"https:\/\/www.info-algerie.com\/actualites\/reforme-penitentiaire-lenseignement-et-la-formation-pour-favoriser-la-reinsertion-sociale-et-prevenir-la-recidive\/#primaryimage","url":"https:\/\/www.info-algerie.com\/actualites\/wp-content\/uploads\/2017\/10\/865d8531ac814f043f62a9be1feca19c_S-1.jpg","contentUrl":"https:\/\/www.info-algerie.com\/actualites\/wp-content\/uploads\/2017\/10\/865d8531ac814f043f62a9be1feca19c_S-1.jpg","width":280,"height":169},{"@type":"BreadcrumbList","@id":"https:\/\/www.info-algerie.com\/actualites\/reforme-penitentiaire-lenseignement-et-la-formation-pour-favoriser-la-reinsertion-sociale-et-prevenir-la-recidive\/#breadcrumb","itemListElement":[{"@type":"ListItem","position":1,"name":"Accueil","item":"https:\/\/www.info-algerie.com\/actualites\/"},{"@type":"ListItem","position":2,"name":"R\u00e9forme p\u00e9nitentiaire: l&#039;enseignement et la formation pour favoriser la r\u00e9insertion sociale et pr\u00e9venir la r\u00e9cidive"}]},{"@type":"WebSite","@id":"https:\/\/www.info-algerie.com\/actualites\/#website","url":"https:\/\/www.info-algerie.com\/actualites\/","name":"info algerie","description":"Toutes les actualit\u00e9s","publisher":{"@id":"https:\/\/www.info-algerie.com\/actualites\/#organization"},"potentialAction":[{"@type":"SearchAction","target":{"@type":"EntryPoint","urlTemplate":"https:\/\/www.info-algerie.com\/actualites\/?s={search_term_string}"},"query-input":{"@type":"PropertyValueSpecification","valueRequired":true,"valueName":"search_term_string"}}],"inLanguage":"fr-FR"},{"@type":"Organization","@id":"https:\/\/www.info-algerie.com\/actualites\/#organization","name":"info algerie","url":"https:\/\/www.info-algerie.com\/actualites\/","logo":{"@type":"ImageObject","inLanguage":"fr-FR","@id":"https:\/\/www.info-algerie.com\/actualites\/#\/schema\/logo\/image\/","url":"https:\/\/www.info-algerie.com\/actualites\/wp-content\/uploads\/2022\/07\/logo-ia-120.png","contentUrl":"https:\/\/www.info-algerie.com\/actualites\/wp-content\/uploads\/2022\/07\/logo-ia-120.png","width":120,"height":43,"caption":"info algerie"},"image":{"@id":"https:\/\/www.info-algerie.com\/actualites\/#\/schema\/logo\/image\/"},"sameAs":["https:\/\/www.facebook.com\/infoalgerieactu","https:\/\/x.com\/infoalgerie1"]},{"@type":"Person","@id":"https:\/\/www.info-algerie.com\/actualites\/#\/schema\/person\/847aaec44920825b843a08f30ec6aa1e","name":"La r\u00e9daction","image":{"@type":"ImageObject","inLanguage":"fr-FR","@id":"https:\/\/secure.gravatar.com\/avatar\/769db425c6f465158149f1ffd6cf61ce7a8a879d11dfbef8288af36dfddd418c?s=96&d=mm&r=g","url":"https:\/\/secure.gravatar.com\/avatar\/769db425c6f465158149f1ffd6cf61ce7a8a879d11dfbef8288af36dfddd418c?s=96&d=mm&r=g","contentUrl":"https:\/\/secure.gravatar.com\/avatar\/769db425c6f465158149f1ffd6cf61ce7a8a879d11dfbef8288af36dfddd418c?s=96&d=mm&r=g","caption":"La r\u00e9daction"},"sameAs":["http:\/\/www.lkeria.com\/"],"url":"https:\/\/www.info-algerie.com\/actualites\/author\/chakib32\/"}]}},"_links":{"self":[{"href":"https:\/\/www.info-algerie.com\/actualites\/wp-json\/wp\/v2\/posts\/16659","targetHints":{"allow":["GET"]}}],"collection":[{"href":"https:\/\/www.info-algerie.com\/actualites\/wp-json\/wp\/v2\/posts"}],"about":[{"href":"https:\/\/www.info-algerie.com\/actualites\/wp-json\/wp\/v2\/types\/post"}],"author":[{"embeddable":true,"href":"https:\/\/www.info-algerie.com\/actualites\/wp-json\/wp\/v2\/users\/6"}],"replies":[{"embeddable":true,"href":"https:\/\/www.info-algerie.com\/actualites\/wp-json\/wp\/v2\/comments?post=16659"}],"version-history":[{"count":0,"href":"https:\/\/www.info-algerie.com\/actualites\/wp-json\/wp\/v2\/posts\/16659\/revisions"}],"wp:featuredmedia":[{"embeddable":true,"href":"https:\/\/www.info-algerie.com\/actualites\/wp-json\/wp\/v2\/media\/16660"}],"wp:attachment":[{"href":"https:\/\/www.info-algerie.com\/actualites\/wp-json\/wp\/v2\/media?parent=16659"}],"wp:term":[{"taxonomy":"category","embeddable":true,"href":"https:\/\/www.info-algerie.com\/actualites\/wp-json\/wp\/v2\/categories?post=16659"},{"taxonomy":"post_tag","embeddable":true,"href":"https:\/\/www.info-algerie.com\/actualites\/wp-json\/wp\/v2\/tags?post=16659"}],"curies":[{"name":"wp","href":"https:\/\/api.w.org\/{rel}","templated":true}]}}