{"id":16662,"date":"2017-10-08T08:53:34","date_gmt":"2017-10-08T07:53:34","guid":{"rendered":"http:\/\/www.info-algerie.com\/actualites\/le-projet-de-code-sur-lorganisation-penitentiaire-prochainement-a-lapn\/"},"modified":"2017-10-08T08:53:34","modified_gmt":"2017-10-08T07:53:34","slug":"le-projet-de-code-sur-lorganisation-penitentiaire-prochainement-a-lapn","status":"publish","type":"post","link":"https:\/\/www.info-algerie.com\/actualites\/le-projet-de-code-sur-lorganisation-penitentiaire-prochainement-a-lapn\/","title":{"rendered":"Le projet de code sur l&#039;organisation p\u00e9nitentiaire prochainement \u00e0 l&#039;APN"},"content":{"rendered":"<div class=\"K2FeedImage\"><img decoding=\"async\" src=\"https:\/\/www.info-algerie.com\/actualites\/wp-content\/uploads\/2017\/10\/662ceb0809f2eac3317ce91355171456_S.jpg\" alt=\"Le projet de code sur l'organisation p&#xE9;nitentiaire prochainement &#xE0; l'APN\" \/><\/div>\n<div class=\"K2FeedIntroText\">\n<p>TIPASA- La commission juridique sp\u00e9cialis\u00e9e au niveau de\u00a0 la chambre basse du Parlement entamera, prochainement, l&rsquo;examen du projet\u00a0 de loi amendant le Code portant organisation p\u00e9nitentiaire, lequel comprend\u00a0 le m\u00e9canisme de surveillance par le bracelet \u00e9lectronique, a affirm\u00e9 samedi \u00e0 Kol\u00e9a (Tipasa) le ministre de la Justice, Garde des Sceaux, Tayeb Louh.<\/p>\n<p>&#013;\n<\/p><\/div>\n<div class=\"K2FeedFullText\">&#013;<\/p>\n<p>\u00ab\u00a0Le projet de code portant organisation p\u00e9nitentiaire qui comprend le\u00a0 m\u00e9canisme de surveillance par bracelet \u00e9lectronique se trouve au niveau de\u00a0 la chambre basse du parlement, et sera prochainement d\u00e9battu par la\u00a0 commission juridique sp\u00e9cialis\u00e9e de l&rsquo;Assembl\u00e9e populaire nationale (APN)\u00a0 en vue de le pr\u00e9senter au d\u00e9bat g\u00e9n\u00e9ral pour adoption, avant de le\u00a0 soumettre au Conseil de la Nation\u00a0\u00bb, a pr\u00e9cis\u00e9 le ministre lors de sa visite\u00a0 \u00e0 l&rsquo;\u00e9tablissement p\u00e9nitentiaire de Kol\u00e9a o\u00f9 il s&rsquo;est enquis de pr\u00e8s de\u00a0 l&rsquo;utilisation des nouvelles technologies en termes de\u00a0 s\u00e9curisation\u00a0 (surveillance par cam\u00e9ra de haute d\u00e9finition +HD+ dot\u00e9s de fibres\u00a0 optiques).<\/p>\n<p>&#013;<\/p>\n<p>Il a expliqu\u00e9 que \u00ab\u00a0le recours au bracelet \u00e9lectronique permettra au d\u00e9tenu\u00a0 condamn\u00e9 de purger sa peine en dehors de la prison, pour peu qu&rsquo;il r\u00e9ponde\u00a0 aux conditions \u00e9dict\u00e9es par ledit code.<\/p>\n<p>&#013;<\/p>\n<p>\u00ab\u00a0Il existe deux types de bracelet \u00e9lectronique, celui pr\u00e9vu par le code de\u00a0 proc\u00e9dure p\u00e9nale, et qui concerne la surveillance judiciaire par le juge\u00a0 d&rsquo;instruction concernant l&rsquo;accus\u00e9 en libert\u00e9 devant porter ce bracelet\u00a0 jusqu&rsquo;\u00e0 son proc\u00e8s\u00a0\u00bb a soulev\u00e9 M. Louh qui a affirm\u00e9 que \u00ab\u00a0le tribunal de\u00a0Kol\u00e9a a commenc\u00e9 \u00e0 appliquer cette d\u00e9marche en tant que tribunal pilote\u00a0\u00bb.<\/p>\n<p>&#013;<\/p>\n<p>\u00a0<\/p>\n<p>&#013;<\/p>\n<p>Quant au bracelet \u00e9lectronique li\u00e9 \u00e0 l&rsquo;application de la peine apr\u00e8s\u00a0 prononciation du jugement, le ministre a pr\u00e9cis\u00e9 que les proc\u00e9dures y\u00a0 aff\u00e9rentes \u00e9taient contenues dans le projet de code portant organisation\u00a0 p\u00e9nitentiaire soumis \u00e0 l&rsquo;APN, lequel permettra au condamn\u00e9 de purger sa\u00a0 peine en dehors de l&rsquo;\u00e9tablissement p\u00e9nitentiaire au moyen du bracelet\u00a0 \u00e9lectronique.<\/p>\n<p>&#013;<\/p>\n<p>Il a, en outre, ajout\u00e9 que la surveillance du condamn\u00e9 portant le bracelet\u00a0 \u00e9lectronique rel\u00e8vera des pr\u00e9rogatives des services externes relevant de\u00a0 l&rsquo;Administration p\u00e9nitentiaire au niveau de certaines cours de justice,\u00a0 ajoutant que \u00ab\u00a0les pr\u00e9paratifs mat\u00e9riels de cette d\u00e9marche sont encore, en\u00a0 attendant l&rsquo;entr\u00e9e en vigueur du m\u00e9canisme apr\u00e8s son adoption\u00a0\u00bb.<\/p>\n<p>&#013;<\/p>\n<p>\u00a0<\/p>\n<p>&#013;<\/p>\n<p class=\"MsoNormal\">A rappeler que les d\u00e9tenus concern\u00e9s par cette mesure sont ceux condamn\u00e9s\u00a0 d\u00e9finitivement \u00e0 une peine ne d\u00e9passant pas trois (3) ans, et ceux \u00e0 qui il\u00a0 ne leur reste que trois ann\u00e9es pour purger leur peine.<\/p>\n<\/div>\n<p>&#013;<br \/>\nSource: <a href=\"http:\/\/www.aps.dz\/algerie\/63698-le-projet-de-code-sur-l-organisation-penitentiaire-prochainement-a-l-apn\" target=\"_blank\">Le projet de code sur l&rsquo;organisation p\u00e9nitentiaire prochainement \u00e0 l&rsquo;APN<\/a><\/p>\n<!--CusAds0-->\n<div style=\"font-size: 0px; height: 0px; line-height: 0px; margin: 0; padding: 0; clear: both;\"><\/div>","protected":false},"excerpt":{"rendered":"<p>TIPASA- La commission juridique sp\u00e9cialis\u00e9e au niveau de\u00a0 la chambre basse du Parlement entamera, prochainement, l&rsquo;examen du projet\u00a0 de loi amendant le Code portant organisation p\u00e9nitentiaire, lequel comprend\u00a0 le m\u00e9canisme de surveillance par le bracelet \u00e9lectronique, a affirm\u00e9 samedi \u00e0 Kol\u00e9a (Tipasa) le ministre de la Justice, Garde des Sceaux, Tayeb Louh. &#013; &#013; \u00ab\u00a0Le<\/p>\n","protected":false},"author":6,"featured_media":16663,"comment_status":"open","ping_status":"open","sticky":false,"template":"","format":"standard","meta":{"footnotes":""},"categories":[22],"tags":[93],"class_list":["post-16662","post","type-post","status-publish","format-standard","has-post-thumbnail","hentry","category-infos","tag-onu"],"yoast_head":"<!-- This site is optimized with the Yoast SEO plugin v27.5 - https:\/\/yoast.com\/product\/yoast-seo-wordpress\/ -->\n<title>Le projet de code sur l&#039;organisation p\u00e9nitentiaire prochainement \u00e0 l&#039;APN - info algerie<\/title>\n<meta name=\"robots\" content=\"index, follow, max-snippet:-1, max-image-preview:large, max-video-preview:-1\" \/>\n<link rel=\"canonical\" href=\"https:\/\/www.info-algerie.com\/actualites\/le-projet-de-code-sur-lorganisation-penitentiaire-prochainement-a-lapn\/\" \/>\n<meta property=\"og:locale\" content=\"fr_FR\" \/>\n<meta property=\"og:type\" content=\"article\" \/>\n<meta property=\"og:title\" content=\"Le projet de code sur l&#039;organisation p\u00e9nitentiaire prochainement \u00e0 l&#039;APN - info algerie\" \/>\n<meta property=\"og:description\" content=\"TIPASA- La commission juridique sp\u00e9cialis\u00e9e au niveau de\u00a0 la chambre basse du Parlement entamera, prochainement, l&rsquo;examen du projet\u00a0 de loi amendant le Code portant organisation p\u00e9nitentiaire, lequel comprend\u00a0 le m\u00e9canisme de surveillance par le bracelet \u00e9lectronique, a affirm\u00e9 samedi \u00e0 Kol\u00e9a (Tipasa) le ministre de la Justice, Garde des Sceaux, Tayeb Louh. &#013; &#013; \u00ab\u00a0Le\" \/>\n<meta property=\"og:url\" content=\"https:\/\/www.info-algerie.com\/actualites\/le-projet-de-code-sur-lorganisation-penitentiaire-prochainement-a-lapn\/\" \/>\n<meta property=\"og:site_name\" content=\"info algerie\" \/>\n<meta property=\"article:publisher\" content=\"https:\/\/www.facebook.com\/infoalgerieactu\" \/>\n<meta property=\"article:published_time\" content=\"2017-10-08T07:53:34+00:00\" \/>\n<meta property=\"og:image\" content=\"https:\/\/www.info-algerie.com\/actualites\/wp-content\/uploads\/2017\/10\/662ceb0809f2eac3317ce91355171456_S-1.jpg\" \/>\n\t<meta property=\"og:image:width\" content=\"280\" \/>\n\t<meta property=\"og:image:height\" content=\"169\" \/>\n\t<meta property=\"og:image:type\" content=\"image\/jpeg\" \/>\n<meta name=\"author\" content=\"La r\u00e9daction\" \/>\n<meta name=\"twitter:label1\" content=\"\u00c9crit par\" \/>\n\t<meta name=\"twitter:data1\" content=\"La r\u00e9daction\" \/>\n\t<meta name=\"twitter:label2\" content=\"Dur\u00e9e de lecture estim\u00e9e\" \/>\n\t<meta name=\"twitter:data2\" content=\"2 minutes\" \/>\n<script type=\"application\/ld+json\" class=\"yoast-schema-graph\">{\"@context\":\"https:\\\/\\\/schema.org\",\"@graph\":[{\"@type\":\"Article\",\"@id\":\"https:\\\/\\\/www.info-algerie.com\\\/actualites\\\/le-projet-de-code-sur-lorganisation-penitentiaire-prochainement-a-lapn\\\/#article\",\"isPartOf\":{\"@id\":\"https:\\\/\\\/www.info-algerie.com\\\/actualites\\\/le-projet-de-code-sur-lorganisation-penitentiaire-prochainement-a-lapn\\\/\"},\"author\":{\"name\":\"La r\u00e9daction\",\"@id\":\"https:\\\/\\\/www.info-algerie.com\\\/actualites\\\/#\\\/schema\\\/person\\\/847aaec44920825b843a08f30ec6aa1e\"},\"headline\":\"Le projet de code sur l&#039;organisation p\u00e9nitentiaire prochainement \u00e0 l&#039;APN\",\"datePublished\":\"2017-10-08T07:53:34+00:00\",\"mainEntityOfPage\":{\"@id\":\"https:\\\/\\\/www.info-algerie.com\\\/actualites\\\/le-projet-de-code-sur-lorganisation-penitentiaire-prochainement-a-lapn\\\/\"},\"wordCount\":466,\"commentCount\":0,\"publisher\":{\"@id\":\"https:\\\/\\\/www.info-algerie.com\\\/actualites\\\/#organization\"},\"image\":{\"@id\":\"https:\\\/\\\/www.info-algerie.com\\\/actualites\\\/le-projet-de-code-sur-lorganisation-penitentiaire-prochainement-a-lapn\\\/#primaryimage\"},\"thumbnailUrl\":\"https:\\\/\\\/www.info-algerie.com\\\/actualites\\\/wp-content\\\/uploads\\\/2017\\\/10\\\/662ceb0809f2eac3317ce91355171456_S-1.jpg\",\"keywords\":[\"ONU\"],\"articleSection\":[\"infos\"],\"inLanguage\":\"fr-FR\",\"potentialAction\":[{\"@type\":\"CommentAction\",\"name\":\"Comment\",\"target\":[\"https:\\\/\\\/www.info-algerie.com\\\/actualites\\\/le-projet-de-code-sur-lorganisation-penitentiaire-prochainement-a-lapn\\\/#respond\"]}]},{\"@type\":\"WebPage\",\"@id\":\"https:\\\/\\\/www.info-algerie.com\\\/actualites\\\/le-projet-de-code-sur-lorganisation-penitentiaire-prochainement-a-lapn\\\/\",\"url\":\"https:\\\/\\\/www.info-algerie.com\\\/actualites\\\/le-projet-de-code-sur-lorganisation-penitentiaire-prochainement-a-lapn\\\/\",\"name\":\"Le projet de code sur l&#039;organisation p\u00e9nitentiaire prochainement \u00e0 l&#039;APN - info algerie\",\"isPartOf\":{\"@id\":\"https:\\\/\\\/www.info-algerie.com\\\/actualites\\\/#website\"},\"primaryImageOfPage\":{\"@id\":\"https:\\\/\\\/www.info-algerie.com\\\/actualites\\\/le-projet-de-code-sur-lorganisation-penitentiaire-prochainement-a-lapn\\\/#primaryimage\"},\"image\":{\"@id\":\"https:\\\/\\\/www.info-algerie.com\\\/actualites\\\/le-projet-de-code-sur-lorganisation-penitentiaire-prochainement-a-lapn\\\/#primaryimage\"},\"thumbnailUrl\":\"https:\\\/\\\/www.info-algerie.com\\\/actualites\\\/wp-content\\\/uploads\\\/2017\\\/10\\\/662ceb0809f2eac3317ce91355171456_S-1.jpg\",\"datePublished\":\"2017-10-08T07:53:34+00:00\",\"breadcrumb\":{\"@id\":\"https:\\\/\\\/www.info-algerie.com\\\/actualites\\\/le-projet-de-code-sur-lorganisation-penitentiaire-prochainement-a-lapn\\\/#breadcrumb\"},\"inLanguage\":\"fr-FR\",\"potentialAction\":[{\"@type\":\"ReadAction\",\"target\":[\"https:\\\/\\\/www.info-algerie.com\\\/actualites\\\/le-projet-de-code-sur-lorganisation-penitentiaire-prochainement-a-lapn\\\/\"]}]},{\"@type\":\"ImageObject\",\"inLanguage\":\"fr-FR\",\"@id\":\"https:\\\/\\\/www.info-algerie.com\\\/actualites\\\/le-projet-de-code-sur-lorganisation-penitentiaire-prochainement-a-lapn\\\/#primaryimage\",\"url\":\"https:\\\/\\\/www.info-algerie.com\\\/actualites\\\/wp-content\\\/uploads\\\/2017\\\/10\\\/662ceb0809f2eac3317ce91355171456_S-1.jpg\",\"contentUrl\":\"https:\\\/\\\/www.info-algerie.com\\\/actualites\\\/wp-content\\\/uploads\\\/2017\\\/10\\\/662ceb0809f2eac3317ce91355171456_S-1.jpg\",\"width\":280,\"height\":169},{\"@type\":\"BreadcrumbList\",\"@id\":\"https:\\\/\\\/www.info-algerie.com\\\/actualites\\\/le-projet-de-code-sur-lorganisation-penitentiaire-prochainement-a-lapn\\\/#breadcrumb\",\"itemListElement\":[{\"@type\":\"ListItem\",\"position\":1,\"name\":\"Accueil\",\"item\":\"https:\\\/\\\/www.info-algerie.com\\\/actualites\\\/\"},{\"@type\":\"ListItem\",\"position\":2,\"name\":\"Le projet de code sur l&#039;organisation p\u00e9nitentiaire prochainement \u00e0 l&#039;APN\"}]},{\"@type\":\"WebSite\",\"@id\":\"https:\\\/\\\/www.info-algerie.com\\\/actualites\\\/#website\",\"url\":\"https:\\\/\\\/www.info-algerie.com\\\/actualites\\\/\",\"name\":\"info algerie\",\"description\":\"Toutes les actualit\u00e9s\",\"publisher\":{\"@id\":\"https:\\\/\\\/www.info-algerie.com\\\/actualites\\\/#organization\"},\"potentialAction\":[{\"@type\":\"SearchAction\",\"target\":{\"@type\":\"EntryPoint\",\"urlTemplate\":\"https:\\\/\\\/www.info-algerie.com\\\/actualites\\\/?s={search_term_string}\"},\"query-input\":{\"@type\":\"PropertyValueSpecification\",\"valueRequired\":true,\"valueName\":\"search_term_string\"}}],\"inLanguage\":\"fr-FR\"},{\"@type\":\"Organization\",\"@id\":\"https:\\\/\\\/www.info-algerie.com\\\/actualites\\\/#organization\",\"name\":\"info algerie\",\"url\":\"https:\\\/\\\/www.info-algerie.com\\\/actualites\\\/\",\"logo\":{\"@type\":\"ImageObject\",\"inLanguage\":\"fr-FR\",\"@id\":\"https:\\\/\\\/www.info-algerie.com\\\/actualites\\\/#\\\/schema\\\/logo\\\/image\\\/\",\"url\":\"https:\\\/\\\/www.info-algerie.com\\\/actualites\\\/wp-content\\\/uploads\\\/2022\\\/07\\\/logo-ia-120.png\",\"contentUrl\":\"https:\\\/\\\/www.info-algerie.com\\\/actualites\\\/wp-content\\\/uploads\\\/2022\\\/07\\\/logo-ia-120.png\",\"width\":120,\"height\":43,\"caption\":\"info algerie\"},\"image\":{\"@id\":\"https:\\\/\\\/www.info-algerie.com\\\/actualites\\\/#\\\/schema\\\/logo\\\/image\\\/\"},\"sameAs\":[\"https:\\\/\\\/www.facebook.com\\\/infoalgerieactu\",\"https:\\\/\\\/x.com\\\/infoalgerie1\"]},{\"@type\":\"Person\",\"@id\":\"https:\\\/\\\/www.info-algerie.com\\\/actualites\\\/#\\\/schema\\\/person\\\/847aaec44920825b843a08f30ec6aa1e\",\"name\":\"La r\u00e9daction\",\"image\":{\"@type\":\"ImageObject\",\"inLanguage\":\"fr-FR\",\"@id\":\"https:\\\/\\\/secure.gravatar.com\\\/avatar\\\/769db425c6f465158149f1ffd6cf61ce7a8a879d11dfbef8288af36dfddd418c?s=96&d=mm&r=g\",\"url\":\"https:\\\/\\\/secure.gravatar.com\\\/avatar\\\/769db425c6f465158149f1ffd6cf61ce7a8a879d11dfbef8288af36dfddd418c?s=96&d=mm&r=g\",\"contentUrl\":\"https:\\\/\\\/secure.gravatar.com\\\/avatar\\\/769db425c6f465158149f1ffd6cf61ce7a8a879d11dfbef8288af36dfddd418c?s=96&d=mm&r=g\",\"caption\":\"La r\u00e9daction\"},\"sameAs\":[\"http:\\\/\\\/www.lkeria.com\\\/\"],\"url\":\"https:\\\/\\\/www.info-algerie.com\\\/actualites\\\/author\\\/chakib32\\\/\"}]}<\/script>\n<!-- \/ Yoast SEO plugin. -->","yoast_head_json":{"title":"Le projet de code sur l&#039;organisation p\u00e9nitentiaire prochainement \u00e0 l&#039;APN - info algerie","robots":{"index":"index","follow":"follow","max-snippet":"max-snippet:-1","max-image-preview":"max-image-preview:large","max-video-preview":"max-video-preview:-1"},"canonical":"https:\/\/www.info-algerie.com\/actualites\/le-projet-de-code-sur-lorganisation-penitentiaire-prochainement-a-lapn\/","og_locale":"fr_FR","og_type":"article","og_title":"Le projet de code sur l&#039;organisation p\u00e9nitentiaire prochainement \u00e0 l&#039;APN - info algerie","og_description":"TIPASA- La commission juridique sp\u00e9cialis\u00e9e au niveau de\u00a0 la chambre basse du Parlement entamera, prochainement, l&rsquo;examen du projet\u00a0 de loi amendant le Code portant organisation p\u00e9nitentiaire, lequel comprend\u00a0 le m\u00e9canisme de surveillance par le bracelet \u00e9lectronique, a affirm\u00e9 samedi \u00e0 Kol\u00e9a (Tipasa) le ministre de la Justice, Garde des Sceaux, Tayeb Louh. &#013; &#013; \u00ab\u00a0Le","og_url":"https:\/\/www.info-algerie.com\/actualites\/le-projet-de-code-sur-lorganisation-penitentiaire-prochainement-a-lapn\/","og_site_name":"info algerie","article_publisher":"https:\/\/www.facebook.com\/infoalgerieactu","article_published_time":"2017-10-08T07:53:34+00:00","og_image":[{"width":280,"height":169,"url":"https:\/\/www.info-algerie.com\/actualites\/wp-content\/uploads\/2017\/10\/662ceb0809f2eac3317ce91355171456_S-1.jpg","type":"image\/jpeg"}],"author":"La r\u00e9daction","twitter_misc":{"\u00c9crit par":"La r\u00e9daction","Dur\u00e9e de lecture estim\u00e9e":"2 minutes"},"schema":{"@context":"https:\/\/schema.org","@graph":[{"@type":"Article","@id":"https:\/\/www.info-algerie.com\/actualites\/le-projet-de-code-sur-lorganisation-penitentiaire-prochainement-a-lapn\/#article","isPartOf":{"@id":"https:\/\/www.info-algerie.com\/actualites\/le-projet-de-code-sur-lorganisation-penitentiaire-prochainement-a-lapn\/"},"author":{"name":"La r\u00e9daction","@id":"https:\/\/www.info-algerie.com\/actualites\/#\/schema\/person\/847aaec44920825b843a08f30ec6aa1e"},"headline":"Le projet de code sur l&#039;organisation p\u00e9nitentiaire prochainement \u00e0 l&#039;APN","datePublished":"2017-10-08T07:53:34+00:00","mainEntityOfPage":{"@id":"https:\/\/www.info-algerie.com\/actualites\/le-projet-de-code-sur-lorganisation-penitentiaire-prochainement-a-lapn\/"},"wordCount":466,"commentCount":0,"publisher":{"@id":"https:\/\/www.info-algerie.com\/actualites\/#organization"},"image":{"@id":"https:\/\/www.info-algerie.com\/actualites\/le-projet-de-code-sur-lorganisation-penitentiaire-prochainement-a-lapn\/#primaryimage"},"thumbnailUrl":"https:\/\/www.info-algerie.com\/actualites\/wp-content\/uploads\/2017\/10\/662ceb0809f2eac3317ce91355171456_S-1.jpg","keywords":["ONU"],"articleSection":["infos"],"inLanguage":"fr-FR","potentialAction":[{"@type":"CommentAction","name":"Comment","target":["https:\/\/www.info-algerie.com\/actualites\/le-projet-de-code-sur-lorganisation-penitentiaire-prochainement-a-lapn\/#respond"]}]},{"@type":"WebPage","@id":"https:\/\/www.info-algerie.com\/actualites\/le-projet-de-code-sur-lorganisation-penitentiaire-prochainement-a-lapn\/","url":"https:\/\/www.info-algerie.com\/actualites\/le-projet-de-code-sur-lorganisation-penitentiaire-prochainement-a-lapn\/","name":"Le projet de code sur l&#039;organisation p\u00e9nitentiaire prochainement \u00e0 l&#039;APN - info algerie","isPartOf":{"@id":"https:\/\/www.info-algerie.com\/actualites\/#website"},"primaryImageOfPage":{"@id":"https:\/\/www.info-algerie.com\/actualites\/le-projet-de-code-sur-lorganisation-penitentiaire-prochainement-a-lapn\/#primaryimage"},"image":{"@id":"https:\/\/www.info-algerie.com\/actualites\/le-projet-de-code-sur-lorganisation-penitentiaire-prochainement-a-lapn\/#primaryimage"},"thumbnailUrl":"https:\/\/www.info-algerie.com\/actualites\/wp-content\/uploads\/2017\/10\/662ceb0809f2eac3317ce91355171456_S-1.jpg","datePublished":"2017-10-08T07:53:34+00:00","breadcrumb":{"@id":"https:\/\/www.info-algerie.com\/actualites\/le-projet-de-code-sur-lorganisation-penitentiaire-prochainement-a-lapn\/#breadcrumb"},"inLanguage":"fr-FR","potentialAction":[{"@type":"ReadAction","target":["https:\/\/www.info-algerie.com\/actualites\/le-projet-de-code-sur-lorganisation-penitentiaire-prochainement-a-lapn\/"]}]},{"@type":"ImageObject","inLanguage":"fr-FR","@id":"https:\/\/www.info-algerie.com\/actualites\/le-projet-de-code-sur-lorganisation-penitentiaire-prochainement-a-lapn\/#primaryimage","url":"https:\/\/www.info-algerie.com\/actualites\/wp-content\/uploads\/2017\/10\/662ceb0809f2eac3317ce91355171456_S-1.jpg","contentUrl":"https:\/\/www.info-algerie.com\/actualites\/wp-content\/uploads\/2017\/10\/662ceb0809f2eac3317ce91355171456_S-1.jpg","width":280,"height":169},{"@type":"BreadcrumbList","@id":"https:\/\/www.info-algerie.com\/actualites\/le-projet-de-code-sur-lorganisation-penitentiaire-prochainement-a-lapn\/#breadcrumb","itemListElement":[{"@type":"ListItem","position":1,"name":"Accueil","item":"https:\/\/www.info-algerie.com\/actualites\/"},{"@type":"ListItem","position":2,"name":"Le projet de code sur l&#039;organisation p\u00e9nitentiaire prochainement \u00e0 l&#039;APN"}]},{"@type":"WebSite","@id":"https:\/\/www.info-algerie.com\/actualites\/#website","url":"https:\/\/www.info-algerie.com\/actualites\/","name":"info algerie","description":"Toutes les actualit\u00e9s","publisher":{"@id":"https:\/\/www.info-algerie.com\/actualites\/#organization"},"potentialAction":[{"@type":"SearchAction","target":{"@type":"EntryPoint","urlTemplate":"https:\/\/www.info-algerie.com\/actualites\/?s={search_term_string}"},"query-input":{"@type":"PropertyValueSpecification","valueRequired":true,"valueName":"search_term_string"}}],"inLanguage":"fr-FR"},{"@type":"Organization","@id":"https:\/\/www.info-algerie.com\/actualites\/#organization","name":"info algerie","url":"https:\/\/www.info-algerie.com\/actualites\/","logo":{"@type":"ImageObject","inLanguage":"fr-FR","@id":"https:\/\/www.info-algerie.com\/actualites\/#\/schema\/logo\/image\/","url":"https:\/\/www.info-algerie.com\/actualites\/wp-content\/uploads\/2022\/07\/logo-ia-120.png","contentUrl":"https:\/\/www.info-algerie.com\/actualites\/wp-content\/uploads\/2022\/07\/logo-ia-120.png","width":120,"height":43,"caption":"info algerie"},"image":{"@id":"https:\/\/www.info-algerie.com\/actualites\/#\/schema\/logo\/image\/"},"sameAs":["https:\/\/www.facebook.com\/infoalgerieactu","https:\/\/x.com\/infoalgerie1"]},{"@type":"Person","@id":"https:\/\/www.info-algerie.com\/actualites\/#\/schema\/person\/847aaec44920825b843a08f30ec6aa1e","name":"La r\u00e9daction","image":{"@type":"ImageObject","inLanguage":"fr-FR","@id":"https:\/\/secure.gravatar.com\/avatar\/769db425c6f465158149f1ffd6cf61ce7a8a879d11dfbef8288af36dfddd418c?s=96&d=mm&r=g","url":"https:\/\/secure.gravatar.com\/avatar\/769db425c6f465158149f1ffd6cf61ce7a8a879d11dfbef8288af36dfddd418c?s=96&d=mm&r=g","contentUrl":"https:\/\/secure.gravatar.com\/avatar\/769db425c6f465158149f1ffd6cf61ce7a8a879d11dfbef8288af36dfddd418c?s=96&d=mm&r=g","caption":"La r\u00e9daction"},"sameAs":["http:\/\/www.lkeria.com\/"],"url":"https:\/\/www.info-algerie.com\/actualites\/author\/chakib32\/"}]}},"_links":{"self":[{"href":"https:\/\/www.info-algerie.com\/actualites\/wp-json\/wp\/v2\/posts\/16662","targetHints":{"allow":["GET"]}}],"collection":[{"href":"https:\/\/www.info-algerie.com\/actualites\/wp-json\/wp\/v2\/posts"}],"about":[{"href":"https:\/\/www.info-algerie.com\/actualites\/wp-json\/wp\/v2\/types\/post"}],"author":[{"embeddable":true,"href":"https:\/\/www.info-algerie.com\/actualites\/wp-json\/wp\/v2\/users\/6"}],"replies":[{"embeddable":true,"href":"https:\/\/www.info-algerie.com\/actualites\/wp-json\/wp\/v2\/comments?post=16662"}],"version-history":[{"count":0,"href":"https:\/\/www.info-algerie.com\/actualites\/wp-json\/wp\/v2\/posts\/16662\/revisions"}],"wp:featuredmedia":[{"embeddable":true,"href":"https:\/\/www.info-algerie.com\/actualites\/wp-json\/wp\/v2\/media\/16663"}],"wp:attachment":[{"href":"https:\/\/www.info-algerie.com\/actualites\/wp-json\/wp\/v2\/media?parent=16662"}],"wp:term":[{"taxonomy":"category","embeddable":true,"href":"https:\/\/www.info-algerie.com\/actualites\/wp-json\/wp\/v2\/categories?post=16662"},{"taxonomy":"post_tag","embeddable":true,"href":"https:\/\/www.info-algerie.com\/actualites\/wp-json\/wp\/v2\/tags?post=16662"}],"curies":[{"name":"wp","href":"https:\/\/api.w.org\/{rel}","templated":true}]}}