{"id":16693,"date":"2017-10-09T08:24:52","date_gmt":"2017-10-09T07:24:52","guid":{"rendered":"http:\/\/www.info-algerie.com\/actualites\/celebration-du-55e-anniversaire-de-la-diplomatie-algerienne\/"},"modified":"2017-10-09T08:24:52","modified_gmt":"2017-10-09T07:24:52","slug":"celebration-du-55e-anniversaire-de-la-diplomatie-algerienne","status":"publish","type":"post","link":"https:\/\/www.info-algerie.com\/actualites\/celebration-du-55e-anniversaire-de-la-diplomatie-algerienne\/","title":{"rendered":"C\u00e9l\u00e9bration du 55e anniversaire de la diplomatie alg\u00e9rienne"},"content":{"rendered":"<div class=\"K2FeedImage\"><img decoding=\"async\" src=\"https:\/\/www.info-algerie.com\/actualites\/wp-content\/uploads\/2017\/10\/4eeccc7f2a2d5e8a1efec0c19c82b882_S.jpg\" alt=\"C&#xE9;l&#xE9;bration du 55e anniversaire de la diplomatie alg&#xE9;rienne\" \/><\/div>\n<div class=\"K2FeedIntroText\">\n<p>ALGER &#8211; La journ\u00e9e de la diplomatie alg\u00e9rienne,\u00a0 co\u00efncidant avec le 8 octobre de chaque ann\u00e9e, a \u00e9t\u00e9 c\u00e9l\u00e9br\u00e9e dimanche au Centre International des Conf\u00e9rences (CIC) \u00e0 Alger.<\/p>\n<p>&#013;\n<\/p><\/div>\n<div class=\"K2FeedFullText\">&#013;<\/p>\n<p>Une c\u00e9r\u00e9monie a \u00e9t\u00e9 organis\u00e9e \u00e0 l&rsquo;occasion du 55e anniversaire de cette journ\u00e9e, pr\u00e9sid\u00e9e par le ministre des Affaires \u00e9trang\u00e8res Abdelkader Messahel, en pr\u00e9sence du pr\u00e9sident du Conseil constitutionnel, Mourad Medelci et des membres du gouvernement ainsi que des repr\u00e9sentants du corps\u00a0 diplomatique accr\u00e9dit\u00e9 \u00e0 Alger.<\/p>\n<p>&#013;<\/p>\n<p>Lors de cet \u00e9v\u00e8nement, M. Messahel a rappel\u00e9 les \u00e9pop\u00e9es glorieuses de la\u00a0 diplomatie alg\u00e9rienne, soulignant que l&rsquo;action diplomatique de l&rsquo;Alg\u00e9rie a\u00a0 connu \u00ab\u00a0un saut qualitatif\u00a0\u00bb depuis l&rsquo;\u00e9lection du Pr\u00e9sident Abdelaziz\u00a0Bouteflika en 1999 \u00ab\u00a0qui, par sa sagesse et son exp\u00e9rience, a \u00e9tabli les\u00a0 principes et les bases sur lesquels la diplomatie alg\u00e9rienne a \u00e9t\u00e9 fond\u00e9e\u00a0\u00bb.<\/p>\n<p>&#013;<\/p>\n<p>La diplomatie alg\u00e9rienne, poursuit-il, a amorc\u00e9 une \u00e9tape d\u00e9cisive de son\u00a0 histoire \u00e0 travers la Conf\u00e9rence de la Bandung en 1955, \u00e9tant le premier\u00a0 rassemblement afro-asiatique o\u00f9 les militants de la cause nationale A\u00eft\u00a0Ahmed, Saad Dahleb, Tayeb Boulahrouf et M&rsquo;hamed Yazid et d&rsquo;autres avaient\u00a0 prouv\u00e9 leur capacit\u00e9s diplomatiques \u00e0 faire entendre la voix de l`Alg\u00e9rie\u00a0 dans les fora internationaux.<\/p>\n<p>&#013;<\/p>\n<p>Dans son allocution, M. Messahel, a soulign\u00e9 le principe de l&rsquo;Alg\u00e9rie qui\u00a0 consiste \u00e0 soutenir les peuples encore sous la colonisation notamment dans\u00a0 le continent africain afin d&rsquo;obtenir leur ind\u00e9pendance.<\/p>\n<p>&#013;<\/p>\n<p>Il a rappel\u00e9 \u00e0 a ce propos les efforts consentis par l&rsquo;Alg\u00e9rie pour la\u00a0 d\u00e9colonisation du Sahara occidental, dernier territoire occup\u00e9 sur le continent africain, en r\u00e9affirmant le droit du peuple sahraoui \u00e0\u00a0 l\u2019autod\u00e9termination.<\/p>\n<p>&#013;<\/p>\n<p>Evoquant la crise libyenne, le ministre des Affaires \u00e9trang\u00e8res a affirm\u00e9\u00a0 que \u00ab\u00a0l&rsquo;Alg\u00e9rie continue de soutenir les efforts des Nations unies, pour trouver un r\u00e8glement politique \u00e0 cette crise et garantir l&rsquo;unit\u00e9\u00a0 territoriale et la coh\u00e9sion du peuple libyen\u00a0\u00bb.<\/p>\n<p>&#013;<\/p>\n<p>Concernant la question palestinienne, M. Messahel a r\u00e9it\u00e9r\u00e9 le soutien de\u00a0 l&rsquo;Alg\u00e9rie au peuple palestinien et \u00e0 ses droits l\u00e9gitimes \u00e0 la libert\u00e9 et\u00a0 la cr\u00e9ation d&rsquo;un Etat ind\u00e9pendant avec pour capitale El-Qods.<\/p>\n<p>&#013;<\/p>\n<p>\u00ab\u00a0Les efforts pacifiques de l&rsquo;Alg\u00e9rie visant \u00e0 \u00e9tablir la paix et r\u00e9soudre\u00a0 les diff\u00e9rends par le dialogue dans le cadre du respect de la souverainet\u00e9 des Etats et la non-ing\u00e9rence, lui ont permis d&rsquo;occuper une place de choix\u00a0 dans la communaut\u00e9 internationale\u00a0\u00bb, a-t-il soutenu.<\/p>\n<p>&#013;<\/p>\n<p>\u00a0<\/p>\n<p>&#013;<\/p>\n<p>La Journ\u00e9e de la diplomatie alg\u00e9rienne est c\u00e9l\u00e9br\u00e9e le 8 octobre de\u00a0 chaque ann\u00e9e. C&rsquo;est un \u00e9v\u00e9nement qui co\u00efncide avec le jour o\u00f9 le premier\u00a0 pr\u00e9sident de l&rsquo;Alg\u00e9rie ind\u00e9pendante Ahmed Ben Bella avait hiss\u00e9 les\u00a0 couleurs du drapeau alg\u00e9rien au si\u00e8ge des Nations unies \u00e0 New York le 8 octobre 1962.<\/p>\n<\/div>\n<p>&#013;<br \/>\nSource: <a href=\"http:\/\/www.aps.dz\/algerie\/63725-celebration-du-55e-anniversaire-de-la-diplomatie-algerienne\" target=\"_blank\">C\u00e9l\u00e9bration du 55e anniversaire de la diplomatie alg\u00e9rienne<\/a><\/p>\n<!--CusAds0-->\n<div style=\"font-size: 0px; height: 0px; line-height: 0px; margin: 0; padding: 0; clear: both;\"><\/div>","protected":false},"excerpt":{"rendered":"<p>ALGER &#8211; La journ\u00e9e de la diplomatie alg\u00e9rienne,\u00a0 co\u00efncidant avec le 8 octobre de chaque ann\u00e9e, a \u00e9t\u00e9 c\u00e9l\u00e9br\u00e9e dimanche au Centre International des Conf\u00e9rences (CIC) \u00e0 Alger. &#013; &#013; Une c\u00e9r\u00e9monie a \u00e9t\u00e9 organis\u00e9e \u00e0 l&rsquo;occasion du 55e anniversaire de cette journ\u00e9e, pr\u00e9sid\u00e9e par le ministre des Affaires \u00e9trang\u00e8res Abdelkader Messahel, en pr\u00e9sence du<\/p>\n","protected":false},"author":6,"featured_media":16694,"comment_status":"open","ping_status":"open","sticky":false,"template":"","format":"standard","meta":{"footnotes":""},"categories":[22],"tags":[93],"class_list":["post-16693","post","type-post","status-publish","format-standard","has-post-thumbnail","hentry","category-infos","tag-onu"],"yoast_head":"<!-- This site is optimized with the Yoast SEO plugin v27.5 - https:\/\/yoast.com\/product\/yoast-seo-wordpress\/ -->\n<title>C\u00e9l\u00e9bration du 55e anniversaire de la diplomatie alg\u00e9rienne - info algerie<\/title>\n<meta name=\"robots\" content=\"index, follow, max-snippet:-1, max-image-preview:large, max-video-preview:-1\" \/>\n<link rel=\"canonical\" href=\"https:\/\/www.info-algerie.com\/actualites\/celebration-du-55e-anniversaire-de-la-diplomatie-algerienne\/\" \/>\n<meta property=\"og:locale\" content=\"fr_FR\" \/>\n<meta property=\"og:type\" content=\"article\" \/>\n<meta property=\"og:title\" content=\"C\u00e9l\u00e9bration du 55e anniversaire de la diplomatie alg\u00e9rienne - info algerie\" \/>\n<meta property=\"og:description\" content=\"ALGER &#8211; La journ\u00e9e de la diplomatie alg\u00e9rienne,\u00a0 co\u00efncidant avec le 8 octobre de chaque ann\u00e9e, a \u00e9t\u00e9 c\u00e9l\u00e9br\u00e9e dimanche au Centre International des Conf\u00e9rences (CIC) \u00e0 Alger. &#013; &#013; Une c\u00e9r\u00e9monie a \u00e9t\u00e9 organis\u00e9e \u00e0 l&rsquo;occasion du 55e anniversaire de cette journ\u00e9e, pr\u00e9sid\u00e9e par le ministre des Affaires \u00e9trang\u00e8res Abdelkader Messahel, en pr\u00e9sence du\" \/>\n<meta property=\"og:url\" content=\"https:\/\/www.info-algerie.com\/actualites\/celebration-du-55e-anniversaire-de-la-diplomatie-algerienne\/\" \/>\n<meta property=\"og:site_name\" content=\"info algerie\" \/>\n<meta property=\"article:publisher\" content=\"https:\/\/www.facebook.com\/infoalgerieactu\" \/>\n<meta property=\"article:published_time\" content=\"2017-10-09T07:24:52+00:00\" \/>\n<meta property=\"og:image\" content=\"https:\/\/www.info-algerie.com\/actualites\/wp-content\/uploads\/2017\/10\/4eeccc7f2a2d5e8a1efec0c19c82b882_S-1.jpg\" \/>\n\t<meta property=\"og:image:width\" content=\"280\" \/>\n\t<meta property=\"og:image:height\" content=\"169\" \/>\n\t<meta property=\"og:image:type\" content=\"image\/jpeg\" \/>\n<meta name=\"author\" content=\"La r\u00e9daction\" \/>\n<meta name=\"twitter:label1\" content=\"\u00c9crit par\" \/>\n\t<meta name=\"twitter:data1\" content=\"La r\u00e9daction\" \/>\n\t<meta name=\"twitter:label2\" content=\"Dur\u00e9e de lecture estim\u00e9e\" \/>\n\t<meta name=\"twitter:data2\" content=\"2 minutes\" \/>\n<script type=\"application\/ld+json\" class=\"yoast-schema-graph\">{\"@context\":\"https:\\\/\\\/schema.org\",\"@graph\":[{\"@type\":\"Article\",\"@id\":\"https:\\\/\\\/www.info-algerie.com\\\/actualites\\\/celebration-du-55e-anniversaire-de-la-diplomatie-algerienne\\\/#article\",\"isPartOf\":{\"@id\":\"https:\\\/\\\/www.info-algerie.com\\\/actualites\\\/celebration-du-55e-anniversaire-de-la-diplomatie-algerienne\\\/\"},\"author\":{\"name\":\"La r\u00e9daction\",\"@id\":\"https:\\\/\\\/www.info-algerie.com\\\/actualites\\\/#\\\/schema\\\/person\\\/847aaec44920825b843a08f30ec6aa1e\"},\"headline\":\"C\u00e9l\u00e9bration du 55e anniversaire de la diplomatie alg\u00e9rienne\",\"datePublished\":\"2017-10-09T07:24:52+00:00\",\"mainEntityOfPage\":{\"@id\":\"https:\\\/\\\/www.info-algerie.com\\\/actualites\\\/celebration-du-55e-anniversaire-de-la-diplomatie-algerienne\\\/\"},\"wordCount\":510,\"commentCount\":0,\"publisher\":{\"@id\":\"https:\\\/\\\/www.info-algerie.com\\\/actualites\\\/#organization\"},\"image\":{\"@id\":\"https:\\\/\\\/www.info-algerie.com\\\/actualites\\\/celebration-du-55e-anniversaire-de-la-diplomatie-algerienne\\\/#primaryimage\"},\"thumbnailUrl\":\"https:\\\/\\\/www.info-algerie.com\\\/actualites\\\/wp-content\\\/uploads\\\/2017\\\/10\\\/4eeccc7f2a2d5e8a1efec0c19c82b882_S-1.jpg\",\"keywords\":[\"ONU\"],\"articleSection\":[\"infos\"],\"inLanguage\":\"fr-FR\",\"potentialAction\":[{\"@type\":\"CommentAction\",\"name\":\"Comment\",\"target\":[\"https:\\\/\\\/www.info-algerie.com\\\/actualites\\\/celebration-du-55e-anniversaire-de-la-diplomatie-algerienne\\\/#respond\"]}]},{\"@type\":\"WebPage\",\"@id\":\"https:\\\/\\\/www.info-algerie.com\\\/actualites\\\/celebration-du-55e-anniversaire-de-la-diplomatie-algerienne\\\/\",\"url\":\"https:\\\/\\\/www.info-algerie.com\\\/actualites\\\/celebration-du-55e-anniversaire-de-la-diplomatie-algerienne\\\/\",\"name\":\"C\u00e9l\u00e9bration du 55e anniversaire de la diplomatie alg\u00e9rienne - info algerie\",\"isPartOf\":{\"@id\":\"https:\\\/\\\/www.info-algerie.com\\\/actualites\\\/#website\"},\"primaryImageOfPage\":{\"@id\":\"https:\\\/\\\/www.info-algerie.com\\\/actualites\\\/celebration-du-55e-anniversaire-de-la-diplomatie-algerienne\\\/#primaryimage\"},\"image\":{\"@id\":\"https:\\\/\\\/www.info-algerie.com\\\/actualites\\\/celebration-du-55e-anniversaire-de-la-diplomatie-algerienne\\\/#primaryimage\"},\"thumbnailUrl\":\"https:\\\/\\\/www.info-algerie.com\\\/actualites\\\/wp-content\\\/uploads\\\/2017\\\/10\\\/4eeccc7f2a2d5e8a1efec0c19c82b882_S-1.jpg\",\"datePublished\":\"2017-10-09T07:24:52+00:00\",\"breadcrumb\":{\"@id\":\"https:\\\/\\\/www.info-algerie.com\\\/actualites\\\/celebration-du-55e-anniversaire-de-la-diplomatie-algerienne\\\/#breadcrumb\"},\"inLanguage\":\"fr-FR\",\"potentialAction\":[{\"@type\":\"ReadAction\",\"target\":[\"https:\\\/\\\/www.info-algerie.com\\\/actualites\\\/celebration-du-55e-anniversaire-de-la-diplomatie-algerienne\\\/\"]}]},{\"@type\":\"ImageObject\",\"inLanguage\":\"fr-FR\",\"@id\":\"https:\\\/\\\/www.info-algerie.com\\\/actualites\\\/celebration-du-55e-anniversaire-de-la-diplomatie-algerienne\\\/#primaryimage\",\"url\":\"https:\\\/\\\/www.info-algerie.com\\\/actualites\\\/wp-content\\\/uploads\\\/2017\\\/10\\\/4eeccc7f2a2d5e8a1efec0c19c82b882_S-1.jpg\",\"contentUrl\":\"https:\\\/\\\/www.info-algerie.com\\\/actualites\\\/wp-content\\\/uploads\\\/2017\\\/10\\\/4eeccc7f2a2d5e8a1efec0c19c82b882_S-1.jpg\",\"width\":280,\"height\":169},{\"@type\":\"BreadcrumbList\",\"@id\":\"https:\\\/\\\/www.info-algerie.com\\\/actualites\\\/celebration-du-55e-anniversaire-de-la-diplomatie-algerienne\\\/#breadcrumb\",\"itemListElement\":[{\"@type\":\"ListItem\",\"position\":1,\"name\":\"Accueil\",\"item\":\"https:\\\/\\\/www.info-algerie.com\\\/actualites\\\/\"},{\"@type\":\"ListItem\",\"position\":2,\"name\":\"C\u00e9l\u00e9bration du 55e anniversaire de la diplomatie alg\u00e9rienne\"}]},{\"@type\":\"WebSite\",\"@id\":\"https:\\\/\\\/www.info-algerie.com\\\/actualites\\\/#website\",\"url\":\"https:\\\/\\\/www.info-algerie.com\\\/actualites\\\/\",\"name\":\"info algerie\",\"description\":\"Toutes les actualit\u00e9s\",\"publisher\":{\"@id\":\"https:\\\/\\\/www.info-algerie.com\\\/actualites\\\/#organization\"},\"potentialAction\":[{\"@type\":\"SearchAction\",\"target\":{\"@type\":\"EntryPoint\",\"urlTemplate\":\"https:\\\/\\\/www.info-algerie.com\\\/actualites\\\/?s={search_term_string}\"},\"query-input\":{\"@type\":\"PropertyValueSpecification\",\"valueRequired\":true,\"valueName\":\"search_term_string\"}}],\"inLanguage\":\"fr-FR\"},{\"@type\":\"Organization\",\"@id\":\"https:\\\/\\\/www.info-algerie.com\\\/actualites\\\/#organization\",\"name\":\"info algerie\",\"url\":\"https:\\\/\\\/www.info-algerie.com\\\/actualites\\\/\",\"logo\":{\"@type\":\"ImageObject\",\"inLanguage\":\"fr-FR\",\"@id\":\"https:\\\/\\\/www.info-algerie.com\\\/actualites\\\/#\\\/schema\\\/logo\\\/image\\\/\",\"url\":\"https:\\\/\\\/www.info-algerie.com\\\/actualites\\\/wp-content\\\/uploads\\\/2022\\\/07\\\/logo-ia-120.png\",\"contentUrl\":\"https:\\\/\\\/www.info-algerie.com\\\/actualites\\\/wp-content\\\/uploads\\\/2022\\\/07\\\/logo-ia-120.png\",\"width\":120,\"height\":43,\"caption\":\"info algerie\"},\"image\":{\"@id\":\"https:\\\/\\\/www.info-algerie.com\\\/actualites\\\/#\\\/schema\\\/logo\\\/image\\\/\"},\"sameAs\":[\"https:\\\/\\\/www.facebook.com\\\/infoalgerieactu\",\"https:\\\/\\\/x.com\\\/infoalgerie1\"]},{\"@type\":\"Person\",\"@id\":\"https:\\\/\\\/www.info-algerie.com\\\/actualites\\\/#\\\/schema\\\/person\\\/847aaec44920825b843a08f30ec6aa1e\",\"name\":\"La r\u00e9daction\",\"image\":{\"@type\":\"ImageObject\",\"inLanguage\":\"fr-FR\",\"@id\":\"https:\\\/\\\/secure.gravatar.com\\\/avatar\\\/769db425c6f465158149f1ffd6cf61ce7a8a879d11dfbef8288af36dfddd418c?s=96&d=mm&r=g\",\"url\":\"https:\\\/\\\/secure.gravatar.com\\\/avatar\\\/769db425c6f465158149f1ffd6cf61ce7a8a879d11dfbef8288af36dfddd418c?s=96&d=mm&r=g\",\"contentUrl\":\"https:\\\/\\\/secure.gravatar.com\\\/avatar\\\/769db425c6f465158149f1ffd6cf61ce7a8a879d11dfbef8288af36dfddd418c?s=96&d=mm&r=g\",\"caption\":\"La r\u00e9daction\"},\"sameAs\":[\"http:\\\/\\\/www.lkeria.com\\\/\"],\"url\":\"https:\\\/\\\/www.info-algerie.com\\\/actualites\\\/author\\\/chakib32\\\/\"}]}<\/script>\n<!-- \/ Yoast SEO plugin. -->","yoast_head_json":{"title":"C\u00e9l\u00e9bration du 55e anniversaire de la diplomatie alg\u00e9rienne - info algerie","robots":{"index":"index","follow":"follow","max-snippet":"max-snippet:-1","max-image-preview":"max-image-preview:large","max-video-preview":"max-video-preview:-1"},"canonical":"https:\/\/www.info-algerie.com\/actualites\/celebration-du-55e-anniversaire-de-la-diplomatie-algerienne\/","og_locale":"fr_FR","og_type":"article","og_title":"C\u00e9l\u00e9bration du 55e anniversaire de la diplomatie alg\u00e9rienne - info algerie","og_description":"ALGER &#8211; La journ\u00e9e de la diplomatie alg\u00e9rienne,\u00a0 co\u00efncidant avec le 8 octobre de chaque ann\u00e9e, a \u00e9t\u00e9 c\u00e9l\u00e9br\u00e9e dimanche au Centre International des Conf\u00e9rences (CIC) \u00e0 Alger. &#013; &#013; Une c\u00e9r\u00e9monie a \u00e9t\u00e9 organis\u00e9e \u00e0 l&rsquo;occasion du 55e anniversaire de cette journ\u00e9e, pr\u00e9sid\u00e9e par le ministre des Affaires \u00e9trang\u00e8res Abdelkader Messahel, en pr\u00e9sence du","og_url":"https:\/\/www.info-algerie.com\/actualites\/celebration-du-55e-anniversaire-de-la-diplomatie-algerienne\/","og_site_name":"info algerie","article_publisher":"https:\/\/www.facebook.com\/infoalgerieactu","article_published_time":"2017-10-09T07:24:52+00:00","og_image":[{"width":280,"height":169,"url":"https:\/\/www.info-algerie.com\/actualites\/wp-content\/uploads\/2017\/10\/4eeccc7f2a2d5e8a1efec0c19c82b882_S-1.jpg","type":"image\/jpeg"}],"author":"La r\u00e9daction","twitter_misc":{"\u00c9crit par":"La r\u00e9daction","Dur\u00e9e de lecture estim\u00e9e":"2 minutes"},"schema":{"@context":"https:\/\/schema.org","@graph":[{"@type":"Article","@id":"https:\/\/www.info-algerie.com\/actualites\/celebration-du-55e-anniversaire-de-la-diplomatie-algerienne\/#article","isPartOf":{"@id":"https:\/\/www.info-algerie.com\/actualites\/celebration-du-55e-anniversaire-de-la-diplomatie-algerienne\/"},"author":{"name":"La r\u00e9daction","@id":"https:\/\/www.info-algerie.com\/actualites\/#\/schema\/person\/847aaec44920825b843a08f30ec6aa1e"},"headline":"C\u00e9l\u00e9bration du 55e anniversaire de la diplomatie alg\u00e9rienne","datePublished":"2017-10-09T07:24:52+00:00","mainEntityOfPage":{"@id":"https:\/\/www.info-algerie.com\/actualites\/celebration-du-55e-anniversaire-de-la-diplomatie-algerienne\/"},"wordCount":510,"commentCount":0,"publisher":{"@id":"https:\/\/www.info-algerie.com\/actualites\/#organization"},"image":{"@id":"https:\/\/www.info-algerie.com\/actualites\/celebration-du-55e-anniversaire-de-la-diplomatie-algerienne\/#primaryimage"},"thumbnailUrl":"https:\/\/www.info-algerie.com\/actualites\/wp-content\/uploads\/2017\/10\/4eeccc7f2a2d5e8a1efec0c19c82b882_S-1.jpg","keywords":["ONU"],"articleSection":["infos"],"inLanguage":"fr-FR","potentialAction":[{"@type":"CommentAction","name":"Comment","target":["https:\/\/www.info-algerie.com\/actualites\/celebration-du-55e-anniversaire-de-la-diplomatie-algerienne\/#respond"]}]},{"@type":"WebPage","@id":"https:\/\/www.info-algerie.com\/actualites\/celebration-du-55e-anniversaire-de-la-diplomatie-algerienne\/","url":"https:\/\/www.info-algerie.com\/actualites\/celebration-du-55e-anniversaire-de-la-diplomatie-algerienne\/","name":"C\u00e9l\u00e9bration du 55e anniversaire de la diplomatie alg\u00e9rienne - info algerie","isPartOf":{"@id":"https:\/\/www.info-algerie.com\/actualites\/#website"},"primaryImageOfPage":{"@id":"https:\/\/www.info-algerie.com\/actualites\/celebration-du-55e-anniversaire-de-la-diplomatie-algerienne\/#primaryimage"},"image":{"@id":"https:\/\/www.info-algerie.com\/actualites\/celebration-du-55e-anniversaire-de-la-diplomatie-algerienne\/#primaryimage"},"thumbnailUrl":"https:\/\/www.info-algerie.com\/actualites\/wp-content\/uploads\/2017\/10\/4eeccc7f2a2d5e8a1efec0c19c82b882_S-1.jpg","datePublished":"2017-10-09T07:24:52+00:00","breadcrumb":{"@id":"https:\/\/www.info-algerie.com\/actualites\/celebration-du-55e-anniversaire-de-la-diplomatie-algerienne\/#breadcrumb"},"inLanguage":"fr-FR","potentialAction":[{"@type":"ReadAction","target":["https:\/\/www.info-algerie.com\/actualites\/celebration-du-55e-anniversaire-de-la-diplomatie-algerienne\/"]}]},{"@type":"ImageObject","inLanguage":"fr-FR","@id":"https:\/\/www.info-algerie.com\/actualites\/celebration-du-55e-anniversaire-de-la-diplomatie-algerienne\/#primaryimage","url":"https:\/\/www.info-algerie.com\/actualites\/wp-content\/uploads\/2017\/10\/4eeccc7f2a2d5e8a1efec0c19c82b882_S-1.jpg","contentUrl":"https:\/\/www.info-algerie.com\/actualites\/wp-content\/uploads\/2017\/10\/4eeccc7f2a2d5e8a1efec0c19c82b882_S-1.jpg","width":280,"height":169},{"@type":"BreadcrumbList","@id":"https:\/\/www.info-algerie.com\/actualites\/celebration-du-55e-anniversaire-de-la-diplomatie-algerienne\/#breadcrumb","itemListElement":[{"@type":"ListItem","position":1,"name":"Accueil","item":"https:\/\/www.info-algerie.com\/actualites\/"},{"@type":"ListItem","position":2,"name":"C\u00e9l\u00e9bration du 55e anniversaire de la diplomatie alg\u00e9rienne"}]},{"@type":"WebSite","@id":"https:\/\/www.info-algerie.com\/actualites\/#website","url":"https:\/\/www.info-algerie.com\/actualites\/","name":"info algerie","description":"Toutes les actualit\u00e9s","publisher":{"@id":"https:\/\/www.info-algerie.com\/actualites\/#organization"},"potentialAction":[{"@type":"SearchAction","target":{"@type":"EntryPoint","urlTemplate":"https:\/\/www.info-algerie.com\/actualites\/?s={search_term_string}"},"query-input":{"@type":"PropertyValueSpecification","valueRequired":true,"valueName":"search_term_string"}}],"inLanguage":"fr-FR"},{"@type":"Organization","@id":"https:\/\/www.info-algerie.com\/actualites\/#organization","name":"info algerie","url":"https:\/\/www.info-algerie.com\/actualites\/","logo":{"@type":"ImageObject","inLanguage":"fr-FR","@id":"https:\/\/www.info-algerie.com\/actualites\/#\/schema\/logo\/image\/","url":"https:\/\/www.info-algerie.com\/actualites\/wp-content\/uploads\/2022\/07\/logo-ia-120.png","contentUrl":"https:\/\/www.info-algerie.com\/actualites\/wp-content\/uploads\/2022\/07\/logo-ia-120.png","width":120,"height":43,"caption":"info algerie"},"image":{"@id":"https:\/\/www.info-algerie.com\/actualites\/#\/schema\/logo\/image\/"},"sameAs":["https:\/\/www.facebook.com\/infoalgerieactu","https:\/\/x.com\/infoalgerie1"]},{"@type":"Person","@id":"https:\/\/www.info-algerie.com\/actualites\/#\/schema\/person\/847aaec44920825b843a08f30ec6aa1e","name":"La r\u00e9daction","image":{"@type":"ImageObject","inLanguage":"fr-FR","@id":"https:\/\/secure.gravatar.com\/avatar\/769db425c6f465158149f1ffd6cf61ce7a8a879d11dfbef8288af36dfddd418c?s=96&d=mm&r=g","url":"https:\/\/secure.gravatar.com\/avatar\/769db425c6f465158149f1ffd6cf61ce7a8a879d11dfbef8288af36dfddd418c?s=96&d=mm&r=g","contentUrl":"https:\/\/secure.gravatar.com\/avatar\/769db425c6f465158149f1ffd6cf61ce7a8a879d11dfbef8288af36dfddd418c?s=96&d=mm&r=g","caption":"La r\u00e9daction"},"sameAs":["http:\/\/www.lkeria.com\/"],"url":"https:\/\/www.info-algerie.com\/actualites\/author\/chakib32\/"}]}},"_links":{"self":[{"href":"https:\/\/www.info-algerie.com\/actualites\/wp-json\/wp\/v2\/posts\/16693","targetHints":{"allow":["GET"]}}],"collection":[{"href":"https:\/\/www.info-algerie.com\/actualites\/wp-json\/wp\/v2\/posts"}],"about":[{"href":"https:\/\/www.info-algerie.com\/actualites\/wp-json\/wp\/v2\/types\/post"}],"author":[{"embeddable":true,"href":"https:\/\/www.info-algerie.com\/actualites\/wp-json\/wp\/v2\/users\/6"}],"replies":[{"embeddable":true,"href":"https:\/\/www.info-algerie.com\/actualites\/wp-json\/wp\/v2\/comments?post=16693"}],"version-history":[{"count":0,"href":"https:\/\/www.info-algerie.com\/actualites\/wp-json\/wp\/v2\/posts\/16693\/revisions"}],"wp:featuredmedia":[{"embeddable":true,"href":"https:\/\/www.info-algerie.com\/actualites\/wp-json\/wp\/v2\/media\/16694"}],"wp:attachment":[{"href":"https:\/\/www.info-algerie.com\/actualites\/wp-json\/wp\/v2\/media?parent=16693"}],"wp:term":[{"taxonomy":"category","embeddable":true,"href":"https:\/\/www.info-algerie.com\/actualites\/wp-json\/wp\/v2\/categories?post=16693"},{"taxonomy":"post_tag","embeddable":true,"href":"https:\/\/www.info-algerie.com\/actualites\/wp-json\/wp\/v2\/tags?post=16693"}],"curies":[{"name":"wp","href":"https:\/\/api.w.org\/{rel}","templated":true}]}}