{"id":16699,"date":"2017-10-09T08:52:13","date_gmt":"2017-10-09T07:52:13","guid":{"rendered":"http:\/\/www.info-algerie.com\/actualites\/la-visite-de-medvedev-en-algerie-une-nouvelle-etape-dans-lelargissement-des-relations\/"},"modified":"2017-10-09T08:52:13","modified_gmt":"2017-10-09T07:52:13","slug":"la-visite-de-medvedev-en-algerie-une-nouvelle-etape-dans-lelargissement-des-relations","status":"publish","type":"post","link":"https:\/\/www.info-algerie.com\/actualites\/la-visite-de-medvedev-en-algerie-une-nouvelle-etape-dans-lelargissement-des-relations\/","title":{"rendered":"La visite de Medvedev en Alg\u00e9rie, &quot;une nouvelle \u00e9tape&quot; dans l&#039;\u00e9largissement des relations"},"content":{"rendered":"<div class=\"K2FeedImage\"><img decoding=\"async\" src=\"https:\/\/www.info-algerie.com\/actualites\/wp-content\/uploads\/2017\/10\/c80823c14b65e8b43afb6b6966fce869_S.jpg\" \/><\/div>\n<div class=\"K2FeedIntroText\">\n<p>ALGER- Le ministre des Affaires \u00e9trang\u00e8res, Abdelkader\u00a0Messahel, a affirm\u00e9 dimanche \u00e0 Alger, que la visite du Premier ministre de la F\u00e9d\u00e9ration de Russie, Dmitri Medvedev en Alg\u00e9rie, \u00e0 compter de mardi,\u00a0 inaugurera \u00ab\u00a0une nouvelle \u00e9tape dans l&rsquo;\u00e9largissement des relations\u00a0 distingu\u00e9es entre les deux pays\u00a0\u00bb.\u00a0\u00a0<\/p>\n<p>&#013;\n<\/p><\/div>\n<div class=\"K2FeedFullText\">&#013;<\/p>\n<p>S&rsquo;exprimant en marge de la<a href=\"http:\/\/www.aps.dz\/algerie\/63725-celebration-du-55e-anniversaire-de-la-diplomatie-algerienne\" target=\"_blank\"> c\u00e9l\u00e9bration de la journ\u00e9e de la diplomatie alg\u00e9rienne<\/a> organis\u00e9e au Centre international des conf\u00e9rences (CIC &#8211; Club\u00a0 des pins), M. Messahel a d\u00e9clar\u00e9 que la <a href=\"http:\/\/www.aps.dz\/algerie\/63707-le-president-du-gouvernement-russe-en-visite-officielle-en-algerie-a-compter-de-lundi\">visite de M. Medvedev<\/a> \u00ab\u00a0inaugurera\u00a0 une nouvelle \u00e9tape dans l&rsquo;\u00e9largissement et l&rsquo;approfondissement des\u00a0 relations distingu\u00e9es entre l&rsquo;Alg\u00e9rie et la F\u00e9d\u00e9ration de Russie\u00a0\u00bb.<\/p>\n<p>&#013;<\/p>\n<p>Il a soulign\u00e9 \u00e0 ce propos la volont\u00e9 des deux pays \u00e0 \u00ab\u00a0\u00e9largir la\u00a0 coop\u00e9ration bilat\u00e9rale existante dans les domaines politique et\u00a0s\u00e9curitaire, au domaine \u00e9conomique, notamment, l&rsquo;agriculture, le commerce, l&rsquo;\u00e9nergie et autres domaines\u00a0\u00bb.\u00a0<\/p>\n<p>&#013;<\/p>\n<hr \/>\n<p>\u00a0 \u00a0 \u00a0 Lire aussi:<a href=\"http:\/\/www.aps.dz\/algerie\/63722-l-algerie-et-la-russie-ont-les-possibilites-de-developper-un-partenariat-mutuellement-avantageux\">\u00a0L&rsquo;Alg\u00e9rie et la Russie ont \u00ab\u00a0les possibilit\u00e9s\u00a0\u00bb de d\u00e9velopper \u00ab\u00a0un partenariat mutuellement avantageux\u00a0\u00bb<\/a><\/p>\n<p>&#013;<\/p>\n<hr \/>\n<div>&#013;<\/p>\n<p>Au cours de sa visite, le responsable russe \u00ab\u00a0tiendra des rencontres avec\u00a0 des responsables de l&rsquo;Etat, en plus de la signature d&rsquo;accords pour le\u00a0renforcement des relations distingu\u00e9es qui lient les deux pays\u00a0\u00bb, a ajout\u00e9\u00a0M. Messahel.<\/p>\n<p>&#013;\n<\/p><\/div>\n<p>&#013;<\/p>\n<p>En outre, il sera \u00e9galement proc\u00e9d\u00e9, lors cette visite qui entre dans le\u00a0 cadre de \u00ab\u00a0concertation permanente entre les deux pays\u00a0\u00bb, \u00e0 l&rsquo;examen de\u00a0questions d&rsquo;int\u00e9r\u00eat commun, \u00e0 l&rsquo;instar des \u00ab\u00a0conflits dans la r\u00e9gion ou au\u00a0 Proche-Orient \u00e0 travers l&rsquo;examen de la situation en Syrie, en Irak et au\u00a0Y\u00e9men\u00a0\u00bb, a fait savoir le ministre des Affaires \u00e9trang\u00e8res.<\/p>\n<p>&#013;<\/p>\n<p>A noter que la visite du Premier ministre de la F\u00e9d\u00e9ration de Russie,\u00a0Dmitri Medvedev, en Alg\u00e9rie durera deux jours, et ce, \u00e0 l&rsquo;invitation du\u00a0Premier ministre, Ahmed Ouyahia.\u00a0\u00a0<\/p>\n<p>&#013;<\/p>\n<p>Cette visite qui intervient apr\u00e8s la tenue, en septembre dernier, de la 8e Commission mixte pour la coop\u00e9ration, sera une occasion pour les deux pays\u00a0 d&rsquo;approfondir et de consolider leur dialogue strat\u00e9gique et leur\u00a0 coop\u00e9ration multiforme qui reposent sur la d\u00e9claration de partenariat\u00a0 conclue \u00e0 Moscou en avril 2001, sous la supervision du pr\u00e9sident de la\u00a0 R\u00e9publique, Abdelaziz Bouteflika et son homologue russe, Vladimir Poutine.\u00a0\u00a0<\/p>\n<\/div>\n<p>&#013;<br \/>\nSource: <a href=\"http:\/\/www.aps.dz\/algerie\/63727-la-visite-du-premier-ministre-russe-en-algerie-une-nouvelle-etape-dans-l-elargissement-des-relations\" target=\"_blank\">La visite de Medvedev en Alg\u00e9rie, \u00ab\u00a0une nouvelle \u00e9tape\u00a0\u00bb dans l&rsquo;\u00e9largissement des relations<\/a><\/p>\n<!--CusAds0-->\n<div style=\"font-size: 0px; height: 0px; line-height: 0px; margin: 0; padding: 0; clear: both;\"><\/div>","protected":false},"excerpt":{"rendered":"<p>ALGER- Le ministre des Affaires \u00e9trang\u00e8res, Abdelkader\u00a0Messahel, a affirm\u00e9 dimanche \u00e0 Alger, que la visite du Premier ministre de la F\u00e9d\u00e9ration de Russie, Dmitri Medvedev en Alg\u00e9rie, \u00e0 compter de mardi,\u00a0 inaugurera \u00ab\u00a0une nouvelle \u00e9tape dans l&rsquo;\u00e9largissement des relations\u00a0 distingu\u00e9es entre les deux pays\u00a0\u00bb.\u00a0\u00a0 &#013; &#013; S&rsquo;exprimant en marge de la c\u00e9l\u00e9bration de la journ\u00e9e<\/p>\n","protected":false},"author":6,"featured_media":16700,"comment_status":"open","ping_status":"open","sticky":false,"template":"","format":"standard","meta":{"footnotes":""},"categories":[22],"tags":[93],"class_list":["post-16699","post","type-post","status-publish","format-standard","has-post-thumbnail","hentry","category-infos","tag-onu"],"yoast_head":"<!-- This site is optimized with the Yoast SEO plugin v27.5 - https:\/\/yoast.com\/product\/yoast-seo-wordpress\/ -->\n<title>La visite de Medvedev en Alg\u00e9rie, &quot;une nouvelle \u00e9tape&quot; dans l&#039;\u00e9largissement des relations - info algerie<\/title>\n<meta name=\"robots\" content=\"index, follow, max-snippet:-1, max-image-preview:large, max-video-preview:-1\" \/>\n<link rel=\"canonical\" href=\"https:\/\/www.info-algerie.com\/actualites\/la-visite-de-medvedev-en-algerie-une-nouvelle-etape-dans-lelargissement-des-relations\/\" \/>\n<meta property=\"og:locale\" content=\"fr_FR\" \/>\n<meta property=\"og:type\" content=\"article\" \/>\n<meta property=\"og:title\" content=\"La visite de Medvedev en Alg\u00e9rie, &quot;une nouvelle \u00e9tape&quot; dans l&#039;\u00e9largissement des relations - info algerie\" \/>\n<meta property=\"og:description\" content=\"ALGER- Le ministre des Affaires \u00e9trang\u00e8res, Abdelkader\u00a0Messahel, a affirm\u00e9 dimanche \u00e0 Alger, que la visite du Premier ministre de la F\u00e9d\u00e9ration de Russie, Dmitri Medvedev en Alg\u00e9rie, \u00e0 compter de mardi,\u00a0 inaugurera \u00ab\u00a0une nouvelle \u00e9tape dans l&rsquo;\u00e9largissement des relations\u00a0 distingu\u00e9es entre les deux pays\u00a0\u00bb.\u00a0\u00a0 &#013; &#013; S&rsquo;exprimant en marge de la c\u00e9l\u00e9bration de la journ\u00e9e\" \/>\n<meta property=\"og:url\" content=\"https:\/\/www.info-algerie.com\/actualites\/la-visite-de-medvedev-en-algerie-une-nouvelle-etape-dans-lelargissement-des-relations\/\" \/>\n<meta property=\"og:site_name\" content=\"info algerie\" \/>\n<meta property=\"article:publisher\" content=\"https:\/\/www.facebook.com\/infoalgerieactu\" \/>\n<meta property=\"article:published_time\" content=\"2017-10-09T07:52:13+00:00\" \/>\n<meta property=\"og:image\" content=\"https:\/\/www.info-algerie.com\/actualites\/wp-content\/uploads\/2017\/10\/c80823c14b65e8b43afb6b6966fce869_S-1.jpg\" \/>\n\t<meta property=\"og:image:width\" content=\"280\" \/>\n\t<meta property=\"og:image:height\" content=\"193\" \/>\n\t<meta property=\"og:image:type\" content=\"image\/jpeg\" \/>\n<meta name=\"author\" content=\"La r\u00e9daction\" \/>\n<meta name=\"twitter:label1\" content=\"\u00c9crit par\" \/>\n\t<meta name=\"twitter:data1\" content=\"La r\u00e9daction\" \/>\n\t<meta name=\"twitter:label2\" content=\"Dur\u00e9e de lecture estim\u00e9e\" \/>\n\t<meta name=\"twitter:data2\" content=\"2 minutes\" \/>\n<script type=\"application\/ld+json\" class=\"yoast-schema-graph\">{\"@context\":\"https:\\\/\\\/schema.org\",\"@graph\":[{\"@type\":\"Article\",\"@id\":\"https:\\\/\\\/www.info-algerie.com\\\/actualites\\\/la-visite-de-medvedev-en-algerie-une-nouvelle-etape-dans-lelargissement-des-relations\\\/#article\",\"isPartOf\":{\"@id\":\"https:\\\/\\\/www.info-algerie.com\\\/actualites\\\/la-visite-de-medvedev-en-algerie-une-nouvelle-etape-dans-lelargissement-des-relations\\\/\"},\"author\":{\"name\":\"La r\u00e9daction\",\"@id\":\"https:\\\/\\\/www.info-algerie.com\\\/actualites\\\/#\\\/schema\\\/person\\\/847aaec44920825b843a08f30ec6aa1e\"},\"headline\":\"La visite de Medvedev en Alg\u00e9rie, &quot;une nouvelle \u00e9tape&quot; dans l&#039;\u00e9largissement des relations\",\"datePublished\":\"2017-10-09T07:52:13+00:00\",\"mainEntityOfPage\":{\"@id\":\"https:\\\/\\\/www.info-algerie.com\\\/actualites\\\/la-visite-de-medvedev-en-algerie-une-nouvelle-etape-dans-lelargissement-des-relations\\\/\"},\"wordCount\":413,\"commentCount\":0,\"publisher\":{\"@id\":\"https:\\\/\\\/www.info-algerie.com\\\/actualites\\\/#organization\"},\"image\":{\"@id\":\"https:\\\/\\\/www.info-algerie.com\\\/actualites\\\/la-visite-de-medvedev-en-algerie-une-nouvelle-etape-dans-lelargissement-des-relations\\\/#primaryimage\"},\"thumbnailUrl\":\"https:\\\/\\\/www.info-algerie.com\\\/actualites\\\/wp-content\\\/uploads\\\/2017\\\/10\\\/c80823c14b65e8b43afb6b6966fce869_S-1.jpg\",\"keywords\":[\"ONU\"],\"articleSection\":[\"infos\"],\"inLanguage\":\"fr-FR\",\"potentialAction\":[{\"@type\":\"CommentAction\",\"name\":\"Comment\",\"target\":[\"https:\\\/\\\/www.info-algerie.com\\\/actualites\\\/la-visite-de-medvedev-en-algerie-une-nouvelle-etape-dans-lelargissement-des-relations\\\/#respond\"]}]},{\"@type\":\"WebPage\",\"@id\":\"https:\\\/\\\/www.info-algerie.com\\\/actualites\\\/la-visite-de-medvedev-en-algerie-une-nouvelle-etape-dans-lelargissement-des-relations\\\/\",\"url\":\"https:\\\/\\\/www.info-algerie.com\\\/actualites\\\/la-visite-de-medvedev-en-algerie-une-nouvelle-etape-dans-lelargissement-des-relations\\\/\",\"name\":\"La visite de Medvedev en Alg\u00e9rie, &quot;une nouvelle \u00e9tape&quot; dans l&#039;\u00e9largissement des relations - info algerie\",\"isPartOf\":{\"@id\":\"https:\\\/\\\/www.info-algerie.com\\\/actualites\\\/#website\"},\"primaryImageOfPage\":{\"@id\":\"https:\\\/\\\/www.info-algerie.com\\\/actualites\\\/la-visite-de-medvedev-en-algerie-une-nouvelle-etape-dans-lelargissement-des-relations\\\/#primaryimage\"},\"image\":{\"@id\":\"https:\\\/\\\/www.info-algerie.com\\\/actualites\\\/la-visite-de-medvedev-en-algerie-une-nouvelle-etape-dans-lelargissement-des-relations\\\/#primaryimage\"},\"thumbnailUrl\":\"https:\\\/\\\/www.info-algerie.com\\\/actualites\\\/wp-content\\\/uploads\\\/2017\\\/10\\\/c80823c14b65e8b43afb6b6966fce869_S-1.jpg\",\"datePublished\":\"2017-10-09T07:52:13+00:00\",\"breadcrumb\":{\"@id\":\"https:\\\/\\\/www.info-algerie.com\\\/actualites\\\/la-visite-de-medvedev-en-algerie-une-nouvelle-etape-dans-lelargissement-des-relations\\\/#breadcrumb\"},\"inLanguage\":\"fr-FR\",\"potentialAction\":[{\"@type\":\"ReadAction\",\"target\":[\"https:\\\/\\\/www.info-algerie.com\\\/actualites\\\/la-visite-de-medvedev-en-algerie-une-nouvelle-etape-dans-lelargissement-des-relations\\\/\"]}]},{\"@type\":\"ImageObject\",\"inLanguage\":\"fr-FR\",\"@id\":\"https:\\\/\\\/www.info-algerie.com\\\/actualites\\\/la-visite-de-medvedev-en-algerie-une-nouvelle-etape-dans-lelargissement-des-relations\\\/#primaryimage\",\"url\":\"https:\\\/\\\/www.info-algerie.com\\\/actualites\\\/wp-content\\\/uploads\\\/2017\\\/10\\\/c80823c14b65e8b43afb6b6966fce869_S-1.jpg\",\"contentUrl\":\"https:\\\/\\\/www.info-algerie.com\\\/actualites\\\/wp-content\\\/uploads\\\/2017\\\/10\\\/c80823c14b65e8b43afb6b6966fce869_S-1.jpg\",\"width\":280,\"height\":193},{\"@type\":\"BreadcrumbList\",\"@id\":\"https:\\\/\\\/www.info-algerie.com\\\/actualites\\\/la-visite-de-medvedev-en-algerie-une-nouvelle-etape-dans-lelargissement-des-relations\\\/#breadcrumb\",\"itemListElement\":[{\"@type\":\"ListItem\",\"position\":1,\"name\":\"Accueil\",\"item\":\"https:\\\/\\\/www.info-algerie.com\\\/actualites\\\/\"},{\"@type\":\"ListItem\",\"position\":2,\"name\":\"La visite de Medvedev en Alg\u00e9rie, &quot;une nouvelle \u00e9tape&quot; dans l&#039;\u00e9largissement des relations\"}]},{\"@type\":\"WebSite\",\"@id\":\"https:\\\/\\\/www.info-algerie.com\\\/actualites\\\/#website\",\"url\":\"https:\\\/\\\/www.info-algerie.com\\\/actualites\\\/\",\"name\":\"info algerie\",\"description\":\"Toutes les actualit\u00e9s\",\"publisher\":{\"@id\":\"https:\\\/\\\/www.info-algerie.com\\\/actualites\\\/#organization\"},\"potentialAction\":[{\"@type\":\"SearchAction\",\"target\":{\"@type\":\"EntryPoint\",\"urlTemplate\":\"https:\\\/\\\/www.info-algerie.com\\\/actualites\\\/?s={search_term_string}\"},\"query-input\":{\"@type\":\"PropertyValueSpecification\",\"valueRequired\":true,\"valueName\":\"search_term_string\"}}],\"inLanguage\":\"fr-FR\"},{\"@type\":\"Organization\",\"@id\":\"https:\\\/\\\/www.info-algerie.com\\\/actualites\\\/#organization\",\"name\":\"info algerie\",\"url\":\"https:\\\/\\\/www.info-algerie.com\\\/actualites\\\/\",\"logo\":{\"@type\":\"ImageObject\",\"inLanguage\":\"fr-FR\",\"@id\":\"https:\\\/\\\/www.info-algerie.com\\\/actualites\\\/#\\\/schema\\\/logo\\\/image\\\/\",\"url\":\"https:\\\/\\\/www.info-algerie.com\\\/actualites\\\/wp-content\\\/uploads\\\/2022\\\/07\\\/logo-ia-120.png\",\"contentUrl\":\"https:\\\/\\\/www.info-algerie.com\\\/actualites\\\/wp-content\\\/uploads\\\/2022\\\/07\\\/logo-ia-120.png\",\"width\":120,\"height\":43,\"caption\":\"info algerie\"},\"image\":{\"@id\":\"https:\\\/\\\/www.info-algerie.com\\\/actualites\\\/#\\\/schema\\\/logo\\\/image\\\/\"},\"sameAs\":[\"https:\\\/\\\/www.facebook.com\\\/infoalgerieactu\",\"https:\\\/\\\/x.com\\\/infoalgerie1\"]},{\"@type\":\"Person\",\"@id\":\"https:\\\/\\\/www.info-algerie.com\\\/actualites\\\/#\\\/schema\\\/person\\\/847aaec44920825b843a08f30ec6aa1e\",\"name\":\"La r\u00e9daction\",\"image\":{\"@type\":\"ImageObject\",\"inLanguage\":\"fr-FR\",\"@id\":\"https:\\\/\\\/secure.gravatar.com\\\/avatar\\\/769db425c6f465158149f1ffd6cf61ce7a8a879d11dfbef8288af36dfddd418c?s=96&d=mm&r=g\",\"url\":\"https:\\\/\\\/secure.gravatar.com\\\/avatar\\\/769db425c6f465158149f1ffd6cf61ce7a8a879d11dfbef8288af36dfddd418c?s=96&d=mm&r=g\",\"contentUrl\":\"https:\\\/\\\/secure.gravatar.com\\\/avatar\\\/769db425c6f465158149f1ffd6cf61ce7a8a879d11dfbef8288af36dfddd418c?s=96&d=mm&r=g\",\"caption\":\"La r\u00e9daction\"},\"sameAs\":[\"http:\\\/\\\/www.lkeria.com\\\/\"],\"url\":\"https:\\\/\\\/www.info-algerie.com\\\/actualites\\\/author\\\/chakib32\\\/\"}]}<\/script>\n<!-- \/ Yoast SEO plugin. -->","yoast_head_json":{"title":"La visite de Medvedev en Alg\u00e9rie, &quot;une nouvelle \u00e9tape&quot; dans l&#039;\u00e9largissement des relations - info algerie","robots":{"index":"index","follow":"follow","max-snippet":"max-snippet:-1","max-image-preview":"max-image-preview:large","max-video-preview":"max-video-preview:-1"},"canonical":"https:\/\/www.info-algerie.com\/actualites\/la-visite-de-medvedev-en-algerie-une-nouvelle-etape-dans-lelargissement-des-relations\/","og_locale":"fr_FR","og_type":"article","og_title":"La visite de Medvedev en Alg\u00e9rie, &quot;une nouvelle \u00e9tape&quot; dans l&#039;\u00e9largissement des relations - info algerie","og_description":"ALGER- Le ministre des Affaires \u00e9trang\u00e8res, Abdelkader\u00a0Messahel, a affirm\u00e9 dimanche \u00e0 Alger, que la visite du Premier ministre de la F\u00e9d\u00e9ration de Russie, Dmitri Medvedev en Alg\u00e9rie, \u00e0 compter de mardi,\u00a0 inaugurera \u00ab\u00a0une nouvelle \u00e9tape dans l&rsquo;\u00e9largissement des relations\u00a0 distingu\u00e9es entre les deux pays\u00a0\u00bb.\u00a0\u00a0 &#013; &#013; S&rsquo;exprimant en marge de la c\u00e9l\u00e9bration de la journ\u00e9e","og_url":"https:\/\/www.info-algerie.com\/actualites\/la-visite-de-medvedev-en-algerie-une-nouvelle-etape-dans-lelargissement-des-relations\/","og_site_name":"info algerie","article_publisher":"https:\/\/www.facebook.com\/infoalgerieactu","article_published_time":"2017-10-09T07:52:13+00:00","og_image":[{"width":280,"height":193,"url":"https:\/\/www.info-algerie.com\/actualites\/wp-content\/uploads\/2017\/10\/c80823c14b65e8b43afb6b6966fce869_S-1.jpg","type":"image\/jpeg"}],"author":"La r\u00e9daction","twitter_misc":{"\u00c9crit par":"La r\u00e9daction","Dur\u00e9e de lecture estim\u00e9e":"2 minutes"},"schema":{"@context":"https:\/\/schema.org","@graph":[{"@type":"Article","@id":"https:\/\/www.info-algerie.com\/actualites\/la-visite-de-medvedev-en-algerie-une-nouvelle-etape-dans-lelargissement-des-relations\/#article","isPartOf":{"@id":"https:\/\/www.info-algerie.com\/actualites\/la-visite-de-medvedev-en-algerie-une-nouvelle-etape-dans-lelargissement-des-relations\/"},"author":{"name":"La r\u00e9daction","@id":"https:\/\/www.info-algerie.com\/actualites\/#\/schema\/person\/847aaec44920825b843a08f30ec6aa1e"},"headline":"La visite de Medvedev en Alg\u00e9rie, &quot;une nouvelle \u00e9tape&quot; dans l&#039;\u00e9largissement des relations","datePublished":"2017-10-09T07:52:13+00:00","mainEntityOfPage":{"@id":"https:\/\/www.info-algerie.com\/actualites\/la-visite-de-medvedev-en-algerie-une-nouvelle-etape-dans-lelargissement-des-relations\/"},"wordCount":413,"commentCount":0,"publisher":{"@id":"https:\/\/www.info-algerie.com\/actualites\/#organization"},"image":{"@id":"https:\/\/www.info-algerie.com\/actualites\/la-visite-de-medvedev-en-algerie-une-nouvelle-etape-dans-lelargissement-des-relations\/#primaryimage"},"thumbnailUrl":"https:\/\/www.info-algerie.com\/actualites\/wp-content\/uploads\/2017\/10\/c80823c14b65e8b43afb6b6966fce869_S-1.jpg","keywords":["ONU"],"articleSection":["infos"],"inLanguage":"fr-FR","potentialAction":[{"@type":"CommentAction","name":"Comment","target":["https:\/\/www.info-algerie.com\/actualites\/la-visite-de-medvedev-en-algerie-une-nouvelle-etape-dans-lelargissement-des-relations\/#respond"]}]},{"@type":"WebPage","@id":"https:\/\/www.info-algerie.com\/actualites\/la-visite-de-medvedev-en-algerie-une-nouvelle-etape-dans-lelargissement-des-relations\/","url":"https:\/\/www.info-algerie.com\/actualites\/la-visite-de-medvedev-en-algerie-une-nouvelle-etape-dans-lelargissement-des-relations\/","name":"La visite de Medvedev en Alg\u00e9rie, &quot;une nouvelle \u00e9tape&quot; dans l&#039;\u00e9largissement des relations - info algerie","isPartOf":{"@id":"https:\/\/www.info-algerie.com\/actualites\/#website"},"primaryImageOfPage":{"@id":"https:\/\/www.info-algerie.com\/actualites\/la-visite-de-medvedev-en-algerie-une-nouvelle-etape-dans-lelargissement-des-relations\/#primaryimage"},"image":{"@id":"https:\/\/www.info-algerie.com\/actualites\/la-visite-de-medvedev-en-algerie-une-nouvelle-etape-dans-lelargissement-des-relations\/#primaryimage"},"thumbnailUrl":"https:\/\/www.info-algerie.com\/actualites\/wp-content\/uploads\/2017\/10\/c80823c14b65e8b43afb6b6966fce869_S-1.jpg","datePublished":"2017-10-09T07:52:13+00:00","breadcrumb":{"@id":"https:\/\/www.info-algerie.com\/actualites\/la-visite-de-medvedev-en-algerie-une-nouvelle-etape-dans-lelargissement-des-relations\/#breadcrumb"},"inLanguage":"fr-FR","potentialAction":[{"@type":"ReadAction","target":["https:\/\/www.info-algerie.com\/actualites\/la-visite-de-medvedev-en-algerie-une-nouvelle-etape-dans-lelargissement-des-relations\/"]}]},{"@type":"ImageObject","inLanguage":"fr-FR","@id":"https:\/\/www.info-algerie.com\/actualites\/la-visite-de-medvedev-en-algerie-une-nouvelle-etape-dans-lelargissement-des-relations\/#primaryimage","url":"https:\/\/www.info-algerie.com\/actualites\/wp-content\/uploads\/2017\/10\/c80823c14b65e8b43afb6b6966fce869_S-1.jpg","contentUrl":"https:\/\/www.info-algerie.com\/actualites\/wp-content\/uploads\/2017\/10\/c80823c14b65e8b43afb6b6966fce869_S-1.jpg","width":280,"height":193},{"@type":"BreadcrumbList","@id":"https:\/\/www.info-algerie.com\/actualites\/la-visite-de-medvedev-en-algerie-une-nouvelle-etape-dans-lelargissement-des-relations\/#breadcrumb","itemListElement":[{"@type":"ListItem","position":1,"name":"Accueil","item":"https:\/\/www.info-algerie.com\/actualites\/"},{"@type":"ListItem","position":2,"name":"La visite de Medvedev en Alg\u00e9rie, &quot;une nouvelle \u00e9tape&quot; dans l&#039;\u00e9largissement des relations"}]},{"@type":"WebSite","@id":"https:\/\/www.info-algerie.com\/actualites\/#website","url":"https:\/\/www.info-algerie.com\/actualites\/","name":"info algerie","description":"Toutes les actualit\u00e9s","publisher":{"@id":"https:\/\/www.info-algerie.com\/actualites\/#organization"},"potentialAction":[{"@type":"SearchAction","target":{"@type":"EntryPoint","urlTemplate":"https:\/\/www.info-algerie.com\/actualites\/?s={search_term_string}"},"query-input":{"@type":"PropertyValueSpecification","valueRequired":true,"valueName":"search_term_string"}}],"inLanguage":"fr-FR"},{"@type":"Organization","@id":"https:\/\/www.info-algerie.com\/actualites\/#organization","name":"info algerie","url":"https:\/\/www.info-algerie.com\/actualites\/","logo":{"@type":"ImageObject","inLanguage":"fr-FR","@id":"https:\/\/www.info-algerie.com\/actualites\/#\/schema\/logo\/image\/","url":"https:\/\/www.info-algerie.com\/actualites\/wp-content\/uploads\/2022\/07\/logo-ia-120.png","contentUrl":"https:\/\/www.info-algerie.com\/actualites\/wp-content\/uploads\/2022\/07\/logo-ia-120.png","width":120,"height":43,"caption":"info algerie"},"image":{"@id":"https:\/\/www.info-algerie.com\/actualites\/#\/schema\/logo\/image\/"},"sameAs":["https:\/\/www.facebook.com\/infoalgerieactu","https:\/\/x.com\/infoalgerie1"]},{"@type":"Person","@id":"https:\/\/www.info-algerie.com\/actualites\/#\/schema\/person\/847aaec44920825b843a08f30ec6aa1e","name":"La r\u00e9daction","image":{"@type":"ImageObject","inLanguage":"fr-FR","@id":"https:\/\/secure.gravatar.com\/avatar\/769db425c6f465158149f1ffd6cf61ce7a8a879d11dfbef8288af36dfddd418c?s=96&d=mm&r=g","url":"https:\/\/secure.gravatar.com\/avatar\/769db425c6f465158149f1ffd6cf61ce7a8a879d11dfbef8288af36dfddd418c?s=96&d=mm&r=g","contentUrl":"https:\/\/secure.gravatar.com\/avatar\/769db425c6f465158149f1ffd6cf61ce7a8a879d11dfbef8288af36dfddd418c?s=96&d=mm&r=g","caption":"La r\u00e9daction"},"sameAs":["http:\/\/www.lkeria.com\/"],"url":"https:\/\/www.info-algerie.com\/actualites\/author\/chakib32\/"}]}},"_links":{"self":[{"href":"https:\/\/www.info-algerie.com\/actualites\/wp-json\/wp\/v2\/posts\/16699","targetHints":{"allow":["GET"]}}],"collection":[{"href":"https:\/\/www.info-algerie.com\/actualites\/wp-json\/wp\/v2\/posts"}],"about":[{"href":"https:\/\/www.info-algerie.com\/actualites\/wp-json\/wp\/v2\/types\/post"}],"author":[{"embeddable":true,"href":"https:\/\/www.info-algerie.com\/actualites\/wp-json\/wp\/v2\/users\/6"}],"replies":[{"embeddable":true,"href":"https:\/\/www.info-algerie.com\/actualites\/wp-json\/wp\/v2\/comments?post=16699"}],"version-history":[{"count":0,"href":"https:\/\/www.info-algerie.com\/actualites\/wp-json\/wp\/v2\/posts\/16699\/revisions"}],"wp:featuredmedia":[{"embeddable":true,"href":"https:\/\/www.info-algerie.com\/actualites\/wp-json\/wp\/v2\/media\/16700"}],"wp:attachment":[{"href":"https:\/\/www.info-algerie.com\/actualites\/wp-json\/wp\/v2\/media?parent=16699"}],"wp:term":[{"taxonomy":"category","embeddable":true,"href":"https:\/\/www.info-algerie.com\/actualites\/wp-json\/wp\/v2\/categories?post=16699"},{"taxonomy":"post_tag","embeddable":true,"href":"https:\/\/www.info-algerie.com\/actualites\/wp-json\/wp\/v2\/tags?post=16699"}],"curies":[{"name":"wp","href":"https:\/\/api.w.org\/{rel}","templated":true}]}}