{"id":16710,"date":"2017-10-09T12:53:52","date_gmt":"2017-10-09T11:53:52","guid":{"rendered":"http:\/\/www.info-algerie.com\/actualites\/larpe-mise-en-place-avant-fin-2017-kaouane\/"},"modified":"2017-10-09T12:53:52","modified_gmt":"2017-10-09T11:53:52","slug":"larpe-mise-en-place-avant-fin-2017-kaouane","status":"publish","type":"post","link":"https:\/\/www.info-algerie.com\/actualites\/larpe-mise-en-place-avant-fin-2017-kaouane\/","title":{"rendered":"L\u2019ARPE mise en place avant fin 2017 (Kaouane)\u00a0\u00a0\u00a0"},"content":{"rendered":"<div class=\"K2FeedImage\"><img decoding=\"async\" src=\"https:\/\/www.info-algerie.com\/actualites\/wp-content\/uploads\/2017\/10\/50bcdbb30f7a9fb1eeccfe20ba61b8c1_S.jpg\" alt=\"L&#x2019;ARPE mise en place avant fin 2017 (Kaouane)&#xA0;&#xA0;&#xA0;\" \/><\/div>\n<div class=\"K2FeedIntroText\">\n<p><strong>ALGER- Le minist\u00e8re de la Communication oeuvrera avec la corporation des journalistes pour la mise en place de l\u2019Autorit\u00e9 de r\u00e9gulation de la presse \u00e9crite (ARPE) avant la fin de l&rsquo;ann\u00e9e en cours, a assur\u00e9 lundi le ministre du secteur, Djamel Kaouane.<\/strong><\/p>\n<p>&#013;\n<\/p><\/div>\n<div class=\"K2FeedFullText\">&#013;<\/p>\n<p>\u00ab\u00a0Ce qui est certain, c\u2019est que<strong><a href=\"http:\/\/www.aps.dz\/ARPE: M. Kaouane engage la concertation avec les acteurs du secteur de la communication\" target=\"_blank\"> l\u2019ARPE sera mise en place<\/a><\/strong>. Il n\u2019y pas de date pr\u00e9cise, mais nous serons au rendez-vous\u00a0\u00bb annonc\u00e9 par le Premier ministre Ahmed Ouyahia, lors de la pr\u00e9sentation de son plan d&rsquo;action devant le Parlement, soit avant la fin de l\u2019ann\u00e9e en cours, a d\u00e9clar\u00e9 le ministre sur les ondes de la Radio nationale.<\/p>\n<p>&#013;<\/p>\n<p>Rappelant que la premi\u00e8re phase de la mise en place de cette autorit\u00e9 a \u00e9t\u00e9 l\u2019\u00e9tablissement de la carte du journaliste professionnel, il a indiqu\u00e9 que des consultations ont \u00e9t\u00e9 lanc\u00e9es la semaine \u00e9coul\u00e9e par le minist\u00e8re avec des repr\u00e9sentants de la corporation pour mettre en place cette autorit\u00e9.<\/p>\n<p>&#013;<\/p>\n<hr \/>\n<h3>Lire aussi : <a href=\"http:\/\/www.aps.dz\/algerie\/63243-les-mesures-prevues-dans-le-plan-du-gouvernement-sur-l-information-reaffirment-la-determination-de-l-executif-a-relancer-ce-secteur\" target=\"_blank\">Le Gouvernement d\u00e9termin\u00e9 \u00e0 relancer ce secteur de l&rsquo;information \u00e0 travers son plan d&rsquo;action<\/a><\/h3>\n<p>&#013;<\/p>\n<hr \/>\n<p>\u00ab\u00a0Le minist\u00e8re sera un accompagnateur, un facilitateur et un m\u00e9diateur dans ce processus tributaire de la communaut\u00e9 des journalistes. Nous serons \u00e0 l\u2019\u00e9coute de nos partenaires pour assurer les conditions de succ\u00e8s de cette autorit\u00e9\u00a0\u00bb, a-t-il poursuivi.<\/p>\n<p>&#013;<\/p>\n<p>\u00ab\u00a0L\u2019ARPE, au m\u00eame titre que l\u2019ARAV, h\u00e9riteront de pouvoirs r\u00e9galiens et seront dot\u00e9es de toutes les attributions n\u00e9cessaires, y compris l&rsquo;autonomie financi\u00e8re\u00a0\u00bb, a-t-il tenu \u00e0 rassurer, relevant que la loi \u00ab\u00a0est tr\u00e8s claire\u00a0\u00bb \u00e0 ce sujet.<\/p>\n<p>&#013;<\/p>\n<p>S\u2019agissant de l\u2019ARAV, le ministre s\u2019est f\u00e9licit\u00e9 que celle-ci existe et qu\u2019elle sera \u00ab\u00a0tr\u00e8s bient\u00f4t\u00a0\u00bb op\u00e9rationnelle dans le cadre de ses pr\u00e9rogatives pr\u00e9vues par la loi, notant qu\u2019elle est en train de se doter des instruments juridiques et op\u00e9rationnels \u00e0 m\u00eame de lui permettre d\u2019assurer ses missions.<\/p>\n<p>&#013;<\/p>\n<blockquote><p>&#013;<\/p>\n<h3>\u00ab\u00a0Le minist\u00e8re de la Communication assurera toutes les conditions d\u2019exercice de l\u2019ARAV et n&rsquo;interf\u00e9rera jamais dans ses pr\u00e9rogatives&#8230;\u00a0\u00bb<\/h3>\n<p>&#013;\n<\/p><\/blockquote>\n<p>&#013;<\/p>\n<p>\u00ab\u00a0Le minist\u00e8re de la Communication assurera toutes les conditions d\u2019exercice de l\u2019ARAV et n&rsquo;interf\u00e9rera jamais dans ses pr\u00e9rogatives, bien au contraire, elle tranchera tous les dossiers\u00a0\u00bb, a-t-il clarifi\u00e9, pr\u00e9cisant qu&rsquo;il s&rsquo;agit d&rsquo;une autorit\u00e9 \u00ab\u00a0ind\u00e9pendante\u00a0\u00bb.<\/p>\n<p>&#013;<\/p>\n<p>Abordant l\u2019\u00e9tat actuel de la presse nationale, dont la question de la publicit\u00e9, le ministre a r\u00e9cus\u00e9 l\u2019accusation selon laquelle celle-ci est un moyen de pression exerc\u00e9 par les pouvoirs publics \u00e0 l\u2019encontre des m\u00e9dias, soutenant qu\u2019au contraire, la publicit\u00e9 institutionnelle \u00ab\u00a0est un moyen de soutien ayant permis la survie de l\u2019ensemble des m\u00e9dias\u00a0\u00bb, notamment priv\u00e9s.<\/p>\n<p>&#013;<\/p>\n<p>Reconnaissant un recul de cette publicit\u00e9 de l\u2019ordre de 65% entre 2015 et 2016, il a qualifi\u00e9 d\u2019implorantes les dettes contract\u00e9es par des titres aupr\u00e8s de la Soci\u00e9t\u00e9 d\u2019impression alg\u00e9rienne (SIA), lesquelles constituent \u00ab\u00a0des boulets pour la Simpral et l\u2019Enap\u00a0\u00bb.<\/p>\n<p>&#013;<\/p>\n<p>\u00ab\u00a0C\u2019est une autre forme de soutien \u00e0 la presse alg\u00e9rienne, le papier presse est acquis au prix du march\u00e9 mondial mais il est soutenu\u00a0\u00bb, a-t-il indiqu\u00e9 notant que les co\u00fbts d\u2019impression remontent aux ann\u00e9es 1990, ce qui est en-de\u00e7\u00e0 de la v\u00e9rit\u00e9 du march\u00e9.<\/p>\n<p>&#013;<\/p>\n<hr \/>\n<h3>Lire aussi : <a href=\"http:\/\/www.aps.dz\/algerie\/58790-journaliste-professionnel-un-audit-pour-verifier-l-authenticite-des-informations-pour-l-obtention-de-la-carte\" target=\"_blank\">Journaliste professionnel: un audit pour v\u00e9rifier l&rsquo;authenticit\u00e9 des informations pour l&rsquo;obtention de la carte<\/a><\/h3>\n<p>&#013;<\/p>\n<hr \/>\n<p>Faisant savoir que le total des tirages est de 900.000 exemplaires\/jour, M. Kaouane a fait savoir que des tentatives sont en cours pour trouver une solution aux difficult\u00e9s financi\u00e8res des mauvais payeurs, relevant que la situation s&rsquo;est accentu\u00e9e par la crise \u00e9conomique actuelle.<\/p>\n<p>&#013;<\/p>\n<p>S&rsquo;agissant de la reconfiguration du secteur marchand de la presse par le Conseil des Participations de l&rsquo;Etat (CPE), il a fait savoir qu&rsquo;outre le Groupe Presse \u00e9crite ayant r\u00e9uni 6 titres publics, deux autres groupes seront cr\u00e9\u00e9s: le Groupe Edition et Publicit\u00e9 et le Groupe Imprimeries.<\/p>\n<p>&#013;<\/p>\n<p>\u00a0<\/p>\n<p>&#013;<\/p>\n<p><strong>26 quotidiens et 34 hebdomadaires disparus depuis 2014<\/strong><\/p>\n<p>&#013;<\/p>\n<p>\u00a0<\/p>\n<p>&#013;<\/p>\n<p>Un total de 26 quotidiens et 34 hebdomadaires ont disparu du paysage m\u00e9diatique national depuis 2014, a fait savoir M. Kaouane, relevant toutefois, qu\u2019en d\u00e9pit de cette situation, celui-ci reste \u00ab\u00a0dense\u00a0\u00bb, avec l\u2019existence encore de 140 titres.<\/p>\n<p>&#013;<\/p>\n<p>N\u00e9anmoins, il n\u2019a pas exclu que d\u2019autres titres puissent dispara\u00eetre \u00e0 l\u2019avenir, consid\u00e9rant que cela est une cons\u00e9quence \u00e9vidente d\u2019une crise \u00e9conomique et purement financi\u00e8re.<\/p>\n<p>&#013;<\/p>\n<blockquote><p>&#013;<\/p>\n<h3>\u00ab\u00a0Il n\u2019\u00e9chappe \u00e0 personne que nous sommes en crise, le mod\u00e8le \u00e9conomique est devenu obsol\u00e8te partout dans le monde\u00a0\u00bb<\/h3>\n<p>&#013;\n<\/p><\/blockquote>\n<p>&#013;<\/p>\n<p>\u00ab\u00a0Il n\u2019\u00e9chappe \u00e0 personne que nous sommes en crise, le mod\u00e8le \u00e9conomique est devenu obsol\u00e8te partout dans le monde\u00a0\u00bb, a-t-il observ\u00e9, \u00e9voquant \u00ab\u00a0la fulgurante progression\u00a0\u00bb d\u2019internet et de toutes les passerelles qu\u2019il peut offrir ainsi que l\u2019influence grandissante des m\u00e9dias \u00e9lectroniques et des r\u00e9seaux sociaux.<\/p>\n<p>&#013;<\/p>\n<p>Autant de param\u00e8tres qui, selon lui, posent un \u00a0\u00bb probl\u00e8me existentiel pour les m\u00e9dias classiques\u00a0\u00bb,\u00a0 d\u2019o\u00f9 l\u2019imp\u00e9ratif \u00ab\u00a0de\u00a0\u00a0 repenser le m\u00e9tier\u00a0\u00bb, a-t-il ajout\u00e9. \u00ab\u00a0La presse doit absolument faire sa mue et mettre le pied dans le 21\u00e9me si\u00e8cle marqu\u00e9 par le d\u00e9fi du num\u00e9rique. Pour \u00eatre attractive et reprendre ses lettres de noblesse, celle-ci doit revenir \u00e0 sa vocation initiale et universelle, celle d\u2019informer\u00a0\u00bb, a-t-il pr\u00e9conis\u00e9.\u00a0<\/p>\n<p>&#013;<\/p>\n<p>A la question de savoir si les m\u00e9dias publics subissent de la censure, le ministre a affirm\u00e9 le contraire, partant de sa propre exp\u00e9rience et a fortement plaid\u00e9 pour l&rsquo;existence de \u00ab\u00a0d\u00e9bats contradictoires\u00a0\u00bb dans la sc\u00e8ne m\u00e9diatique nationale.<\/p>\n<\/div>\n<p>&#013;<br \/>\nSource: <a href=\"http:\/\/www.aps.dz\/algerie\/63734-le-ministere-de-la-communication-oeuvrera-avec-les-journalistes-pour-mettre-en-place-l-arpe-avant-fin-2017-kaouane\" target=\"_blank\">L\u2019ARPE mise en place avant fin 2017 (Kaouane)\u00a0\u00a0\u00a0<\/a><\/p>\n<!--CusAds0-->\n<div style=\"font-size: 0px; height: 0px; line-height: 0px; margin: 0; padding: 0; clear: both;\"><\/div>","protected":false},"excerpt":{"rendered":"<p>ALGER- Le minist\u00e8re de la Communication oeuvrera avec la corporation des journalistes pour la mise en place de l\u2019Autorit\u00e9 de r\u00e9gulation de la presse \u00e9crite (ARPE) avant la fin de l&rsquo;ann\u00e9e en cours, a assur\u00e9 lundi le ministre du secteur, Djamel Kaouane. &#013; &#013; \u00ab\u00a0Ce qui est certain, c\u2019est que l\u2019ARPE sera mise en place.<\/p>\n","protected":false},"author":6,"featured_media":16711,"comment_status":"open","ping_status":"open","sticky":false,"template":"","format":"standard","meta":{"footnotes":""},"categories":[22],"tags":[93],"class_list":["post-16710","post","type-post","status-publish","format-standard","has-post-thumbnail","hentry","category-infos","tag-onu"],"yoast_head":"<!-- This site is optimized with the Yoast SEO plugin v27.5 - https:\/\/yoast.com\/product\/yoast-seo-wordpress\/ -->\n<title>L\u2019ARPE mise en place avant fin 2017 (Kaouane)\u00a0\u00a0\u00a0 - info algerie<\/title>\n<meta name=\"robots\" content=\"index, follow, max-snippet:-1, max-image-preview:large, max-video-preview:-1\" \/>\n<link rel=\"canonical\" href=\"https:\/\/www.info-algerie.com\/actualites\/larpe-mise-en-place-avant-fin-2017-kaouane\/\" \/>\n<meta property=\"og:locale\" content=\"fr_FR\" \/>\n<meta property=\"og:type\" content=\"article\" \/>\n<meta property=\"og:title\" content=\"L\u2019ARPE mise en place avant fin 2017 (Kaouane)\u00a0\u00a0\u00a0 - info algerie\" \/>\n<meta property=\"og:description\" content=\"ALGER- Le minist\u00e8re de la Communication oeuvrera avec la corporation des journalistes pour la mise en place de l\u2019Autorit\u00e9 de r\u00e9gulation de la presse \u00e9crite (ARPE) avant la fin de l&rsquo;ann\u00e9e en cours, a assur\u00e9 lundi le ministre du secteur, Djamel Kaouane. &#013; &#013; \u00ab\u00a0Ce qui est certain, c\u2019est que l\u2019ARPE sera mise en place.\" \/>\n<meta property=\"og:url\" content=\"https:\/\/www.info-algerie.com\/actualites\/larpe-mise-en-place-avant-fin-2017-kaouane\/\" \/>\n<meta property=\"og:site_name\" content=\"info algerie\" \/>\n<meta property=\"article:publisher\" content=\"https:\/\/www.facebook.com\/infoalgerieactu\" \/>\n<meta property=\"article:published_time\" content=\"2017-10-09T11:53:52+00:00\" \/>\n<meta property=\"og:image\" content=\"https:\/\/www.info-algerie.com\/actualites\/wp-content\/uploads\/2017\/10\/50bcdbb30f7a9fb1eeccfe20ba61b8c1_S-1.jpg\" \/>\n\t<meta property=\"og:image:width\" content=\"280\" \/>\n\t<meta property=\"og:image:height\" content=\"169\" \/>\n\t<meta property=\"og:image:type\" content=\"image\/jpeg\" \/>\n<meta name=\"author\" content=\"La r\u00e9daction\" \/>\n<meta name=\"twitter:label1\" content=\"\u00c9crit par\" \/>\n\t<meta name=\"twitter:data1\" content=\"La r\u00e9daction\" \/>\n\t<meta name=\"twitter:label2\" content=\"Dur\u00e9e de lecture estim\u00e9e\" \/>\n\t<meta name=\"twitter:data2\" content=\"5 minutes\" \/>\n<script type=\"application\/ld+json\" class=\"yoast-schema-graph\">{\"@context\":\"https:\\\/\\\/schema.org\",\"@graph\":[{\"@type\":\"Article\",\"@id\":\"https:\\\/\\\/www.info-algerie.com\\\/actualites\\\/larpe-mise-en-place-avant-fin-2017-kaouane\\\/#article\",\"isPartOf\":{\"@id\":\"https:\\\/\\\/www.info-algerie.com\\\/actualites\\\/larpe-mise-en-place-avant-fin-2017-kaouane\\\/\"},\"author\":{\"name\":\"La r\u00e9daction\",\"@id\":\"https:\\\/\\\/www.info-algerie.com\\\/actualites\\\/#\\\/schema\\\/person\\\/847aaec44920825b843a08f30ec6aa1e\"},\"headline\":\"L\u2019ARPE mise en place avant fin 2017 (Kaouane)\u00a0\u00a0\u00a0\",\"datePublished\":\"2017-10-09T11:53:52+00:00\",\"mainEntityOfPage\":{\"@id\":\"https:\\\/\\\/www.info-algerie.com\\\/actualites\\\/larpe-mise-en-place-avant-fin-2017-kaouane\\\/\"},\"wordCount\":958,\"commentCount\":0,\"publisher\":{\"@id\":\"https:\\\/\\\/www.info-algerie.com\\\/actualites\\\/#organization\"},\"image\":{\"@id\":\"https:\\\/\\\/www.info-algerie.com\\\/actualites\\\/larpe-mise-en-place-avant-fin-2017-kaouane\\\/#primaryimage\"},\"thumbnailUrl\":\"https:\\\/\\\/www.info-algerie.com\\\/actualites\\\/wp-content\\\/uploads\\\/2017\\\/10\\\/50bcdbb30f7a9fb1eeccfe20ba61b8c1_S-1.jpg\",\"keywords\":[\"ONU\"],\"articleSection\":[\"infos\"],\"inLanguage\":\"fr-FR\",\"potentialAction\":[{\"@type\":\"CommentAction\",\"name\":\"Comment\",\"target\":[\"https:\\\/\\\/www.info-algerie.com\\\/actualites\\\/larpe-mise-en-place-avant-fin-2017-kaouane\\\/#respond\"]}]},{\"@type\":\"WebPage\",\"@id\":\"https:\\\/\\\/www.info-algerie.com\\\/actualites\\\/larpe-mise-en-place-avant-fin-2017-kaouane\\\/\",\"url\":\"https:\\\/\\\/www.info-algerie.com\\\/actualites\\\/larpe-mise-en-place-avant-fin-2017-kaouane\\\/\",\"name\":\"L\u2019ARPE mise en place avant fin 2017 (Kaouane)\u00a0\u00a0\u00a0 - info algerie\",\"isPartOf\":{\"@id\":\"https:\\\/\\\/www.info-algerie.com\\\/actualites\\\/#website\"},\"primaryImageOfPage\":{\"@id\":\"https:\\\/\\\/www.info-algerie.com\\\/actualites\\\/larpe-mise-en-place-avant-fin-2017-kaouane\\\/#primaryimage\"},\"image\":{\"@id\":\"https:\\\/\\\/www.info-algerie.com\\\/actualites\\\/larpe-mise-en-place-avant-fin-2017-kaouane\\\/#primaryimage\"},\"thumbnailUrl\":\"https:\\\/\\\/www.info-algerie.com\\\/actualites\\\/wp-content\\\/uploads\\\/2017\\\/10\\\/50bcdbb30f7a9fb1eeccfe20ba61b8c1_S-1.jpg\",\"datePublished\":\"2017-10-09T11:53:52+00:00\",\"breadcrumb\":{\"@id\":\"https:\\\/\\\/www.info-algerie.com\\\/actualites\\\/larpe-mise-en-place-avant-fin-2017-kaouane\\\/#breadcrumb\"},\"inLanguage\":\"fr-FR\",\"potentialAction\":[{\"@type\":\"ReadAction\",\"target\":[\"https:\\\/\\\/www.info-algerie.com\\\/actualites\\\/larpe-mise-en-place-avant-fin-2017-kaouane\\\/\"]}]},{\"@type\":\"ImageObject\",\"inLanguage\":\"fr-FR\",\"@id\":\"https:\\\/\\\/www.info-algerie.com\\\/actualites\\\/larpe-mise-en-place-avant-fin-2017-kaouane\\\/#primaryimage\",\"url\":\"https:\\\/\\\/www.info-algerie.com\\\/actualites\\\/wp-content\\\/uploads\\\/2017\\\/10\\\/50bcdbb30f7a9fb1eeccfe20ba61b8c1_S-1.jpg\",\"contentUrl\":\"https:\\\/\\\/www.info-algerie.com\\\/actualites\\\/wp-content\\\/uploads\\\/2017\\\/10\\\/50bcdbb30f7a9fb1eeccfe20ba61b8c1_S-1.jpg\",\"width\":280,\"height\":169},{\"@type\":\"BreadcrumbList\",\"@id\":\"https:\\\/\\\/www.info-algerie.com\\\/actualites\\\/larpe-mise-en-place-avant-fin-2017-kaouane\\\/#breadcrumb\",\"itemListElement\":[{\"@type\":\"ListItem\",\"position\":1,\"name\":\"Accueil\",\"item\":\"https:\\\/\\\/www.info-algerie.com\\\/actualites\\\/\"},{\"@type\":\"ListItem\",\"position\":2,\"name\":\"L\u2019ARPE mise en place avant fin 2017 (Kaouane)\u00a0\u00a0\u00a0\"}]},{\"@type\":\"WebSite\",\"@id\":\"https:\\\/\\\/www.info-algerie.com\\\/actualites\\\/#website\",\"url\":\"https:\\\/\\\/www.info-algerie.com\\\/actualites\\\/\",\"name\":\"info algerie\",\"description\":\"Toutes les actualit\u00e9s\",\"publisher\":{\"@id\":\"https:\\\/\\\/www.info-algerie.com\\\/actualites\\\/#organization\"},\"potentialAction\":[{\"@type\":\"SearchAction\",\"target\":{\"@type\":\"EntryPoint\",\"urlTemplate\":\"https:\\\/\\\/www.info-algerie.com\\\/actualites\\\/?s={search_term_string}\"},\"query-input\":{\"@type\":\"PropertyValueSpecification\",\"valueRequired\":true,\"valueName\":\"search_term_string\"}}],\"inLanguage\":\"fr-FR\"},{\"@type\":\"Organization\",\"@id\":\"https:\\\/\\\/www.info-algerie.com\\\/actualites\\\/#organization\",\"name\":\"info algerie\",\"url\":\"https:\\\/\\\/www.info-algerie.com\\\/actualites\\\/\",\"logo\":{\"@type\":\"ImageObject\",\"inLanguage\":\"fr-FR\",\"@id\":\"https:\\\/\\\/www.info-algerie.com\\\/actualites\\\/#\\\/schema\\\/logo\\\/image\\\/\",\"url\":\"https:\\\/\\\/www.info-algerie.com\\\/actualites\\\/wp-content\\\/uploads\\\/2022\\\/07\\\/logo-ia-120.png\",\"contentUrl\":\"https:\\\/\\\/www.info-algerie.com\\\/actualites\\\/wp-content\\\/uploads\\\/2022\\\/07\\\/logo-ia-120.png\",\"width\":120,\"height\":43,\"caption\":\"info algerie\"},\"image\":{\"@id\":\"https:\\\/\\\/www.info-algerie.com\\\/actualites\\\/#\\\/schema\\\/logo\\\/image\\\/\"},\"sameAs\":[\"https:\\\/\\\/www.facebook.com\\\/infoalgerieactu\",\"https:\\\/\\\/x.com\\\/infoalgerie1\"]},{\"@type\":\"Person\",\"@id\":\"https:\\\/\\\/www.info-algerie.com\\\/actualites\\\/#\\\/schema\\\/person\\\/847aaec44920825b843a08f30ec6aa1e\",\"name\":\"La r\u00e9daction\",\"image\":{\"@type\":\"ImageObject\",\"inLanguage\":\"fr-FR\",\"@id\":\"https:\\\/\\\/secure.gravatar.com\\\/avatar\\\/769db425c6f465158149f1ffd6cf61ce7a8a879d11dfbef8288af36dfddd418c?s=96&d=mm&r=g\",\"url\":\"https:\\\/\\\/secure.gravatar.com\\\/avatar\\\/769db425c6f465158149f1ffd6cf61ce7a8a879d11dfbef8288af36dfddd418c?s=96&d=mm&r=g\",\"contentUrl\":\"https:\\\/\\\/secure.gravatar.com\\\/avatar\\\/769db425c6f465158149f1ffd6cf61ce7a8a879d11dfbef8288af36dfddd418c?s=96&d=mm&r=g\",\"caption\":\"La r\u00e9daction\"},\"sameAs\":[\"http:\\\/\\\/www.lkeria.com\\\/\"],\"url\":\"https:\\\/\\\/www.info-algerie.com\\\/actualites\\\/author\\\/chakib32\\\/\"}]}<\/script>\n<!-- \/ Yoast SEO plugin. -->","yoast_head_json":{"title":"L\u2019ARPE mise en place avant fin 2017 (Kaouane)\u00a0\u00a0\u00a0 - info algerie","robots":{"index":"index","follow":"follow","max-snippet":"max-snippet:-1","max-image-preview":"max-image-preview:large","max-video-preview":"max-video-preview:-1"},"canonical":"https:\/\/www.info-algerie.com\/actualites\/larpe-mise-en-place-avant-fin-2017-kaouane\/","og_locale":"fr_FR","og_type":"article","og_title":"L\u2019ARPE mise en place avant fin 2017 (Kaouane)\u00a0\u00a0\u00a0 - info algerie","og_description":"ALGER- Le minist\u00e8re de la Communication oeuvrera avec la corporation des journalistes pour la mise en place de l\u2019Autorit\u00e9 de r\u00e9gulation de la presse \u00e9crite (ARPE) avant la fin de l&rsquo;ann\u00e9e en cours, a assur\u00e9 lundi le ministre du secteur, Djamel Kaouane. &#013; &#013; \u00ab\u00a0Ce qui est certain, c\u2019est que l\u2019ARPE sera mise en place.","og_url":"https:\/\/www.info-algerie.com\/actualites\/larpe-mise-en-place-avant-fin-2017-kaouane\/","og_site_name":"info algerie","article_publisher":"https:\/\/www.facebook.com\/infoalgerieactu","article_published_time":"2017-10-09T11:53:52+00:00","og_image":[{"width":280,"height":169,"url":"https:\/\/www.info-algerie.com\/actualites\/wp-content\/uploads\/2017\/10\/50bcdbb30f7a9fb1eeccfe20ba61b8c1_S-1.jpg","type":"image\/jpeg"}],"author":"La r\u00e9daction","twitter_misc":{"\u00c9crit par":"La r\u00e9daction","Dur\u00e9e de lecture estim\u00e9e":"5 minutes"},"schema":{"@context":"https:\/\/schema.org","@graph":[{"@type":"Article","@id":"https:\/\/www.info-algerie.com\/actualites\/larpe-mise-en-place-avant-fin-2017-kaouane\/#article","isPartOf":{"@id":"https:\/\/www.info-algerie.com\/actualites\/larpe-mise-en-place-avant-fin-2017-kaouane\/"},"author":{"name":"La r\u00e9daction","@id":"https:\/\/www.info-algerie.com\/actualites\/#\/schema\/person\/847aaec44920825b843a08f30ec6aa1e"},"headline":"L\u2019ARPE mise en place avant fin 2017 (Kaouane)\u00a0\u00a0\u00a0","datePublished":"2017-10-09T11:53:52+00:00","mainEntityOfPage":{"@id":"https:\/\/www.info-algerie.com\/actualites\/larpe-mise-en-place-avant-fin-2017-kaouane\/"},"wordCount":958,"commentCount":0,"publisher":{"@id":"https:\/\/www.info-algerie.com\/actualites\/#organization"},"image":{"@id":"https:\/\/www.info-algerie.com\/actualites\/larpe-mise-en-place-avant-fin-2017-kaouane\/#primaryimage"},"thumbnailUrl":"https:\/\/www.info-algerie.com\/actualites\/wp-content\/uploads\/2017\/10\/50bcdbb30f7a9fb1eeccfe20ba61b8c1_S-1.jpg","keywords":["ONU"],"articleSection":["infos"],"inLanguage":"fr-FR","potentialAction":[{"@type":"CommentAction","name":"Comment","target":["https:\/\/www.info-algerie.com\/actualites\/larpe-mise-en-place-avant-fin-2017-kaouane\/#respond"]}]},{"@type":"WebPage","@id":"https:\/\/www.info-algerie.com\/actualites\/larpe-mise-en-place-avant-fin-2017-kaouane\/","url":"https:\/\/www.info-algerie.com\/actualites\/larpe-mise-en-place-avant-fin-2017-kaouane\/","name":"L\u2019ARPE mise en place avant fin 2017 (Kaouane)\u00a0\u00a0\u00a0 - info algerie","isPartOf":{"@id":"https:\/\/www.info-algerie.com\/actualites\/#website"},"primaryImageOfPage":{"@id":"https:\/\/www.info-algerie.com\/actualites\/larpe-mise-en-place-avant-fin-2017-kaouane\/#primaryimage"},"image":{"@id":"https:\/\/www.info-algerie.com\/actualites\/larpe-mise-en-place-avant-fin-2017-kaouane\/#primaryimage"},"thumbnailUrl":"https:\/\/www.info-algerie.com\/actualites\/wp-content\/uploads\/2017\/10\/50bcdbb30f7a9fb1eeccfe20ba61b8c1_S-1.jpg","datePublished":"2017-10-09T11:53:52+00:00","breadcrumb":{"@id":"https:\/\/www.info-algerie.com\/actualites\/larpe-mise-en-place-avant-fin-2017-kaouane\/#breadcrumb"},"inLanguage":"fr-FR","potentialAction":[{"@type":"ReadAction","target":["https:\/\/www.info-algerie.com\/actualites\/larpe-mise-en-place-avant-fin-2017-kaouane\/"]}]},{"@type":"ImageObject","inLanguage":"fr-FR","@id":"https:\/\/www.info-algerie.com\/actualites\/larpe-mise-en-place-avant-fin-2017-kaouane\/#primaryimage","url":"https:\/\/www.info-algerie.com\/actualites\/wp-content\/uploads\/2017\/10\/50bcdbb30f7a9fb1eeccfe20ba61b8c1_S-1.jpg","contentUrl":"https:\/\/www.info-algerie.com\/actualites\/wp-content\/uploads\/2017\/10\/50bcdbb30f7a9fb1eeccfe20ba61b8c1_S-1.jpg","width":280,"height":169},{"@type":"BreadcrumbList","@id":"https:\/\/www.info-algerie.com\/actualites\/larpe-mise-en-place-avant-fin-2017-kaouane\/#breadcrumb","itemListElement":[{"@type":"ListItem","position":1,"name":"Accueil","item":"https:\/\/www.info-algerie.com\/actualites\/"},{"@type":"ListItem","position":2,"name":"L\u2019ARPE mise en place avant fin 2017 (Kaouane)\u00a0\u00a0\u00a0"}]},{"@type":"WebSite","@id":"https:\/\/www.info-algerie.com\/actualites\/#website","url":"https:\/\/www.info-algerie.com\/actualites\/","name":"info algerie","description":"Toutes les actualit\u00e9s","publisher":{"@id":"https:\/\/www.info-algerie.com\/actualites\/#organization"},"potentialAction":[{"@type":"SearchAction","target":{"@type":"EntryPoint","urlTemplate":"https:\/\/www.info-algerie.com\/actualites\/?s={search_term_string}"},"query-input":{"@type":"PropertyValueSpecification","valueRequired":true,"valueName":"search_term_string"}}],"inLanguage":"fr-FR"},{"@type":"Organization","@id":"https:\/\/www.info-algerie.com\/actualites\/#organization","name":"info algerie","url":"https:\/\/www.info-algerie.com\/actualites\/","logo":{"@type":"ImageObject","inLanguage":"fr-FR","@id":"https:\/\/www.info-algerie.com\/actualites\/#\/schema\/logo\/image\/","url":"https:\/\/www.info-algerie.com\/actualites\/wp-content\/uploads\/2022\/07\/logo-ia-120.png","contentUrl":"https:\/\/www.info-algerie.com\/actualites\/wp-content\/uploads\/2022\/07\/logo-ia-120.png","width":120,"height":43,"caption":"info algerie"},"image":{"@id":"https:\/\/www.info-algerie.com\/actualites\/#\/schema\/logo\/image\/"},"sameAs":["https:\/\/www.facebook.com\/infoalgerieactu","https:\/\/x.com\/infoalgerie1"]},{"@type":"Person","@id":"https:\/\/www.info-algerie.com\/actualites\/#\/schema\/person\/847aaec44920825b843a08f30ec6aa1e","name":"La r\u00e9daction","image":{"@type":"ImageObject","inLanguage":"fr-FR","@id":"https:\/\/secure.gravatar.com\/avatar\/769db425c6f465158149f1ffd6cf61ce7a8a879d11dfbef8288af36dfddd418c?s=96&d=mm&r=g","url":"https:\/\/secure.gravatar.com\/avatar\/769db425c6f465158149f1ffd6cf61ce7a8a879d11dfbef8288af36dfddd418c?s=96&d=mm&r=g","contentUrl":"https:\/\/secure.gravatar.com\/avatar\/769db425c6f465158149f1ffd6cf61ce7a8a879d11dfbef8288af36dfddd418c?s=96&d=mm&r=g","caption":"La r\u00e9daction"},"sameAs":["http:\/\/www.lkeria.com\/"],"url":"https:\/\/www.info-algerie.com\/actualites\/author\/chakib32\/"}]}},"_links":{"self":[{"href":"https:\/\/www.info-algerie.com\/actualites\/wp-json\/wp\/v2\/posts\/16710","targetHints":{"allow":["GET"]}}],"collection":[{"href":"https:\/\/www.info-algerie.com\/actualites\/wp-json\/wp\/v2\/posts"}],"about":[{"href":"https:\/\/www.info-algerie.com\/actualites\/wp-json\/wp\/v2\/types\/post"}],"author":[{"embeddable":true,"href":"https:\/\/www.info-algerie.com\/actualites\/wp-json\/wp\/v2\/users\/6"}],"replies":[{"embeddable":true,"href":"https:\/\/www.info-algerie.com\/actualites\/wp-json\/wp\/v2\/comments?post=16710"}],"version-history":[{"count":0,"href":"https:\/\/www.info-algerie.com\/actualites\/wp-json\/wp\/v2\/posts\/16710\/revisions"}],"wp:featuredmedia":[{"embeddable":true,"href":"https:\/\/www.info-algerie.com\/actualites\/wp-json\/wp\/v2\/media\/16711"}],"wp:attachment":[{"href":"https:\/\/www.info-algerie.com\/actualites\/wp-json\/wp\/v2\/media?parent=16710"}],"wp:term":[{"taxonomy":"category","embeddable":true,"href":"https:\/\/www.info-algerie.com\/actualites\/wp-json\/wp\/v2\/categories?post=16710"},{"taxonomy":"post_tag","embeddable":true,"href":"https:\/\/www.info-algerie.com\/actualites\/wp-json\/wp\/v2\/tags?post=16710"}],"curies":[{"name":"wp","href":"https:\/\/api.w.org\/{rel}","templated":true}]}}