{"id":16719,"date":"2017-10-09T17:35:10","date_gmt":"2017-10-09T16:35:10","guid":{"rendered":"http:\/\/www.info-algerie.com\/actualites\/m-bedoui-reitere-depuis-el-menia-que-letat-ne-renoncera-pas-aux-acquis-sociaux\/"},"modified":"2017-10-09T17:35:10","modified_gmt":"2017-10-09T16:35:10","slug":"m-bedoui-reitere-depuis-el-menia-que-letat-ne-renoncera-pas-aux-acquis-sociaux","status":"publish","type":"post","link":"https:\/\/www.info-algerie.com\/actualites\/m-bedoui-reitere-depuis-el-menia-que-letat-ne-renoncera-pas-aux-acquis-sociaux\/","title":{"rendered":"M. Bedoui r\u00e9it\u00e8re depuis El Menia que l&#039;Etat ne renoncera pas aux acquis sociaux"},"content":{"rendered":"<div class=\"K2FeedImage\"><img decoding=\"async\" src=\"https:\/\/www.info-algerie.com\/actualites\/wp-content\/uploads\/2017\/10\/dbb1dbcbba689f1bb5c92e48340e9d3d_S.jpg\" alt=\"M. Bedoui r&#xE9;it&#xE8;re depuis El Menia que l'Etat ne renoncera pas aux acquis sociaux\" \/><\/div>\n<div class=\"K2FeedIntroText\">\n<p><strong>ALGER &#8211; Le ministre de l&rsquo;Int\u00e9rieur, des collectivit\u00e9s locales et de l&rsquo;am\u00e9nagement du territoire, Noureddine Bedoui, a affirm\u00e9 lundi depuis El Menia que l&rsquo;Etat ne renoncera pas aux acquis sociaux, soutenant que le projet de loi de finances 2018 et le Plan d&rsquo;action du Gouvernement \u00ab\u00a0en sont un message fort\u00a0\u00bb.<\/strong><\/p>\n<p>&#013;\n<\/p><\/div>\n<div class=\"K2FeedFullText\">&#013;<\/p>\n<blockquote><p>&#013;<\/p>\n<h3>\u00ab\u00a0L&rsquo;Etat ne renoncera pas aux acquis sociaux concr\u00e9tis\u00e9s au profit des citoyens dans diff\u00e9rents secteurs tels que la sant\u00e9, l&rsquo;\u00e9ducation et l&rsquo;eau potable\u00a0\u00bb<\/h3>\n<p>&#013;\n<\/p><\/blockquote>\n<p>&#013;<\/p>\n<p>\u00ab\u00a0L&rsquo;Etat ne renoncera pas aux acquis sociaux concr\u00e9tis\u00e9s au profit des citoyens dans diff\u00e9rents secteurs tels que la sant\u00e9, l&rsquo;\u00e9ducation et l&rsquo;eau potable\u00a0\u00bb, a pr\u00e9cis\u00e9 M. Bedoui lors de sa visite de travail et d&rsquo;inspection dans la wilaya d\u00e9l\u00e9gu\u00e9e d&rsquo;El Menia.\u00a0<\/p>\n<p>&#013;<\/p>\n<p>Il a ajout\u00e9, dans ce sens, que le \u00ab\u00a0message fort contenu dans le projet de loi de finances 2018 et le Plan d&rsquo;action du Gouvernement sont la preuve que l&rsquo;Etat ne renoncera pas aux acquis sociaux\u00a0\u00bb.<\/p>\n<p>&#013;<\/p>\n<p>Evoquant les mesures prises par le Gouvernement dont le d\u00e9g\u00e8le de tous les projets de d\u00e9veloppement, notamment dans les wilayas du Sud et l&rsquo;injection de 150 milliards de dinars dans le Fonds de d\u00e9veloppement du Sud, le ministre a pr\u00e9cis\u00e9 que ceci permettra de poursuivre le processus de d\u00e9veloppement dans ces r\u00e9gions, rappelant que le secteur de l&rsquo;\u00e9ducation dans la wilaya de Gharda\u00efa a b\u00e9n\u00e9fici\u00e9 d&rsquo;un d\u00e9g\u00e8le de 15 projets de construction d&rsquo;\u00e9coles et de lyc\u00e9es.<\/p>\n<p>&#013;<\/p>\n<hr \/>\n<h3>Lire aussi : <a href=\"http:\/\/www.aps.dz\/algerie\/62329-bedoui-reaffirme-la-volonte-de-l-etat-a-eradiquer-le-phenomene-du-terrorisme-etranger-a-la-societe\" target=\"_blank\">Bedoui r\u00e9affirme la volont\u00e9 de l&rsquo;Etat \u00e0 \u00e9radiquer le ph\u00e9nom\u00e8ne du terrorisme \u00e9tranger \u00e0 la soci\u00e9t\u00e9<\/a><\/h3>\n<p>&#013;<\/p>\n<hr \/>\n<p>Affirmant que le pr\u00e9sident de la R\u00e9publique donne \u00e0 chaque occasion des instructions en faveur de l&rsquo;am\u00e9lioration des conditions de vie des citoyens dans tous les domaines, M. Bedoui a soutenu que le Gouvernement poursuivra la mise en \u0153uvre du programme du Pr\u00e9sident Bouteflika jusqu&rsquo;\u00e0 2019, ajoutant que les acquis r\u00e9alis\u00e9s sont \u00ab\u00a0irr\u00e9vocables\u00a0\u00bb.<\/p>\n<p>&#013;<\/p>\n<p>Lors d&rsquo;une halte \u00e0 la station d&rsquo;assainissement de Hassi El Kara, le ministre a mis l&rsquo;accent sur l&rsquo;importance de g\u00e9n\u00e9raliser l&rsquo;utilisation des \u00e9nergies renouvelables dans les projets de d\u00e9veloppement en cours de r\u00e9alisation au niveau des \u00e9tablissements \u00e9ducatifs, notamment dans l&rsquo;\u00e9clairage public pour \u00ab\u00a0r\u00e9duire les co\u00fbts de l&rsquo;\u00e9lectricit\u00e9\u00a0\u00bb.<\/p>\n<p>&#013;<\/p>\n<p>Au niveau de la ferme pilote Hadjadj Mahmoud, M. Bedoui a r\u00e9it\u00e9r\u00e9 la \u00ab\u00a0d\u00e9termination de l&rsquo;Etat \u00e0 r\u00e9cup\u00e9rer les terres agricoles non exploit\u00e9es par les b\u00e9n\u00e9ficiaires en vue de les redistribuer \u00e0 de vrais investisseurs dans le secteur agricole\u00a0\u00bb.\u00a0<\/p>\n<p>&#013;<\/p>\n<p>A une question sur la situation de la main d&rsquo;\u0153uvre africaine dans la r\u00e9gion, le ministre de l&rsquo;Int\u00e9rieur a fait savoir que des m\u00e9canismes juridiques \u00e9taient en cours d&rsquo;\u00e9laboration \u00e0 l&rsquo;effet d&rsquo;encadrer ce type de main d&rsquo;\u0153uvre.\u00a0<\/p>\n<\/div>\n<p>&#013;<br \/>\nSource: <a href=\"http:\/\/www.aps.dz\/algerie\/63747-m-bedoui-reitere-depuis-el-menia-que-l-etat-ne-renoncera-pas-aux-acquis-sociaux\" target=\"_blank\">M. Bedoui r\u00e9it\u00e8re depuis El Menia que l&rsquo;Etat ne renoncera pas aux acquis sociaux<\/a><\/p>\n<!--CusAds0-->\n<div style=\"font-size: 0px; height: 0px; line-height: 0px; margin: 0; padding: 0; clear: both;\"><\/div>","protected":false},"excerpt":{"rendered":"<p>ALGER &#8211; Le ministre de l&rsquo;Int\u00e9rieur, des collectivit\u00e9s locales et de l&rsquo;am\u00e9nagement du territoire, Noureddine Bedoui, a affirm\u00e9 lundi depuis El Menia que l&rsquo;Etat ne renoncera pas aux acquis sociaux, soutenant que le projet de loi de finances 2018 et le Plan d&rsquo;action du Gouvernement \u00ab\u00a0en sont un message fort\u00a0\u00bb. &#013; &#013; &#013; \u00ab\u00a0L&rsquo;Etat ne<\/p>\n","protected":false},"author":6,"featured_media":16720,"comment_status":"open","ping_status":"open","sticky":false,"template":"","format":"standard","meta":{"footnotes":""},"categories":[22],"tags":[93],"class_list":["post-16719","post","type-post","status-publish","format-standard","has-post-thumbnail","hentry","category-infos","tag-onu"],"yoast_head":"<!-- This site is optimized with the Yoast SEO plugin v27.5 - https:\/\/yoast.com\/product\/yoast-seo-wordpress\/ -->\n<title>M. Bedoui r\u00e9it\u00e8re depuis El Menia que l&#039;Etat ne renoncera pas aux acquis sociaux - info algerie<\/title>\n<meta name=\"robots\" content=\"index, follow, max-snippet:-1, max-image-preview:large, max-video-preview:-1\" \/>\n<link rel=\"canonical\" href=\"https:\/\/www.info-algerie.com\/actualites\/m-bedoui-reitere-depuis-el-menia-que-letat-ne-renoncera-pas-aux-acquis-sociaux\/\" \/>\n<meta property=\"og:locale\" content=\"fr_FR\" \/>\n<meta property=\"og:type\" content=\"article\" \/>\n<meta property=\"og:title\" content=\"M. Bedoui r\u00e9it\u00e8re depuis El Menia que l&#039;Etat ne renoncera pas aux acquis sociaux - info algerie\" \/>\n<meta property=\"og:description\" content=\"ALGER &#8211; Le ministre de l&rsquo;Int\u00e9rieur, des collectivit\u00e9s locales et de l&rsquo;am\u00e9nagement du territoire, Noureddine Bedoui, a affirm\u00e9 lundi depuis El Menia que l&rsquo;Etat ne renoncera pas aux acquis sociaux, soutenant que le projet de loi de finances 2018 et le Plan d&rsquo;action du Gouvernement \u00ab\u00a0en sont un message fort\u00a0\u00bb. &#013; &#013; &#013; \u00ab\u00a0L&rsquo;Etat ne\" \/>\n<meta property=\"og:url\" content=\"https:\/\/www.info-algerie.com\/actualites\/m-bedoui-reitere-depuis-el-menia-que-letat-ne-renoncera-pas-aux-acquis-sociaux\/\" \/>\n<meta property=\"og:site_name\" content=\"info algerie\" \/>\n<meta property=\"article:publisher\" content=\"https:\/\/www.facebook.com\/infoalgerieactu\" \/>\n<meta property=\"article:published_time\" content=\"2017-10-09T16:35:10+00:00\" \/>\n<meta property=\"og:image\" content=\"https:\/\/www.info-algerie.com\/actualites\/wp-content\/uploads\/2017\/10\/dbb1dbcbba689f1bb5c92e48340e9d3d_S-1.jpg\" \/>\n\t<meta property=\"og:image:width\" content=\"280\" \/>\n\t<meta property=\"og:image:height\" content=\"169\" \/>\n\t<meta property=\"og:image:type\" content=\"image\/jpeg\" \/>\n<meta name=\"author\" content=\"La r\u00e9daction\" \/>\n<meta name=\"twitter:label1\" content=\"\u00c9crit par\" \/>\n\t<meta name=\"twitter:data1\" content=\"La r\u00e9daction\" \/>\n\t<meta name=\"twitter:label2\" content=\"Dur\u00e9e de lecture estim\u00e9e\" \/>\n\t<meta name=\"twitter:data2\" content=\"2 minutes\" \/>\n<script type=\"application\/ld+json\" class=\"yoast-schema-graph\">{\"@context\":\"https:\\\/\\\/schema.org\",\"@graph\":[{\"@type\":\"Article\",\"@id\":\"https:\\\/\\\/www.info-algerie.com\\\/actualites\\\/m-bedoui-reitere-depuis-el-menia-que-letat-ne-renoncera-pas-aux-acquis-sociaux\\\/#article\",\"isPartOf\":{\"@id\":\"https:\\\/\\\/www.info-algerie.com\\\/actualites\\\/m-bedoui-reitere-depuis-el-menia-que-letat-ne-renoncera-pas-aux-acquis-sociaux\\\/\"},\"author\":{\"name\":\"La r\u00e9daction\",\"@id\":\"https:\\\/\\\/www.info-algerie.com\\\/actualites\\\/#\\\/schema\\\/person\\\/847aaec44920825b843a08f30ec6aa1e\"},\"headline\":\"M. Bedoui r\u00e9it\u00e8re depuis El Menia que l&#039;Etat ne renoncera pas aux acquis sociaux\",\"datePublished\":\"2017-10-09T16:35:10+00:00\",\"mainEntityOfPage\":{\"@id\":\"https:\\\/\\\/www.info-algerie.com\\\/actualites\\\/m-bedoui-reitere-depuis-el-menia-que-letat-ne-renoncera-pas-aux-acquis-sociaux\\\/\"},\"wordCount\":532,\"commentCount\":0,\"publisher\":{\"@id\":\"https:\\\/\\\/www.info-algerie.com\\\/actualites\\\/#organization\"},\"image\":{\"@id\":\"https:\\\/\\\/www.info-algerie.com\\\/actualites\\\/m-bedoui-reitere-depuis-el-menia-que-letat-ne-renoncera-pas-aux-acquis-sociaux\\\/#primaryimage\"},\"thumbnailUrl\":\"https:\\\/\\\/www.info-algerie.com\\\/actualites\\\/wp-content\\\/uploads\\\/2017\\\/10\\\/dbb1dbcbba689f1bb5c92e48340e9d3d_S-1.jpg\",\"keywords\":[\"ONU\"],\"articleSection\":[\"infos\"],\"inLanguage\":\"fr-FR\",\"potentialAction\":[{\"@type\":\"CommentAction\",\"name\":\"Comment\",\"target\":[\"https:\\\/\\\/www.info-algerie.com\\\/actualites\\\/m-bedoui-reitere-depuis-el-menia-que-letat-ne-renoncera-pas-aux-acquis-sociaux\\\/#respond\"]}]},{\"@type\":\"WebPage\",\"@id\":\"https:\\\/\\\/www.info-algerie.com\\\/actualites\\\/m-bedoui-reitere-depuis-el-menia-que-letat-ne-renoncera-pas-aux-acquis-sociaux\\\/\",\"url\":\"https:\\\/\\\/www.info-algerie.com\\\/actualites\\\/m-bedoui-reitere-depuis-el-menia-que-letat-ne-renoncera-pas-aux-acquis-sociaux\\\/\",\"name\":\"M. Bedoui r\u00e9it\u00e8re depuis El Menia que l&#039;Etat ne renoncera pas aux acquis sociaux - info algerie\",\"isPartOf\":{\"@id\":\"https:\\\/\\\/www.info-algerie.com\\\/actualites\\\/#website\"},\"primaryImageOfPage\":{\"@id\":\"https:\\\/\\\/www.info-algerie.com\\\/actualites\\\/m-bedoui-reitere-depuis-el-menia-que-letat-ne-renoncera-pas-aux-acquis-sociaux\\\/#primaryimage\"},\"image\":{\"@id\":\"https:\\\/\\\/www.info-algerie.com\\\/actualites\\\/m-bedoui-reitere-depuis-el-menia-que-letat-ne-renoncera-pas-aux-acquis-sociaux\\\/#primaryimage\"},\"thumbnailUrl\":\"https:\\\/\\\/www.info-algerie.com\\\/actualites\\\/wp-content\\\/uploads\\\/2017\\\/10\\\/dbb1dbcbba689f1bb5c92e48340e9d3d_S-1.jpg\",\"datePublished\":\"2017-10-09T16:35:10+00:00\",\"breadcrumb\":{\"@id\":\"https:\\\/\\\/www.info-algerie.com\\\/actualites\\\/m-bedoui-reitere-depuis-el-menia-que-letat-ne-renoncera-pas-aux-acquis-sociaux\\\/#breadcrumb\"},\"inLanguage\":\"fr-FR\",\"potentialAction\":[{\"@type\":\"ReadAction\",\"target\":[\"https:\\\/\\\/www.info-algerie.com\\\/actualites\\\/m-bedoui-reitere-depuis-el-menia-que-letat-ne-renoncera-pas-aux-acquis-sociaux\\\/\"]}]},{\"@type\":\"ImageObject\",\"inLanguage\":\"fr-FR\",\"@id\":\"https:\\\/\\\/www.info-algerie.com\\\/actualites\\\/m-bedoui-reitere-depuis-el-menia-que-letat-ne-renoncera-pas-aux-acquis-sociaux\\\/#primaryimage\",\"url\":\"https:\\\/\\\/www.info-algerie.com\\\/actualites\\\/wp-content\\\/uploads\\\/2017\\\/10\\\/dbb1dbcbba689f1bb5c92e48340e9d3d_S-1.jpg\",\"contentUrl\":\"https:\\\/\\\/www.info-algerie.com\\\/actualites\\\/wp-content\\\/uploads\\\/2017\\\/10\\\/dbb1dbcbba689f1bb5c92e48340e9d3d_S-1.jpg\",\"width\":280,\"height\":169},{\"@type\":\"BreadcrumbList\",\"@id\":\"https:\\\/\\\/www.info-algerie.com\\\/actualites\\\/m-bedoui-reitere-depuis-el-menia-que-letat-ne-renoncera-pas-aux-acquis-sociaux\\\/#breadcrumb\",\"itemListElement\":[{\"@type\":\"ListItem\",\"position\":1,\"name\":\"Accueil\",\"item\":\"https:\\\/\\\/www.info-algerie.com\\\/actualites\\\/\"},{\"@type\":\"ListItem\",\"position\":2,\"name\":\"M. Bedoui r\u00e9it\u00e8re depuis El Menia que l&#039;Etat ne renoncera pas aux acquis sociaux\"}]},{\"@type\":\"WebSite\",\"@id\":\"https:\\\/\\\/www.info-algerie.com\\\/actualites\\\/#website\",\"url\":\"https:\\\/\\\/www.info-algerie.com\\\/actualites\\\/\",\"name\":\"info algerie\",\"description\":\"Toutes les actualit\u00e9s\",\"publisher\":{\"@id\":\"https:\\\/\\\/www.info-algerie.com\\\/actualites\\\/#organization\"},\"potentialAction\":[{\"@type\":\"SearchAction\",\"target\":{\"@type\":\"EntryPoint\",\"urlTemplate\":\"https:\\\/\\\/www.info-algerie.com\\\/actualites\\\/?s={search_term_string}\"},\"query-input\":{\"@type\":\"PropertyValueSpecification\",\"valueRequired\":true,\"valueName\":\"search_term_string\"}}],\"inLanguage\":\"fr-FR\"},{\"@type\":\"Organization\",\"@id\":\"https:\\\/\\\/www.info-algerie.com\\\/actualites\\\/#organization\",\"name\":\"info algerie\",\"url\":\"https:\\\/\\\/www.info-algerie.com\\\/actualites\\\/\",\"logo\":{\"@type\":\"ImageObject\",\"inLanguage\":\"fr-FR\",\"@id\":\"https:\\\/\\\/www.info-algerie.com\\\/actualites\\\/#\\\/schema\\\/logo\\\/image\\\/\",\"url\":\"https:\\\/\\\/www.info-algerie.com\\\/actualites\\\/wp-content\\\/uploads\\\/2022\\\/07\\\/logo-ia-120.png\",\"contentUrl\":\"https:\\\/\\\/www.info-algerie.com\\\/actualites\\\/wp-content\\\/uploads\\\/2022\\\/07\\\/logo-ia-120.png\",\"width\":120,\"height\":43,\"caption\":\"info algerie\"},\"image\":{\"@id\":\"https:\\\/\\\/www.info-algerie.com\\\/actualites\\\/#\\\/schema\\\/logo\\\/image\\\/\"},\"sameAs\":[\"https:\\\/\\\/www.facebook.com\\\/infoalgerieactu\",\"https:\\\/\\\/x.com\\\/infoalgerie1\"]},{\"@type\":\"Person\",\"@id\":\"https:\\\/\\\/www.info-algerie.com\\\/actualites\\\/#\\\/schema\\\/person\\\/847aaec44920825b843a08f30ec6aa1e\",\"name\":\"La r\u00e9daction\",\"image\":{\"@type\":\"ImageObject\",\"inLanguage\":\"fr-FR\",\"@id\":\"https:\\\/\\\/secure.gravatar.com\\\/avatar\\\/769db425c6f465158149f1ffd6cf61ce7a8a879d11dfbef8288af36dfddd418c?s=96&d=mm&r=g\",\"url\":\"https:\\\/\\\/secure.gravatar.com\\\/avatar\\\/769db425c6f465158149f1ffd6cf61ce7a8a879d11dfbef8288af36dfddd418c?s=96&d=mm&r=g\",\"contentUrl\":\"https:\\\/\\\/secure.gravatar.com\\\/avatar\\\/769db425c6f465158149f1ffd6cf61ce7a8a879d11dfbef8288af36dfddd418c?s=96&d=mm&r=g\",\"caption\":\"La r\u00e9daction\"},\"sameAs\":[\"http:\\\/\\\/www.lkeria.com\\\/\"],\"url\":\"https:\\\/\\\/www.info-algerie.com\\\/actualites\\\/author\\\/chakib32\\\/\"}]}<\/script>\n<!-- \/ Yoast SEO plugin. -->","yoast_head_json":{"title":"M. Bedoui r\u00e9it\u00e8re depuis El Menia que l&#039;Etat ne renoncera pas aux acquis sociaux - info algerie","robots":{"index":"index","follow":"follow","max-snippet":"max-snippet:-1","max-image-preview":"max-image-preview:large","max-video-preview":"max-video-preview:-1"},"canonical":"https:\/\/www.info-algerie.com\/actualites\/m-bedoui-reitere-depuis-el-menia-que-letat-ne-renoncera-pas-aux-acquis-sociaux\/","og_locale":"fr_FR","og_type":"article","og_title":"M. Bedoui r\u00e9it\u00e8re depuis El Menia que l&#039;Etat ne renoncera pas aux acquis sociaux - info algerie","og_description":"ALGER &#8211; Le ministre de l&rsquo;Int\u00e9rieur, des collectivit\u00e9s locales et de l&rsquo;am\u00e9nagement du territoire, Noureddine Bedoui, a affirm\u00e9 lundi depuis El Menia que l&rsquo;Etat ne renoncera pas aux acquis sociaux, soutenant que le projet de loi de finances 2018 et le Plan d&rsquo;action du Gouvernement \u00ab\u00a0en sont un message fort\u00a0\u00bb. &#013; &#013; &#013; \u00ab\u00a0L&rsquo;Etat ne","og_url":"https:\/\/www.info-algerie.com\/actualites\/m-bedoui-reitere-depuis-el-menia-que-letat-ne-renoncera-pas-aux-acquis-sociaux\/","og_site_name":"info algerie","article_publisher":"https:\/\/www.facebook.com\/infoalgerieactu","article_published_time":"2017-10-09T16:35:10+00:00","og_image":[{"width":280,"height":169,"url":"https:\/\/www.info-algerie.com\/actualites\/wp-content\/uploads\/2017\/10\/dbb1dbcbba689f1bb5c92e48340e9d3d_S-1.jpg","type":"image\/jpeg"}],"author":"La r\u00e9daction","twitter_misc":{"\u00c9crit par":"La r\u00e9daction","Dur\u00e9e de lecture estim\u00e9e":"2 minutes"},"schema":{"@context":"https:\/\/schema.org","@graph":[{"@type":"Article","@id":"https:\/\/www.info-algerie.com\/actualites\/m-bedoui-reitere-depuis-el-menia-que-letat-ne-renoncera-pas-aux-acquis-sociaux\/#article","isPartOf":{"@id":"https:\/\/www.info-algerie.com\/actualites\/m-bedoui-reitere-depuis-el-menia-que-letat-ne-renoncera-pas-aux-acquis-sociaux\/"},"author":{"name":"La r\u00e9daction","@id":"https:\/\/www.info-algerie.com\/actualites\/#\/schema\/person\/847aaec44920825b843a08f30ec6aa1e"},"headline":"M. Bedoui r\u00e9it\u00e8re depuis El Menia que l&#039;Etat ne renoncera pas aux acquis sociaux","datePublished":"2017-10-09T16:35:10+00:00","mainEntityOfPage":{"@id":"https:\/\/www.info-algerie.com\/actualites\/m-bedoui-reitere-depuis-el-menia-que-letat-ne-renoncera-pas-aux-acquis-sociaux\/"},"wordCount":532,"commentCount":0,"publisher":{"@id":"https:\/\/www.info-algerie.com\/actualites\/#organization"},"image":{"@id":"https:\/\/www.info-algerie.com\/actualites\/m-bedoui-reitere-depuis-el-menia-que-letat-ne-renoncera-pas-aux-acquis-sociaux\/#primaryimage"},"thumbnailUrl":"https:\/\/www.info-algerie.com\/actualites\/wp-content\/uploads\/2017\/10\/dbb1dbcbba689f1bb5c92e48340e9d3d_S-1.jpg","keywords":["ONU"],"articleSection":["infos"],"inLanguage":"fr-FR","potentialAction":[{"@type":"CommentAction","name":"Comment","target":["https:\/\/www.info-algerie.com\/actualites\/m-bedoui-reitere-depuis-el-menia-que-letat-ne-renoncera-pas-aux-acquis-sociaux\/#respond"]}]},{"@type":"WebPage","@id":"https:\/\/www.info-algerie.com\/actualites\/m-bedoui-reitere-depuis-el-menia-que-letat-ne-renoncera-pas-aux-acquis-sociaux\/","url":"https:\/\/www.info-algerie.com\/actualites\/m-bedoui-reitere-depuis-el-menia-que-letat-ne-renoncera-pas-aux-acquis-sociaux\/","name":"M. Bedoui r\u00e9it\u00e8re depuis El Menia que l&#039;Etat ne renoncera pas aux acquis sociaux - info algerie","isPartOf":{"@id":"https:\/\/www.info-algerie.com\/actualites\/#website"},"primaryImageOfPage":{"@id":"https:\/\/www.info-algerie.com\/actualites\/m-bedoui-reitere-depuis-el-menia-que-letat-ne-renoncera-pas-aux-acquis-sociaux\/#primaryimage"},"image":{"@id":"https:\/\/www.info-algerie.com\/actualites\/m-bedoui-reitere-depuis-el-menia-que-letat-ne-renoncera-pas-aux-acquis-sociaux\/#primaryimage"},"thumbnailUrl":"https:\/\/www.info-algerie.com\/actualites\/wp-content\/uploads\/2017\/10\/dbb1dbcbba689f1bb5c92e48340e9d3d_S-1.jpg","datePublished":"2017-10-09T16:35:10+00:00","breadcrumb":{"@id":"https:\/\/www.info-algerie.com\/actualites\/m-bedoui-reitere-depuis-el-menia-que-letat-ne-renoncera-pas-aux-acquis-sociaux\/#breadcrumb"},"inLanguage":"fr-FR","potentialAction":[{"@type":"ReadAction","target":["https:\/\/www.info-algerie.com\/actualites\/m-bedoui-reitere-depuis-el-menia-que-letat-ne-renoncera-pas-aux-acquis-sociaux\/"]}]},{"@type":"ImageObject","inLanguage":"fr-FR","@id":"https:\/\/www.info-algerie.com\/actualites\/m-bedoui-reitere-depuis-el-menia-que-letat-ne-renoncera-pas-aux-acquis-sociaux\/#primaryimage","url":"https:\/\/www.info-algerie.com\/actualites\/wp-content\/uploads\/2017\/10\/dbb1dbcbba689f1bb5c92e48340e9d3d_S-1.jpg","contentUrl":"https:\/\/www.info-algerie.com\/actualites\/wp-content\/uploads\/2017\/10\/dbb1dbcbba689f1bb5c92e48340e9d3d_S-1.jpg","width":280,"height":169},{"@type":"BreadcrumbList","@id":"https:\/\/www.info-algerie.com\/actualites\/m-bedoui-reitere-depuis-el-menia-que-letat-ne-renoncera-pas-aux-acquis-sociaux\/#breadcrumb","itemListElement":[{"@type":"ListItem","position":1,"name":"Accueil","item":"https:\/\/www.info-algerie.com\/actualites\/"},{"@type":"ListItem","position":2,"name":"M. Bedoui r\u00e9it\u00e8re depuis El Menia que l&#039;Etat ne renoncera pas aux acquis sociaux"}]},{"@type":"WebSite","@id":"https:\/\/www.info-algerie.com\/actualites\/#website","url":"https:\/\/www.info-algerie.com\/actualites\/","name":"info algerie","description":"Toutes les actualit\u00e9s","publisher":{"@id":"https:\/\/www.info-algerie.com\/actualites\/#organization"},"potentialAction":[{"@type":"SearchAction","target":{"@type":"EntryPoint","urlTemplate":"https:\/\/www.info-algerie.com\/actualites\/?s={search_term_string}"},"query-input":{"@type":"PropertyValueSpecification","valueRequired":true,"valueName":"search_term_string"}}],"inLanguage":"fr-FR"},{"@type":"Organization","@id":"https:\/\/www.info-algerie.com\/actualites\/#organization","name":"info algerie","url":"https:\/\/www.info-algerie.com\/actualites\/","logo":{"@type":"ImageObject","inLanguage":"fr-FR","@id":"https:\/\/www.info-algerie.com\/actualites\/#\/schema\/logo\/image\/","url":"https:\/\/www.info-algerie.com\/actualites\/wp-content\/uploads\/2022\/07\/logo-ia-120.png","contentUrl":"https:\/\/www.info-algerie.com\/actualites\/wp-content\/uploads\/2022\/07\/logo-ia-120.png","width":120,"height":43,"caption":"info algerie"},"image":{"@id":"https:\/\/www.info-algerie.com\/actualites\/#\/schema\/logo\/image\/"},"sameAs":["https:\/\/www.facebook.com\/infoalgerieactu","https:\/\/x.com\/infoalgerie1"]},{"@type":"Person","@id":"https:\/\/www.info-algerie.com\/actualites\/#\/schema\/person\/847aaec44920825b843a08f30ec6aa1e","name":"La r\u00e9daction","image":{"@type":"ImageObject","inLanguage":"fr-FR","@id":"https:\/\/secure.gravatar.com\/avatar\/769db425c6f465158149f1ffd6cf61ce7a8a879d11dfbef8288af36dfddd418c?s=96&d=mm&r=g","url":"https:\/\/secure.gravatar.com\/avatar\/769db425c6f465158149f1ffd6cf61ce7a8a879d11dfbef8288af36dfddd418c?s=96&d=mm&r=g","contentUrl":"https:\/\/secure.gravatar.com\/avatar\/769db425c6f465158149f1ffd6cf61ce7a8a879d11dfbef8288af36dfddd418c?s=96&d=mm&r=g","caption":"La r\u00e9daction"},"sameAs":["http:\/\/www.lkeria.com\/"],"url":"https:\/\/www.info-algerie.com\/actualites\/author\/chakib32\/"}]}},"_links":{"self":[{"href":"https:\/\/www.info-algerie.com\/actualites\/wp-json\/wp\/v2\/posts\/16719","targetHints":{"allow":["GET"]}}],"collection":[{"href":"https:\/\/www.info-algerie.com\/actualites\/wp-json\/wp\/v2\/posts"}],"about":[{"href":"https:\/\/www.info-algerie.com\/actualites\/wp-json\/wp\/v2\/types\/post"}],"author":[{"embeddable":true,"href":"https:\/\/www.info-algerie.com\/actualites\/wp-json\/wp\/v2\/users\/6"}],"replies":[{"embeddable":true,"href":"https:\/\/www.info-algerie.com\/actualites\/wp-json\/wp\/v2\/comments?post=16719"}],"version-history":[{"count":0,"href":"https:\/\/www.info-algerie.com\/actualites\/wp-json\/wp\/v2\/posts\/16719\/revisions"}],"wp:featuredmedia":[{"embeddable":true,"href":"https:\/\/www.info-algerie.com\/actualites\/wp-json\/wp\/v2\/media\/16720"}],"wp:attachment":[{"href":"https:\/\/www.info-algerie.com\/actualites\/wp-json\/wp\/v2\/media?parent=16719"}],"wp:term":[{"taxonomy":"category","embeddable":true,"href":"https:\/\/www.info-algerie.com\/actualites\/wp-json\/wp\/v2\/categories?post=16719"},{"taxonomy":"post_tag","embeddable":true,"href":"https:\/\/www.info-algerie.com\/actualites\/wp-json\/wp\/v2\/tags?post=16719"}],"curies":[{"name":"wp","href":"https:\/\/api.w.org\/{rel}","templated":true}]}}