{"id":16726,"date":"2017-10-09T18:35:14","date_gmt":"2017-10-09T17:35:14","guid":{"rendered":"http:\/\/www.info-algerie.com\/actualites\/gaid-salah-inaugure-lecole-des-cadets-de-la-nation-de-tamanrasset-la-10eme-du-genre\/"},"modified":"2017-10-09T18:35:14","modified_gmt":"2017-10-09T17:35:14","slug":"gaid-salah-inaugure-lecole-des-cadets-de-la-nation-de-tamanrasset-la-10eme-du-genre","status":"publish","type":"post","link":"https:\/\/www.info-algerie.com\/actualites\/gaid-salah-inaugure-lecole-des-cadets-de-la-nation-de-tamanrasset-la-10eme-du-genre\/","title":{"rendered":"Ga\u00efd Salah inaugure l&#039;Ecole des cadets de la Nation de Tamanrasset, la 10\u00e8me du genre"},"content":{"rendered":"<div class=\"K2FeedImage\"><img decoding=\"async\" src=\"https:\/\/www.info-algerie.com\/actualites\/wp-content\/uploads\/2017\/10\/2e63b859b6fb474af078d0dd71e2f674_S.jpg\" alt=\"Ga&#xEF;d Salah inaugure l'Ecole des cadets de la Nation de Tamanrasset, la 10&#xE8;me du genre\" \/><\/div>\n<div class=\"K2FeedIntroText\">\n<p>ALGER- Le g\u00e9n\u00e9ral de corps d&rsquo;arm\u00e9e, Ahmed Ga\u00efd Salah, vice-ministre de la D\u00e9fense nationale, chef d&rsquo;\u00e9tat-major de l&rsquo;Arm\u00e9e nationale populaire (ANP) a proc\u00e9d\u00e9 lundi, deuxi\u00e8me jour de sa visite de travail et d&rsquo;inspection \u00e0 la 6\u00e8me R\u00e9gion militaire, \u00e0 l&rsquo;inauguration de l&rsquo;Ecole des cadets de la Nation \u00e0 Tamanrasset, indique un communiqu\u00e9 du minist\u00e8re de la D\u00e9fense nationale (MDN).<\/p>\n<p>&#013;\n<\/p><\/div>\n<div class=\"K2FeedFullText\">&#013;<\/p>\n<p>L&rsquo;Ecole des cadets de la Nation de Tamanrasset est la 10\u00e8me Ecole r\u00e9alis\u00e9e ces derni\u00e8res ann\u00e9es, d\u00e9di\u00e9e \u00e0 l&rsquo;enseignement moyen avec une capacit\u00e9 de 800 places p\u00e9dagogiques.\u00a0<\/p>\n<p>&#013;<\/p>\n<p>Ayant ouvert la formation des cadets \u00e0 compter de l&rsquo;actuelle ann\u00e9e scolaire 2017\/2018, l&rsquo;Ecole garantit un enseignement de haut niveau et dispose de toutes les commodit\u00e9s et les moyens mat\u00e9riels, humains et p\u00e9dagogiques modernes, \u00e0 l&rsquo;instar de laboratoires de sciences appliqu\u00e9es et technologiques, de salles de cours assist\u00e9s par ordinateur, de laboratoires de langues, de salles Internet, d&rsquo;amphith\u00e9\u00e2tres, de biblioth\u00e8ques et d&rsquo;infrastructures de sports et de loisirs, pr\u00e9cise-t-on de m\u00eame source.<\/p>\n<p>&#013;<\/p>\n<p>Suite \u00e0 l&rsquo;inauguration de cette \u00e9cole, Ga\u00efd Salah, accompagn\u00e9 du g\u00e9n\u00e9ral-major Meftah Souab, commandant de la 6\u00e8me R\u00e9gion militaire, a suivi une pr\u00e9sentation donn\u00e9e par le commandant de l&rsquo;\u00e9cole, avant de visiter les diff\u00e9rentes infrastructures administratives et p\u00e9dagogiques ainsi que les diff\u00e9rents laboratoires et de s&rsquo;entretenir longuement avec les cadets.<\/p>\n<p>&#013;<\/p>\n<p>Le g\u00e9n\u00e9ral de corps d&rsquo;arm\u00e9e a ensuite prononc\u00e9 une allocution d&rsquo;orientation, suivie par l&rsquo;ensemble des cadets au niveau des dix Ecoles implant\u00e9es sur tout le territoire national, \u00e0 travers laquelle il a rappel\u00e9 \u00ab\u00a0l&rsquo;importance extr\u00eame et l&rsquo;int\u00e9r\u00eat capital accord\u00e9s par le Haut Commandement de l&rsquo;ANP pour l&rsquo;assurance d&rsquo;une \u00e9galit\u00e9 des chances aux enfants du peuple alg\u00e9rien et pour le renforcement de l&rsquo;appareil de formation de l&rsquo;Arm\u00e9e par ce nouvel \u00e9difice qui vient approvisionner nos Forces arm\u00e9es en une g\u00e9n\u00e9ration d&rsquo;\u00e9lites, pleine de valeurs nationales, fi\u00e8re de ses valeureux a\u00efeux et de leurs exploits\u00a0\u00bb.<\/p>\n<p>&#013;<\/p>\n<p>\u00a0<\/p>\n<p>&#013;<\/p>\n<p style=\"text-align: center\"><strong>La R\u00e9volution de Novembre a contribu\u00e9 \u00e0 r\u00e9pandre les pr\u00e9ceptes de libert\u00e9 et de paix dans le monde<\/strong><\/p>\n<p>&#013;<\/p>\n<p><strong>\u00a0<\/strong><\/p>\n<p>&#013;<\/p>\n<p>\u00ab\u00a0Nous avons pleinement conscience au sein de l&rsquo;ANP, digne h\u00e9riti\u00e8re de l&rsquo;Arm\u00e9e de lib\u00e9ration nationale, et nous \u0153uvrons laborieusement avec la volont\u00e9 d&rsquo;Allah le Tout-Puissant, et sous le Commandement de Son Excellence Monsieur le pr\u00e9sident de la R\u00e9publique, chef supr\u00eame des Forces arm\u00e9es, ministre de la D\u00e9fense nationale, \u00e0 ancrer les moralit\u00e9s de le R\u00e9volution de Novembre et ses nobles valeurs dans la m\u00e9moire des loyales g\u00e9n\u00e9rations montantes\u00a0\u00bb, a affirm\u00e9 Ga\u00efd Salah.\u00a0<\/p>\n<p>&#013;<\/p>\n<p>L&rsquo;objectif \u00e9tant, a-t-il soulign\u00e9, de permettre \u00e0 ces g\u00e9n\u00e9rations montantes de \u00ab\u00a0comprendre le message de Novembre et de concevoir ses dimensions et sa noblesse comme \u00e9tant l&rsquo;une des plus grandes des \u00e9pop\u00e9es, des plus \u00e9minentes, des plus authentiques et des plus ch\u00e8res aux c\u0153urs des\u00a0<\/p>\n<p>&#013;<\/p>\n<p>Alg\u00e9riens, objet des \u00e9loges, faisant l\u00e9gitimement la fiert\u00e9 de notre Arm\u00e9e, aujourd&rsquo;hui et toujours, comme \u00e9tant le prolongement des racines de l&rsquo;auteur de cette \u00e9pop\u00e9e: l&rsquo;Arm\u00e9e de lib\u00e9ration nationale, dont la flamme restera rayonnante et distingu\u00e9e, tout autant que celle du r\u00f4le magistral assign\u00e9 \u00e0 l&rsquo;ANP dans le cadre de ses missions\u00a0\u00bb.<\/p>\n<p>&#013;<\/p>\n<p>Partant de ce postulat pr\u00e9cis\u00e9ment, \u00ab\u00a0il devient naturel, voire imp\u00e9ratif, a estim\u00e9 le g\u00e9n\u00e9ral de corps d&rsquo;arm\u00e9e, que la m\u00e9moire des Alg\u00e9riens, notamment la jeune g\u00e9n\u00e9ration, revienne sur le pass\u00e9 glorieux de leur pays, pour en tirer un capital moral, que je sais abondant et incomparable, leur permettant, r\u00e9solument, de faire face, voire de remporter tous les d\u00e9fis, de surpasser tous les obstacles et de poursuivre leur voie avec tout l&rsquo;espoir et l&rsquo;ambition, contribuant v\u00e9ritablement et efficacement \u00e0 l&rsquo;\u00e9dification de l&rsquo;avenir de leur Patrie\u00a0\u00bb.<\/p>\n<p>&#013;<\/p>\n<blockquote><p>&#013;<\/p>\n<p><em><strong>\u00ab\u00a0L&rsquo;histoire de l&rsquo;Alg\u00e9rie, qui fait notre grande fiert\u00e9 aujourd&rsquo;hui, n&rsquo;aurait pu s&rsquo;accomplir, comme nous le savons tous, sans ces braves et vaillants hommes, qui ont sacrifi\u00e9 leur pr\u00e9sent pour l&rsquo;avenir de l&rsquo;Alg\u00e9rie, qui voyaient en ce temps-l\u00e0, un avenir honorable et prometteur. Il vous revient aujourd&rsquo;hui d&rsquo;avoir foi que l&rsquo;avenir de l&rsquo;Alg\u00e9rie doit \u00eatre en parfait accord avec son histoire nationale exemplaire, voire prodigieuse\u00a0\u00bb, a poursuivi Ga\u00efd Salah.<\/strong><\/em><\/p>\n<p>&#013;\n<\/p><\/blockquote>\n<p>&#013;<\/p>\n<p>\u00ab\u00a0Sachez, que votre pays l&rsquo;Alg\u00e9rie, gr\u00e2ce \u00e0 sa Glorieuse R\u00e9volution et son histoire nationale pleine de bravoure et de vaillance, a su mettre son empreinte, distinctement, sur les pages de l&rsquo;Histoire contemporaine de l&rsquo;humanit\u00e9, et graver avec des paroles en or, la capacit\u00e9 de l&rsquo;homme \u00e0 changer le cours des \u00e9v\u00e9nements de l&rsquo;histoire, et de les r\u00e9orienter et les reformuler selon ses aspirations l\u00e9gitimes et ses ambitions fond\u00e9es.<\/p>\n<p>&#013;<\/p>\n<p>L&rsquo;Histoire de l&rsquo;humanit\u00e9 gardera en m\u00e9moire, sans l&rsquo;ombre d&rsquo;un doute, et avec r\u00e9v\u00e9rence, la grandeur de l&rsquo;Alg\u00e9rie, de son peuple et de sa R\u00e9volution populaire salutaire, et comm\u00e9morera l&rsquo;h\u00e9ro\u00efsme de leurs auteurs, et se rem\u00e9morera le r\u00f4le leader qui a contribu\u00e9, \u00e0 travers cette Glorieuse R\u00e9volution, \u00e0 r\u00e9pandre et \u00e0 g\u00e9n\u00e9raliser les pr\u00e9ceptes de la libert\u00e9 et de la paix \u00e0 travers le monde\u00a0\u00bb, a-t-il relev\u00e9 \u00e0 l&rsquo;adresse des cadets des dix Ecoles du pays.<\/p>\n<p>&#013;<\/p>\n<p>\u00a0<\/p>\n<p>&#013;<\/p>\n<p style=\"text-align: center\"><strong>Faire des Ecoles des cadets de la Nation une v\u00e9ritable p\u00e9pini\u00e8re de formation de comp\u00e9tences\u00a0<\/strong><\/p>\n<p>&#013;<\/p>\n<p><strong>\u00a0<\/strong><\/p>\n<p>&#013;<\/p>\n<p>Le g\u00e9n\u00e9ral de corps d&rsquo;arm\u00e9e a rappel\u00e9, dans ce cadre, \u00ab\u00a0les r\u00e9sultats excellents enregistr\u00e9s par les Ecoles des cadets de la Nation chaque ann\u00e9e, lors des \u00e9preuves du Baccalaur\u00e9at et du Brevet de l&rsquo;enseignement moyen, prouvant ainsi l&rsquo;efficacit\u00e9 de ce cursus scolaire dans la formation de jeunes cadres parfaitement qualifi\u00e9s\u00a0\u00bb.<\/p>\n<p>&#013;<\/p>\n<p>\u00a0<\/p>\n<p>&#013;<\/p>\n<p><img decoding=\"async\" src=\"https:\/\/www.info-algerie.com\/actualites\/wp-content\/uploads\/2017\/10\/cadets.jpg\" alt=\"\" \/><\/p>\n<p>&#013;<\/p>\n<p>\u00ab\u00a0L&rsquo;aspiration de l&rsquo;ANP, digne h\u00e9riti\u00e8re de l&rsquo;Arm\u00e9e de lib\u00e9ration nationale, \u00e0 renforcer le pivot de sa force, qui s&rsquo;appuie sur le bon sens et les mains fermes de ses fils, est une ambition illimit\u00e9e. Inspir\u00e9s de cette ambition, nous valorisons les r\u00e9sultats excellents obtenus par les cadets de la Nation, ces r\u00e9centes ann\u00e9es\u00a0\u00bb, a affirm\u00e9 Ga\u00efd Salah qui a appel\u00e9 \u00e0 faire des toutes les Ecoles des cadets de la Nation \u00ab\u00a0une v\u00e9ritable p\u00e9pini\u00e8re de formation de comp\u00e9tences jeunes, pleinement conscientes, parfaitement qualifi\u00e9es et fi\u00e8res de leur histoire nationale\u00a0\u00bb, en accord avec l&rsquo;attention port\u00e9e par le pr\u00e9sident de la R\u00e9publique, \u00ab\u00a0qui veille, en permanence, \u00e0 assurer un environnement favorable, permettant \u00e0 la jeunesse alg\u00e9rienne de s&rsquo;impr\u00e9gner des valeurs et des principes de son histoire nationale\u00a0\u00bb.<\/p>\n<p>&#013;<\/p>\n<p>En concr\u00e9tisation de ces orientations, \u00ab\u00a0nous \u0153uvrons avec application, au sein de l&rsquo;ANP, \u00e0 faire de notre capital historique une source essentielle pour sensibiliser les \u00e9l\u00e9ments et leur faire prendre conscience du poids de la responsabilit\u00e9 qui est \u00e0 leur charge. A cet effet, la mati\u00e8re d&rsquo;histoire a \u00e9t\u00e9 \u00e9tablie mati\u00e8re principale et permanente au sein de notre appareil d&rsquo;instruction et de formation\u00a0\u00bb, a fait valoir le g\u00e9n\u00e9ral de corps d&rsquo;arm\u00e9e.<\/p>\n<p>&#013;<\/p>\n<p>Afin d&rsquo;atteindre ces objectifs \u00ab\u00a0ambitieux et l\u00e9gitimes\u00a0\u00bb, le vice-ministre de la D\u00e9fense nationale a exhort\u00e9 l&rsquo;ensemble \u00e0 \u00ab\u00a0fournir davantage d&rsquo;efforts, \u00e0 \u0153uvrer consciencieusement, afin de r\u00e9aliser les r\u00e9sultats aspir\u00e9s et d&rsquo;impr\u00e9gner l&rsquo;optique d&rsquo;enseignement, de formation, de discipline psychique et moral\u00a0\u00bb, afin qu&rsquo;elle soit \u00ab\u00a0un exemple \u00e0 suivre \u00e0 l&rsquo;avenir\u00a0\u00bb.<\/p>\n<p>&#013;<\/p>\n<p>Il a, dans ce sens, exhort\u00e9 les cadres et les professeurs de l&rsquo;Ecole \u00e0 \u00ab\u00a0fournir le maximum d&rsquo;effort, pour atteindre les r\u00e9sultats vis\u00e9s et remporter l&rsquo;enjeu d&rsquo;un enseignement fructueux et d&rsquo;une formation productive\u00a0\u00bb, conjugu\u00e9s \u00e0 \u00ab\u00a0une \u00e9thique irr\u00e9prochable et une discipline stricte\u00a0\u00bb.<\/p>\n<p>&#013;<\/p>\n<p>Le g\u00e9n\u00e9ral de corps d&rsquo;arm\u00e9e a, par la suite, \u00e9cout\u00e9 les interventions des cadets et enseignants de cette Ecole qui ont exprim\u00e9 leur gratitude pour l&rsquo;int\u00e9r\u00eat que porte le Haut Commandement de l&rsquo;ANP \u00e0 l&rsquo;enseignement et aux futures g\u00e9n\u00e9rations.<\/p>\n<p>&#013;<\/p>\n<p>A l&rsquo;issue de cette visite, il a d\u00e9jeun\u00e9 avec les cadets de la Nation avant qu&rsquo;une photo souvenir ne soit prise.<\/p>\n<p>&#013;<\/p>\n<p>Lors du premier jour de sa visite \u00e0 la 6\u00e8me R\u00e9gion militaire, le g\u00e9n\u00e9ral de corps d&rsquo;arm\u00e9e avait eu tenu une rencontre d&rsquo;orientation avec les cadres et les \u00e9l\u00e9ments de la R\u00e9gion, et inspect\u00e9 quelques unit\u00e9s mobilis\u00e9es aux fronti\u00e8res sud du pays.<\/p>\n<p>&#013;<\/p>\n<p>\u00a0<\/p>\n<\/div>\n<p>&#013;<br \/>\nSource: <a href=\"http:\/\/www.aps.dz\/algerie\/63753-gaid-salah-inaugure-l-ecole-des-cadets-de-la-nation-de-tamanrasset-la-10eme-du-genre\" target=\"_blank\">Ga\u00efd Salah inaugure l&rsquo;Ecole des cadets de la Nation de Tamanrasset, la 10\u00e8me du genre<\/a><\/p>\n<!--CusAds0-->\n<div style=\"font-size: 0px; height: 0px; line-height: 0px; margin: 0; padding: 0; clear: both;\"><\/div>","protected":false},"excerpt":{"rendered":"<p>ALGER- Le g\u00e9n\u00e9ral de corps d&rsquo;arm\u00e9e, Ahmed Ga\u00efd Salah, vice-ministre de la D\u00e9fense nationale, chef d&rsquo;\u00e9tat-major de l&rsquo;Arm\u00e9e nationale populaire (ANP) a proc\u00e9d\u00e9 lundi, deuxi\u00e8me jour de sa visite de travail et d&rsquo;inspection \u00e0 la 6\u00e8me R\u00e9gion militaire, \u00e0 l&rsquo;inauguration de l&rsquo;Ecole des cadets de la Nation \u00e0 Tamanrasset, indique un communiqu\u00e9 du minist\u00e8re de<\/p>\n","protected":false},"author":6,"featured_media":16727,"comment_status":"open","ping_status":"open","sticky":false,"template":"","format":"standard","meta":{"footnotes":""},"categories":[22],"tags":[93],"class_list":["post-16726","post","type-post","status-publish","format-standard","has-post-thumbnail","hentry","category-infos","tag-onu"],"yoast_head":"<!-- This site is optimized with the Yoast SEO plugin v27.5 - https:\/\/yoast.com\/product\/yoast-seo-wordpress\/ -->\n<title>Ga\u00efd Salah inaugure l&#039;Ecole des cadets de la Nation de Tamanrasset, la 10\u00e8me du genre - info algerie<\/title>\n<meta name=\"robots\" content=\"index, follow, max-snippet:-1, max-image-preview:large, max-video-preview:-1\" \/>\n<link rel=\"canonical\" href=\"https:\/\/www.info-algerie.com\/actualites\/gaid-salah-inaugure-lecole-des-cadets-de-la-nation-de-tamanrasset-la-10eme-du-genre\/\" \/>\n<meta property=\"og:locale\" content=\"fr_FR\" \/>\n<meta property=\"og:type\" content=\"article\" \/>\n<meta property=\"og:title\" content=\"Ga\u00efd Salah inaugure l&#039;Ecole des cadets de la Nation de Tamanrasset, la 10\u00e8me du genre - info algerie\" \/>\n<meta property=\"og:description\" content=\"ALGER- Le g\u00e9n\u00e9ral de corps d&rsquo;arm\u00e9e, Ahmed Ga\u00efd Salah, vice-ministre de la D\u00e9fense nationale, chef d&rsquo;\u00e9tat-major de l&rsquo;Arm\u00e9e nationale populaire (ANP) a proc\u00e9d\u00e9 lundi, deuxi\u00e8me jour de sa visite de travail et d&rsquo;inspection \u00e0 la 6\u00e8me R\u00e9gion militaire, \u00e0 l&rsquo;inauguration de l&rsquo;Ecole des cadets de la Nation \u00e0 Tamanrasset, indique un communiqu\u00e9 du minist\u00e8re de\" \/>\n<meta property=\"og:url\" content=\"https:\/\/www.info-algerie.com\/actualites\/gaid-salah-inaugure-lecole-des-cadets-de-la-nation-de-tamanrasset-la-10eme-du-genre\/\" \/>\n<meta property=\"og:site_name\" content=\"info algerie\" \/>\n<meta property=\"article:publisher\" content=\"https:\/\/www.facebook.com\/infoalgerieactu\" \/>\n<meta property=\"article:published_time\" content=\"2017-10-09T17:35:14+00:00\" \/>\n<meta property=\"og:image\" content=\"https:\/\/www.info-algerie.com\/actualites\/wp-content\/uploads\/2017\/10\/2e63b859b6fb474af078d0dd71e2f674_S-1.jpg\" \/>\n\t<meta property=\"og:image:width\" content=\"280\" \/>\n\t<meta property=\"og:image:height\" content=\"169\" \/>\n\t<meta property=\"og:image:type\" content=\"image\/jpeg\" \/>\n<meta name=\"author\" content=\"La r\u00e9daction\" \/>\n<meta name=\"twitter:label1\" content=\"\u00c9crit par\" \/>\n\t<meta name=\"twitter:data1\" content=\"La r\u00e9daction\" \/>\n\t<meta name=\"twitter:label2\" content=\"Dur\u00e9e de lecture estim\u00e9e\" \/>\n\t<meta name=\"twitter:data2\" content=\"7 minutes\" \/>\n<script type=\"application\/ld+json\" class=\"yoast-schema-graph\">{\"@context\":\"https:\\\/\\\/schema.org\",\"@graph\":[{\"@type\":\"Article\",\"@id\":\"https:\\\/\\\/www.info-algerie.com\\\/actualites\\\/gaid-salah-inaugure-lecole-des-cadets-de-la-nation-de-tamanrasset-la-10eme-du-genre\\\/#article\",\"isPartOf\":{\"@id\":\"https:\\\/\\\/www.info-algerie.com\\\/actualites\\\/gaid-salah-inaugure-lecole-des-cadets-de-la-nation-de-tamanrasset-la-10eme-du-genre\\\/\"},\"author\":{\"name\":\"La r\u00e9daction\",\"@id\":\"https:\\\/\\\/www.info-algerie.com\\\/actualites\\\/#\\\/schema\\\/person\\\/847aaec44920825b843a08f30ec6aa1e\"},\"headline\":\"Ga\u00efd Salah inaugure l&#039;Ecole des cadets de la Nation de Tamanrasset, la 10\u00e8me du genre\",\"datePublished\":\"2017-10-09T17:35:14+00:00\",\"mainEntityOfPage\":{\"@id\":\"https:\\\/\\\/www.info-algerie.com\\\/actualites\\\/gaid-salah-inaugure-lecole-des-cadets-de-la-nation-de-tamanrasset-la-10eme-du-genre\\\/\"},\"wordCount\":1523,\"commentCount\":0,\"publisher\":{\"@id\":\"https:\\\/\\\/www.info-algerie.com\\\/actualites\\\/#organization\"},\"image\":{\"@id\":\"https:\\\/\\\/www.info-algerie.com\\\/actualites\\\/gaid-salah-inaugure-lecole-des-cadets-de-la-nation-de-tamanrasset-la-10eme-du-genre\\\/#primaryimage\"},\"thumbnailUrl\":\"https:\\\/\\\/www.info-algerie.com\\\/actualites\\\/wp-content\\\/uploads\\\/2017\\\/10\\\/2e63b859b6fb474af078d0dd71e2f674_S-1.jpg\",\"keywords\":[\"ONU\"],\"articleSection\":[\"infos\"],\"inLanguage\":\"fr-FR\",\"potentialAction\":[{\"@type\":\"CommentAction\",\"name\":\"Comment\",\"target\":[\"https:\\\/\\\/www.info-algerie.com\\\/actualites\\\/gaid-salah-inaugure-lecole-des-cadets-de-la-nation-de-tamanrasset-la-10eme-du-genre\\\/#respond\"]}]},{\"@type\":\"WebPage\",\"@id\":\"https:\\\/\\\/www.info-algerie.com\\\/actualites\\\/gaid-salah-inaugure-lecole-des-cadets-de-la-nation-de-tamanrasset-la-10eme-du-genre\\\/\",\"url\":\"https:\\\/\\\/www.info-algerie.com\\\/actualites\\\/gaid-salah-inaugure-lecole-des-cadets-de-la-nation-de-tamanrasset-la-10eme-du-genre\\\/\",\"name\":\"Ga\u00efd Salah inaugure l&#039;Ecole des cadets de la Nation de Tamanrasset, la 10\u00e8me du genre - info algerie\",\"isPartOf\":{\"@id\":\"https:\\\/\\\/www.info-algerie.com\\\/actualites\\\/#website\"},\"primaryImageOfPage\":{\"@id\":\"https:\\\/\\\/www.info-algerie.com\\\/actualites\\\/gaid-salah-inaugure-lecole-des-cadets-de-la-nation-de-tamanrasset-la-10eme-du-genre\\\/#primaryimage\"},\"image\":{\"@id\":\"https:\\\/\\\/www.info-algerie.com\\\/actualites\\\/gaid-salah-inaugure-lecole-des-cadets-de-la-nation-de-tamanrasset-la-10eme-du-genre\\\/#primaryimage\"},\"thumbnailUrl\":\"https:\\\/\\\/www.info-algerie.com\\\/actualites\\\/wp-content\\\/uploads\\\/2017\\\/10\\\/2e63b859b6fb474af078d0dd71e2f674_S-1.jpg\",\"datePublished\":\"2017-10-09T17:35:14+00:00\",\"breadcrumb\":{\"@id\":\"https:\\\/\\\/www.info-algerie.com\\\/actualites\\\/gaid-salah-inaugure-lecole-des-cadets-de-la-nation-de-tamanrasset-la-10eme-du-genre\\\/#breadcrumb\"},\"inLanguage\":\"fr-FR\",\"potentialAction\":[{\"@type\":\"ReadAction\",\"target\":[\"https:\\\/\\\/www.info-algerie.com\\\/actualites\\\/gaid-salah-inaugure-lecole-des-cadets-de-la-nation-de-tamanrasset-la-10eme-du-genre\\\/\"]}]},{\"@type\":\"ImageObject\",\"inLanguage\":\"fr-FR\",\"@id\":\"https:\\\/\\\/www.info-algerie.com\\\/actualites\\\/gaid-salah-inaugure-lecole-des-cadets-de-la-nation-de-tamanrasset-la-10eme-du-genre\\\/#primaryimage\",\"url\":\"https:\\\/\\\/www.info-algerie.com\\\/actualites\\\/wp-content\\\/uploads\\\/2017\\\/10\\\/2e63b859b6fb474af078d0dd71e2f674_S-1.jpg\",\"contentUrl\":\"https:\\\/\\\/www.info-algerie.com\\\/actualites\\\/wp-content\\\/uploads\\\/2017\\\/10\\\/2e63b859b6fb474af078d0dd71e2f674_S-1.jpg\",\"width\":280,\"height\":169},{\"@type\":\"BreadcrumbList\",\"@id\":\"https:\\\/\\\/www.info-algerie.com\\\/actualites\\\/gaid-salah-inaugure-lecole-des-cadets-de-la-nation-de-tamanrasset-la-10eme-du-genre\\\/#breadcrumb\",\"itemListElement\":[{\"@type\":\"ListItem\",\"position\":1,\"name\":\"Accueil\",\"item\":\"https:\\\/\\\/www.info-algerie.com\\\/actualites\\\/\"},{\"@type\":\"ListItem\",\"position\":2,\"name\":\"Ga\u00efd Salah inaugure l&#039;Ecole des cadets de la Nation de Tamanrasset, la 10\u00e8me du genre\"}]},{\"@type\":\"WebSite\",\"@id\":\"https:\\\/\\\/www.info-algerie.com\\\/actualites\\\/#website\",\"url\":\"https:\\\/\\\/www.info-algerie.com\\\/actualites\\\/\",\"name\":\"info algerie\",\"description\":\"Toutes les actualit\u00e9s\",\"publisher\":{\"@id\":\"https:\\\/\\\/www.info-algerie.com\\\/actualites\\\/#organization\"},\"potentialAction\":[{\"@type\":\"SearchAction\",\"target\":{\"@type\":\"EntryPoint\",\"urlTemplate\":\"https:\\\/\\\/www.info-algerie.com\\\/actualites\\\/?s={search_term_string}\"},\"query-input\":{\"@type\":\"PropertyValueSpecification\",\"valueRequired\":true,\"valueName\":\"search_term_string\"}}],\"inLanguage\":\"fr-FR\"},{\"@type\":\"Organization\",\"@id\":\"https:\\\/\\\/www.info-algerie.com\\\/actualites\\\/#organization\",\"name\":\"info algerie\",\"url\":\"https:\\\/\\\/www.info-algerie.com\\\/actualites\\\/\",\"logo\":{\"@type\":\"ImageObject\",\"inLanguage\":\"fr-FR\",\"@id\":\"https:\\\/\\\/www.info-algerie.com\\\/actualites\\\/#\\\/schema\\\/logo\\\/image\\\/\",\"url\":\"https:\\\/\\\/www.info-algerie.com\\\/actualites\\\/wp-content\\\/uploads\\\/2022\\\/07\\\/logo-ia-120.png\",\"contentUrl\":\"https:\\\/\\\/www.info-algerie.com\\\/actualites\\\/wp-content\\\/uploads\\\/2022\\\/07\\\/logo-ia-120.png\",\"width\":120,\"height\":43,\"caption\":\"info algerie\"},\"image\":{\"@id\":\"https:\\\/\\\/www.info-algerie.com\\\/actualites\\\/#\\\/schema\\\/logo\\\/image\\\/\"},\"sameAs\":[\"https:\\\/\\\/www.facebook.com\\\/infoalgerieactu\",\"https:\\\/\\\/x.com\\\/infoalgerie1\"]},{\"@type\":\"Person\",\"@id\":\"https:\\\/\\\/www.info-algerie.com\\\/actualites\\\/#\\\/schema\\\/person\\\/847aaec44920825b843a08f30ec6aa1e\",\"name\":\"La r\u00e9daction\",\"image\":{\"@type\":\"ImageObject\",\"inLanguage\":\"fr-FR\",\"@id\":\"https:\\\/\\\/secure.gravatar.com\\\/avatar\\\/769db425c6f465158149f1ffd6cf61ce7a8a879d11dfbef8288af36dfddd418c?s=96&d=mm&r=g\",\"url\":\"https:\\\/\\\/secure.gravatar.com\\\/avatar\\\/769db425c6f465158149f1ffd6cf61ce7a8a879d11dfbef8288af36dfddd418c?s=96&d=mm&r=g\",\"contentUrl\":\"https:\\\/\\\/secure.gravatar.com\\\/avatar\\\/769db425c6f465158149f1ffd6cf61ce7a8a879d11dfbef8288af36dfddd418c?s=96&d=mm&r=g\",\"caption\":\"La r\u00e9daction\"},\"sameAs\":[\"http:\\\/\\\/www.lkeria.com\\\/\"],\"url\":\"https:\\\/\\\/www.info-algerie.com\\\/actualites\\\/author\\\/chakib32\\\/\"}]}<\/script>\n<!-- \/ Yoast SEO plugin. -->","yoast_head_json":{"title":"Ga\u00efd Salah inaugure l&#039;Ecole des cadets de la Nation de Tamanrasset, la 10\u00e8me du genre - info algerie","robots":{"index":"index","follow":"follow","max-snippet":"max-snippet:-1","max-image-preview":"max-image-preview:large","max-video-preview":"max-video-preview:-1"},"canonical":"https:\/\/www.info-algerie.com\/actualites\/gaid-salah-inaugure-lecole-des-cadets-de-la-nation-de-tamanrasset-la-10eme-du-genre\/","og_locale":"fr_FR","og_type":"article","og_title":"Ga\u00efd Salah inaugure l&#039;Ecole des cadets de la Nation de Tamanrasset, la 10\u00e8me du genre - info algerie","og_description":"ALGER- Le g\u00e9n\u00e9ral de corps d&rsquo;arm\u00e9e, Ahmed Ga\u00efd Salah, vice-ministre de la D\u00e9fense nationale, chef d&rsquo;\u00e9tat-major de l&rsquo;Arm\u00e9e nationale populaire (ANP) a proc\u00e9d\u00e9 lundi, deuxi\u00e8me jour de sa visite de travail et d&rsquo;inspection \u00e0 la 6\u00e8me R\u00e9gion militaire, \u00e0 l&rsquo;inauguration de l&rsquo;Ecole des cadets de la Nation \u00e0 Tamanrasset, indique un communiqu\u00e9 du minist\u00e8re de","og_url":"https:\/\/www.info-algerie.com\/actualites\/gaid-salah-inaugure-lecole-des-cadets-de-la-nation-de-tamanrasset-la-10eme-du-genre\/","og_site_name":"info algerie","article_publisher":"https:\/\/www.facebook.com\/infoalgerieactu","article_published_time":"2017-10-09T17:35:14+00:00","og_image":[{"width":280,"height":169,"url":"https:\/\/www.info-algerie.com\/actualites\/wp-content\/uploads\/2017\/10\/2e63b859b6fb474af078d0dd71e2f674_S-1.jpg","type":"image\/jpeg"}],"author":"La r\u00e9daction","twitter_misc":{"\u00c9crit par":"La r\u00e9daction","Dur\u00e9e de lecture estim\u00e9e":"7 minutes"},"schema":{"@context":"https:\/\/schema.org","@graph":[{"@type":"Article","@id":"https:\/\/www.info-algerie.com\/actualites\/gaid-salah-inaugure-lecole-des-cadets-de-la-nation-de-tamanrasset-la-10eme-du-genre\/#article","isPartOf":{"@id":"https:\/\/www.info-algerie.com\/actualites\/gaid-salah-inaugure-lecole-des-cadets-de-la-nation-de-tamanrasset-la-10eme-du-genre\/"},"author":{"name":"La r\u00e9daction","@id":"https:\/\/www.info-algerie.com\/actualites\/#\/schema\/person\/847aaec44920825b843a08f30ec6aa1e"},"headline":"Ga\u00efd Salah inaugure l&#039;Ecole des cadets de la Nation de Tamanrasset, la 10\u00e8me du genre","datePublished":"2017-10-09T17:35:14+00:00","mainEntityOfPage":{"@id":"https:\/\/www.info-algerie.com\/actualites\/gaid-salah-inaugure-lecole-des-cadets-de-la-nation-de-tamanrasset-la-10eme-du-genre\/"},"wordCount":1523,"commentCount":0,"publisher":{"@id":"https:\/\/www.info-algerie.com\/actualites\/#organization"},"image":{"@id":"https:\/\/www.info-algerie.com\/actualites\/gaid-salah-inaugure-lecole-des-cadets-de-la-nation-de-tamanrasset-la-10eme-du-genre\/#primaryimage"},"thumbnailUrl":"https:\/\/www.info-algerie.com\/actualites\/wp-content\/uploads\/2017\/10\/2e63b859b6fb474af078d0dd71e2f674_S-1.jpg","keywords":["ONU"],"articleSection":["infos"],"inLanguage":"fr-FR","potentialAction":[{"@type":"CommentAction","name":"Comment","target":["https:\/\/www.info-algerie.com\/actualites\/gaid-salah-inaugure-lecole-des-cadets-de-la-nation-de-tamanrasset-la-10eme-du-genre\/#respond"]}]},{"@type":"WebPage","@id":"https:\/\/www.info-algerie.com\/actualites\/gaid-salah-inaugure-lecole-des-cadets-de-la-nation-de-tamanrasset-la-10eme-du-genre\/","url":"https:\/\/www.info-algerie.com\/actualites\/gaid-salah-inaugure-lecole-des-cadets-de-la-nation-de-tamanrasset-la-10eme-du-genre\/","name":"Ga\u00efd Salah inaugure l&#039;Ecole des cadets de la Nation de Tamanrasset, la 10\u00e8me du genre - info algerie","isPartOf":{"@id":"https:\/\/www.info-algerie.com\/actualites\/#website"},"primaryImageOfPage":{"@id":"https:\/\/www.info-algerie.com\/actualites\/gaid-salah-inaugure-lecole-des-cadets-de-la-nation-de-tamanrasset-la-10eme-du-genre\/#primaryimage"},"image":{"@id":"https:\/\/www.info-algerie.com\/actualites\/gaid-salah-inaugure-lecole-des-cadets-de-la-nation-de-tamanrasset-la-10eme-du-genre\/#primaryimage"},"thumbnailUrl":"https:\/\/www.info-algerie.com\/actualites\/wp-content\/uploads\/2017\/10\/2e63b859b6fb474af078d0dd71e2f674_S-1.jpg","datePublished":"2017-10-09T17:35:14+00:00","breadcrumb":{"@id":"https:\/\/www.info-algerie.com\/actualites\/gaid-salah-inaugure-lecole-des-cadets-de-la-nation-de-tamanrasset-la-10eme-du-genre\/#breadcrumb"},"inLanguage":"fr-FR","potentialAction":[{"@type":"ReadAction","target":["https:\/\/www.info-algerie.com\/actualites\/gaid-salah-inaugure-lecole-des-cadets-de-la-nation-de-tamanrasset-la-10eme-du-genre\/"]}]},{"@type":"ImageObject","inLanguage":"fr-FR","@id":"https:\/\/www.info-algerie.com\/actualites\/gaid-salah-inaugure-lecole-des-cadets-de-la-nation-de-tamanrasset-la-10eme-du-genre\/#primaryimage","url":"https:\/\/www.info-algerie.com\/actualites\/wp-content\/uploads\/2017\/10\/2e63b859b6fb474af078d0dd71e2f674_S-1.jpg","contentUrl":"https:\/\/www.info-algerie.com\/actualites\/wp-content\/uploads\/2017\/10\/2e63b859b6fb474af078d0dd71e2f674_S-1.jpg","width":280,"height":169},{"@type":"BreadcrumbList","@id":"https:\/\/www.info-algerie.com\/actualites\/gaid-salah-inaugure-lecole-des-cadets-de-la-nation-de-tamanrasset-la-10eme-du-genre\/#breadcrumb","itemListElement":[{"@type":"ListItem","position":1,"name":"Accueil","item":"https:\/\/www.info-algerie.com\/actualites\/"},{"@type":"ListItem","position":2,"name":"Ga\u00efd Salah inaugure l&#039;Ecole des cadets de la Nation de Tamanrasset, la 10\u00e8me du genre"}]},{"@type":"WebSite","@id":"https:\/\/www.info-algerie.com\/actualites\/#website","url":"https:\/\/www.info-algerie.com\/actualites\/","name":"info algerie","description":"Toutes les actualit\u00e9s","publisher":{"@id":"https:\/\/www.info-algerie.com\/actualites\/#organization"},"potentialAction":[{"@type":"SearchAction","target":{"@type":"EntryPoint","urlTemplate":"https:\/\/www.info-algerie.com\/actualites\/?s={search_term_string}"},"query-input":{"@type":"PropertyValueSpecification","valueRequired":true,"valueName":"search_term_string"}}],"inLanguage":"fr-FR"},{"@type":"Organization","@id":"https:\/\/www.info-algerie.com\/actualites\/#organization","name":"info algerie","url":"https:\/\/www.info-algerie.com\/actualites\/","logo":{"@type":"ImageObject","inLanguage":"fr-FR","@id":"https:\/\/www.info-algerie.com\/actualites\/#\/schema\/logo\/image\/","url":"https:\/\/www.info-algerie.com\/actualites\/wp-content\/uploads\/2022\/07\/logo-ia-120.png","contentUrl":"https:\/\/www.info-algerie.com\/actualites\/wp-content\/uploads\/2022\/07\/logo-ia-120.png","width":120,"height":43,"caption":"info algerie"},"image":{"@id":"https:\/\/www.info-algerie.com\/actualites\/#\/schema\/logo\/image\/"},"sameAs":["https:\/\/www.facebook.com\/infoalgerieactu","https:\/\/x.com\/infoalgerie1"]},{"@type":"Person","@id":"https:\/\/www.info-algerie.com\/actualites\/#\/schema\/person\/847aaec44920825b843a08f30ec6aa1e","name":"La r\u00e9daction","image":{"@type":"ImageObject","inLanguage":"fr-FR","@id":"https:\/\/secure.gravatar.com\/avatar\/769db425c6f465158149f1ffd6cf61ce7a8a879d11dfbef8288af36dfddd418c?s=96&d=mm&r=g","url":"https:\/\/secure.gravatar.com\/avatar\/769db425c6f465158149f1ffd6cf61ce7a8a879d11dfbef8288af36dfddd418c?s=96&d=mm&r=g","contentUrl":"https:\/\/secure.gravatar.com\/avatar\/769db425c6f465158149f1ffd6cf61ce7a8a879d11dfbef8288af36dfddd418c?s=96&d=mm&r=g","caption":"La r\u00e9daction"},"sameAs":["http:\/\/www.lkeria.com\/"],"url":"https:\/\/www.info-algerie.com\/actualites\/author\/chakib32\/"}]}},"_links":{"self":[{"href":"https:\/\/www.info-algerie.com\/actualites\/wp-json\/wp\/v2\/posts\/16726","targetHints":{"allow":["GET"]}}],"collection":[{"href":"https:\/\/www.info-algerie.com\/actualites\/wp-json\/wp\/v2\/posts"}],"about":[{"href":"https:\/\/www.info-algerie.com\/actualites\/wp-json\/wp\/v2\/types\/post"}],"author":[{"embeddable":true,"href":"https:\/\/www.info-algerie.com\/actualites\/wp-json\/wp\/v2\/users\/6"}],"replies":[{"embeddable":true,"href":"https:\/\/www.info-algerie.com\/actualites\/wp-json\/wp\/v2\/comments?post=16726"}],"version-history":[{"count":0,"href":"https:\/\/www.info-algerie.com\/actualites\/wp-json\/wp\/v2\/posts\/16726\/revisions"}],"wp:featuredmedia":[{"embeddable":true,"href":"https:\/\/www.info-algerie.com\/actualites\/wp-json\/wp\/v2\/media\/16727"}],"wp:attachment":[{"href":"https:\/\/www.info-algerie.com\/actualites\/wp-json\/wp\/v2\/media?parent=16726"}],"wp:term":[{"taxonomy":"category","embeddable":true,"href":"https:\/\/www.info-algerie.com\/actualites\/wp-json\/wp\/v2\/categories?post=16726"},{"taxonomy":"post_tag","embeddable":true,"href":"https:\/\/www.info-algerie.com\/actualites\/wp-json\/wp\/v2\/tags?post=16726"}],"curies":[{"name":"wp","href":"https:\/\/api.w.org\/{rel}","templated":true}]}}