{"id":16745,"date":"2017-10-09T19:57:14","date_gmt":"2017-10-09T18:57:14","guid":{"rendered":"http:\/\/www.info-algerie.com\/actualites\/wilayas-deleguees-nouvelles-lois-consacrant-la-decentralisation-avant-fin-2017\/"},"modified":"2017-10-09T19:57:14","modified_gmt":"2017-10-09T18:57:14","slug":"wilayas-deleguees-nouvelles-lois-consacrant-la-decentralisation-avant-fin-2017","status":"publish","type":"post","link":"https:\/\/www.info-algerie.com\/actualites\/wilayas-deleguees-nouvelles-lois-consacrant-la-decentralisation-avant-fin-2017\/","title":{"rendered":"Wilayas d\u00e9l\u00e9gu\u00e9es: nouvelles lois consacrant la d\u00e9centralisation avant fin 2017"},"content":{"rendered":"<div class=\"K2FeedImage\"><img decoding=\"async\" src=\"https:\/\/www.info-algerie.com\/actualites\/wp-content\/uploads\/2017\/10\/9ab02143f7f9a11e203d7c2c9ecf2f06_S.jpg\" alt=\"Wilayas d&#xE9;l&#xE9;gu&#xE9;es: nouvelles lois consacrant la d&#xE9;centralisation avant fin 2017\" \/><\/div>\n<div class=\"K2FeedIntroText\">\n<p><strong>EL MENIA- Le ministre de l&rsquo;Int\u00e9rieur, des Collectivit\u00e9s locales et de l&rsquo;Am\u00e9nagement du territoire, Noureddine Bedoui, a annonc\u00e9 lundi depuis El Menia que de nouvelles lois seront promulgu\u00e9es avant la fin de l&rsquo;ann\u00e9e en vue de consacrer la d\u00e9centralisation de la prise de d\u00e9cision dans les wilayas d\u00e9l\u00e9gu\u00e9es.<\/strong><\/p>\n<p>&#013;\n<\/p><\/div>\n<div class=\"K2FeedFullText\">&#013;<\/p>\n<p>Lors d&rsquo;une rencontre avec des \u00e9lus locaux et des membres de la soci\u00e9t\u00e9 civile au terme de sa visite de travail et d&rsquo;inspection dans la wilaya d\u00e9l\u00e9gu\u00e9e d&rsquo;El Menia, M. Bedoui a pr\u00e9cis\u00e9 que \u00ab\u00a0plusieurs lois ex\u00e9cutives seront promulgu\u00e9es avant fin 2017 en vue de consacrer la d\u00e9centralisation de la prise de d\u00e9cision dans les wilayas d\u00e9l\u00e9gu\u00e9es, qu&rsquo;il s&rsquo;agisse de la gestion financi\u00e8re ou administrative\u00a0\u00bb, ajoutant qu&rsquo;une telle op\u00e9ration n\u00e9cessite la conjugaison des efforts pour \u00ab\u00a0\u00eatre \u00e0 la hauteur des d\u00e9cisions du pr\u00e9sident de la R\u00e9publique relatives au soutien \u00e0 ces wilayas\u00a0\u00bb.<\/p>\n<p>&#013;<\/p>\n<hr \/>\n<h3>Lire aussi : <a href=\"http:\/\/www.aps.dz\/algerie\/63747-m-bedoui-reitere-depuis-el-menia-que-l-etat-ne-renoncera-pas-aux-acquis-sociaux\" target=\"_blank\">M. Bedoui r\u00e9it\u00e8re depuis El Menia que l&rsquo;Etat ne renoncera pas aux acquis sociaux<\/a><\/h3>\n<p>&#013;<\/p>\n<hr \/>\n<p>Apr\u00e8s avoir adress\u00e9 \u00e0 la population locale les salutations du pr\u00e9sident de la R\u00e9publique, le ministre a affirm\u00e9 que la d\u00e9cision relative \u00e0 la nouvelle organisation administrative \u00ab\u00a0est une premi\u00e8re \u00e9tape\u00a0\u00bb, ajoutant que les nouvelles circonscriptions administratives, dont El Menia, sont appel\u00e9es \u00e0 devenir des wilayas \u00e0 part enti\u00e8re.<\/p>\n<p>&#013;<\/p>\n<p>R\u00e9pondant aux pr\u00e9occupations des habitants de la wilaya d\u00e9l\u00e9gu\u00e9e, M. Bedoui a assur\u00e9 que le Gouvernement \u00ab\u00a0est au fait des probl\u00e8mes des citoyens\u00a0\u00bb, soulignant la n\u00e9cessaire participation de tous \u00e0 la cr\u00e9ation de richesse et \u00e0 la promotion de l&rsquo;agriculture.<\/p>\n<p>&#013;<\/p>\n<p>Le ministre a rappel\u00e9, dans ce sens, que les terres agricoles inexploit\u00e9es \u00ab\u00a0appartiennent \u00e0 la communaut\u00e9 nationale\u00a0\u00bb et seront redistribu\u00e9es \u00ab\u00a0selon la priorit\u00e9\u00a0\u00bb.<\/p>\n<p>&#013;<\/p>\n<p>L&rsquo;Etat poursuivra sa politique d&rsquo;accompagnement et d&rsquo;encouragement de tous ceux qui cr\u00e9ent de la richesse, a soutenu le ministre, pr\u00e9cisant que la relance du Fonds de d\u00e9veloppement des r\u00e9gions du Sud entrait dans le cadre de la promotion des acquis sociaux auxquels \u00ab\u00a0on ne saurait renoncer\u00a0\u00bb, a-t-il dit.<\/p>\n<\/div>\n<p>&#013;<br \/>\nSource: <a href=\"http:\/\/www.aps.dz\/algerie\/63757-wilayas-deleguees-nouvelles-lois-consacrant-la-decentralisation-de-la-prise-de-decision-avant-fin-2017\" target=\"_blank\">Wilayas d\u00e9l\u00e9gu\u00e9es: nouvelles lois consacrant la d\u00e9centralisation avant fin 2017<\/a><\/p>\n<!--CusAds0-->\n<div style=\"font-size: 0px; height: 0px; line-height: 0px; margin: 0; padding: 0; clear: both;\"><\/div>","protected":false},"excerpt":{"rendered":"<p>EL MENIA- Le ministre de l&rsquo;Int\u00e9rieur, des Collectivit\u00e9s locales et de l&rsquo;Am\u00e9nagement du territoire, Noureddine Bedoui, a annonc\u00e9 lundi depuis El Menia que de nouvelles lois seront promulgu\u00e9es avant la fin de l&rsquo;ann\u00e9e en vue de consacrer la d\u00e9centralisation de la prise de d\u00e9cision dans les wilayas d\u00e9l\u00e9gu\u00e9es. &#013; &#013; Lors d&rsquo;une rencontre avec des<\/p>\n","protected":false},"author":6,"featured_media":16746,"comment_status":"open","ping_status":"open","sticky":false,"template":"","format":"standard","meta":{"footnotes":""},"categories":[22],"tags":[93],"class_list":["post-16745","post","type-post","status-publish","format-standard","has-post-thumbnail","hentry","category-infos","tag-onu"],"yoast_head":"<!-- This site is optimized with the Yoast SEO plugin v27.5 - https:\/\/yoast.com\/product\/yoast-seo-wordpress\/ -->\n<title>Wilayas d\u00e9l\u00e9gu\u00e9es: nouvelles lois consacrant la d\u00e9centralisation avant fin 2017 - info algerie<\/title>\n<meta name=\"robots\" content=\"index, follow, max-snippet:-1, max-image-preview:large, max-video-preview:-1\" \/>\n<link rel=\"canonical\" href=\"https:\/\/www.info-algerie.com\/actualites\/wilayas-deleguees-nouvelles-lois-consacrant-la-decentralisation-avant-fin-2017\/\" \/>\n<meta property=\"og:locale\" content=\"fr_FR\" \/>\n<meta property=\"og:type\" content=\"article\" \/>\n<meta property=\"og:title\" content=\"Wilayas d\u00e9l\u00e9gu\u00e9es: nouvelles lois consacrant la d\u00e9centralisation avant fin 2017 - info algerie\" \/>\n<meta property=\"og:description\" content=\"EL MENIA- Le ministre de l&rsquo;Int\u00e9rieur, des Collectivit\u00e9s locales et de l&rsquo;Am\u00e9nagement du territoire, Noureddine Bedoui, a annonc\u00e9 lundi depuis El Menia que de nouvelles lois seront promulgu\u00e9es avant la fin de l&rsquo;ann\u00e9e en vue de consacrer la d\u00e9centralisation de la prise de d\u00e9cision dans les wilayas d\u00e9l\u00e9gu\u00e9es. &#013; &#013; Lors d&rsquo;une rencontre avec des\" \/>\n<meta property=\"og:url\" content=\"https:\/\/www.info-algerie.com\/actualites\/wilayas-deleguees-nouvelles-lois-consacrant-la-decentralisation-avant-fin-2017\/\" \/>\n<meta property=\"og:site_name\" content=\"info algerie\" \/>\n<meta property=\"article:publisher\" content=\"https:\/\/www.facebook.com\/infoalgerieactu\" \/>\n<meta property=\"article:published_time\" content=\"2017-10-09T18:57:14+00:00\" \/>\n<meta property=\"og:image\" content=\"https:\/\/www.info-algerie.com\/actualites\/wp-content\/uploads\/2017\/10\/9ab02143f7f9a11e203d7c2c9ecf2f06_S-1.jpg\" \/>\n\t<meta property=\"og:image:width\" content=\"280\" \/>\n\t<meta property=\"og:image:height\" content=\"169\" \/>\n\t<meta property=\"og:image:type\" content=\"image\/jpeg\" \/>\n<meta name=\"author\" content=\"La r\u00e9daction\" \/>\n<meta name=\"twitter:label1\" content=\"\u00c9crit par\" \/>\n\t<meta name=\"twitter:data1\" content=\"La r\u00e9daction\" \/>\n\t<meta name=\"twitter:label2\" content=\"Dur\u00e9e de lecture estim\u00e9e\" \/>\n\t<meta name=\"twitter:data2\" content=\"2 minutes\" \/>\n<script type=\"application\/ld+json\" class=\"yoast-schema-graph\">{\"@context\":\"https:\\\/\\\/schema.org\",\"@graph\":[{\"@type\":\"Article\",\"@id\":\"https:\\\/\\\/www.info-algerie.com\\\/actualites\\\/wilayas-deleguees-nouvelles-lois-consacrant-la-decentralisation-avant-fin-2017\\\/#article\",\"isPartOf\":{\"@id\":\"https:\\\/\\\/www.info-algerie.com\\\/actualites\\\/wilayas-deleguees-nouvelles-lois-consacrant-la-decentralisation-avant-fin-2017\\\/\"},\"author\":{\"name\":\"La r\u00e9daction\",\"@id\":\"https:\\\/\\\/www.info-algerie.com\\\/actualites\\\/#\\\/schema\\\/person\\\/847aaec44920825b843a08f30ec6aa1e\"},\"headline\":\"Wilayas d\u00e9l\u00e9gu\u00e9es: nouvelles lois consacrant la d\u00e9centralisation avant fin 2017\",\"datePublished\":\"2017-10-09T18:57:14+00:00\",\"mainEntityOfPage\":{\"@id\":\"https:\\\/\\\/www.info-algerie.com\\\/actualites\\\/wilayas-deleguees-nouvelles-lois-consacrant-la-decentralisation-avant-fin-2017\\\/\"},\"wordCount\":398,\"commentCount\":0,\"publisher\":{\"@id\":\"https:\\\/\\\/www.info-algerie.com\\\/actualites\\\/#organization\"},\"image\":{\"@id\":\"https:\\\/\\\/www.info-algerie.com\\\/actualites\\\/wilayas-deleguees-nouvelles-lois-consacrant-la-decentralisation-avant-fin-2017\\\/#primaryimage\"},\"thumbnailUrl\":\"https:\\\/\\\/www.info-algerie.com\\\/actualites\\\/wp-content\\\/uploads\\\/2017\\\/10\\\/9ab02143f7f9a11e203d7c2c9ecf2f06_S-1.jpg\",\"keywords\":[\"ONU\"],\"articleSection\":[\"infos\"],\"inLanguage\":\"fr-FR\",\"potentialAction\":[{\"@type\":\"CommentAction\",\"name\":\"Comment\",\"target\":[\"https:\\\/\\\/www.info-algerie.com\\\/actualites\\\/wilayas-deleguees-nouvelles-lois-consacrant-la-decentralisation-avant-fin-2017\\\/#respond\"]}]},{\"@type\":\"WebPage\",\"@id\":\"https:\\\/\\\/www.info-algerie.com\\\/actualites\\\/wilayas-deleguees-nouvelles-lois-consacrant-la-decentralisation-avant-fin-2017\\\/\",\"url\":\"https:\\\/\\\/www.info-algerie.com\\\/actualites\\\/wilayas-deleguees-nouvelles-lois-consacrant-la-decentralisation-avant-fin-2017\\\/\",\"name\":\"Wilayas d\u00e9l\u00e9gu\u00e9es: nouvelles lois consacrant la d\u00e9centralisation avant fin 2017 - info algerie\",\"isPartOf\":{\"@id\":\"https:\\\/\\\/www.info-algerie.com\\\/actualites\\\/#website\"},\"primaryImageOfPage\":{\"@id\":\"https:\\\/\\\/www.info-algerie.com\\\/actualites\\\/wilayas-deleguees-nouvelles-lois-consacrant-la-decentralisation-avant-fin-2017\\\/#primaryimage\"},\"image\":{\"@id\":\"https:\\\/\\\/www.info-algerie.com\\\/actualites\\\/wilayas-deleguees-nouvelles-lois-consacrant-la-decentralisation-avant-fin-2017\\\/#primaryimage\"},\"thumbnailUrl\":\"https:\\\/\\\/www.info-algerie.com\\\/actualites\\\/wp-content\\\/uploads\\\/2017\\\/10\\\/9ab02143f7f9a11e203d7c2c9ecf2f06_S-1.jpg\",\"datePublished\":\"2017-10-09T18:57:14+00:00\",\"breadcrumb\":{\"@id\":\"https:\\\/\\\/www.info-algerie.com\\\/actualites\\\/wilayas-deleguees-nouvelles-lois-consacrant-la-decentralisation-avant-fin-2017\\\/#breadcrumb\"},\"inLanguage\":\"fr-FR\",\"potentialAction\":[{\"@type\":\"ReadAction\",\"target\":[\"https:\\\/\\\/www.info-algerie.com\\\/actualites\\\/wilayas-deleguees-nouvelles-lois-consacrant-la-decentralisation-avant-fin-2017\\\/\"]}]},{\"@type\":\"ImageObject\",\"inLanguage\":\"fr-FR\",\"@id\":\"https:\\\/\\\/www.info-algerie.com\\\/actualites\\\/wilayas-deleguees-nouvelles-lois-consacrant-la-decentralisation-avant-fin-2017\\\/#primaryimage\",\"url\":\"https:\\\/\\\/www.info-algerie.com\\\/actualites\\\/wp-content\\\/uploads\\\/2017\\\/10\\\/9ab02143f7f9a11e203d7c2c9ecf2f06_S-1.jpg\",\"contentUrl\":\"https:\\\/\\\/www.info-algerie.com\\\/actualites\\\/wp-content\\\/uploads\\\/2017\\\/10\\\/9ab02143f7f9a11e203d7c2c9ecf2f06_S-1.jpg\",\"width\":280,\"height\":169},{\"@type\":\"BreadcrumbList\",\"@id\":\"https:\\\/\\\/www.info-algerie.com\\\/actualites\\\/wilayas-deleguees-nouvelles-lois-consacrant-la-decentralisation-avant-fin-2017\\\/#breadcrumb\",\"itemListElement\":[{\"@type\":\"ListItem\",\"position\":1,\"name\":\"Accueil\",\"item\":\"https:\\\/\\\/www.info-algerie.com\\\/actualites\\\/\"},{\"@type\":\"ListItem\",\"position\":2,\"name\":\"Wilayas d\u00e9l\u00e9gu\u00e9es: nouvelles lois consacrant la d\u00e9centralisation avant fin 2017\"}]},{\"@type\":\"WebSite\",\"@id\":\"https:\\\/\\\/www.info-algerie.com\\\/actualites\\\/#website\",\"url\":\"https:\\\/\\\/www.info-algerie.com\\\/actualites\\\/\",\"name\":\"info algerie\",\"description\":\"Toutes les actualit\u00e9s\",\"publisher\":{\"@id\":\"https:\\\/\\\/www.info-algerie.com\\\/actualites\\\/#organization\"},\"potentialAction\":[{\"@type\":\"SearchAction\",\"target\":{\"@type\":\"EntryPoint\",\"urlTemplate\":\"https:\\\/\\\/www.info-algerie.com\\\/actualites\\\/?s={search_term_string}\"},\"query-input\":{\"@type\":\"PropertyValueSpecification\",\"valueRequired\":true,\"valueName\":\"search_term_string\"}}],\"inLanguage\":\"fr-FR\"},{\"@type\":\"Organization\",\"@id\":\"https:\\\/\\\/www.info-algerie.com\\\/actualites\\\/#organization\",\"name\":\"info algerie\",\"url\":\"https:\\\/\\\/www.info-algerie.com\\\/actualites\\\/\",\"logo\":{\"@type\":\"ImageObject\",\"inLanguage\":\"fr-FR\",\"@id\":\"https:\\\/\\\/www.info-algerie.com\\\/actualites\\\/#\\\/schema\\\/logo\\\/image\\\/\",\"url\":\"https:\\\/\\\/www.info-algerie.com\\\/actualites\\\/wp-content\\\/uploads\\\/2022\\\/07\\\/logo-ia-120.png\",\"contentUrl\":\"https:\\\/\\\/www.info-algerie.com\\\/actualites\\\/wp-content\\\/uploads\\\/2022\\\/07\\\/logo-ia-120.png\",\"width\":120,\"height\":43,\"caption\":\"info algerie\"},\"image\":{\"@id\":\"https:\\\/\\\/www.info-algerie.com\\\/actualites\\\/#\\\/schema\\\/logo\\\/image\\\/\"},\"sameAs\":[\"https:\\\/\\\/www.facebook.com\\\/infoalgerieactu\",\"https:\\\/\\\/x.com\\\/infoalgerie1\"]},{\"@type\":\"Person\",\"@id\":\"https:\\\/\\\/www.info-algerie.com\\\/actualites\\\/#\\\/schema\\\/person\\\/847aaec44920825b843a08f30ec6aa1e\",\"name\":\"La r\u00e9daction\",\"image\":{\"@type\":\"ImageObject\",\"inLanguage\":\"fr-FR\",\"@id\":\"https:\\\/\\\/secure.gravatar.com\\\/avatar\\\/769db425c6f465158149f1ffd6cf61ce7a8a879d11dfbef8288af36dfddd418c?s=96&d=mm&r=g\",\"url\":\"https:\\\/\\\/secure.gravatar.com\\\/avatar\\\/769db425c6f465158149f1ffd6cf61ce7a8a879d11dfbef8288af36dfddd418c?s=96&d=mm&r=g\",\"contentUrl\":\"https:\\\/\\\/secure.gravatar.com\\\/avatar\\\/769db425c6f465158149f1ffd6cf61ce7a8a879d11dfbef8288af36dfddd418c?s=96&d=mm&r=g\",\"caption\":\"La r\u00e9daction\"},\"sameAs\":[\"http:\\\/\\\/www.lkeria.com\\\/\"],\"url\":\"https:\\\/\\\/www.info-algerie.com\\\/actualites\\\/author\\\/chakib32\\\/\"}]}<\/script>\n<!-- \/ Yoast SEO plugin. -->","yoast_head_json":{"title":"Wilayas d\u00e9l\u00e9gu\u00e9es: nouvelles lois consacrant la d\u00e9centralisation avant fin 2017 - info algerie","robots":{"index":"index","follow":"follow","max-snippet":"max-snippet:-1","max-image-preview":"max-image-preview:large","max-video-preview":"max-video-preview:-1"},"canonical":"https:\/\/www.info-algerie.com\/actualites\/wilayas-deleguees-nouvelles-lois-consacrant-la-decentralisation-avant-fin-2017\/","og_locale":"fr_FR","og_type":"article","og_title":"Wilayas d\u00e9l\u00e9gu\u00e9es: nouvelles lois consacrant la d\u00e9centralisation avant fin 2017 - info algerie","og_description":"EL MENIA- Le ministre de l&rsquo;Int\u00e9rieur, des Collectivit\u00e9s locales et de l&rsquo;Am\u00e9nagement du territoire, Noureddine Bedoui, a annonc\u00e9 lundi depuis El Menia que de nouvelles lois seront promulgu\u00e9es avant la fin de l&rsquo;ann\u00e9e en vue de consacrer la d\u00e9centralisation de la prise de d\u00e9cision dans les wilayas d\u00e9l\u00e9gu\u00e9es. &#013; &#013; Lors d&rsquo;une rencontre avec des","og_url":"https:\/\/www.info-algerie.com\/actualites\/wilayas-deleguees-nouvelles-lois-consacrant-la-decentralisation-avant-fin-2017\/","og_site_name":"info algerie","article_publisher":"https:\/\/www.facebook.com\/infoalgerieactu","article_published_time":"2017-10-09T18:57:14+00:00","og_image":[{"width":280,"height":169,"url":"https:\/\/www.info-algerie.com\/actualites\/wp-content\/uploads\/2017\/10\/9ab02143f7f9a11e203d7c2c9ecf2f06_S-1.jpg","type":"image\/jpeg"}],"author":"La r\u00e9daction","twitter_misc":{"\u00c9crit par":"La r\u00e9daction","Dur\u00e9e de lecture estim\u00e9e":"2 minutes"},"schema":{"@context":"https:\/\/schema.org","@graph":[{"@type":"Article","@id":"https:\/\/www.info-algerie.com\/actualites\/wilayas-deleguees-nouvelles-lois-consacrant-la-decentralisation-avant-fin-2017\/#article","isPartOf":{"@id":"https:\/\/www.info-algerie.com\/actualites\/wilayas-deleguees-nouvelles-lois-consacrant-la-decentralisation-avant-fin-2017\/"},"author":{"name":"La r\u00e9daction","@id":"https:\/\/www.info-algerie.com\/actualites\/#\/schema\/person\/847aaec44920825b843a08f30ec6aa1e"},"headline":"Wilayas d\u00e9l\u00e9gu\u00e9es: nouvelles lois consacrant la d\u00e9centralisation avant fin 2017","datePublished":"2017-10-09T18:57:14+00:00","mainEntityOfPage":{"@id":"https:\/\/www.info-algerie.com\/actualites\/wilayas-deleguees-nouvelles-lois-consacrant-la-decentralisation-avant-fin-2017\/"},"wordCount":398,"commentCount":0,"publisher":{"@id":"https:\/\/www.info-algerie.com\/actualites\/#organization"},"image":{"@id":"https:\/\/www.info-algerie.com\/actualites\/wilayas-deleguees-nouvelles-lois-consacrant-la-decentralisation-avant-fin-2017\/#primaryimage"},"thumbnailUrl":"https:\/\/www.info-algerie.com\/actualites\/wp-content\/uploads\/2017\/10\/9ab02143f7f9a11e203d7c2c9ecf2f06_S-1.jpg","keywords":["ONU"],"articleSection":["infos"],"inLanguage":"fr-FR","potentialAction":[{"@type":"CommentAction","name":"Comment","target":["https:\/\/www.info-algerie.com\/actualites\/wilayas-deleguees-nouvelles-lois-consacrant-la-decentralisation-avant-fin-2017\/#respond"]}]},{"@type":"WebPage","@id":"https:\/\/www.info-algerie.com\/actualites\/wilayas-deleguees-nouvelles-lois-consacrant-la-decentralisation-avant-fin-2017\/","url":"https:\/\/www.info-algerie.com\/actualites\/wilayas-deleguees-nouvelles-lois-consacrant-la-decentralisation-avant-fin-2017\/","name":"Wilayas d\u00e9l\u00e9gu\u00e9es: nouvelles lois consacrant la d\u00e9centralisation avant fin 2017 - info algerie","isPartOf":{"@id":"https:\/\/www.info-algerie.com\/actualites\/#website"},"primaryImageOfPage":{"@id":"https:\/\/www.info-algerie.com\/actualites\/wilayas-deleguees-nouvelles-lois-consacrant-la-decentralisation-avant-fin-2017\/#primaryimage"},"image":{"@id":"https:\/\/www.info-algerie.com\/actualites\/wilayas-deleguees-nouvelles-lois-consacrant-la-decentralisation-avant-fin-2017\/#primaryimage"},"thumbnailUrl":"https:\/\/www.info-algerie.com\/actualites\/wp-content\/uploads\/2017\/10\/9ab02143f7f9a11e203d7c2c9ecf2f06_S-1.jpg","datePublished":"2017-10-09T18:57:14+00:00","breadcrumb":{"@id":"https:\/\/www.info-algerie.com\/actualites\/wilayas-deleguees-nouvelles-lois-consacrant-la-decentralisation-avant-fin-2017\/#breadcrumb"},"inLanguage":"fr-FR","potentialAction":[{"@type":"ReadAction","target":["https:\/\/www.info-algerie.com\/actualites\/wilayas-deleguees-nouvelles-lois-consacrant-la-decentralisation-avant-fin-2017\/"]}]},{"@type":"ImageObject","inLanguage":"fr-FR","@id":"https:\/\/www.info-algerie.com\/actualites\/wilayas-deleguees-nouvelles-lois-consacrant-la-decentralisation-avant-fin-2017\/#primaryimage","url":"https:\/\/www.info-algerie.com\/actualites\/wp-content\/uploads\/2017\/10\/9ab02143f7f9a11e203d7c2c9ecf2f06_S-1.jpg","contentUrl":"https:\/\/www.info-algerie.com\/actualites\/wp-content\/uploads\/2017\/10\/9ab02143f7f9a11e203d7c2c9ecf2f06_S-1.jpg","width":280,"height":169},{"@type":"BreadcrumbList","@id":"https:\/\/www.info-algerie.com\/actualites\/wilayas-deleguees-nouvelles-lois-consacrant-la-decentralisation-avant-fin-2017\/#breadcrumb","itemListElement":[{"@type":"ListItem","position":1,"name":"Accueil","item":"https:\/\/www.info-algerie.com\/actualites\/"},{"@type":"ListItem","position":2,"name":"Wilayas d\u00e9l\u00e9gu\u00e9es: nouvelles lois consacrant la d\u00e9centralisation avant fin 2017"}]},{"@type":"WebSite","@id":"https:\/\/www.info-algerie.com\/actualites\/#website","url":"https:\/\/www.info-algerie.com\/actualites\/","name":"info algerie","description":"Toutes les actualit\u00e9s","publisher":{"@id":"https:\/\/www.info-algerie.com\/actualites\/#organization"},"potentialAction":[{"@type":"SearchAction","target":{"@type":"EntryPoint","urlTemplate":"https:\/\/www.info-algerie.com\/actualites\/?s={search_term_string}"},"query-input":{"@type":"PropertyValueSpecification","valueRequired":true,"valueName":"search_term_string"}}],"inLanguage":"fr-FR"},{"@type":"Organization","@id":"https:\/\/www.info-algerie.com\/actualites\/#organization","name":"info algerie","url":"https:\/\/www.info-algerie.com\/actualites\/","logo":{"@type":"ImageObject","inLanguage":"fr-FR","@id":"https:\/\/www.info-algerie.com\/actualites\/#\/schema\/logo\/image\/","url":"https:\/\/www.info-algerie.com\/actualites\/wp-content\/uploads\/2022\/07\/logo-ia-120.png","contentUrl":"https:\/\/www.info-algerie.com\/actualites\/wp-content\/uploads\/2022\/07\/logo-ia-120.png","width":120,"height":43,"caption":"info algerie"},"image":{"@id":"https:\/\/www.info-algerie.com\/actualites\/#\/schema\/logo\/image\/"},"sameAs":["https:\/\/www.facebook.com\/infoalgerieactu","https:\/\/x.com\/infoalgerie1"]},{"@type":"Person","@id":"https:\/\/www.info-algerie.com\/actualites\/#\/schema\/person\/847aaec44920825b843a08f30ec6aa1e","name":"La r\u00e9daction","image":{"@type":"ImageObject","inLanguage":"fr-FR","@id":"https:\/\/secure.gravatar.com\/avatar\/769db425c6f465158149f1ffd6cf61ce7a8a879d11dfbef8288af36dfddd418c?s=96&d=mm&r=g","url":"https:\/\/secure.gravatar.com\/avatar\/769db425c6f465158149f1ffd6cf61ce7a8a879d11dfbef8288af36dfddd418c?s=96&d=mm&r=g","contentUrl":"https:\/\/secure.gravatar.com\/avatar\/769db425c6f465158149f1ffd6cf61ce7a8a879d11dfbef8288af36dfddd418c?s=96&d=mm&r=g","caption":"La r\u00e9daction"},"sameAs":["http:\/\/www.lkeria.com\/"],"url":"https:\/\/www.info-algerie.com\/actualites\/author\/chakib32\/"}]}},"_links":{"self":[{"href":"https:\/\/www.info-algerie.com\/actualites\/wp-json\/wp\/v2\/posts\/16745","targetHints":{"allow":["GET"]}}],"collection":[{"href":"https:\/\/www.info-algerie.com\/actualites\/wp-json\/wp\/v2\/posts"}],"about":[{"href":"https:\/\/www.info-algerie.com\/actualites\/wp-json\/wp\/v2\/types\/post"}],"author":[{"embeddable":true,"href":"https:\/\/www.info-algerie.com\/actualites\/wp-json\/wp\/v2\/users\/6"}],"replies":[{"embeddable":true,"href":"https:\/\/www.info-algerie.com\/actualites\/wp-json\/wp\/v2\/comments?post=16745"}],"version-history":[{"count":0,"href":"https:\/\/www.info-algerie.com\/actualites\/wp-json\/wp\/v2\/posts\/16745\/revisions"}],"wp:featuredmedia":[{"embeddable":true,"href":"https:\/\/www.info-algerie.com\/actualites\/wp-json\/wp\/v2\/media\/16746"}],"wp:attachment":[{"href":"https:\/\/www.info-algerie.com\/actualites\/wp-json\/wp\/v2\/media?parent=16745"}],"wp:term":[{"taxonomy":"category","embeddable":true,"href":"https:\/\/www.info-algerie.com\/actualites\/wp-json\/wp\/v2\/categories?post=16745"},{"taxonomy":"post_tag","embeddable":true,"href":"https:\/\/www.info-algerie.com\/actualites\/wp-json\/wp\/v2\/tags?post=16745"}],"curies":[{"name":"wp","href":"https:\/\/api.w.org\/{rel}","templated":true}]}}