{"id":16764,"date":"2017-10-10T17:58:27","date_gmt":"2017-10-10T16:58:27","guid":{"rendered":"http:\/\/www.info-algerie.com\/actualites\/le-ministere-de-linterieur-en-contact-permanent-avec-les-gardes-communaux-pour-satisfaire-leurs-revendications\/"},"modified":"2017-10-10T17:58:27","modified_gmt":"2017-10-10T16:58:27","slug":"le-ministere-de-linterieur-en-contact-permanent-avec-les-gardes-communaux-pour-satisfaire-leurs-revendications","status":"publish","type":"post","link":"https:\/\/www.info-algerie.com\/actualites\/le-ministere-de-linterieur-en-contact-permanent-avec-les-gardes-communaux-pour-satisfaire-leurs-revendications\/","title":{"rendered":"Le minist\u00e8re de l&#039;Int\u00e9rieur en contact permanent avec les gardes communaux pour satisfaire leurs revendications"},"content":{"rendered":"<div class=\"K2FeedImage\"><img decoding=\"async\" src=\"https:\/\/www.info-algerie.com\/actualites\/wp-content\/uploads\/2017\/10\/0ff0e7681ec27fda22990bb5f55307b7_S.jpg\" alt=\"Le minist&#xE8;re de l'Int&#xE9;rieur en contact permanent avec les gardes communaux pour satisfaire leurs revendications\" \/><\/div>\n<div class=\"K2FeedIntroText\">\n<p><strong>GHARDAIA &#8211; Le ministre de l&rsquo;Int\u00e9rieur, des collectivit\u00e9s locales et de l&rsquo;am\u00e9nagement du territoire, Noureddine Bedoui, a affirm\u00e9 mardi \u00e0 Gharda\u00efa que le minist\u00e8re \u00e9tait en contact permanent avec les gardes communaux en vue de satisfaire leurs revendications.<\/strong><\/p>\n<p>&#013;\n<\/p><\/div>\n<div class=\"K2FeedFullText\">&#013;<\/p>\n<p>\u00ab\u00a0L&rsquo;Etat ne laissera pas tomber la garde communale et le minist\u00e8re de l&rsquo;Int\u00e9rieur est en contact permanent avec les membres de ce corps et plusieurs acquis ont d\u00e9j\u00e0 \u00e9t\u00e9 r\u00e9alis\u00e9s en leur faveur\u00a0\u00bb, a d\u00e9clar\u00e9 M. Bedoui lors d&rsquo;une conf\u00e9rence de presse, au si\u00e8ge de la Haute instance ind\u00e9pendante de surveillance des \u00e9lections (HIISE) dans la wilaya de Gharda\u00efa.<\/p>\n<p>&#013;<\/p>\n<blockquote><p>&#013;<\/p>\n<h3><span style=\"font-size: 12.16px\">\u00ab\u00a0Les gardes communaux ont soutenu l&rsquo;Alg\u00e9rie dans les moments o\u00f9 elle en avait besoin\u00a0\u00bb (Noureddine Bedoui)<\/span><\/h3>\n<p>&#013;\n<\/p><\/blockquote>\n<p>&#013;<\/p>\n<p>\u00ab\u00a0Les gardes communaux ont soutenu l&rsquo;Alg\u00e9rie dans les moments o\u00f9 elle en avait besoin\u00a0\u00bb, a affirm\u00e9 le ministre, pr\u00e9cisant que plusieurs commissions \u00ab\u00a0s&rsquo;att\u00e8lent, en concertation avec les repr\u00e9sentants de ce corps, \u00e0 l&rsquo;examen de cas inh\u00e9rents \u00e0 plusieurs volets sociaux au profit des membres de ce corps et parviendront \u00e0 clore ce dossier en toute responsabilit\u00e9\u00a0\u00bb.<\/p>\n<p>&#013;<\/p>\n<p>A une question sur la possibilit\u00e9 de d\u00e9cider d&rsquo;une gr\u00e2ce au profit des personnes impliqu\u00e9es dans les actes de violence qu&rsquo;a connu la wilaya de Gharda\u00efa ces derni\u00e8res ann\u00e9es, M. Bedoui a r\u00e9pondu \u00ab\u00a0cette demande m&rsquo;est parvenue par le biais des notables de la wilaya dans une lettre adress\u00e9e au pr\u00e9sident de la R\u00e9publique, Abdelaziz Bouteflika pour la lib\u00e9ration de certains jeunes impliqu\u00e9s dans les \u00e9v\u00e8nements de Gharda\u00efa et \u00e0 mon tour transmettrais fid\u00e8lement le message des notables au pr\u00e9sident Bouteflika (&#8230;), premier magistrat du pays, qui examinera cette dol\u00e9ance et prendra certainement la d\u00e9cision ad\u00e9quate\u00a0\u00bb.<\/p>\n<p>&#013;<\/p>\n<p class=\"MsoNormal\">M. Bedoui a inspect\u00e9 lors de sa visite dans la wilaya de Gharda\u00efa plusieurs les chantiers de projets de d\u00e9veloppement lanc\u00e9s dans divers domaines, dont la sant\u00e9, les collectivit\u00e9s locales et l&rsquo;industrie.<\/p>\n<\/div>\n<p>&#013;<br \/>\nSource: <a href=\"http:\/\/www.aps.dz\/algerie\/63786-le-ministere-de-l-interieur-en-contact-permanent-avec-les-gardes-communaux-pour-satisfaire-leurs-revendications\" target=\"_blank\">Le minist\u00e8re de l&rsquo;Int\u00e9rieur en contact permanent avec les gardes communaux pour satisfaire leurs revendications<\/a><\/p>\n<!--CusAds0-->\n<div style=\"font-size: 0px; height: 0px; line-height: 0px; margin: 0; padding: 0; clear: both;\"><\/div>","protected":false},"excerpt":{"rendered":"<p>GHARDAIA &#8211; Le ministre de l&rsquo;Int\u00e9rieur, des collectivit\u00e9s locales et de l&rsquo;am\u00e9nagement du territoire, Noureddine Bedoui, a affirm\u00e9 mardi \u00e0 Gharda\u00efa que le minist\u00e8re \u00e9tait en contact permanent avec les gardes communaux en vue de satisfaire leurs revendications. &#013; &#013; \u00ab\u00a0L&rsquo;Etat ne laissera pas tomber la garde communale et le minist\u00e8re de l&rsquo;Int\u00e9rieur est en<\/p>\n","protected":false},"author":6,"featured_media":16765,"comment_status":"open","ping_status":"open","sticky":false,"template":"","format":"standard","meta":{"footnotes":""},"categories":[22],"tags":[93],"class_list":["post-16764","post","type-post","status-publish","format-standard","has-post-thumbnail","hentry","category-infos","tag-onu"],"yoast_head":"<!-- This site is optimized with the Yoast SEO plugin v27.5 - https:\/\/yoast.com\/product\/yoast-seo-wordpress\/ -->\n<title>Le minist\u00e8re de l&#039;Int\u00e9rieur en contact permanent avec les gardes communaux pour satisfaire leurs revendications - info algerie<\/title>\n<meta name=\"robots\" content=\"index, follow, max-snippet:-1, max-image-preview:large, max-video-preview:-1\" \/>\n<link rel=\"canonical\" href=\"https:\/\/www.info-algerie.com\/actualites\/le-ministere-de-linterieur-en-contact-permanent-avec-les-gardes-communaux-pour-satisfaire-leurs-revendications\/\" \/>\n<meta property=\"og:locale\" content=\"fr_FR\" \/>\n<meta property=\"og:type\" content=\"article\" \/>\n<meta property=\"og:title\" content=\"Le minist\u00e8re de l&#039;Int\u00e9rieur en contact permanent avec les gardes communaux pour satisfaire leurs revendications - info algerie\" \/>\n<meta property=\"og:description\" content=\"GHARDAIA &#8211; Le ministre de l&rsquo;Int\u00e9rieur, des collectivit\u00e9s locales et de l&rsquo;am\u00e9nagement du territoire, Noureddine Bedoui, a affirm\u00e9 mardi \u00e0 Gharda\u00efa que le minist\u00e8re \u00e9tait en contact permanent avec les gardes communaux en vue de satisfaire leurs revendications. &#013; &#013; \u00ab\u00a0L&rsquo;Etat ne laissera pas tomber la garde communale et le minist\u00e8re de l&rsquo;Int\u00e9rieur est en\" \/>\n<meta property=\"og:url\" content=\"https:\/\/www.info-algerie.com\/actualites\/le-ministere-de-linterieur-en-contact-permanent-avec-les-gardes-communaux-pour-satisfaire-leurs-revendications\/\" \/>\n<meta property=\"og:site_name\" content=\"info algerie\" \/>\n<meta property=\"article:publisher\" content=\"https:\/\/www.facebook.com\/infoalgerieactu\" \/>\n<meta property=\"article:published_time\" content=\"2017-10-10T16:58:27+00:00\" \/>\n<meta property=\"og:image\" content=\"https:\/\/www.info-algerie.com\/actualites\/wp-content\/uploads\/2017\/10\/0ff0e7681ec27fda22990bb5f55307b7_S-1.jpg\" \/>\n\t<meta property=\"og:image:width\" content=\"280\" \/>\n\t<meta property=\"og:image:height\" content=\"169\" \/>\n\t<meta property=\"og:image:type\" content=\"image\/jpeg\" \/>\n<meta name=\"author\" content=\"La r\u00e9daction\" \/>\n<meta name=\"twitter:label1\" content=\"\u00c9crit par\" \/>\n\t<meta name=\"twitter:data1\" content=\"La r\u00e9daction\" \/>\n\t<meta name=\"twitter:label2\" content=\"Dur\u00e9e de lecture estim\u00e9e\" \/>\n\t<meta name=\"twitter:data2\" content=\"2 minutes\" \/>\n<script type=\"application\/ld+json\" class=\"yoast-schema-graph\">{\"@context\":\"https:\\\/\\\/schema.org\",\"@graph\":[{\"@type\":\"Article\",\"@id\":\"https:\\\/\\\/www.info-algerie.com\\\/actualites\\\/le-ministere-de-linterieur-en-contact-permanent-avec-les-gardes-communaux-pour-satisfaire-leurs-revendications\\\/#article\",\"isPartOf\":{\"@id\":\"https:\\\/\\\/www.info-algerie.com\\\/actualites\\\/le-ministere-de-linterieur-en-contact-permanent-avec-les-gardes-communaux-pour-satisfaire-leurs-revendications\\\/\"},\"author\":{\"name\":\"La r\u00e9daction\",\"@id\":\"https:\\\/\\\/www.info-algerie.com\\\/actualites\\\/#\\\/schema\\\/person\\\/847aaec44920825b843a08f30ec6aa1e\"},\"headline\":\"Le minist\u00e8re de l&#039;Int\u00e9rieur en contact permanent avec les gardes communaux pour satisfaire leurs revendications\",\"datePublished\":\"2017-10-10T16:58:27+00:00\",\"mainEntityOfPage\":{\"@id\":\"https:\\\/\\\/www.info-algerie.com\\\/actualites\\\/le-ministere-de-linterieur-en-contact-permanent-avec-les-gardes-communaux-pour-satisfaire-leurs-revendications\\\/\"},\"wordCount\":385,\"commentCount\":0,\"publisher\":{\"@id\":\"https:\\\/\\\/www.info-algerie.com\\\/actualites\\\/#organization\"},\"image\":{\"@id\":\"https:\\\/\\\/www.info-algerie.com\\\/actualites\\\/le-ministere-de-linterieur-en-contact-permanent-avec-les-gardes-communaux-pour-satisfaire-leurs-revendications\\\/#primaryimage\"},\"thumbnailUrl\":\"https:\\\/\\\/www.info-algerie.com\\\/actualites\\\/wp-content\\\/uploads\\\/2017\\\/10\\\/0ff0e7681ec27fda22990bb5f55307b7_S-1.jpg\",\"keywords\":[\"ONU\"],\"articleSection\":[\"infos\"],\"inLanguage\":\"fr-FR\",\"potentialAction\":[{\"@type\":\"CommentAction\",\"name\":\"Comment\",\"target\":[\"https:\\\/\\\/www.info-algerie.com\\\/actualites\\\/le-ministere-de-linterieur-en-contact-permanent-avec-les-gardes-communaux-pour-satisfaire-leurs-revendications\\\/#respond\"]}]},{\"@type\":\"WebPage\",\"@id\":\"https:\\\/\\\/www.info-algerie.com\\\/actualites\\\/le-ministere-de-linterieur-en-contact-permanent-avec-les-gardes-communaux-pour-satisfaire-leurs-revendications\\\/\",\"url\":\"https:\\\/\\\/www.info-algerie.com\\\/actualites\\\/le-ministere-de-linterieur-en-contact-permanent-avec-les-gardes-communaux-pour-satisfaire-leurs-revendications\\\/\",\"name\":\"Le minist\u00e8re de l&#039;Int\u00e9rieur en contact permanent avec les gardes communaux pour satisfaire leurs revendications - info algerie\",\"isPartOf\":{\"@id\":\"https:\\\/\\\/www.info-algerie.com\\\/actualites\\\/#website\"},\"primaryImageOfPage\":{\"@id\":\"https:\\\/\\\/www.info-algerie.com\\\/actualites\\\/le-ministere-de-linterieur-en-contact-permanent-avec-les-gardes-communaux-pour-satisfaire-leurs-revendications\\\/#primaryimage\"},\"image\":{\"@id\":\"https:\\\/\\\/www.info-algerie.com\\\/actualites\\\/le-ministere-de-linterieur-en-contact-permanent-avec-les-gardes-communaux-pour-satisfaire-leurs-revendications\\\/#primaryimage\"},\"thumbnailUrl\":\"https:\\\/\\\/www.info-algerie.com\\\/actualites\\\/wp-content\\\/uploads\\\/2017\\\/10\\\/0ff0e7681ec27fda22990bb5f55307b7_S-1.jpg\",\"datePublished\":\"2017-10-10T16:58:27+00:00\",\"breadcrumb\":{\"@id\":\"https:\\\/\\\/www.info-algerie.com\\\/actualites\\\/le-ministere-de-linterieur-en-contact-permanent-avec-les-gardes-communaux-pour-satisfaire-leurs-revendications\\\/#breadcrumb\"},\"inLanguage\":\"fr-FR\",\"potentialAction\":[{\"@type\":\"ReadAction\",\"target\":[\"https:\\\/\\\/www.info-algerie.com\\\/actualites\\\/le-ministere-de-linterieur-en-contact-permanent-avec-les-gardes-communaux-pour-satisfaire-leurs-revendications\\\/\"]}]},{\"@type\":\"ImageObject\",\"inLanguage\":\"fr-FR\",\"@id\":\"https:\\\/\\\/www.info-algerie.com\\\/actualites\\\/le-ministere-de-linterieur-en-contact-permanent-avec-les-gardes-communaux-pour-satisfaire-leurs-revendications\\\/#primaryimage\",\"url\":\"https:\\\/\\\/www.info-algerie.com\\\/actualites\\\/wp-content\\\/uploads\\\/2017\\\/10\\\/0ff0e7681ec27fda22990bb5f55307b7_S-1.jpg\",\"contentUrl\":\"https:\\\/\\\/www.info-algerie.com\\\/actualites\\\/wp-content\\\/uploads\\\/2017\\\/10\\\/0ff0e7681ec27fda22990bb5f55307b7_S-1.jpg\",\"width\":280,\"height\":169},{\"@type\":\"BreadcrumbList\",\"@id\":\"https:\\\/\\\/www.info-algerie.com\\\/actualites\\\/le-ministere-de-linterieur-en-contact-permanent-avec-les-gardes-communaux-pour-satisfaire-leurs-revendications\\\/#breadcrumb\",\"itemListElement\":[{\"@type\":\"ListItem\",\"position\":1,\"name\":\"Accueil\",\"item\":\"https:\\\/\\\/www.info-algerie.com\\\/actualites\\\/\"},{\"@type\":\"ListItem\",\"position\":2,\"name\":\"Le minist\u00e8re de l&#039;Int\u00e9rieur en contact permanent avec les gardes communaux pour satisfaire leurs revendications\"}]},{\"@type\":\"WebSite\",\"@id\":\"https:\\\/\\\/www.info-algerie.com\\\/actualites\\\/#website\",\"url\":\"https:\\\/\\\/www.info-algerie.com\\\/actualites\\\/\",\"name\":\"info algerie\",\"description\":\"Toutes les actualit\u00e9s\",\"publisher\":{\"@id\":\"https:\\\/\\\/www.info-algerie.com\\\/actualites\\\/#organization\"},\"potentialAction\":[{\"@type\":\"SearchAction\",\"target\":{\"@type\":\"EntryPoint\",\"urlTemplate\":\"https:\\\/\\\/www.info-algerie.com\\\/actualites\\\/?s={search_term_string}\"},\"query-input\":{\"@type\":\"PropertyValueSpecification\",\"valueRequired\":true,\"valueName\":\"search_term_string\"}}],\"inLanguage\":\"fr-FR\"},{\"@type\":\"Organization\",\"@id\":\"https:\\\/\\\/www.info-algerie.com\\\/actualites\\\/#organization\",\"name\":\"info algerie\",\"url\":\"https:\\\/\\\/www.info-algerie.com\\\/actualites\\\/\",\"logo\":{\"@type\":\"ImageObject\",\"inLanguage\":\"fr-FR\",\"@id\":\"https:\\\/\\\/www.info-algerie.com\\\/actualites\\\/#\\\/schema\\\/logo\\\/image\\\/\",\"url\":\"https:\\\/\\\/www.info-algerie.com\\\/actualites\\\/wp-content\\\/uploads\\\/2022\\\/07\\\/logo-ia-120.png\",\"contentUrl\":\"https:\\\/\\\/www.info-algerie.com\\\/actualites\\\/wp-content\\\/uploads\\\/2022\\\/07\\\/logo-ia-120.png\",\"width\":120,\"height\":43,\"caption\":\"info algerie\"},\"image\":{\"@id\":\"https:\\\/\\\/www.info-algerie.com\\\/actualites\\\/#\\\/schema\\\/logo\\\/image\\\/\"},\"sameAs\":[\"https:\\\/\\\/www.facebook.com\\\/infoalgerieactu\",\"https:\\\/\\\/x.com\\\/infoalgerie1\"]},{\"@type\":\"Person\",\"@id\":\"https:\\\/\\\/www.info-algerie.com\\\/actualites\\\/#\\\/schema\\\/person\\\/847aaec44920825b843a08f30ec6aa1e\",\"name\":\"La r\u00e9daction\",\"image\":{\"@type\":\"ImageObject\",\"inLanguage\":\"fr-FR\",\"@id\":\"https:\\\/\\\/secure.gravatar.com\\\/avatar\\\/769db425c6f465158149f1ffd6cf61ce7a8a879d11dfbef8288af36dfddd418c?s=96&d=mm&r=g\",\"url\":\"https:\\\/\\\/secure.gravatar.com\\\/avatar\\\/769db425c6f465158149f1ffd6cf61ce7a8a879d11dfbef8288af36dfddd418c?s=96&d=mm&r=g\",\"contentUrl\":\"https:\\\/\\\/secure.gravatar.com\\\/avatar\\\/769db425c6f465158149f1ffd6cf61ce7a8a879d11dfbef8288af36dfddd418c?s=96&d=mm&r=g\",\"caption\":\"La r\u00e9daction\"},\"sameAs\":[\"http:\\\/\\\/www.lkeria.com\\\/\"],\"url\":\"https:\\\/\\\/www.info-algerie.com\\\/actualites\\\/author\\\/chakib32\\\/\"}]}<\/script>\n<!-- \/ Yoast SEO plugin. -->","yoast_head_json":{"title":"Le minist\u00e8re de l&#039;Int\u00e9rieur en contact permanent avec les gardes communaux pour satisfaire leurs revendications - info algerie","robots":{"index":"index","follow":"follow","max-snippet":"max-snippet:-1","max-image-preview":"max-image-preview:large","max-video-preview":"max-video-preview:-1"},"canonical":"https:\/\/www.info-algerie.com\/actualites\/le-ministere-de-linterieur-en-contact-permanent-avec-les-gardes-communaux-pour-satisfaire-leurs-revendications\/","og_locale":"fr_FR","og_type":"article","og_title":"Le minist\u00e8re de l&#039;Int\u00e9rieur en contact permanent avec les gardes communaux pour satisfaire leurs revendications - info algerie","og_description":"GHARDAIA &#8211; Le ministre de l&rsquo;Int\u00e9rieur, des collectivit\u00e9s locales et de l&rsquo;am\u00e9nagement du territoire, Noureddine Bedoui, a affirm\u00e9 mardi \u00e0 Gharda\u00efa que le minist\u00e8re \u00e9tait en contact permanent avec les gardes communaux en vue de satisfaire leurs revendications. &#013; &#013; \u00ab\u00a0L&rsquo;Etat ne laissera pas tomber la garde communale et le minist\u00e8re de l&rsquo;Int\u00e9rieur est en","og_url":"https:\/\/www.info-algerie.com\/actualites\/le-ministere-de-linterieur-en-contact-permanent-avec-les-gardes-communaux-pour-satisfaire-leurs-revendications\/","og_site_name":"info algerie","article_publisher":"https:\/\/www.facebook.com\/infoalgerieactu","article_published_time":"2017-10-10T16:58:27+00:00","og_image":[{"width":280,"height":169,"url":"https:\/\/www.info-algerie.com\/actualites\/wp-content\/uploads\/2017\/10\/0ff0e7681ec27fda22990bb5f55307b7_S-1.jpg","type":"image\/jpeg"}],"author":"La r\u00e9daction","twitter_misc":{"\u00c9crit par":"La r\u00e9daction","Dur\u00e9e de lecture estim\u00e9e":"2 minutes"},"schema":{"@context":"https:\/\/schema.org","@graph":[{"@type":"Article","@id":"https:\/\/www.info-algerie.com\/actualites\/le-ministere-de-linterieur-en-contact-permanent-avec-les-gardes-communaux-pour-satisfaire-leurs-revendications\/#article","isPartOf":{"@id":"https:\/\/www.info-algerie.com\/actualites\/le-ministere-de-linterieur-en-contact-permanent-avec-les-gardes-communaux-pour-satisfaire-leurs-revendications\/"},"author":{"name":"La r\u00e9daction","@id":"https:\/\/www.info-algerie.com\/actualites\/#\/schema\/person\/847aaec44920825b843a08f30ec6aa1e"},"headline":"Le minist\u00e8re de l&#039;Int\u00e9rieur en contact permanent avec les gardes communaux pour satisfaire leurs revendications","datePublished":"2017-10-10T16:58:27+00:00","mainEntityOfPage":{"@id":"https:\/\/www.info-algerie.com\/actualites\/le-ministere-de-linterieur-en-contact-permanent-avec-les-gardes-communaux-pour-satisfaire-leurs-revendications\/"},"wordCount":385,"commentCount":0,"publisher":{"@id":"https:\/\/www.info-algerie.com\/actualites\/#organization"},"image":{"@id":"https:\/\/www.info-algerie.com\/actualites\/le-ministere-de-linterieur-en-contact-permanent-avec-les-gardes-communaux-pour-satisfaire-leurs-revendications\/#primaryimage"},"thumbnailUrl":"https:\/\/www.info-algerie.com\/actualites\/wp-content\/uploads\/2017\/10\/0ff0e7681ec27fda22990bb5f55307b7_S-1.jpg","keywords":["ONU"],"articleSection":["infos"],"inLanguage":"fr-FR","potentialAction":[{"@type":"CommentAction","name":"Comment","target":["https:\/\/www.info-algerie.com\/actualites\/le-ministere-de-linterieur-en-contact-permanent-avec-les-gardes-communaux-pour-satisfaire-leurs-revendications\/#respond"]}]},{"@type":"WebPage","@id":"https:\/\/www.info-algerie.com\/actualites\/le-ministere-de-linterieur-en-contact-permanent-avec-les-gardes-communaux-pour-satisfaire-leurs-revendications\/","url":"https:\/\/www.info-algerie.com\/actualites\/le-ministere-de-linterieur-en-contact-permanent-avec-les-gardes-communaux-pour-satisfaire-leurs-revendications\/","name":"Le minist\u00e8re de l&#039;Int\u00e9rieur en contact permanent avec les gardes communaux pour satisfaire leurs revendications - info algerie","isPartOf":{"@id":"https:\/\/www.info-algerie.com\/actualites\/#website"},"primaryImageOfPage":{"@id":"https:\/\/www.info-algerie.com\/actualites\/le-ministere-de-linterieur-en-contact-permanent-avec-les-gardes-communaux-pour-satisfaire-leurs-revendications\/#primaryimage"},"image":{"@id":"https:\/\/www.info-algerie.com\/actualites\/le-ministere-de-linterieur-en-contact-permanent-avec-les-gardes-communaux-pour-satisfaire-leurs-revendications\/#primaryimage"},"thumbnailUrl":"https:\/\/www.info-algerie.com\/actualites\/wp-content\/uploads\/2017\/10\/0ff0e7681ec27fda22990bb5f55307b7_S-1.jpg","datePublished":"2017-10-10T16:58:27+00:00","breadcrumb":{"@id":"https:\/\/www.info-algerie.com\/actualites\/le-ministere-de-linterieur-en-contact-permanent-avec-les-gardes-communaux-pour-satisfaire-leurs-revendications\/#breadcrumb"},"inLanguage":"fr-FR","potentialAction":[{"@type":"ReadAction","target":["https:\/\/www.info-algerie.com\/actualites\/le-ministere-de-linterieur-en-contact-permanent-avec-les-gardes-communaux-pour-satisfaire-leurs-revendications\/"]}]},{"@type":"ImageObject","inLanguage":"fr-FR","@id":"https:\/\/www.info-algerie.com\/actualites\/le-ministere-de-linterieur-en-contact-permanent-avec-les-gardes-communaux-pour-satisfaire-leurs-revendications\/#primaryimage","url":"https:\/\/www.info-algerie.com\/actualites\/wp-content\/uploads\/2017\/10\/0ff0e7681ec27fda22990bb5f55307b7_S-1.jpg","contentUrl":"https:\/\/www.info-algerie.com\/actualites\/wp-content\/uploads\/2017\/10\/0ff0e7681ec27fda22990bb5f55307b7_S-1.jpg","width":280,"height":169},{"@type":"BreadcrumbList","@id":"https:\/\/www.info-algerie.com\/actualites\/le-ministere-de-linterieur-en-contact-permanent-avec-les-gardes-communaux-pour-satisfaire-leurs-revendications\/#breadcrumb","itemListElement":[{"@type":"ListItem","position":1,"name":"Accueil","item":"https:\/\/www.info-algerie.com\/actualites\/"},{"@type":"ListItem","position":2,"name":"Le minist\u00e8re de l&#039;Int\u00e9rieur en contact permanent avec les gardes communaux pour satisfaire leurs revendications"}]},{"@type":"WebSite","@id":"https:\/\/www.info-algerie.com\/actualites\/#website","url":"https:\/\/www.info-algerie.com\/actualites\/","name":"info algerie","description":"Toutes les actualit\u00e9s","publisher":{"@id":"https:\/\/www.info-algerie.com\/actualites\/#organization"},"potentialAction":[{"@type":"SearchAction","target":{"@type":"EntryPoint","urlTemplate":"https:\/\/www.info-algerie.com\/actualites\/?s={search_term_string}"},"query-input":{"@type":"PropertyValueSpecification","valueRequired":true,"valueName":"search_term_string"}}],"inLanguage":"fr-FR"},{"@type":"Organization","@id":"https:\/\/www.info-algerie.com\/actualites\/#organization","name":"info algerie","url":"https:\/\/www.info-algerie.com\/actualites\/","logo":{"@type":"ImageObject","inLanguage":"fr-FR","@id":"https:\/\/www.info-algerie.com\/actualites\/#\/schema\/logo\/image\/","url":"https:\/\/www.info-algerie.com\/actualites\/wp-content\/uploads\/2022\/07\/logo-ia-120.png","contentUrl":"https:\/\/www.info-algerie.com\/actualites\/wp-content\/uploads\/2022\/07\/logo-ia-120.png","width":120,"height":43,"caption":"info algerie"},"image":{"@id":"https:\/\/www.info-algerie.com\/actualites\/#\/schema\/logo\/image\/"},"sameAs":["https:\/\/www.facebook.com\/infoalgerieactu","https:\/\/x.com\/infoalgerie1"]},{"@type":"Person","@id":"https:\/\/www.info-algerie.com\/actualites\/#\/schema\/person\/847aaec44920825b843a08f30ec6aa1e","name":"La r\u00e9daction","image":{"@type":"ImageObject","inLanguage":"fr-FR","@id":"https:\/\/secure.gravatar.com\/avatar\/769db425c6f465158149f1ffd6cf61ce7a8a879d11dfbef8288af36dfddd418c?s=96&d=mm&r=g","url":"https:\/\/secure.gravatar.com\/avatar\/769db425c6f465158149f1ffd6cf61ce7a8a879d11dfbef8288af36dfddd418c?s=96&d=mm&r=g","contentUrl":"https:\/\/secure.gravatar.com\/avatar\/769db425c6f465158149f1ffd6cf61ce7a8a879d11dfbef8288af36dfddd418c?s=96&d=mm&r=g","caption":"La r\u00e9daction"},"sameAs":["http:\/\/www.lkeria.com\/"],"url":"https:\/\/www.info-algerie.com\/actualites\/author\/chakib32\/"}]}},"_links":{"self":[{"href":"https:\/\/www.info-algerie.com\/actualites\/wp-json\/wp\/v2\/posts\/16764","targetHints":{"allow":["GET"]}}],"collection":[{"href":"https:\/\/www.info-algerie.com\/actualites\/wp-json\/wp\/v2\/posts"}],"about":[{"href":"https:\/\/www.info-algerie.com\/actualites\/wp-json\/wp\/v2\/types\/post"}],"author":[{"embeddable":true,"href":"https:\/\/www.info-algerie.com\/actualites\/wp-json\/wp\/v2\/users\/6"}],"replies":[{"embeddable":true,"href":"https:\/\/www.info-algerie.com\/actualites\/wp-json\/wp\/v2\/comments?post=16764"}],"version-history":[{"count":0,"href":"https:\/\/www.info-algerie.com\/actualites\/wp-json\/wp\/v2\/posts\/16764\/revisions"}],"wp:featuredmedia":[{"embeddable":true,"href":"https:\/\/www.info-algerie.com\/actualites\/wp-json\/wp\/v2\/media\/16765"}],"wp:attachment":[{"href":"https:\/\/www.info-algerie.com\/actualites\/wp-json\/wp\/v2\/media?parent=16764"}],"wp:term":[{"taxonomy":"category","embeddable":true,"href":"https:\/\/www.info-algerie.com\/actualites\/wp-json\/wp\/v2\/categories?post=16764"},{"taxonomy":"post_tag","embeddable":true,"href":"https:\/\/www.info-algerie.com\/actualites\/wp-json\/wp\/v2\/tags?post=16764"}],"curies":[{"name":"wp","href":"https:\/\/api.w.org\/{rel}","templated":true}]}}