{"id":16810,"date":"2017-10-11T19:48:54","date_gmt":"2017-10-11T18:48:54","guid":{"rendered":"http:\/\/www.info-algerie.com\/actualites\/si-afif-et-lambassadeur-turc-a-alger-soulignent-limportance-de-renforcer-les-relations-parlementaires-entre-les-deux-pays\/"},"modified":"2017-10-11T19:48:54","modified_gmt":"2017-10-11T18:48:54","slug":"si-afif-et-lambassadeur-turc-a-alger-soulignent-limportance-de-renforcer-les-relations-parlementaires-entre-les-deux-pays","status":"publish","type":"post","link":"https:\/\/www.info-algerie.com\/actualites\/si-afif-et-lambassadeur-turc-a-alger-soulignent-limportance-de-renforcer-les-relations-parlementaires-entre-les-deux-pays\/","title":{"rendered":"Si Afif et l&#039;ambassadeur turc \u00e0 Alger soulignent l&#039;importance de renforcer les relations parlementaires entre les deux pays"},"content":{"rendered":"<div class=\"K2FeedIntroText\">\n<p>ALGER &#8211; Le pr\u00e9sident de la Commission des affaires \u00e9trang\u00e8res, de la coop\u00e9ration et de la communaut\u00e9 \u00e0 l\u2019\u00e9tranger, \u00e0 l&rsquo;Assembl\u00e9e populaire nationale (APN), Abdelhamid Si Afif et l&rsquo;ambassadeur de Turquie \u00e0 Alger, Mehmet Poroy ont mis l&rsquo;accent mercredi \u00e0 Alger sur l&rsquo;importance de renforcer les relations parlementaires entre les deux pays, a indiqu\u00e9 un communiqu\u00e9 de l&rsquo;APN.<\/p>\n<p>&#013;\n<\/p><\/div>\n<div class=\"K2FeedFullText\">&#013;<\/p>\n<p>Lors d&rsquo;une rencontre qui s&rsquo;est tenue \u00e0 l&rsquo;APN, M. Si Afif et l&rsquo;ambassadeur turc ont \u00e9voqu\u00e9 la coop\u00e9ration parlementaire insistant sur \u00ab\u00a0l&rsquo;importance de renforcer les relations parlementaires \u00e0 travers l&rsquo;\u00e9change de d\u00e9l\u00e9gations et d&rsquo;exp\u00e9riences\u00a0\u00bb.<\/p>\n<p>&#013;<\/p>\n<p>M. Si Afif a rappel\u00e9 \u00ab\u00a0l&rsquo;importance de la diplomatie parlementaire dans le rapprochement des vues au service des int\u00e9r\u00eats communs des deux pays et des deux peuples\u00a0\u00bb, saluant, dans le m\u00eame temps, la \u00ab\u00a0constitutionnalisation de ce m\u00e9canisme qui a permis \u00e0 l&rsquo;Alg\u00e9rie de renforcer le pouvoir l\u00e9gislatif gr\u00e2ce aux r\u00e9formes initi\u00e9es par le Pr\u00e9sident de la R\u00e9publique, Abdelaziz Bouteflika\u00a0\u00bb.<\/p>\n<p>&#013;<\/p>\n<p>La rencontre a permis par ailleurs d&rsquo;\u00e9voquer l&rsquo;\u00e9tat des relations bilat\u00e9rales bas\u00e9es sur une histoire commune qui remonte \u00e0 une longue date.<\/p>\n<p>&#013;<\/p>\n<p>Il a \u00e9t\u00e9 convenu de poursuivre les efforts en vue de consolider le partenariat entre les deux pays dans divers domaines \u00e0 l&rsquo;instar de ce qui a \u00e9t\u00e9 r\u00e9alis\u00e9 dans de nombreux secteurs comme le textile, la chimie et la pharmacie\u00a0\u00bb, a ajout\u00e9 la m\u00eame source.<\/p>\n<p>&#013;<\/p>\n<p>L&rsquo;ambassadeur turc a salu\u00e9, de son c\u00f4t\u00e9, les r\u00e9alisations accomplies par les deux pays dans le domaine de la coop\u00e9ration \u00e9conomique et commerciale, exprimant son \u00ab\u00a0optimisme quant \u00e0 un avenir prometteur refl\u00e9tant la\u00a0 profondeur des relations bilat\u00e9rales et favorisant la r\u00e9ussite des projets communs\u00a0\u00bb.<\/p>\n<p>&#013;<\/p>\n<p class=\"MsoNormal\">L&rsquo;entretien a port\u00e9 \u00e9galement sur les \u00ab\u00a0questions d&rsquo;int\u00e9r\u00eat commun, notamment les moyens de lutte contre le terrorisme qui constitue d\u00e9sormais une v\u00e9ritable menace sur la paix et la stabilit\u00e9 dans le monde\u00a0\u00bb.<\/p>\n<\/div>\n<p>&#013;<br \/>\nSource: <a href=\"http:\/\/www.aps.dz\/algerie\/63859-si-afif-et-l-ambassadeur-turc-a-alger-soulignent-l-importance-de-renforcer-les-relations-parlementaires-entre-les-deux-pays\" target=\"_blank\">Si Afif et l&rsquo;ambassadeur turc \u00e0 Alger soulignent l&rsquo;importance de renforcer les relations parlementaires entre les deux pays<\/a><\/p>\n<!--CusAds0-->\n<div style=\"font-size: 0px; height: 0px; line-height: 0px; margin: 0; padding: 0; clear: both;\"><\/div>","protected":false},"excerpt":{"rendered":"<p>ALGER &#8211; Le pr\u00e9sident de la Commission des affaires \u00e9trang\u00e8res, de la coop\u00e9ration et de la communaut\u00e9 \u00e0 l\u2019\u00e9tranger, \u00e0 l&rsquo;Assembl\u00e9e populaire nationale (APN), Abdelhamid Si Afif et l&rsquo;ambassadeur de Turquie \u00e0 Alger, Mehmet Poroy ont mis l&rsquo;accent mercredi \u00e0 Alger sur l&rsquo;importance de renforcer les relations parlementaires entre les deux pays, a indiqu\u00e9 un<\/p>\n","protected":false},"author":6,"featured_media":0,"comment_status":"open","ping_status":"open","sticky":false,"template":"","format":"standard","meta":{"footnotes":""},"categories":[22],"tags":[93],"class_list":["post-16810","post","type-post","status-publish","format-standard","hentry","category-infos","tag-onu"],"yoast_head":"<!-- This site is optimized with the Yoast SEO plugin v27.5 - https:\/\/yoast.com\/product\/yoast-seo-wordpress\/ -->\n<title>Si Afif et l&#039;ambassadeur turc \u00e0 Alger soulignent l&#039;importance de renforcer les relations parlementaires entre les deux pays - info algerie<\/title>\n<meta name=\"robots\" content=\"index, follow, max-snippet:-1, max-image-preview:large, max-video-preview:-1\" \/>\n<link rel=\"canonical\" href=\"https:\/\/www.info-algerie.com\/actualites\/si-afif-et-lambassadeur-turc-a-alger-soulignent-limportance-de-renforcer-les-relations-parlementaires-entre-les-deux-pays\/\" \/>\n<meta property=\"og:locale\" content=\"fr_FR\" \/>\n<meta property=\"og:type\" content=\"article\" \/>\n<meta property=\"og:title\" content=\"Si Afif et l&#039;ambassadeur turc \u00e0 Alger soulignent l&#039;importance de renforcer les relations parlementaires entre les deux pays - info algerie\" \/>\n<meta property=\"og:description\" content=\"ALGER &#8211; Le pr\u00e9sident de la Commission des affaires \u00e9trang\u00e8res, de la coop\u00e9ration et de la communaut\u00e9 \u00e0 l\u2019\u00e9tranger, \u00e0 l&rsquo;Assembl\u00e9e populaire nationale (APN), Abdelhamid Si Afif et l&rsquo;ambassadeur de Turquie \u00e0 Alger, Mehmet Poroy ont mis l&rsquo;accent mercredi \u00e0 Alger sur l&rsquo;importance de renforcer les relations parlementaires entre les deux pays, a indiqu\u00e9 un\" \/>\n<meta property=\"og:url\" content=\"https:\/\/www.info-algerie.com\/actualites\/si-afif-et-lambassadeur-turc-a-alger-soulignent-limportance-de-renforcer-les-relations-parlementaires-entre-les-deux-pays\/\" \/>\n<meta property=\"og:site_name\" content=\"info algerie\" \/>\n<meta property=\"article:publisher\" content=\"https:\/\/www.facebook.com\/infoalgerieactu\" \/>\n<meta property=\"article:published_time\" content=\"2017-10-11T18:48:54+00:00\" \/>\n<meta name=\"author\" content=\"La r\u00e9daction\" \/>\n<meta name=\"twitter:label1\" content=\"\u00c9crit par\" \/>\n\t<meta name=\"twitter:data1\" content=\"La r\u00e9daction\" \/>\n\t<meta name=\"twitter:label2\" content=\"Dur\u00e9e de lecture estim\u00e9e\" \/>\n\t<meta name=\"twitter:data2\" content=\"2 minutes\" \/>\n<script type=\"application\/ld+json\" class=\"yoast-schema-graph\">{\"@context\":\"https:\\\/\\\/schema.org\",\"@graph\":[{\"@type\":\"Article\",\"@id\":\"https:\\\/\\\/www.info-algerie.com\\\/actualites\\\/si-afif-et-lambassadeur-turc-a-alger-soulignent-limportance-de-renforcer-les-relations-parlementaires-entre-les-deux-pays\\\/#article\",\"isPartOf\":{\"@id\":\"https:\\\/\\\/www.info-algerie.com\\\/actualites\\\/si-afif-et-lambassadeur-turc-a-alger-soulignent-limportance-de-renforcer-les-relations-parlementaires-entre-les-deux-pays\\\/\"},\"author\":{\"name\":\"La r\u00e9daction\",\"@id\":\"https:\\\/\\\/www.info-algerie.com\\\/actualites\\\/#\\\/schema\\\/person\\\/847aaec44920825b843a08f30ec6aa1e\"},\"headline\":\"Si Afif et l&#039;ambassadeur turc \u00e0 Alger soulignent l&#039;importance de renforcer les relations parlementaires entre les deux pays\",\"datePublished\":\"2017-10-11T18:48:54+00:00\",\"mainEntityOfPage\":{\"@id\":\"https:\\\/\\\/www.info-algerie.com\\\/actualites\\\/si-afif-et-lambassadeur-turc-a-alger-soulignent-limportance-de-renforcer-les-relations-parlementaires-entre-les-deux-pays\\\/\"},\"wordCount\":378,\"commentCount\":0,\"publisher\":{\"@id\":\"https:\\\/\\\/www.info-algerie.com\\\/actualites\\\/#organization\"},\"keywords\":[\"ONU\"],\"articleSection\":[\"infos\"],\"inLanguage\":\"fr-FR\",\"potentialAction\":[{\"@type\":\"CommentAction\",\"name\":\"Comment\",\"target\":[\"https:\\\/\\\/www.info-algerie.com\\\/actualites\\\/si-afif-et-lambassadeur-turc-a-alger-soulignent-limportance-de-renforcer-les-relations-parlementaires-entre-les-deux-pays\\\/#respond\"]}]},{\"@type\":\"WebPage\",\"@id\":\"https:\\\/\\\/www.info-algerie.com\\\/actualites\\\/si-afif-et-lambassadeur-turc-a-alger-soulignent-limportance-de-renforcer-les-relations-parlementaires-entre-les-deux-pays\\\/\",\"url\":\"https:\\\/\\\/www.info-algerie.com\\\/actualites\\\/si-afif-et-lambassadeur-turc-a-alger-soulignent-limportance-de-renforcer-les-relations-parlementaires-entre-les-deux-pays\\\/\",\"name\":\"Si Afif et l&#039;ambassadeur turc \u00e0 Alger soulignent l&#039;importance de renforcer les relations parlementaires entre les deux pays - info algerie\",\"isPartOf\":{\"@id\":\"https:\\\/\\\/www.info-algerie.com\\\/actualites\\\/#website\"},\"datePublished\":\"2017-10-11T18:48:54+00:00\",\"breadcrumb\":{\"@id\":\"https:\\\/\\\/www.info-algerie.com\\\/actualites\\\/si-afif-et-lambassadeur-turc-a-alger-soulignent-limportance-de-renforcer-les-relations-parlementaires-entre-les-deux-pays\\\/#breadcrumb\"},\"inLanguage\":\"fr-FR\",\"potentialAction\":[{\"@type\":\"ReadAction\",\"target\":[\"https:\\\/\\\/www.info-algerie.com\\\/actualites\\\/si-afif-et-lambassadeur-turc-a-alger-soulignent-limportance-de-renforcer-les-relations-parlementaires-entre-les-deux-pays\\\/\"]}]},{\"@type\":\"BreadcrumbList\",\"@id\":\"https:\\\/\\\/www.info-algerie.com\\\/actualites\\\/si-afif-et-lambassadeur-turc-a-alger-soulignent-limportance-de-renforcer-les-relations-parlementaires-entre-les-deux-pays\\\/#breadcrumb\",\"itemListElement\":[{\"@type\":\"ListItem\",\"position\":1,\"name\":\"Accueil\",\"item\":\"https:\\\/\\\/www.info-algerie.com\\\/actualites\\\/\"},{\"@type\":\"ListItem\",\"position\":2,\"name\":\"Si Afif et l&#039;ambassadeur turc \u00e0 Alger soulignent l&#039;importance de renforcer les relations parlementaires entre les deux pays\"}]},{\"@type\":\"WebSite\",\"@id\":\"https:\\\/\\\/www.info-algerie.com\\\/actualites\\\/#website\",\"url\":\"https:\\\/\\\/www.info-algerie.com\\\/actualites\\\/\",\"name\":\"info algerie\",\"description\":\"Toutes les actualit\u00e9s\",\"publisher\":{\"@id\":\"https:\\\/\\\/www.info-algerie.com\\\/actualites\\\/#organization\"},\"potentialAction\":[{\"@type\":\"SearchAction\",\"target\":{\"@type\":\"EntryPoint\",\"urlTemplate\":\"https:\\\/\\\/www.info-algerie.com\\\/actualites\\\/?s={search_term_string}\"},\"query-input\":{\"@type\":\"PropertyValueSpecification\",\"valueRequired\":true,\"valueName\":\"search_term_string\"}}],\"inLanguage\":\"fr-FR\"},{\"@type\":\"Organization\",\"@id\":\"https:\\\/\\\/www.info-algerie.com\\\/actualites\\\/#organization\",\"name\":\"info algerie\",\"url\":\"https:\\\/\\\/www.info-algerie.com\\\/actualites\\\/\",\"logo\":{\"@type\":\"ImageObject\",\"inLanguage\":\"fr-FR\",\"@id\":\"https:\\\/\\\/www.info-algerie.com\\\/actualites\\\/#\\\/schema\\\/logo\\\/image\\\/\",\"url\":\"https:\\\/\\\/www.info-algerie.com\\\/actualites\\\/wp-content\\\/uploads\\\/2022\\\/07\\\/logo-ia-120.png\",\"contentUrl\":\"https:\\\/\\\/www.info-algerie.com\\\/actualites\\\/wp-content\\\/uploads\\\/2022\\\/07\\\/logo-ia-120.png\",\"width\":120,\"height\":43,\"caption\":\"info algerie\"},\"image\":{\"@id\":\"https:\\\/\\\/www.info-algerie.com\\\/actualites\\\/#\\\/schema\\\/logo\\\/image\\\/\"},\"sameAs\":[\"https:\\\/\\\/www.facebook.com\\\/infoalgerieactu\",\"https:\\\/\\\/x.com\\\/infoalgerie1\"]},{\"@type\":\"Person\",\"@id\":\"https:\\\/\\\/www.info-algerie.com\\\/actualites\\\/#\\\/schema\\\/person\\\/847aaec44920825b843a08f30ec6aa1e\",\"name\":\"La r\u00e9daction\",\"image\":{\"@type\":\"ImageObject\",\"inLanguage\":\"fr-FR\",\"@id\":\"https:\\\/\\\/secure.gravatar.com\\\/avatar\\\/769db425c6f465158149f1ffd6cf61ce7a8a879d11dfbef8288af36dfddd418c?s=96&d=mm&r=g\",\"url\":\"https:\\\/\\\/secure.gravatar.com\\\/avatar\\\/769db425c6f465158149f1ffd6cf61ce7a8a879d11dfbef8288af36dfddd418c?s=96&d=mm&r=g\",\"contentUrl\":\"https:\\\/\\\/secure.gravatar.com\\\/avatar\\\/769db425c6f465158149f1ffd6cf61ce7a8a879d11dfbef8288af36dfddd418c?s=96&d=mm&r=g\",\"caption\":\"La r\u00e9daction\"},\"sameAs\":[\"http:\\\/\\\/www.lkeria.com\\\/\"],\"url\":\"https:\\\/\\\/www.info-algerie.com\\\/actualites\\\/author\\\/chakib32\\\/\"}]}<\/script>\n<!-- \/ Yoast SEO plugin. -->","yoast_head_json":{"title":"Si Afif et l&#039;ambassadeur turc \u00e0 Alger soulignent l&#039;importance de renforcer les relations parlementaires entre les deux pays - info algerie","robots":{"index":"index","follow":"follow","max-snippet":"max-snippet:-1","max-image-preview":"max-image-preview:large","max-video-preview":"max-video-preview:-1"},"canonical":"https:\/\/www.info-algerie.com\/actualites\/si-afif-et-lambassadeur-turc-a-alger-soulignent-limportance-de-renforcer-les-relations-parlementaires-entre-les-deux-pays\/","og_locale":"fr_FR","og_type":"article","og_title":"Si Afif et l&#039;ambassadeur turc \u00e0 Alger soulignent l&#039;importance de renforcer les relations parlementaires entre les deux pays - info algerie","og_description":"ALGER &#8211; Le pr\u00e9sident de la Commission des affaires \u00e9trang\u00e8res, de la coop\u00e9ration et de la communaut\u00e9 \u00e0 l\u2019\u00e9tranger, \u00e0 l&rsquo;Assembl\u00e9e populaire nationale (APN), Abdelhamid Si Afif et l&rsquo;ambassadeur de Turquie \u00e0 Alger, Mehmet Poroy ont mis l&rsquo;accent mercredi \u00e0 Alger sur l&rsquo;importance de renforcer les relations parlementaires entre les deux pays, a indiqu\u00e9 un","og_url":"https:\/\/www.info-algerie.com\/actualites\/si-afif-et-lambassadeur-turc-a-alger-soulignent-limportance-de-renforcer-les-relations-parlementaires-entre-les-deux-pays\/","og_site_name":"info algerie","article_publisher":"https:\/\/www.facebook.com\/infoalgerieactu","article_published_time":"2017-10-11T18:48:54+00:00","author":"La r\u00e9daction","twitter_misc":{"\u00c9crit par":"La r\u00e9daction","Dur\u00e9e de lecture estim\u00e9e":"2 minutes"},"schema":{"@context":"https:\/\/schema.org","@graph":[{"@type":"Article","@id":"https:\/\/www.info-algerie.com\/actualites\/si-afif-et-lambassadeur-turc-a-alger-soulignent-limportance-de-renforcer-les-relations-parlementaires-entre-les-deux-pays\/#article","isPartOf":{"@id":"https:\/\/www.info-algerie.com\/actualites\/si-afif-et-lambassadeur-turc-a-alger-soulignent-limportance-de-renforcer-les-relations-parlementaires-entre-les-deux-pays\/"},"author":{"name":"La r\u00e9daction","@id":"https:\/\/www.info-algerie.com\/actualites\/#\/schema\/person\/847aaec44920825b843a08f30ec6aa1e"},"headline":"Si Afif et l&#039;ambassadeur turc \u00e0 Alger soulignent l&#039;importance de renforcer les relations parlementaires entre les deux pays","datePublished":"2017-10-11T18:48:54+00:00","mainEntityOfPage":{"@id":"https:\/\/www.info-algerie.com\/actualites\/si-afif-et-lambassadeur-turc-a-alger-soulignent-limportance-de-renforcer-les-relations-parlementaires-entre-les-deux-pays\/"},"wordCount":378,"commentCount":0,"publisher":{"@id":"https:\/\/www.info-algerie.com\/actualites\/#organization"},"keywords":["ONU"],"articleSection":["infos"],"inLanguage":"fr-FR","potentialAction":[{"@type":"CommentAction","name":"Comment","target":["https:\/\/www.info-algerie.com\/actualites\/si-afif-et-lambassadeur-turc-a-alger-soulignent-limportance-de-renforcer-les-relations-parlementaires-entre-les-deux-pays\/#respond"]}]},{"@type":"WebPage","@id":"https:\/\/www.info-algerie.com\/actualites\/si-afif-et-lambassadeur-turc-a-alger-soulignent-limportance-de-renforcer-les-relations-parlementaires-entre-les-deux-pays\/","url":"https:\/\/www.info-algerie.com\/actualites\/si-afif-et-lambassadeur-turc-a-alger-soulignent-limportance-de-renforcer-les-relations-parlementaires-entre-les-deux-pays\/","name":"Si Afif et l&#039;ambassadeur turc \u00e0 Alger soulignent l&#039;importance de renforcer les relations parlementaires entre les deux pays - info algerie","isPartOf":{"@id":"https:\/\/www.info-algerie.com\/actualites\/#website"},"datePublished":"2017-10-11T18:48:54+00:00","breadcrumb":{"@id":"https:\/\/www.info-algerie.com\/actualites\/si-afif-et-lambassadeur-turc-a-alger-soulignent-limportance-de-renforcer-les-relations-parlementaires-entre-les-deux-pays\/#breadcrumb"},"inLanguage":"fr-FR","potentialAction":[{"@type":"ReadAction","target":["https:\/\/www.info-algerie.com\/actualites\/si-afif-et-lambassadeur-turc-a-alger-soulignent-limportance-de-renforcer-les-relations-parlementaires-entre-les-deux-pays\/"]}]},{"@type":"BreadcrumbList","@id":"https:\/\/www.info-algerie.com\/actualites\/si-afif-et-lambassadeur-turc-a-alger-soulignent-limportance-de-renforcer-les-relations-parlementaires-entre-les-deux-pays\/#breadcrumb","itemListElement":[{"@type":"ListItem","position":1,"name":"Accueil","item":"https:\/\/www.info-algerie.com\/actualites\/"},{"@type":"ListItem","position":2,"name":"Si Afif et l&#039;ambassadeur turc \u00e0 Alger soulignent l&#039;importance de renforcer les relations parlementaires entre les deux pays"}]},{"@type":"WebSite","@id":"https:\/\/www.info-algerie.com\/actualites\/#website","url":"https:\/\/www.info-algerie.com\/actualites\/","name":"info algerie","description":"Toutes les actualit\u00e9s","publisher":{"@id":"https:\/\/www.info-algerie.com\/actualites\/#organization"},"potentialAction":[{"@type":"SearchAction","target":{"@type":"EntryPoint","urlTemplate":"https:\/\/www.info-algerie.com\/actualites\/?s={search_term_string}"},"query-input":{"@type":"PropertyValueSpecification","valueRequired":true,"valueName":"search_term_string"}}],"inLanguage":"fr-FR"},{"@type":"Organization","@id":"https:\/\/www.info-algerie.com\/actualites\/#organization","name":"info algerie","url":"https:\/\/www.info-algerie.com\/actualites\/","logo":{"@type":"ImageObject","inLanguage":"fr-FR","@id":"https:\/\/www.info-algerie.com\/actualites\/#\/schema\/logo\/image\/","url":"https:\/\/www.info-algerie.com\/actualites\/wp-content\/uploads\/2022\/07\/logo-ia-120.png","contentUrl":"https:\/\/www.info-algerie.com\/actualites\/wp-content\/uploads\/2022\/07\/logo-ia-120.png","width":120,"height":43,"caption":"info algerie"},"image":{"@id":"https:\/\/www.info-algerie.com\/actualites\/#\/schema\/logo\/image\/"},"sameAs":["https:\/\/www.facebook.com\/infoalgerieactu","https:\/\/x.com\/infoalgerie1"]},{"@type":"Person","@id":"https:\/\/www.info-algerie.com\/actualites\/#\/schema\/person\/847aaec44920825b843a08f30ec6aa1e","name":"La r\u00e9daction","image":{"@type":"ImageObject","inLanguage":"fr-FR","@id":"https:\/\/secure.gravatar.com\/avatar\/769db425c6f465158149f1ffd6cf61ce7a8a879d11dfbef8288af36dfddd418c?s=96&d=mm&r=g","url":"https:\/\/secure.gravatar.com\/avatar\/769db425c6f465158149f1ffd6cf61ce7a8a879d11dfbef8288af36dfddd418c?s=96&d=mm&r=g","contentUrl":"https:\/\/secure.gravatar.com\/avatar\/769db425c6f465158149f1ffd6cf61ce7a8a879d11dfbef8288af36dfddd418c?s=96&d=mm&r=g","caption":"La r\u00e9daction"},"sameAs":["http:\/\/www.lkeria.com\/"],"url":"https:\/\/www.info-algerie.com\/actualites\/author\/chakib32\/"}]}},"_links":{"self":[{"href":"https:\/\/www.info-algerie.com\/actualites\/wp-json\/wp\/v2\/posts\/16810","targetHints":{"allow":["GET"]}}],"collection":[{"href":"https:\/\/www.info-algerie.com\/actualites\/wp-json\/wp\/v2\/posts"}],"about":[{"href":"https:\/\/www.info-algerie.com\/actualites\/wp-json\/wp\/v2\/types\/post"}],"author":[{"embeddable":true,"href":"https:\/\/www.info-algerie.com\/actualites\/wp-json\/wp\/v2\/users\/6"}],"replies":[{"embeddable":true,"href":"https:\/\/www.info-algerie.com\/actualites\/wp-json\/wp\/v2\/comments?post=16810"}],"version-history":[{"count":0,"href":"https:\/\/www.info-algerie.com\/actualites\/wp-json\/wp\/v2\/posts\/16810\/revisions"}],"wp:attachment":[{"href":"https:\/\/www.info-algerie.com\/actualites\/wp-json\/wp\/v2\/media?parent=16810"}],"wp:term":[{"taxonomy":"category","embeddable":true,"href":"https:\/\/www.info-algerie.com\/actualites\/wp-json\/wp\/v2\/categories?post=16810"},{"taxonomy":"post_tag","embeddable":true,"href":"https:\/\/www.info-algerie.com\/actualites\/wp-json\/wp\/v2\/tags?post=16810"}],"curies":[{"name":"wp","href":"https:\/\/api.w.org\/{rel}","templated":true}]}}