{"id":16823,"date":"2017-10-12T12:08:15","date_gmt":"2017-10-12T11:08:15","guid":{"rendered":"http:\/\/www.info-algerie.com\/actualites\/rabah-arezki-nomme-economiste-en-chef-de-la-bm-pour-la-region-mena\/"},"modified":"2017-10-12T12:08:15","modified_gmt":"2017-10-12T11:08:15","slug":"rabah-arezki-nomme-economiste-en-chef-de-la-bm-pour-la-region-mena","status":"publish","type":"post","link":"https:\/\/www.info-algerie.com\/actualites\/rabah-arezki-nomme-economiste-en-chef-de-la-bm-pour-la-region-mena\/","title":{"rendered":"Rabah Arezki nomm\u00e9 \u00e9conomiste en chef de la BM pour la r\u00e9gion MENA"},"content":{"rendered":"<div class=\"K2FeedImage\"><img decoding=\"async\" src=\"https:\/\/www.info-algerie.com\/actualites\/wp-content\/uploads\/2017\/10\/739734cd2dfa23eaa2177ca13697aaca_S.jpg\" alt=\"Rabah Arezki nomm&#xE9; &#xE9;conomiste en chef de la BM pour la r&#xE9;gion MENA\" \/><\/div>\n<div class=\"K2FeedIntroText\">\n<p class=\"MsoNoSpacing\">WASHINGTON- L\u2019expert alg\u00e9rien, Rabah Arezki, a \u00e9t\u00e9 nomm\u00e9 \u00e9conomiste en chef de la Banque Mondiale pour la r\u00e9gion Moyen-Orient et Afrique du Nord (Mena) en remplacement du Siri lankais, Shanta Devarajan.<\/p>\n<p>&#013;\n<\/p><\/div>\n<div class=\"K2FeedFullText\">&#013;<\/p>\n<p class=\"MsoNoSpacing\">Ancien chef de l\u2019Unit\u00e9 des mati\u00e8res premi\u00e8res du D\u00e9partement des \u00e9tudes du FMI, Rabah Arezki a trait\u00e9 divers sujets dont l\u2019\u00e9nergie, les mati\u00e8res premi\u00e8res, la macro\u00e9conomie internationale et l\u2019\u00e9conomie du d\u00e9veloppement.<\/p>\n<p>&#013;<\/p>\n<p class=\"MsoNoSpacing\">Il a conduit et particip\u00e9 \u00e0 plusieurs missions en Afrique, au Moyen-Orient et en Asie centrale. M. Arezki est, en outre, associ\u00e9 non r\u00e9sident du prestigieux Think Thank am\u00e9ricain, Brookings Institution et de l\u2019Universit\u00e9 d\u2019Oxford.<\/p>\n<p>&#013;<\/p>\n<p class=\"MsoNoSpacing\">Cet expert, qui a pris ses fonctions mardi au sein de la Banque Mondiale, a publi\u00e9 un grand nombre d\u2019articles dans des publications revues par un comit\u00e9 de lecture sp\u00e9cialis\u00e9e, et co\u00e9crit plusieurs livres et \u00e9ditions sp\u00e9ciales de revues universitaires.<\/p>\n<p>&#013;<\/p>\n<p class=\"MsoNoSpacing\">Il est \u00e9galement r\u00e9dacteur en chef du Research Bulletin du FMI et r\u00e9dacteur associ\u00e9 de la Revue d\u2019\u00e9conomie du d\u00e9veloppement.\u00a0M. Arezki est titulaire d\u2019une ma\u00eetrise es sciences de l\u2019Ecole nationale de la statistique et de l\u2019administration \u00e9conomique de Paris (France) et d\u2019un PhD de l\u2019institut universitaire europ\u00e9en de Florence (Italie).<\/p>\n<\/div>\n<p>&#013;<br \/>\nSource: <a href=\"http:\/\/www.aps.dz\/algerie\/63870-l-algerien-rabah-arezki-nomme-economiste-en-chef-de-la-bm-pour-la-region-mena\" target=\"_blank\">Rabah Arezki nomm\u00e9 \u00e9conomiste en chef de la BM pour la r\u00e9gion MENA<\/a><\/p>\n<!--CusAds0-->\n<div style=\"font-size: 0px; height: 0px; line-height: 0px; margin: 0; padding: 0; clear: both;\"><\/div>","protected":false},"excerpt":{"rendered":"<p>WASHINGTON- L\u2019expert alg\u00e9rien, Rabah Arezki, a \u00e9t\u00e9 nomm\u00e9 \u00e9conomiste en chef de la Banque Mondiale pour la r\u00e9gion Moyen-Orient et Afrique du Nord (Mena) en remplacement du Siri lankais, Shanta Devarajan. &#013; &#013; Ancien chef de l\u2019Unit\u00e9 des mati\u00e8res premi\u00e8res du D\u00e9partement des \u00e9tudes du FMI, Rabah Arezki a trait\u00e9 divers sujets dont l\u2019\u00e9nergie, les<\/p>\n","protected":false},"author":6,"featured_media":16824,"comment_status":"open","ping_status":"open","sticky":false,"template":"","format":"standard","meta":{"footnotes":""},"categories":[22],"tags":[93],"class_list":["post-16823","post","type-post","status-publish","format-standard","has-post-thumbnail","hentry","category-infos","tag-onu"],"yoast_head":"<!-- This site is optimized with the Yoast SEO plugin v27.5 - https:\/\/yoast.com\/product\/yoast-seo-wordpress\/ -->\n<title>Rabah Arezki nomm\u00e9 \u00e9conomiste en chef de la BM pour la r\u00e9gion MENA - info algerie<\/title>\n<meta name=\"robots\" content=\"index, follow, max-snippet:-1, max-image-preview:large, max-video-preview:-1\" \/>\n<link rel=\"canonical\" href=\"https:\/\/www.info-algerie.com\/actualites\/rabah-arezki-nomme-economiste-en-chef-de-la-bm-pour-la-region-mena\/\" \/>\n<meta property=\"og:locale\" content=\"fr_FR\" \/>\n<meta property=\"og:type\" content=\"article\" \/>\n<meta property=\"og:title\" content=\"Rabah Arezki nomm\u00e9 \u00e9conomiste en chef de la BM pour la r\u00e9gion MENA - info algerie\" \/>\n<meta property=\"og:description\" content=\"WASHINGTON- L\u2019expert alg\u00e9rien, Rabah Arezki, a \u00e9t\u00e9 nomm\u00e9 \u00e9conomiste en chef de la Banque Mondiale pour la r\u00e9gion Moyen-Orient et Afrique du Nord (Mena) en remplacement du Siri lankais, Shanta Devarajan. &#013; &#013; Ancien chef de l\u2019Unit\u00e9 des mati\u00e8res premi\u00e8res du D\u00e9partement des \u00e9tudes du FMI, Rabah Arezki a trait\u00e9 divers sujets dont l\u2019\u00e9nergie, les\" \/>\n<meta property=\"og:url\" content=\"https:\/\/www.info-algerie.com\/actualites\/rabah-arezki-nomme-economiste-en-chef-de-la-bm-pour-la-region-mena\/\" \/>\n<meta property=\"og:site_name\" content=\"info algerie\" \/>\n<meta property=\"article:publisher\" content=\"https:\/\/www.facebook.com\/infoalgerieactu\" \/>\n<meta property=\"article:published_time\" content=\"2017-10-12T11:08:15+00:00\" \/>\n<meta property=\"og:image\" content=\"https:\/\/www.info-algerie.com\/actualites\/wp-content\/uploads\/2017\/10\/739734cd2dfa23eaa2177ca13697aaca_S-1.jpg\" \/>\n\t<meta property=\"og:image:width\" content=\"280\" \/>\n\t<meta property=\"og:image:height\" content=\"169\" \/>\n\t<meta property=\"og:image:type\" content=\"image\/jpeg\" \/>\n<meta name=\"author\" content=\"La r\u00e9daction\" \/>\n<meta name=\"twitter:label1\" content=\"\u00c9crit par\" \/>\n\t<meta name=\"twitter:data1\" content=\"La r\u00e9daction\" \/>\n\t<meta name=\"twitter:label2\" content=\"Dur\u00e9e de lecture estim\u00e9e\" \/>\n\t<meta name=\"twitter:data2\" content=\"1 minute\" \/>\n<script type=\"application\/ld+json\" class=\"yoast-schema-graph\">{\"@context\":\"https:\\\/\\\/schema.org\",\"@graph\":[{\"@type\":\"Article\",\"@id\":\"https:\\\/\\\/www.info-algerie.com\\\/actualites\\\/rabah-arezki-nomme-economiste-en-chef-de-la-bm-pour-la-region-mena\\\/#article\",\"isPartOf\":{\"@id\":\"https:\\\/\\\/www.info-algerie.com\\\/actualites\\\/rabah-arezki-nomme-economiste-en-chef-de-la-bm-pour-la-region-mena\\\/\"},\"author\":{\"name\":\"La r\u00e9daction\",\"@id\":\"https:\\\/\\\/www.info-algerie.com\\\/actualites\\\/#\\\/schema\\\/person\\\/847aaec44920825b843a08f30ec6aa1e\"},\"headline\":\"Rabah Arezki nomm\u00e9 \u00e9conomiste en chef de la BM pour la r\u00e9gion MENA\",\"datePublished\":\"2017-10-12T11:08:15+00:00\",\"mainEntityOfPage\":{\"@id\":\"https:\\\/\\\/www.info-algerie.com\\\/actualites\\\/rabah-arezki-nomme-economiste-en-chef-de-la-bm-pour-la-region-mena\\\/\"},\"wordCount\":249,\"commentCount\":0,\"publisher\":{\"@id\":\"https:\\\/\\\/www.info-algerie.com\\\/actualites\\\/#organization\"},\"image\":{\"@id\":\"https:\\\/\\\/www.info-algerie.com\\\/actualites\\\/rabah-arezki-nomme-economiste-en-chef-de-la-bm-pour-la-region-mena\\\/#primaryimage\"},\"thumbnailUrl\":\"https:\\\/\\\/www.info-algerie.com\\\/actualites\\\/wp-content\\\/uploads\\\/2017\\\/10\\\/739734cd2dfa23eaa2177ca13697aaca_S-1.jpg\",\"keywords\":[\"ONU\"],\"articleSection\":[\"infos\"],\"inLanguage\":\"fr-FR\",\"potentialAction\":[{\"@type\":\"CommentAction\",\"name\":\"Comment\",\"target\":[\"https:\\\/\\\/www.info-algerie.com\\\/actualites\\\/rabah-arezki-nomme-economiste-en-chef-de-la-bm-pour-la-region-mena\\\/#respond\"]}]},{\"@type\":\"WebPage\",\"@id\":\"https:\\\/\\\/www.info-algerie.com\\\/actualites\\\/rabah-arezki-nomme-economiste-en-chef-de-la-bm-pour-la-region-mena\\\/\",\"url\":\"https:\\\/\\\/www.info-algerie.com\\\/actualites\\\/rabah-arezki-nomme-economiste-en-chef-de-la-bm-pour-la-region-mena\\\/\",\"name\":\"Rabah Arezki nomm\u00e9 \u00e9conomiste en chef de la BM pour la r\u00e9gion MENA - info algerie\",\"isPartOf\":{\"@id\":\"https:\\\/\\\/www.info-algerie.com\\\/actualites\\\/#website\"},\"primaryImageOfPage\":{\"@id\":\"https:\\\/\\\/www.info-algerie.com\\\/actualites\\\/rabah-arezki-nomme-economiste-en-chef-de-la-bm-pour-la-region-mena\\\/#primaryimage\"},\"image\":{\"@id\":\"https:\\\/\\\/www.info-algerie.com\\\/actualites\\\/rabah-arezki-nomme-economiste-en-chef-de-la-bm-pour-la-region-mena\\\/#primaryimage\"},\"thumbnailUrl\":\"https:\\\/\\\/www.info-algerie.com\\\/actualites\\\/wp-content\\\/uploads\\\/2017\\\/10\\\/739734cd2dfa23eaa2177ca13697aaca_S-1.jpg\",\"datePublished\":\"2017-10-12T11:08:15+00:00\",\"breadcrumb\":{\"@id\":\"https:\\\/\\\/www.info-algerie.com\\\/actualites\\\/rabah-arezki-nomme-economiste-en-chef-de-la-bm-pour-la-region-mena\\\/#breadcrumb\"},\"inLanguage\":\"fr-FR\",\"potentialAction\":[{\"@type\":\"ReadAction\",\"target\":[\"https:\\\/\\\/www.info-algerie.com\\\/actualites\\\/rabah-arezki-nomme-economiste-en-chef-de-la-bm-pour-la-region-mena\\\/\"]}]},{\"@type\":\"ImageObject\",\"inLanguage\":\"fr-FR\",\"@id\":\"https:\\\/\\\/www.info-algerie.com\\\/actualites\\\/rabah-arezki-nomme-economiste-en-chef-de-la-bm-pour-la-region-mena\\\/#primaryimage\",\"url\":\"https:\\\/\\\/www.info-algerie.com\\\/actualites\\\/wp-content\\\/uploads\\\/2017\\\/10\\\/739734cd2dfa23eaa2177ca13697aaca_S-1.jpg\",\"contentUrl\":\"https:\\\/\\\/www.info-algerie.com\\\/actualites\\\/wp-content\\\/uploads\\\/2017\\\/10\\\/739734cd2dfa23eaa2177ca13697aaca_S-1.jpg\",\"width\":280,\"height\":169},{\"@type\":\"BreadcrumbList\",\"@id\":\"https:\\\/\\\/www.info-algerie.com\\\/actualites\\\/rabah-arezki-nomme-economiste-en-chef-de-la-bm-pour-la-region-mena\\\/#breadcrumb\",\"itemListElement\":[{\"@type\":\"ListItem\",\"position\":1,\"name\":\"Accueil\",\"item\":\"https:\\\/\\\/www.info-algerie.com\\\/actualites\\\/\"},{\"@type\":\"ListItem\",\"position\":2,\"name\":\"Rabah Arezki nomm\u00e9 \u00e9conomiste en chef de la BM pour la r\u00e9gion MENA\"}]},{\"@type\":\"WebSite\",\"@id\":\"https:\\\/\\\/www.info-algerie.com\\\/actualites\\\/#website\",\"url\":\"https:\\\/\\\/www.info-algerie.com\\\/actualites\\\/\",\"name\":\"info algerie\",\"description\":\"Toutes les actualit\u00e9s\",\"publisher\":{\"@id\":\"https:\\\/\\\/www.info-algerie.com\\\/actualites\\\/#organization\"},\"potentialAction\":[{\"@type\":\"SearchAction\",\"target\":{\"@type\":\"EntryPoint\",\"urlTemplate\":\"https:\\\/\\\/www.info-algerie.com\\\/actualites\\\/?s={search_term_string}\"},\"query-input\":{\"@type\":\"PropertyValueSpecification\",\"valueRequired\":true,\"valueName\":\"search_term_string\"}}],\"inLanguage\":\"fr-FR\"},{\"@type\":\"Organization\",\"@id\":\"https:\\\/\\\/www.info-algerie.com\\\/actualites\\\/#organization\",\"name\":\"info algerie\",\"url\":\"https:\\\/\\\/www.info-algerie.com\\\/actualites\\\/\",\"logo\":{\"@type\":\"ImageObject\",\"inLanguage\":\"fr-FR\",\"@id\":\"https:\\\/\\\/www.info-algerie.com\\\/actualites\\\/#\\\/schema\\\/logo\\\/image\\\/\",\"url\":\"https:\\\/\\\/www.info-algerie.com\\\/actualites\\\/wp-content\\\/uploads\\\/2022\\\/07\\\/logo-ia-120.png\",\"contentUrl\":\"https:\\\/\\\/www.info-algerie.com\\\/actualites\\\/wp-content\\\/uploads\\\/2022\\\/07\\\/logo-ia-120.png\",\"width\":120,\"height\":43,\"caption\":\"info algerie\"},\"image\":{\"@id\":\"https:\\\/\\\/www.info-algerie.com\\\/actualites\\\/#\\\/schema\\\/logo\\\/image\\\/\"},\"sameAs\":[\"https:\\\/\\\/www.facebook.com\\\/infoalgerieactu\",\"https:\\\/\\\/x.com\\\/infoalgerie1\"]},{\"@type\":\"Person\",\"@id\":\"https:\\\/\\\/www.info-algerie.com\\\/actualites\\\/#\\\/schema\\\/person\\\/847aaec44920825b843a08f30ec6aa1e\",\"name\":\"La r\u00e9daction\",\"image\":{\"@type\":\"ImageObject\",\"inLanguage\":\"fr-FR\",\"@id\":\"https:\\\/\\\/secure.gravatar.com\\\/avatar\\\/769db425c6f465158149f1ffd6cf61ce7a8a879d11dfbef8288af36dfddd418c?s=96&d=mm&r=g\",\"url\":\"https:\\\/\\\/secure.gravatar.com\\\/avatar\\\/769db425c6f465158149f1ffd6cf61ce7a8a879d11dfbef8288af36dfddd418c?s=96&d=mm&r=g\",\"contentUrl\":\"https:\\\/\\\/secure.gravatar.com\\\/avatar\\\/769db425c6f465158149f1ffd6cf61ce7a8a879d11dfbef8288af36dfddd418c?s=96&d=mm&r=g\",\"caption\":\"La r\u00e9daction\"},\"sameAs\":[\"http:\\\/\\\/www.lkeria.com\\\/\"],\"url\":\"https:\\\/\\\/www.info-algerie.com\\\/actualites\\\/author\\\/chakib32\\\/\"}]}<\/script>\n<!-- \/ Yoast SEO plugin. -->","yoast_head_json":{"title":"Rabah Arezki nomm\u00e9 \u00e9conomiste en chef de la BM pour la r\u00e9gion MENA - info algerie","robots":{"index":"index","follow":"follow","max-snippet":"max-snippet:-1","max-image-preview":"max-image-preview:large","max-video-preview":"max-video-preview:-1"},"canonical":"https:\/\/www.info-algerie.com\/actualites\/rabah-arezki-nomme-economiste-en-chef-de-la-bm-pour-la-region-mena\/","og_locale":"fr_FR","og_type":"article","og_title":"Rabah Arezki nomm\u00e9 \u00e9conomiste en chef de la BM pour la r\u00e9gion MENA - info algerie","og_description":"WASHINGTON- L\u2019expert alg\u00e9rien, Rabah Arezki, a \u00e9t\u00e9 nomm\u00e9 \u00e9conomiste en chef de la Banque Mondiale pour la r\u00e9gion Moyen-Orient et Afrique du Nord (Mena) en remplacement du Siri lankais, Shanta Devarajan. &#013; &#013; Ancien chef de l\u2019Unit\u00e9 des mati\u00e8res premi\u00e8res du D\u00e9partement des \u00e9tudes du FMI, Rabah Arezki a trait\u00e9 divers sujets dont l\u2019\u00e9nergie, les","og_url":"https:\/\/www.info-algerie.com\/actualites\/rabah-arezki-nomme-economiste-en-chef-de-la-bm-pour-la-region-mena\/","og_site_name":"info algerie","article_publisher":"https:\/\/www.facebook.com\/infoalgerieactu","article_published_time":"2017-10-12T11:08:15+00:00","og_image":[{"width":280,"height":169,"url":"https:\/\/www.info-algerie.com\/actualites\/wp-content\/uploads\/2017\/10\/739734cd2dfa23eaa2177ca13697aaca_S-1.jpg","type":"image\/jpeg"}],"author":"La r\u00e9daction","twitter_misc":{"\u00c9crit par":"La r\u00e9daction","Dur\u00e9e de lecture estim\u00e9e":"1 minute"},"schema":{"@context":"https:\/\/schema.org","@graph":[{"@type":"Article","@id":"https:\/\/www.info-algerie.com\/actualites\/rabah-arezki-nomme-economiste-en-chef-de-la-bm-pour-la-region-mena\/#article","isPartOf":{"@id":"https:\/\/www.info-algerie.com\/actualites\/rabah-arezki-nomme-economiste-en-chef-de-la-bm-pour-la-region-mena\/"},"author":{"name":"La r\u00e9daction","@id":"https:\/\/www.info-algerie.com\/actualites\/#\/schema\/person\/847aaec44920825b843a08f30ec6aa1e"},"headline":"Rabah Arezki nomm\u00e9 \u00e9conomiste en chef de la BM pour la r\u00e9gion MENA","datePublished":"2017-10-12T11:08:15+00:00","mainEntityOfPage":{"@id":"https:\/\/www.info-algerie.com\/actualites\/rabah-arezki-nomme-economiste-en-chef-de-la-bm-pour-la-region-mena\/"},"wordCount":249,"commentCount":0,"publisher":{"@id":"https:\/\/www.info-algerie.com\/actualites\/#organization"},"image":{"@id":"https:\/\/www.info-algerie.com\/actualites\/rabah-arezki-nomme-economiste-en-chef-de-la-bm-pour-la-region-mena\/#primaryimage"},"thumbnailUrl":"https:\/\/www.info-algerie.com\/actualites\/wp-content\/uploads\/2017\/10\/739734cd2dfa23eaa2177ca13697aaca_S-1.jpg","keywords":["ONU"],"articleSection":["infos"],"inLanguage":"fr-FR","potentialAction":[{"@type":"CommentAction","name":"Comment","target":["https:\/\/www.info-algerie.com\/actualites\/rabah-arezki-nomme-economiste-en-chef-de-la-bm-pour-la-region-mena\/#respond"]}]},{"@type":"WebPage","@id":"https:\/\/www.info-algerie.com\/actualites\/rabah-arezki-nomme-economiste-en-chef-de-la-bm-pour-la-region-mena\/","url":"https:\/\/www.info-algerie.com\/actualites\/rabah-arezki-nomme-economiste-en-chef-de-la-bm-pour-la-region-mena\/","name":"Rabah Arezki nomm\u00e9 \u00e9conomiste en chef de la BM pour la r\u00e9gion MENA - info algerie","isPartOf":{"@id":"https:\/\/www.info-algerie.com\/actualites\/#website"},"primaryImageOfPage":{"@id":"https:\/\/www.info-algerie.com\/actualites\/rabah-arezki-nomme-economiste-en-chef-de-la-bm-pour-la-region-mena\/#primaryimage"},"image":{"@id":"https:\/\/www.info-algerie.com\/actualites\/rabah-arezki-nomme-economiste-en-chef-de-la-bm-pour-la-region-mena\/#primaryimage"},"thumbnailUrl":"https:\/\/www.info-algerie.com\/actualites\/wp-content\/uploads\/2017\/10\/739734cd2dfa23eaa2177ca13697aaca_S-1.jpg","datePublished":"2017-10-12T11:08:15+00:00","breadcrumb":{"@id":"https:\/\/www.info-algerie.com\/actualites\/rabah-arezki-nomme-economiste-en-chef-de-la-bm-pour-la-region-mena\/#breadcrumb"},"inLanguage":"fr-FR","potentialAction":[{"@type":"ReadAction","target":["https:\/\/www.info-algerie.com\/actualites\/rabah-arezki-nomme-economiste-en-chef-de-la-bm-pour-la-region-mena\/"]}]},{"@type":"ImageObject","inLanguage":"fr-FR","@id":"https:\/\/www.info-algerie.com\/actualites\/rabah-arezki-nomme-economiste-en-chef-de-la-bm-pour-la-region-mena\/#primaryimage","url":"https:\/\/www.info-algerie.com\/actualites\/wp-content\/uploads\/2017\/10\/739734cd2dfa23eaa2177ca13697aaca_S-1.jpg","contentUrl":"https:\/\/www.info-algerie.com\/actualites\/wp-content\/uploads\/2017\/10\/739734cd2dfa23eaa2177ca13697aaca_S-1.jpg","width":280,"height":169},{"@type":"BreadcrumbList","@id":"https:\/\/www.info-algerie.com\/actualites\/rabah-arezki-nomme-economiste-en-chef-de-la-bm-pour-la-region-mena\/#breadcrumb","itemListElement":[{"@type":"ListItem","position":1,"name":"Accueil","item":"https:\/\/www.info-algerie.com\/actualites\/"},{"@type":"ListItem","position":2,"name":"Rabah Arezki nomm\u00e9 \u00e9conomiste en chef de la BM pour la r\u00e9gion MENA"}]},{"@type":"WebSite","@id":"https:\/\/www.info-algerie.com\/actualites\/#website","url":"https:\/\/www.info-algerie.com\/actualites\/","name":"info algerie","description":"Toutes les actualit\u00e9s","publisher":{"@id":"https:\/\/www.info-algerie.com\/actualites\/#organization"},"potentialAction":[{"@type":"SearchAction","target":{"@type":"EntryPoint","urlTemplate":"https:\/\/www.info-algerie.com\/actualites\/?s={search_term_string}"},"query-input":{"@type":"PropertyValueSpecification","valueRequired":true,"valueName":"search_term_string"}}],"inLanguage":"fr-FR"},{"@type":"Organization","@id":"https:\/\/www.info-algerie.com\/actualites\/#organization","name":"info algerie","url":"https:\/\/www.info-algerie.com\/actualites\/","logo":{"@type":"ImageObject","inLanguage":"fr-FR","@id":"https:\/\/www.info-algerie.com\/actualites\/#\/schema\/logo\/image\/","url":"https:\/\/www.info-algerie.com\/actualites\/wp-content\/uploads\/2022\/07\/logo-ia-120.png","contentUrl":"https:\/\/www.info-algerie.com\/actualites\/wp-content\/uploads\/2022\/07\/logo-ia-120.png","width":120,"height":43,"caption":"info algerie"},"image":{"@id":"https:\/\/www.info-algerie.com\/actualites\/#\/schema\/logo\/image\/"},"sameAs":["https:\/\/www.facebook.com\/infoalgerieactu","https:\/\/x.com\/infoalgerie1"]},{"@type":"Person","@id":"https:\/\/www.info-algerie.com\/actualites\/#\/schema\/person\/847aaec44920825b843a08f30ec6aa1e","name":"La r\u00e9daction","image":{"@type":"ImageObject","inLanguage":"fr-FR","@id":"https:\/\/secure.gravatar.com\/avatar\/769db425c6f465158149f1ffd6cf61ce7a8a879d11dfbef8288af36dfddd418c?s=96&d=mm&r=g","url":"https:\/\/secure.gravatar.com\/avatar\/769db425c6f465158149f1ffd6cf61ce7a8a879d11dfbef8288af36dfddd418c?s=96&d=mm&r=g","contentUrl":"https:\/\/secure.gravatar.com\/avatar\/769db425c6f465158149f1ffd6cf61ce7a8a879d11dfbef8288af36dfddd418c?s=96&d=mm&r=g","caption":"La r\u00e9daction"},"sameAs":["http:\/\/www.lkeria.com\/"],"url":"https:\/\/www.info-algerie.com\/actualites\/author\/chakib32\/"}]}},"_links":{"self":[{"href":"https:\/\/www.info-algerie.com\/actualites\/wp-json\/wp\/v2\/posts\/16823","targetHints":{"allow":["GET"]}}],"collection":[{"href":"https:\/\/www.info-algerie.com\/actualites\/wp-json\/wp\/v2\/posts"}],"about":[{"href":"https:\/\/www.info-algerie.com\/actualites\/wp-json\/wp\/v2\/types\/post"}],"author":[{"embeddable":true,"href":"https:\/\/www.info-algerie.com\/actualites\/wp-json\/wp\/v2\/users\/6"}],"replies":[{"embeddable":true,"href":"https:\/\/www.info-algerie.com\/actualites\/wp-json\/wp\/v2\/comments?post=16823"}],"version-history":[{"count":0,"href":"https:\/\/www.info-algerie.com\/actualites\/wp-json\/wp\/v2\/posts\/16823\/revisions"}],"wp:featuredmedia":[{"embeddable":true,"href":"https:\/\/www.info-algerie.com\/actualites\/wp-json\/wp\/v2\/media\/16824"}],"wp:attachment":[{"href":"https:\/\/www.info-algerie.com\/actualites\/wp-json\/wp\/v2\/media?parent=16823"}],"wp:term":[{"taxonomy":"category","embeddable":true,"href":"https:\/\/www.info-algerie.com\/actualites\/wp-json\/wp\/v2\/categories?post=16823"},{"taxonomy":"post_tag","embeddable":true,"href":"https:\/\/www.info-algerie.com\/actualites\/wp-json\/wp\/v2\/tags?post=16823"}],"curies":[{"name":"wp","href":"https:\/\/api.w.org\/{rel}","templated":true}]}}