{"id":16826,"date":"2017-10-12T13:14:20","date_gmt":"2017-10-12T12:14:20","guid":{"rendered":"http:\/\/www.info-algerie.com\/actualites\/massacres-du-17-octobre-1961-responsable-et-coupable-letat-francais-doit-reparation\/"},"modified":"2017-10-12T13:14:20","modified_gmt":"2017-10-12T12:14:20","slug":"massacres-du-17-octobre-1961-responsable-et-coupable-letat-francais-doit-reparation","status":"publish","type":"post","link":"https:\/\/www.info-algerie.com\/actualites\/massacres-du-17-octobre-1961-responsable-et-coupable-letat-francais-doit-reparation\/","title":{"rendered":"Massacres du 17 octobre 1961: &quot;Responsable et coupable, l\u2019Etat fran\u00e7ais doit r\u00e9paration&quot;"},"content":{"rendered":"<div class=\"K2FeedImage\"><img decoding=\"async\" src=\"https:\/\/www.info-algerie.com\/actualites\/wp-content\/uploads\/2017\/10\/8a364c38dc9539c58c3e6674769f522d_S.jpg\" \/><\/div>\n<div class=\"K2FeedIntroText\">\n<p class=\"MsoNoSpacing\">PARIS- Le politologue Olivier Le Cour Grandmaison a indiqu\u00e9 jeudi que les massacres du 17 octobre 1961 de civils alg\u00e9riens \u00e0 Paris \u00ab\u00a0sont aujourd\u2019hui connus et doivent \u00eatre maintenant reconnus par l\u2019Etat fran\u00e7ais, responsable et coupable\u00a0\u00bb.<\/p>\n<p>&#013;\n<\/p><\/div>\n<div class=\"K2FeedFullText\">&#013;<\/p>\n<p class=\"MsoNoSpacing\">\u00ab\u00a0Ces massacres sont aujourd\u2019hui connus, ils doivent \u00eatre maintenant reconnus par les plus hautes autorit\u00e9s de ce pays. Responsable et coupable, l\u2019Etat doit en effet r\u00e9paration \u00e0 celles et ceux qui ont \u00e9t\u00e9 assassin\u00e9s, et \u00e0 leurs descendants\u00a0\u00bb, a soulign\u00e9 le ma\u00eetre de conf\u00e9rences en science politique dans une tribune \u00e0 l\u2019occasion du 56e anniversaire de ce v\u00e9ritable massacre, \u00ab\u00a0le plus important de l\u2019apr\u00e8s-guerre\u00a0\u00bb.<\/p>\n<p>&#013;<\/p>\n<p class=\"MsoNoSpacing\">\u00a0<\/p>\n<p>&#013;<\/p>\n<hr \/>\n<p class=\"MsoNormal\"><a href=\"http:\/\/www.aps.dz\/algerie\/63433-reconnaissance-par-la-france-des-crimes-coloniaux-que-macron-passe-aux-actes\">Lire aussi: Reconnaissance par la France des crimes coloniaux: \u00ab\u00a0Que Macron passe aux actes\u00a0\u00bb<\/a><\/p>\n<p>&#013;<\/p>\n<hr \/>\n<p class=\"MsoNoSpacing\">\u00a0<\/p>\n<p>&#013;<\/p>\n<p class=\"MsoNoSpacing\">\u00ab\u00a0Cela passe, entre autres, par la reconnaissance qu\u2019un crime d\u2019Etat a bien \u00e9t\u00e9 perp\u00e9tr\u00e9 en ces journ\u00e9es d\u2019octobre 1961\u00a0\u00bb, a ajout\u00e9 le co-auteur de l\u2019ouvrage collectif, \u00ab\u00a0Le 17 octobre 1961 : Un crime d&rsquo;Etat \u00e0 Paris\u00a0\u00bb (La Dispute, 2001).<\/p>\n<p>&#013;<\/p>\n<p>Ce sp\u00e9cialiste de l\u2019histoire coloniale fran\u00e7aise a rappel\u00e9 que, ce jour-l\u00e0, des manifestants ont \u00e9t\u00e9 tu\u00e9s par balles, d\u2019autres froidement assassin\u00e9s dans la cour m\u00eame de la pr\u00e9fecture de police de Paris, certains jet\u00e9s vivants dans la Seine ou encore frapp\u00e9s \u00e0 mort apr\u00e8s leur arrestation et leur transfert au palais des Sports, au parc des Expositions et au stade Coubertin devenus, pour l\u2019occasion, autant de lieux de d\u00e9tention.<\/p>\n<p>&#013;<\/p>\n<p>\u00a0<\/p>\n<p>&#013;<\/p>\n<hr \/>\n<p><a href=\"http:\/\/www.aps.dz\/algerie\/62506-les-exactions-coloniales-a-la-une-de-medias-francais\">Lire aussi: Les exactions coloniales \u00e0 la une de m\u00e9dias fran\u00e7ais<\/a><\/p>\n<p>&#013;<\/p>\n<hr \/>\n<p>\u00a0<\/p>\n<p>&#013;<\/p>\n<p>\u00ab\u00a0L\u00e0, dans des conditions effroyables, des milliers de +FMA+ (Fran\u00e7ais musulmans d\u2019Alg\u00e9rie) furent parqu\u00e9s, battus et longtemps laiss\u00e9s sans nourriture et sans soin au milieu des excr\u00e9ments qui s\u2019accumulaient. Quoi qu\u2019ils fassent, les policiers savaient \u00eatre couverts par le pr\u00e9fet qui, peu de temps auparavant, leur avait tenu ce langage : +Pour un coup re\u00e7u, nous en porterons dix+\u00a0\u00bb,a-t-il encore rappel\u00e9, relevant que de telles m\u00e9thodes \u00ab\u00a0ne sont pas in\u00e9dites\u00a0\u00bb.<\/p>\n<p>&#013;<\/p>\n<p>Pour lui, \u00ab\u00a0elles rel\u00e8vent d\u2019une terreur d\u2019Etat appliqu\u00e9e depuis longtemps en Alg\u00e9rie, r\u00e9activ\u00e9e \u00e0 la suite du d\u00e9clenchement de la guerre le 1er novembre 1954 puis import\u00e9e en m\u00e9tropole o\u00f9 la torture, les arrestations arbitraires, les disparitions forc\u00e9es et les ex\u00e9cutions sommaires ont \u00e9t\u00e9\u00a0 courantes\u00a0\u00bb.<\/p>\n<p>&#013;<\/p>\n<p>\u00a0<\/p>\n<\/div>\n<p>&#013;<br \/>\nSource: <a href=\"http:\/\/www.aps.dz\/algerie\/63873-massacres-du-17-octobre-1961-responsable-et-coupable-l-etat-francais-doit-reparation\" target=\"_blank\">Massacres du 17 octobre 1961: \u00ab\u00a0Responsable et coupable, l\u2019Etat fran\u00e7ais doit r\u00e9paration\u00a0\u00bb<\/a><\/p>\n<!--CusAds0-->\n<div style=\"font-size: 0px; height: 0px; line-height: 0px; margin: 0; padding: 0; clear: both;\"><\/div>","protected":false},"excerpt":{"rendered":"<p>PARIS- Le politologue Olivier Le Cour Grandmaison a indiqu\u00e9 jeudi que les massacres du 17 octobre 1961 de civils alg\u00e9riens \u00e0 Paris \u00ab\u00a0sont aujourd\u2019hui connus et doivent \u00eatre maintenant reconnus par l\u2019Etat fran\u00e7ais, responsable et coupable\u00a0\u00bb. &#013; &#013; \u00ab\u00a0Ces massacres sont aujourd\u2019hui connus, ils doivent \u00eatre maintenant reconnus par les plus hautes autorit\u00e9s de ce<\/p>\n","protected":false},"author":6,"featured_media":16827,"comment_status":"open","ping_status":"open","sticky":false,"template":"","format":"standard","meta":{"footnotes":""},"categories":[22],"tags":[93],"class_list":["post-16826","post","type-post","status-publish","format-standard","has-post-thumbnail","hentry","category-infos","tag-onu"],"yoast_head":"<!-- This site is optimized with the Yoast SEO plugin v27.5 - https:\/\/yoast.com\/product\/yoast-seo-wordpress\/ -->\n<title>Massacres du 17 octobre 1961: &quot;Responsable et coupable, l\u2019Etat fran\u00e7ais doit r\u00e9paration&quot; - info algerie<\/title>\n<meta name=\"robots\" content=\"index, follow, max-snippet:-1, max-image-preview:large, max-video-preview:-1\" \/>\n<link rel=\"canonical\" href=\"https:\/\/www.info-algerie.com\/actualites\/massacres-du-17-octobre-1961-responsable-et-coupable-letat-francais-doit-reparation\/\" \/>\n<meta property=\"og:locale\" content=\"fr_FR\" \/>\n<meta property=\"og:type\" content=\"article\" \/>\n<meta property=\"og:title\" content=\"Massacres du 17 octobre 1961: &quot;Responsable et coupable, l\u2019Etat fran\u00e7ais doit r\u00e9paration&quot; - info algerie\" \/>\n<meta property=\"og:description\" content=\"PARIS- Le politologue Olivier Le Cour Grandmaison a indiqu\u00e9 jeudi que les massacres du 17 octobre 1961 de civils alg\u00e9riens \u00e0 Paris \u00ab\u00a0sont aujourd\u2019hui connus et doivent \u00eatre maintenant reconnus par l\u2019Etat fran\u00e7ais, responsable et coupable\u00a0\u00bb. &#013; &#013; \u00ab\u00a0Ces massacres sont aujourd\u2019hui connus, ils doivent \u00eatre maintenant reconnus par les plus hautes autorit\u00e9s de ce\" \/>\n<meta property=\"og:url\" content=\"https:\/\/www.info-algerie.com\/actualites\/massacres-du-17-octobre-1961-responsable-et-coupable-letat-francais-doit-reparation\/\" \/>\n<meta property=\"og:site_name\" content=\"info algerie\" \/>\n<meta property=\"article:publisher\" content=\"https:\/\/www.facebook.com\/infoalgerieactu\" \/>\n<meta property=\"article:published_time\" content=\"2017-10-12T12:14:20+00:00\" \/>\n<meta property=\"og:image\" content=\"https:\/\/www.info-algerie.com\/actualites\/wp-content\/uploads\/2017\/10\/8a364c38dc9539c58c3e6674769f522d_S-1.jpg\" \/>\n\t<meta property=\"og:image:width\" content=\"280\" \/>\n\t<meta property=\"og:image:height\" content=\"158\" \/>\n\t<meta property=\"og:image:type\" content=\"image\/jpeg\" \/>\n<meta name=\"author\" content=\"La r\u00e9daction\" \/>\n<meta name=\"twitter:label1\" content=\"\u00c9crit par\" \/>\n\t<meta name=\"twitter:data1\" content=\"La r\u00e9daction\" \/>\n\t<meta name=\"twitter:label2\" content=\"Dur\u00e9e de lecture estim\u00e9e\" \/>\n\t<meta name=\"twitter:data2\" content=\"2 minutes\" \/>\n<script type=\"application\/ld+json\" class=\"yoast-schema-graph\">{\"@context\":\"https:\\\/\\\/schema.org\",\"@graph\":[{\"@type\":\"Article\",\"@id\":\"https:\\\/\\\/www.info-algerie.com\\\/actualites\\\/massacres-du-17-octobre-1961-responsable-et-coupable-letat-francais-doit-reparation\\\/#article\",\"isPartOf\":{\"@id\":\"https:\\\/\\\/www.info-algerie.com\\\/actualites\\\/massacres-du-17-octobre-1961-responsable-et-coupable-letat-francais-doit-reparation\\\/\"},\"author\":{\"name\":\"La r\u00e9daction\",\"@id\":\"https:\\\/\\\/www.info-algerie.com\\\/actualites\\\/#\\\/schema\\\/person\\\/847aaec44920825b843a08f30ec6aa1e\"},\"headline\":\"Massacres du 17 octobre 1961: &quot;Responsable et coupable, l\u2019Etat fran\u00e7ais doit r\u00e9paration&quot;\",\"datePublished\":\"2017-10-12T12:14:20+00:00\",\"mainEntityOfPage\":{\"@id\":\"https:\\\/\\\/www.info-algerie.com\\\/actualites\\\/massacres-du-17-octobre-1961-responsable-et-coupable-letat-francais-doit-reparation\\\/\"},\"wordCount\":422,\"commentCount\":0,\"publisher\":{\"@id\":\"https:\\\/\\\/www.info-algerie.com\\\/actualites\\\/#organization\"},\"image\":{\"@id\":\"https:\\\/\\\/www.info-algerie.com\\\/actualites\\\/massacres-du-17-octobre-1961-responsable-et-coupable-letat-francais-doit-reparation\\\/#primaryimage\"},\"thumbnailUrl\":\"https:\\\/\\\/www.info-algerie.com\\\/actualites\\\/wp-content\\\/uploads\\\/2017\\\/10\\\/8a364c38dc9539c58c3e6674769f522d_S-1.jpg\",\"keywords\":[\"ONU\"],\"articleSection\":[\"infos\"],\"inLanguage\":\"fr-FR\",\"potentialAction\":[{\"@type\":\"CommentAction\",\"name\":\"Comment\",\"target\":[\"https:\\\/\\\/www.info-algerie.com\\\/actualites\\\/massacres-du-17-octobre-1961-responsable-et-coupable-letat-francais-doit-reparation\\\/#respond\"]}]},{\"@type\":\"WebPage\",\"@id\":\"https:\\\/\\\/www.info-algerie.com\\\/actualites\\\/massacres-du-17-octobre-1961-responsable-et-coupable-letat-francais-doit-reparation\\\/\",\"url\":\"https:\\\/\\\/www.info-algerie.com\\\/actualites\\\/massacres-du-17-octobre-1961-responsable-et-coupable-letat-francais-doit-reparation\\\/\",\"name\":\"Massacres du 17 octobre 1961: &quot;Responsable et coupable, l\u2019Etat fran\u00e7ais doit r\u00e9paration&quot; - info algerie\",\"isPartOf\":{\"@id\":\"https:\\\/\\\/www.info-algerie.com\\\/actualites\\\/#website\"},\"primaryImageOfPage\":{\"@id\":\"https:\\\/\\\/www.info-algerie.com\\\/actualites\\\/massacres-du-17-octobre-1961-responsable-et-coupable-letat-francais-doit-reparation\\\/#primaryimage\"},\"image\":{\"@id\":\"https:\\\/\\\/www.info-algerie.com\\\/actualites\\\/massacres-du-17-octobre-1961-responsable-et-coupable-letat-francais-doit-reparation\\\/#primaryimage\"},\"thumbnailUrl\":\"https:\\\/\\\/www.info-algerie.com\\\/actualites\\\/wp-content\\\/uploads\\\/2017\\\/10\\\/8a364c38dc9539c58c3e6674769f522d_S-1.jpg\",\"datePublished\":\"2017-10-12T12:14:20+00:00\",\"breadcrumb\":{\"@id\":\"https:\\\/\\\/www.info-algerie.com\\\/actualites\\\/massacres-du-17-octobre-1961-responsable-et-coupable-letat-francais-doit-reparation\\\/#breadcrumb\"},\"inLanguage\":\"fr-FR\",\"potentialAction\":[{\"@type\":\"ReadAction\",\"target\":[\"https:\\\/\\\/www.info-algerie.com\\\/actualites\\\/massacres-du-17-octobre-1961-responsable-et-coupable-letat-francais-doit-reparation\\\/\"]}]},{\"@type\":\"ImageObject\",\"inLanguage\":\"fr-FR\",\"@id\":\"https:\\\/\\\/www.info-algerie.com\\\/actualites\\\/massacres-du-17-octobre-1961-responsable-et-coupable-letat-francais-doit-reparation\\\/#primaryimage\",\"url\":\"https:\\\/\\\/www.info-algerie.com\\\/actualites\\\/wp-content\\\/uploads\\\/2017\\\/10\\\/8a364c38dc9539c58c3e6674769f522d_S-1.jpg\",\"contentUrl\":\"https:\\\/\\\/www.info-algerie.com\\\/actualites\\\/wp-content\\\/uploads\\\/2017\\\/10\\\/8a364c38dc9539c58c3e6674769f522d_S-1.jpg\",\"width\":280,\"height\":158},{\"@type\":\"BreadcrumbList\",\"@id\":\"https:\\\/\\\/www.info-algerie.com\\\/actualites\\\/massacres-du-17-octobre-1961-responsable-et-coupable-letat-francais-doit-reparation\\\/#breadcrumb\",\"itemListElement\":[{\"@type\":\"ListItem\",\"position\":1,\"name\":\"Accueil\",\"item\":\"https:\\\/\\\/www.info-algerie.com\\\/actualites\\\/\"},{\"@type\":\"ListItem\",\"position\":2,\"name\":\"Massacres du 17 octobre 1961: &quot;Responsable et coupable, l\u2019Etat fran\u00e7ais doit r\u00e9paration&quot;\"}]},{\"@type\":\"WebSite\",\"@id\":\"https:\\\/\\\/www.info-algerie.com\\\/actualites\\\/#website\",\"url\":\"https:\\\/\\\/www.info-algerie.com\\\/actualites\\\/\",\"name\":\"info algerie\",\"description\":\"Toutes les actualit\u00e9s\",\"publisher\":{\"@id\":\"https:\\\/\\\/www.info-algerie.com\\\/actualites\\\/#organization\"},\"potentialAction\":[{\"@type\":\"SearchAction\",\"target\":{\"@type\":\"EntryPoint\",\"urlTemplate\":\"https:\\\/\\\/www.info-algerie.com\\\/actualites\\\/?s={search_term_string}\"},\"query-input\":{\"@type\":\"PropertyValueSpecification\",\"valueRequired\":true,\"valueName\":\"search_term_string\"}}],\"inLanguage\":\"fr-FR\"},{\"@type\":\"Organization\",\"@id\":\"https:\\\/\\\/www.info-algerie.com\\\/actualites\\\/#organization\",\"name\":\"info algerie\",\"url\":\"https:\\\/\\\/www.info-algerie.com\\\/actualites\\\/\",\"logo\":{\"@type\":\"ImageObject\",\"inLanguage\":\"fr-FR\",\"@id\":\"https:\\\/\\\/www.info-algerie.com\\\/actualites\\\/#\\\/schema\\\/logo\\\/image\\\/\",\"url\":\"https:\\\/\\\/www.info-algerie.com\\\/actualites\\\/wp-content\\\/uploads\\\/2022\\\/07\\\/logo-ia-120.png\",\"contentUrl\":\"https:\\\/\\\/www.info-algerie.com\\\/actualites\\\/wp-content\\\/uploads\\\/2022\\\/07\\\/logo-ia-120.png\",\"width\":120,\"height\":43,\"caption\":\"info algerie\"},\"image\":{\"@id\":\"https:\\\/\\\/www.info-algerie.com\\\/actualites\\\/#\\\/schema\\\/logo\\\/image\\\/\"},\"sameAs\":[\"https:\\\/\\\/www.facebook.com\\\/infoalgerieactu\",\"https:\\\/\\\/x.com\\\/infoalgerie1\"]},{\"@type\":\"Person\",\"@id\":\"https:\\\/\\\/www.info-algerie.com\\\/actualites\\\/#\\\/schema\\\/person\\\/847aaec44920825b843a08f30ec6aa1e\",\"name\":\"La r\u00e9daction\",\"image\":{\"@type\":\"ImageObject\",\"inLanguage\":\"fr-FR\",\"@id\":\"https:\\\/\\\/secure.gravatar.com\\\/avatar\\\/769db425c6f465158149f1ffd6cf61ce7a8a879d11dfbef8288af36dfddd418c?s=96&d=mm&r=g\",\"url\":\"https:\\\/\\\/secure.gravatar.com\\\/avatar\\\/769db425c6f465158149f1ffd6cf61ce7a8a879d11dfbef8288af36dfddd418c?s=96&d=mm&r=g\",\"contentUrl\":\"https:\\\/\\\/secure.gravatar.com\\\/avatar\\\/769db425c6f465158149f1ffd6cf61ce7a8a879d11dfbef8288af36dfddd418c?s=96&d=mm&r=g\",\"caption\":\"La r\u00e9daction\"},\"sameAs\":[\"http:\\\/\\\/www.lkeria.com\\\/\"],\"url\":\"https:\\\/\\\/www.info-algerie.com\\\/actualites\\\/author\\\/chakib32\\\/\"}]}<\/script>\n<!-- \/ Yoast SEO plugin. -->","yoast_head_json":{"title":"Massacres du 17 octobre 1961: &quot;Responsable et coupable, l\u2019Etat fran\u00e7ais doit r\u00e9paration&quot; - info algerie","robots":{"index":"index","follow":"follow","max-snippet":"max-snippet:-1","max-image-preview":"max-image-preview:large","max-video-preview":"max-video-preview:-1"},"canonical":"https:\/\/www.info-algerie.com\/actualites\/massacres-du-17-octobre-1961-responsable-et-coupable-letat-francais-doit-reparation\/","og_locale":"fr_FR","og_type":"article","og_title":"Massacres du 17 octobre 1961: &quot;Responsable et coupable, l\u2019Etat fran\u00e7ais doit r\u00e9paration&quot; - info algerie","og_description":"PARIS- Le politologue Olivier Le Cour Grandmaison a indiqu\u00e9 jeudi que les massacres du 17 octobre 1961 de civils alg\u00e9riens \u00e0 Paris \u00ab\u00a0sont aujourd\u2019hui connus et doivent \u00eatre maintenant reconnus par l\u2019Etat fran\u00e7ais, responsable et coupable\u00a0\u00bb. &#013; &#013; \u00ab\u00a0Ces massacres sont aujourd\u2019hui connus, ils doivent \u00eatre maintenant reconnus par les plus hautes autorit\u00e9s de ce","og_url":"https:\/\/www.info-algerie.com\/actualites\/massacres-du-17-octobre-1961-responsable-et-coupable-letat-francais-doit-reparation\/","og_site_name":"info algerie","article_publisher":"https:\/\/www.facebook.com\/infoalgerieactu","article_published_time":"2017-10-12T12:14:20+00:00","og_image":[{"width":280,"height":158,"url":"https:\/\/www.info-algerie.com\/actualites\/wp-content\/uploads\/2017\/10\/8a364c38dc9539c58c3e6674769f522d_S-1.jpg","type":"image\/jpeg"}],"author":"La r\u00e9daction","twitter_misc":{"\u00c9crit par":"La r\u00e9daction","Dur\u00e9e de lecture estim\u00e9e":"2 minutes"},"schema":{"@context":"https:\/\/schema.org","@graph":[{"@type":"Article","@id":"https:\/\/www.info-algerie.com\/actualites\/massacres-du-17-octobre-1961-responsable-et-coupable-letat-francais-doit-reparation\/#article","isPartOf":{"@id":"https:\/\/www.info-algerie.com\/actualites\/massacres-du-17-octobre-1961-responsable-et-coupable-letat-francais-doit-reparation\/"},"author":{"name":"La r\u00e9daction","@id":"https:\/\/www.info-algerie.com\/actualites\/#\/schema\/person\/847aaec44920825b843a08f30ec6aa1e"},"headline":"Massacres du 17 octobre 1961: &quot;Responsable et coupable, l\u2019Etat fran\u00e7ais doit r\u00e9paration&quot;","datePublished":"2017-10-12T12:14:20+00:00","mainEntityOfPage":{"@id":"https:\/\/www.info-algerie.com\/actualites\/massacres-du-17-octobre-1961-responsable-et-coupable-letat-francais-doit-reparation\/"},"wordCount":422,"commentCount":0,"publisher":{"@id":"https:\/\/www.info-algerie.com\/actualites\/#organization"},"image":{"@id":"https:\/\/www.info-algerie.com\/actualites\/massacres-du-17-octobre-1961-responsable-et-coupable-letat-francais-doit-reparation\/#primaryimage"},"thumbnailUrl":"https:\/\/www.info-algerie.com\/actualites\/wp-content\/uploads\/2017\/10\/8a364c38dc9539c58c3e6674769f522d_S-1.jpg","keywords":["ONU"],"articleSection":["infos"],"inLanguage":"fr-FR","potentialAction":[{"@type":"CommentAction","name":"Comment","target":["https:\/\/www.info-algerie.com\/actualites\/massacres-du-17-octobre-1961-responsable-et-coupable-letat-francais-doit-reparation\/#respond"]}]},{"@type":"WebPage","@id":"https:\/\/www.info-algerie.com\/actualites\/massacres-du-17-octobre-1961-responsable-et-coupable-letat-francais-doit-reparation\/","url":"https:\/\/www.info-algerie.com\/actualites\/massacres-du-17-octobre-1961-responsable-et-coupable-letat-francais-doit-reparation\/","name":"Massacres du 17 octobre 1961: &quot;Responsable et coupable, l\u2019Etat fran\u00e7ais doit r\u00e9paration&quot; - info algerie","isPartOf":{"@id":"https:\/\/www.info-algerie.com\/actualites\/#website"},"primaryImageOfPage":{"@id":"https:\/\/www.info-algerie.com\/actualites\/massacres-du-17-octobre-1961-responsable-et-coupable-letat-francais-doit-reparation\/#primaryimage"},"image":{"@id":"https:\/\/www.info-algerie.com\/actualites\/massacres-du-17-octobre-1961-responsable-et-coupable-letat-francais-doit-reparation\/#primaryimage"},"thumbnailUrl":"https:\/\/www.info-algerie.com\/actualites\/wp-content\/uploads\/2017\/10\/8a364c38dc9539c58c3e6674769f522d_S-1.jpg","datePublished":"2017-10-12T12:14:20+00:00","breadcrumb":{"@id":"https:\/\/www.info-algerie.com\/actualites\/massacres-du-17-octobre-1961-responsable-et-coupable-letat-francais-doit-reparation\/#breadcrumb"},"inLanguage":"fr-FR","potentialAction":[{"@type":"ReadAction","target":["https:\/\/www.info-algerie.com\/actualites\/massacres-du-17-octobre-1961-responsable-et-coupable-letat-francais-doit-reparation\/"]}]},{"@type":"ImageObject","inLanguage":"fr-FR","@id":"https:\/\/www.info-algerie.com\/actualites\/massacres-du-17-octobre-1961-responsable-et-coupable-letat-francais-doit-reparation\/#primaryimage","url":"https:\/\/www.info-algerie.com\/actualites\/wp-content\/uploads\/2017\/10\/8a364c38dc9539c58c3e6674769f522d_S-1.jpg","contentUrl":"https:\/\/www.info-algerie.com\/actualites\/wp-content\/uploads\/2017\/10\/8a364c38dc9539c58c3e6674769f522d_S-1.jpg","width":280,"height":158},{"@type":"BreadcrumbList","@id":"https:\/\/www.info-algerie.com\/actualites\/massacres-du-17-octobre-1961-responsable-et-coupable-letat-francais-doit-reparation\/#breadcrumb","itemListElement":[{"@type":"ListItem","position":1,"name":"Accueil","item":"https:\/\/www.info-algerie.com\/actualites\/"},{"@type":"ListItem","position":2,"name":"Massacres du 17 octobre 1961: &quot;Responsable et coupable, l\u2019Etat fran\u00e7ais doit r\u00e9paration&quot;"}]},{"@type":"WebSite","@id":"https:\/\/www.info-algerie.com\/actualites\/#website","url":"https:\/\/www.info-algerie.com\/actualites\/","name":"info algerie","description":"Toutes les actualit\u00e9s","publisher":{"@id":"https:\/\/www.info-algerie.com\/actualites\/#organization"},"potentialAction":[{"@type":"SearchAction","target":{"@type":"EntryPoint","urlTemplate":"https:\/\/www.info-algerie.com\/actualites\/?s={search_term_string}"},"query-input":{"@type":"PropertyValueSpecification","valueRequired":true,"valueName":"search_term_string"}}],"inLanguage":"fr-FR"},{"@type":"Organization","@id":"https:\/\/www.info-algerie.com\/actualites\/#organization","name":"info algerie","url":"https:\/\/www.info-algerie.com\/actualites\/","logo":{"@type":"ImageObject","inLanguage":"fr-FR","@id":"https:\/\/www.info-algerie.com\/actualites\/#\/schema\/logo\/image\/","url":"https:\/\/www.info-algerie.com\/actualites\/wp-content\/uploads\/2022\/07\/logo-ia-120.png","contentUrl":"https:\/\/www.info-algerie.com\/actualites\/wp-content\/uploads\/2022\/07\/logo-ia-120.png","width":120,"height":43,"caption":"info algerie"},"image":{"@id":"https:\/\/www.info-algerie.com\/actualites\/#\/schema\/logo\/image\/"},"sameAs":["https:\/\/www.facebook.com\/infoalgerieactu","https:\/\/x.com\/infoalgerie1"]},{"@type":"Person","@id":"https:\/\/www.info-algerie.com\/actualites\/#\/schema\/person\/847aaec44920825b843a08f30ec6aa1e","name":"La r\u00e9daction","image":{"@type":"ImageObject","inLanguage":"fr-FR","@id":"https:\/\/secure.gravatar.com\/avatar\/769db425c6f465158149f1ffd6cf61ce7a8a879d11dfbef8288af36dfddd418c?s=96&d=mm&r=g","url":"https:\/\/secure.gravatar.com\/avatar\/769db425c6f465158149f1ffd6cf61ce7a8a879d11dfbef8288af36dfddd418c?s=96&d=mm&r=g","contentUrl":"https:\/\/secure.gravatar.com\/avatar\/769db425c6f465158149f1ffd6cf61ce7a8a879d11dfbef8288af36dfddd418c?s=96&d=mm&r=g","caption":"La r\u00e9daction"},"sameAs":["http:\/\/www.lkeria.com\/"],"url":"https:\/\/www.info-algerie.com\/actualites\/author\/chakib32\/"}]}},"_links":{"self":[{"href":"https:\/\/www.info-algerie.com\/actualites\/wp-json\/wp\/v2\/posts\/16826","targetHints":{"allow":["GET"]}}],"collection":[{"href":"https:\/\/www.info-algerie.com\/actualites\/wp-json\/wp\/v2\/posts"}],"about":[{"href":"https:\/\/www.info-algerie.com\/actualites\/wp-json\/wp\/v2\/types\/post"}],"author":[{"embeddable":true,"href":"https:\/\/www.info-algerie.com\/actualites\/wp-json\/wp\/v2\/users\/6"}],"replies":[{"embeddable":true,"href":"https:\/\/www.info-algerie.com\/actualites\/wp-json\/wp\/v2\/comments?post=16826"}],"version-history":[{"count":0,"href":"https:\/\/www.info-algerie.com\/actualites\/wp-json\/wp\/v2\/posts\/16826\/revisions"}],"wp:featuredmedia":[{"embeddable":true,"href":"https:\/\/www.info-algerie.com\/actualites\/wp-json\/wp\/v2\/media\/16827"}],"wp:attachment":[{"href":"https:\/\/www.info-algerie.com\/actualites\/wp-json\/wp\/v2\/media?parent=16826"}],"wp:term":[{"taxonomy":"category","embeddable":true,"href":"https:\/\/www.info-algerie.com\/actualites\/wp-json\/wp\/v2\/categories?post=16826"},{"taxonomy":"post_tag","embeddable":true,"href":"https:\/\/www.info-algerie.com\/actualites\/wp-json\/wp\/v2\/tags?post=16826"}],"curies":[{"name":"wp","href":"https:\/\/api.w.org\/{rel}","templated":true}]}}