{"id":16856,"date":"2017-10-13T15:31:24","date_gmt":"2017-10-13T14:31:24","guid":{"rendered":"http:\/\/www.info-algerie.com\/actualites\/eddalia-recoit-lambassadeur-du-royaume-de-suede-en-algerie\/"},"modified":"2017-10-13T15:31:24","modified_gmt":"2017-10-13T14:31:24","slug":"eddalia-recoit-lambassadeur-du-royaume-de-suede-en-algerie","status":"publish","type":"post","link":"https:\/\/www.info-algerie.com\/actualites\/eddalia-recoit-lambassadeur-du-royaume-de-suede-en-algerie\/","title":{"rendered":"Eddalia re\u00e7oit l&#039;ambassadeur du Royaume de Su\u00e8de en Alg\u00e9rie"},"content":{"rendered":"<div class=\"K2FeedIntroText\">\n<p>ALGER &#8211; La ministre de la Solidarit\u00e9 nationale, de la Famille et de la Condition de la femme, Ghania Eddalia, a re\u00e7u\u00a0 l&rsquo;ambassadeur du Royaume de Su\u00e8de en Alg\u00e9rie, Mme Marie-Claire Sward Capper, indique jeudi un communiqu\u00e9 du minist\u00e8re.<\/p>\n<p>&#013;\n<\/p><\/div>\n<div class=\"K2FeedFullText\">&#013;<\/p>\n<p>Lors de la rencontre, l&rsquo;ambassadeur a mis l&rsquo;accent sur la convergence des points de vue des deux pays sur les questions d&rsquo;int\u00e9r\u00eat commun. Elle a \u00e9galement salu\u00e9 les progr\u00e8s enregistr\u00e9s par l&rsquo;Alg\u00e9rie dans le domaine du d\u00e9veloppement social, en particulier en ce qui concerne la protection de l&rsquo;enfance et les droits de la femme et son autonomisation politique et \u00e9conomique, pr\u00e9cise la m\u00eame source.<\/p>\n<p>&#013;<\/p>\n<p>Pour sa part, Mme Eddalia a expos\u00e9 la strat\u00e9gie nationale mise en \u0153uvre par l&rsquo;Etat Alg\u00e9rien, pour la prise en charge des cat\u00e9gories vuln\u00e9rables et les efforts visant \u00e0 \u00e9liminer le d\u00e9pendance et \u00e0 encourager la participation au d\u00e9veloppement, ajoute le communiqu\u00e9.<\/p>\n<p>&#013;<\/p>\n<p class=\"MsoNormal\">A la fin de la rencontre, les deux parties ont exprim\u00e9 leur volont\u00e9 commune de renforcer les \u00e9changes, afin de b\u00e9n\u00e9ficier des exp\u00e9riences des deux pays dans les domaines de la protection de l&rsquo;enfance, des personnes aux besoins sp\u00e9cifiques, des droits de la femme ainsi que du d\u00e9veloppement social, conclut le communiqu\u00e9.<\/p>\n<\/div>\n<p>&#013;<br \/>\nSource: <a href=\"http:\/\/www.aps.dz\/algerie\/63925-eddalia-recoit-l-ambassadeur-du-royaume-de-suede-en-algerie\" target=\"_blank\">Eddalia re\u00e7oit l&rsquo;ambassadeur du Royaume de Su\u00e8de en Alg\u00e9rie<\/a><\/p>\n<!--CusAds0-->\n<div style=\"font-size: 0px; height: 0px; line-height: 0px; margin: 0; padding: 0; clear: both;\"><\/div>","protected":false},"excerpt":{"rendered":"<p>ALGER &#8211; La ministre de la Solidarit\u00e9 nationale, de la Famille et de la Condition de la femme, Ghania Eddalia, a re\u00e7u\u00a0 l&rsquo;ambassadeur du Royaume de Su\u00e8de en Alg\u00e9rie, Mme Marie-Claire Sward Capper, indique jeudi un communiqu\u00e9 du minist\u00e8re. &#013; &#013; Lors de la rencontre, l&rsquo;ambassadeur a mis l&rsquo;accent sur la convergence des points de<\/p>\n","protected":false},"author":6,"featured_media":0,"comment_status":"open","ping_status":"open","sticky":false,"template":"","format":"standard","meta":{"footnotes":""},"categories":[22],"tags":[93],"class_list":["post-16856","post","type-post","status-publish","format-standard","hentry","category-infos","tag-onu"],"yoast_head":"<!-- This site is optimized with the Yoast SEO plugin v27.5 - https:\/\/yoast.com\/product\/yoast-seo-wordpress\/ -->\n<title>Eddalia re\u00e7oit l&#039;ambassadeur du Royaume de Su\u00e8de en Alg\u00e9rie - info algerie<\/title>\n<meta name=\"robots\" content=\"index, follow, max-snippet:-1, max-image-preview:large, max-video-preview:-1\" \/>\n<link rel=\"canonical\" href=\"https:\/\/www.info-algerie.com\/actualites\/eddalia-recoit-lambassadeur-du-royaume-de-suede-en-algerie\/\" \/>\n<meta property=\"og:locale\" content=\"fr_FR\" \/>\n<meta property=\"og:type\" content=\"article\" \/>\n<meta property=\"og:title\" content=\"Eddalia re\u00e7oit l&#039;ambassadeur du Royaume de Su\u00e8de en Alg\u00e9rie - info algerie\" \/>\n<meta property=\"og:description\" content=\"ALGER &#8211; La ministre de la Solidarit\u00e9 nationale, de la Famille et de la Condition de la femme, Ghania Eddalia, a re\u00e7u\u00a0 l&rsquo;ambassadeur du Royaume de Su\u00e8de en Alg\u00e9rie, Mme Marie-Claire Sward Capper, indique jeudi un communiqu\u00e9 du minist\u00e8re. &#013; &#013; Lors de la rencontre, l&rsquo;ambassadeur a mis l&rsquo;accent sur la convergence des points de\" \/>\n<meta property=\"og:url\" content=\"https:\/\/www.info-algerie.com\/actualites\/eddalia-recoit-lambassadeur-du-royaume-de-suede-en-algerie\/\" \/>\n<meta property=\"og:site_name\" content=\"info algerie\" \/>\n<meta property=\"article:publisher\" content=\"https:\/\/www.facebook.com\/infoalgerieactu\" \/>\n<meta property=\"article:published_time\" content=\"2017-10-13T14:31:24+00:00\" \/>\n<meta name=\"author\" content=\"La r\u00e9daction\" \/>\n<meta name=\"twitter:label1\" content=\"\u00c9crit par\" \/>\n\t<meta name=\"twitter:data1\" content=\"La r\u00e9daction\" \/>\n\t<meta name=\"twitter:label2\" content=\"Dur\u00e9e de lecture estim\u00e9e\" \/>\n\t<meta name=\"twitter:data2\" content=\"1 minute\" \/>\n<script type=\"application\/ld+json\" class=\"yoast-schema-graph\">{\"@context\":\"https:\\\/\\\/schema.org\",\"@graph\":[{\"@type\":\"Article\",\"@id\":\"https:\\\/\\\/www.info-algerie.com\\\/actualites\\\/eddalia-recoit-lambassadeur-du-royaume-de-suede-en-algerie\\\/#article\",\"isPartOf\":{\"@id\":\"https:\\\/\\\/www.info-algerie.com\\\/actualites\\\/eddalia-recoit-lambassadeur-du-royaume-de-suede-en-algerie\\\/\"},\"author\":{\"name\":\"La r\u00e9daction\",\"@id\":\"https:\\\/\\\/www.info-algerie.com\\\/actualites\\\/#\\\/schema\\\/person\\\/847aaec44920825b843a08f30ec6aa1e\"},\"headline\":\"Eddalia re\u00e7oit l&#039;ambassadeur du Royaume de Su\u00e8de en Alg\u00e9rie\",\"datePublished\":\"2017-10-13T14:31:24+00:00\",\"mainEntityOfPage\":{\"@id\":\"https:\\\/\\\/www.info-algerie.com\\\/actualites\\\/eddalia-recoit-lambassadeur-du-royaume-de-suede-en-algerie\\\/\"},\"wordCount\":253,\"commentCount\":0,\"publisher\":{\"@id\":\"https:\\\/\\\/www.info-algerie.com\\\/actualites\\\/#organization\"},\"keywords\":[\"ONU\"],\"articleSection\":[\"infos\"],\"inLanguage\":\"fr-FR\",\"potentialAction\":[{\"@type\":\"CommentAction\",\"name\":\"Comment\",\"target\":[\"https:\\\/\\\/www.info-algerie.com\\\/actualites\\\/eddalia-recoit-lambassadeur-du-royaume-de-suede-en-algerie\\\/#respond\"]}]},{\"@type\":\"WebPage\",\"@id\":\"https:\\\/\\\/www.info-algerie.com\\\/actualites\\\/eddalia-recoit-lambassadeur-du-royaume-de-suede-en-algerie\\\/\",\"url\":\"https:\\\/\\\/www.info-algerie.com\\\/actualites\\\/eddalia-recoit-lambassadeur-du-royaume-de-suede-en-algerie\\\/\",\"name\":\"Eddalia re\u00e7oit l&#039;ambassadeur du Royaume de Su\u00e8de en Alg\u00e9rie - info algerie\",\"isPartOf\":{\"@id\":\"https:\\\/\\\/www.info-algerie.com\\\/actualites\\\/#website\"},\"datePublished\":\"2017-10-13T14:31:24+00:00\",\"breadcrumb\":{\"@id\":\"https:\\\/\\\/www.info-algerie.com\\\/actualites\\\/eddalia-recoit-lambassadeur-du-royaume-de-suede-en-algerie\\\/#breadcrumb\"},\"inLanguage\":\"fr-FR\",\"potentialAction\":[{\"@type\":\"ReadAction\",\"target\":[\"https:\\\/\\\/www.info-algerie.com\\\/actualites\\\/eddalia-recoit-lambassadeur-du-royaume-de-suede-en-algerie\\\/\"]}]},{\"@type\":\"BreadcrumbList\",\"@id\":\"https:\\\/\\\/www.info-algerie.com\\\/actualites\\\/eddalia-recoit-lambassadeur-du-royaume-de-suede-en-algerie\\\/#breadcrumb\",\"itemListElement\":[{\"@type\":\"ListItem\",\"position\":1,\"name\":\"Accueil\",\"item\":\"https:\\\/\\\/www.info-algerie.com\\\/actualites\\\/\"},{\"@type\":\"ListItem\",\"position\":2,\"name\":\"Eddalia re\u00e7oit l&#039;ambassadeur du Royaume de Su\u00e8de en Alg\u00e9rie\"}]},{\"@type\":\"WebSite\",\"@id\":\"https:\\\/\\\/www.info-algerie.com\\\/actualites\\\/#website\",\"url\":\"https:\\\/\\\/www.info-algerie.com\\\/actualites\\\/\",\"name\":\"info algerie\",\"description\":\"Toutes les actualit\u00e9s\",\"publisher\":{\"@id\":\"https:\\\/\\\/www.info-algerie.com\\\/actualites\\\/#organization\"},\"potentialAction\":[{\"@type\":\"SearchAction\",\"target\":{\"@type\":\"EntryPoint\",\"urlTemplate\":\"https:\\\/\\\/www.info-algerie.com\\\/actualites\\\/?s={search_term_string}\"},\"query-input\":{\"@type\":\"PropertyValueSpecification\",\"valueRequired\":true,\"valueName\":\"search_term_string\"}}],\"inLanguage\":\"fr-FR\"},{\"@type\":\"Organization\",\"@id\":\"https:\\\/\\\/www.info-algerie.com\\\/actualites\\\/#organization\",\"name\":\"info algerie\",\"url\":\"https:\\\/\\\/www.info-algerie.com\\\/actualites\\\/\",\"logo\":{\"@type\":\"ImageObject\",\"inLanguage\":\"fr-FR\",\"@id\":\"https:\\\/\\\/www.info-algerie.com\\\/actualites\\\/#\\\/schema\\\/logo\\\/image\\\/\",\"url\":\"https:\\\/\\\/www.info-algerie.com\\\/actualites\\\/wp-content\\\/uploads\\\/2022\\\/07\\\/logo-ia-120.png\",\"contentUrl\":\"https:\\\/\\\/www.info-algerie.com\\\/actualites\\\/wp-content\\\/uploads\\\/2022\\\/07\\\/logo-ia-120.png\",\"width\":120,\"height\":43,\"caption\":\"info algerie\"},\"image\":{\"@id\":\"https:\\\/\\\/www.info-algerie.com\\\/actualites\\\/#\\\/schema\\\/logo\\\/image\\\/\"},\"sameAs\":[\"https:\\\/\\\/www.facebook.com\\\/infoalgerieactu\",\"https:\\\/\\\/x.com\\\/infoalgerie1\"]},{\"@type\":\"Person\",\"@id\":\"https:\\\/\\\/www.info-algerie.com\\\/actualites\\\/#\\\/schema\\\/person\\\/847aaec44920825b843a08f30ec6aa1e\",\"name\":\"La r\u00e9daction\",\"image\":{\"@type\":\"ImageObject\",\"inLanguage\":\"fr-FR\",\"@id\":\"https:\\\/\\\/secure.gravatar.com\\\/avatar\\\/769db425c6f465158149f1ffd6cf61ce7a8a879d11dfbef8288af36dfddd418c?s=96&d=mm&r=g\",\"url\":\"https:\\\/\\\/secure.gravatar.com\\\/avatar\\\/769db425c6f465158149f1ffd6cf61ce7a8a879d11dfbef8288af36dfddd418c?s=96&d=mm&r=g\",\"contentUrl\":\"https:\\\/\\\/secure.gravatar.com\\\/avatar\\\/769db425c6f465158149f1ffd6cf61ce7a8a879d11dfbef8288af36dfddd418c?s=96&d=mm&r=g\",\"caption\":\"La r\u00e9daction\"},\"sameAs\":[\"http:\\\/\\\/www.lkeria.com\\\/\"],\"url\":\"https:\\\/\\\/www.info-algerie.com\\\/actualites\\\/author\\\/chakib32\\\/\"}]}<\/script>\n<!-- \/ Yoast SEO plugin. -->","yoast_head_json":{"title":"Eddalia re\u00e7oit l&#039;ambassadeur du Royaume de Su\u00e8de en Alg\u00e9rie - info algerie","robots":{"index":"index","follow":"follow","max-snippet":"max-snippet:-1","max-image-preview":"max-image-preview:large","max-video-preview":"max-video-preview:-1"},"canonical":"https:\/\/www.info-algerie.com\/actualites\/eddalia-recoit-lambassadeur-du-royaume-de-suede-en-algerie\/","og_locale":"fr_FR","og_type":"article","og_title":"Eddalia re\u00e7oit l&#039;ambassadeur du Royaume de Su\u00e8de en Alg\u00e9rie - info algerie","og_description":"ALGER &#8211; La ministre de la Solidarit\u00e9 nationale, de la Famille et de la Condition de la femme, Ghania Eddalia, a re\u00e7u\u00a0 l&rsquo;ambassadeur du Royaume de Su\u00e8de en Alg\u00e9rie, Mme Marie-Claire Sward Capper, indique jeudi un communiqu\u00e9 du minist\u00e8re. &#013; &#013; Lors de la rencontre, l&rsquo;ambassadeur a mis l&rsquo;accent sur la convergence des points de","og_url":"https:\/\/www.info-algerie.com\/actualites\/eddalia-recoit-lambassadeur-du-royaume-de-suede-en-algerie\/","og_site_name":"info algerie","article_publisher":"https:\/\/www.facebook.com\/infoalgerieactu","article_published_time":"2017-10-13T14:31:24+00:00","author":"La r\u00e9daction","twitter_misc":{"\u00c9crit par":"La r\u00e9daction","Dur\u00e9e de lecture estim\u00e9e":"1 minute"},"schema":{"@context":"https:\/\/schema.org","@graph":[{"@type":"Article","@id":"https:\/\/www.info-algerie.com\/actualites\/eddalia-recoit-lambassadeur-du-royaume-de-suede-en-algerie\/#article","isPartOf":{"@id":"https:\/\/www.info-algerie.com\/actualites\/eddalia-recoit-lambassadeur-du-royaume-de-suede-en-algerie\/"},"author":{"name":"La r\u00e9daction","@id":"https:\/\/www.info-algerie.com\/actualites\/#\/schema\/person\/847aaec44920825b843a08f30ec6aa1e"},"headline":"Eddalia re\u00e7oit l&#039;ambassadeur du Royaume de Su\u00e8de en Alg\u00e9rie","datePublished":"2017-10-13T14:31:24+00:00","mainEntityOfPage":{"@id":"https:\/\/www.info-algerie.com\/actualites\/eddalia-recoit-lambassadeur-du-royaume-de-suede-en-algerie\/"},"wordCount":253,"commentCount":0,"publisher":{"@id":"https:\/\/www.info-algerie.com\/actualites\/#organization"},"keywords":["ONU"],"articleSection":["infos"],"inLanguage":"fr-FR","potentialAction":[{"@type":"CommentAction","name":"Comment","target":["https:\/\/www.info-algerie.com\/actualites\/eddalia-recoit-lambassadeur-du-royaume-de-suede-en-algerie\/#respond"]}]},{"@type":"WebPage","@id":"https:\/\/www.info-algerie.com\/actualites\/eddalia-recoit-lambassadeur-du-royaume-de-suede-en-algerie\/","url":"https:\/\/www.info-algerie.com\/actualites\/eddalia-recoit-lambassadeur-du-royaume-de-suede-en-algerie\/","name":"Eddalia re\u00e7oit l&#039;ambassadeur du Royaume de Su\u00e8de en Alg\u00e9rie - info algerie","isPartOf":{"@id":"https:\/\/www.info-algerie.com\/actualites\/#website"},"datePublished":"2017-10-13T14:31:24+00:00","breadcrumb":{"@id":"https:\/\/www.info-algerie.com\/actualites\/eddalia-recoit-lambassadeur-du-royaume-de-suede-en-algerie\/#breadcrumb"},"inLanguage":"fr-FR","potentialAction":[{"@type":"ReadAction","target":["https:\/\/www.info-algerie.com\/actualites\/eddalia-recoit-lambassadeur-du-royaume-de-suede-en-algerie\/"]}]},{"@type":"BreadcrumbList","@id":"https:\/\/www.info-algerie.com\/actualites\/eddalia-recoit-lambassadeur-du-royaume-de-suede-en-algerie\/#breadcrumb","itemListElement":[{"@type":"ListItem","position":1,"name":"Accueil","item":"https:\/\/www.info-algerie.com\/actualites\/"},{"@type":"ListItem","position":2,"name":"Eddalia re\u00e7oit l&#039;ambassadeur du Royaume de Su\u00e8de en Alg\u00e9rie"}]},{"@type":"WebSite","@id":"https:\/\/www.info-algerie.com\/actualites\/#website","url":"https:\/\/www.info-algerie.com\/actualites\/","name":"info algerie","description":"Toutes les actualit\u00e9s","publisher":{"@id":"https:\/\/www.info-algerie.com\/actualites\/#organization"},"potentialAction":[{"@type":"SearchAction","target":{"@type":"EntryPoint","urlTemplate":"https:\/\/www.info-algerie.com\/actualites\/?s={search_term_string}"},"query-input":{"@type":"PropertyValueSpecification","valueRequired":true,"valueName":"search_term_string"}}],"inLanguage":"fr-FR"},{"@type":"Organization","@id":"https:\/\/www.info-algerie.com\/actualites\/#organization","name":"info algerie","url":"https:\/\/www.info-algerie.com\/actualites\/","logo":{"@type":"ImageObject","inLanguage":"fr-FR","@id":"https:\/\/www.info-algerie.com\/actualites\/#\/schema\/logo\/image\/","url":"https:\/\/www.info-algerie.com\/actualites\/wp-content\/uploads\/2022\/07\/logo-ia-120.png","contentUrl":"https:\/\/www.info-algerie.com\/actualites\/wp-content\/uploads\/2022\/07\/logo-ia-120.png","width":120,"height":43,"caption":"info algerie"},"image":{"@id":"https:\/\/www.info-algerie.com\/actualites\/#\/schema\/logo\/image\/"},"sameAs":["https:\/\/www.facebook.com\/infoalgerieactu","https:\/\/x.com\/infoalgerie1"]},{"@type":"Person","@id":"https:\/\/www.info-algerie.com\/actualites\/#\/schema\/person\/847aaec44920825b843a08f30ec6aa1e","name":"La r\u00e9daction","image":{"@type":"ImageObject","inLanguage":"fr-FR","@id":"https:\/\/secure.gravatar.com\/avatar\/769db425c6f465158149f1ffd6cf61ce7a8a879d11dfbef8288af36dfddd418c?s=96&d=mm&r=g","url":"https:\/\/secure.gravatar.com\/avatar\/769db425c6f465158149f1ffd6cf61ce7a8a879d11dfbef8288af36dfddd418c?s=96&d=mm&r=g","contentUrl":"https:\/\/secure.gravatar.com\/avatar\/769db425c6f465158149f1ffd6cf61ce7a8a879d11dfbef8288af36dfddd418c?s=96&d=mm&r=g","caption":"La r\u00e9daction"},"sameAs":["http:\/\/www.lkeria.com\/"],"url":"https:\/\/www.info-algerie.com\/actualites\/author\/chakib32\/"}]}},"_links":{"self":[{"href":"https:\/\/www.info-algerie.com\/actualites\/wp-json\/wp\/v2\/posts\/16856","targetHints":{"allow":["GET"]}}],"collection":[{"href":"https:\/\/www.info-algerie.com\/actualites\/wp-json\/wp\/v2\/posts"}],"about":[{"href":"https:\/\/www.info-algerie.com\/actualites\/wp-json\/wp\/v2\/types\/post"}],"author":[{"embeddable":true,"href":"https:\/\/www.info-algerie.com\/actualites\/wp-json\/wp\/v2\/users\/6"}],"replies":[{"embeddable":true,"href":"https:\/\/www.info-algerie.com\/actualites\/wp-json\/wp\/v2\/comments?post=16856"}],"version-history":[{"count":0,"href":"https:\/\/www.info-algerie.com\/actualites\/wp-json\/wp\/v2\/posts\/16856\/revisions"}],"wp:attachment":[{"href":"https:\/\/www.info-algerie.com\/actualites\/wp-json\/wp\/v2\/media?parent=16856"}],"wp:term":[{"taxonomy":"category","embeddable":true,"href":"https:\/\/www.info-algerie.com\/actualites\/wp-json\/wp\/v2\/categories?post=16856"},{"taxonomy":"post_tag","embeddable":true,"href":"https:\/\/www.info-algerie.com\/actualites\/wp-json\/wp\/v2\/tags?post=16856"}],"curies":[{"name":"wp","href":"https:\/\/api.w.org\/{rel}","templated":true}]}}