{"id":16862,"date":"2017-10-13T16:48:25","date_gmt":"2017-10-13T15:48:25","guid":{"rendered":"http:\/\/www.info-algerie.com\/actualites\/les-elections-locales-une-occasion-pour-faire-entendre-la-voix-du-ffs-hadj-djilani\/"},"modified":"2017-10-13T16:48:25","modified_gmt":"2017-10-13T15:48:25","slug":"les-elections-locales-une-occasion-pour-faire-entendre-la-voix-du-ffs-hadj-djilani","status":"publish","type":"post","link":"https:\/\/www.info-algerie.com\/actualites\/les-elections-locales-une-occasion-pour-faire-entendre-la-voix-du-ffs-hadj-djilani\/","title":{"rendered":"Les \u00e9lections locales, une occasion pour &quot;faire entendre la voix du FFS&quot; (Hadj Djilani)"},"content":{"rendered":"<div class=\"K2FeedIntroText\">\n<p>ALGER &#8211; Les \u00e9lections locales, pr\u00e9vues le 23 novembre 2017, doivent \u00eatre une occasion pour \u00ab\u00a0faire entendre la voix\u00a0\u00bb du Front des Forces socialistes (FFS), a indiqu\u00e9 vendredi \u00e0 Alger son Premier secr\u00e9taire national, Mohamed Hadj Djilani.<\/p>\n<p>&#013;\n<\/p><\/div>\n<div class=\"K2FeedFullText\">&#013;<\/p>\n<p>\u00ab\u00a0Faisons de la prochaine campagne \u00e9lectorale une \u00e9tape pour faire entendre la voix du FFS, celle de la libert\u00e9, de la justice et de la d\u00e9mocratie\u00a0\u00bb, a soulign\u00e9 M. Hadj Djilani dans une allocution \u00e0 l&rsquo;ouverture des travaux de l\u2019universit\u00e9 de parti.<\/p>\n<p>&#013;<\/p>\n<p>Avec 366 listes, le FFS consid\u00e8re que sa participation aux prochaines \u00e9lections locales \u00ab\u00a0ne s\u2019inscrit pas dans une logique de partage du pouvoir, mais de consolider les conqu\u00eates de la lutte politique et sociale et \u00e9largir le champ de la r\u00e9sistance dans notre pays\u00a0\u00bb.<\/p>\n<p>&#013;<\/p>\n<p>Un mandat \u00e9lectoral signifie, pour le premier responsable du FFS, \u00ab\u00a0un engagement \u00e0 porter pacifiquement la lutte politique au sein m\u00eame des communes et des wilayas, assurant que les candidats du parti \u00ab\u00a0poursuivront, avec les instruments que leur conf\u00e8rent la loi, le combat politique qu\u2019ils m\u00e8nent en tant que militants au sein de la soci\u00e9t\u00e9\u00a0\u00bb.<\/p>\n<p>&#013;<\/p>\n<p>La participation du FFS aux prochaines locales sera, en outre, plac\u00e9e sous le mot d\u2019ordre de \u00ab\u00a0la solidarit\u00e9 locale pour construire le consensus national\u00a0\u00bb, a pr\u00e9cis\u00e9 M. Hadj Djilani, soulignant que la notion de solidarit\u00e9 constitue \u00ab\u00a0un des socles id\u00e9ologiques sur lequel notre parti est b\u00e2ti et sur lequel nous aspirons construire notre soci\u00e9t\u00e9\u00a0\u00bb.<\/p>\n<p>&#013;<\/p>\n<p class=\"MsoNormal\">A signaler que les travaux de l\u2019universit\u00e9 de du FFS se poursuivront samedi par la tenue du Conseil national du parti qui sera sanctionn\u00e9 par l\u2019adoption d\u2019une r\u00e9solution politique\u00a0\u00bb.<\/p>\n<\/div>\n<p>&#013;<br \/>\nSource: <a href=\"http:\/\/www.aps.dz\/algerie\/63934-les-elections-locales-une-occasion-pour-faire-entendre-la-voix-du-ffs-hadj-djilani\" target=\"_blank\">Les \u00e9lections locales, une occasion pour \u00ab\u00a0faire entendre la voix du FFS\u00a0\u00bb (Hadj Djilani)<\/a><\/p>\n<!--CusAds0-->\n<div style=\"font-size: 0px; height: 0px; line-height: 0px; margin: 0; padding: 0; clear: both;\"><\/div>","protected":false},"excerpt":{"rendered":"<p>ALGER &#8211; Les \u00e9lections locales, pr\u00e9vues le 23 novembre 2017, doivent \u00eatre une occasion pour \u00ab\u00a0faire entendre la voix\u00a0\u00bb du Front des Forces socialistes (FFS), a indiqu\u00e9 vendredi \u00e0 Alger son Premier secr\u00e9taire national, Mohamed Hadj Djilani. &#013; &#013; \u00ab\u00a0Faisons de la prochaine campagne \u00e9lectorale une \u00e9tape pour faire entendre la voix du FFS, celle<\/p>\n","protected":false},"author":6,"featured_media":0,"comment_status":"open","ping_status":"open","sticky":false,"template":"","format":"standard","meta":{"footnotes":""},"categories":[22],"tags":[93],"class_list":["post-16862","post","type-post","status-publish","format-standard","hentry","category-infos","tag-onu"],"yoast_head":"<!-- This site is optimized with the Yoast SEO plugin v27.5 - https:\/\/yoast.com\/product\/yoast-seo-wordpress\/ -->\n<title>Les \u00e9lections locales, une occasion pour &quot;faire entendre la voix du FFS&quot; (Hadj Djilani) - info algerie<\/title>\n<meta name=\"robots\" content=\"index, follow, max-snippet:-1, max-image-preview:large, max-video-preview:-1\" \/>\n<link rel=\"canonical\" href=\"https:\/\/www.info-algerie.com\/actualites\/les-elections-locales-une-occasion-pour-faire-entendre-la-voix-du-ffs-hadj-djilani\/\" \/>\n<meta property=\"og:locale\" content=\"fr_FR\" \/>\n<meta property=\"og:type\" content=\"article\" \/>\n<meta property=\"og:title\" content=\"Les \u00e9lections locales, une occasion pour &quot;faire entendre la voix du FFS&quot; (Hadj Djilani) - info algerie\" \/>\n<meta property=\"og:description\" content=\"ALGER &#8211; Les \u00e9lections locales, pr\u00e9vues le 23 novembre 2017, doivent \u00eatre une occasion pour \u00ab\u00a0faire entendre la voix\u00a0\u00bb du Front des Forces socialistes (FFS), a indiqu\u00e9 vendredi \u00e0 Alger son Premier secr\u00e9taire national, Mohamed Hadj Djilani. &#013; &#013; \u00ab\u00a0Faisons de la prochaine campagne \u00e9lectorale une \u00e9tape pour faire entendre la voix du FFS, celle\" \/>\n<meta property=\"og:url\" content=\"https:\/\/www.info-algerie.com\/actualites\/les-elections-locales-une-occasion-pour-faire-entendre-la-voix-du-ffs-hadj-djilani\/\" \/>\n<meta property=\"og:site_name\" content=\"info algerie\" \/>\n<meta property=\"article:publisher\" content=\"https:\/\/www.facebook.com\/infoalgerieactu\" \/>\n<meta property=\"article:published_time\" content=\"2017-10-13T15:48:25+00:00\" \/>\n<meta name=\"author\" content=\"La r\u00e9daction\" \/>\n<meta name=\"twitter:label1\" content=\"\u00c9crit par\" \/>\n\t<meta name=\"twitter:data1\" content=\"La r\u00e9daction\" \/>\n\t<meta name=\"twitter:label2\" content=\"Dur\u00e9e de lecture estim\u00e9e\" \/>\n\t<meta name=\"twitter:data2\" content=\"1 minute\" \/>\n<script type=\"application\/ld+json\" class=\"yoast-schema-graph\">{\"@context\":\"https:\\\/\\\/schema.org\",\"@graph\":[{\"@type\":\"Article\",\"@id\":\"https:\\\/\\\/www.info-algerie.com\\\/actualites\\\/les-elections-locales-une-occasion-pour-faire-entendre-la-voix-du-ffs-hadj-djilani\\\/#article\",\"isPartOf\":{\"@id\":\"https:\\\/\\\/www.info-algerie.com\\\/actualites\\\/les-elections-locales-une-occasion-pour-faire-entendre-la-voix-du-ffs-hadj-djilani\\\/\"},\"author\":{\"name\":\"La r\u00e9daction\",\"@id\":\"https:\\\/\\\/www.info-algerie.com\\\/actualites\\\/#\\\/schema\\\/person\\\/847aaec44920825b843a08f30ec6aa1e\"},\"headline\":\"Les \u00e9lections locales, une occasion pour &quot;faire entendre la voix du FFS&quot; (Hadj Djilani)\",\"datePublished\":\"2017-10-13T15:48:25+00:00\",\"mainEntityOfPage\":{\"@id\":\"https:\\\/\\\/www.info-algerie.com\\\/actualites\\\/les-elections-locales-une-occasion-pour-faire-entendre-la-voix-du-ffs-hadj-djilani\\\/\"},\"wordCount\":310,\"commentCount\":0,\"publisher\":{\"@id\":\"https:\\\/\\\/www.info-algerie.com\\\/actualites\\\/#organization\"},\"keywords\":[\"ONU\"],\"articleSection\":[\"infos\"],\"inLanguage\":\"fr-FR\",\"potentialAction\":[{\"@type\":\"CommentAction\",\"name\":\"Comment\",\"target\":[\"https:\\\/\\\/www.info-algerie.com\\\/actualites\\\/les-elections-locales-une-occasion-pour-faire-entendre-la-voix-du-ffs-hadj-djilani\\\/#respond\"]}]},{\"@type\":\"WebPage\",\"@id\":\"https:\\\/\\\/www.info-algerie.com\\\/actualites\\\/les-elections-locales-une-occasion-pour-faire-entendre-la-voix-du-ffs-hadj-djilani\\\/\",\"url\":\"https:\\\/\\\/www.info-algerie.com\\\/actualites\\\/les-elections-locales-une-occasion-pour-faire-entendre-la-voix-du-ffs-hadj-djilani\\\/\",\"name\":\"Les \u00e9lections locales, une occasion pour &quot;faire entendre la voix du FFS&quot; (Hadj Djilani) - info algerie\",\"isPartOf\":{\"@id\":\"https:\\\/\\\/www.info-algerie.com\\\/actualites\\\/#website\"},\"datePublished\":\"2017-10-13T15:48:25+00:00\",\"breadcrumb\":{\"@id\":\"https:\\\/\\\/www.info-algerie.com\\\/actualites\\\/les-elections-locales-une-occasion-pour-faire-entendre-la-voix-du-ffs-hadj-djilani\\\/#breadcrumb\"},\"inLanguage\":\"fr-FR\",\"potentialAction\":[{\"@type\":\"ReadAction\",\"target\":[\"https:\\\/\\\/www.info-algerie.com\\\/actualites\\\/les-elections-locales-une-occasion-pour-faire-entendre-la-voix-du-ffs-hadj-djilani\\\/\"]}]},{\"@type\":\"BreadcrumbList\",\"@id\":\"https:\\\/\\\/www.info-algerie.com\\\/actualites\\\/les-elections-locales-une-occasion-pour-faire-entendre-la-voix-du-ffs-hadj-djilani\\\/#breadcrumb\",\"itemListElement\":[{\"@type\":\"ListItem\",\"position\":1,\"name\":\"Accueil\",\"item\":\"https:\\\/\\\/www.info-algerie.com\\\/actualites\\\/\"},{\"@type\":\"ListItem\",\"position\":2,\"name\":\"Les \u00e9lections locales, une occasion pour &quot;faire entendre la voix du FFS&quot; (Hadj Djilani)\"}]},{\"@type\":\"WebSite\",\"@id\":\"https:\\\/\\\/www.info-algerie.com\\\/actualites\\\/#website\",\"url\":\"https:\\\/\\\/www.info-algerie.com\\\/actualites\\\/\",\"name\":\"info algerie\",\"description\":\"Toutes les actualit\u00e9s\",\"publisher\":{\"@id\":\"https:\\\/\\\/www.info-algerie.com\\\/actualites\\\/#organization\"},\"potentialAction\":[{\"@type\":\"SearchAction\",\"target\":{\"@type\":\"EntryPoint\",\"urlTemplate\":\"https:\\\/\\\/www.info-algerie.com\\\/actualites\\\/?s={search_term_string}\"},\"query-input\":{\"@type\":\"PropertyValueSpecification\",\"valueRequired\":true,\"valueName\":\"search_term_string\"}}],\"inLanguage\":\"fr-FR\"},{\"@type\":\"Organization\",\"@id\":\"https:\\\/\\\/www.info-algerie.com\\\/actualites\\\/#organization\",\"name\":\"info algerie\",\"url\":\"https:\\\/\\\/www.info-algerie.com\\\/actualites\\\/\",\"logo\":{\"@type\":\"ImageObject\",\"inLanguage\":\"fr-FR\",\"@id\":\"https:\\\/\\\/www.info-algerie.com\\\/actualites\\\/#\\\/schema\\\/logo\\\/image\\\/\",\"url\":\"https:\\\/\\\/www.info-algerie.com\\\/actualites\\\/wp-content\\\/uploads\\\/2022\\\/07\\\/logo-ia-120.png\",\"contentUrl\":\"https:\\\/\\\/www.info-algerie.com\\\/actualites\\\/wp-content\\\/uploads\\\/2022\\\/07\\\/logo-ia-120.png\",\"width\":120,\"height\":43,\"caption\":\"info algerie\"},\"image\":{\"@id\":\"https:\\\/\\\/www.info-algerie.com\\\/actualites\\\/#\\\/schema\\\/logo\\\/image\\\/\"},\"sameAs\":[\"https:\\\/\\\/www.facebook.com\\\/infoalgerieactu\",\"https:\\\/\\\/x.com\\\/infoalgerie1\"]},{\"@type\":\"Person\",\"@id\":\"https:\\\/\\\/www.info-algerie.com\\\/actualites\\\/#\\\/schema\\\/person\\\/847aaec44920825b843a08f30ec6aa1e\",\"name\":\"La r\u00e9daction\",\"image\":{\"@type\":\"ImageObject\",\"inLanguage\":\"fr-FR\",\"@id\":\"https:\\\/\\\/secure.gravatar.com\\\/avatar\\\/769db425c6f465158149f1ffd6cf61ce7a8a879d11dfbef8288af36dfddd418c?s=96&d=mm&r=g\",\"url\":\"https:\\\/\\\/secure.gravatar.com\\\/avatar\\\/769db425c6f465158149f1ffd6cf61ce7a8a879d11dfbef8288af36dfddd418c?s=96&d=mm&r=g\",\"contentUrl\":\"https:\\\/\\\/secure.gravatar.com\\\/avatar\\\/769db425c6f465158149f1ffd6cf61ce7a8a879d11dfbef8288af36dfddd418c?s=96&d=mm&r=g\",\"caption\":\"La r\u00e9daction\"},\"sameAs\":[\"http:\\\/\\\/www.lkeria.com\\\/\"],\"url\":\"https:\\\/\\\/www.info-algerie.com\\\/actualites\\\/author\\\/chakib32\\\/\"}]}<\/script>\n<!-- \/ Yoast SEO plugin. -->","yoast_head_json":{"title":"Les \u00e9lections locales, une occasion pour &quot;faire entendre la voix du FFS&quot; (Hadj Djilani) - info algerie","robots":{"index":"index","follow":"follow","max-snippet":"max-snippet:-1","max-image-preview":"max-image-preview:large","max-video-preview":"max-video-preview:-1"},"canonical":"https:\/\/www.info-algerie.com\/actualites\/les-elections-locales-une-occasion-pour-faire-entendre-la-voix-du-ffs-hadj-djilani\/","og_locale":"fr_FR","og_type":"article","og_title":"Les \u00e9lections locales, une occasion pour &quot;faire entendre la voix du FFS&quot; (Hadj Djilani) - info algerie","og_description":"ALGER &#8211; Les \u00e9lections locales, pr\u00e9vues le 23 novembre 2017, doivent \u00eatre une occasion pour \u00ab\u00a0faire entendre la voix\u00a0\u00bb du Front des Forces socialistes (FFS), a indiqu\u00e9 vendredi \u00e0 Alger son Premier secr\u00e9taire national, Mohamed Hadj Djilani. &#013; &#013; \u00ab\u00a0Faisons de la prochaine campagne \u00e9lectorale une \u00e9tape pour faire entendre la voix du FFS, celle","og_url":"https:\/\/www.info-algerie.com\/actualites\/les-elections-locales-une-occasion-pour-faire-entendre-la-voix-du-ffs-hadj-djilani\/","og_site_name":"info algerie","article_publisher":"https:\/\/www.facebook.com\/infoalgerieactu","article_published_time":"2017-10-13T15:48:25+00:00","author":"La r\u00e9daction","twitter_misc":{"\u00c9crit par":"La r\u00e9daction","Dur\u00e9e de lecture estim\u00e9e":"1 minute"},"schema":{"@context":"https:\/\/schema.org","@graph":[{"@type":"Article","@id":"https:\/\/www.info-algerie.com\/actualites\/les-elections-locales-une-occasion-pour-faire-entendre-la-voix-du-ffs-hadj-djilani\/#article","isPartOf":{"@id":"https:\/\/www.info-algerie.com\/actualites\/les-elections-locales-une-occasion-pour-faire-entendre-la-voix-du-ffs-hadj-djilani\/"},"author":{"name":"La r\u00e9daction","@id":"https:\/\/www.info-algerie.com\/actualites\/#\/schema\/person\/847aaec44920825b843a08f30ec6aa1e"},"headline":"Les \u00e9lections locales, une occasion pour &quot;faire entendre la voix du FFS&quot; (Hadj Djilani)","datePublished":"2017-10-13T15:48:25+00:00","mainEntityOfPage":{"@id":"https:\/\/www.info-algerie.com\/actualites\/les-elections-locales-une-occasion-pour-faire-entendre-la-voix-du-ffs-hadj-djilani\/"},"wordCount":310,"commentCount":0,"publisher":{"@id":"https:\/\/www.info-algerie.com\/actualites\/#organization"},"keywords":["ONU"],"articleSection":["infos"],"inLanguage":"fr-FR","potentialAction":[{"@type":"CommentAction","name":"Comment","target":["https:\/\/www.info-algerie.com\/actualites\/les-elections-locales-une-occasion-pour-faire-entendre-la-voix-du-ffs-hadj-djilani\/#respond"]}]},{"@type":"WebPage","@id":"https:\/\/www.info-algerie.com\/actualites\/les-elections-locales-une-occasion-pour-faire-entendre-la-voix-du-ffs-hadj-djilani\/","url":"https:\/\/www.info-algerie.com\/actualites\/les-elections-locales-une-occasion-pour-faire-entendre-la-voix-du-ffs-hadj-djilani\/","name":"Les \u00e9lections locales, une occasion pour &quot;faire entendre la voix du FFS&quot; (Hadj Djilani) - info algerie","isPartOf":{"@id":"https:\/\/www.info-algerie.com\/actualites\/#website"},"datePublished":"2017-10-13T15:48:25+00:00","breadcrumb":{"@id":"https:\/\/www.info-algerie.com\/actualites\/les-elections-locales-une-occasion-pour-faire-entendre-la-voix-du-ffs-hadj-djilani\/#breadcrumb"},"inLanguage":"fr-FR","potentialAction":[{"@type":"ReadAction","target":["https:\/\/www.info-algerie.com\/actualites\/les-elections-locales-une-occasion-pour-faire-entendre-la-voix-du-ffs-hadj-djilani\/"]}]},{"@type":"BreadcrumbList","@id":"https:\/\/www.info-algerie.com\/actualites\/les-elections-locales-une-occasion-pour-faire-entendre-la-voix-du-ffs-hadj-djilani\/#breadcrumb","itemListElement":[{"@type":"ListItem","position":1,"name":"Accueil","item":"https:\/\/www.info-algerie.com\/actualites\/"},{"@type":"ListItem","position":2,"name":"Les \u00e9lections locales, une occasion pour &quot;faire entendre la voix du FFS&quot; (Hadj Djilani)"}]},{"@type":"WebSite","@id":"https:\/\/www.info-algerie.com\/actualites\/#website","url":"https:\/\/www.info-algerie.com\/actualites\/","name":"info algerie","description":"Toutes les actualit\u00e9s","publisher":{"@id":"https:\/\/www.info-algerie.com\/actualites\/#organization"},"potentialAction":[{"@type":"SearchAction","target":{"@type":"EntryPoint","urlTemplate":"https:\/\/www.info-algerie.com\/actualites\/?s={search_term_string}"},"query-input":{"@type":"PropertyValueSpecification","valueRequired":true,"valueName":"search_term_string"}}],"inLanguage":"fr-FR"},{"@type":"Organization","@id":"https:\/\/www.info-algerie.com\/actualites\/#organization","name":"info algerie","url":"https:\/\/www.info-algerie.com\/actualites\/","logo":{"@type":"ImageObject","inLanguage":"fr-FR","@id":"https:\/\/www.info-algerie.com\/actualites\/#\/schema\/logo\/image\/","url":"https:\/\/www.info-algerie.com\/actualites\/wp-content\/uploads\/2022\/07\/logo-ia-120.png","contentUrl":"https:\/\/www.info-algerie.com\/actualites\/wp-content\/uploads\/2022\/07\/logo-ia-120.png","width":120,"height":43,"caption":"info algerie"},"image":{"@id":"https:\/\/www.info-algerie.com\/actualites\/#\/schema\/logo\/image\/"},"sameAs":["https:\/\/www.facebook.com\/infoalgerieactu","https:\/\/x.com\/infoalgerie1"]},{"@type":"Person","@id":"https:\/\/www.info-algerie.com\/actualites\/#\/schema\/person\/847aaec44920825b843a08f30ec6aa1e","name":"La r\u00e9daction","image":{"@type":"ImageObject","inLanguage":"fr-FR","@id":"https:\/\/secure.gravatar.com\/avatar\/769db425c6f465158149f1ffd6cf61ce7a8a879d11dfbef8288af36dfddd418c?s=96&d=mm&r=g","url":"https:\/\/secure.gravatar.com\/avatar\/769db425c6f465158149f1ffd6cf61ce7a8a879d11dfbef8288af36dfddd418c?s=96&d=mm&r=g","contentUrl":"https:\/\/secure.gravatar.com\/avatar\/769db425c6f465158149f1ffd6cf61ce7a8a879d11dfbef8288af36dfddd418c?s=96&d=mm&r=g","caption":"La r\u00e9daction"},"sameAs":["http:\/\/www.lkeria.com\/"],"url":"https:\/\/www.info-algerie.com\/actualites\/author\/chakib32\/"}]}},"_links":{"self":[{"href":"https:\/\/www.info-algerie.com\/actualites\/wp-json\/wp\/v2\/posts\/16862","targetHints":{"allow":["GET"]}}],"collection":[{"href":"https:\/\/www.info-algerie.com\/actualites\/wp-json\/wp\/v2\/posts"}],"about":[{"href":"https:\/\/www.info-algerie.com\/actualites\/wp-json\/wp\/v2\/types\/post"}],"author":[{"embeddable":true,"href":"https:\/\/www.info-algerie.com\/actualites\/wp-json\/wp\/v2\/users\/6"}],"replies":[{"embeddable":true,"href":"https:\/\/www.info-algerie.com\/actualites\/wp-json\/wp\/v2\/comments?post=16862"}],"version-history":[{"count":0,"href":"https:\/\/www.info-algerie.com\/actualites\/wp-json\/wp\/v2\/posts\/16862\/revisions"}],"wp:attachment":[{"href":"https:\/\/www.info-algerie.com\/actualites\/wp-json\/wp\/v2\/media?parent=16862"}],"wp:term":[{"taxonomy":"category","embeddable":true,"href":"https:\/\/www.info-algerie.com\/actualites\/wp-json\/wp\/v2\/categories?post=16862"},{"taxonomy":"post_tag","embeddable":true,"href":"https:\/\/www.info-algerie.com\/actualites\/wp-json\/wp\/v2\/tags?post=16862"}],"curies":[{"name":"wp","href":"https:\/\/api.w.org\/{rel}","templated":true}]}}