{"id":16871,"date":"2017-10-14T08:38:54","date_gmt":"2017-10-14T07:38:54","guid":{"rendered":"http:\/\/www.info-algerie.com\/actualites\/messahel-prend-part-a-bamako-au-travaux-de-la-conference-regionale-sur-la-securite-au-mali-et-dans-le-sahel\/"},"modified":"2017-10-14T08:38:54","modified_gmt":"2017-10-14T07:38:54","slug":"messahel-prend-part-a-bamako-au-travaux-de-la-conference-regionale-sur-la-securite-au-mali-et-dans-le-sahel","status":"publish","type":"post","link":"https:\/\/www.info-algerie.com\/actualites\/messahel-prend-part-a-bamako-au-travaux-de-la-conference-regionale-sur-la-securite-au-mali-et-dans-le-sahel\/","title":{"rendered":"Messahel prend part \u00e0 Bamako au travaux de la Conf\u00e9rence r\u00e9gionale sur la s\u00e9curit\u00e9 au Mali et dans le Sahel"},"content":{"rendered":"<div class=\"K2FeedImage\"><img decoding=\"async\" src=\"https:\/\/www.info-algerie.com\/actualites\/wp-content\/uploads\/2017\/10\/8caba05e32bb8df5a16aa4f9dd58d86f_S.jpg\" alt=\"Messahel prend part &#xE0; Bamako au travaux de la Conf&#xE9;rence r&#xE9;gionale sur la s&#xE9;curit&#xE9; au Mali et dans le Sahel\" \/><\/div>\n<div class=\"K2FeedIntroText\">\n<p>ALGER &#8211; Le ministre des Affaires \u00e9trang\u00e8res, <a href=\"http:\/\/www.aps.dz\/algerie\/63905-m-messahel-arrive-a-n-djamena-dans-le-cadre-de-sa-tournee-dans-les-pays-du-sahel\"><strong>Abdelkader Messahel<\/strong><\/a>, prendra part aux travaux de la Conf\u00e9rence r\u00e9gionale sur la S\u00e9curit\u00e9 au Mali et dans le Sahel et ses r\u00e9percussions sur l&rsquo;Afrique de l&rsquo;Ouest, dont le segment minist\u00e9riel est pr\u00e9vu samedi, 14 octobre 2017,\u00a0 indique vendredi un communiqu\u00e9 du minist\u00e8re des Affaires \u00e9trang\u00e8res.<\/p>\n<p>&#013;\n<\/p><\/div>\n<div class=\"K2FeedFullText\">&#013;<\/p>\n<p>\u00ab\u00a0Organis\u00e9e sous le Haut parrainage du pr\u00e9sident malien Ibrahim Boubakar\u00a0Keita et en \u00e9troite collaboration avec l\u2019Union africaine et les Nations unies, cette Conf\u00e9rence devra regrouper plusieurs parties prenantes, notamment les pays de la r\u00e9gion, les membres permanents du Conseil de\u00a0s\u00e9curit\u00e9, ainsi que les repr\u00e9sentants d\u2019organisations r\u00e9gionales et internationales\u00a0\u00bb, pr\u00e9cise la m\u00eame source.<\/p>\n<p>&#013;<\/p>\n<p>Elle a pour objectif essentiel d\u2019\u00a0\u00bb\u00e9valuer la<a href=\"http:\/\/www.aps.dz\/algerie\/61101-situation-au-mali-l-application-de-l-accord-d-alger-tributaire-de-la-volonte-des-signataires-a-le-mettre-en-oeuvre-a-travers-le-dialogue-permanent\"><strong> situation s\u00e9curitaire au Mali e<\/strong><\/a>t dans la r\u00e9gion et d\u2019identifier des mesures qui peuvent \u00eatre prises au niveau de la Communaut\u00e9 \u00e9conomique des Etats de l\u2019Afrique de l\u2019Ouest (CEDEAO) pour relever les d\u00e9fis auxquels sont confront\u00e9s les pays de la r\u00e9gion\u00a0\u00bb, ajoute le communiqu\u00e9.<\/p>\n<p>&#013;<\/p>\n<p>\u00a0<\/p>\n<p>&#013;<\/p>\n<p><strong>Messahel arrive \u00e0 Bamako dans le cadre de sa tourn\u00e9e dans les pays du\u00a0 Sahel<\/strong><\/p>\n<p>&#013;<\/p>\n<p>\u00a0<\/p>\n<p>&#013;<\/p>\n<p>ALGER- Le ministre des Affaires \u00e9trang\u00e8res, Abdelkader Messahel, est arriv\u00e9 vendredi \u00e0 Bamako en provenance de N\u2019Djamena o\u00f9 il vient d\u2019achever sa visite, dans le cadre de sa tourn\u00e9e dans les capitales\u00a0 de quelques pays du Sahel, indique le minist\u00e8re des Affaires \u00e9trang\u00e8res dans un communiqu\u00e9.<\/p>\n<p>&#013;<\/p>\n<p>Il a \u00e9t\u00e9 accueilli \u00e0 son arriv\u00e9e par son homologue malien, Abdoulaye Diop.\u00a0M. Messahel \u00ab\u00a0est porteur d\u2019un message de monsieur le pr\u00e9sident de la\u00a0 R\u00e9publique, Abdelaziz Bouteflika, au Pr\u00e9sident malien, Ibrahim Boubakar Keita\u00a0\u00bb, ajoute la m\u00eame source.<\/p>\n<\/div>\n<p>&#013;<br \/>\nSource: <a href=\"http:\/\/www.aps.dz\/algerie\/63944-messahel-prend-part-a-bamako-au-travaux-de-la-conference-regionale-sur-la-securite-au-mali-et-dans-le-sahel\" target=\"_blank\">Messahel prend part \u00e0 Bamako au travaux de la Conf\u00e9rence r\u00e9gionale sur la s\u00e9curit\u00e9 au Mali et dans le Sahel<\/a><\/p>\n<!--CusAds0-->\n<div style=\"font-size: 0px; height: 0px; line-height: 0px; margin: 0; padding: 0; clear: both;\"><\/div>","protected":false},"excerpt":{"rendered":"<p>ALGER &#8211; Le ministre des Affaires \u00e9trang\u00e8res, Abdelkader Messahel, prendra part aux travaux de la Conf\u00e9rence r\u00e9gionale sur la S\u00e9curit\u00e9 au Mali et dans le Sahel et ses r\u00e9percussions sur l&rsquo;Afrique de l&rsquo;Ouest, dont le segment minist\u00e9riel est pr\u00e9vu samedi, 14 octobre 2017,\u00a0 indique vendredi un communiqu\u00e9 du minist\u00e8re des Affaires \u00e9trang\u00e8res. &#013; &#013; \u00ab\u00a0Organis\u00e9e<\/p>\n","protected":false},"author":6,"featured_media":16872,"comment_status":"open","ping_status":"open","sticky":false,"template":"","format":"standard","meta":{"footnotes":""},"categories":[22],"tags":[93],"class_list":["post-16871","post","type-post","status-publish","format-standard","has-post-thumbnail","hentry","category-infos","tag-onu"],"yoast_head":"<!-- This site is optimized with the Yoast SEO plugin v27.5 - https:\/\/yoast.com\/product\/yoast-seo-wordpress\/ -->\n<title>Messahel prend part \u00e0 Bamako au travaux de la Conf\u00e9rence r\u00e9gionale sur la s\u00e9curit\u00e9 au Mali et dans le Sahel - info algerie<\/title>\n<meta name=\"robots\" content=\"index, follow, max-snippet:-1, max-image-preview:large, max-video-preview:-1\" \/>\n<link rel=\"canonical\" href=\"https:\/\/www.info-algerie.com\/actualites\/messahel-prend-part-a-bamako-au-travaux-de-la-conference-regionale-sur-la-securite-au-mali-et-dans-le-sahel\/\" \/>\n<meta property=\"og:locale\" content=\"fr_FR\" \/>\n<meta property=\"og:type\" content=\"article\" \/>\n<meta property=\"og:title\" content=\"Messahel prend part \u00e0 Bamako au travaux de la Conf\u00e9rence r\u00e9gionale sur la s\u00e9curit\u00e9 au Mali et dans le Sahel - info algerie\" \/>\n<meta property=\"og:description\" content=\"ALGER &#8211; Le ministre des Affaires \u00e9trang\u00e8res, Abdelkader Messahel, prendra part aux travaux de la Conf\u00e9rence r\u00e9gionale sur la S\u00e9curit\u00e9 au Mali et dans le Sahel et ses r\u00e9percussions sur l&rsquo;Afrique de l&rsquo;Ouest, dont le segment minist\u00e9riel est pr\u00e9vu samedi, 14 octobre 2017,\u00a0 indique vendredi un communiqu\u00e9 du minist\u00e8re des Affaires \u00e9trang\u00e8res. &#013; &#013; \u00ab\u00a0Organis\u00e9e\" \/>\n<meta property=\"og:url\" content=\"https:\/\/www.info-algerie.com\/actualites\/messahel-prend-part-a-bamako-au-travaux-de-la-conference-regionale-sur-la-securite-au-mali-et-dans-le-sahel\/\" \/>\n<meta property=\"og:site_name\" content=\"info algerie\" \/>\n<meta property=\"article:publisher\" content=\"https:\/\/www.facebook.com\/infoalgerieactu\" \/>\n<meta property=\"article:published_time\" content=\"2017-10-14T07:38:54+00:00\" \/>\n<meta property=\"og:image\" content=\"https:\/\/www.info-algerie.com\/actualites\/wp-content\/uploads\/2017\/10\/8caba05e32bb8df5a16aa4f9dd58d86f_S-1.jpg\" \/>\n\t<meta property=\"og:image:width\" content=\"280\" \/>\n\t<meta property=\"og:image:height\" content=\"174\" \/>\n\t<meta property=\"og:image:type\" content=\"image\/jpeg\" \/>\n<meta name=\"author\" content=\"La r\u00e9daction\" \/>\n<meta name=\"twitter:label1\" content=\"\u00c9crit par\" \/>\n\t<meta name=\"twitter:data1\" content=\"La r\u00e9daction\" \/>\n\t<meta name=\"twitter:label2\" content=\"Dur\u00e9e de lecture estim\u00e9e\" \/>\n\t<meta name=\"twitter:data2\" content=\"2 minutes\" \/>\n<script type=\"application\/ld+json\" class=\"yoast-schema-graph\">{\"@context\":\"https:\\\/\\\/schema.org\",\"@graph\":[{\"@type\":\"Article\",\"@id\":\"https:\\\/\\\/www.info-algerie.com\\\/actualites\\\/messahel-prend-part-a-bamako-au-travaux-de-la-conference-regionale-sur-la-securite-au-mali-et-dans-le-sahel\\\/#article\",\"isPartOf\":{\"@id\":\"https:\\\/\\\/www.info-algerie.com\\\/actualites\\\/messahel-prend-part-a-bamako-au-travaux-de-la-conference-regionale-sur-la-securite-au-mali-et-dans-le-sahel\\\/\"},\"author\":{\"name\":\"La r\u00e9daction\",\"@id\":\"https:\\\/\\\/www.info-algerie.com\\\/actualites\\\/#\\\/schema\\\/person\\\/847aaec44920825b843a08f30ec6aa1e\"},\"headline\":\"Messahel prend part \u00e0 Bamako au travaux de la Conf\u00e9rence r\u00e9gionale sur la s\u00e9curit\u00e9 au Mali et dans le Sahel\",\"datePublished\":\"2017-10-14T07:38:54+00:00\",\"mainEntityOfPage\":{\"@id\":\"https:\\\/\\\/www.info-algerie.com\\\/actualites\\\/messahel-prend-part-a-bamako-au-travaux-de-la-conference-regionale-sur-la-securite-au-mali-et-dans-le-sahel\\\/\"},\"wordCount\":341,\"commentCount\":0,\"publisher\":{\"@id\":\"https:\\\/\\\/www.info-algerie.com\\\/actualites\\\/#organization\"},\"image\":{\"@id\":\"https:\\\/\\\/www.info-algerie.com\\\/actualites\\\/messahel-prend-part-a-bamako-au-travaux-de-la-conference-regionale-sur-la-securite-au-mali-et-dans-le-sahel\\\/#primaryimage\"},\"thumbnailUrl\":\"https:\\\/\\\/www.info-algerie.com\\\/actualites\\\/wp-content\\\/uploads\\\/2017\\\/10\\\/8caba05e32bb8df5a16aa4f9dd58d86f_S-1.jpg\",\"keywords\":[\"ONU\"],\"articleSection\":[\"infos\"],\"inLanguage\":\"fr-FR\",\"potentialAction\":[{\"@type\":\"CommentAction\",\"name\":\"Comment\",\"target\":[\"https:\\\/\\\/www.info-algerie.com\\\/actualites\\\/messahel-prend-part-a-bamako-au-travaux-de-la-conference-regionale-sur-la-securite-au-mali-et-dans-le-sahel\\\/#respond\"]}]},{\"@type\":\"WebPage\",\"@id\":\"https:\\\/\\\/www.info-algerie.com\\\/actualites\\\/messahel-prend-part-a-bamako-au-travaux-de-la-conference-regionale-sur-la-securite-au-mali-et-dans-le-sahel\\\/\",\"url\":\"https:\\\/\\\/www.info-algerie.com\\\/actualites\\\/messahel-prend-part-a-bamako-au-travaux-de-la-conference-regionale-sur-la-securite-au-mali-et-dans-le-sahel\\\/\",\"name\":\"Messahel prend part \u00e0 Bamako au travaux de la Conf\u00e9rence r\u00e9gionale sur la s\u00e9curit\u00e9 au Mali et dans le Sahel - info algerie\",\"isPartOf\":{\"@id\":\"https:\\\/\\\/www.info-algerie.com\\\/actualites\\\/#website\"},\"primaryImageOfPage\":{\"@id\":\"https:\\\/\\\/www.info-algerie.com\\\/actualites\\\/messahel-prend-part-a-bamako-au-travaux-de-la-conference-regionale-sur-la-securite-au-mali-et-dans-le-sahel\\\/#primaryimage\"},\"image\":{\"@id\":\"https:\\\/\\\/www.info-algerie.com\\\/actualites\\\/messahel-prend-part-a-bamako-au-travaux-de-la-conference-regionale-sur-la-securite-au-mali-et-dans-le-sahel\\\/#primaryimage\"},\"thumbnailUrl\":\"https:\\\/\\\/www.info-algerie.com\\\/actualites\\\/wp-content\\\/uploads\\\/2017\\\/10\\\/8caba05e32bb8df5a16aa4f9dd58d86f_S-1.jpg\",\"datePublished\":\"2017-10-14T07:38:54+00:00\",\"breadcrumb\":{\"@id\":\"https:\\\/\\\/www.info-algerie.com\\\/actualites\\\/messahel-prend-part-a-bamako-au-travaux-de-la-conference-regionale-sur-la-securite-au-mali-et-dans-le-sahel\\\/#breadcrumb\"},\"inLanguage\":\"fr-FR\",\"potentialAction\":[{\"@type\":\"ReadAction\",\"target\":[\"https:\\\/\\\/www.info-algerie.com\\\/actualites\\\/messahel-prend-part-a-bamako-au-travaux-de-la-conference-regionale-sur-la-securite-au-mali-et-dans-le-sahel\\\/\"]}]},{\"@type\":\"ImageObject\",\"inLanguage\":\"fr-FR\",\"@id\":\"https:\\\/\\\/www.info-algerie.com\\\/actualites\\\/messahel-prend-part-a-bamako-au-travaux-de-la-conference-regionale-sur-la-securite-au-mali-et-dans-le-sahel\\\/#primaryimage\",\"url\":\"https:\\\/\\\/www.info-algerie.com\\\/actualites\\\/wp-content\\\/uploads\\\/2017\\\/10\\\/8caba05e32bb8df5a16aa4f9dd58d86f_S-1.jpg\",\"contentUrl\":\"https:\\\/\\\/www.info-algerie.com\\\/actualites\\\/wp-content\\\/uploads\\\/2017\\\/10\\\/8caba05e32bb8df5a16aa4f9dd58d86f_S-1.jpg\",\"width\":280,\"height\":174},{\"@type\":\"BreadcrumbList\",\"@id\":\"https:\\\/\\\/www.info-algerie.com\\\/actualites\\\/messahel-prend-part-a-bamako-au-travaux-de-la-conference-regionale-sur-la-securite-au-mali-et-dans-le-sahel\\\/#breadcrumb\",\"itemListElement\":[{\"@type\":\"ListItem\",\"position\":1,\"name\":\"Accueil\",\"item\":\"https:\\\/\\\/www.info-algerie.com\\\/actualites\\\/\"},{\"@type\":\"ListItem\",\"position\":2,\"name\":\"Messahel prend part \u00e0 Bamako au travaux de la Conf\u00e9rence r\u00e9gionale sur la s\u00e9curit\u00e9 au Mali et dans le Sahel\"}]},{\"@type\":\"WebSite\",\"@id\":\"https:\\\/\\\/www.info-algerie.com\\\/actualites\\\/#website\",\"url\":\"https:\\\/\\\/www.info-algerie.com\\\/actualites\\\/\",\"name\":\"info algerie\",\"description\":\"Toutes les actualit\u00e9s\",\"publisher\":{\"@id\":\"https:\\\/\\\/www.info-algerie.com\\\/actualites\\\/#organization\"},\"potentialAction\":[{\"@type\":\"SearchAction\",\"target\":{\"@type\":\"EntryPoint\",\"urlTemplate\":\"https:\\\/\\\/www.info-algerie.com\\\/actualites\\\/?s={search_term_string}\"},\"query-input\":{\"@type\":\"PropertyValueSpecification\",\"valueRequired\":true,\"valueName\":\"search_term_string\"}}],\"inLanguage\":\"fr-FR\"},{\"@type\":\"Organization\",\"@id\":\"https:\\\/\\\/www.info-algerie.com\\\/actualites\\\/#organization\",\"name\":\"info algerie\",\"url\":\"https:\\\/\\\/www.info-algerie.com\\\/actualites\\\/\",\"logo\":{\"@type\":\"ImageObject\",\"inLanguage\":\"fr-FR\",\"@id\":\"https:\\\/\\\/www.info-algerie.com\\\/actualites\\\/#\\\/schema\\\/logo\\\/image\\\/\",\"url\":\"https:\\\/\\\/www.info-algerie.com\\\/actualites\\\/wp-content\\\/uploads\\\/2022\\\/07\\\/logo-ia-120.png\",\"contentUrl\":\"https:\\\/\\\/www.info-algerie.com\\\/actualites\\\/wp-content\\\/uploads\\\/2022\\\/07\\\/logo-ia-120.png\",\"width\":120,\"height\":43,\"caption\":\"info algerie\"},\"image\":{\"@id\":\"https:\\\/\\\/www.info-algerie.com\\\/actualites\\\/#\\\/schema\\\/logo\\\/image\\\/\"},\"sameAs\":[\"https:\\\/\\\/www.facebook.com\\\/infoalgerieactu\",\"https:\\\/\\\/x.com\\\/infoalgerie1\"]},{\"@type\":\"Person\",\"@id\":\"https:\\\/\\\/www.info-algerie.com\\\/actualites\\\/#\\\/schema\\\/person\\\/847aaec44920825b843a08f30ec6aa1e\",\"name\":\"La r\u00e9daction\",\"image\":{\"@type\":\"ImageObject\",\"inLanguage\":\"fr-FR\",\"@id\":\"https:\\\/\\\/secure.gravatar.com\\\/avatar\\\/769db425c6f465158149f1ffd6cf61ce7a8a879d11dfbef8288af36dfddd418c?s=96&d=mm&r=g\",\"url\":\"https:\\\/\\\/secure.gravatar.com\\\/avatar\\\/769db425c6f465158149f1ffd6cf61ce7a8a879d11dfbef8288af36dfddd418c?s=96&d=mm&r=g\",\"contentUrl\":\"https:\\\/\\\/secure.gravatar.com\\\/avatar\\\/769db425c6f465158149f1ffd6cf61ce7a8a879d11dfbef8288af36dfddd418c?s=96&d=mm&r=g\",\"caption\":\"La r\u00e9daction\"},\"sameAs\":[\"http:\\\/\\\/www.lkeria.com\\\/\"],\"url\":\"https:\\\/\\\/www.info-algerie.com\\\/actualites\\\/author\\\/chakib32\\\/\"}]}<\/script>\n<!-- \/ Yoast SEO plugin. -->","yoast_head_json":{"title":"Messahel prend part \u00e0 Bamako au travaux de la Conf\u00e9rence r\u00e9gionale sur la s\u00e9curit\u00e9 au Mali et dans le Sahel - info algerie","robots":{"index":"index","follow":"follow","max-snippet":"max-snippet:-1","max-image-preview":"max-image-preview:large","max-video-preview":"max-video-preview:-1"},"canonical":"https:\/\/www.info-algerie.com\/actualites\/messahel-prend-part-a-bamako-au-travaux-de-la-conference-regionale-sur-la-securite-au-mali-et-dans-le-sahel\/","og_locale":"fr_FR","og_type":"article","og_title":"Messahel prend part \u00e0 Bamako au travaux de la Conf\u00e9rence r\u00e9gionale sur la s\u00e9curit\u00e9 au Mali et dans le Sahel - info algerie","og_description":"ALGER &#8211; Le ministre des Affaires \u00e9trang\u00e8res, Abdelkader Messahel, prendra part aux travaux de la Conf\u00e9rence r\u00e9gionale sur la S\u00e9curit\u00e9 au Mali et dans le Sahel et ses r\u00e9percussions sur l&rsquo;Afrique de l&rsquo;Ouest, dont le segment minist\u00e9riel est pr\u00e9vu samedi, 14 octobre 2017,\u00a0 indique vendredi un communiqu\u00e9 du minist\u00e8re des Affaires \u00e9trang\u00e8res. &#013; &#013; \u00ab\u00a0Organis\u00e9e","og_url":"https:\/\/www.info-algerie.com\/actualites\/messahel-prend-part-a-bamako-au-travaux-de-la-conference-regionale-sur-la-securite-au-mali-et-dans-le-sahel\/","og_site_name":"info algerie","article_publisher":"https:\/\/www.facebook.com\/infoalgerieactu","article_published_time":"2017-10-14T07:38:54+00:00","og_image":[{"width":280,"height":174,"url":"https:\/\/www.info-algerie.com\/actualites\/wp-content\/uploads\/2017\/10\/8caba05e32bb8df5a16aa4f9dd58d86f_S-1.jpg","type":"image\/jpeg"}],"author":"La r\u00e9daction","twitter_misc":{"\u00c9crit par":"La r\u00e9daction","Dur\u00e9e de lecture estim\u00e9e":"2 minutes"},"schema":{"@context":"https:\/\/schema.org","@graph":[{"@type":"Article","@id":"https:\/\/www.info-algerie.com\/actualites\/messahel-prend-part-a-bamako-au-travaux-de-la-conference-regionale-sur-la-securite-au-mali-et-dans-le-sahel\/#article","isPartOf":{"@id":"https:\/\/www.info-algerie.com\/actualites\/messahel-prend-part-a-bamako-au-travaux-de-la-conference-regionale-sur-la-securite-au-mali-et-dans-le-sahel\/"},"author":{"name":"La r\u00e9daction","@id":"https:\/\/www.info-algerie.com\/actualites\/#\/schema\/person\/847aaec44920825b843a08f30ec6aa1e"},"headline":"Messahel prend part \u00e0 Bamako au travaux de la Conf\u00e9rence r\u00e9gionale sur la s\u00e9curit\u00e9 au Mali et dans le Sahel","datePublished":"2017-10-14T07:38:54+00:00","mainEntityOfPage":{"@id":"https:\/\/www.info-algerie.com\/actualites\/messahel-prend-part-a-bamako-au-travaux-de-la-conference-regionale-sur-la-securite-au-mali-et-dans-le-sahel\/"},"wordCount":341,"commentCount":0,"publisher":{"@id":"https:\/\/www.info-algerie.com\/actualites\/#organization"},"image":{"@id":"https:\/\/www.info-algerie.com\/actualites\/messahel-prend-part-a-bamako-au-travaux-de-la-conference-regionale-sur-la-securite-au-mali-et-dans-le-sahel\/#primaryimage"},"thumbnailUrl":"https:\/\/www.info-algerie.com\/actualites\/wp-content\/uploads\/2017\/10\/8caba05e32bb8df5a16aa4f9dd58d86f_S-1.jpg","keywords":["ONU"],"articleSection":["infos"],"inLanguage":"fr-FR","potentialAction":[{"@type":"CommentAction","name":"Comment","target":["https:\/\/www.info-algerie.com\/actualites\/messahel-prend-part-a-bamako-au-travaux-de-la-conference-regionale-sur-la-securite-au-mali-et-dans-le-sahel\/#respond"]}]},{"@type":"WebPage","@id":"https:\/\/www.info-algerie.com\/actualites\/messahel-prend-part-a-bamako-au-travaux-de-la-conference-regionale-sur-la-securite-au-mali-et-dans-le-sahel\/","url":"https:\/\/www.info-algerie.com\/actualites\/messahel-prend-part-a-bamako-au-travaux-de-la-conference-regionale-sur-la-securite-au-mali-et-dans-le-sahel\/","name":"Messahel prend part \u00e0 Bamako au travaux de la Conf\u00e9rence r\u00e9gionale sur la s\u00e9curit\u00e9 au Mali et dans le Sahel - info algerie","isPartOf":{"@id":"https:\/\/www.info-algerie.com\/actualites\/#website"},"primaryImageOfPage":{"@id":"https:\/\/www.info-algerie.com\/actualites\/messahel-prend-part-a-bamako-au-travaux-de-la-conference-regionale-sur-la-securite-au-mali-et-dans-le-sahel\/#primaryimage"},"image":{"@id":"https:\/\/www.info-algerie.com\/actualites\/messahel-prend-part-a-bamako-au-travaux-de-la-conference-regionale-sur-la-securite-au-mali-et-dans-le-sahel\/#primaryimage"},"thumbnailUrl":"https:\/\/www.info-algerie.com\/actualites\/wp-content\/uploads\/2017\/10\/8caba05e32bb8df5a16aa4f9dd58d86f_S-1.jpg","datePublished":"2017-10-14T07:38:54+00:00","breadcrumb":{"@id":"https:\/\/www.info-algerie.com\/actualites\/messahel-prend-part-a-bamako-au-travaux-de-la-conference-regionale-sur-la-securite-au-mali-et-dans-le-sahel\/#breadcrumb"},"inLanguage":"fr-FR","potentialAction":[{"@type":"ReadAction","target":["https:\/\/www.info-algerie.com\/actualites\/messahel-prend-part-a-bamako-au-travaux-de-la-conference-regionale-sur-la-securite-au-mali-et-dans-le-sahel\/"]}]},{"@type":"ImageObject","inLanguage":"fr-FR","@id":"https:\/\/www.info-algerie.com\/actualites\/messahel-prend-part-a-bamako-au-travaux-de-la-conference-regionale-sur-la-securite-au-mali-et-dans-le-sahel\/#primaryimage","url":"https:\/\/www.info-algerie.com\/actualites\/wp-content\/uploads\/2017\/10\/8caba05e32bb8df5a16aa4f9dd58d86f_S-1.jpg","contentUrl":"https:\/\/www.info-algerie.com\/actualites\/wp-content\/uploads\/2017\/10\/8caba05e32bb8df5a16aa4f9dd58d86f_S-1.jpg","width":280,"height":174},{"@type":"BreadcrumbList","@id":"https:\/\/www.info-algerie.com\/actualites\/messahel-prend-part-a-bamako-au-travaux-de-la-conference-regionale-sur-la-securite-au-mali-et-dans-le-sahel\/#breadcrumb","itemListElement":[{"@type":"ListItem","position":1,"name":"Accueil","item":"https:\/\/www.info-algerie.com\/actualites\/"},{"@type":"ListItem","position":2,"name":"Messahel prend part \u00e0 Bamako au travaux de la Conf\u00e9rence r\u00e9gionale sur la s\u00e9curit\u00e9 au Mali et dans le Sahel"}]},{"@type":"WebSite","@id":"https:\/\/www.info-algerie.com\/actualites\/#website","url":"https:\/\/www.info-algerie.com\/actualites\/","name":"info algerie","description":"Toutes les actualit\u00e9s","publisher":{"@id":"https:\/\/www.info-algerie.com\/actualites\/#organization"},"potentialAction":[{"@type":"SearchAction","target":{"@type":"EntryPoint","urlTemplate":"https:\/\/www.info-algerie.com\/actualites\/?s={search_term_string}"},"query-input":{"@type":"PropertyValueSpecification","valueRequired":true,"valueName":"search_term_string"}}],"inLanguage":"fr-FR"},{"@type":"Organization","@id":"https:\/\/www.info-algerie.com\/actualites\/#organization","name":"info algerie","url":"https:\/\/www.info-algerie.com\/actualites\/","logo":{"@type":"ImageObject","inLanguage":"fr-FR","@id":"https:\/\/www.info-algerie.com\/actualites\/#\/schema\/logo\/image\/","url":"https:\/\/www.info-algerie.com\/actualites\/wp-content\/uploads\/2022\/07\/logo-ia-120.png","contentUrl":"https:\/\/www.info-algerie.com\/actualites\/wp-content\/uploads\/2022\/07\/logo-ia-120.png","width":120,"height":43,"caption":"info algerie"},"image":{"@id":"https:\/\/www.info-algerie.com\/actualites\/#\/schema\/logo\/image\/"},"sameAs":["https:\/\/www.facebook.com\/infoalgerieactu","https:\/\/x.com\/infoalgerie1"]},{"@type":"Person","@id":"https:\/\/www.info-algerie.com\/actualites\/#\/schema\/person\/847aaec44920825b843a08f30ec6aa1e","name":"La r\u00e9daction","image":{"@type":"ImageObject","inLanguage":"fr-FR","@id":"https:\/\/secure.gravatar.com\/avatar\/769db425c6f465158149f1ffd6cf61ce7a8a879d11dfbef8288af36dfddd418c?s=96&d=mm&r=g","url":"https:\/\/secure.gravatar.com\/avatar\/769db425c6f465158149f1ffd6cf61ce7a8a879d11dfbef8288af36dfddd418c?s=96&d=mm&r=g","contentUrl":"https:\/\/secure.gravatar.com\/avatar\/769db425c6f465158149f1ffd6cf61ce7a8a879d11dfbef8288af36dfddd418c?s=96&d=mm&r=g","caption":"La r\u00e9daction"},"sameAs":["http:\/\/www.lkeria.com\/"],"url":"https:\/\/www.info-algerie.com\/actualites\/author\/chakib32\/"}]}},"_links":{"self":[{"href":"https:\/\/www.info-algerie.com\/actualites\/wp-json\/wp\/v2\/posts\/16871","targetHints":{"allow":["GET"]}}],"collection":[{"href":"https:\/\/www.info-algerie.com\/actualites\/wp-json\/wp\/v2\/posts"}],"about":[{"href":"https:\/\/www.info-algerie.com\/actualites\/wp-json\/wp\/v2\/types\/post"}],"author":[{"embeddable":true,"href":"https:\/\/www.info-algerie.com\/actualites\/wp-json\/wp\/v2\/users\/6"}],"replies":[{"embeddable":true,"href":"https:\/\/www.info-algerie.com\/actualites\/wp-json\/wp\/v2\/comments?post=16871"}],"version-history":[{"count":0,"href":"https:\/\/www.info-algerie.com\/actualites\/wp-json\/wp\/v2\/posts\/16871\/revisions"}],"wp:featuredmedia":[{"embeddable":true,"href":"https:\/\/www.info-algerie.com\/actualites\/wp-json\/wp\/v2\/media\/16872"}],"wp:attachment":[{"href":"https:\/\/www.info-algerie.com\/actualites\/wp-json\/wp\/v2\/media?parent=16871"}],"wp:term":[{"taxonomy":"category","embeddable":true,"href":"https:\/\/www.info-algerie.com\/actualites\/wp-json\/wp\/v2\/categories?post=16871"},{"taxonomy":"post_tag","embeddable":true,"href":"https:\/\/www.info-algerie.com\/actualites\/wp-json\/wp\/v2\/tags?post=16871"}],"curies":[{"name":"wp","href":"https:\/\/api.w.org\/{rel}","templated":true}]}}